{"id":314696,"date":"2026-09-02T21:08:37","date_gmt":"2026-09-02T19:08:37","guid":{"rendered":"https:\/\/tuzlainfo.ba\/?p=314696"},"modified":"2026-09-02T21:08:37","modified_gmt":"2026-09-02T19:08:37","slug":"sljivic-mahovkic-i-becirovic-predstavljali-univerzitet-u-tuzli-na-bled-strategic-forumu","status":"publish","type":"post","link":"https:\/\/tuzlainfo.ba\/index.php\/novosti\/item\/314696-sljivic-mahovkic-i-becirovic-predstavljali-univerzitet-u-tuzli-na-bled-strategic-forumu\/","title":{"rendered":"\u0160ljivi\u0107 Mahovki\u0107 i Be\u0107irovi\u0107 predstavljali Univerzitet u Tuzli na Bled Strategic Forumu"},"content":{"rendered":"<p class=\"PDq2pG_selectionAnchorContainer\" data-start=\"112\" data-end=\"346\">Maida \u0160ljivi\u0107 Mahovki\u0107, asistentica na Filozofskom fakultetu Univerziteta u Tuzli, i Denis Be\u0107irovi\u0107, vi\u0161i asistent na Ma\u0161inskom fakultetu, u\u010destvovali su na 21. Bled Strategic Forumu i prvom izdanju programa ENTER CHANGE u Sloveniji.<\/p>\n<p data-start=\"348\" data-end=\"650\">Program ENTER CHANGE odr\u017ean je od 27. augusta do 1. septembra 2026. godine u Kranjskoj Gori, Ljubljani i Bledu, a okupio je mlade lidere iz razli\u010ditih oblasti s ciljem razvoja liderskih kapaciteta, razmjene znanja i iskustava te njihovog osna\u017eivanja za aktivno kreiranje pozitivnih dru\u0161tvenih promjena.<\/p>\n<p data-start=\"652\" data-end=\"959\">Tokom \u0161estodnevnog programa, koji je obuhvatio 12 razli\u010ditih aktivnosti, \u0160ljivi\u0107 Mahovki\u0107 i Be\u0107irovi\u0107 imali su priliku unaprijediti profesionalne i liderske vje\u0161tine, razmijeniti iskustva s u\u010desnicima iz razli\u010ditih zemalja te razgovarati o izazovima i mogu\u0107nostima za kreiranje odr\u017eivih dru\u0161tvenih promjena.<\/p>\n<p data-start=\"961\" data-end=\"1143\">Poseban dio njihovog boravka u Sloveniji bilo je u\u010de\u0161\u0107e na Bled Strategic Forumu, me\u0111unarodnoj platformi posve\u0107enoj dijalogu o aktuelnim politi\u010dkim, dru\u0161tvenim i globalnim pitanjima.<\/p>\n<p data-start=\"1145\" data-end=\"1508\">Predstavnici Univerziteta u Tuzli tom prilikom susreli su se i razgovarali s brojnim me\u0111unarodnim zvani\u010dnicima i javnim li\u010dnostima, me\u0111u kojima su evropska komesarka za pro\u0161irenje Marta Kos, predsjednica Slovenije Nata\u0161a Pirc Musar, biv\u0161i visoki predstavnik u Bosni i Hercegovini Wolfgang Petritsch te biv\u0161i \u0161ef diplomatske misije BiH pri Vije\u0107u Evrope Igor Gaon.<\/p>\n<p data-start=\"1510\" data-end=\"1603\">Be\u0107irovi\u0107 je istakao da su tokom boravka zagovarali evropsku perspektivu Bosne i Hercegovine.<\/p>\n<p data-start=\"1605\" data-end=\"1983\">\u201eZagovarali smo da je Bosna i Hercegovina integralna dr\u017eava sa svojim teritorijalnim suverenitetom i integritetom i da su Bosanci i Hercegovci evropski narodi koji pripadaju Evropskoj uniji, da je to njihova ku\u0107a i da nas Brisel treba posmatrati tako. Usljed agresivne trgovinske i ekonomske politike SAD-a i progresivne kineske mo\u017eda je BiH rje\u0161enje za EU\u201c, kazao je Be\u0107irovi\u0107.<\/p>\n<p data-start=\"1985\" data-end=\"2166\">\u0160ljivi\u0107 Mahovki\u0107 posebno je ukazala na zna\u010daj ulaganja u nove generacije i mlade lidere koji bi u budu\u0107nosti trebali imati va\u017enu ulogu u evropskim integracijama Bosne i Hercegovine.<\/p>\n<p data-start=\"2168\" data-end=\"2426\">\u201eOno \u0161to je bitno jeste da nastavimo ja\u010dati kapacitete mladih ljudi, mladih lidera i da radimo na obrazovanju novih generacija, jer su oni potencijal za na\u0161 ulazak u EU, jer najbitniji resurs jesu ljudi koji \u0107e voditi te procese\u201c, kazala je \u0160ljivi\u0107 Mahovki\u0107.<\/p>\n<p data-start=\"2428\" data-end=\"2740\">Iz Univerziteta u Tuzli isti\u010du da u\u010de\u0161\u0107e njihovih mladih akademskih kadrova na ovakvim me\u0111unarodnim platformama predstavlja doprinos njihovom profesionalnom razvoju, ali i potvrdu opredijeljenosti Univerziteta ka kontinuiranom usavr\u0161avanju kadrova i povezivanju s me\u0111unarodnom akademskom i dru\u0161tvenom zajednicom.<\/p>\n","protected":false},"excerpt":{"rendered":"<p>Maida \u0160ljivi\u0107 Mahovki\u0107, asistentica na Filozofskom fakultetu Univerziteta u Tuzli, i Denis Be\u0107irovi\u0107, vi\u0161i asistent na Ma\u0161inskom fakultetu, u\u010destvovali su na 21. Bled Strategic Forumu i prvom izdanju programa ENTER CHANGE u Sloveniji. Program ENTER CHANGE odr\u017ean je od 27. augusta do 1. septembra 2026. godine u Kranjskoj Gori, Ljubljani i Bledu, a okupio je [&hellip;]<\/p>\n","protected":false},"author":2,"featured_media":314697,"comment_status":"closed","ping_status":"closed","sticky":false,"template":"","format":"standard","meta":{"footnotes":""},"categories":[304,12],"tags":[1303],"class_list":["post-314696","post","type-post","status-publish","format-standard","has-post-thumbnail","hentry","category-istaknuto","category-novosti","tag-univerzitet-u-tuzli"],"yoast_head":"<!-- This site is optimized with the Yoast SEO plugin v28.4 - https:\/\/yoast.com\/product\/yoast-seo-wordpress\/ -->\n<title>\u0160ljivi\u0107 Mahovki\u0107 i Be\u0107irovi\u0107 predstavljali Univerzitet u Tuzli na Bled Strategic Forumu<\/title>\n<meta name=\"robots\" content=\"index, follow, max-snippet:-1, max-image-preview:large, max-video-preview:-1\" \/>\n<link rel=\"canonical\" href=\"https:\/\/tuzlainfo.ba\/index.php\/novosti\/item\/314696-sljivic-mahovkic-i-becirovic-predstavljali-univerzitet-u-tuzli-na-bled-strategic-forumu\/\" \/>\n<meta property=\"og:locale\" content=\"bs_BA\" \/>\n<meta property=\"og:type\" content=\"article\" \/>\n<meta property=\"og:title\" content=\"\u0160ljivi\u0107 Mahovki\u0107 i Be\u0107irovi\u0107 predstavljali Univerzitet u Tuzli na Bled Strategic Forumu\" \/>\n<meta property=\"og:description\" content=\"Maida \u0160ljivi\u0107 Mahovki\u0107, asistentica na Filozofskom fakultetu Univerziteta u Tuzli, i Denis Be\u0107irovi\u0107, vi\u0161i asistent na Ma\u0161inskom fakultetu, u\u010destvovali su na 21. Bled Strategic Forumu i prvom izdanju programa ENTER CHANGE u Sloveniji. Program ENTER CHANGE odr\u017ean je od 27. augusta do 1. septembra 2026. godine u Kranjskoj Gori, Ljubljani i Bledu, a okupio je [&hellip;]\" \/>\n<meta property=\"og:url\" content=\"https:\/\/tuzlainfo.ba\/index.php\/novosti\/item\/314696-sljivic-mahovkic-i-becirovic-predstavljali-univerzitet-u-tuzli-na-bled-strategic-forumu\/\" \/>\n<meta property=\"og:site_name\" content=\"TuzlaInfo.ba\" \/>\n<meta property=\"article:publisher\" content=\"https:\/\/www.facebook.com\/tuzlainfo.ba\/\" \/>\n<meta property=\"article:published_time\" content=\"2026-09-02T19:08:37+00:00\" \/>\n<meta property=\"og:image\" content=\"https:\/\/tuzlainfo.ba\/wp-content\/uploads\/2026\/09\/0206_sljivic_becirovic.jpg\" \/>\n\t<meta property=\"og:image:width\" content=\"1000\" \/>\n\t<meta property=\"og:image:height\" content=\"649\" \/>\n\t<meta property=\"og:image:type\" content=\"image\/jpeg\" \/>\n<meta name=\"author\" content=\"nedim\" \/>\n<meta name=\"twitter:card\" content=\"summary_large_image\" \/>\n<meta name=\"twitter:label1\" content=\"Written by\" \/>\n\t<meta name=\"twitter:data1\" content=\"nedim\" \/>\n\t<meta name=\"twitter:label2\" content=\"Est. reading time\" \/>\n\t<meta name=\"twitter:data2\" content=\"3 minute\" \/>\n<script type=\"application\/ld+json\" class=\"yoast-schema-graph\">{\"@context\":\"https:\\\/\\\/schema.org\",\"@graph\":[{\"@type\":\"Article\",\"@id\":\"https:\\\/\\\/tuzlainfo.ba\\\/index.php\\\/novosti\\\/item\\\/314696-sljivic-mahovkic-i-becirovic-predstavljali-univerzitet-u-tuzli-na-bled-strategic-forumu\\\/#article\",\"isPartOf\":{\"@id\":\"https:\\\/\\\/tuzlainfo.ba\\\/index.php\\\/novosti\\\/item\\\/314696-sljivic-mahovkic-i-becirovic-predstavljali-univerzitet-u-tuzli-na-bled-strategic-forumu\\\/\"},\"author\":{\"name\":\"nedim\",\"@id\":\"https:\\\/\\\/tuzlainfo.ba\\\/#\\\/schema\\\/person\\\/f434e20dc27ea133923aab08451b7f7f\"},\"headline\":\"\u0160ljivi\u0107 Mahovki\u0107 i Be\u0107irovi\u0107 predstavljali Univerzitet u Tuzli na Bled Strategic Forumu\",\"datePublished\":\"2026-09-02T19:08:37+00:00\",\"mainEntityOfPage\":{\"@id\":\"https:\\\/\\\/tuzlainfo.ba\\\/index.php\\\/novosti\\\/item\\\/314696-sljivic-mahovkic-i-becirovic-predstavljali-univerzitet-u-tuzli-na-bled-strategic-forumu\\\/\"},\"wordCount\":428,\"publisher\":{\"@id\":\"https:\\\/\\\/tuzlainfo.ba\\\/#organization\"},\"image\":{\"@id\":\"https:\\\/\\\/tuzlainfo.ba\\\/index.php\\\/novosti\\\/item\\\/314696-sljivic-mahovkic-i-becirovic-predstavljali-univerzitet-u-tuzli-na-bled-strategic-forumu\\\/#primaryimage\"},\"thumbnailUrl\":\"https:\\\/\\\/tuzlainfo.ba\\\/wp-content\\\/uploads\\\/2026\\\/09\\\/0206_sljivic_becirovic.jpg\",\"keywords\":[\"univerzitet u tuzli\"],\"articleSection\":[\"Istaknuto\",\"Novosti\"],\"inLanguage\":\"bs-BA\",\"copyrightYear\":\"2026\",\"copyrightHolder\":{\"@id\":\"https:\\\/\\\/tuzlainfo.ba\\\/#organization\"}},{\"@type\":\"WebPage\",\"@id\":\"https:\\\/\\\/tuzlainfo.ba\\\/index.php\\\/novosti\\\/item\\\/314696-sljivic-mahovkic-i-becirovic-predstavljali-univerzitet-u-tuzli-na-bled-strategic-forumu\\\/\",\"url\":\"https:\\\/\\\/tuzlainfo.ba\\\/index.php\\\/novosti\\\/item\\\/314696-sljivic-mahovkic-i-becirovic-predstavljali-univerzitet-u-tuzli-na-bled-strategic-forumu\\\/\",\"name\":\"\u0160ljivi\u0107 Mahovki\u0107 i Be\u0107irovi\u0107 predstavljali Univerzitet u Tuzli na Bled Strategic Forumu\",\"isPartOf\":{\"@id\":\"https:\\\/\\\/tuzlainfo.ba\\\/#website\"},\"primaryImageOfPage\":{\"@id\":\"https:\\\/\\\/tuzlainfo.ba\\\/index.php\\\/novosti\\\/item\\\/314696-sljivic-mahovkic-i-becirovic-predstavljali-univerzitet-u-tuzli-na-bled-strategic-forumu\\\/#primaryimage\"},\"image\":{\"@id\":\"https:\\\/\\\/tuzlainfo.ba\\\/index.php\\\/novosti\\\/item\\\/314696-sljivic-mahovkic-i-becirovic-predstavljali-univerzitet-u-tuzli-na-bled-strategic-forumu\\\/#primaryimage\"},\"thumbnailUrl\":\"https:\\\/\\\/tuzlainfo.ba\\\/wp-content\\\/uploads\\\/2026\\\/09\\\/0206_sljivic_becirovic.jpg\",\"datePublished\":\"2026-09-02T19:08:37+00:00\",\"breadcrumb\":{\"@id\":\"https:\\\/\\\/tuzlainfo.ba\\\/index.php\\\/novosti\\\/item\\\/314696-sljivic-mahovkic-i-becirovic-predstavljali-univerzitet-u-tuzli-na-bled-strategic-forumu\\\/#breadcrumb\"},\"inLanguage\":\"bs-BA\",\"potentialAction\":[{\"@type\":\"ReadAction\",\"target\":[\"https:\\\/\\\/tuzlainfo.ba\\\/index.php\\\/novosti\\\/item\\\/314696-sljivic-mahovkic-i-becirovic-predstavljali-univerzitet-u-tuzli-na-bled-strategic-forumu\\\/\"]}]},{\"@type\":\"ImageObject\",\"inLanguage\":\"bs-BA\",\"@id\":\"https:\\\/\\\/tuzlainfo.ba\\\/index.php\\\/novosti\\\/item\\\/314696-sljivic-mahovkic-i-becirovic-predstavljali-univerzitet-u-tuzli-na-bled-strategic-forumu\\\/#primaryimage\",\"url\":\"https:\\\/\\\/tuzlainfo.ba\\\/wp-content\\\/uploads\\\/2026\\\/09\\\/0206_sljivic_becirovic.jpg\",\"contentUrl\":\"https:\\\/\\\/tuzlainfo.ba\\\/wp-content\\\/uploads\\\/2026\\\/09\\\/0206_sljivic_becirovic.jpg\",\"width\":1000,\"height\":649},{\"@type\":\"BreadcrumbList\",\"@id\":\"https:\\\/\\\/tuzlainfo.ba\\\/index.php\\\/novosti\\\/item\\\/314696-sljivic-mahovkic-i-becirovic-predstavljali-univerzitet-u-tuzli-na-bled-strategic-forumu\\\/#breadcrumb\",\"itemListElement\":[{\"@type\":\"ListItem\",\"position\":1,\"name\":\"Home\",\"item\":\"https:\\\/\\\/tuzlainfo.ba\\\/\"},{\"@type\":\"ListItem\",\"position\":2,\"name\":\"\u0160ljivi\u0107 Mahovki\u0107 i Be\u0107irovi\u0107 predstavljali Univerzitet u Tuzli na Bled Strategic Forumu\"}]},{\"@type\":\"WebSite\",\"@id\":\"https:\\\/\\\/tuzlainfo.ba\\\/#website\",\"url\":\"https:\\\/\\\/tuzlainfo.ba\\\/\",\"name\":\"TuzlaInfo.ba\",\"description\":\"Tuzla info, gradski informator - Tuzla na dlanu\",\"publisher\":{\"@id\":\"https:\\\/\\\/tuzlainfo.ba\\\/#organization\"},\"potentialAction\":[{\"@type\":\"SearchAction\",\"target\":{\"@type\":\"EntryPoint\",\"urlTemplate\":\"https:\\\/\\\/tuzlainfo.ba\\\/?s={search_term_string}\"},\"query-input\":{\"@type\":\"PropertyValueSpecification\",\"valueRequired\":true,\"valueName\":\"search_term_string\"}}],\"inLanguage\":\"bs-BA\"},{\"@type\":\"Organization\",\"@id\":\"https:\\\/\\\/tuzlainfo.ba\\\/#organization\",\"name\":\"TuzlaInfo.ba\",\"url\":\"https:\\\/\\\/tuzlainfo.ba\\\/\",\"logo\":{\"@type\":\"ImageObject\",\"inLanguage\":\"bs-BA\",\"@id\":\"https:\\\/\\\/tuzlainfo.ba\\\/#\\\/schema\\\/logo\\\/image\\\/\",\"url\":\"https:\\\/\\\/tuzlainfo.ba\\\/wp-content\\\/uploads\\\/2021\\\/03\\\/logo-ver-3-1.png\",\"contentUrl\":\"https:\\\/\\\/tuzlainfo.ba\\\/wp-content\\\/uploads\\\/2021\\\/03\\\/logo-ver-3-1.png\",\"width\":350,\"height\":95,\"caption\":\"TuzlaInfo.ba\"},\"image\":{\"@id\":\"https:\\\/\\\/tuzlainfo.ba\\\/#\\\/schema\\\/logo\\\/image\\\/\"},\"sameAs\":[\"https:\\\/\\\/www.facebook.com\\\/tuzlainfo.ba\\\/\"]},{\"@type\":\"Person\",\"@id\":\"https:\\\/\\\/tuzlainfo.ba\\\/#\\\/schema\\\/person\\\/f434e20dc27ea133923aab08451b7f7f\",\"name\":\"nedim\",\"image\":{\"@type\":\"ImageObject\",\"inLanguage\":\"bs-BA\",\"@id\":\"https:\\\/\\\/secure.gravatar.com\\\/avatar\\\/5b928a2e7e70a54208d2eb6c1edcb75a5350d6ae97d5f0a701203d456823f6f3?s=96&d=mm&r=g\",\"url\":\"https:\\\/\\\/secure.gravatar.com\\\/avatar\\\/5b928a2e7e70a54208d2eb6c1edcb75a5350d6ae97d5f0a701203d456823f6f3?s=96&d=mm&r=g\",\"contentUrl\":\"https:\\\/\\\/secure.gravatar.com\\\/avatar\\\/5b928a2e7e70a54208d2eb6c1edcb75a5350d6ae97d5f0a701203d456823f6f3?s=96&d=mm&r=g\",\"caption\":\"nedim\"},\"description\":\"Tuzlainfo.ba pratite na dru\u0161tvenim mre\u017eama: Facebook, Instagram i Youtube. Svoje pri\u010de, upite i fotografije \u0161aljite na na\u0161u e-mail adresu.\"}]}<\/script>\n<!-- \/ Yoast SEO plugin. -->","yoast_head_json":{"title":"\u0160ljivi\u0107 Mahovki\u0107 i Be\u0107irovi\u0107 predstavljali Univerzitet u Tuzli na Bled Strategic Forumu","robots":{"index":"index","follow":"follow","max-snippet":"max-snippet:-1","max-image-preview":"max-image-preview:large","max-video-preview":"max-video-preview:-1"},"canonical":"https:\/\/tuzlainfo.ba\/index.php\/novosti\/item\/314696-sljivic-mahovkic-i-becirovic-predstavljali-univerzitet-u-tuzli-na-bled-strategic-forumu\/","og_locale":"bs_BA","og_type":"article","og_title":"\u0160ljivi\u0107 Mahovki\u0107 i Be\u0107irovi\u0107 predstavljali Univerzitet u Tuzli na Bled Strategic Forumu","og_description":"Maida \u0160ljivi\u0107 Mahovki\u0107, asistentica na Filozofskom fakultetu Univerziteta u Tuzli, i Denis Be\u0107irovi\u0107, vi\u0161i asistent na Ma\u0161inskom fakultetu, u\u010destvovali su na 21. Bled Strategic Forumu i prvom izdanju programa ENTER CHANGE u Sloveniji. Program ENTER CHANGE odr\u017ean je od 27. augusta do 1. septembra 2026. godine u Kranjskoj Gori, Ljubljani i Bledu, a okupio je [&hellip;]","og_url":"https:\/\/tuzlainfo.ba\/index.php\/novosti\/item\/314696-sljivic-mahovkic-i-becirovic-predstavljali-univerzitet-u-tuzli-na-bled-strategic-forumu\/","og_site_name":"TuzlaInfo.ba","article_publisher":"https:\/\/www.facebook.com\/tuzlainfo.ba\/","article_published_time":"2026-09-02T19:08:37+00:00","og_image":[{"width":1000,"height":649,"url":"https:\/\/tuzlainfo.ba\/wp-content\/uploads\/2026\/09\/0206_sljivic_becirovic.jpg","type":"image\/jpeg"}],"author":"nedim","twitter_card":"summary_large_image","twitter_misc":{"Written by":"nedim","Est. reading time":"3 minute"},"schema":{"@context":"https:\/\/schema.org","@graph":[{"@type":"Article","@id":"https:\/\/tuzlainfo.ba\/index.php\/novosti\/item\/314696-sljivic-mahovkic-i-becirovic-predstavljali-univerzitet-u-tuzli-na-bled-strategic-forumu\/#article","isPartOf":{"@id":"https:\/\/tuzlainfo.ba\/index.php\/novosti\/item\/314696-sljivic-mahovkic-i-becirovic-predstavljali-univerzitet-u-tuzli-na-bled-strategic-forumu\/"},"author":{"name":"nedim","@id":"https:\/\/tuzlainfo.ba\/#\/schema\/person\/f434e20dc27ea133923aab08451b7f7f"},"headline":"\u0160ljivi\u0107 Mahovki\u0107 i Be\u0107irovi\u0107 predstavljali Univerzitet u Tuzli na Bled Strategic Forumu","datePublished":"2026-09-02T19:08:37+00:00","mainEntityOfPage":{"@id":"https:\/\/tuzlainfo.ba\/index.php\/novosti\/item\/314696-sljivic-mahovkic-i-becirovic-predstavljali-univerzitet-u-tuzli-na-bled-strategic-forumu\/"},"wordCount":428,"publisher":{"@id":"https:\/\/tuzlainfo.ba\/#organization"},"image":{"@id":"https:\/\/tuzlainfo.ba\/index.php\/novosti\/item\/314696-sljivic-mahovkic-i-becirovic-predstavljali-univerzitet-u-tuzli-na-bled-strategic-forumu\/#primaryimage"},"thumbnailUrl":"https:\/\/tuzlainfo.ba\/wp-content\/uploads\/2026\/09\/0206_sljivic_becirovic.jpg","keywords":["univerzitet u tuzli"],"articleSection":["Istaknuto","Novosti"],"inLanguage":"bs-BA","copyrightYear":"2026","copyrightHolder":{"@id":"https:\/\/tuzlainfo.ba\/#organization"}},{"@type":"WebPage","@id":"https:\/\/tuzlainfo.ba\/index.php\/novosti\/item\/314696-sljivic-mahovkic-i-becirovic-predstavljali-univerzitet-u-tuzli-na-bled-strategic-forumu\/","url":"https:\/\/tuzlainfo.ba\/index.php\/novosti\/item\/314696-sljivic-mahovkic-i-becirovic-predstavljali-univerzitet-u-tuzli-na-bled-strategic-forumu\/","name":"\u0160ljivi\u0107 Mahovki\u0107 i Be\u0107irovi\u0107 predstavljali Univerzitet u Tuzli na Bled Strategic Forumu","isPartOf":{"@id":"https:\/\/tuzlainfo.ba\/#website"},"primaryImageOfPage":{"@id":"https:\/\/tuzlainfo.ba\/index.php\/novosti\/item\/314696-sljivic-mahovkic-i-becirovic-predstavljali-univerzitet-u-tuzli-na-bled-strategic-forumu\/#primaryimage"},"image":{"@id":"https:\/\/tuzlainfo.ba\/index.php\/novosti\/item\/314696-sljivic-mahovkic-i-becirovic-predstavljali-univerzitet-u-tuzli-na-bled-strategic-forumu\/#primaryimage"},"thumbnailUrl":"https:\/\/tuzlainfo.ba\/wp-content\/uploads\/2026\/09\/0206_sljivic_becirovic.jpg","datePublished":"2026-09-02T19:08:37+00:00","breadcrumb":{"@id":"https:\/\/tuzlainfo.ba\/index.php\/novosti\/item\/314696-sljivic-mahovkic-i-becirovic-predstavljali-univerzitet-u-tuzli-na-bled-strategic-forumu\/#breadcrumb"},"inLanguage":"bs-BA","potentialAction":[{"@type":"ReadAction","target":["https:\/\/tuzlainfo.ba\/index.php\/novosti\/item\/314696-sljivic-mahovkic-i-becirovic-predstavljali-univerzitet-u-tuzli-na-bled-strategic-forumu\/"]}]},{"@type":"ImageObject","inLanguage":"bs-BA","@id":"https:\/\/tuzlainfo.ba\/index.php\/novosti\/item\/314696-sljivic-mahovkic-i-becirovic-predstavljali-univerzitet-u-tuzli-na-bled-strategic-forumu\/#primaryimage","url":"https:\/\/tuzlainfo.ba\/wp-content\/uploads\/2026\/09\/0206_sljivic_becirovic.jpg","contentUrl":"https:\/\/tuzlainfo.ba\/wp-content\/uploads\/2026\/09\/0206_sljivic_becirovic.jpg","width":1000,"height":649},{"@type":"BreadcrumbList","@id":"https:\/\/tuzlainfo.ba\/index.php\/novosti\/item\/314696-sljivic-mahovkic-i-becirovic-predstavljali-univerzitet-u-tuzli-na-bled-strategic-forumu\/#breadcrumb","itemListElement":[{"@type":"ListItem","position":1,"name":"Home","item":"https:\/\/tuzlainfo.ba\/"},{"@type":"ListItem","position":2,"name":"\u0160ljivi\u0107 Mahovki\u0107 i Be\u0107irovi\u0107 predstavljali Univerzitet u Tuzli na Bled Strategic Forumu"}]},{"@type":"WebSite","@id":"https:\/\/tuzlainfo.ba\/#website","url":"https:\/\/tuzlainfo.ba\/","name":"TuzlaInfo.ba","description":"Tuzla info, gradski informator - Tuzla na dlanu","publisher":{"@id":"https:\/\/tuzlainfo.ba\/#organization"},"potentialAction":[{"@type":"SearchAction","target":{"@type":"EntryPoint","urlTemplate":"https:\/\/tuzlainfo.ba\/?s={search_term_string}"},"query-input":{"@type":"PropertyValueSpecification","valueRequired":true,"valueName":"search_term_string"}}],"inLanguage":"bs-BA"},{"@type":"Organization","@id":"https:\/\/tuzlainfo.ba\/#organization","name":"TuzlaInfo.ba","url":"https:\/\/tuzlainfo.ba\/","logo":{"@type":"ImageObject","inLanguage":"bs-BA","@id":"https:\/\/tuzlainfo.ba\/#\/schema\/logo\/image\/","url":"https:\/\/tuzlainfo.ba\/wp-content\/uploads\/2021\/03\/logo-ver-3-1.png","contentUrl":"https:\/\/tuzlainfo.ba\/wp-content\/uploads\/2021\/03\/logo-ver-3-1.png","width":350,"height":95,"caption":"TuzlaInfo.ba"},"image":{"@id":"https:\/\/tuzlainfo.ba\/#\/schema\/logo\/image\/"},"sameAs":["https:\/\/www.facebook.com\/tuzlainfo.ba\/"]},{"@type":"Person","@id":"https:\/\/tuzlainfo.ba\/#\/schema\/person\/f434e20dc27ea133923aab08451b7f7f","name":"nedim","image":{"@type":"ImageObject","inLanguage":"bs-BA","@id":"https:\/\/secure.gravatar.com\/avatar\/5b928a2e7e70a54208d2eb6c1edcb75a5350d6ae97d5f0a701203d456823f6f3?s=96&d=mm&r=g","url":"https:\/\/secure.gravatar.com\/avatar\/5b928a2e7e70a54208d2eb6c1edcb75a5350d6ae97d5f0a701203d456823f6f3?s=96&d=mm&r=g","contentUrl":"https:\/\/secure.gravatar.com\/avatar\/5b928a2e7e70a54208d2eb6c1edcb75a5350d6ae97d5f0a701203d456823f6f3?s=96&d=mm&r=g","caption":"nedim"},"description":"Tuzlainfo.ba pratite na dru\u0161tvenim mre\u017eama: Facebook, Instagram i Youtube. Svoje pri\u010de, upite i fotografije \u0161aljite na na\u0161u e-mail adresu."}]}},"_links":{"self":[{"href":"https:\/\/tuzlainfo.ba\/index.php\/wp-json\/wp\/v2\/posts\/314696","targetHints":{"allow":["GET"]}}],"collection":[{"href":"https:\/\/tuzlainfo.ba\/index.php\/wp-json\/wp\/v2\/posts"}],"about":[{"href":"https:\/\/tuzlainfo.ba\/index.php\/wp-json\/wp\/v2\/types\/post"}],"author":[{"embeddable":true,"href":"https:\/\/tuzlainfo.ba\/index.php\/wp-json\/wp\/v2\/users\/2"}],"replies":[{"embeddable":true,"href":"https:\/\/tuzlainfo.ba\/index.php\/wp-json\/wp\/v2\/comments?post=314696"}],"version-history":[{"count":1,"href":"https:\/\/tuzlainfo.ba\/index.php\/wp-json\/wp\/v2\/posts\/314696\/revisions"}],"predecessor-version":[{"id":314698,"href":"https:\/\/tuzlainfo.ba\/index.php\/wp-json\/wp\/v2\/posts\/314696\/revisions\/314698"}],"wp:featuredmedia":[{"embeddable":true,"href":"https:\/\/tuzlainfo.ba\/index.php\/wp-json\/wp\/v2\/media\/314697"}],"wp:attachment":[{"href":"https:\/\/tuzlainfo.ba\/index.php\/wp-json\/wp\/v2\/media?parent=314696"}],"wp:term":[{"taxonomy":"category","embeddable":true,"href":"https:\/\/tuzlainfo.ba\/index.php\/wp-json\/wp\/v2\/categories?post=314696"},{"taxonomy":"post_tag","embeddable":true,"href":"https:\/\/tuzlainfo.ba\/index.php\/wp-json\/wp\/v2\/tags?post=314696"}],"curies":[{"name":"wp","href":"https:\/\/api.w.org\/{rel}","templated":true}]}}