{"id":314693,"date":"2026-09-02T20:50:54","date_gmt":"2026-09-02T18:50:54","guid":{"rendered":"https:\/\/tuzlainfo.ba\/?p=314693"},"modified":"2026-09-02T20:50:54","modified_gmt":"2026-09-02T18:50:54","slug":"jurisic-i-miokovic-u-potocarima-u-trenutku-kada-se-od-ratnog-zlocinca-pokusava-praviti-heroj-nase-mjesto-je-u-srebrenici","status":"publish","type":"post","link":"https:\/\/tuzlainfo.ba\/index.php\/bosna-i-hercegovina\/item\/314693-jurisic-i-miokovic-u-potocarima-u-trenutku-kada-se-od-ratnog-zlocinca-pokusava-praviti-heroj-nase-mjesto-je-u-srebrenici\/","title":{"rendered":"Juri\u0161i\u0107 i Miokovi\u0107 u Poto\u010darima: \u201eU trenutku kada se od ratnog zlo\u010dinca poku\u0161ava praviti heroj, na\u0161e mjesto je u Srebrenici\u201c"},"content":{"rendered":"<p class=\"PDq2pG_selectionAnchorContainer\" data-start=\"128\" data-end=\"379\">Zamjenica ministrice za ljudska prava i izbjeglice Bosne i Hercegovine Du\u0161ka Juri\u0161i\u0107 i federalni zastupnik Dragan Miokovi\u0107 posjetili su danas Memorijalni centar Srebrenica \u2013 Poto\u010dari, gdje su odali po\u010dast \u017ertvama genocida i razgovarali s pre\u017eivjelima.<\/p>\n<p data-start=\"381\" data-end=\"625\">Njihova posjeta uslijedila je nakon reakcija i skupova u entitetu RS i Srbiji povodom smrti ratnog zlo\u010dinca Ratka Mladi\u0107a, koji je pravosna\u017eno osu\u0111en na do\u017eivotni zatvor za genocid u Srebrenici, zlo\u010dine protiv \u010dovje\u010dnosti i druge ratne zlo\u010dine.<\/p>\n<p data-start=\"627\" data-end=\"869\">Juri\u0161i\u0107 i Miokovi\u0107 poru\u010dili su da se dru\u0161tvo mora suprotstaviti negiranju genocida i veli\u010danju njegovih po\u010dinilaca, uz poruku da nakon faza koje vode ka genocidu postoji i ona koja podrazumijeva priznanje po\u010dinjenog zlo\u010dina i podr\u0161ku \u017ertvama.<\/p>\n<p data-start=\"871\" data-end=\"1033\">\u201eNakon desete postoji i jedanaesta faza genocida, a to je podr\u0161ka i prakti\u010dno priznanje da je genocid po\u010dinjen\u201c, jedna je od poruka koju su poslali iz Srebrenice.<\/p>\n<p data-start=\"1035\" data-end=\"1164\">Naglasili su da borba protiv negiranja i veli\u010danja po\u010dinilaca mora ostati va\u017ean dio odnosa prema pro\u0161losti u Bosni i Hercegovini.<\/p>\n<p data-start=\"1166\" data-end=\"1267\">\u201eProtiv toga se u postratnoj Bosni moramo boriti radi istine, radi pravde, radi \u017ertava\u201c, poru\u010dili su.<\/p>\n<p data-start=\"1269\" data-end=\"1382\">Miokovi\u0107 je istakao da je, bez obzira na vrijeme, mjesto i vlastite godine, danas \u017eelio biti upravo u Srebrenici.<\/p>\n<p data-start=\"1384\" data-end=\"1563\">Tokom posjete Juri\u0161i\u0107 i Miokovi\u0107 razgovarali su i sa \u0160ehidom Abdurahmanovi\u0107, koja jo\u0161 uvijek traga za posmrtnim ostacima svog brata, dok je njen suprug ubijen u maju 1992. godine.<\/p>\n<p data-start=\"1565\" data-end=\"1697\">\u201eKako bi se oni osje\u0107ali da Hrvati u Jasenovcu slave Artukovi\u0107a?\u201c, upitala je Abdurahmanovi\u0107 tokom razgovora s Juri\u0161i\u0107 i Miokovi\u0107em.<\/p>\n<p data-start=\"1699\" data-end=\"1846\">Na kraju posjete poslali su poruku da je njihovo mjesto, u trenutku kada se ponovo veli\u010da Mladi\u0107, uz \u017ertve, pre\u017eivjele i sudski utvr\u0111ene \u010dinjenice.<\/p>\n<p data-start=\"1848\" data-end=\"2094\">\u201eU trenutku kada se ponovo poku\u0161ava od ratnog zlo\u010dinca praviti heroj, na\u0161e mjesto je u Srebrenici. Uz \u017ertve. Uz pre\u017eivjele. Uz istinu. I zato iz Srebrenice odlazimo svjesni njihove pobjede \u2013 pobjede nad mr\u017enjom\u201c, zaklju\u010dili su Juri\u0161i\u0107 i Miokovi\u0107.<\/p>\n","protected":false},"excerpt":{"rendered":"<p>Zamjenica ministrice za ljudska prava i izbjeglice Bosne i Hercegovine Du\u0161ka Juri\u0161i\u0107 i federalni zastupnik Dragan Miokovi\u0107 posjetili su danas Memorijalni centar Srebrenica \u2013 Poto\u010dari, gdje su odali po\u010dast \u017ertvama genocida i razgovarali s pre\u017eivjelima. Njihova posjeta uslijedila je nakon reakcija i skupova u entitetu RS i Srbiji povodom smrti ratnog zlo\u010dinca Ratka Mladi\u0107a, koji [&hellip;]<\/p>\n","protected":false},"author":2,"featured_media":314694,"comment_status":"closed","ping_status":"closed","sticky":false,"template":"","format":"standard","meta":{"footnotes":""},"categories":[291],"tags":[989,1538,352],"class_list":["post-314693","post","type-post","status-publish","format-standard","has-post-thumbnail","hentry","category-bosna-i-hercegovina","tag-nasa-stranka","tag-potocari","tag-srebrenica"],"yoast_head":"<!-- This site is optimized with the Yoast SEO plugin v28.4 - https:\/\/yoast.com\/product\/yoast-seo-wordpress\/ -->\n<title>Juri\u0161i\u0107 i Miokovi\u0107 u Poto\u010darima: \u201eU trenutku kada se od ratnog zlo\u010dinca poku\u0161ava praviti heroj, na\u0161e mjesto je u Srebrenici\u201c<\/title>\n<meta name=\"robots\" content=\"index, follow, max-snippet:-1, max-image-preview:large, max-video-preview:-1\" \/>\n<link rel=\"canonical\" href=\"https:\/\/tuzlainfo.ba\/index.php\/bosna-i-hercegovina\/item\/314693-jurisic-i-miokovic-u-potocarima-u-trenutku-kada-se-od-ratnog-zlocinca-pokusava-praviti-heroj-nase-mjesto-je-u-srebrenici\/\" \/>\n<meta property=\"og:locale\" content=\"bs_BA\" \/>\n<meta property=\"og:type\" content=\"article\" \/>\n<meta property=\"og:title\" content=\"Juri\u0161i\u0107 i Miokovi\u0107 u Poto\u010darima: \u201eU trenutku kada se od ratnog zlo\u010dinca poku\u0161ava praviti heroj, na\u0161e mjesto je u Srebrenici\u201c\" \/>\n<meta property=\"og:description\" content=\"Zamjenica ministrice za ljudska prava i izbjeglice Bosne i Hercegovine Du\u0161ka Juri\u0161i\u0107 i federalni zastupnik Dragan Miokovi\u0107 posjetili su danas Memorijalni centar Srebrenica \u2013 Poto\u010dari, gdje su odali po\u010dast \u017ertvama genocida i razgovarali s pre\u017eivjelima. Njihova posjeta uslijedila je nakon reakcija i skupova u entitetu RS i Srbiji povodom smrti ratnog zlo\u010dinca Ratka Mladi\u0107a, koji [&hellip;]\" \/>\n<meta property=\"og:url\" content=\"https:\/\/tuzlainfo.ba\/index.php\/bosna-i-hercegovina\/item\/314693-jurisic-i-miokovic-u-potocarima-u-trenutku-kada-se-od-ratnog-zlocinca-pokusava-praviti-heroj-nase-mjesto-je-u-srebrenici\/\" \/>\n<meta property=\"og:site_name\" content=\"TuzlaInfo.ba\" \/>\n<meta property=\"article:publisher\" content=\"https:\/\/www.facebook.com\/tuzlainfo.ba\/\" \/>\n<meta property=\"article:published_time\" content=\"2026-09-02T18:50:54+00:00\" \/>\n<meta property=\"og:image\" content=\"https:\/\/tuzlainfo.ba\/wp-content\/uploads\/2026\/09\/0209_ns.jpg\" \/>\n\t<meta property=\"og:image:width\" content=\"800\" \/>\n\t<meta property=\"og:image:height\" content=\"606\" \/>\n\t<meta property=\"og:image:type\" content=\"image\/jpeg\" \/>\n<meta name=\"author\" content=\"nedim\" \/>\n<meta name=\"twitter:card\" content=\"summary_large_image\" \/>\n<meta name=\"twitter:label1\" content=\"Written by\" \/>\n\t<meta name=\"twitter:data1\" content=\"nedim\" \/>\n\t<meta name=\"twitter:label2\" content=\"Est. reading time\" \/>\n\t<meta name=\"twitter:data2\" content=\"2 minute\" \/>\n<script type=\"application\/ld+json\" class=\"yoast-schema-graph\">{\"@context\":\"https:\\\/\\\/schema.org\",\"@graph\":[{\"@type\":\"Article\",\"@id\":\"https:\\\/\\\/tuzlainfo.ba\\\/index.php\\\/bosna-i-hercegovina\\\/item\\\/314693-jurisic-i-miokovic-u-potocarima-u-trenutku-kada-se-od-ratnog-zlocinca-pokusava-praviti-heroj-nase-mjesto-je-u-srebrenici\\\/#article\",\"isPartOf\":{\"@id\":\"https:\\\/\\\/tuzlainfo.ba\\\/index.php\\\/bosna-i-hercegovina\\\/item\\\/314693-jurisic-i-miokovic-u-potocarima-u-trenutku-kada-se-od-ratnog-zlocinca-pokusava-praviti-heroj-nase-mjesto-je-u-srebrenici\\\/\"},\"author\":{\"name\":\"nedim\",\"@id\":\"https:\\\/\\\/tuzlainfo.ba\\\/#\\\/schema\\\/person\\\/f434e20dc27ea133923aab08451b7f7f\"},\"headline\":\"Juri\u0161i\u0107 i Miokovi\u0107 u Poto\u010darima: \u201eU trenutku kada se od ratnog zlo\u010dinca poku\u0161ava praviti heroj, na\u0161e mjesto je u Srebrenici\u201c\",\"datePublished\":\"2026-09-02T18:50:54+00:00\",\"mainEntityOfPage\":{\"@id\":\"https:\\\/\\\/tuzlainfo.ba\\\/index.php\\\/bosna-i-hercegovina\\\/item\\\/314693-jurisic-i-miokovic-u-potocarima-u-trenutku-kada-se-od-ratnog-zlocinca-pokusava-praviti-heroj-nase-mjesto-je-u-srebrenici\\\/\"},\"wordCount\":368,\"publisher\":{\"@id\":\"https:\\\/\\\/tuzlainfo.ba\\\/#organization\"},\"image\":{\"@id\":\"https:\\\/\\\/tuzlainfo.ba\\\/index.php\\\/bosna-i-hercegovina\\\/item\\\/314693-jurisic-i-miokovic-u-potocarima-u-trenutku-kada-se-od-ratnog-zlocinca-pokusava-praviti-heroj-nase-mjesto-je-u-srebrenici\\\/#primaryimage\"},\"thumbnailUrl\":\"https:\\\/\\\/tuzlainfo.ba\\\/wp-content\\\/uploads\\\/2026\\\/09\\\/0209_ns.jpg\",\"keywords\":[\"na\u0161a stranka\",\"Poto\u010dari\",\"srebrenica\"],\"articleSection\":[\"Bosna i Hercegovina\"],\"inLanguage\":\"bs-BA\",\"copyrightYear\":\"2026\",\"copyrightHolder\":{\"@id\":\"https:\\\/\\\/tuzlainfo.ba\\\/#organization\"}},{\"@type\":\"WebPage\",\"@id\":\"https:\\\/\\\/tuzlainfo.ba\\\/index.php\\\/bosna-i-hercegovina\\\/item\\\/314693-jurisic-i-miokovic-u-potocarima-u-trenutku-kada-se-od-ratnog-zlocinca-pokusava-praviti-heroj-nase-mjesto-je-u-srebrenici\\\/\",\"url\":\"https:\\\/\\\/tuzlainfo.ba\\\/index.php\\\/bosna-i-hercegovina\\\/item\\\/314693-jurisic-i-miokovic-u-potocarima-u-trenutku-kada-se-od-ratnog-zlocinca-pokusava-praviti-heroj-nase-mjesto-je-u-srebrenici\\\/\",\"name\":\"Juri\u0161i\u0107 i Miokovi\u0107 u Poto\u010darima: \u201eU trenutku kada se od ratnog zlo\u010dinca poku\u0161ava praviti heroj, na\u0161e mjesto je u Srebrenici\u201c\",\"isPartOf\":{\"@id\":\"https:\\\/\\\/tuzlainfo.ba\\\/#website\"},\"primaryImageOfPage\":{\"@id\":\"https:\\\/\\\/tuzlainfo.ba\\\/index.php\\\/bosna-i-hercegovina\\\/item\\\/314693-jurisic-i-miokovic-u-potocarima-u-trenutku-kada-se-od-ratnog-zlocinca-pokusava-praviti-heroj-nase-mjesto-je-u-srebrenici\\\/#primaryimage\"},\"image\":{\"@id\":\"https:\\\/\\\/tuzlainfo.ba\\\/index.php\\\/bosna-i-hercegovina\\\/item\\\/314693-jurisic-i-miokovic-u-potocarima-u-trenutku-kada-se-od-ratnog-zlocinca-pokusava-praviti-heroj-nase-mjesto-je-u-srebrenici\\\/#primaryimage\"},\"thumbnailUrl\":\"https:\\\/\\\/tuzlainfo.ba\\\/wp-content\\\/uploads\\\/2026\\\/09\\\/0209_ns.jpg\",\"datePublished\":\"2026-09-02T18:50:54+00:00\",\"breadcrumb\":{\"@id\":\"https:\\\/\\\/tuzlainfo.ba\\\/index.php\\\/bosna-i-hercegovina\\\/item\\\/314693-jurisic-i-miokovic-u-potocarima-u-trenutku-kada-se-od-ratnog-zlocinca-pokusava-praviti-heroj-nase-mjesto-je-u-srebrenici\\\/#breadcrumb\"},\"inLanguage\":\"bs-BA\",\"potentialAction\":[{\"@type\":\"ReadAction\",\"target\":[\"https:\\\/\\\/tuzlainfo.ba\\\/index.php\\\/bosna-i-hercegovina\\\/item\\\/314693-jurisic-i-miokovic-u-potocarima-u-trenutku-kada-se-od-ratnog-zlocinca-pokusava-praviti-heroj-nase-mjesto-je-u-srebrenici\\\/\"]}]},{\"@type\":\"ImageObject\",\"inLanguage\":\"bs-BA\",\"@id\":\"https:\\\/\\\/tuzlainfo.ba\\\/index.php\\\/bosna-i-hercegovina\\\/item\\\/314693-jurisic-i-miokovic-u-potocarima-u-trenutku-kada-se-od-ratnog-zlocinca-pokusava-praviti-heroj-nase-mjesto-je-u-srebrenici\\\/#primaryimage\",\"url\":\"https:\\\/\\\/tuzlainfo.ba\\\/wp-content\\\/uploads\\\/2026\\\/09\\\/0209_ns.jpg\",\"contentUrl\":\"https:\\\/\\\/tuzlainfo.ba\\\/wp-content\\\/uploads\\\/2026\\\/09\\\/0209_ns.jpg\",\"width\":800,\"height\":606},{\"@type\":\"BreadcrumbList\",\"@id\":\"https:\\\/\\\/tuzlainfo.ba\\\/index.php\\\/bosna-i-hercegovina\\\/item\\\/314693-jurisic-i-miokovic-u-potocarima-u-trenutku-kada-se-od-ratnog-zlocinca-pokusava-praviti-heroj-nase-mjesto-je-u-srebrenici\\\/#breadcrumb\",\"itemListElement\":[{\"@type\":\"ListItem\",\"position\":1,\"name\":\"Home\",\"item\":\"https:\\\/\\\/tuzlainfo.ba\\\/\"},{\"@type\":\"ListItem\",\"position\":2,\"name\":\"Juri\u0161i\u0107 i Miokovi\u0107 u Poto\u010darima: \u201eU trenutku kada se od ratnog zlo\u010dinca poku\u0161ava praviti heroj, na\u0161e mjesto je u Srebrenici\u201c\"}]},{\"@type\":\"WebSite\",\"@id\":\"https:\\\/\\\/tuzlainfo.ba\\\/#website\",\"url\":\"https:\\\/\\\/tuzlainfo.ba\\\/\",\"name\":\"TuzlaInfo.ba\",\"description\":\"Tuzla info, gradski informator - Tuzla na dlanu\",\"publisher\":{\"@id\":\"https:\\\/\\\/tuzlainfo.ba\\\/#organization\"},\"potentialAction\":[{\"@type\":\"SearchAction\",\"target\":{\"@type\":\"EntryPoint\",\"urlTemplate\":\"https:\\\/\\\/tuzlainfo.ba\\\/?s={search_term_string}\"},\"query-input\":{\"@type\":\"PropertyValueSpecification\",\"valueRequired\":true,\"valueName\":\"search_term_string\"}}],\"inLanguage\":\"bs-BA\"},{\"@type\":\"Organization\",\"@id\":\"https:\\\/\\\/tuzlainfo.ba\\\/#organization\",\"name\":\"TuzlaInfo.ba\",\"url\":\"https:\\\/\\\/tuzlainfo.ba\\\/\",\"logo\":{\"@type\":\"ImageObject\",\"inLanguage\":\"bs-BA\",\"@id\":\"https:\\\/\\\/tuzlainfo.ba\\\/#\\\/schema\\\/logo\\\/image\\\/\",\"url\":\"https:\\\/\\\/tuzlainfo.ba\\\/wp-content\\\/uploads\\\/2021\\\/03\\\/logo-ver-3-1.png\",\"contentUrl\":\"https:\\\/\\\/tuzlainfo.ba\\\/wp-content\\\/uploads\\\/2021\\\/03\\\/logo-ver-3-1.png\",\"width\":350,\"height\":95,\"caption\":\"TuzlaInfo.ba\"},\"image\":{\"@id\":\"https:\\\/\\\/tuzlainfo.ba\\\/#\\\/schema\\\/logo\\\/image\\\/\"},\"sameAs\":[\"https:\\\/\\\/www.facebook.com\\\/tuzlainfo.ba\\\/\"]},{\"@type\":\"Person\",\"@id\":\"https:\\\/\\\/tuzlainfo.ba\\\/#\\\/schema\\\/person\\\/f434e20dc27ea133923aab08451b7f7f\",\"name\":\"nedim\",\"image\":{\"@type\":\"ImageObject\",\"inLanguage\":\"bs-BA\",\"@id\":\"https:\\\/\\\/secure.gravatar.com\\\/avatar\\\/5b928a2e7e70a54208d2eb6c1edcb75a5350d6ae97d5f0a701203d456823f6f3?s=96&d=mm&r=g\",\"url\":\"https:\\\/\\\/secure.gravatar.com\\\/avatar\\\/5b928a2e7e70a54208d2eb6c1edcb75a5350d6ae97d5f0a701203d456823f6f3?s=96&d=mm&r=g\",\"contentUrl\":\"https:\\\/\\\/secure.gravatar.com\\\/avatar\\\/5b928a2e7e70a54208d2eb6c1edcb75a5350d6ae97d5f0a701203d456823f6f3?s=96&d=mm&r=g\",\"caption\":\"nedim\"},\"description\":\"Tuzlainfo.ba pratite na dru\u0161tvenim mre\u017eama: Facebook, Instagram i Youtube. Svoje pri\u010de, upite i fotografije \u0161aljite na na\u0161u e-mail adresu.\"}]}<\/script>\n<!-- \/ Yoast SEO plugin. -->","yoast_head_json":{"title":"Juri\u0161i\u0107 i Miokovi\u0107 u Poto\u010darima: \u201eU trenutku kada se od ratnog zlo\u010dinca poku\u0161ava praviti heroj, na\u0161e mjesto je u Srebrenici\u201c","robots":{"index":"index","follow":"follow","max-snippet":"max-snippet:-1","max-image-preview":"max-image-preview:large","max-video-preview":"max-video-preview:-1"},"canonical":"https:\/\/tuzlainfo.ba\/index.php\/bosna-i-hercegovina\/item\/314693-jurisic-i-miokovic-u-potocarima-u-trenutku-kada-se-od-ratnog-zlocinca-pokusava-praviti-heroj-nase-mjesto-je-u-srebrenici\/","og_locale":"bs_BA","og_type":"article","og_title":"Juri\u0161i\u0107 i Miokovi\u0107 u Poto\u010darima: \u201eU trenutku kada se od ratnog zlo\u010dinca poku\u0161ava praviti heroj, na\u0161e mjesto je u Srebrenici\u201c","og_description":"Zamjenica ministrice za ljudska prava i izbjeglice Bosne i Hercegovine Du\u0161ka Juri\u0161i\u0107 i federalni zastupnik Dragan Miokovi\u0107 posjetili su danas Memorijalni centar Srebrenica \u2013 Poto\u010dari, gdje su odali po\u010dast \u017ertvama genocida i razgovarali s pre\u017eivjelima. Njihova posjeta uslijedila je nakon reakcija i skupova u entitetu RS i Srbiji povodom smrti ratnog zlo\u010dinca Ratka Mladi\u0107a, koji [&hellip;]","og_url":"https:\/\/tuzlainfo.ba\/index.php\/bosna-i-hercegovina\/item\/314693-jurisic-i-miokovic-u-potocarima-u-trenutku-kada-se-od-ratnog-zlocinca-pokusava-praviti-heroj-nase-mjesto-je-u-srebrenici\/","og_site_name":"TuzlaInfo.ba","article_publisher":"https:\/\/www.facebook.com\/tuzlainfo.ba\/","article_published_time":"2026-09-02T18:50:54+00:00","og_image":[{"width":800,"height":606,"url":"https:\/\/tuzlainfo.ba\/wp-content\/uploads\/2026\/09\/0209_ns.jpg","type":"image\/jpeg"}],"author":"nedim","twitter_card":"summary_large_image","twitter_misc":{"Written by":"nedim","Est. reading time":"2 minute"},"schema":{"@context":"https:\/\/schema.org","@graph":[{"@type":"Article","@id":"https:\/\/tuzlainfo.ba\/index.php\/bosna-i-hercegovina\/item\/314693-jurisic-i-miokovic-u-potocarima-u-trenutku-kada-se-od-ratnog-zlocinca-pokusava-praviti-heroj-nase-mjesto-je-u-srebrenici\/#article","isPartOf":{"@id":"https:\/\/tuzlainfo.ba\/index.php\/bosna-i-hercegovina\/item\/314693-jurisic-i-miokovic-u-potocarima-u-trenutku-kada-se-od-ratnog-zlocinca-pokusava-praviti-heroj-nase-mjesto-je-u-srebrenici\/"},"author":{"name":"nedim","@id":"https:\/\/tuzlainfo.ba\/#\/schema\/person\/f434e20dc27ea133923aab08451b7f7f"},"headline":"Juri\u0161i\u0107 i Miokovi\u0107 u Poto\u010darima: \u201eU trenutku kada se od ratnog zlo\u010dinca poku\u0161ava praviti heroj, na\u0161e mjesto je u Srebrenici\u201c","datePublished":"2026-09-02T18:50:54+00:00","mainEntityOfPage":{"@id":"https:\/\/tuzlainfo.ba\/index.php\/bosna-i-hercegovina\/item\/314693-jurisic-i-miokovic-u-potocarima-u-trenutku-kada-se-od-ratnog-zlocinca-pokusava-praviti-heroj-nase-mjesto-je-u-srebrenici\/"},"wordCount":368,"publisher":{"@id":"https:\/\/tuzlainfo.ba\/#organization"},"image":{"@id":"https:\/\/tuzlainfo.ba\/index.php\/bosna-i-hercegovina\/item\/314693-jurisic-i-miokovic-u-potocarima-u-trenutku-kada-se-od-ratnog-zlocinca-pokusava-praviti-heroj-nase-mjesto-je-u-srebrenici\/#primaryimage"},"thumbnailUrl":"https:\/\/tuzlainfo.ba\/wp-content\/uploads\/2026\/09\/0209_ns.jpg","keywords":["na\u0161a stranka","Poto\u010dari","srebrenica"],"articleSection":["Bosna i Hercegovina"],"inLanguage":"bs-BA","copyrightYear":"2026","copyrightHolder":{"@id":"https:\/\/tuzlainfo.ba\/#organization"}},{"@type":"WebPage","@id":"https:\/\/tuzlainfo.ba\/index.php\/bosna-i-hercegovina\/item\/314693-jurisic-i-miokovic-u-potocarima-u-trenutku-kada-se-od-ratnog-zlocinca-pokusava-praviti-heroj-nase-mjesto-je-u-srebrenici\/","url":"https:\/\/tuzlainfo.ba\/index.php\/bosna-i-hercegovina\/item\/314693-jurisic-i-miokovic-u-potocarima-u-trenutku-kada-se-od-ratnog-zlocinca-pokusava-praviti-heroj-nase-mjesto-je-u-srebrenici\/","name":"Juri\u0161i\u0107 i Miokovi\u0107 u Poto\u010darima: \u201eU trenutku kada se od ratnog zlo\u010dinca poku\u0161ava praviti heroj, na\u0161e mjesto je u Srebrenici\u201c","isPartOf":{"@id":"https:\/\/tuzlainfo.ba\/#website"},"primaryImageOfPage":{"@id":"https:\/\/tuzlainfo.ba\/index.php\/bosna-i-hercegovina\/item\/314693-jurisic-i-miokovic-u-potocarima-u-trenutku-kada-se-od-ratnog-zlocinca-pokusava-praviti-heroj-nase-mjesto-je-u-srebrenici\/#primaryimage"},"image":{"@id":"https:\/\/tuzlainfo.ba\/index.php\/bosna-i-hercegovina\/item\/314693-jurisic-i-miokovic-u-potocarima-u-trenutku-kada-se-od-ratnog-zlocinca-pokusava-praviti-heroj-nase-mjesto-je-u-srebrenici\/#primaryimage"},"thumbnailUrl":"https:\/\/tuzlainfo.ba\/wp-content\/uploads\/2026\/09\/0209_ns.jpg","datePublished":"2026-09-02T18:50:54+00:00","breadcrumb":{"@id":"https:\/\/tuzlainfo.ba\/index.php\/bosna-i-hercegovina\/item\/314693-jurisic-i-miokovic-u-potocarima-u-trenutku-kada-se-od-ratnog-zlocinca-pokusava-praviti-heroj-nase-mjesto-je-u-srebrenici\/#breadcrumb"},"inLanguage":"bs-BA","potentialAction":[{"@type":"ReadAction","target":["https:\/\/tuzlainfo.ba\/index.php\/bosna-i-hercegovina\/item\/314693-jurisic-i-miokovic-u-potocarima-u-trenutku-kada-se-od-ratnog-zlocinca-pokusava-praviti-heroj-nase-mjesto-je-u-srebrenici\/"]}]},{"@type":"ImageObject","inLanguage":"bs-BA","@id":"https:\/\/tuzlainfo.ba\/index.php\/bosna-i-hercegovina\/item\/314693-jurisic-i-miokovic-u-potocarima-u-trenutku-kada-se-od-ratnog-zlocinca-pokusava-praviti-heroj-nase-mjesto-je-u-srebrenici\/#primaryimage","url":"https:\/\/tuzlainfo.ba\/wp-content\/uploads\/2026\/09\/0209_ns.jpg","contentUrl":"https:\/\/tuzlainfo.ba\/wp-content\/uploads\/2026\/09\/0209_ns.jpg","width":800,"height":606},{"@type":"BreadcrumbList","@id":"https:\/\/tuzlainfo.ba\/index.php\/bosna-i-hercegovina\/item\/314693-jurisic-i-miokovic-u-potocarima-u-trenutku-kada-se-od-ratnog-zlocinca-pokusava-praviti-heroj-nase-mjesto-je-u-srebrenici\/#breadcrumb","itemListElement":[{"@type":"ListItem","position":1,"name":"Home","item":"https:\/\/tuzlainfo.ba\/"},{"@type":"ListItem","position":2,"name":"Juri\u0161i\u0107 i Miokovi\u0107 u Poto\u010darima: \u201eU trenutku kada se od ratnog zlo\u010dinca poku\u0161ava praviti heroj, na\u0161e mjesto je u Srebrenici\u201c"}]},{"@type":"WebSite","@id":"https:\/\/tuzlainfo.ba\/#website","url":"https:\/\/tuzlainfo.ba\/","name":"TuzlaInfo.ba","description":"Tuzla info, gradski informator - Tuzla na dlanu","publisher":{"@id":"https:\/\/tuzlainfo.ba\/#organization"},"potentialAction":[{"@type":"SearchAction","target":{"@type":"EntryPoint","urlTemplate":"https:\/\/tuzlainfo.ba\/?s={search_term_string}"},"query-input":{"@type":"PropertyValueSpecification","valueRequired":true,"valueName":"search_term_string"}}],"inLanguage":"bs-BA"},{"@type":"Organization","@id":"https:\/\/tuzlainfo.ba\/#organization","name":"TuzlaInfo.ba","url":"https:\/\/tuzlainfo.ba\/","logo":{"@type":"ImageObject","inLanguage":"bs-BA","@id":"https:\/\/tuzlainfo.ba\/#\/schema\/logo\/image\/","url":"https:\/\/tuzlainfo.ba\/wp-content\/uploads\/2021\/03\/logo-ver-3-1.png","contentUrl":"https:\/\/tuzlainfo.ba\/wp-content\/uploads\/2021\/03\/logo-ver-3-1.png","width":350,"height":95,"caption":"TuzlaInfo.ba"},"image":{"@id":"https:\/\/tuzlainfo.ba\/#\/schema\/logo\/image\/"},"sameAs":["https:\/\/www.facebook.com\/tuzlainfo.ba\/"]},{"@type":"Person","@id":"https:\/\/tuzlainfo.ba\/#\/schema\/person\/f434e20dc27ea133923aab08451b7f7f","name":"nedim","image":{"@type":"ImageObject","inLanguage":"bs-BA","@id":"https:\/\/secure.gravatar.com\/avatar\/5b928a2e7e70a54208d2eb6c1edcb75a5350d6ae97d5f0a701203d456823f6f3?s=96&d=mm&r=g","url":"https:\/\/secure.gravatar.com\/avatar\/5b928a2e7e70a54208d2eb6c1edcb75a5350d6ae97d5f0a701203d456823f6f3?s=96&d=mm&r=g","contentUrl":"https:\/\/secure.gravatar.com\/avatar\/5b928a2e7e70a54208d2eb6c1edcb75a5350d6ae97d5f0a701203d456823f6f3?s=96&d=mm&r=g","caption":"nedim"},"description":"Tuzlainfo.ba pratite na dru\u0161tvenim mre\u017eama: Facebook, Instagram i Youtube. Svoje pri\u010de, upite i fotografije \u0161aljite na na\u0161u e-mail adresu."}]}},"_links":{"self":[{"href":"https:\/\/tuzlainfo.ba\/index.php\/wp-json\/wp\/v2\/posts\/314693","targetHints":{"allow":["GET"]}}],"collection":[{"href":"https:\/\/tuzlainfo.ba\/index.php\/wp-json\/wp\/v2\/posts"}],"about":[{"href":"https:\/\/tuzlainfo.ba\/index.php\/wp-json\/wp\/v2\/types\/post"}],"author":[{"embeddable":true,"href":"https:\/\/tuzlainfo.ba\/index.php\/wp-json\/wp\/v2\/users\/2"}],"replies":[{"embeddable":true,"href":"https:\/\/tuzlainfo.ba\/index.php\/wp-json\/wp\/v2\/comments?post=314693"}],"version-history":[{"count":1,"href":"https:\/\/tuzlainfo.ba\/index.php\/wp-json\/wp\/v2\/posts\/314693\/revisions"}],"predecessor-version":[{"id":314695,"href":"https:\/\/tuzlainfo.ba\/index.php\/wp-json\/wp\/v2\/posts\/314693\/revisions\/314695"}],"wp:featuredmedia":[{"embeddable":true,"href":"https:\/\/tuzlainfo.ba\/index.php\/wp-json\/wp\/v2\/media\/314694"}],"wp:attachment":[{"href":"https:\/\/tuzlainfo.ba\/index.php\/wp-json\/wp\/v2\/media?parent=314693"}],"wp:term":[{"taxonomy":"category","embeddable":true,"href":"https:\/\/tuzlainfo.ba\/index.php\/wp-json\/wp\/v2\/categories?post=314693"},{"taxonomy":"post_tag","embeddable":true,"href":"https:\/\/tuzlainfo.ba\/index.php\/wp-json\/wp\/v2\/tags?post=314693"}],"curies":[{"name":"wp","href":"https:\/\/api.w.org\/{rel}","templated":true}]}}