{"id":314686,"date":"2026-09-02T19:19:19","date_gmt":"2026-09-02T17:19:19","guid":{"rendered":"https:\/\/tuzlainfo.ba\/?p=314686"},"modified":"2026-09-02T19:19:19","modified_gmt":"2026-09-02T17:19:19","slug":"niksic-i-dizdar-u-srebrenici-istina-o-genocidu-je-neupitna-velicanja-ratka-mladica-otvorila-mnoge-rane","status":"publish","type":"post","link":"https:\/\/tuzlainfo.ba\/index.php\/bosna-i-hercegovina\/item\/314686-niksic-i-dizdar-u-srebrenici-istina-o-genocidu-je-neupitna-velicanja-ratka-mladica-otvorila-mnoge-rane\/","title":{"rendered":"Nik\u0161i\u0107 i Dizdar u Srebrenici: Istina o genocidu je neupitna, veli\u010danja Ratka Mladi\u0107a otvorila mnoge rane"},"content":{"rendered":"<p class=\"PDq2pG_selectionAnchorContainer\" data-start=\"112\" data-end=\"336\">Premijer Federacije Bosne i Hercegovine Nermin Nik\u0161i\u0107 i federalni ministar raseljenih osoba i izbjeglica Nerin Dizdar posjetili su danas Srebrenicu, gdje su razgovarali s predstavnicima udru\u017eenja pre\u017eivjelih \u017ertava genocida.<\/p>\n<p data-start=\"338\" data-end=\"558\">Posjeta je uslijedila nakon \u0161to su proteklih dana, poslije smrti ratnog zlo\u010dinca Ratka Mladi\u0107a, prizori njegovog veli\u010danja ponovo izazvali uznemirenost javnosti, a posebno pre\u017eivjelih \u017ertava genocida i porodica ubijenih.<\/p>\n<p data-start=\"560\" data-end=\"723\">Nik\u0161i\u0107 je kazao da je u Srebrenicu do\u0161ao prije svega kako bi saslu\u0161ao ljude koje su posljednji doga\u0111aji ponovo suo\u010dili s traumama i bolnim iskustvima iz pro\u0161losti.<\/p>\n<p data-start=\"725\" data-end=\"1034\">\u201eZnam da su iza njih dani koji su ponovo otvorili mnoge rane. Zato sam danas ovdje da ih saslu\u0161am i ka\u017eem da nisu sami. Prizori veli\u010danja Ratka Mladi\u0107a posebno su bolni za ljude koji su pre\u017eivjeli genocid i porodice \u017ertava, jer ih ponovo suo\u010davaju s traumama i gubicima koje nose decenijama\u201c, rekao je Nik\u0161i\u0107.<\/p>\n<p data-start=\"1036\" data-end=\"1165\">Premijer FBiH naglasio je da veli\u010danje Mladi\u0107a ne mo\u017ee promijeniti \u010dinjenice utvr\u0111ene pravosna\u017enim presudama me\u0111unarodnih sudova.<\/p>\n<p data-start=\"1167\" data-end=\"1426\">\u201eIstina ostaje, kao i na\u0161a obaveza da je \u010duvamo. Genocid u Srebrenici nije stvar politi\u010dkog stava niti pitanje razli\u010ditog tuma\u010denja pro\u0161losti. To je sudski utvr\u0111ena \u010dinjenica. Niko nema pravo da je mijenja, umanjuje ili poku\u0161ava izbrisati\u201c, poru\u010dio je Nik\u0161i\u0107.<\/p>\n<p data-start=\"1428\" data-end=\"1608\">Govore\u0107i o \u017eivotu povratnika, istakao je da ljudi koji su se vratili u Srebrenicu i druga mjesta u kojima su po\u010dinjeni najte\u017ei zlo\u010dini imaju pravo \u017eivjeti sigurno i dostojanstveno.<\/p>\n<p data-start=\"1610\" data-end=\"1764\">\u201e\u017delimo Bosnu i Hercegovinu u kojoj se djeca povratnika ne boje i u kojoj se niko ne osje\u0107a manje vrijednim zato \u0161to se vratio na svoje\u201c, kazao je Nik\u0161i\u0107.<\/p>\n<p data-start=\"1766\" data-end=\"1977\">Posebno se osvrnuo na vi\u0161edecenijsku borbu majki Srebrenice za istinu i pravdu, navode\u0107i da njihova borba odavno nije samo njihova, ve\u0107 obaveza cijelog dru\u0161tva da pamti, govori istinu i \u010duva dostojanstvo \u017ertava.<\/p>\n<p data-start=\"1979\" data-end=\"2166\">Federalni ministar raseljenih osoba i izbjeglica Nerin Dizdar poru\u010dio je da institucije imaju posebnu odgovornost prema ljudima koji su se vratili u Srebrenicu i druga povratni\u010dka mjesta.<\/p>\n<p data-start=\"2168\" data-end=\"2383\">\u201ePovratnici moraju znati da nisu sami i neza\u0161ti\u0107eni. Institucije imaju obavezu da \u0161tite njihova prava, podr\u017eavaju povratak i stvaraju uslove u kojima ljudi mogu \u017eivjeti dostojanstveno i bez straha\u201c, rekao je Dizdar.<\/p>\n<p data-start=\"2385\" data-end=\"2482\">Dodao je da odgovornost institucija podrazumijeva i jasan odnos prema veli\u010danju ratnih zlo\u010dinaca.<\/p>\n<p data-start=\"2484\" data-end=\"2726\">\u201eNe mo\u017eemo govoriti o budu\u0107nosti Bosne i Hercegovine ako istovremeno dopu\u0161tamo veli\u010danje ljudi odgovornih za najte\u017ee zlo\u010dine. Moramo \u010duvati dostojanstvo \u017ertava i insistirati na istini koja je utvr\u0111ena pravosna\u017enim presudama\u201c, kazao je Dizdar.<\/p>\n<p data-start=\"2728\" data-end=\"2958\">Nik\u0161i\u0107 i Dizdar tokom boravka u Srebrenici posjetili su i Memorijalni centar Srebrenica, gdje su s direktorom Emirom Suljagi\u0107em razgovarali o unapre\u0111enju rada i podr\u0161ci Centru, saop\u0107eno je iz Ureda Vlade FBiH za odnose s javno\u0161\u0107u.<\/p>\n","protected":false},"excerpt":{"rendered":"<p>Premijer Federacije Bosne i Hercegovine Nermin Nik\u0161i\u0107 i federalni ministar raseljenih osoba i izbjeglica Nerin Dizdar posjetili su danas Srebrenicu, gdje su razgovarali s predstavnicima udru\u017eenja pre\u017eivjelih \u017ertava genocida. Posjeta je uslijedila nakon \u0161to su proteklih dana, poslije smrti ratnog zlo\u010dinca Ratka Mladi\u0107a, prizori njegovog veli\u010danja ponovo izazvali uznemirenost javnosti, a posebno pre\u017eivjelih \u017ertava genocida [&hellip;]<\/p>\n","protected":false},"author":2,"featured_media":314687,"comment_status":"closed","ping_status":"closed","sticky":false,"template":"","format":"standard","meta":{"footnotes":""},"categories":[291],"tags":[542],"class_list":["post-314686","post","type-post","status-publish","format-standard","has-post-thumbnail","hentry","category-bosna-i-hercegovina","tag-nermin-niksic"],"yoast_head":"<!-- This site is optimized with the Yoast SEO plugin v28.4 - https:\/\/yoast.com\/product\/yoast-seo-wordpress\/ -->\n<title>Nik\u0161i\u0107 i Dizdar u Srebrenici: Istina o genocidu je neupitna, veli\u010danja Ratka Mladi\u0107a otvorila mnoge rane<\/title>\n<meta name=\"robots\" content=\"index, follow, max-snippet:-1, max-image-preview:large, max-video-preview:-1\" \/>\n<link rel=\"canonical\" href=\"https:\/\/tuzlainfo.ba\/index.php\/bosna-i-hercegovina\/item\/314686-niksic-i-dizdar-u-srebrenici-istina-o-genocidu-je-neupitna-velicanja-ratka-mladica-otvorila-mnoge-rane\/\" \/>\n<meta property=\"og:locale\" content=\"bs_BA\" \/>\n<meta property=\"og:type\" content=\"article\" \/>\n<meta property=\"og:title\" content=\"Nik\u0161i\u0107 i Dizdar u Srebrenici: Istina o genocidu je neupitna, veli\u010danja Ratka Mladi\u0107a otvorila mnoge rane\" \/>\n<meta property=\"og:description\" content=\"Premijer Federacije Bosne i Hercegovine Nermin Nik\u0161i\u0107 i federalni ministar raseljenih osoba i izbjeglica Nerin Dizdar posjetili su danas Srebrenicu, gdje su razgovarali s predstavnicima udru\u017eenja pre\u017eivjelih \u017ertava genocida. Posjeta je uslijedila nakon \u0161to su proteklih dana, poslije smrti ratnog zlo\u010dinca Ratka Mladi\u0107a, prizori njegovog veli\u010danja ponovo izazvali uznemirenost javnosti, a posebno pre\u017eivjelih \u017ertava genocida [&hellip;]\" \/>\n<meta property=\"og:url\" content=\"https:\/\/tuzlainfo.ba\/index.php\/bosna-i-hercegovina\/item\/314686-niksic-i-dizdar-u-srebrenici-istina-o-genocidu-je-neupitna-velicanja-ratka-mladica-otvorila-mnoge-rane\/\" \/>\n<meta property=\"og:site_name\" content=\"TuzlaInfo.ba\" \/>\n<meta property=\"article:publisher\" content=\"https:\/\/www.facebook.com\/tuzlainfo.ba\/\" \/>\n<meta property=\"article:published_time\" content=\"2026-09-02T17:19:19+00:00\" \/>\n<meta property=\"og:image\" content=\"https:\/\/tuzlainfo.ba\/wp-content\/uploads\/2026\/09\/niksic1.jpg\" \/>\n\t<meta property=\"og:image:width\" content=\"800\" \/>\n\t<meta property=\"og:image:height\" content=\"450\" \/>\n\t<meta property=\"og:image:type\" content=\"image\/jpeg\" \/>\n<meta name=\"author\" content=\"nedim\" \/>\n<meta name=\"twitter:card\" content=\"summary_large_image\" \/>\n<meta name=\"twitter:label1\" content=\"Written by\" \/>\n\t<meta name=\"twitter:data1\" content=\"nedim\" \/>\n\t<meta name=\"twitter:label2\" content=\"Est. reading time\" \/>\n\t<meta name=\"twitter:data2\" content=\"3 minute\" \/>\n<script type=\"application\/ld+json\" class=\"yoast-schema-graph\">{\"@context\":\"https:\\\/\\\/schema.org\",\"@graph\":[{\"@type\":\"Article\",\"@id\":\"https:\\\/\\\/tuzlainfo.ba\\\/index.php\\\/bosna-i-hercegovina\\\/item\\\/314686-niksic-i-dizdar-u-srebrenici-istina-o-genocidu-je-neupitna-velicanja-ratka-mladica-otvorila-mnoge-rane\\\/#article\",\"isPartOf\":{\"@id\":\"https:\\\/\\\/tuzlainfo.ba\\\/index.php\\\/bosna-i-hercegovina\\\/item\\\/314686-niksic-i-dizdar-u-srebrenici-istina-o-genocidu-je-neupitna-velicanja-ratka-mladica-otvorila-mnoge-rane\\\/\"},\"author\":{\"name\":\"nedim\",\"@id\":\"https:\\\/\\\/tuzlainfo.ba\\\/#\\\/schema\\\/person\\\/f434e20dc27ea133923aab08451b7f7f\"},\"headline\":\"Nik\u0161i\u0107 i Dizdar u Srebrenici: Istina o genocidu je neupitna, veli\u010danja Ratka Mladi\u0107a otvorila mnoge rane\",\"datePublished\":\"2026-09-02T17:19:19+00:00\",\"mainEntityOfPage\":{\"@id\":\"https:\\\/\\\/tuzlainfo.ba\\\/index.php\\\/bosna-i-hercegovina\\\/item\\\/314686-niksic-i-dizdar-u-srebrenici-istina-o-genocidu-je-neupitna-velicanja-ratka-mladica-otvorila-mnoge-rane\\\/\"},\"wordCount\":509,\"publisher\":{\"@id\":\"https:\\\/\\\/tuzlainfo.ba\\\/#organization\"},\"image\":{\"@id\":\"https:\\\/\\\/tuzlainfo.ba\\\/index.php\\\/bosna-i-hercegovina\\\/item\\\/314686-niksic-i-dizdar-u-srebrenici-istina-o-genocidu-je-neupitna-velicanja-ratka-mladica-otvorila-mnoge-rane\\\/#primaryimage\"},\"thumbnailUrl\":\"https:\\\/\\\/tuzlainfo.ba\\\/wp-content\\\/uploads\\\/2026\\\/09\\\/niksic1.jpg\",\"keywords\":[\"nermin nik\u0161i\u0107\"],\"articleSection\":[\"Bosna i Hercegovina\"],\"inLanguage\":\"bs-BA\",\"copyrightYear\":\"2026\",\"copyrightHolder\":{\"@id\":\"https:\\\/\\\/tuzlainfo.ba\\\/#organization\"}},{\"@type\":\"WebPage\",\"@id\":\"https:\\\/\\\/tuzlainfo.ba\\\/index.php\\\/bosna-i-hercegovina\\\/item\\\/314686-niksic-i-dizdar-u-srebrenici-istina-o-genocidu-je-neupitna-velicanja-ratka-mladica-otvorila-mnoge-rane\\\/\",\"url\":\"https:\\\/\\\/tuzlainfo.ba\\\/index.php\\\/bosna-i-hercegovina\\\/item\\\/314686-niksic-i-dizdar-u-srebrenici-istina-o-genocidu-je-neupitna-velicanja-ratka-mladica-otvorila-mnoge-rane\\\/\",\"name\":\"Nik\u0161i\u0107 i Dizdar u Srebrenici: Istina o genocidu je neupitna, veli\u010danja Ratka Mladi\u0107a otvorila mnoge rane\",\"isPartOf\":{\"@id\":\"https:\\\/\\\/tuzlainfo.ba\\\/#website\"},\"primaryImageOfPage\":{\"@id\":\"https:\\\/\\\/tuzlainfo.ba\\\/index.php\\\/bosna-i-hercegovina\\\/item\\\/314686-niksic-i-dizdar-u-srebrenici-istina-o-genocidu-je-neupitna-velicanja-ratka-mladica-otvorila-mnoge-rane\\\/#primaryimage\"},\"image\":{\"@id\":\"https:\\\/\\\/tuzlainfo.ba\\\/index.php\\\/bosna-i-hercegovina\\\/item\\\/314686-niksic-i-dizdar-u-srebrenici-istina-o-genocidu-je-neupitna-velicanja-ratka-mladica-otvorila-mnoge-rane\\\/#primaryimage\"},\"thumbnailUrl\":\"https:\\\/\\\/tuzlainfo.ba\\\/wp-content\\\/uploads\\\/2026\\\/09\\\/niksic1.jpg\",\"datePublished\":\"2026-09-02T17:19:19+00:00\",\"breadcrumb\":{\"@id\":\"https:\\\/\\\/tuzlainfo.ba\\\/index.php\\\/bosna-i-hercegovina\\\/item\\\/314686-niksic-i-dizdar-u-srebrenici-istina-o-genocidu-je-neupitna-velicanja-ratka-mladica-otvorila-mnoge-rane\\\/#breadcrumb\"},\"inLanguage\":\"bs-BA\",\"potentialAction\":[{\"@type\":\"ReadAction\",\"target\":[\"https:\\\/\\\/tuzlainfo.ba\\\/index.php\\\/bosna-i-hercegovina\\\/item\\\/314686-niksic-i-dizdar-u-srebrenici-istina-o-genocidu-je-neupitna-velicanja-ratka-mladica-otvorila-mnoge-rane\\\/\"]}]},{\"@type\":\"ImageObject\",\"inLanguage\":\"bs-BA\",\"@id\":\"https:\\\/\\\/tuzlainfo.ba\\\/index.php\\\/bosna-i-hercegovina\\\/item\\\/314686-niksic-i-dizdar-u-srebrenici-istina-o-genocidu-je-neupitna-velicanja-ratka-mladica-otvorila-mnoge-rane\\\/#primaryimage\",\"url\":\"https:\\\/\\\/tuzlainfo.ba\\\/wp-content\\\/uploads\\\/2026\\\/09\\\/niksic1.jpg\",\"contentUrl\":\"https:\\\/\\\/tuzlainfo.ba\\\/wp-content\\\/uploads\\\/2026\\\/09\\\/niksic1.jpg\",\"width\":800,\"height\":450},{\"@type\":\"BreadcrumbList\",\"@id\":\"https:\\\/\\\/tuzlainfo.ba\\\/index.php\\\/bosna-i-hercegovina\\\/item\\\/314686-niksic-i-dizdar-u-srebrenici-istina-o-genocidu-je-neupitna-velicanja-ratka-mladica-otvorila-mnoge-rane\\\/#breadcrumb\",\"itemListElement\":[{\"@type\":\"ListItem\",\"position\":1,\"name\":\"Home\",\"item\":\"https:\\\/\\\/tuzlainfo.ba\\\/\"},{\"@type\":\"ListItem\",\"position\":2,\"name\":\"Nik\u0161i\u0107 i Dizdar u Srebrenici: Istina o genocidu je neupitna, veli\u010danja Ratka Mladi\u0107a otvorila mnoge rane\"}]},{\"@type\":\"WebSite\",\"@id\":\"https:\\\/\\\/tuzlainfo.ba\\\/#website\",\"url\":\"https:\\\/\\\/tuzlainfo.ba\\\/\",\"name\":\"TuzlaInfo.ba\",\"description\":\"Tuzla info, gradski informator - Tuzla na dlanu\",\"publisher\":{\"@id\":\"https:\\\/\\\/tuzlainfo.ba\\\/#organization\"},\"potentialAction\":[{\"@type\":\"SearchAction\",\"target\":{\"@type\":\"EntryPoint\",\"urlTemplate\":\"https:\\\/\\\/tuzlainfo.ba\\\/?s={search_term_string}\"},\"query-input\":{\"@type\":\"PropertyValueSpecification\",\"valueRequired\":true,\"valueName\":\"search_term_string\"}}],\"inLanguage\":\"bs-BA\"},{\"@type\":\"Organization\",\"@id\":\"https:\\\/\\\/tuzlainfo.ba\\\/#organization\",\"name\":\"TuzlaInfo.ba\",\"url\":\"https:\\\/\\\/tuzlainfo.ba\\\/\",\"logo\":{\"@type\":\"ImageObject\",\"inLanguage\":\"bs-BA\",\"@id\":\"https:\\\/\\\/tuzlainfo.ba\\\/#\\\/schema\\\/logo\\\/image\\\/\",\"url\":\"https:\\\/\\\/tuzlainfo.ba\\\/wp-content\\\/uploads\\\/2021\\\/03\\\/logo-ver-3-1.png\",\"contentUrl\":\"https:\\\/\\\/tuzlainfo.ba\\\/wp-content\\\/uploads\\\/2021\\\/03\\\/logo-ver-3-1.png\",\"width\":350,\"height\":95,\"caption\":\"TuzlaInfo.ba\"},\"image\":{\"@id\":\"https:\\\/\\\/tuzlainfo.ba\\\/#\\\/schema\\\/logo\\\/image\\\/\"},\"sameAs\":[\"https:\\\/\\\/www.facebook.com\\\/tuzlainfo.ba\\\/\"]},{\"@type\":\"Person\",\"@id\":\"https:\\\/\\\/tuzlainfo.ba\\\/#\\\/schema\\\/person\\\/f434e20dc27ea133923aab08451b7f7f\",\"name\":\"nedim\",\"image\":{\"@type\":\"ImageObject\",\"inLanguage\":\"bs-BA\",\"@id\":\"https:\\\/\\\/secure.gravatar.com\\\/avatar\\\/5b928a2e7e70a54208d2eb6c1edcb75a5350d6ae97d5f0a701203d456823f6f3?s=96&d=mm&r=g\",\"url\":\"https:\\\/\\\/secure.gravatar.com\\\/avatar\\\/5b928a2e7e70a54208d2eb6c1edcb75a5350d6ae97d5f0a701203d456823f6f3?s=96&d=mm&r=g\",\"contentUrl\":\"https:\\\/\\\/secure.gravatar.com\\\/avatar\\\/5b928a2e7e70a54208d2eb6c1edcb75a5350d6ae97d5f0a701203d456823f6f3?s=96&d=mm&r=g\",\"caption\":\"nedim\"},\"description\":\"Tuzlainfo.ba pratite na dru\u0161tvenim mre\u017eama: Facebook, Instagram i Youtube. Svoje pri\u010de, upite i fotografije \u0161aljite na na\u0161u e-mail adresu.\"}]}<\/script>\n<!-- \/ Yoast SEO plugin. -->","yoast_head_json":{"title":"Nik\u0161i\u0107 i Dizdar u Srebrenici: Istina o genocidu je neupitna, veli\u010danja Ratka Mladi\u0107a otvorila mnoge rane","robots":{"index":"index","follow":"follow","max-snippet":"max-snippet:-1","max-image-preview":"max-image-preview:large","max-video-preview":"max-video-preview:-1"},"canonical":"https:\/\/tuzlainfo.ba\/index.php\/bosna-i-hercegovina\/item\/314686-niksic-i-dizdar-u-srebrenici-istina-o-genocidu-je-neupitna-velicanja-ratka-mladica-otvorila-mnoge-rane\/","og_locale":"bs_BA","og_type":"article","og_title":"Nik\u0161i\u0107 i Dizdar u Srebrenici: Istina o genocidu je neupitna, veli\u010danja Ratka Mladi\u0107a otvorila mnoge rane","og_description":"Premijer Federacije Bosne i Hercegovine Nermin Nik\u0161i\u0107 i federalni ministar raseljenih osoba i izbjeglica Nerin Dizdar posjetili su danas Srebrenicu, gdje su razgovarali s predstavnicima udru\u017eenja pre\u017eivjelih \u017ertava genocida. Posjeta je uslijedila nakon \u0161to su proteklih dana, poslije smrti ratnog zlo\u010dinca Ratka Mladi\u0107a, prizori njegovog veli\u010danja ponovo izazvali uznemirenost javnosti, a posebno pre\u017eivjelih \u017ertava genocida [&hellip;]","og_url":"https:\/\/tuzlainfo.ba\/index.php\/bosna-i-hercegovina\/item\/314686-niksic-i-dizdar-u-srebrenici-istina-o-genocidu-je-neupitna-velicanja-ratka-mladica-otvorila-mnoge-rane\/","og_site_name":"TuzlaInfo.ba","article_publisher":"https:\/\/www.facebook.com\/tuzlainfo.ba\/","article_published_time":"2026-09-02T17:19:19+00:00","og_image":[{"width":800,"height":450,"url":"https:\/\/tuzlainfo.ba\/wp-content\/uploads\/2026\/09\/niksic1.jpg","type":"image\/jpeg"}],"author":"nedim","twitter_card":"summary_large_image","twitter_misc":{"Written by":"nedim","Est. reading time":"3 minute"},"schema":{"@context":"https:\/\/schema.org","@graph":[{"@type":"Article","@id":"https:\/\/tuzlainfo.ba\/index.php\/bosna-i-hercegovina\/item\/314686-niksic-i-dizdar-u-srebrenici-istina-o-genocidu-je-neupitna-velicanja-ratka-mladica-otvorila-mnoge-rane\/#article","isPartOf":{"@id":"https:\/\/tuzlainfo.ba\/index.php\/bosna-i-hercegovina\/item\/314686-niksic-i-dizdar-u-srebrenici-istina-o-genocidu-je-neupitna-velicanja-ratka-mladica-otvorila-mnoge-rane\/"},"author":{"name":"nedim","@id":"https:\/\/tuzlainfo.ba\/#\/schema\/person\/f434e20dc27ea133923aab08451b7f7f"},"headline":"Nik\u0161i\u0107 i Dizdar u Srebrenici: Istina o genocidu je neupitna, veli\u010danja Ratka Mladi\u0107a otvorila mnoge rane","datePublished":"2026-09-02T17:19:19+00:00","mainEntityOfPage":{"@id":"https:\/\/tuzlainfo.ba\/index.php\/bosna-i-hercegovina\/item\/314686-niksic-i-dizdar-u-srebrenici-istina-o-genocidu-je-neupitna-velicanja-ratka-mladica-otvorila-mnoge-rane\/"},"wordCount":509,"publisher":{"@id":"https:\/\/tuzlainfo.ba\/#organization"},"image":{"@id":"https:\/\/tuzlainfo.ba\/index.php\/bosna-i-hercegovina\/item\/314686-niksic-i-dizdar-u-srebrenici-istina-o-genocidu-je-neupitna-velicanja-ratka-mladica-otvorila-mnoge-rane\/#primaryimage"},"thumbnailUrl":"https:\/\/tuzlainfo.ba\/wp-content\/uploads\/2026\/09\/niksic1.jpg","keywords":["nermin nik\u0161i\u0107"],"articleSection":["Bosna i Hercegovina"],"inLanguage":"bs-BA","copyrightYear":"2026","copyrightHolder":{"@id":"https:\/\/tuzlainfo.ba\/#organization"}},{"@type":"WebPage","@id":"https:\/\/tuzlainfo.ba\/index.php\/bosna-i-hercegovina\/item\/314686-niksic-i-dizdar-u-srebrenici-istina-o-genocidu-je-neupitna-velicanja-ratka-mladica-otvorila-mnoge-rane\/","url":"https:\/\/tuzlainfo.ba\/index.php\/bosna-i-hercegovina\/item\/314686-niksic-i-dizdar-u-srebrenici-istina-o-genocidu-je-neupitna-velicanja-ratka-mladica-otvorila-mnoge-rane\/","name":"Nik\u0161i\u0107 i Dizdar u Srebrenici: Istina o genocidu je neupitna, veli\u010danja Ratka Mladi\u0107a otvorila mnoge rane","isPartOf":{"@id":"https:\/\/tuzlainfo.ba\/#website"},"primaryImageOfPage":{"@id":"https:\/\/tuzlainfo.ba\/index.php\/bosna-i-hercegovina\/item\/314686-niksic-i-dizdar-u-srebrenici-istina-o-genocidu-je-neupitna-velicanja-ratka-mladica-otvorila-mnoge-rane\/#primaryimage"},"image":{"@id":"https:\/\/tuzlainfo.ba\/index.php\/bosna-i-hercegovina\/item\/314686-niksic-i-dizdar-u-srebrenici-istina-o-genocidu-je-neupitna-velicanja-ratka-mladica-otvorila-mnoge-rane\/#primaryimage"},"thumbnailUrl":"https:\/\/tuzlainfo.ba\/wp-content\/uploads\/2026\/09\/niksic1.jpg","datePublished":"2026-09-02T17:19:19+00:00","breadcrumb":{"@id":"https:\/\/tuzlainfo.ba\/index.php\/bosna-i-hercegovina\/item\/314686-niksic-i-dizdar-u-srebrenici-istina-o-genocidu-je-neupitna-velicanja-ratka-mladica-otvorila-mnoge-rane\/#breadcrumb"},"inLanguage":"bs-BA","potentialAction":[{"@type":"ReadAction","target":["https:\/\/tuzlainfo.ba\/index.php\/bosna-i-hercegovina\/item\/314686-niksic-i-dizdar-u-srebrenici-istina-o-genocidu-je-neupitna-velicanja-ratka-mladica-otvorila-mnoge-rane\/"]}]},{"@type":"ImageObject","inLanguage":"bs-BA","@id":"https:\/\/tuzlainfo.ba\/index.php\/bosna-i-hercegovina\/item\/314686-niksic-i-dizdar-u-srebrenici-istina-o-genocidu-je-neupitna-velicanja-ratka-mladica-otvorila-mnoge-rane\/#primaryimage","url":"https:\/\/tuzlainfo.ba\/wp-content\/uploads\/2026\/09\/niksic1.jpg","contentUrl":"https:\/\/tuzlainfo.ba\/wp-content\/uploads\/2026\/09\/niksic1.jpg","width":800,"height":450},{"@type":"BreadcrumbList","@id":"https:\/\/tuzlainfo.ba\/index.php\/bosna-i-hercegovina\/item\/314686-niksic-i-dizdar-u-srebrenici-istina-o-genocidu-je-neupitna-velicanja-ratka-mladica-otvorila-mnoge-rane\/#breadcrumb","itemListElement":[{"@type":"ListItem","position":1,"name":"Home","item":"https:\/\/tuzlainfo.ba\/"},{"@type":"ListItem","position":2,"name":"Nik\u0161i\u0107 i Dizdar u Srebrenici: Istina o genocidu je neupitna, veli\u010danja Ratka Mladi\u0107a otvorila mnoge rane"}]},{"@type":"WebSite","@id":"https:\/\/tuzlainfo.ba\/#website","url":"https:\/\/tuzlainfo.ba\/","name":"TuzlaInfo.ba","description":"Tuzla info, gradski informator - Tuzla na dlanu","publisher":{"@id":"https:\/\/tuzlainfo.ba\/#organization"},"potentialAction":[{"@type":"SearchAction","target":{"@type":"EntryPoint","urlTemplate":"https:\/\/tuzlainfo.ba\/?s={search_term_string}"},"query-input":{"@type":"PropertyValueSpecification","valueRequired":true,"valueName":"search_term_string"}}],"inLanguage":"bs-BA"},{"@type":"Organization","@id":"https:\/\/tuzlainfo.ba\/#organization","name":"TuzlaInfo.ba","url":"https:\/\/tuzlainfo.ba\/","logo":{"@type":"ImageObject","inLanguage":"bs-BA","@id":"https:\/\/tuzlainfo.ba\/#\/schema\/logo\/image\/","url":"https:\/\/tuzlainfo.ba\/wp-content\/uploads\/2021\/03\/logo-ver-3-1.png","contentUrl":"https:\/\/tuzlainfo.ba\/wp-content\/uploads\/2021\/03\/logo-ver-3-1.png","width":350,"height":95,"caption":"TuzlaInfo.ba"},"image":{"@id":"https:\/\/tuzlainfo.ba\/#\/schema\/logo\/image\/"},"sameAs":["https:\/\/www.facebook.com\/tuzlainfo.ba\/"]},{"@type":"Person","@id":"https:\/\/tuzlainfo.ba\/#\/schema\/person\/f434e20dc27ea133923aab08451b7f7f","name":"nedim","image":{"@type":"ImageObject","inLanguage":"bs-BA","@id":"https:\/\/secure.gravatar.com\/avatar\/5b928a2e7e70a54208d2eb6c1edcb75a5350d6ae97d5f0a701203d456823f6f3?s=96&d=mm&r=g","url":"https:\/\/secure.gravatar.com\/avatar\/5b928a2e7e70a54208d2eb6c1edcb75a5350d6ae97d5f0a701203d456823f6f3?s=96&d=mm&r=g","contentUrl":"https:\/\/secure.gravatar.com\/avatar\/5b928a2e7e70a54208d2eb6c1edcb75a5350d6ae97d5f0a701203d456823f6f3?s=96&d=mm&r=g","caption":"nedim"},"description":"Tuzlainfo.ba pratite na dru\u0161tvenim mre\u017eama: Facebook, Instagram i Youtube. Svoje pri\u010de, upite i fotografije \u0161aljite na na\u0161u e-mail adresu."}]}},"_links":{"self":[{"href":"https:\/\/tuzlainfo.ba\/index.php\/wp-json\/wp\/v2\/posts\/314686","targetHints":{"allow":["GET"]}}],"collection":[{"href":"https:\/\/tuzlainfo.ba\/index.php\/wp-json\/wp\/v2\/posts"}],"about":[{"href":"https:\/\/tuzlainfo.ba\/index.php\/wp-json\/wp\/v2\/types\/post"}],"author":[{"embeddable":true,"href":"https:\/\/tuzlainfo.ba\/index.php\/wp-json\/wp\/v2\/users\/2"}],"replies":[{"embeddable":true,"href":"https:\/\/tuzlainfo.ba\/index.php\/wp-json\/wp\/v2\/comments?post=314686"}],"version-history":[{"count":1,"href":"https:\/\/tuzlainfo.ba\/index.php\/wp-json\/wp\/v2\/posts\/314686\/revisions"}],"predecessor-version":[{"id":314688,"href":"https:\/\/tuzlainfo.ba\/index.php\/wp-json\/wp\/v2\/posts\/314686\/revisions\/314688"}],"wp:featuredmedia":[{"embeddable":true,"href":"https:\/\/tuzlainfo.ba\/index.php\/wp-json\/wp\/v2\/media\/314687"}],"wp:attachment":[{"href":"https:\/\/tuzlainfo.ba\/index.php\/wp-json\/wp\/v2\/media?parent=314686"}],"wp:term":[{"taxonomy":"category","embeddable":true,"href":"https:\/\/tuzlainfo.ba\/index.php\/wp-json\/wp\/v2\/categories?post=314686"},{"taxonomy":"post_tag","embeddable":true,"href":"https:\/\/tuzlainfo.ba\/index.php\/wp-json\/wp\/v2\/tags?post=314686"}],"curies":[{"name":"wp","href":"https:\/\/api.w.org\/{rel}","templated":true}]}}