{"id":314676,"date":"2026-09-02T18:41:07","date_gmt":"2026-09-02T16:41:07","guid":{"rendered":"https:\/\/tuzlainfo.ba\/?p=314676"},"modified":"2026-09-02T20:35:38","modified_gmt":"2026-09-02T18:35:38","slug":"husic-sazvao-vanrednu-press-konferenciju-prezentovat-ce-dokaze-o-milionskoj-steti-klubu","status":"publish","type":"post","link":"https:\/\/tuzlainfo.ba\/index.php\/novosti\/item\/314676-husic-sazvao-vanrednu-press-konferenciju-prezentovat-ce-dokaze-o-milionskoj-steti-klubu\/","title":{"rendered":"Husi\u0107 sazvao vanrednu press konferenciju, prezentovat \u0107e dokaze o milionskoj \u0161teti klubu"},"content":{"rendered":"<p class=\"PDq2pG_selectionAnchorContainer\" data-start=\"112\" data-end=\"306\">Predsjednik Upravnog odbora FK Sloboda Tuzla Azmir Husi\u0107 obratit \u0107e se javnosti na vanrednoj press konferenciji koja \u0107e biti odr\u017eana u petak, 4. septembra, u 9 sati u Press sali stadiona Tu\u0161anj.<\/p>\n<p data-start=\"308\" data-end=\"520\">Tema konferencije bit \u0107e odluka Upravnog odbora Slobode kojom je Aleksandru Jovi\u0107u, Elmiru \u0160e\u0107erbegovi\u0107u, Mariju Lovri\u0107u, Eldaru Jusufovi\u0107u i Sa\u0161i Arnautovi\u0107u zabranjeno prisustvo doga\u0111ajima koje organizuje klub.<\/p>\n<p data-start=\"522\" data-end=\"770\">Odluka je prethodnih dana izazvala brojne reakcije i otvorila pitanje na osnovu kojeg zakona, Statuta ili drugog akta rukovodstvo kluba mo\u017ee gra\u0111anima koji nemaju zabranu nadle\u017enog organa onemogu\u0107iti prisustvo utakmicama Slobode na stadionu Tu\u0161anj.<\/p>\n<p data-start=\"772\" data-end=\"1218\">Ranije smo problematizirali ovu odluku, posebno imaju\u0107i u vidu da Tu\u0161anj nije u vlasni\u0161tvu FK Sloboda, ve\u0107 je rije\u010d o gradskom sportskom kompleksu kojim upravlja JU Gradski stadion Tu\u0161anj. U javno dostupnom Statutu kluba tako\u0111er nismo prona\u0161li izri\u010ditu odredbu koja Upravnom odboru daje ovla\u0161tenje da zbog navodne materijalne \u0161tete ili postojanja krivi\u010dnog postupka pojedincima izrekne zabranu prisustva utakmicama i drugim doga\u0111ajima.<\/p>\n<p data-start=\"1220\" data-end=\"1507\">Upravo bi na dio tih pitanja odgovor trebao ponuditi Azmir Husi\u0107. Iz Slobode najavljuju da \u0107e tokom konferencije biti prezentovani, kako navode, \u201erazlozi i okolnosti zbog kojih nije dozvoljeno prisustvo doga\u0111ajima FK Sloboda odre\u0111enim osobama koje su klubu na\u010dinile vi\u0161emilionsku \u0161tetu\u201c.<\/p>\n<p data-start=\"1509\" data-end=\"1652\">Klub je najavio i predstavljanje relevantne dokumentacije i, kako su naveli u pozivu medijima, \u201evalidnih dokaza\u201c koji se odnose na ovaj slu\u010daj.<\/p>\n<p data-start=\"1654\" data-end=\"1902\">Va\u017eno je, me\u0111utim, naglasiti da su tvrdnje o vi\u0161emilionskoj \u0161teti za sada navodi FK Sloboda. Eventualnu krivi\u010dnu odgovornost pojedinaca ne utvr\u0111uje klub, ve\u0107 nadle\u017eni pravosudni organi, uz na\u010delo pretpostavke nevinosti do pravomo\u0107ne sudske presude.<\/p>\n<p data-start=\"2198\" data-end=\"2532\">Vanredna press konferencija tako dolazi nekoliko dana nakon \u0161to je odluka Upravnog odbora otvorila jednu od najkontroverznijih tema oko Slobode u posljednje vrijeme, ali i najavljenih tu\u017ebi zbog zabrana.<\/p>\n","protected":false},"excerpt":{"rendered":"<p>Predsjednik Upravnog odbora FK Sloboda Tuzla Azmir Husi\u0107 obratit \u0107e se javnosti na vanrednoj press konferenciji koja \u0107e biti odr\u017eana u petak, 4. septembra, u 9 sati u Press sali stadiona Tu\u0161anj. Tema konferencije bit \u0107e odluka Upravnog odbora Slobode kojom je Aleksandru Jovi\u0107u, Elmiru \u0160e\u0107erbegovi\u0107u, Mariju Lovri\u0107u, Eldaru Jusufovi\u0107u i Sa\u0161i Arnautovi\u0107u zabranjeno prisustvo [&hellip;]<\/p>\n","protected":false},"author":2,"featured_media":297968,"comment_status":"closed","ping_status":"closed","sticky":false,"template":"","format":"standard","meta":{"footnotes":""},"categories":[304,12,306],"tags":[4807,466,915],"class_list":["post-314676","post","type-post","status-publish","format-standard","has-post-thumbnail","hentry","category-istaknuto","category-novosti","category-preporucujemo","tag-azmir-husic","tag-fk-sloboda","tag-sport"],"yoast_head":"<!-- This site is optimized with the Yoast SEO plugin v28.4 - https:\/\/yoast.com\/product\/yoast-seo-wordpress\/ -->\n<title>Husi\u0107 sazvao vanrednu press konferenciju, prezentovat \u0107e dokaze o milionskoj \u0161teti klubu<\/title>\n<meta name=\"robots\" content=\"index, follow, max-snippet:-1, max-image-preview:large, max-video-preview:-1\" \/>\n<link rel=\"canonical\" href=\"https:\/\/tuzlainfo.ba\/index.php\/novosti\/item\/314676-husic-sazvao-vanrednu-press-konferenciju-prezentovat-ce-dokaze-o-milionskoj-steti-klubu\/\" \/>\n<meta property=\"og:locale\" content=\"bs_BA\" \/>\n<meta property=\"og:type\" content=\"article\" \/>\n<meta property=\"og:title\" content=\"Husi\u0107 sazvao vanrednu press konferenciju, prezentovat \u0107e dokaze o milionskoj \u0161teti klubu\" \/>\n<meta property=\"og:description\" content=\"Predsjednik Upravnog odbora FK Sloboda Tuzla Azmir Husi\u0107 obratit \u0107e se javnosti na vanrednoj press konferenciji koja \u0107e biti odr\u017eana u petak, 4. septembra, u 9 sati u Press sali stadiona Tu\u0161anj. Tema konferencije bit \u0107e odluka Upravnog odbora Slobode kojom je Aleksandru Jovi\u0107u, Elmiru \u0160e\u0107erbegovi\u0107u, Mariju Lovri\u0107u, Eldaru Jusufovi\u0107u i Sa\u0161i Arnautovi\u0107u zabranjeno prisustvo [&hellip;]\" \/>\n<meta property=\"og:url\" content=\"https:\/\/tuzlainfo.ba\/index.php\/novosti\/item\/314676-husic-sazvao-vanrednu-press-konferenciju-prezentovat-ce-dokaze-o-milionskoj-steti-klubu\/\" \/>\n<meta property=\"og:site_name\" content=\"TuzlaInfo.ba\" \/>\n<meta property=\"article:publisher\" content=\"https:\/\/www.facebook.com\/tuzlainfo.ba\/\" \/>\n<meta property=\"article:published_time\" content=\"2026-09-02T16:41:07+00:00\" \/>\n<meta property=\"article:modified_time\" content=\"2026-09-02T18:35:38+00:00\" \/>\n<meta property=\"og:image\" content=\"https:\/\/tuzlainfo.ba\/wp-content\/uploads\/2026\/03\/2103_Azmir_husic.jpg\" \/>\n\t<meta property=\"og:image:width\" content=\"1000\" \/>\n\t<meta property=\"og:image:height\" content=\"669\" \/>\n\t<meta property=\"og:image:type\" content=\"image\/jpeg\" \/>\n<meta name=\"author\" content=\"nedim\" \/>\n<meta name=\"twitter:card\" content=\"summary_large_image\" \/>\n<meta name=\"twitter:label1\" content=\"Written by\" \/>\n\t<meta name=\"twitter:data1\" content=\"nedim\" \/>\n\t<meta name=\"twitter:label2\" content=\"Est. reading time\" \/>\n\t<meta name=\"twitter:data2\" content=\"2 minute\" \/>\n<script type=\"application\/ld+json\" class=\"yoast-schema-graph\">{\"@context\":\"https:\\\/\\\/schema.org\",\"@graph\":[{\"@type\":\"Article\",\"@id\":\"https:\\\/\\\/tuzlainfo.ba\\\/index.php\\\/novosti\\\/item\\\/314676-husic-sazvao-vanrednu-press-konferenciju-prezentovat-ce-dokaze-o-milionskoj-steti-klubu\\\/#article\",\"isPartOf\":{\"@id\":\"https:\\\/\\\/tuzlainfo.ba\\\/index.php\\\/novosti\\\/item\\\/314676-husic-sazvao-vanrednu-press-konferenciju-prezentovat-ce-dokaze-o-milionskoj-steti-klubu\\\/\"},\"author\":{\"name\":\"nedim\",\"@id\":\"https:\\\/\\\/tuzlainfo.ba\\\/#\\\/schema\\\/person\\\/f434e20dc27ea133923aab08451b7f7f\"},\"headline\":\"Husi\u0107 sazvao vanrednu press konferenciju, prezentovat \u0107e dokaze o milionskoj \u0161teti klubu\",\"datePublished\":\"2026-09-02T16:41:07+00:00\",\"dateModified\":\"2026-09-02T18:35:38+00:00\",\"mainEntityOfPage\":{\"@id\":\"https:\\\/\\\/tuzlainfo.ba\\\/index.php\\\/novosti\\\/item\\\/314676-husic-sazvao-vanrednu-press-konferenciju-prezentovat-ce-dokaze-o-milionskoj-steti-klubu\\\/\"},\"wordCount\":329,\"publisher\":{\"@id\":\"https:\\\/\\\/tuzlainfo.ba\\\/#organization\"},\"image\":{\"@id\":\"https:\\\/\\\/tuzlainfo.ba\\\/index.php\\\/novosti\\\/item\\\/314676-husic-sazvao-vanrednu-press-konferenciju-prezentovat-ce-dokaze-o-milionskoj-steti-klubu\\\/#primaryimage\"},\"thumbnailUrl\":\"https:\\\/\\\/tuzlainfo.ba\\\/wp-content\\\/uploads\\\/2026\\\/03\\\/2103_Azmir_husic.jpg\",\"keywords\":[\"azmir husic\",\"fk sloboda\",\"sport\"],\"articleSection\":[\"Istaknuto\",\"Novosti\",\"Preporu\u010dujemo\"],\"inLanguage\":\"bs-BA\",\"copyrightYear\":\"2026\",\"copyrightHolder\":{\"@id\":\"https:\\\/\\\/tuzlainfo.ba\\\/#organization\"}},{\"@type\":\"WebPage\",\"@id\":\"https:\\\/\\\/tuzlainfo.ba\\\/index.php\\\/novosti\\\/item\\\/314676-husic-sazvao-vanrednu-press-konferenciju-prezentovat-ce-dokaze-o-milionskoj-steti-klubu\\\/\",\"url\":\"https:\\\/\\\/tuzlainfo.ba\\\/index.php\\\/novosti\\\/item\\\/314676-husic-sazvao-vanrednu-press-konferenciju-prezentovat-ce-dokaze-o-milionskoj-steti-klubu\\\/\",\"name\":\"Husi\u0107 sazvao vanrednu press konferenciju, prezentovat \u0107e dokaze o milionskoj \u0161teti klubu\",\"isPartOf\":{\"@id\":\"https:\\\/\\\/tuzlainfo.ba\\\/#website\"},\"primaryImageOfPage\":{\"@id\":\"https:\\\/\\\/tuzlainfo.ba\\\/index.php\\\/novosti\\\/item\\\/314676-husic-sazvao-vanrednu-press-konferenciju-prezentovat-ce-dokaze-o-milionskoj-steti-klubu\\\/#primaryimage\"},\"image\":{\"@id\":\"https:\\\/\\\/tuzlainfo.ba\\\/index.php\\\/novosti\\\/item\\\/314676-husic-sazvao-vanrednu-press-konferenciju-prezentovat-ce-dokaze-o-milionskoj-steti-klubu\\\/#primaryimage\"},\"thumbnailUrl\":\"https:\\\/\\\/tuzlainfo.ba\\\/wp-content\\\/uploads\\\/2026\\\/03\\\/2103_Azmir_husic.jpg\",\"datePublished\":\"2026-09-02T16:41:07+00:00\",\"dateModified\":\"2026-09-02T18:35:38+00:00\",\"breadcrumb\":{\"@id\":\"https:\\\/\\\/tuzlainfo.ba\\\/index.php\\\/novosti\\\/item\\\/314676-husic-sazvao-vanrednu-press-konferenciju-prezentovat-ce-dokaze-o-milionskoj-steti-klubu\\\/#breadcrumb\"},\"inLanguage\":\"bs-BA\",\"potentialAction\":[{\"@type\":\"ReadAction\",\"target\":[\"https:\\\/\\\/tuzlainfo.ba\\\/index.php\\\/novosti\\\/item\\\/314676-husic-sazvao-vanrednu-press-konferenciju-prezentovat-ce-dokaze-o-milionskoj-steti-klubu\\\/\"]}]},{\"@type\":\"ImageObject\",\"inLanguage\":\"bs-BA\",\"@id\":\"https:\\\/\\\/tuzlainfo.ba\\\/index.php\\\/novosti\\\/item\\\/314676-husic-sazvao-vanrednu-press-konferenciju-prezentovat-ce-dokaze-o-milionskoj-steti-klubu\\\/#primaryimage\",\"url\":\"https:\\\/\\\/tuzlainfo.ba\\\/wp-content\\\/uploads\\\/2026\\\/03\\\/2103_Azmir_husic.jpg\",\"contentUrl\":\"https:\\\/\\\/tuzlainfo.ba\\\/wp-content\\\/uploads\\\/2026\\\/03\\\/2103_Azmir_husic.jpg\",\"width\":1000,\"height\":669},{\"@type\":\"BreadcrumbList\",\"@id\":\"https:\\\/\\\/tuzlainfo.ba\\\/index.php\\\/novosti\\\/item\\\/314676-husic-sazvao-vanrednu-press-konferenciju-prezentovat-ce-dokaze-o-milionskoj-steti-klubu\\\/#breadcrumb\",\"itemListElement\":[{\"@type\":\"ListItem\",\"position\":1,\"name\":\"Home\",\"item\":\"https:\\\/\\\/tuzlainfo.ba\\\/\"},{\"@type\":\"ListItem\",\"position\":2,\"name\":\"Husi\u0107 sazvao vanrednu press konferenciju, prezentovat \u0107e dokaze o milionskoj \u0161teti klubu\"}]},{\"@type\":\"WebSite\",\"@id\":\"https:\\\/\\\/tuzlainfo.ba\\\/#website\",\"url\":\"https:\\\/\\\/tuzlainfo.ba\\\/\",\"name\":\"TuzlaInfo.ba\",\"description\":\"Tuzla info, gradski informator - Tuzla na dlanu\",\"publisher\":{\"@id\":\"https:\\\/\\\/tuzlainfo.ba\\\/#organization\"},\"potentialAction\":[{\"@type\":\"SearchAction\",\"target\":{\"@type\":\"EntryPoint\",\"urlTemplate\":\"https:\\\/\\\/tuzlainfo.ba\\\/?s={search_term_string}\"},\"query-input\":{\"@type\":\"PropertyValueSpecification\",\"valueRequired\":true,\"valueName\":\"search_term_string\"}}],\"inLanguage\":\"bs-BA\"},{\"@type\":\"Organization\",\"@id\":\"https:\\\/\\\/tuzlainfo.ba\\\/#organization\",\"name\":\"TuzlaInfo.ba\",\"url\":\"https:\\\/\\\/tuzlainfo.ba\\\/\",\"logo\":{\"@type\":\"ImageObject\",\"inLanguage\":\"bs-BA\",\"@id\":\"https:\\\/\\\/tuzlainfo.ba\\\/#\\\/schema\\\/logo\\\/image\\\/\",\"url\":\"https:\\\/\\\/tuzlainfo.ba\\\/wp-content\\\/uploads\\\/2021\\\/03\\\/logo-ver-3-1.png\",\"contentUrl\":\"https:\\\/\\\/tuzlainfo.ba\\\/wp-content\\\/uploads\\\/2021\\\/03\\\/logo-ver-3-1.png\",\"width\":350,\"height\":95,\"caption\":\"TuzlaInfo.ba\"},\"image\":{\"@id\":\"https:\\\/\\\/tuzlainfo.ba\\\/#\\\/schema\\\/logo\\\/image\\\/\"},\"sameAs\":[\"https:\\\/\\\/www.facebook.com\\\/tuzlainfo.ba\\\/\"]},{\"@type\":\"Person\",\"@id\":\"https:\\\/\\\/tuzlainfo.ba\\\/#\\\/schema\\\/person\\\/f434e20dc27ea133923aab08451b7f7f\",\"name\":\"nedim\",\"image\":{\"@type\":\"ImageObject\",\"inLanguage\":\"bs-BA\",\"@id\":\"https:\\\/\\\/secure.gravatar.com\\\/avatar\\\/5b928a2e7e70a54208d2eb6c1edcb75a5350d6ae97d5f0a701203d456823f6f3?s=96&d=mm&r=g\",\"url\":\"https:\\\/\\\/secure.gravatar.com\\\/avatar\\\/5b928a2e7e70a54208d2eb6c1edcb75a5350d6ae97d5f0a701203d456823f6f3?s=96&d=mm&r=g\",\"contentUrl\":\"https:\\\/\\\/secure.gravatar.com\\\/avatar\\\/5b928a2e7e70a54208d2eb6c1edcb75a5350d6ae97d5f0a701203d456823f6f3?s=96&d=mm&r=g\",\"caption\":\"nedim\"},\"description\":\"Tuzlainfo.ba pratite na dru\u0161tvenim mre\u017eama: Facebook, Instagram i Youtube. Svoje pri\u010de, upite i fotografije \u0161aljite na na\u0161u e-mail adresu.\"}]}<\/script>\n<!-- \/ Yoast SEO plugin. -->","yoast_head_json":{"title":"Husi\u0107 sazvao vanrednu press konferenciju, prezentovat \u0107e dokaze o milionskoj \u0161teti klubu","robots":{"index":"index","follow":"follow","max-snippet":"max-snippet:-1","max-image-preview":"max-image-preview:large","max-video-preview":"max-video-preview:-1"},"canonical":"https:\/\/tuzlainfo.ba\/index.php\/novosti\/item\/314676-husic-sazvao-vanrednu-press-konferenciju-prezentovat-ce-dokaze-o-milionskoj-steti-klubu\/","og_locale":"bs_BA","og_type":"article","og_title":"Husi\u0107 sazvao vanrednu press konferenciju, prezentovat \u0107e dokaze o milionskoj \u0161teti klubu","og_description":"Predsjednik Upravnog odbora FK Sloboda Tuzla Azmir Husi\u0107 obratit \u0107e se javnosti na vanrednoj press konferenciji koja \u0107e biti odr\u017eana u petak, 4. septembra, u 9 sati u Press sali stadiona Tu\u0161anj. Tema konferencije bit \u0107e odluka Upravnog odbora Slobode kojom je Aleksandru Jovi\u0107u, Elmiru \u0160e\u0107erbegovi\u0107u, Mariju Lovri\u0107u, Eldaru Jusufovi\u0107u i Sa\u0161i Arnautovi\u0107u zabranjeno prisustvo [&hellip;]","og_url":"https:\/\/tuzlainfo.ba\/index.php\/novosti\/item\/314676-husic-sazvao-vanrednu-press-konferenciju-prezentovat-ce-dokaze-o-milionskoj-steti-klubu\/","og_site_name":"TuzlaInfo.ba","article_publisher":"https:\/\/www.facebook.com\/tuzlainfo.ba\/","article_published_time":"2026-09-02T16:41:07+00:00","article_modified_time":"2026-09-02T18:35:38+00:00","og_image":[{"width":1000,"height":669,"url":"https:\/\/tuzlainfo.ba\/wp-content\/uploads\/2026\/03\/2103_Azmir_husic.jpg","type":"image\/jpeg"}],"author":"nedim","twitter_card":"summary_large_image","twitter_misc":{"Written by":"nedim","Est. reading time":"2 minute"},"schema":{"@context":"https:\/\/schema.org","@graph":[{"@type":"Article","@id":"https:\/\/tuzlainfo.ba\/index.php\/novosti\/item\/314676-husic-sazvao-vanrednu-press-konferenciju-prezentovat-ce-dokaze-o-milionskoj-steti-klubu\/#article","isPartOf":{"@id":"https:\/\/tuzlainfo.ba\/index.php\/novosti\/item\/314676-husic-sazvao-vanrednu-press-konferenciju-prezentovat-ce-dokaze-o-milionskoj-steti-klubu\/"},"author":{"name":"nedim","@id":"https:\/\/tuzlainfo.ba\/#\/schema\/person\/f434e20dc27ea133923aab08451b7f7f"},"headline":"Husi\u0107 sazvao vanrednu press konferenciju, prezentovat \u0107e dokaze o milionskoj \u0161teti klubu","datePublished":"2026-09-02T16:41:07+00:00","dateModified":"2026-09-02T18:35:38+00:00","mainEntityOfPage":{"@id":"https:\/\/tuzlainfo.ba\/index.php\/novosti\/item\/314676-husic-sazvao-vanrednu-press-konferenciju-prezentovat-ce-dokaze-o-milionskoj-steti-klubu\/"},"wordCount":329,"publisher":{"@id":"https:\/\/tuzlainfo.ba\/#organization"},"image":{"@id":"https:\/\/tuzlainfo.ba\/index.php\/novosti\/item\/314676-husic-sazvao-vanrednu-press-konferenciju-prezentovat-ce-dokaze-o-milionskoj-steti-klubu\/#primaryimage"},"thumbnailUrl":"https:\/\/tuzlainfo.ba\/wp-content\/uploads\/2026\/03\/2103_Azmir_husic.jpg","keywords":["azmir husic","fk sloboda","sport"],"articleSection":["Istaknuto","Novosti","Preporu\u010dujemo"],"inLanguage":"bs-BA","copyrightYear":"2026","copyrightHolder":{"@id":"https:\/\/tuzlainfo.ba\/#organization"}},{"@type":"WebPage","@id":"https:\/\/tuzlainfo.ba\/index.php\/novosti\/item\/314676-husic-sazvao-vanrednu-press-konferenciju-prezentovat-ce-dokaze-o-milionskoj-steti-klubu\/","url":"https:\/\/tuzlainfo.ba\/index.php\/novosti\/item\/314676-husic-sazvao-vanrednu-press-konferenciju-prezentovat-ce-dokaze-o-milionskoj-steti-klubu\/","name":"Husi\u0107 sazvao vanrednu press konferenciju, prezentovat \u0107e dokaze o milionskoj \u0161teti klubu","isPartOf":{"@id":"https:\/\/tuzlainfo.ba\/#website"},"primaryImageOfPage":{"@id":"https:\/\/tuzlainfo.ba\/index.php\/novosti\/item\/314676-husic-sazvao-vanrednu-press-konferenciju-prezentovat-ce-dokaze-o-milionskoj-steti-klubu\/#primaryimage"},"image":{"@id":"https:\/\/tuzlainfo.ba\/index.php\/novosti\/item\/314676-husic-sazvao-vanrednu-press-konferenciju-prezentovat-ce-dokaze-o-milionskoj-steti-klubu\/#primaryimage"},"thumbnailUrl":"https:\/\/tuzlainfo.ba\/wp-content\/uploads\/2026\/03\/2103_Azmir_husic.jpg","datePublished":"2026-09-02T16:41:07+00:00","dateModified":"2026-09-02T18:35:38+00:00","breadcrumb":{"@id":"https:\/\/tuzlainfo.ba\/index.php\/novosti\/item\/314676-husic-sazvao-vanrednu-press-konferenciju-prezentovat-ce-dokaze-o-milionskoj-steti-klubu\/#breadcrumb"},"inLanguage":"bs-BA","potentialAction":[{"@type":"ReadAction","target":["https:\/\/tuzlainfo.ba\/index.php\/novosti\/item\/314676-husic-sazvao-vanrednu-press-konferenciju-prezentovat-ce-dokaze-o-milionskoj-steti-klubu\/"]}]},{"@type":"ImageObject","inLanguage":"bs-BA","@id":"https:\/\/tuzlainfo.ba\/index.php\/novosti\/item\/314676-husic-sazvao-vanrednu-press-konferenciju-prezentovat-ce-dokaze-o-milionskoj-steti-klubu\/#primaryimage","url":"https:\/\/tuzlainfo.ba\/wp-content\/uploads\/2026\/03\/2103_Azmir_husic.jpg","contentUrl":"https:\/\/tuzlainfo.ba\/wp-content\/uploads\/2026\/03\/2103_Azmir_husic.jpg","width":1000,"height":669},{"@type":"BreadcrumbList","@id":"https:\/\/tuzlainfo.ba\/index.php\/novosti\/item\/314676-husic-sazvao-vanrednu-press-konferenciju-prezentovat-ce-dokaze-o-milionskoj-steti-klubu\/#breadcrumb","itemListElement":[{"@type":"ListItem","position":1,"name":"Home","item":"https:\/\/tuzlainfo.ba\/"},{"@type":"ListItem","position":2,"name":"Husi\u0107 sazvao vanrednu press konferenciju, prezentovat \u0107e dokaze o milionskoj \u0161teti klubu"}]},{"@type":"WebSite","@id":"https:\/\/tuzlainfo.ba\/#website","url":"https:\/\/tuzlainfo.ba\/","name":"TuzlaInfo.ba","description":"Tuzla info, gradski informator - Tuzla na dlanu","publisher":{"@id":"https:\/\/tuzlainfo.ba\/#organization"},"potentialAction":[{"@type":"SearchAction","target":{"@type":"EntryPoint","urlTemplate":"https:\/\/tuzlainfo.ba\/?s={search_term_string}"},"query-input":{"@type":"PropertyValueSpecification","valueRequired":true,"valueName":"search_term_string"}}],"inLanguage":"bs-BA"},{"@type":"Organization","@id":"https:\/\/tuzlainfo.ba\/#organization","name":"TuzlaInfo.ba","url":"https:\/\/tuzlainfo.ba\/","logo":{"@type":"ImageObject","inLanguage":"bs-BA","@id":"https:\/\/tuzlainfo.ba\/#\/schema\/logo\/image\/","url":"https:\/\/tuzlainfo.ba\/wp-content\/uploads\/2021\/03\/logo-ver-3-1.png","contentUrl":"https:\/\/tuzlainfo.ba\/wp-content\/uploads\/2021\/03\/logo-ver-3-1.png","width":350,"height":95,"caption":"TuzlaInfo.ba"},"image":{"@id":"https:\/\/tuzlainfo.ba\/#\/schema\/logo\/image\/"},"sameAs":["https:\/\/www.facebook.com\/tuzlainfo.ba\/"]},{"@type":"Person","@id":"https:\/\/tuzlainfo.ba\/#\/schema\/person\/f434e20dc27ea133923aab08451b7f7f","name":"nedim","image":{"@type":"ImageObject","inLanguage":"bs-BA","@id":"https:\/\/secure.gravatar.com\/avatar\/5b928a2e7e70a54208d2eb6c1edcb75a5350d6ae97d5f0a701203d456823f6f3?s=96&d=mm&r=g","url":"https:\/\/secure.gravatar.com\/avatar\/5b928a2e7e70a54208d2eb6c1edcb75a5350d6ae97d5f0a701203d456823f6f3?s=96&d=mm&r=g","contentUrl":"https:\/\/secure.gravatar.com\/avatar\/5b928a2e7e70a54208d2eb6c1edcb75a5350d6ae97d5f0a701203d456823f6f3?s=96&d=mm&r=g","caption":"nedim"},"description":"Tuzlainfo.ba pratite na dru\u0161tvenim mre\u017eama: Facebook, Instagram i Youtube. Svoje pri\u010de, upite i fotografije \u0161aljite na na\u0161u e-mail adresu."}]}},"_links":{"self":[{"href":"https:\/\/tuzlainfo.ba\/index.php\/wp-json\/wp\/v2\/posts\/314676","targetHints":{"allow":["GET"]}}],"collection":[{"href":"https:\/\/tuzlainfo.ba\/index.php\/wp-json\/wp\/v2\/posts"}],"about":[{"href":"https:\/\/tuzlainfo.ba\/index.php\/wp-json\/wp\/v2\/types\/post"}],"author":[{"embeddable":true,"href":"https:\/\/tuzlainfo.ba\/index.php\/wp-json\/wp\/v2\/users\/2"}],"replies":[{"embeddable":true,"href":"https:\/\/tuzlainfo.ba\/index.php\/wp-json\/wp\/v2\/comments?post=314676"}],"version-history":[{"count":1,"href":"https:\/\/tuzlainfo.ba\/index.php\/wp-json\/wp\/v2\/posts\/314676\/revisions"}],"predecessor-version":[{"id":314677,"href":"https:\/\/tuzlainfo.ba\/index.php\/wp-json\/wp\/v2\/posts\/314676\/revisions\/314677"}],"wp:featuredmedia":[{"embeddable":true,"href":"https:\/\/tuzlainfo.ba\/index.php\/wp-json\/wp\/v2\/media\/297968"}],"wp:attachment":[{"href":"https:\/\/tuzlainfo.ba\/index.php\/wp-json\/wp\/v2\/media?parent=314676"}],"wp:term":[{"taxonomy":"category","embeddable":true,"href":"https:\/\/tuzlainfo.ba\/index.php\/wp-json\/wp\/v2\/categories?post=314676"},{"taxonomy":"post_tag","embeddable":true,"href":"https:\/\/tuzlainfo.ba\/index.php\/wp-json\/wp\/v2\/tags?post=314676"}],"curies":[{"name":"wp","href":"https:\/\/api.w.org\/{rel}","templated":true}]}}