{"id":314664,"date":"2026-09-02T16:05:01","date_gmt":"2026-09-02T14:05:01","guid":{"rendered":"https:\/\/tuzlainfo.ba\/?p=314664"},"modified":"2026-09-02T15:07:10","modified_gmt":"2026-09-02T13:07:10","slug":"zavod-u-tuzli-novu-skolsku-godinu-docekao-s-131-ucenikom-najavljeno-i-novo-ulaganje","status":"publish","type":"post","link":"https:\/\/tuzlainfo.ba\/index.php\/novosti\/item\/314664-zavod-u-tuzli-novu-skolsku-godinu-docekao-s-131-ucenikom-najavljeno-i-novo-ulaganje\/","title":{"rendered":"Zavod u Tuzli novu \u0161kolsku godinu do\u010dekao s 131 u\u010denikom, najavljeno i novo ulaganje"},"content":{"rendered":"<p>Povodom po\u010detka nove \u0161kolske godine ministar obrazovanja i nauke Tuzlanskog kantona Ahmed Omerovi\u0107 posjetio je JU Zavod za odgoj i obrazovanje djece sa smetnjama u psihi\u010dkom i tjelesnom razvoju Tuzla.<\/p>\n<p>\u201eNa po\u010detku nove \u0161kolske godine \u017eelimo dati na zna\u010daju u\u010denicima i polaznicima drugih programa kao i njihovim roditeljima te zaposlenicima ove ustanove\u201c, rekao je ovom prilikom ministar obrazovanja i nauke TK Ahmed Omerovi\u0107 te napomenuo da je Vlada Tuzlanskog kantona s ciljem unapre\u0111enja i podr\u0161ke nastavnom procesu ulo\u017eila 45.050 KM za rekonstrukciju vodovodne mre\u017ee i opremu Zavoda.<\/p>\n<p>\u201eKontinuirano ula\u017eemo u pobolj\u0161anje uslova u ovoj ustanovi a pored razli\u010ditih rekonstrukcija ulagali smo i u posebnu opremu koja doprinosi boljem nastavnom procesu. Va\u017eno je naglasiti da u ovoj ustanovi, pored toga \u0161to \u0161kolu poha\u0111aju u\u010denici, imamo i dva specijalizirana programa za polaznike do 27. godine. Ova ustanova je posebno zna\u010dajna jer ima i internat gdje borave u\u010denici koji su iz daljih mjesta te je to dodatan motiv da vi\u0161e ula\u017eemo i podr\u017eavamo ovu ustanovu\u201c, rekao je ministar Omerovi\u0107.<\/p>\n<p>Zahvaliv\u0161i Vladi Tuzlanskog kantona i resornom ministarstvu \u0161to ula\u017ee velika sredstva za pobolj\u0161anje uslova rada Zavoda, direktorica Ai\u0161a Halilovi\u0107 je naglasila i da Ministarstvo obrazovanja i nauke TK kontinuirano prati rad ove obrazovne ustanove. Zavod u ovoj \u0161kolski godini ima za 11 u\u010denika vi\u0161e nego prethodne, odnosno ukupno 131 u\u010denika.<\/p>\n<p>\u201eImamo internatski smje\u0161taj djece po evropskim standardima. Tako\u0111er smo iz kapitalnih ulaganja nabavili specijaliziranu opremu za rad sa djecom a za ovu \u0161kolsku godinu krenuli smo s projektom rekonstrukcije vodovodne mre\u017ee. Mi pokrivamo kategoriju djece ili u\u010denika od \u0161est godina sa pred\u0161kolskim odgojem i obrazovanjem, zatim imamo osnovnu \u0161kolu, srednju grupu, grupe umjerene i te\u0161ke mentalne retardacije i autizma. Vlada i Ministarstvo su omogu\u0107ili i dva programa po kojima na\u0161i polaznici, oni koji zavr\u0161e osnovno i srednje obrazovanje,<\/p>\n<p>imaju priliku sve do 27. godine da nastave da dolaze u Zavod i rade na svom stru\u010dnom usavr\u0161avanju kroz razli\u010dite radionice.<\/p>\n<p>Predsjednik Udru\u017eenja \u201eImam pravo\u201c Vahidin Nuriki\u0107 pohvalio je rad Ministarstva obrazovanja i nauke jer su zadnjih 5 godina ulo\u017eili zna\u010dajna sredstva ali i izmijenili pedago\u0161ke standarde s ciljem pobolj\u0161anja kvaliteta obrazovanja kako u specijaliziranim ustanovama tako i u redovnim \u0161kolama.<\/p>\n<p>\u201eOvih 4-5 godina mo\u017eemo slobodno nazvati jednim revolucionarnim periodom kada je u pitanju pobolj\u0161avanje uslova obrazovanja za djecu sa pote\u0161ko\u0107ama u razvoju i djecu sa invaliditetom. Dobili smo prvo u inkluzivnom obrazovanju asistente u nastavi, \u0161to ranije nije bio slu\u010daj. Imamo skoro 500 djece i uklju\u010deno u redovne \u0161kole, pored djece koje imamo ovdje u Zavodu. To je veliko pobolj\u0161anje i olak\u0161anje nama roditeljima djece sa pote\u0161ko\u0107ama u razvoju\u201c, rekao je Nuriki\u0107 istaknuv\u0161i i velike napore koji su ulo\u017eeni u edukaciju kadrova koji obrazuju i pru\u017eaju podr\u0161ku djeci sa pote\u0161ko\u0107ama u razvoju.<\/p>\n","protected":false},"excerpt":{"rendered":"<p>Povodom po\u010detka nove \u0161kolske godine ministar obrazovanja i nauke Tuzlanskog kantona Ahmed Omerovi\u0107 posjetio je JU Zavod za odgoj i obrazovanje djece sa smetnjama u psihi\u010dkom i tjelesnom razvoju Tuzla. \u201eNa po\u010detku nove \u0161kolske godine \u017eelimo dati na zna\u010daju u\u010denicima i polaznicima drugih programa kao i njihovim roditeljima te zaposlenicima ove ustanove\u201c, rekao je ovom [&hellip;]<\/p>\n","protected":false},"author":4,"featured_media":314665,"comment_status":"closed","ping_status":"closed","sticky":false,"template":"","format":"standard","meta":{"footnotes":""},"categories":[304,12],"tags":[1994],"class_list":["post-314664","post","type-post","status-publish","format-standard","has-post-thumbnail","hentry","category-istaknuto","category-novosti","tag-ministarstvo-obrazovanja-i-nauke-tk"],"yoast_head":"<!-- This site is optimized with the Yoast SEO plugin v28.4 - https:\/\/yoast.com\/product\/yoast-seo-wordpress\/ -->\n<title>Zavod u Tuzli novu \u0161kolsku godinu do\u010dekao s 131 u\u010denikom, najavljeno i novo ulaganje<\/title>\n<meta name=\"robots\" content=\"index, follow, max-snippet:-1, max-image-preview:large, max-video-preview:-1\" \/>\n<link rel=\"canonical\" href=\"https:\/\/tuzlainfo.ba\/index.php\/novosti\/item\/314664-zavod-u-tuzli-novu-skolsku-godinu-docekao-s-131-ucenikom-najavljeno-i-novo-ulaganje\/\" \/>\n<meta property=\"og:locale\" content=\"bs_BA\" \/>\n<meta property=\"og:type\" content=\"article\" \/>\n<meta property=\"og:title\" content=\"Zavod u Tuzli novu \u0161kolsku godinu do\u010dekao s 131 u\u010denikom, najavljeno i novo ulaganje\" \/>\n<meta property=\"og:description\" content=\"Povodom po\u010detka nove \u0161kolske godine ministar obrazovanja i nauke Tuzlanskog kantona Ahmed Omerovi\u0107 posjetio je JU Zavod za odgoj i obrazovanje djece sa smetnjama u psihi\u010dkom i tjelesnom razvoju Tuzla. \u201eNa po\u010detku nove \u0161kolske godine \u017eelimo dati na zna\u010daju u\u010denicima i polaznicima drugih programa kao i njihovim roditeljima te zaposlenicima ove ustanove\u201c, rekao je ovom [&hellip;]\" \/>\n<meta property=\"og:url\" content=\"https:\/\/tuzlainfo.ba\/index.php\/novosti\/item\/314664-zavod-u-tuzli-novu-skolsku-godinu-docekao-s-131-ucenikom-najavljeno-i-novo-ulaganje\/\" \/>\n<meta property=\"og:site_name\" content=\"TuzlaInfo.ba\" \/>\n<meta property=\"article:publisher\" content=\"https:\/\/www.facebook.com\/tuzlainfo.ba\/\" \/>\n<meta property=\"article:published_time\" content=\"2026-09-02T14:05:01+00:00\" \/>\n<meta property=\"og:image\" content=\"https:\/\/tuzlainfo.ba\/wp-content\/uploads\/2026\/09\/IMG_0015.jpg\" \/>\n\t<meta property=\"og:image:width\" content=\"1800\" \/>\n\t<meta property=\"og:image:height\" content=\"1200\" \/>\n\t<meta property=\"og:image:type\" content=\"image\/jpeg\" \/>\n<meta name=\"author\" content=\"Tuzla Info\" \/>\n<meta name=\"twitter:card\" content=\"summary_large_image\" \/>\n<meta name=\"twitter:label1\" content=\"Written by\" \/>\n\t<meta name=\"twitter:data1\" content=\"Tuzla Info\" \/>\n\t<meta name=\"twitter:label2\" content=\"Est. reading time\" \/>\n\t<meta name=\"twitter:data2\" content=\"3 minute\" \/>\n<script type=\"application\/ld+json\" class=\"yoast-schema-graph\">{\"@context\":\"https:\\\/\\\/schema.org\",\"@graph\":[{\"@type\":\"Article\",\"@id\":\"https:\\\/\\\/tuzlainfo.ba\\\/index.php\\\/novosti\\\/item\\\/314664-zavod-u-tuzli-novu-skolsku-godinu-docekao-s-131-ucenikom-najavljeno-i-novo-ulaganje\\\/#article\",\"isPartOf\":{\"@id\":\"https:\\\/\\\/tuzlainfo.ba\\\/index.php\\\/novosti\\\/item\\\/314664-zavod-u-tuzli-novu-skolsku-godinu-docekao-s-131-ucenikom-najavljeno-i-novo-ulaganje\\\/\"},\"author\":{\"name\":\"Tuzla Info\",\"@id\":\"https:\\\/\\\/tuzlainfo.ba\\\/#\\\/schema\\\/person\\\/46cad4c57790cbc50781edd14870825a\"},\"headline\":\"Zavod u Tuzli novu \u0161kolsku godinu do\u010dekao s 131 u\u010denikom, najavljeno i novo ulaganje\",\"datePublished\":\"2026-09-02T14:05:01+00:00\",\"mainEntityOfPage\":{\"@id\":\"https:\\\/\\\/tuzlainfo.ba\\\/index.php\\\/novosti\\\/item\\\/314664-zavod-u-tuzli-novu-skolsku-godinu-docekao-s-131-ucenikom-najavljeno-i-novo-ulaganje\\\/\"},\"wordCount\":515,\"publisher\":{\"@id\":\"https:\\\/\\\/tuzlainfo.ba\\\/#organization\"},\"image\":{\"@id\":\"https:\\\/\\\/tuzlainfo.ba\\\/index.php\\\/novosti\\\/item\\\/314664-zavod-u-tuzli-novu-skolsku-godinu-docekao-s-131-ucenikom-najavljeno-i-novo-ulaganje\\\/#primaryimage\"},\"thumbnailUrl\":\"https:\\\/\\\/tuzlainfo.ba\\\/wp-content\\\/uploads\\\/2026\\\/09\\\/IMG_0015.jpg\",\"keywords\":[\"ministarstvo obrazovanja i nauke tk\"],\"articleSection\":[\"Istaknuto\",\"Novosti\"],\"inLanguage\":\"bs-BA\",\"copyrightYear\":\"2026\",\"copyrightHolder\":{\"@id\":\"https:\\\/\\\/tuzlainfo.ba\\\/#organization\"}},{\"@type\":\"WebPage\",\"@id\":\"https:\\\/\\\/tuzlainfo.ba\\\/index.php\\\/novosti\\\/item\\\/314664-zavod-u-tuzli-novu-skolsku-godinu-docekao-s-131-ucenikom-najavljeno-i-novo-ulaganje\\\/\",\"url\":\"https:\\\/\\\/tuzlainfo.ba\\\/index.php\\\/novosti\\\/item\\\/314664-zavod-u-tuzli-novu-skolsku-godinu-docekao-s-131-ucenikom-najavljeno-i-novo-ulaganje\\\/\",\"name\":\"Zavod u Tuzli novu \u0161kolsku godinu do\u010dekao s 131 u\u010denikom, najavljeno i novo ulaganje\",\"isPartOf\":{\"@id\":\"https:\\\/\\\/tuzlainfo.ba\\\/#website\"},\"primaryImageOfPage\":{\"@id\":\"https:\\\/\\\/tuzlainfo.ba\\\/index.php\\\/novosti\\\/item\\\/314664-zavod-u-tuzli-novu-skolsku-godinu-docekao-s-131-ucenikom-najavljeno-i-novo-ulaganje\\\/#primaryimage\"},\"image\":{\"@id\":\"https:\\\/\\\/tuzlainfo.ba\\\/index.php\\\/novosti\\\/item\\\/314664-zavod-u-tuzli-novu-skolsku-godinu-docekao-s-131-ucenikom-najavljeno-i-novo-ulaganje\\\/#primaryimage\"},\"thumbnailUrl\":\"https:\\\/\\\/tuzlainfo.ba\\\/wp-content\\\/uploads\\\/2026\\\/09\\\/IMG_0015.jpg\",\"datePublished\":\"2026-09-02T14:05:01+00:00\",\"breadcrumb\":{\"@id\":\"https:\\\/\\\/tuzlainfo.ba\\\/index.php\\\/novosti\\\/item\\\/314664-zavod-u-tuzli-novu-skolsku-godinu-docekao-s-131-ucenikom-najavljeno-i-novo-ulaganje\\\/#breadcrumb\"},\"inLanguage\":\"bs-BA\",\"potentialAction\":[{\"@type\":\"ReadAction\",\"target\":[\"https:\\\/\\\/tuzlainfo.ba\\\/index.php\\\/novosti\\\/item\\\/314664-zavod-u-tuzli-novu-skolsku-godinu-docekao-s-131-ucenikom-najavljeno-i-novo-ulaganje\\\/\"]}]},{\"@type\":\"ImageObject\",\"inLanguage\":\"bs-BA\",\"@id\":\"https:\\\/\\\/tuzlainfo.ba\\\/index.php\\\/novosti\\\/item\\\/314664-zavod-u-tuzli-novu-skolsku-godinu-docekao-s-131-ucenikom-najavljeno-i-novo-ulaganje\\\/#primaryimage\",\"url\":\"https:\\\/\\\/tuzlainfo.ba\\\/wp-content\\\/uploads\\\/2026\\\/09\\\/IMG_0015.jpg\",\"contentUrl\":\"https:\\\/\\\/tuzlainfo.ba\\\/wp-content\\\/uploads\\\/2026\\\/09\\\/IMG_0015.jpg\",\"width\":1800,\"height\":1200},{\"@type\":\"BreadcrumbList\",\"@id\":\"https:\\\/\\\/tuzlainfo.ba\\\/index.php\\\/novosti\\\/item\\\/314664-zavod-u-tuzli-novu-skolsku-godinu-docekao-s-131-ucenikom-najavljeno-i-novo-ulaganje\\\/#breadcrumb\",\"itemListElement\":[{\"@type\":\"ListItem\",\"position\":1,\"name\":\"Home\",\"item\":\"https:\\\/\\\/tuzlainfo.ba\\\/\"},{\"@type\":\"ListItem\",\"position\":2,\"name\":\"Zavod u Tuzli novu \u0161kolsku godinu do\u010dekao s 131 u\u010denikom, najavljeno i novo ulaganje\"}]},{\"@type\":\"WebSite\",\"@id\":\"https:\\\/\\\/tuzlainfo.ba\\\/#website\",\"url\":\"https:\\\/\\\/tuzlainfo.ba\\\/\",\"name\":\"TuzlaInfo.ba\",\"description\":\"Tuzla info, gradski informator - Tuzla na dlanu\",\"publisher\":{\"@id\":\"https:\\\/\\\/tuzlainfo.ba\\\/#organization\"},\"potentialAction\":[{\"@type\":\"SearchAction\",\"target\":{\"@type\":\"EntryPoint\",\"urlTemplate\":\"https:\\\/\\\/tuzlainfo.ba\\\/?s={search_term_string}\"},\"query-input\":{\"@type\":\"PropertyValueSpecification\",\"valueRequired\":true,\"valueName\":\"search_term_string\"}}],\"inLanguage\":\"bs-BA\"},{\"@type\":\"Organization\",\"@id\":\"https:\\\/\\\/tuzlainfo.ba\\\/#organization\",\"name\":\"TuzlaInfo.ba\",\"url\":\"https:\\\/\\\/tuzlainfo.ba\\\/\",\"logo\":{\"@type\":\"ImageObject\",\"inLanguage\":\"bs-BA\",\"@id\":\"https:\\\/\\\/tuzlainfo.ba\\\/#\\\/schema\\\/logo\\\/image\\\/\",\"url\":\"https:\\\/\\\/tuzlainfo.ba\\\/wp-content\\\/uploads\\\/2021\\\/03\\\/logo-ver-3-1.png\",\"contentUrl\":\"https:\\\/\\\/tuzlainfo.ba\\\/wp-content\\\/uploads\\\/2021\\\/03\\\/logo-ver-3-1.png\",\"width\":350,\"height\":95,\"caption\":\"TuzlaInfo.ba\"},\"image\":{\"@id\":\"https:\\\/\\\/tuzlainfo.ba\\\/#\\\/schema\\\/logo\\\/image\\\/\"},\"sameAs\":[\"https:\\\/\\\/www.facebook.com\\\/tuzlainfo.ba\\\/\"]},{\"@type\":\"Person\",\"@id\":\"https:\\\/\\\/tuzlainfo.ba\\\/#\\\/schema\\\/person\\\/46cad4c57790cbc50781edd14870825a\",\"name\":\"Tuzla Info\",\"image\":{\"@type\":\"ImageObject\",\"inLanguage\":\"bs-BA\",\"@id\":\"https:\\\/\\\/secure.gravatar.com\\\/avatar\\\/e980921b00fa2e552723a2386544734ce6885d2b2304ccca3f45186f9ca4031d?s=96&d=mm&r=g\",\"url\":\"https:\\\/\\\/secure.gravatar.com\\\/avatar\\\/e980921b00fa2e552723a2386544734ce6885d2b2304ccca3f45186f9ca4031d?s=96&d=mm&r=g\",\"contentUrl\":\"https:\\\/\\\/secure.gravatar.com\\\/avatar\\\/e980921b00fa2e552723a2386544734ce6885d2b2304ccca3f45186f9ca4031d?s=96&d=mm&r=g\",\"caption\":\"Tuzla Info\"}}]}<\/script>\n<!-- \/ Yoast SEO plugin. -->","yoast_head_json":{"title":"Zavod u Tuzli novu \u0161kolsku godinu do\u010dekao s 131 u\u010denikom, najavljeno i novo ulaganje","robots":{"index":"index","follow":"follow","max-snippet":"max-snippet:-1","max-image-preview":"max-image-preview:large","max-video-preview":"max-video-preview:-1"},"canonical":"https:\/\/tuzlainfo.ba\/index.php\/novosti\/item\/314664-zavod-u-tuzli-novu-skolsku-godinu-docekao-s-131-ucenikom-najavljeno-i-novo-ulaganje\/","og_locale":"bs_BA","og_type":"article","og_title":"Zavod u Tuzli novu \u0161kolsku godinu do\u010dekao s 131 u\u010denikom, najavljeno i novo ulaganje","og_description":"Povodom po\u010detka nove \u0161kolske godine ministar obrazovanja i nauke Tuzlanskog kantona Ahmed Omerovi\u0107 posjetio je JU Zavod za odgoj i obrazovanje djece sa smetnjama u psihi\u010dkom i tjelesnom razvoju Tuzla. \u201eNa po\u010detku nove \u0161kolske godine \u017eelimo dati na zna\u010daju u\u010denicima i polaznicima drugih programa kao i njihovim roditeljima te zaposlenicima ove ustanove\u201c, rekao je ovom [&hellip;]","og_url":"https:\/\/tuzlainfo.ba\/index.php\/novosti\/item\/314664-zavod-u-tuzli-novu-skolsku-godinu-docekao-s-131-ucenikom-najavljeno-i-novo-ulaganje\/","og_site_name":"TuzlaInfo.ba","article_publisher":"https:\/\/www.facebook.com\/tuzlainfo.ba\/","article_published_time":"2026-09-02T14:05:01+00:00","og_image":[{"width":1800,"height":1200,"url":"https:\/\/tuzlainfo.ba\/wp-content\/uploads\/2026\/09\/IMG_0015.jpg","type":"image\/jpeg"}],"author":"Tuzla Info","twitter_card":"summary_large_image","twitter_misc":{"Written by":"Tuzla Info","Est. reading time":"3 minute"},"schema":{"@context":"https:\/\/schema.org","@graph":[{"@type":"Article","@id":"https:\/\/tuzlainfo.ba\/index.php\/novosti\/item\/314664-zavod-u-tuzli-novu-skolsku-godinu-docekao-s-131-ucenikom-najavljeno-i-novo-ulaganje\/#article","isPartOf":{"@id":"https:\/\/tuzlainfo.ba\/index.php\/novosti\/item\/314664-zavod-u-tuzli-novu-skolsku-godinu-docekao-s-131-ucenikom-najavljeno-i-novo-ulaganje\/"},"author":{"name":"Tuzla Info","@id":"https:\/\/tuzlainfo.ba\/#\/schema\/person\/46cad4c57790cbc50781edd14870825a"},"headline":"Zavod u Tuzli novu \u0161kolsku godinu do\u010dekao s 131 u\u010denikom, najavljeno i novo ulaganje","datePublished":"2026-09-02T14:05:01+00:00","mainEntityOfPage":{"@id":"https:\/\/tuzlainfo.ba\/index.php\/novosti\/item\/314664-zavod-u-tuzli-novu-skolsku-godinu-docekao-s-131-ucenikom-najavljeno-i-novo-ulaganje\/"},"wordCount":515,"publisher":{"@id":"https:\/\/tuzlainfo.ba\/#organization"},"image":{"@id":"https:\/\/tuzlainfo.ba\/index.php\/novosti\/item\/314664-zavod-u-tuzli-novu-skolsku-godinu-docekao-s-131-ucenikom-najavljeno-i-novo-ulaganje\/#primaryimage"},"thumbnailUrl":"https:\/\/tuzlainfo.ba\/wp-content\/uploads\/2026\/09\/IMG_0015.jpg","keywords":["ministarstvo obrazovanja i nauke tk"],"articleSection":["Istaknuto","Novosti"],"inLanguage":"bs-BA","copyrightYear":"2026","copyrightHolder":{"@id":"https:\/\/tuzlainfo.ba\/#organization"}},{"@type":"WebPage","@id":"https:\/\/tuzlainfo.ba\/index.php\/novosti\/item\/314664-zavod-u-tuzli-novu-skolsku-godinu-docekao-s-131-ucenikom-najavljeno-i-novo-ulaganje\/","url":"https:\/\/tuzlainfo.ba\/index.php\/novosti\/item\/314664-zavod-u-tuzli-novu-skolsku-godinu-docekao-s-131-ucenikom-najavljeno-i-novo-ulaganje\/","name":"Zavod u Tuzli novu \u0161kolsku godinu do\u010dekao s 131 u\u010denikom, najavljeno i novo ulaganje","isPartOf":{"@id":"https:\/\/tuzlainfo.ba\/#website"},"primaryImageOfPage":{"@id":"https:\/\/tuzlainfo.ba\/index.php\/novosti\/item\/314664-zavod-u-tuzli-novu-skolsku-godinu-docekao-s-131-ucenikom-najavljeno-i-novo-ulaganje\/#primaryimage"},"image":{"@id":"https:\/\/tuzlainfo.ba\/index.php\/novosti\/item\/314664-zavod-u-tuzli-novu-skolsku-godinu-docekao-s-131-ucenikom-najavljeno-i-novo-ulaganje\/#primaryimage"},"thumbnailUrl":"https:\/\/tuzlainfo.ba\/wp-content\/uploads\/2026\/09\/IMG_0015.jpg","datePublished":"2026-09-02T14:05:01+00:00","breadcrumb":{"@id":"https:\/\/tuzlainfo.ba\/index.php\/novosti\/item\/314664-zavod-u-tuzli-novu-skolsku-godinu-docekao-s-131-ucenikom-najavljeno-i-novo-ulaganje\/#breadcrumb"},"inLanguage":"bs-BA","potentialAction":[{"@type":"ReadAction","target":["https:\/\/tuzlainfo.ba\/index.php\/novosti\/item\/314664-zavod-u-tuzli-novu-skolsku-godinu-docekao-s-131-ucenikom-najavljeno-i-novo-ulaganje\/"]}]},{"@type":"ImageObject","inLanguage":"bs-BA","@id":"https:\/\/tuzlainfo.ba\/index.php\/novosti\/item\/314664-zavod-u-tuzli-novu-skolsku-godinu-docekao-s-131-ucenikom-najavljeno-i-novo-ulaganje\/#primaryimage","url":"https:\/\/tuzlainfo.ba\/wp-content\/uploads\/2026\/09\/IMG_0015.jpg","contentUrl":"https:\/\/tuzlainfo.ba\/wp-content\/uploads\/2026\/09\/IMG_0015.jpg","width":1800,"height":1200},{"@type":"BreadcrumbList","@id":"https:\/\/tuzlainfo.ba\/index.php\/novosti\/item\/314664-zavod-u-tuzli-novu-skolsku-godinu-docekao-s-131-ucenikom-najavljeno-i-novo-ulaganje\/#breadcrumb","itemListElement":[{"@type":"ListItem","position":1,"name":"Home","item":"https:\/\/tuzlainfo.ba\/"},{"@type":"ListItem","position":2,"name":"Zavod u Tuzli novu \u0161kolsku godinu do\u010dekao s 131 u\u010denikom, najavljeno i novo ulaganje"}]},{"@type":"WebSite","@id":"https:\/\/tuzlainfo.ba\/#website","url":"https:\/\/tuzlainfo.ba\/","name":"TuzlaInfo.ba","description":"Tuzla info, gradski informator - Tuzla na dlanu","publisher":{"@id":"https:\/\/tuzlainfo.ba\/#organization"},"potentialAction":[{"@type":"SearchAction","target":{"@type":"EntryPoint","urlTemplate":"https:\/\/tuzlainfo.ba\/?s={search_term_string}"},"query-input":{"@type":"PropertyValueSpecification","valueRequired":true,"valueName":"search_term_string"}}],"inLanguage":"bs-BA"},{"@type":"Organization","@id":"https:\/\/tuzlainfo.ba\/#organization","name":"TuzlaInfo.ba","url":"https:\/\/tuzlainfo.ba\/","logo":{"@type":"ImageObject","inLanguage":"bs-BA","@id":"https:\/\/tuzlainfo.ba\/#\/schema\/logo\/image\/","url":"https:\/\/tuzlainfo.ba\/wp-content\/uploads\/2021\/03\/logo-ver-3-1.png","contentUrl":"https:\/\/tuzlainfo.ba\/wp-content\/uploads\/2021\/03\/logo-ver-3-1.png","width":350,"height":95,"caption":"TuzlaInfo.ba"},"image":{"@id":"https:\/\/tuzlainfo.ba\/#\/schema\/logo\/image\/"},"sameAs":["https:\/\/www.facebook.com\/tuzlainfo.ba\/"]},{"@type":"Person","@id":"https:\/\/tuzlainfo.ba\/#\/schema\/person\/46cad4c57790cbc50781edd14870825a","name":"Tuzla Info","image":{"@type":"ImageObject","inLanguage":"bs-BA","@id":"https:\/\/secure.gravatar.com\/avatar\/e980921b00fa2e552723a2386544734ce6885d2b2304ccca3f45186f9ca4031d?s=96&d=mm&r=g","url":"https:\/\/secure.gravatar.com\/avatar\/e980921b00fa2e552723a2386544734ce6885d2b2304ccca3f45186f9ca4031d?s=96&d=mm&r=g","contentUrl":"https:\/\/secure.gravatar.com\/avatar\/e980921b00fa2e552723a2386544734ce6885d2b2304ccca3f45186f9ca4031d?s=96&d=mm&r=g","caption":"Tuzla Info"}}]}},"_links":{"self":[{"href":"https:\/\/tuzlainfo.ba\/index.php\/wp-json\/wp\/v2\/posts\/314664","targetHints":{"allow":["GET"]}}],"collection":[{"href":"https:\/\/tuzlainfo.ba\/index.php\/wp-json\/wp\/v2\/posts"}],"about":[{"href":"https:\/\/tuzlainfo.ba\/index.php\/wp-json\/wp\/v2\/types\/post"}],"author":[{"embeddable":true,"href":"https:\/\/tuzlainfo.ba\/index.php\/wp-json\/wp\/v2\/users\/4"}],"replies":[{"embeddable":true,"href":"https:\/\/tuzlainfo.ba\/index.php\/wp-json\/wp\/v2\/comments?post=314664"}],"version-history":[{"count":1,"href":"https:\/\/tuzlainfo.ba\/index.php\/wp-json\/wp\/v2\/posts\/314664\/revisions"}],"predecessor-version":[{"id":314666,"href":"https:\/\/tuzlainfo.ba\/index.php\/wp-json\/wp\/v2\/posts\/314664\/revisions\/314666"}],"wp:featuredmedia":[{"embeddable":true,"href":"https:\/\/tuzlainfo.ba\/index.php\/wp-json\/wp\/v2\/media\/314665"}],"wp:attachment":[{"href":"https:\/\/tuzlainfo.ba\/index.php\/wp-json\/wp\/v2\/media?parent=314664"}],"wp:term":[{"taxonomy":"category","embeddable":true,"href":"https:\/\/tuzlainfo.ba\/index.php\/wp-json\/wp\/v2\/categories?post=314664"},{"taxonomy":"post_tag","embeddable":true,"href":"https:\/\/tuzlainfo.ba\/index.php\/wp-json\/wp\/v2\/tags?post=314664"}],"curies":[{"name":"wp","href":"https:\/\/api.w.org\/{rel}","templated":true}]}}