{"id":314632,"date":"2026-09-02T11:17:07","date_gmt":"2026-09-02T09:17:07","guid":{"rendered":"https:\/\/tuzlainfo.ba\/?p=314632"},"modified":"2026-09-02T11:17:07","modified_gmt":"2026-09-02T09:17:07","slug":"mehmedovic-poziva-institucije-na-hitnu-reakciju-sprijeciti-ukop-mladica-u-bih","status":"publish","type":"post","link":"https:\/\/tuzlainfo.ba\/index.php\/bosna-i-hercegovina\/item\/314632-mehmedovic-poziva-institucije-na-hitnu-reakciju-sprijeciti-ukop-mladica-u-bih\/","title":{"rendered":"Mehmedovi\u0107 poziva institucije na hitnu reakciju: Sprije\u010diti ukop Mladi\u0107a u BiH"},"content":{"rendered":"<p>Dr\u017eavni zastupnik i lider stranke Naprijed \u0160emsudin Mehmedovi\u0107 poru\u010dio je da se eventualni ukop Ratka Mladi\u0107a na teritoriji Bosne i Hercegovine mora sprije\u010diti, kako bi se onemogu\u0107ilo stvaranje mjesta okupljanja i glorifikacije osu\u0111enog ratnog zlo\u010dinca.<\/p>\n<p>Mehmedovi\u0107 je podsjetio da je Mladi\u0107 pravosna\u017eno osu\u0111en za genocid, zlo\u010dine protiv \u010dovje\u010dnosti i ratne zlo\u010dine, te da njegovo ime ostaje vezano za najte\u017ee zlo\u010dine po\u010dinjene tokom rata u Bosni i Hercegovini.<\/p>\n<p>\u201eNjegovo ime vezano je za opsadu Sarajeva, Srebrenicu i najte\u017ee zlo\u010dine po\u010dinjene nad gra\u0111anima Bosne i Hercegovine. Na\u0161a dr\u017eava ne smije dozvoliti da mjesto ukopa osu\u0111enog ratnog zlo\u010dinca postane mjesto odavanja po\u010dasti, okupljanja i stvaranja novog kulta zlo\u010dina\u201c, naveo je Mehmedovi\u0107.<\/p>\n<p>Upozorio je i na mogu\u0107nost da bi eventualno mjesto ukopa moglo biti zloupotrijebljeno u politi\u010dke i ideolo\u0161ke svrhe.<\/p>\n<p>\u201ePosebno je opasna mogu\u0107nost da bi takvo mjesto, uz politi\u010dku i institucionalnu podr\u0161ku vlasti Republike Srpske, vremenom moglo postati svojevrsno hodo\u010dasni\u010dko mjesto za one koji veli\u010daju Mladi\u0107a, negiraju genocid i nastavljaju graditi mitologiju i ideologiju na kojoj su po\u010dinjeni najstra\u0161niji zlo\u010dini u Bosni i Hercegovini\u201c, poru\u010dio je.<\/p>\n<p>Mehmedovi\u0107 je zbog toga pozvao nadle\u017ene dr\u017eavne institucije da hitno razmotre sve pravne mogu\u0107nosti i preduzmu korake kako bi se sprije\u010dilo da Mladi\u0107 bude ukopan na teritoriji Bosne i Hercegovine.<\/p>\n<p>Naglasio je da, kako je rekao, nije rije\u010d o osveti, ve\u0107 o odnosu dr\u017eave prema \u017ertvama i pravosna\u017enim presudama me\u0111unarodnih sudova.<\/p>\n<p>\u201eOvo nije pitanje osvete mrtvom \u010dovjeku. Ovo je pitanje odnosa dr\u017eave prema \u017ertvama, prema pravosna\u017enim presudama me\u0111unarodnih sudova i prema budu\u0107nosti na\u0161e zemlje. Ne mo\u017eemo dopustiti da se genocidna ideologija prenosi na nove generacije\u201c, rekao je Mehmedovi\u0107.<\/p>\n<p>Zaklju\u010dio je da Bosna i Hercegovina mora biti dr\u017eava koja \u0161titi dostojanstvo \u017ertava, a ne dr\u017eava koja \u0107e omogu\u0107iti, kako je naveo, \u201estvaranje svetili\u0161ta ratnim zlo\u010dincima\u201c.<\/p>\n","protected":false},"excerpt":{"rendered":"<p>Dr\u017eavni zastupnik i lider stranke Naprijed \u0160emsudin Mehmedovi\u0107 poru\u010dio je da se eventualni ukop Ratka Mladi\u0107a na teritoriji Bosne i Hercegovine mora sprije\u010diti, kako bi se onemogu\u0107ilo stvaranje mjesta okupljanja i glorifikacije osu\u0111enog ratnog zlo\u010dinca. Mehmedovi\u0107 je podsjetio da je Mladi\u0107 pravosna\u017eno osu\u0111en za genocid, zlo\u010dine protiv \u010dovje\u010dnosti i ratne zlo\u010dine, te da njegovo ime [&hellip;]<\/p>\n","protected":false},"author":8,"featured_media":294524,"comment_status":"closed","ping_status":"closed","sticky":false,"template":"","format":"standard","meta":{"footnotes":""},"categories":[291],"tags":[939,3735],"class_list":["post-314632","post","type-post","status-publish","format-standard","has-post-thumbnail","hentry","category-bosna-i-hercegovina","tag-ratko-mladic","tag-semsudin-mehmedovic"],"yoast_head":"<!-- This site is optimized with the Yoast SEO plugin v28.4 - https:\/\/yoast.com\/product\/yoast-seo-wordpress\/ -->\n<title>Mehmedovi\u0107 poziva institucije na hitnu reakciju: Sprije\u010diti ukop Mladi\u0107a u BiH<\/title>\n<meta name=\"robots\" content=\"index, follow, max-snippet:-1, max-image-preview:large, max-video-preview:-1\" \/>\n<link rel=\"canonical\" href=\"https:\/\/tuzlainfo.ba\/index.php\/bosna-i-hercegovina\/item\/314632-mehmedovic-poziva-institucije-na-hitnu-reakciju-sprijeciti-ukop-mladica-u-bih\/\" \/>\n<meta property=\"og:locale\" content=\"bs_BA\" \/>\n<meta property=\"og:type\" content=\"article\" \/>\n<meta property=\"og:title\" content=\"Mehmedovi\u0107 poziva institucije na hitnu reakciju: Sprije\u010diti ukop Mladi\u0107a u BiH\" \/>\n<meta property=\"og:description\" content=\"Dr\u017eavni zastupnik i lider stranke Naprijed \u0160emsudin Mehmedovi\u0107 poru\u010dio je da se eventualni ukop Ratka Mladi\u0107a na teritoriji Bosne i Hercegovine mora sprije\u010diti, kako bi se onemogu\u0107ilo stvaranje mjesta okupljanja i glorifikacije osu\u0111enog ratnog zlo\u010dinca. Mehmedovi\u0107 je podsjetio da je Mladi\u0107 pravosna\u017eno osu\u0111en za genocid, zlo\u010dine protiv \u010dovje\u010dnosti i ratne zlo\u010dine, te da njegovo ime [&hellip;]\" \/>\n<meta property=\"og:url\" content=\"https:\/\/tuzlainfo.ba\/index.php\/bosna-i-hercegovina\/item\/314632-mehmedovic-poziva-institucije-na-hitnu-reakciju-sprijeciti-ukop-mladica-u-bih\/\" \/>\n<meta property=\"og:site_name\" content=\"TuzlaInfo.ba\" \/>\n<meta property=\"article:publisher\" content=\"https:\/\/www.facebook.com\/tuzlainfo.ba\/\" \/>\n<meta property=\"article:published_time\" content=\"2026-09-02T09:17:07+00:00\" \/>\n<meta property=\"og:image\" content=\"https:\/\/tuzlainfo.ba\/wp-content\/uploads\/2026\/02\/Screenshot-2026-02-12-181903.png\" \/>\n\t<meta property=\"og:image:width\" content=\"1275\" \/>\n\t<meta property=\"og:image:height\" content=\"708\" \/>\n\t<meta property=\"og:image:type\" content=\"image\/png\" \/>\n<meta name=\"author\" content=\"Admin Tri\" \/>\n<meta name=\"twitter:card\" content=\"summary_large_image\" \/>\n<meta name=\"twitter:label1\" content=\"Written by\" \/>\n\t<meta name=\"twitter:data1\" content=\"Admin Tri\" \/>\n\t<meta name=\"twitter:label2\" content=\"Est. reading time\" \/>\n\t<meta name=\"twitter:data2\" content=\"2 minute\" \/>\n<script type=\"application\/ld+json\" class=\"yoast-schema-graph\">{\"@context\":\"https:\\\/\\\/schema.org\",\"@graph\":[{\"@type\":\"Article\",\"@id\":\"https:\\\/\\\/tuzlainfo.ba\\\/index.php\\\/bosna-i-hercegovina\\\/item\\\/314632-mehmedovic-poziva-institucije-na-hitnu-reakciju-sprijeciti-ukop-mladica-u-bih\\\/#article\",\"isPartOf\":{\"@id\":\"https:\\\/\\\/tuzlainfo.ba\\\/index.php\\\/bosna-i-hercegovina\\\/item\\\/314632-mehmedovic-poziva-institucije-na-hitnu-reakciju-sprijeciti-ukop-mladica-u-bih\\\/\"},\"author\":{\"name\":\"Admin Tri\",\"@id\":\"https:\\\/\\\/tuzlainfo.ba\\\/#\\\/schema\\\/person\\\/593e78a2f6378c5ba3e7600ecfa4e63a\"},\"headline\":\"Mehmedovi\u0107 poziva institucije na hitnu reakciju: Sprije\u010diti ukop Mladi\u0107a u BiH\",\"datePublished\":\"2026-09-02T09:17:07+00:00\",\"mainEntityOfPage\":{\"@id\":\"https:\\\/\\\/tuzlainfo.ba\\\/index.php\\\/bosna-i-hercegovina\\\/item\\\/314632-mehmedovic-poziva-institucije-na-hitnu-reakciju-sprijeciti-ukop-mladica-u-bih\\\/\"},\"wordCount\":358,\"publisher\":{\"@id\":\"https:\\\/\\\/tuzlainfo.ba\\\/#organization\"},\"image\":{\"@id\":\"https:\\\/\\\/tuzlainfo.ba\\\/index.php\\\/bosna-i-hercegovina\\\/item\\\/314632-mehmedovic-poziva-institucije-na-hitnu-reakciju-sprijeciti-ukop-mladica-u-bih\\\/#primaryimage\"},\"thumbnailUrl\":\"https:\\\/\\\/tuzlainfo.ba\\\/wp-content\\\/uploads\\\/2026\\\/02\\\/Screenshot-2026-02-12-181903.png\",\"keywords\":[\"ratko mladi\u0107\",\"\u0161emsudin mehmedovi\u0107\"],\"articleSection\":[\"Bosna i Hercegovina\"],\"inLanguage\":\"bs-BA\",\"copyrightYear\":\"2026\",\"copyrightHolder\":{\"@id\":\"https:\\\/\\\/tuzlainfo.ba\\\/#organization\"}},{\"@type\":\"WebPage\",\"@id\":\"https:\\\/\\\/tuzlainfo.ba\\\/index.php\\\/bosna-i-hercegovina\\\/item\\\/314632-mehmedovic-poziva-institucije-na-hitnu-reakciju-sprijeciti-ukop-mladica-u-bih\\\/\",\"url\":\"https:\\\/\\\/tuzlainfo.ba\\\/index.php\\\/bosna-i-hercegovina\\\/item\\\/314632-mehmedovic-poziva-institucije-na-hitnu-reakciju-sprijeciti-ukop-mladica-u-bih\\\/\",\"name\":\"Mehmedovi\u0107 poziva institucije na hitnu reakciju: Sprije\u010diti ukop Mladi\u0107a u BiH\",\"isPartOf\":{\"@id\":\"https:\\\/\\\/tuzlainfo.ba\\\/#website\"},\"primaryImageOfPage\":{\"@id\":\"https:\\\/\\\/tuzlainfo.ba\\\/index.php\\\/bosna-i-hercegovina\\\/item\\\/314632-mehmedovic-poziva-institucije-na-hitnu-reakciju-sprijeciti-ukop-mladica-u-bih\\\/#primaryimage\"},\"image\":{\"@id\":\"https:\\\/\\\/tuzlainfo.ba\\\/index.php\\\/bosna-i-hercegovina\\\/item\\\/314632-mehmedovic-poziva-institucije-na-hitnu-reakciju-sprijeciti-ukop-mladica-u-bih\\\/#primaryimage\"},\"thumbnailUrl\":\"https:\\\/\\\/tuzlainfo.ba\\\/wp-content\\\/uploads\\\/2026\\\/02\\\/Screenshot-2026-02-12-181903.png\",\"datePublished\":\"2026-09-02T09:17:07+00:00\",\"breadcrumb\":{\"@id\":\"https:\\\/\\\/tuzlainfo.ba\\\/index.php\\\/bosna-i-hercegovina\\\/item\\\/314632-mehmedovic-poziva-institucije-na-hitnu-reakciju-sprijeciti-ukop-mladica-u-bih\\\/#breadcrumb\"},\"inLanguage\":\"bs-BA\",\"potentialAction\":[{\"@type\":\"ReadAction\",\"target\":[\"https:\\\/\\\/tuzlainfo.ba\\\/index.php\\\/bosna-i-hercegovina\\\/item\\\/314632-mehmedovic-poziva-institucije-na-hitnu-reakciju-sprijeciti-ukop-mladica-u-bih\\\/\"]}]},{\"@type\":\"ImageObject\",\"inLanguage\":\"bs-BA\",\"@id\":\"https:\\\/\\\/tuzlainfo.ba\\\/index.php\\\/bosna-i-hercegovina\\\/item\\\/314632-mehmedovic-poziva-institucije-na-hitnu-reakciju-sprijeciti-ukop-mladica-u-bih\\\/#primaryimage\",\"url\":\"https:\\\/\\\/tuzlainfo.ba\\\/wp-content\\\/uploads\\\/2026\\\/02\\\/Screenshot-2026-02-12-181903.png\",\"contentUrl\":\"https:\\\/\\\/tuzlainfo.ba\\\/wp-content\\\/uploads\\\/2026\\\/02\\\/Screenshot-2026-02-12-181903.png\",\"width\":1275,\"height\":708},{\"@type\":\"BreadcrumbList\",\"@id\":\"https:\\\/\\\/tuzlainfo.ba\\\/index.php\\\/bosna-i-hercegovina\\\/item\\\/314632-mehmedovic-poziva-institucije-na-hitnu-reakciju-sprijeciti-ukop-mladica-u-bih\\\/#breadcrumb\",\"itemListElement\":[{\"@type\":\"ListItem\",\"position\":1,\"name\":\"Home\",\"item\":\"https:\\\/\\\/tuzlainfo.ba\\\/\"},{\"@type\":\"ListItem\",\"position\":2,\"name\":\"Mehmedovi\u0107 poziva institucije na hitnu reakciju: Sprije\u010diti ukop Mladi\u0107a u BiH\"}]},{\"@type\":\"WebSite\",\"@id\":\"https:\\\/\\\/tuzlainfo.ba\\\/#website\",\"url\":\"https:\\\/\\\/tuzlainfo.ba\\\/\",\"name\":\"TuzlaInfo.ba\",\"description\":\"Tuzla info, gradski informator - Tuzla na dlanu\",\"publisher\":{\"@id\":\"https:\\\/\\\/tuzlainfo.ba\\\/#organization\"},\"potentialAction\":[{\"@type\":\"SearchAction\",\"target\":{\"@type\":\"EntryPoint\",\"urlTemplate\":\"https:\\\/\\\/tuzlainfo.ba\\\/?s={search_term_string}\"},\"query-input\":{\"@type\":\"PropertyValueSpecification\",\"valueRequired\":true,\"valueName\":\"search_term_string\"}}],\"inLanguage\":\"bs-BA\"},{\"@type\":\"Organization\",\"@id\":\"https:\\\/\\\/tuzlainfo.ba\\\/#organization\",\"name\":\"TuzlaInfo.ba\",\"url\":\"https:\\\/\\\/tuzlainfo.ba\\\/\",\"logo\":{\"@type\":\"ImageObject\",\"inLanguage\":\"bs-BA\",\"@id\":\"https:\\\/\\\/tuzlainfo.ba\\\/#\\\/schema\\\/logo\\\/image\\\/\",\"url\":\"https:\\\/\\\/tuzlainfo.ba\\\/wp-content\\\/uploads\\\/2021\\\/03\\\/logo-ver-3-1.png\",\"contentUrl\":\"https:\\\/\\\/tuzlainfo.ba\\\/wp-content\\\/uploads\\\/2021\\\/03\\\/logo-ver-3-1.png\",\"width\":350,\"height\":95,\"caption\":\"TuzlaInfo.ba\"},\"image\":{\"@id\":\"https:\\\/\\\/tuzlainfo.ba\\\/#\\\/schema\\\/logo\\\/image\\\/\"},\"sameAs\":[\"https:\\\/\\\/www.facebook.com\\\/tuzlainfo.ba\\\/\"]},{\"@type\":\"Person\",\"@id\":\"https:\\\/\\\/tuzlainfo.ba\\\/#\\\/schema\\\/person\\\/593e78a2f6378c5ba3e7600ecfa4e63a\",\"name\":\"Admin Tri\",\"image\":{\"@type\":\"ImageObject\",\"inLanguage\":\"bs-BA\",\"@id\":\"https:\\\/\\\/secure.gravatar.com\\\/avatar\\\/b53a7f47acc7a09467757d8b2234cc38fa334b13599376e53104c0036b528ca1?s=96&d=mm&r=g\",\"url\":\"https:\\\/\\\/secure.gravatar.com\\\/avatar\\\/b53a7f47acc7a09467757d8b2234cc38fa334b13599376e53104c0036b528ca1?s=96&d=mm&r=g\",\"contentUrl\":\"https:\\\/\\\/secure.gravatar.com\\\/avatar\\\/b53a7f47acc7a09467757d8b2234cc38fa334b13599376e53104c0036b528ca1?s=96&d=mm&r=g\",\"caption\":\"Admin Tri\"},\"sameAs\":[\"https:\\\/\\\/tuzlainfo.ba\"]}]}<\/script>\n<!-- \/ Yoast SEO plugin. -->","yoast_head_json":{"title":"Mehmedovi\u0107 poziva institucije na hitnu reakciju: Sprije\u010diti ukop Mladi\u0107a u BiH","robots":{"index":"index","follow":"follow","max-snippet":"max-snippet:-1","max-image-preview":"max-image-preview:large","max-video-preview":"max-video-preview:-1"},"canonical":"https:\/\/tuzlainfo.ba\/index.php\/bosna-i-hercegovina\/item\/314632-mehmedovic-poziva-institucije-na-hitnu-reakciju-sprijeciti-ukop-mladica-u-bih\/","og_locale":"bs_BA","og_type":"article","og_title":"Mehmedovi\u0107 poziva institucije na hitnu reakciju: Sprije\u010diti ukop Mladi\u0107a u BiH","og_description":"Dr\u017eavni zastupnik i lider stranke Naprijed \u0160emsudin Mehmedovi\u0107 poru\u010dio je da se eventualni ukop Ratka Mladi\u0107a na teritoriji Bosne i Hercegovine mora sprije\u010diti, kako bi se onemogu\u0107ilo stvaranje mjesta okupljanja i glorifikacije osu\u0111enog ratnog zlo\u010dinca. Mehmedovi\u0107 je podsjetio da je Mladi\u0107 pravosna\u017eno osu\u0111en za genocid, zlo\u010dine protiv \u010dovje\u010dnosti i ratne zlo\u010dine, te da njegovo ime [&hellip;]","og_url":"https:\/\/tuzlainfo.ba\/index.php\/bosna-i-hercegovina\/item\/314632-mehmedovic-poziva-institucije-na-hitnu-reakciju-sprijeciti-ukop-mladica-u-bih\/","og_site_name":"TuzlaInfo.ba","article_publisher":"https:\/\/www.facebook.com\/tuzlainfo.ba\/","article_published_time":"2026-09-02T09:17:07+00:00","og_image":[{"width":1275,"height":708,"url":"https:\/\/tuzlainfo.ba\/wp-content\/uploads\/2026\/02\/Screenshot-2026-02-12-181903.png","type":"image\/png"}],"author":"Admin Tri","twitter_card":"summary_large_image","twitter_misc":{"Written by":"Admin Tri","Est. reading time":"2 minute"},"schema":{"@context":"https:\/\/schema.org","@graph":[{"@type":"Article","@id":"https:\/\/tuzlainfo.ba\/index.php\/bosna-i-hercegovina\/item\/314632-mehmedovic-poziva-institucije-na-hitnu-reakciju-sprijeciti-ukop-mladica-u-bih\/#article","isPartOf":{"@id":"https:\/\/tuzlainfo.ba\/index.php\/bosna-i-hercegovina\/item\/314632-mehmedovic-poziva-institucije-na-hitnu-reakciju-sprijeciti-ukop-mladica-u-bih\/"},"author":{"name":"Admin Tri","@id":"https:\/\/tuzlainfo.ba\/#\/schema\/person\/593e78a2f6378c5ba3e7600ecfa4e63a"},"headline":"Mehmedovi\u0107 poziva institucije na hitnu reakciju: Sprije\u010diti ukop Mladi\u0107a u BiH","datePublished":"2026-09-02T09:17:07+00:00","mainEntityOfPage":{"@id":"https:\/\/tuzlainfo.ba\/index.php\/bosna-i-hercegovina\/item\/314632-mehmedovic-poziva-institucije-na-hitnu-reakciju-sprijeciti-ukop-mladica-u-bih\/"},"wordCount":358,"publisher":{"@id":"https:\/\/tuzlainfo.ba\/#organization"},"image":{"@id":"https:\/\/tuzlainfo.ba\/index.php\/bosna-i-hercegovina\/item\/314632-mehmedovic-poziva-institucije-na-hitnu-reakciju-sprijeciti-ukop-mladica-u-bih\/#primaryimage"},"thumbnailUrl":"https:\/\/tuzlainfo.ba\/wp-content\/uploads\/2026\/02\/Screenshot-2026-02-12-181903.png","keywords":["ratko mladi\u0107","\u0161emsudin mehmedovi\u0107"],"articleSection":["Bosna i Hercegovina"],"inLanguage":"bs-BA","copyrightYear":"2026","copyrightHolder":{"@id":"https:\/\/tuzlainfo.ba\/#organization"}},{"@type":"WebPage","@id":"https:\/\/tuzlainfo.ba\/index.php\/bosna-i-hercegovina\/item\/314632-mehmedovic-poziva-institucije-na-hitnu-reakciju-sprijeciti-ukop-mladica-u-bih\/","url":"https:\/\/tuzlainfo.ba\/index.php\/bosna-i-hercegovina\/item\/314632-mehmedovic-poziva-institucije-na-hitnu-reakciju-sprijeciti-ukop-mladica-u-bih\/","name":"Mehmedovi\u0107 poziva institucije na hitnu reakciju: Sprije\u010diti ukop Mladi\u0107a u BiH","isPartOf":{"@id":"https:\/\/tuzlainfo.ba\/#website"},"primaryImageOfPage":{"@id":"https:\/\/tuzlainfo.ba\/index.php\/bosna-i-hercegovina\/item\/314632-mehmedovic-poziva-institucije-na-hitnu-reakciju-sprijeciti-ukop-mladica-u-bih\/#primaryimage"},"image":{"@id":"https:\/\/tuzlainfo.ba\/index.php\/bosna-i-hercegovina\/item\/314632-mehmedovic-poziva-institucije-na-hitnu-reakciju-sprijeciti-ukop-mladica-u-bih\/#primaryimage"},"thumbnailUrl":"https:\/\/tuzlainfo.ba\/wp-content\/uploads\/2026\/02\/Screenshot-2026-02-12-181903.png","datePublished":"2026-09-02T09:17:07+00:00","breadcrumb":{"@id":"https:\/\/tuzlainfo.ba\/index.php\/bosna-i-hercegovina\/item\/314632-mehmedovic-poziva-institucije-na-hitnu-reakciju-sprijeciti-ukop-mladica-u-bih\/#breadcrumb"},"inLanguage":"bs-BA","potentialAction":[{"@type":"ReadAction","target":["https:\/\/tuzlainfo.ba\/index.php\/bosna-i-hercegovina\/item\/314632-mehmedovic-poziva-institucije-na-hitnu-reakciju-sprijeciti-ukop-mladica-u-bih\/"]}]},{"@type":"ImageObject","inLanguage":"bs-BA","@id":"https:\/\/tuzlainfo.ba\/index.php\/bosna-i-hercegovina\/item\/314632-mehmedovic-poziva-institucije-na-hitnu-reakciju-sprijeciti-ukop-mladica-u-bih\/#primaryimage","url":"https:\/\/tuzlainfo.ba\/wp-content\/uploads\/2026\/02\/Screenshot-2026-02-12-181903.png","contentUrl":"https:\/\/tuzlainfo.ba\/wp-content\/uploads\/2026\/02\/Screenshot-2026-02-12-181903.png","width":1275,"height":708},{"@type":"BreadcrumbList","@id":"https:\/\/tuzlainfo.ba\/index.php\/bosna-i-hercegovina\/item\/314632-mehmedovic-poziva-institucije-na-hitnu-reakciju-sprijeciti-ukop-mladica-u-bih\/#breadcrumb","itemListElement":[{"@type":"ListItem","position":1,"name":"Home","item":"https:\/\/tuzlainfo.ba\/"},{"@type":"ListItem","position":2,"name":"Mehmedovi\u0107 poziva institucije na hitnu reakciju: Sprije\u010diti ukop Mladi\u0107a u BiH"}]},{"@type":"WebSite","@id":"https:\/\/tuzlainfo.ba\/#website","url":"https:\/\/tuzlainfo.ba\/","name":"TuzlaInfo.ba","description":"Tuzla info, gradski informator - Tuzla na dlanu","publisher":{"@id":"https:\/\/tuzlainfo.ba\/#organization"},"potentialAction":[{"@type":"SearchAction","target":{"@type":"EntryPoint","urlTemplate":"https:\/\/tuzlainfo.ba\/?s={search_term_string}"},"query-input":{"@type":"PropertyValueSpecification","valueRequired":true,"valueName":"search_term_string"}}],"inLanguage":"bs-BA"},{"@type":"Organization","@id":"https:\/\/tuzlainfo.ba\/#organization","name":"TuzlaInfo.ba","url":"https:\/\/tuzlainfo.ba\/","logo":{"@type":"ImageObject","inLanguage":"bs-BA","@id":"https:\/\/tuzlainfo.ba\/#\/schema\/logo\/image\/","url":"https:\/\/tuzlainfo.ba\/wp-content\/uploads\/2021\/03\/logo-ver-3-1.png","contentUrl":"https:\/\/tuzlainfo.ba\/wp-content\/uploads\/2021\/03\/logo-ver-3-1.png","width":350,"height":95,"caption":"TuzlaInfo.ba"},"image":{"@id":"https:\/\/tuzlainfo.ba\/#\/schema\/logo\/image\/"},"sameAs":["https:\/\/www.facebook.com\/tuzlainfo.ba\/"]},{"@type":"Person","@id":"https:\/\/tuzlainfo.ba\/#\/schema\/person\/593e78a2f6378c5ba3e7600ecfa4e63a","name":"Admin Tri","image":{"@type":"ImageObject","inLanguage":"bs-BA","@id":"https:\/\/secure.gravatar.com\/avatar\/b53a7f47acc7a09467757d8b2234cc38fa334b13599376e53104c0036b528ca1?s=96&d=mm&r=g","url":"https:\/\/secure.gravatar.com\/avatar\/b53a7f47acc7a09467757d8b2234cc38fa334b13599376e53104c0036b528ca1?s=96&d=mm&r=g","contentUrl":"https:\/\/secure.gravatar.com\/avatar\/b53a7f47acc7a09467757d8b2234cc38fa334b13599376e53104c0036b528ca1?s=96&d=mm&r=g","caption":"Admin Tri"},"sameAs":["https:\/\/tuzlainfo.ba"]}]}},"_links":{"self":[{"href":"https:\/\/tuzlainfo.ba\/index.php\/wp-json\/wp\/v2\/posts\/314632","targetHints":{"allow":["GET"]}}],"collection":[{"href":"https:\/\/tuzlainfo.ba\/index.php\/wp-json\/wp\/v2\/posts"}],"about":[{"href":"https:\/\/tuzlainfo.ba\/index.php\/wp-json\/wp\/v2\/types\/post"}],"author":[{"embeddable":true,"href":"https:\/\/tuzlainfo.ba\/index.php\/wp-json\/wp\/v2\/users\/8"}],"replies":[{"embeddable":true,"href":"https:\/\/tuzlainfo.ba\/index.php\/wp-json\/wp\/v2\/comments?post=314632"}],"version-history":[{"count":1,"href":"https:\/\/tuzlainfo.ba\/index.php\/wp-json\/wp\/v2\/posts\/314632\/revisions"}],"predecessor-version":[{"id":314641,"href":"https:\/\/tuzlainfo.ba\/index.php\/wp-json\/wp\/v2\/posts\/314632\/revisions\/314641"}],"wp:featuredmedia":[{"embeddable":true,"href":"https:\/\/tuzlainfo.ba\/index.php\/wp-json\/wp\/v2\/media\/294524"}],"wp:attachment":[{"href":"https:\/\/tuzlainfo.ba\/index.php\/wp-json\/wp\/v2\/media?parent=314632"}],"wp:term":[{"taxonomy":"category","embeddable":true,"href":"https:\/\/tuzlainfo.ba\/index.php\/wp-json\/wp\/v2\/categories?post=314632"},{"taxonomy":"post_tag","embeddable":true,"href":"https:\/\/tuzlainfo.ba\/index.php\/wp-json\/wp\/v2\/tags?post=314632"}],"curies":[{"name":"wp","href":"https:\/\/api.w.org\/{rel}","templated":true}]}}