{"id":314628,"date":"2026-09-02T10:19:01","date_gmt":"2026-09-02T08:19:01","guid":{"rendered":"https:\/\/tuzlainfo.ba\/?p=314628"},"modified":"2026-09-02T10:19:01","modified_gmt":"2026-09-02T08:19:01","slug":"preminuo-raif-dizdarevic-bivsi-predsjednik-predsjednistva-sfrj","status":"publish","type":"post","link":"https:\/\/tuzlainfo.ba\/index.php\/bosna-i-hercegovina\/item\/314628-preminuo-raif-dizdarevic-bivsi-predsjednik-predsjednistva-sfrj\/","title":{"rendered":"Preminuo Raif Dizdarevi\u0107, biv\u0161i predsjednik Predsjedni\u0161tva SFRJ"},"content":{"rendered":"<p>U Sarajevu je danas, u 100. godini \u017eivota, preminuo Raif Dizdarevi\u0107, antifa\u0161ista, politi\u010dar i diplomata te nekada\u0161nji predsjednik Predsjedni\u0161tva Bosne i Hercegovine i Socijalisti\u010dke Federativne Republike Jugoslavije.<\/p>\n<p>Dizdarevi\u0107 je ro\u0111en 9. decembra 1926. godine u Fojnici, u poznatoj antifa\u0161isti\u010dkoj porodici. Sedmorica bra\u0107e iz porodice Dizdarevi\u0107 u\u010destvovala su u Narodnooslobodila\u010dkoj borbi, a trojica su izgubila \u017eivote tokom Drugog svjetskog rata.<\/p>\n<p>Njegov najstariji brat Zija Dizdarevi\u0107, poznati knji\u017eevnik, ubijen je u usta\u0161kom logoru Jasenovac. Brat Nusret, borac i rukovodilac SKOJ-a u partizanskom odredu Zvijezda, ubijen je 1942. godine, dok je Hasan Dizdarevi\u0107 poginuo u borbi.<\/p>\n<p>Raif Dizdarevi\u0107 priklju\u010dio se Narodnooslobodila\u010dkoj vojsci 1943. godine, kao sedamnaestogodi\u0161njak. Nakon rata radio je u slu\u017ebi dr\u017eavne bezbjednosti, a 1951. godine zapo\u010deo je dugogodi\u0161nju diplomatsku karijeru u Ministarstvu inostranih poslova tada\u0161nje FNRJ.<\/p>\n<p>Slu\u017ebovao je u jugoslavenskim ambasadama u Bugarskoj, Sovjetskom Savezu i \u010cehoslova\u010dkoj, a kasnije je obavljao niz odgovornih funkcija u vanjskoj politici tada\u0161nje dr\u017eave.<\/p>\n<p>Od 1972. do 1974. godine bio je pomo\u0107nik saveznog sekretara za inostrane poslove, a zna\u010dajan dio politi\u010dke karijere proveo je i u Savezu sindikata Jugoslavije i Bosne i Hercegovine.<\/p>\n<p>Za predsjednika Predsjedni\u0161tva Socijalisti\u010dke Republike Bosne i Hercegovine izabran je 1978. godine i tu funkciju obavljao je do 1982. godine.<\/p>\n<p>Potom je bio predsjednik Skup\u0161tine SFRJ, a od maja 1984. do kraja 1987. godine obavljao je jednu od najzna\u010dajnijih funkcija u tada\u0161njoj jugoslavenskoj diplomatiji \u2013 du\u017enost saveznog sekretara za inostrane poslove.<\/p>\n<p>Krajem 1987. godine izabran je za \u010dlana Predsjedni\u0161tva SFRJ, a od 15. maja 1988. do 15. maja 1989. godine nalazio se na \u010delu Predsjedni\u0161tva SFRJ.<\/p>\n<p>Dizdarevi\u0107 je tako ostao upam\u0107en kao jedan od bosanskohercegova\u010dkih politi\u010dara koji su obavljali najvi\u0161e funkcije u nekada\u0161njoj Jugoslaviji \u2013 bio je predsjednik saveznog parlamenta, \u0161ef jugoslavenske diplomatije i predsjednik Predsjedni\u0161tva SFRJ.<\/p>\n<p>Tokom rata u Bosni i Hercegovini od 1992. do 1995. godine ostao je u zemlji. Prema njegovoj biografiji, odbio je vi\u0161e ponuda da bude evakuisan i anga\u017eovan u inostranstvu te se, u okviru svojih mogu\u0107nosti, anga\u017eovao na pru\u017eanju podr\u0161ke odbrani Bosne i Hercegovine.<\/p>\n<p>Nakon povla\u010denja iz aktivnog politi\u010dkog \u017eivota nastavio je pisati i objavljivati tekstove i knjige.<\/p>\n<p>Me\u0111u njegovim najpoznatijim djelima su \u201eOd smrti Tita do smrti Jugoslavije\u201c, \u201eVrijeme koje se pamti\u201c, \u201ePut u raspad\u201c i \u201eSudbonosni podvig Jugoslavije: Podsje\u0107anje na historijsko NE staljinizmu \u2013 doga\u0111aj koji je opredijelio budu\u0107nost Jugoslavije\u201c.<\/p>\n<p>Raif Dizdarevi\u0107 ostavio je iza sebe vi\u0161edecenijsku politi\u010dku i diplomatsku karijeru koja je obuhvatila period od Narodnooslobodila\u010dke borbe, preko najvi\u0161ih funkcija u socijalisti\u010dkoj Jugoslaviji, do turbulentnih godina njenog raspada.<\/p>\n","protected":false},"excerpt":{"rendered":"<p>U Sarajevu je danas, u 100. godini \u017eivota, preminuo Raif Dizdarevi\u0107, antifa\u0161ista, politi\u010dar i diplomata te nekada\u0161nji predsjednik Predsjedni\u0161tva Bosne i Hercegovine i Socijalisti\u010dke Federativne Republike Jugoslavije. Dizdarevi\u0107 je ro\u0111en 9. decembra 1926. godine u Fojnici, u poznatoj antifa\u0161isti\u010dkoj porodici. Sedmorica bra\u0107e iz porodice Dizdarevi\u0107 u\u010destvovala su u Narodnooslobodila\u010dkoj borbi, a trojica su izgubila \u017eivote [&hellip;]<\/p>\n","protected":false},"author":8,"featured_media":314629,"comment_status":"closed","ping_status":"closed","sticky":false,"template":"","format":"standard","meta":{"footnotes":""},"categories":[291],"tags":[14454],"class_list":["post-314628","post","type-post","status-publish","format-standard","has-post-thumbnail","hentry","category-bosna-i-hercegovina","tag-raif-dizdarevic"],"yoast_head":"<!-- This site is optimized with the Yoast SEO plugin v28.4 - https:\/\/yoast.com\/product\/yoast-seo-wordpress\/ -->\n<title>Preminuo Raif Dizdarevi\u0107, biv\u0161i predsjednik Predsjedni\u0161tva SFRJ<\/title>\n<meta name=\"robots\" content=\"index, follow, max-snippet:-1, max-image-preview:large, max-video-preview:-1\" \/>\n<link rel=\"canonical\" href=\"https:\/\/tuzlainfo.ba\/index.php\/bosna-i-hercegovina\/item\/314628-preminuo-raif-dizdarevic-bivsi-predsjednik-predsjednistva-sfrj\/\" \/>\n<meta property=\"og:locale\" content=\"bs_BA\" \/>\n<meta property=\"og:type\" content=\"article\" \/>\n<meta property=\"og:title\" content=\"Preminuo Raif Dizdarevi\u0107, biv\u0161i predsjednik Predsjedni\u0161tva SFRJ\" \/>\n<meta property=\"og:description\" content=\"U Sarajevu je danas, u 100. godini \u017eivota, preminuo Raif Dizdarevi\u0107, antifa\u0161ista, politi\u010dar i diplomata te nekada\u0161nji predsjednik Predsjedni\u0161tva Bosne i Hercegovine i Socijalisti\u010dke Federativne Republike Jugoslavije. Dizdarevi\u0107 je ro\u0111en 9. decembra 1926. godine u Fojnici, u poznatoj antifa\u0161isti\u010dkoj porodici. Sedmorica bra\u0107e iz porodice Dizdarevi\u0107 u\u010destvovala su u Narodnooslobodila\u010dkoj borbi, a trojica su izgubila \u017eivote [&hellip;]\" \/>\n<meta property=\"og:url\" content=\"https:\/\/tuzlainfo.ba\/index.php\/bosna-i-hercegovina\/item\/314628-preminuo-raif-dizdarevic-bivsi-predsjednik-predsjednistva-sfrj\/\" \/>\n<meta property=\"og:site_name\" content=\"TuzlaInfo.ba\" \/>\n<meta property=\"article:publisher\" content=\"https:\/\/www.facebook.com\/tuzlainfo.ba\/\" \/>\n<meta property=\"article:published_time\" content=\"2026-09-02T08:19:01+00:00\" \/>\n<meta property=\"og:image\" content=\"https:\/\/tuzlainfo.ba\/wp-content\/uploads\/2026\/09\/Raif_Dizdarevic_politicar-e1788337121547.jpg\" \/>\n\t<meta property=\"og:image:width\" content=\"900\" \/>\n\t<meta property=\"og:image:height\" content=\"827\" \/>\n\t<meta property=\"og:image:type\" content=\"image\/jpeg\" \/>\n<meta name=\"author\" content=\"Admin Tri\" \/>\n<meta name=\"twitter:card\" content=\"summary_large_image\" \/>\n<meta name=\"twitter:label1\" content=\"Written by\" \/>\n\t<meta name=\"twitter:data1\" content=\"Admin Tri\" \/>\n\t<meta name=\"twitter:label2\" content=\"Est. reading time\" \/>\n\t<meta name=\"twitter:data2\" content=\"2 minute\" \/>\n<script type=\"application\/ld+json\" class=\"yoast-schema-graph\">{\"@context\":\"https:\\\/\\\/schema.org\",\"@graph\":[{\"@type\":\"Article\",\"@id\":\"https:\\\/\\\/tuzlainfo.ba\\\/index.php\\\/bosna-i-hercegovina\\\/item\\\/314628-preminuo-raif-dizdarevic-bivsi-predsjednik-predsjednistva-sfrj\\\/#article\",\"isPartOf\":{\"@id\":\"https:\\\/\\\/tuzlainfo.ba\\\/index.php\\\/bosna-i-hercegovina\\\/item\\\/314628-preminuo-raif-dizdarevic-bivsi-predsjednik-predsjednistva-sfrj\\\/\"},\"author\":{\"name\":\"Admin Tri\",\"@id\":\"https:\\\/\\\/tuzlainfo.ba\\\/#\\\/schema\\\/person\\\/593e78a2f6378c5ba3e7600ecfa4e63a\"},\"headline\":\"Preminuo Raif Dizdarevi\u0107, biv\u0161i predsjednik Predsjedni\u0161tva SFRJ\",\"datePublished\":\"2026-09-02T08:19:01+00:00\",\"mainEntityOfPage\":{\"@id\":\"https:\\\/\\\/tuzlainfo.ba\\\/index.php\\\/bosna-i-hercegovina\\\/item\\\/314628-preminuo-raif-dizdarevic-bivsi-predsjednik-predsjednistva-sfrj\\\/\"},\"wordCount\":450,\"publisher\":{\"@id\":\"https:\\\/\\\/tuzlainfo.ba\\\/#organization\"},\"image\":{\"@id\":\"https:\\\/\\\/tuzlainfo.ba\\\/index.php\\\/bosna-i-hercegovina\\\/item\\\/314628-preminuo-raif-dizdarevic-bivsi-predsjednik-predsjednistva-sfrj\\\/#primaryimage\"},\"thumbnailUrl\":\"https:\\\/\\\/tuzlainfo.ba\\\/wp-content\\\/uploads\\\/2026\\\/09\\\/Raif_Dizdarevic_politicar-e1788337121547.jpg\",\"keywords\":[\"raif dizdarevi\u0107\"],\"articleSection\":[\"Bosna i Hercegovina\"],\"inLanguage\":\"bs-BA\",\"copyrightYear\":\"2026\",\"copyrightHolder\":{\"@id\":\"https:\\\/\\\/tuzlainfo.ba\\\/#organization\"}},{\"@type\":\"WebPage\",\"@id\":\"https:\\\/\\\/tuzlainfo.ba\\\/index.php\\\/bosna-i-hercegovina\\\/item\\\/314628-preminuo-raif-dizdarevic-bivsi-predsjednik-predsjednistva-sfrj\\\/\",\"url\":\"https:\\\/\\\/tuzlainfo.ba\\\/index.php\\\/bosna-i-hercegovina\\\/item\\\/314628-preminuo-raif-dizdarevic-bivsi-predsjednik-predsjednistva-sfrj\\\/\",\"name\":\"Preminuo Raif Dizdarevi\u0107, biv\u0161i predsjednik Predsjedni\u0161tva SFRJ\",\"isPartOf\":{\"@id\":\"https:\\\/\\\/tuzlainfo.ba\\\/#website\"},\"primaryImageOfPage\":{\"@id\":\"https:\\\/\\\/tuzlainfo.ba\\\/index.php\\\/bosna-i-hercegovina\\\/item\\\/314628-preminuo-raif-dizdarevic-bivsi-predsjednik-predsjednistva-sfrj\\\/#primaryimage\"},\"image\":{\"@id\":\"https:\\\/\\\/tuzlainfo.ba\\\/index.php\\\/bosna-i-hercegovina\\\/item\\\/314628-preminuo-raif-dizdarevic-bivsi-predsjednik-predsjednistva-sfrj\\\/#primaryimage\"},\"thumbnailUrl\":\"https:\\\/\\\/tuzlainfo.ba\\\/wp-content\\\/uploads\\\/2026\\\/09\\\/Raif_Dizdarevic_politicar-e1788337121547.jpg\",\"datePublished\":\"2026-09-02T08:19:01+00:00\",\"breadcrumb\":{\"@id\":\"https:\\\/\\\/tuzlainfo.ba\\\/index.php\\\/bosna-i-hercegovina\\\/item\\\/314628-preminuo-raif-dizdarevic-bivsi-predsjednik-predsjednistva-sfrj\\\/#breadcrumb\"},\"inLanguage\":\"bs-BA\",\"potentialAction\":[{\"@type\":\"ReadAction\",\"target\":[\"https:\\\/\\\/tuzlainfo.ba\\\/index.php\\\/bosna-i-hercegovina\\\/item\\\/314628-preminuo-raif-dizdarevic-bivsi-predsjednik-predsjednistva-sfrj\\\/\"]}]},{\"@type\":\"ImageObject\",\"inLanguage\":\"bs-BA\",\"@id\":\"https:\\\/\\\/tuzlainfo.ba\\\/index.php\\\/bosna-i-hercegovina\\\/item\\\/314628-preminuo-raif-dizdarevic-bivsi-predsjednik-predsjednistva-sfrj\\\/#primaryimage\",\"url\":\"https:\\\/\\\/tuzlainfo.ba\\\/wp-content\\\/uploads\\\/2026\\\/09\\\/Raif_Dizdarevic_politicar-e1788337121547.jpg\",\"contentUrl\":\"https:\\\/\\\/tuzlainfo.ba\\\/wp-content\\\/uploads\\\/2026\\\/09\\\/Raif_Dizdarevic_politicar-e1788337121547.jpg\",\"width\":900,\"height\":827},{\"@type\":\"BreadcrumbList\",\"@id\":\"https:\\\/\\\/tuzlainfo.ba\\\/index.php\\\/bosna-i-hercegovina\\\/item\\\/314628-preminuo-raif-dizdarevic-bivsi-predsjednik-predsjednistva-sfrj\\\/#breadcrumb\",\"itemListElement\":[{\"@type\":\"ListItem\",\"position\":1,\"name\":\"Home\",\"item\":\"https:\\\/\\\/tuzlainfo.ba\\\/\"},{\"@type\":\"ListItem\",\"position\":2,\"name\":\"Preminuo Raif Dizdarevi\u0107, biv\u0161i predsjednik Predsjedni\u0161tva SFRJ\"}]},{\"@type\":\"WebSite\",\"@id\":\"https:\\\/\\\/tuzlainfo.ba\\\/#website\",\"url\":\"https:\\\/\\\/tuzlainfo.ba\\\/\",\"name\":\"TuzlaInfo.ba\",\"description\":\"Tuzla info, gradski informator - Tuzla na dlanu\",\"publisher\":{\"@id\":\"https:\\\/\\\/tuzlainfo.ba\\\/#organization\"},\"potentialAction\":[{\"@type\":\"SearchAction\",\"target\":{\"@type\":\"EntryPoint\",\"urlTemplate\":\"https:\\\/\\\/tuzlainfo.ba\\\/?s={search_term_string}\"},\"query-input\":{\"@type\":\"PropertyValueSpecification\",\"valueRequired\":true,\"valueName\":\"search_term_string\"}}],\"inLanguage\":\"bs-BA\"},{\"@type\":\"Organization\",\"@id\":\"https:\\\/\\\/tuzlainfo.ba\\\/#organization\",\"name\":\"TuzlaInfo.ba\",\"url\":\"https:\\\/\\\/tuzlainfo.ba\\\/\",\"logo\":{\"@type\":\"ImageObject\",\"inLanguage\":\"bs-BA\",\"@id\":\"https:\\\/\\\/tuzlainfo.ba\\\/#\\\/schema\\\/logo\\\/image\\\/\",\"url\":\"https:\\\/\\\/tuzlainfo.ba\\\/wp-content\\\/uploads\\\/2021\\\/03\\\/logo-ver-3-1.png\",\"contentUrl\":\"https:\\\/\\\/tuzlainfo.ba\\\/wp-content\\\/uploads\\\/2021\\\/03\\\/logo-ver-3-1.png\",\"width\":350,\"height\":95,\"caption\":\"TuzlaInfo.ba\"},\"image\":{\"@id\":\"https:\\\/\\\/tuzlainfo.ba\\\/#\\\/schema\\\/logo\\\/image\\\/\"},\"sameAs\":[\"https:\\\/\\\/www.facebook.com\\\/tuzlainfo.ba\\\/\"]},{\"@type\":\"Person\",\"@id\":\"https:\\\/\\\/tuzlainfo.ba\\\/#\\\/schema\\\/person\\\/593e78a2f6378c5ba3e7600ecfa4e63a\",\"name\":\"Admin Tri\",\"image\":{\"@type\":\"ImageObject\",\"inLanguage\":\"bs-BA\",\"@id\":\"https:\\\/\\\/secure.gravatar.com\\\/avatar\\\/b53a7f47acc7a09467757d8b2234cc38fa334b13599376e53104c0036b528ca1?s=96&d=mm&r=g\",\"url\":\"https:\\\/\\\/secure.gravatar.com\\\/avatar\\\/b53a7f47acc7a09467757d8b2234cc38fa334b13599376e53104c0036b528ca1?s=96&d=mm&r=g\",\"contentUrl\":\"https:\\\/\\\/secure.gravatar.com\\\/avatar\\\/b53a7f47acc7a09467757d8b2234cc38fa334b13599376e53104c0036b528ca1?s=96&d=mm&r=g\",\"caption\":\"Admin Tri\"},\"sameAs\":[\"https:\\\/\\\/tuzlainfo.ba\"]}]}<\/script>\n<!-- \/ Yoast SEO plugin. -->","yoast_head_json":{"title":"Preminuo Raif Dizdarevi\u0107, biv\u0161i predsjednik Predsjedni\u0161tva SFRJ","robots":{"index":"index","follow":"follow","max-snippet":"max-snippet:-1","max-image-preview":"max-image-preview:large","max-video-preview":"max-video-preview:-1"},"canonical":"https:\/\/tuzlainfo.ba\/index.php\/bosna-i-hercegovina\/item\/314628-preminuo-raif-dizdarevic-bivsi-predsjednik-predsjednistva-sfrj\/","og_locale":"bs_BA","og_type":"article","og_title":"Preminuo Raif Dizdarevi\u0107, biv\u0161i predsjednik Predsjedni\u0161tva SFRJ","og_description":"U Sarajevu je danas, u 100. godini \u017eivota, preminuo Raif Dizdarevi\u0107, antifa\u0161ista, politi\u010dar i diplomata te nekada\u0161nji predsjednik Predsjedni\u0161tva Bosne i Hercegovine i Socijalisti\u010dke Federativne Republike Jugoslavije. Dizdarevi\u0107 je ro\u0111en 9. decembra 1926. godine u Fojnici, u poznatoj antifa\u0161isti\u010dkoj porodici. Sedmorica bra\u0107e iz porodice Dizdarevi\u0107 u\u010destvovala su u Narodnooslobodila\u010dkoj borbi, a trojica su izgubila \u017eivote [&hellip;]","og_url":"https:\/\/tuzlainfo.ba\/index.php\/bosna-i-hercegovina\/item\/314628-preminuo-raif-dizdarevic-bivsi-predsjednik-predsjednistva-sfrj\/","og_site_name":"TuzlaInfo.ba","article_publisher":"https:\/\/www.facebook.com\/tuzlainfo.ba\/","article_published_time":"2026-09-02T08:19:01+00:00","og_image":[{"width":900,"height":827,"url":"https:\/\/tuzlainfo.ba\/wp-content\/uploads\/2026\/09\/Raif_Dizdarevic_politicar-e1788337121547.jpg","type":"image\/jpeg"}],"author":"Admin Tri","twitter_card":"summary_large_image","twitter_misc":{"Written by":"Admin Tri","Est. reading time":"2 minute"},"schema":{"@context":"https:\/\/schema.org","@graph":[{"@type":"Article","@id":"https:\/\/tuzlainfo.ba\/index.php\/bosna-i-hercegovina\/item\/314628-preminuo-raif-dizdarevic-bivsi-predsjednik-predsjednistva-sfrj\/#article","isPartOf":{"@id":"https:\/\/tuzlainfo.ba\/index.php\/bosna-i-hercegovina\/item\/314628-preminuo-raif-dizdarevic-bivsi-predsjednik-predsjednistva-sfrj\/"},"author":{"name":"Admin Tri","@id":"https:\/\/tuzlainfo.ba\/#\/schema\/person\/593e78a2f6378c5ba3e7600ecfa4e63a"},"headline":"Preminuo Raif Dizdarevi\u0107, biv\u0161i predsjednik Predsjedni\u0161tva SFRJ","datePublished":"2026-09-02T08:19:01+00:00","mainEntityOfPage":{"@id":"https:\/\/tuzlainfo.ba\/index.php\/bosna-i-hercegovina\/item\/314628-preminuo-raif-dizdarevic-bivsi-predsjednik-predsjednistva-sfrj\/"},"wordCount":450,"publisher":{"@id":"https:\/\/tuzlainfo.ba\/#organization"},"image":{"@id":"https:\/\/tuzlainfo.ba\/index.php\/bosna-i-hercegovina\/item\/314628-preminuo-raif-dizdarevic-bivsi-predsjednik-predsjednistva-sfrj\/#primaryimage"},"thumbnailUrl":"https:\/\/tuzlainfo.ba\/wp-content\/uploads\/2026\/09\/Raif_Dizdarevic_politicar-e1788337121547.jpg","keywords":["raif dizdarevi\u0107"],"articleSection":["Bosna i Hercegovina"],"inLanguage":"bs-BA","copyrightYear":"2026","copyrightHolder":{"@id":"https:\/\/tuzlainfo.ba\/#organization"}},{"@type":"WebPage","@id":"https:\/\/tuzlainfo.ba\/index.php\/bosna-i-hercegovina\/item\/314628-preminuo-raif-dizdarevic-bivsi-predsjednik-predsjednistva-sfrj\/","url":"https:\/\/tuzlainfo.ba\/index.php\/bosna-i-hercegovina\/item\/314628-preminuo-raif-dizdarevic-bivsi-predsjednik-predsjednistva-sfrj\/","name":"Preminuo Raif Dizdarevi\u0107, biv\u0161i predsjednik Predsjedni\u0161tva SFRJ","isPartOf":{"@id":"https:\/\/tuzlainfo.ba\/#website"},"primaryImageOfPage":{"@id":"https:\/\/tuzlainfo.ba\/index.php\/bosna-i-hercegovina\/item\/314628-preminuo-raif-dizdarevic-bivsi-predsjednik-predsjednistva-sfrj\/#primaryimage"},"image":{"@id":"https:\/\/tuzlainfo.ba\/index.php\/bosna-i-hercegovina\/item\/314628-preminuo-raif-dizdarevic-bivsi-predsjednik-predsjednistva-sfrj\/#primaryimage"},"thumbnailUrl":"https:\/\/tuzlainfo.ba\/wp-content\/uploads\/2026\/09\/Raif_Dizdarevic_politicar-e1788337121547.jpg","datePublished":"2026-09-02T08:19:01+00:00","breadcrumb":{"@id":"https:\/\/tuzlainfo.ba\/index.php\/bosna-i-hercegovina\/item\/314628-preminuo-raif-dizdarevic-bivsi-predsjednik-predsjednistva-sfrj\/#breadcrumb"},"inLanguage":"bs-BA","potentialAction":[{"@type":"ReadAction","target":["https:\/\/tuzlainfo.ba\/index.php\/bosna-i-hercegovina\/item\/314628-preminuo-raif-dizdarevic-bivsi-predsjednik-predsjednistva-sfrj\/"]}]},{"@type":"ImageObject","inLanguage":"bs-BA","@id":"https:\/\/tuzlainfo.ba\/index.php\/bosna-i-hercegovina\/item\/314628-preminuo-raif-dizdarevic-bivsi-predsjednik-predsjednistva-sfrj\/#primaryimage","url":"https:\/\/tuzlainfo.ba\/wp-content\/uploads\/2026\/09\/Raif_Dizdarevic_politicar-e1788337121547.jpg","contentUrl":"https:\/\/tuzlainfo.ba\/wp-content\/uploads\/2026\/09\/Raif_Dizdarevic_politicar-e1788337121547.jpg","width":900,"height":827},{"@type":"BreadcrumbList","@id":"https:\/\/tuzlainfo.ba\/index.php\/bosna-i-hercegovina\/item\/314628-preminuo-raif-dizdarevic-bivsi-predsjednik-predsjednistva-sfrj\/#breadcrumb","itemListElement":[{"@type":"ListItem","position":1,"name":"Home","item":"https:\/\/tuzlainfo.ba\/"},{"@type":"ListItem","position":2,"name":"Preminuo Raif Dizdarevi\u0107, biv\u0161i predsjednik Predsjedni\u0161tva SFRJ"}]},{"@type":"WebSite","@id":"https:\/\/tuzlainfo.ba\/#website","url":"https:\/\/tuzlainfo.ba\/","name":"TuzlaInfo.ba","description":"Tuzla info, gradski informator - Tuzla na dlanu","publisher":{"@id":"https:\/\/tuzlainfo.ba\/#organization"},"potentialAction":[{"@type":"SearchAction","target":{"@type":"EntryPoint","urlTemplate":"https:\/\/tuzlainfo.ba\/?s={search_term_string}"},"query-input":{"@type":"PropertyValueSpecification","valueRequired":true,"valueName":"search_term_string"}}],"inLanguage":"bs-BA"},{"@type":"Organization","@id":"https:\/\/tuzlainfo.ba\/#organization","name":"TuzlaInfo.ba","url":"https:\/\/tuzlainfo.ba\/","logo":{"@type":"ImageObject","inLanguage":"bs-BA","@id":"https:\/\/tuzlainfo.ba\/#\/schema\/logo\/image\/","url":"https:\/\/tuzlainfo.ba\/wp-content\/uploads\/2021\/03\/logo-ver-3-1.png","contentUrl":"https:\/\/tuzlainfo.ba\/wp-content\/uploads\/2021\/03\/logo-ver-3-1.png","width":350,"height":95,"caption":"TuzlaInfo.ba"},"image":{"@id":"https:\/\/tuzlainfo.ba\/#\/schema\/logo\/image\/"},"sameAs":["https:\/\/www.facebook.com\/tuzlainfo.ba\/"]},{"@type":"Person","@id":"https:\/\/tuzlainfo.ba\/#\/schema\/person\/593e78a2f6378c5ba3e7600ecfa4e63a","name":"Admin Tri","image":{"@type":"ImageObject","inLanguage":"bs-BA","@id":"https:\/\/secure.gravatar.com\/avatar\/b53a7f47acc7a09467757d8b2234cc38fa334b13599376e53104c0036b528ca1?s=96&d=mm&r=g","url":"https:\/\/secure.gravatar.com\/avatar\/b53a7f47acc7a09467757d8b2234cc38fa334b13599376e53104c0036b528ca1?s=96&d=mm&r=g","contentUrl":"https:\/\/secure.gravatar.com\/avatar\/b53a7f47acc7a09467757d8b2234cc38fa334b13599376e53104c0036b528ca1?s=96&d=mm&r=g","caption":"Admin Tri"},"sameAs":["https:\/\/tuzlainfo.ba"]}]}},"_links":{"self":[{"href":"https:\/\/tuzlainfo.ba\/index.php\/wp-json\/wp\/v2\/posts\/314628","targetHints":{"allow":["GET"]}}],"collection":[{"href":"https:\/\/tuzlainfo.ba\/index.php\/wp-json\/wp\/v2\/posts"}],"about":[{"href":"https:\/\/tuzlainfo.ba\/index.php\/wp-json\/wp\/v2\/types\/post"}],"author":[{"embeddable":true,"href":"https:\/\/tuzlainfo.ba\/index.php\/wp-json\/wp\/v2\/users\/8"}],"replies":[{"embeddable":true,"href":"https:\/\/tuzlainfo.ba\/index.php\/wp-json\/wp\/v2\/comments?post=314628"}],"version-history":[{"count":1,"href":"https:\/\/tuzlainfo.ba\/index.php\/wp-json\/wp\/v2\/posts\/314628\/revisions"}],"predecessor-version":[{"id":314630,"href":"https:\/\/tuzlainfo.ba\/index.php\/wp-json\/wp\/v2\/posts\/314628\/revisions\/314630"}],"wp:featuredmedia":[{"embeddable":true,"href":"https:\/\/tuzlainfo.ba\/index.php\/wp-json\/wp\/v2\/media\/314629"}],"wp:attachment":[{"href":"https:\/\/tuzlainfo.ba\/index.php\/wp-json\/wp\/v2\/media?parent=314628"}],"wp:term":[{"taxonomy":"category","embeddable":true,"href":"https:\/\/tuzlainfo.ba\/index.php\/wp-json\/wp\/v2\/categories?post=314628"},{"taxonomy":"post_tag","embeddable":true,"href":"https:\/\/tuzlainfo.ba\/index.php\/wp-json\/wp\/v2\/tags?post=314628"}],"curies":[{"name":"wp","href":"https:\/\/api.w.org\/{rel}","templated":true}]}}