{"id":314621,"date":"2026-09-02T09:45:47","date_gmt":"2026-09-02T07:45:47","guid":{"rendered":"https:\/\/tuzlainfo.ba\/?p=314621"},"modified":"2026-09-02T09:45:47","modified_gmt":"2026-09-02T07:45:47","slug":"preminuo-prof-dr-dzemal-poljakovic-istaknuti-ljekar-i-profesor-medicinskog-fakulteta-tuzla","status":"publish","type":"post","link":"https:\/\/tuzlainfo.ba\/index.php\/novosti\/item\/314621-preminuo-prof-dr-dzemal-poljakovic-istaknuti-ljekar-i-profesor-medicinskog-fakulteta-tuzla\/","title":{"rendered":"Preminuo prof. dr. D\u017eemal Poljakovi\u0107, istaknuti ljekar i profesor Medicinskog fakulteta Tuzla"},"content":{"rendered":"<p class=\"PDq2pG_selectionAnchorContainer\" data-start=\"80\" data-end=\"271\">Prof. dr. D\u017eemal Poljakovi\u0107, istaknuti ljekar, doktor medicinskih nauka, profesor Medicinskog fakulteta Univerziteta u Tuzli, humanista i pjesnik, preminuo je 29. augusta u 83. godini \u017eivota.<\/p>\n<p data-start=\"273\" data-end=\"531\">Poljakovi\u0107 je ro\u0111en 1944. godine u Gornjoj Kalesiji. Srednju \u0161kolu zavr\u0161io je u Tuzli, a studij medicine u Beogradu. Profesionalni \u017eivot posvetio je medicini, nau\u010dnom radu i obrazovanju, ostavljaju\u0107i zna\u010dajan trag u zdravstvenoj i akademskoj zajednici Tuzle.<\/p>\n<p data-start=\"533\" data-end=\"797\">Pored medicine, zna\u010dajan dio njegovog \u017eivota bila je knji\u017eevnost. Poeziju je objavljivao u brojnim \u010dasopisima i novinama, me\u0111u kojima su \u201eNa\u0161i dani\u201c, \u201ePolet\u201c, \u201eIndex\u201c, \u201ePokret\u201c, \u201eOslobo\u0111enje\u201c i \u201eTelegram\u201c, a za svoje pjesni\u010dko stvarala\u0161tvo vi\u0161e puta je nagra\u0111ivan.<\/p>\n<p data-start=\"799\" data-end=\"1022\">Poeziji se intenzivnije vratio tokom devedesetih godina, u vrijeme agresije na Bosnu i Hercegovinu. Iz tog perioda proistekla je i knjiga patriotske poezije \u201eLet iznad vatre\u201c, jedno od njegovih zapa\u017eenijih knji\u017eevnih djela.<\/p>\n<p data-start=\"1024\" data-end=\"1222\">Povodom njegove smrti oglasio se i na\u010delnik Op\u0107ine Kalesija Nermin Mujkanovi\u0107, koji je porodici uputio izraze sau\u010de\u0161\u0107a, isti\u010du\u0107i njegov doprinos medicini, nauci, knji\u017eevnosti i dru\u0161tvenoj zajednici.<\/p>\n<p data-start=\"1224\" data-end=\"1354\">D\u017eenaza prof. dr. D\u017eemalu Poljakovi\u0107u bit \u0107e obavljena danas, 2. septembra, nakon 17.15 sati na mezarju Gajani u Gornjoj Kalesiji.<\/p>\n<p data-start=\"1356\" data-end=\"1561\" data-is-last-node=\"\" data-is-only-node=\"\">Iz JU BKC \u201eAlija Izetbegovi\u0107\u201c Kalesija potvr\u0111eno je i da \u0107e biti organizovano pjesni\u010dko ve\u010de posve\u0107eno D\u017eemalu Poljakovi\u0107u, ljekaru i pjesniku koji je svojim radom ostavio zna\u010dajan trag u Kalesiji i Tuzli.<\/p>\n","protected":false},"excerpt":{"rendered":"<p>Prof. dr. D\u017eemal Poljakovi\u0107, istaknuti ljekar, doktor medicinskih nauka, profesor Medicinskog fakulteta Univerziteta u Tuzli, humanista i pjesnik, preminuo je 29. augusta u 83. godini \u017eivota. Poljakovi\u0107 je ro\u0111en 1944. godine u Gornjoj Kalesiji. Srednju \u0161kolu zavr\u0161io je u Tuzli, a studij medicine u Beogradu. Profesionalni \u017eivot posvetio je medicini, nau\u010dnom radu i obrazovanju, ostavljaju\u0107i [&hellip;]<\/p>\n","protected":false},"author":4,"featured_media":314625,"comment_status":"closed","ping_status":"closed","sticky":false,"template":"","format":"standard","meta":{"footnotes":""},"categories":[304,12],"tags":[14453],"class_list":["post-314621","post","type-post","status-publish","format-standard","has-post-thumbnail","hentry","category-istaknuto","category-novosti","tag-dzemal-poljakovic"],"yoast_head":"<!-- This site is optimized with the Yoast SEO plugin v28.4 - https:\/\/yoast.com\/product\/yoast-seo-wordpress\/ -->\n<title>Preminuo prof. dr. D\u017eemal Poljakovi\u0107, istaknuti ljekar i profesor Medicinskog fakulteta Tuzla<\/title>\n<meta name=\"robots\" content=\"index, follow, max-snippet:-1, max-image-preview:large, max-video-preview:-1\" \/>\n<link rel=\"canonical\" href=\"https:\/\/tuzlainfo.ba\/index.php\/novosti\/item\/314621-preminuo-prof-dr-dzemal-poljakovic-istaknuti-ljekar-i-profesor-medicinskog-fakulteta-tuzla\/\" \/>\n<meta property=\"og:locale\" content=\"bs_BA\" \/>\n<meta property=\"og:type\" content=\"article\" \/>\n<meta property=\"og:title\" content=\"Preminuo prof. dr. D\u017eemal Poljakovi\u0107, istaknuti ljekar i profesor Medicinskog fakulteta Tuzla\" \/>\n<meta property=\"og:description\" content=\"Prof. dr. D\u017eemal Poljakovi\u0107, istaknuti ljekar, doktor medicinskih nauka, profesor Medicinskog fakulteta Univerziteta u Tuzli, humanista i pjesnik, preminuo je 29. augusta u 83. godini \u017eivota. Poljakovi\u0107 je ro\u0111en 1944. godine u Gornjoj Kalesiji. Srednju \u0161kolu zavr\u0161io je u Tuzli, a studij medicine u Beogradu. Profesionalni \u017eivot posvetio je medicini, nau\u010dnom radu i obrazovanju, ostavljaju\u0107i [&hellip;]\" \/>\n<meta property=\"og:url\" content=\"https:\/\/tuzlainfo.ba\/index.php\/novosti\/item\/314621-preminuo-prof-dr-dzemal-poljakovic-istaknuti-ljekar-i-profesor-medicinskog-fakulteta-tuzla\/\" \/>\n<meta property=\"og:site_name\" content=\"TuzlaInfo.ba\" \/>\n<meta property=\"article:publisher\" content=\"https:\/\/www.facebook.com\/tuzlainfo.ba\/\" \/>\n<meta property=\"article:published_time\" content=\"2026-09-02T07:45:47+00:00\" \/>\n<meta property=\"og:image\" content=\"https:\/\/tuzlainfo.ba\/wp-content\/uploads\/2026\/09\/dzemal-poljakovic-opcinakalesija.webp\" \/>\n\t<meta property=\"og:image:width\" content=\"871\" \/>\n\t<meta property=\"og:image:height\" content=\"540\" \/>\n\t<meta property=\"og:image:type\" content=\"image\/webp\" \/>\n<meta name=\"author\" content=\"Tuzla Info\" \/>\n<meta name=\"twitter:card\" content=\"summary_large_image\" \/>\n<meta name=\"twitter:label1\" content=\"Written by\" \/>\n\t<meta name=\"twitter:data1\" content=\"Tuzla Info\" \/>\n\t<meta name=\"twitter:label2\" content=\"Est. reading time\" \/>\n\t<meta name=\"twitter:data2\" content=\"2 minute\" \/>\n<script type=\"application\/ld+json\" class=\"yoast-schema-graph\">{\"@context\":\"https:\\\/\\\/schema.org\",\"@graph\":[{\"@type\":\"Article\",\"@id\":\"https:\\\/\\\/tuzlainfo.ba\\\/index.php\\\/novosti\\\/item\\\/314621-preminuo-prof-dr-dzemal-poljakovic-istaknuti-ljekar-i-profesor-medicinskog-fakulteta-tuzla\\\/#article\",\"isPartOf\":{\"@id\":\"https:\\\/\\\/tuzlainfo.ba\\\/index.php\\\/novosti\\\/item\\\/314621-preminuo-prof-dr-dzemal-poljakovic-istaknuti-ljekar-i-profesor-medicinskog-fakulteta-tuzla\\\/\"},\"author\":{\"name\":\"Tuzla Info\",\"@id\":\"https:\\\/\\\/tuzlainfo.ba\\\/#\\\/schema\\\/person\\\/46cad4c57790cbc50781edd14870825a\"},\"headline\":\"Preminuo prof. dr. D\u017eemal Poljakovi\u0107, istaknuti ljekar i profesor Medicinskog fakulteta Tuzla\",\"datePublished\":\"2026-09-02T07:45:47+00:00\",\"mainEntityOfPage\":{\"@id\":\"https:\\\/\\\/tuzlainfo.ba\\\/index.php\\\/novosti\\\/item\\\/314621-preminuo-prof-dr-dzemal-poljakovic-istaknuti-ljekar-i-profesor-medicinskog-fakulteta-tuzla\\\/\"},\"wordCount\":253,\"publisher\":{\"@id\":\"https:\\\/\\\/tuzlainfo.ba\\\/#organization\"},\"image\":{\"@id\":\"https:\\\/\\\/tuzlainfo.ba\\\/index.php\\\/novosti\\\/item\\\/314621-preminuo-prof-dr-dzemal-poljakovic-istaknuti-ljekar-i-profesor-medicinskog-fakulteta-tuzla\\\/#primaryimage\"},\"thumbnailUrl\":\"https:\\\/\\\/tuzlainfo.ba\\\/wp-content\\\/uploads\\\/2026\\\/09\\\/dzemal-poljakovic-opcinakalesija.webp\",\"keywords\":[\"d\u017eemal poljakovi\u0107\"],\"articleSection\":[\"Istaknuto\",\"Novosti\"],\"inLanguage\":\"bs-BA\",\"copyrightYear\":\"2026\",\"copyrightHolder\":{\"@id\":\"https:\\\/\\\/tuzlainfo.ba\\\/#organization\"}},{\"@type\":\"WebPage\",\"@id\":\"https:\\\/\\\/tuzlainfo.ba\\\/index.php\\\/novosti\\\/item\\\/314621-preminuo-prof-dr-dzemal-poljakovic-istaknuti-ljekar-i-profesor-medicinskog-fakulteta-tuzla\\\/\",\"url\":\"https:\\\/\\\/tuzlainfo.ba\\\/index.php\\\/novosti\\\/item\\\/314621-preminuo-prof-dr-dzemal-poljakovic-istaknuti-ljekar-i-profesor-medicinskog-fakulteta-tuzla\\\/\",\"name\":\"Preminuo prof. dr. D\u017eemal Poljakovi\u0107, istaknuti ljekar i profesor Medicinskog fakulteta Tuzla\",\"isPartOf\":{\"@id\":\"https:\\\/\\\/tuzlainfo.ba\\\/#website\"},\"primaryImageOfPage\":{\"@id\":\"https:\\\/\\\/tuzlainfo.ba\\\/index.php\\\/novosti\\\/item\\\/314621-preminuo-prof-dr-dzemal-poljakovic-istaknuti-ljekar-i-profesor-medicinskog-fakulteta-tuzla\\\/#primaryimage\"},\"image\":{\"@id\":\"https:\\\/\\\/tuzlainfo.ba\\\/index.php\\\/novosti\\\/item\\\/314621-preminuo-prof-dr-dzemal-poljakovic-istaknuti-ljekar-i-profesor-medicinskog-fakulteta-tuzla\\\/#primaryimage\"},\"thumbnailUrl\":\"https:\\\/\\\/tuzlainfo.ba\\\/wp-content\\\/uploads\\\/2026\\\/09\\\/dzemal-poljakovic-opcinakalesija.webp\",\"datePublished\":\"2026-09-02T07:45:47+00:00\",\"breadcrumb\":{\"@id\":\"https:\\\/\\\/tuzlainfo.ba\\\/index.php\\\/novosti\\\/item\\\/314621-preminuo-prof-dr-dzemal-poljakovic-istaknuti-ljekar-i-profesor-medicinskog-fakulteta-tuzla\\\/#breadcrumb\"},\"inLanguage\":\"bs-BA\",\"potentialAction\":[{\"@type\":\"ReadAction\",\"target\":[\"https:\\\/\\\/tuzlainfo.ba\\\/index.php\\\/novosti\\\/item\\\/314621-preminuo-prof-dr-dzemal-poljakovic-istaknuti-ljekar-i-profesor-medicinskog-fakulteta-tuzla\\\/\"]}]},{\"@type\":\"ImageObject\",\"inLanguage\":\"bs-BA\",\"@id\":\"https:\\\/\\\/tuzlainfo.ba\\\/index.php\\\/novosti\\\/item\\\/314621-preminuo-prof-dr-dzemal-poljakovic-istaknuti-ljekar-i-profesor-medicinskog-fakulteta-tuzla\\\/#primaryimage\",\"url\":\"https:\\\/\\\/tuzlainfo.ba\\\/wp-content\\\/uploads\\\/2026\\\/09\\\/dzemal-poljakovic-opcinakalesija.webp\",\"contentUrl\":\"https:\\\/\\\/tuzlainfo.ba\\\/wp-content\\\/uploads\\\/2026\\\/09\\\/dzemal-poljakovic-opcinakalesija.webp\",\"width\":871,\"height\":540},{\"@type\":\"BreadcrumbList\",\"@id\":\"https:\\\/\\\/tuzlainfo.ba\\\/index.php\\\/novosti\\\/item\\\/314621-preminuo-prof-dr-dzemal-poljakovic-istaknuti-ljekar-i-profesor-medicinskog-fakulteta-tuzla\\\/#breadcrumb\",\"itemListElement\":[{\"@type\":\"ListItem\",\"position\":1,\"name\":\"Home\",\"item\":\"https:\\\/\\\/tuzlainfo.ba\\\/\"},{\"@type\":\"ListItem\",\"position\":2,\"name\":\"Preminuo prof. dr. D\u017eemal Poljakovi\u0107, istaknuti ljekar i profesor Medicinskog fakulteta Tuzla\"}]},{\"@type\":\"WebSite\",\"@id\":\"https:\\\/\\\/tuzlainfo.ba\\\/#website\",\"url\":\"https:\\\/\\\/tuzlainfo.ba\\\/\",\"name\":\"TuzlaInfo.ba\",\"description\":\"Tuzla info, gradski informator - Tuzla na dlanu\",\"publisher\":{\"@id\":\"https:\\\/\\\/tuzlainfo.ba\\\/#organization\"},\"potentialAction\":[{\"@type\":\"SearchAction\",\"target\":{\"@type\":\"EntryPoint\",\"urlTemplate\":\"https:\\\/\\\/tuzlainfo.ba\\\/?s={search_term_string}\"},\"query-input\":{\"@type\":\"PropertyValueSpecification\",\"valueRequired\":true,\"valueName\":\"search_term_string\"}}],\"inLanguage\":\"bs-BA\"},{\"@type\":\"Organization\",\"@id\":\"https:\\\/\\\/tuzlainfo.ba\\\/#organization\",\"name\":\"TuzlaInfo.ba\",\"url\":\"https:\\\/\\\/tuzlainfo.ba\\\/\",\"logo\":{\"@type\":\"ImageObject\",\"inLanguage\":\"bs-BA\",\"@id\":\"https:\\\/\\\/tuzlainfo.ba\\\/#\\\/schema\\\/logo\\\/image\\\/\",\"url\":\"https:\\\/\\\/tuzlainfo.ba\\\/wp-content\\\/uploads\\\/2021\\\/03\\\/logo-ver-3-1.png\",\"contentUrl\":\"https:\\\/\\\/tuzlainfo.ba\\\/wp-content\\\/uploads\\\/2021\\\/03\\\/logo-ver-3-1.png\",\"width\":350,\"height\":95,\"caption\":\"TuzlaInfo.ba\"},\"image\":{\"@id\":\"https:\\\/\\\/tuzlainfo.ba\\\/#\\\/schema\\\/logo\\\/image\\\/\"},\"sameAs\":[\"https:\\\/\\\/www.facebook.com\\\/tuzlainfo.ba\\\/\"]},{\"@type\":\"Person\",\"@id\":\"https:\\\/\\\/tuzlainfo.ba\\\/#\\\/schema\\\/person\\\/46cad4c57790cbc50781edd14870825a\",\"name\":\"Tuzla Info\",\"image\":{\"@type\":\"ImageObject\",\"inLanguage\":\"bs-BA\",\"@id\":\"https:\\\/\\\/secure.gravatar.com\\\/avatar\\\/e980921b00fa2e552723a2386544734ce6885d2b2304ccca3f45186f9ca4031d?s=96&d=mm&r=g\",\"url\":\"https:\\\/\\\/secure.gravatar.com\\\/avatar\\\/e980921b00fa2e552723a2386544734ce6885d2b2304ccca3f45186f9ca4031d?s=96&d=mm&r=g\",\"contentUrl\":\"https:\\\/\\\/secure.gravatar.com\\\/avatar\\\/e980921b00fa2e552723a2386544734ce6885d2b2304ccca3f45186f9ca4031d?s=96&d=mm&r=g\",\"caption\":\"Tuzla Info\"}}]}<\/script>\n<!-- \/ Yoast SEO plugin. -->","yoast_head_json":{"title":"Preminuo prof. dr. D\u017eemal Poljakovi\u0107, istaknuti ljekar i profesor Medicinskog fakulteta Tuzla","robots":{"index":"index","follow":"follow","max-snippet":"max-snippet:-1","max-image-preview":"max-image-preview:large","max-video-preview":"max-video-preview:-1"},"canonical":"https:\/\/tuzlainfo.ba\/index.php\/novosti\/item\/314621-preminuo-prof-dr-dzemal-poljakovic-istaknuti-ljekar-i-profesor-medicinskog-fakulteta-tuzla\/","og_locale":"bs_BA","og_type":"article","og_title":"Preminuo prof. dr. D\u017eemal Poljakovi\u0107, istaknuti ljekar i profesor Medicinskog fakulteta Tuzla","og_description":"Prof. dr. D\u017eemal Poljakovi\u0107, istaknuti ljekar, doktor medicinskih nauka, profesor Medicinskog fakulteta Univerziteta u Tuzli, humanista i pjesnik, preminuo je 29. augusta u 83. godini \u017eivota. Poljakovi\u0107 je ro\u0111en 1944. godine u Gornjoj Kalesiji. Srednju \u0161kolu zavr\u0161io je u Tuzli, a studij medicine u Beogradu. Profesionalni \u017eivot posvetio je medicini, nau\u010dnom radu i obrazovanju, ostavljaju\u0107i [&hellip;]","og_url":"https:\/\/tuzlainfo.ba\/index.php\/novosti\/item\/314621-preminuo-prof-dr-dzemal-poljakovic-istaknuti-ljekar-i-profesor-medicinskog-fakulteta-tuzla\/","og_site_name":"TuzlaInfo.ba","article_publisher":"https:\/\/www.facebook.com\/tuzlainfo.ba\/","article_published_time":"2026-09-02T07:45:47+00:00","og_image":[{"width":871,"height":540,"url":"https:\/\/tuzlainfo.ba\/wp-content\/uploads\/2026\/09\/dzemal-poljakovic-opcinakalesija.webp","type":"image\/webp"}],"author":"Tuzla Info","twitter_card":"summary_large_image","twitter_misc":{"Written by":"Tuzla Info","Est. reading time":"2 minute"},"schema":{"@context":"https:\/\/schema.org","@graph":[{"@type":"Article","@id":"https:\/\/tuzlainfo.ba\/index.php\/novosti\/item\/314621-preminuo-prof-dr-dzemal-poljakovic-istaknuti-ljekar-i-profesor-medicinskog-fakulteta-tuzla\/#article","isPartOf":{"@id":"https:\/\/tuzlainfo.ba\/index.php\/novosti\/item\/314621-preminuo-prof-dr-dzemal-poljakovic-istaknuti-ljekar-i-profesor-medicinskog-fakulteta-tuzla\/"},"author":{"name":"Tuzla Info","@id":"https:\/\/tuzlainfo.ba\/#\/schema\/person\/46cad4c57790cbc50781edd14870825a"},"headline":"Preminuo prof. dr. D\u017eemal Poljakovi\u0107, istaknuti ljekar i profesor Medicinskog fakulteta Tuzla","datePublished":"2026-09-02T07:45:47+00:00","mainEntityOfPage":{"@id":"https:\/\/tuzlainfo.ba\/index.php\/novosti\/item\/314621-preminuo-prof-dr-dzemal-poljakovic-istaknuti-ljekar-i-profesor-medicinskog-fakulteta-tuzla\/"},"wordCount":253,"publisher":{"@id":"https:\/\/tuzlainfo.ba\/#organization"},"image":{"@id":"https:\/\/tuzlainfo.ba\/index.php\/novosti\/item\/314621-preminuo-prof-dr-dzemal-poljakovic-istaknuti-ljekar-i-profesor-medicinskog-fakulteta-tuzla\/#primaryimage"},"thumbnailUrl":"https:\/\/tuzlainfo.ba\/wp-content\/uploads\/2026\/09\/dzemal-poljakovic-opcinakalesija.webp","keywords":["d\u017eemal poljakovi\u0107"],"articleSection":["Istaknuto","Novosti"],"inLanguage":"bs-BA","copyrightYear":"2026","copyrightHolder":{"@id":"https:\/\/tuzlainfo.ba\/#organization"}},{"@type":"WebPage","@id":"https:\/\/tuzlainfo.ba\/index.php\/novosti\/item\/314621-preminuo-prof-dr-dzemal-poljakovic-istaknuti-ljekar-i-profesor-medicinskog-fakulteta-tuzla\/","url":"https:\/\/tuzlainfo.ba\/index.php\/novosti\/item\/314621-preminuo-prof-dr-dzemal-poljakovic-istaknuti-ljekar-i-profesor-medicinskog-fakulteta-tuzla\/","name":"Preminuo prof. dr. D\u017eemal Poljakovi\u0107, istaknuti ljekar i profesor Medicinskog fakulteta Tuzla","isPartOf":{"@id":"https:\/\/tuzlainfo.ba\/#website"},"primaryImageOfPage":{"@id":"https:\/\/tuzlainfo.ba\/index.php\/novosti\/item\/314621-preminuo-prof-dr-dzemal-poljakovic-istaknuti-ljekar-i-profesor-medicinskog-fakulteta-tuzla\/#primaryimage"},"image":{"@id":"https:\/\/tuzlainfo.ba\/index.php\/novosti\/item\/314621-preminuo-prof-dr-dzemal-poljakovic-istaknuti-ljekar-i-profesor-medicinskog-fakulteta-tuzla\/#primaryimage"},"thumbnailUrl":"https:\/\/tuzlainfo.ba\/wp-content\/uploads\/2026\/09\/dzemal-poljakovic-opcinakalesija.webp","datePublished":"2026-09-02T07:45:47+00:00","breadcrumb":{"@id":"https:\/\/tuzlainfo.ba\/index.php\/novosti\/item\/314621-preminuo-prof-dr-dzemal-poljakovic-istaknuti-ljekar-i-profesor-medicinskog-fakulteta-tuzla\/#breadcrumb"},"inLanguage":"bs-BA","potentialAction":[{"@type":"ReadAction","target":["https:\/\/tuzlainfo.ba\/index.php\/novosti\/item\/314621-preminuo-prof-dr-dzemal-poljakovic-istaknuti-ljekar-i-profesor-medicinskog-fakulteta-tuzla\/"]}]},{"@type":"ImageObject","inLanguage":"bs-BA","@id":"https:\/\/tuzlainfo.ba\/index.php\/novosti\/item\/314621-preminuo-prof-dr-dzemal-poljakovic-istaknuti-ljekar-i-profesor-medicinskog-fakulteta-tuzla\/#primaryimage","url":"https:\/\/tuzlainfo.ba\/wp-content\/uploads\/2026\/09\/dzemal-poljakovic-opcinakalesija.webp","contentUrl":"https:\/\/tuzlainfo.ba\/wp-content\/uploads\/2026\/09\/dzemal-poljakovic-opcinakalesija.webp","width":871,"height":540},{"@type":"BreadcrumbList","@id":"https:\/\/tuzlainfo.ba\/index.php\/novosti\/item\/314621-preminuo-prof-dr-dzemal-poljakovic-istaknuti-ljekar-i-profesor-medicinskog-fakulteta-tuzla\/#breadcrumb","itemListElement":[{"@type":"ListItem","position":1,"name":"Home","item":"https:\/\/tuzlainfo.ba\/"},{"@type":"ListItem","position":2,"name":"Preminuo prof. dr. D\u017eemal Poljakovi\u0107, istaknuti ljekar i profesor Medicinskog fakulteta Tuzla"}]},{"@type":"WebSite","@id":"https:\/\/tuzlainfo.ba\/#website","url":"https:\/\/tuzlainfo.ba\/","name":"TuzlaInfo.ba","description":"Tuzla info, gradski informator - Tuzla na dlanu","publisher":{"@id":"https:\/\/tuzlainfo.ba\/#organization"},"potentialAction":[{"@type":"SearchAction","target":{"@type":"EntryPoint","urlTemplate":"https:\/\/tuzlainfo.ba\/?s={search_term_string}"},"query-input":{"@type":"PropertyValueSpecification","valueRequired":true,"valueName":"search_term_string"}}],"inLanguage":"bs-BA"},{"@type":"Organization","@id":"https:\/\/tuzlainfo.ba\/#organization","name":"TuzlaInfo.ba","url":"https:\/\/tuzlainfo.ba\/","logo":{"@type":"ImageObject","inLanguage":"bs-BA","@id":"https:\/\/tuzlainfo.ba\/#\/schema\/logo\/image\/","url":"https:\/\/tuzlainfo.ba\/wp-content\/uploads\/2021\/03\/logo-ver-3-1.png","contentUrl":"https:\/\/tuzlainfo.ba\/wp-content\/uploads\/2021\/03\/logo-ver-3-1.png","width":350,"height":95,"caption":"TuzlaInfo.ba"},"image":{"@id":"https:\/\/tuzlainfo.ba\/#\/schema\/logo\/image\/"},"sameAs":["https:\/\/www.facebook.com\/tuzlainfo.ba\/"]},{"@type":"Person","@id":"https:\/\/tuzlainfo.ba\/#\/schema\/person\/46cad4c57790cbc50781edd14870825a","name":"Tuzla Info","image":{"@type":"ImageObject","inLanguage":"bs-BA","@id":"https:\/\/secure.gravatar.com\/avatar\/e980921b00fa2e552723a2386544734ce6885d2b2304ccca3f45186f9ca4031d?s=96&d=mm&r=g","url":"https:\/\/secure.gravatar.com\/avatar\/e980921b00fa2e552723a2386544734ce6885d2b2304ccca3f45186f9ca4031d?s=96&d=mm&r=g","contentUrl":"https:\/\/secure.gravatar.com\/avatar\/e980921b00fa2e552723a2386544734ce6885d2b2304ccca3f45186f9ca4031d?s=96&d=mm&r=g","caption":"Tuzla Info"}}]}},"_links":{"self":[{"href":"https:\/\/tuzlainfo.ba\/index.php\/wp-json\/wp\/v2\/posts\/314621","targetHints":{"allow":["GET"]}}],"collection":[{"href":"https:\/\/tuzlainfo.ba\/index.php\/wp-json\/wp\/v2\/posts"}],"about":[{"href":"https:\/\/tuzlainfo.ba\/index.php\/wp-json\/wp\/v2\/types\/post"}],"author":[{"embeddable":true,"href":"https:\/\/tuzlainfo.ba\/index.php\/wp-json\/wp\/v2\/users\/4"}],"replies":[{"embeddable":true,"href":"https:\/\/tuzlainfo.ba\/index.php\/wp-json\/wp\/v2\/comments?post=314621"}],"version-history":[{"count":1,"href":"https:\/\/tuzlainfo.ba\/index.php\/wp-json\/wp\/v2\/posts\/314621\/revisions"}],"predecessor-version":[{"id":314626,"href":"https:\/\/tuzlainfo.ba\/index.php\/wp-json\/wp\/v2\/posts\/314621\/revisions\/314626"}],"wp:featuredmedia":[{"embeddable":true,"href":"https:\/\/tuzlainfo.ba\/index.php\/wp-json\/wp\/v2\/media\/314625"}],"wp:attachment":[{"href":"https:\/\/tuzlainfo.ba\/index.php\/wp-json\/wp\/v2\/media?parent=314621"}],"wp:term":[{"taxonomy":"category","embeddable":true,"href":"https:\/\/tuzlainfo.ba\/index.php\/wp-json\/wp\/v2\/categories?post=314621"},{"taxonomy":"post_tag","embeddable":true,"href":"https:\/\/tuzlainfo.ba\/index.php\/wp-json\/wp\/v2\/tags?post=314621"}],"curies":[{"name":"wp","href":"https:\/\/api.w.org\/{rel}","templated":true}]}}