{"id":314592,"date":"2026-09-01T21:13:26","date_gmt":"2026-09-01T19:13:26","guid":{"rendered":"https:\/\/tuzlainfo.ba\/?p=314592"},"modified":"2026-09-01T21:24:33","modified_gmt":"2026-09-01T19:24:33","slug":"grad-tuzla-osigurao-poklon-pakete-za-890-prvacica-u-26-osnovnih-skola","status":"publish","type":"post","link":"https:\/\/tuzlainfo.ba\/index.php\/novosti\/item\/314592-grad-tuzla-osigurao-poklon-pakete-za-890-prvacica-u-26-osnovnih-skola\/","title":{"rendered":"Grad Tuzla osigurao poklon pakete za 890 prva\u010di\u0107a u 26 osnovnih \u0161kola"},"content":{"rendered":"<p class=\"PDq2pG_selectionAnchorContainer\" data-start=\"73\" data-end=\"176\">Prvi \u0161kolski dan za tuzlanske prva\u010di\u0107e i ove godine uljep\u0161an je poklonima koje je pripremio Grad Tuzla.<\/p>\n<p data-start=\"178\" data-end=\"291\">Ukupno je osigurano 890 poklon paketa namijenjenih u\u010denicima prvih razreda u 26 osnovnih \u0161kola na podru\u010dju Tuzle.<\/p>\n<p data-start=\"293\" data-end=\"454\">Podjela poklona prva\u010di\u0107ima ve\u0107 godinama je dio aktivnosti kojima Grad Tuzla obilje\u017eava po\u010detak nove \u0161kolske godine i u\u010denicima \u017eeli dobrodo\u0161licu u \u0161kolske klupe.<\/p>\n<p data-start=\"456\" data-end=\"581\">Iz Grada Tuzle isti\u010du da su briga o najmla\u0111im sugra\u0111anima i podr\u0161ka njihovom obrazovanju me\u0111u prioritetima lokalne zajednice.<\/p>\n<p data-start=\"583\" data-end=\"767\">\u201eSvaki novi \u0161kolski po\u010detak prilika je da im pru\u017eimo dodatnu pa\u017enju i podsjetimo da su njihovo znanje, uspjeh i budu\u0107nost vrijednosti koje zajedno gradimo\u201c, poru\u010dili su iz Grada Tuzle.<\/p>\n<p data-start=\"769\" data-end=\"941\">Za 890 tuzlanskih prva\u010di\u0107a ovo je po\u010detak novog \u017eivotnog poglavlja, a poklon paketi bili su jedan od na\u010dina da im prvi susret sa \u0161kolskim klupama ostane u lijepom sje\u0107anju.<\/p>\n","protected":false},"excerpt":{"rendered":"<p>Prvi \u0161kolski dan za tuzlanske prva\u010di\u0107e i ove godine uljep\u0161an je poklonima koje je pripremio Grad Tuzla. Ukupno je osigurano 890 poklon paketa namijenjenih u\u010denicima prvih razreda u 26 osnovnih \u0161kola na podru\u010dju Tuzle. Podjela poklona prva\u010di\u0107ima ve\u0107 godinama je dio aktivnosti kojima Grad Tuzla obilje\u017eava po\u010detak nove \u0161kolske godine i u\u010denicima \u017eeli dobrodo\u0161licu u [&hellip;]<\/p>\n","protected":false},"author":2,"featured_media":314593,"comment_status":"closed","ping_status":"closed","sticky":false,"template":"","format":"standard","meta":{"footnotes":""},"categories":[304,12],"tags":[331,2232,970],"class_list":["post-314592","post","type-post","status-publish","format-standard","has-post-thumbnail","hentry","category-istaknuto","category-novosti","tag-grad-tuzla","tag-nova-skolska-godina","tag-prvacici"],"yoast_head":"<!-- This site is optimized with the Yoast SEO plugin v28.3 - https:\/\/yoast.com\/product\/yoast-seo-wordpress\/ -->\n<title>Grad Tuzla osigurao poklon pakete za 890 prva\u010di\u0107a u 26 osnovnih \u0161kola<\/title>\n<meta name=\"robots\" content=\"index, follow, max-snippet:-1, max-image-preview:large, max-video-preview:-1\" \/>\n<link rel=\"canonical\" href=\"https:\/\/tuzlainfo.ba\/index.php\/novosti\/item\/314592-grad-tuzla-osigurao-poklon-pakete-za-890-prvacica-u-26-osnovnih-skola\/\" \/>\n<meta property=\"og:locale\" content=\"bs_BA\" \/>\n<meta property=\"og:type\" content=\"article\" \/>\n<meta property=\"og:title\" content=\"Grad Tuzla osigurao poklon pakete za 890 prva\u010di\u0107a u 26 osnovnih \u0161kola\" \/>\n<meta property=\"og:description\" content=\"Prvi \u0161kolski dan za tuzlanske prva\u010di\u0107e i ove godine uljep\u0161an je poklonima koje je pripremio Grad Tuzla. Ukupno je osigurano 890 poklon paketa namijenjenih u\u010denicima prvih razreda u 26 osnovnih \u0161kola na podru\u010dju Tuzle. Podjela poklona prva\u010di\u0107ima ve\u0107 godinama je dio aktivnosti kojima Grad Tuzla obilje\u017eava po\u010detak nove \u0161kolske godine i u\u010denicima \u017eeli dobrodo\u0161licu u [&hellip;]\" \/>\n<meta property=\"og:url\" content=\"https:\/\/tuzlainfo.ba\/index.php\/novosti\/item\/314592-grad-tuzla-osigurao-poklon-pakete-za-890-prvacica-u-26-osnovnih-skola\/\" \/>\n<meta property=\"og:site_name\" content=\"TuzlaInfo.ba\" \/>\n<meta property=\"article:publisher\" content=\"https:\/\/www.facebook.com\/tuzlainfo.ba\/\" \/>\n<meta property=\"article:published_time\" content=\"2026-09-01T19:13:26+00:00\" \/>\n<meta property=\"article:modified_time\" content=\"2026-09-01T19:24:33+00:00\" \/>\n<meta property=\"og:image\" content=\"https:\/\/tuzlainfo.ba\/wp-content\/uploads\/2026\/09\/prvacici_2026.jpg\" \/>\n\t<meta property=\"og:image:width\" content=\"1000\" \/>\n\t<meta property=\"og:image:height\" content=\"616\" \/>\n\t<meta property=\"og:image:type\" content=\"image\/jpeg\" \/>\n<meta name=\"author\" content=\"nedim\" \/>\n<meta name=\"twitter:card\" content=\"summary_large_image\" \/>\n<meta name=\"twitter:label1\" content=\"Written by\" \/>\n\t<meta name=\"twitter:data1\" content=\"nedim\" \/>\n\t<meta name=\"twitter:label2\" content=\"Est. reading time\" \/>\n\t<meta name=\"twitter:data2\" content=\"1 minuta\" \/>\n<script type=\"application\/ld+json\" class=\"yoast-schema-graph\">{\"@context\":\"https:\\\/\\\/schema.org\",\"@graph\":[{\"@type\":\"Article\",\"@id\":\"https:\\\/\\\/tuzlainfo.ba\\\/index.php\\\/novosti\\\/item\\\/314592-grad-tuzla-osigurao-poklon-pakete-za-890-prvacica-u-26-osnovnih-skola\\\/#article\",\"isPartOf\":{\"@id\":\"https:\\\/\\\/tuzlainfo.ba\\\/index.php\\\/novosti\\\/item\\\/314592-grad-tuzla-osigurao-poklon-pakete-za-890-prvacica-u-26-osnovnih-skola\\\/\"},\"author\":{\"name\":\"nedim\",\"@id\":\"https:\\\/\\\/tuzlainfo.ba\\\/#\\\/schema\\\/person\\\/f434e20dc27ea133923aab08451b7f7f\"},\"headline\":\"Grad Tuzla osigurao poklon pakete za 890 prva\u010di\u0107a u 26 osnovnih \u0161kola\",\"datePublished\":\"2026-09-01T19:13:26+00:00\",\"dateModified\":\"2026-09-01T19:24:33+00:00\",\"mainEntityOfPage\":{\"@id\":\"https:\\\/\\\/tuzlainfo.ba\\\/index.php\\\/novosti\\\/item\\\/314592-grad-tuzla-osigurao-poklon-pakete-za-890-prvacica-u-26-osnovnih-skola\\\/\"},\"wordCount\":168,\"publisher\":{\"@id\":\"https:\\\/\\\/tuzlainfo.ba\\\/#organization\"},\"image\":{\"@id\":\"https:\\\/\\\/tuzlainfo.ba\\\/index.php\\\/novosti\\\/item\\\/314592-grad-tuzla-osigurao-poklon-pakete-za-890-prvacica-u-26-osnovnih-skola\\\/#primaryimage\"},\"thumbnailUrl\":\"https:\\\/\\\/tuzlainfo.ba\\\/wp-content\\\/uploads\\\/2026\\\/09\\\/prvacici_2026.jpg\",\"keywords\":[\"grad tuzla\",\"nova \u0161kolska godina\",\"prva\u010di\u0107i\"],\"articleSection\":[\"Istaknuto\",\"Novosti\"],\"inLanguage\":\"bs-BA\",\"copyrightYear\":\"2026\",\"copyrightHolder\":{\"@id\":\"https:\\\/\\\/tuzlainfo.ba\\\/#organization\"}},{\"@type\":\"WebPage\",\"@id\":\"https:\\\/\\\/tuzlainfo.ba\\\/index.php\\\/novosti\\\/item\\\/314592-grad-tuzla-osigurao-poklon-pakete-za-890-prvacica-u-26-osnovnih-skola\\\/\",\"url\":\"https:\\\/\\\/tuzlainfo.ba\\\/index.php\\\/novosti\\\/item\\\/314592-grad-tuzla-osigurao-poklon-pakete-za-890-prvacica-u-26-osnovnih-skola\\\/\",\"name\":\"Grad Tuzla osigurao poklon pakete za 890 prva\u010di\u0107a u 26 osnovnih \u0161kola\",\"isPartOf\":{\"@id\":\"https:\\\/\\\/tuzlainfo.ba\\\/#website\"},\"primaryImageOfPage\":{\"@id\":\"https:\\\/\\\/tuzlainfo.ba\\\/index.php\\\/novosti\\\/item\\\/314592-grad-tuzla-osigurao-poklon-pakete-za-890-prvacica-u-26-osnovnih-skola\\\/#primaryimage\"},\"image\":{\"@id\":\"https:\\\/\\\/tuzlainfo.ba\\\/index.php\\\/novosti\\\/item\\\/314592-grad-tuzla-osigurao-poklon-pakete-za-890-prvacica-u-26-osnovnih-skola\\\/#primaryimage\"},\"thumbnailUrl\":\"https:\\\/\\\/tuzlainfo.ba\\\/wp-content\\\/uploads\\\/2026\\\/09\\\/prvacici_2026.jpg\",\"datePublished\":\"2026-09-01T19:13:26+00:00\",\"dateModified\":\"2026-09-01T19:24:33+00:00\",\"breadcrumb\":{\"@id\":\"https:\\\/\\\/tuzlainfo.ba\\\/index.php\\\/novosti\\\/item\\\/314592-grad-tuzla-osigurao-poklon-pakete-za-890-prvacica-u-26-osnovnih-skola\\\/#breadcrumb\"},\"inLanguage\":\"bs-BA\",\"potentialAction\":[{\"@type\":\"ReadAction\",\"target\":[\"https:\\\/\\\/tuzlainfo.ba\\\/index.php\\\/novosti\\\/item\\\/314592-grad-tuzla-osigurao-poklon-pakete-za-890-prvacica-u-26-osnovnih-skola\\\/\"]}]},{\"@type\":\"ImageObject\",\"inLanguage\":\"bs-BA\",\"@id\":\"https:\\\/\\\/tuzlainfo.ba\\\/index.php\\\/novosti\\\/item\\\/314592-grad-tuzla-osigurao-poklon-pakete-za-890-prvacica-u-26-osnovnih-skola\\\/#primaryimage\",\"url\":\"https:\\\/\\\/tuzlainfo.ba\\\/wp-content\\\/uploads\\\/2026\\\/09\\\/prvacici_2026.jpg\",\"contentUrl\":\"https:\\\/\\\/tuzlainfo.ba\\\/wp-content\\\/uploads\\\/2026\\\/09\\\/prvacici_2026.jpg\",\"width\":1000,\"height\":616},{\"@type\":\"BreadcrumbList\",\"@id\":\"https:\\\/\\\/tuzlainfo.ba\\\/index.php\\\/novosti\\\/item\\\/314592-grad-tuzla-osigurao-poklon-pakete-za-890-prvacica-u-26-osnovnih-skola\\\/#breadcrumb\",\"itemListElement\":[{\"@type\":\"ListItem\",\"position\":1,\"name\":\"Home\",\"item\":\"https:\\\/\\\/tuzlainfo.ba\\\/\"},{\"@type\":\"ListItem\",\"position\":2,\"name\":\"Grad Tuzla osigurao poklon pakete za 890 prva\u010di\u0107a u 26 osnovnih \u0161kola\"}]},{\"@type\":\"WebSite\",\"@id\":\"https:\\\/\\\/tuzlainfo.ba\\\/#website\",\"url\":\"https:\\\/\\\/tuzlainfo.ba\\\/\",\"name\":\"TuzlaInfo.ba\",\"description\":\"Tuzla info, gradski informator - Tuzla na dlanu\",\"publisher\":{\"@id\":\"https:\\\/\\\/tuzlainfo.ba\\\/#organization\"},\"potentialAction\":[{\"@type\":\"SearchAction\",\"target\":{\"@type\":\"EntryPoint\",\"urlTemplate\":\"https:\\\/\\\/tuzlainfo.ba\\\/?s={search_term_string}\"},\"query-input\":{\"@type\":\"PropertyValueSpecification\",\"valueRequired\":true,\"valueName\":\"search_term_string\"}}],\"inLanguage\":\"bs-BA\"},{\"@type\":\"Organization\",\"@id\":\"https:\\\/\\\/tuzlainfo.ba\\\/#organization\",\"name\":\"TuzlaInfo.ba\",\"url\":\"https:\\\/\\\/tuzlainfo.ba\\\/\",\"logo\":{\"@type\":\"ImageObject\",\"inLanguage\":\"bs-BA\",\"@id\":\"https:\\\/\\\/tuzlainfo.ba\\\/#\\\/schema\\\/logo\\\/image\\\/\",\"url\":\"https:\\\/\\\/tuzlainfo.ba\\\/wp-content\\\/uploads\\\/2021\\\/03\\\/logo-ver-3-1.png\",\"contentUrl\":\"https:\\\/\\\/tuzlainfo.ba\\\/wp-content\\\/uploads\\\/2021\\\/03\\\/logo-ver-3-1.png\",\"width\":350,\"height\":95,\"caption\":\"TuzlaInfo.ba\"},\"image\":{\"@id\":\"https:\\\/\\\/tuzlainfo.ba\\\/#\\\/schema\\\/logo\\\/image\\\/\"},\"sameAs\":[\"https:\\\/\\\/www.facebook.com\\\/tuzlainfo.ba\\\/\"]},{\"@type\":\"Person\",\"@id\":\"https:\\\/\\\/tuzlainfo.ba\\\/#\\\/schema\\\/person\\\/f434e20dc27ea133923aab08451b7f7f\",\"name\":\"nedim\",\"image\":{\"@type\":\"ImageObject\",\"inLanguage\":\"bs-BA\",\"@id\":\"https:\\\/\\\/secure.gravatar.com\\\/avatar\\\/5b928a2e7e70a54208d2eb6c1edcb75a5350d6ae97d5f0a701203d456823f6f3?s=96&d=mm&r=g\",\"url\":\"https:\\\/\\\/secure.gravatar.com\\\/avatar\\\/5b928a2e7e70a54208d2eb6c1edcb75a5350d6ae97d5f0a701203d456823f6f3?s=96&d=mm&r=g\",\"contentUrl\":\"https:\\\/\\\/secure.gravatar.com\\\/avatar\\\/5b928a2e7e70a54208d2eb6c1edcb75a5350d6ae97d5f0a701203d456823f6f3?s=96&d=mm&r=g\",\"caption\":\"nedim\"},\"description\":\"Tuzlainfo.ba pratite na dru\u0161tvenim mre\u017eama: Facebook, Instagram i Youtube. Svoje pri\u010de, upite i fotografije \u0161aljite na na\u0161u e-mail adresu.\"}]}<\/script>\n<!-- \/ Yoast SEO plugin. -->","yoast_head_json":{"title":"Grad Tuzla osigurao poklon pakete za 890 prva\u010di\u0107a u 26 osnovnih \u0161kola","robots":{"index":"index","follow":"follow","max-snippet":"max-snippet:-1","max-image-preview":"max-image-preview:large","max-video-preview":"max-video-preview:-1"},"canonical":"https:\/\/tuzlainfo.ba\/index.php\/novosti\/item\/314592-grad-tuzla-osigurao-poklon-pakete-za-890-prvacica-u-26-osnovnih-skola\/","og_locale":"bs_BA","og_type":"article","og_title":"Grad Tuzla osigurao poklon pakete za 890 prva\u010di\u0107a u 26 osnovnih \u0161kola","og_description":"Prvi \u0161kolski dan za tuzlanske prva\u010di\u0107e i ove godine uljep\u0161an je poklonima koje je pripremio Grad Tuzla. Ukupno je osigurano 890 poklon paketa namijenjenih u\u010denicima prvih razreda u 26 osnovnih \u0161kola na podru\u010dju Tuzle. Podjela poklona prva\u010di\u0107ima ve\u0107 godinama je dio aktivnosti kojima Grad Tuzla obilje\u017eava po\u010detak nove \u0161kolske godine i u\u010denicima \u017eeli dobrodo\u0161licu u [&hellip;]","og_url":"https:\/\/tuzlainfo.ba\/index.php\/novosti\/item\/314592-grad-tuzla-osigurao-poklon-pakete-za-890-prvacica-u-26-osnovnih-skola\/","og_site_name":"TuzlaInfo.ba","article_publisher":"https:\/\/www.facebook.com\/tuzlainfo.ba\/","article_published_time":"2026-09-01T19:13:26+00:00","article_modified_time":"2026-09-01T19:24:33+00:00","og_image":[{"width":1000,"height":616,"url":"https:\/\/tuzlainfo.ba\/wp-content\/uploads\/2026\/09\/prvacici_2026.jpg","type":"image\/jpeg"}],"author":"nedim","twitter_card":"summary_large_image","twitter_misc":{"Written by":"nedim","Est. reading time":"1 minuta"},"schema":{"@context":"https:\/\/schema.org","@graph":[{"@type":"Article","@id":"https:\/\/tuzlainfo.ba\/index.php\/novosti\/item\/314592-grad-tuzla-osigurao-poklon-pakete-za-890-prvacica-u-26-osnovnih-skola\/#article","isPartOf":{"@id":"https:\/\/tuzlainfo.ba\/index.php\/novosti\/item\/314592-grad-tuzla-osigurao-poklon-pakete-za-890-prvacica-u-26-osnovnih-skola\/"},"author":{"name":"nedim","@id":"https:\/\/tuzlainfo.ba\/#\/schema\/person\/f434e20dc27ea133923aab08451b7f7f"},"headline":"Grad Tuzla osigurao poklon pakete za 890 prva\u010di\u0107a u 26 osnovnih \u0161kola","datePublished":"2026-09-01T19:13:26+00:00","dateModified":"2026-09-01T19:24:33+00:00","mainEntityOfPage":{"@id":"https:\/\/tuzlainfo.ba\/index.php\/novosti\/item\/314592-grad-tuzla-osigurao-poklon-pakete-za-890-prvacica-u-26-osnovnih-skola\/"},"wordCount":168,"publisher":{"@id":"https:\/\/tuzlainfo.ba\/#organization"},"image":{"@id":"https:\/\/tuzlainfo.ba\/index.php\/novosti\/item\/314592-grad-tuzla-osigurao-poklon-pakete-za-890-prvacica-u-26-osnovnih-skola\/#primaryimage"},"thumbnailUrl":"https:\/\/tuzlainfo.ba\/wp-content\/uploads\/2026\/09\/prvacici_2026.jpg","keywords":["grad tuzla","nova \u0161kolska godina","prva\u010di\u0107i"],"articleSection":["Istaknuto","Novosti"],"inLanguage":"bs-BA","copyrightYear":"2026","copyrightHolder":{"@id":"https:\/\/tuzlainfo.ba\/#organization"}},{"@type":"WebPage","@id":"https:\/\/tuzlainfo.ba\/index.php\/novosti\/item\/314592-grad-tuzla-osigurao-poklon-pakete-za-890-prvacica-u-26-osnovnih-skola\/","url":"https:\/\/tuzlainfo.ba\/index.php\/novosti\/item\/314592-grad-tuzla-osigurao-poklon-pakete-za-890-prvacica-u-26-osnovnih-skola\/","name":"Grad Tuzla osigurao poklon pakete za 890 prva\u010di\u0107a u 26 osnovnih \u0161kola","isPartOf":{"@id":"https:\/\/tuzlainfo.ba\/#website"},"primaryImageOfPage":{"@id":"https:\/\/tuzlainfo.ba\/index.php\/novosti\/item\/314592-grad-tuzla-osigurao-poklon-pakete-za-890-prvacica-u-26-osnovnih-skola\/#primaryimage"},"image":{"@id":"https:\/\/tuzlainfo.ba\/index.php\/novosti\/item\/314592-grad-tuzla-osigurao-poklon-pakete-za-890-prvacica-u-26-osnovnih-skola\/#primaryimage"},"thumbnailUrl":"https:\/\/tuzlainfo.ba\/wp-content\/uploads\/2026\/09\/prvacici_2026.jpg","datePublished":"2026-09-01T19:13:26+00:00","dateModified":"2026-09-01T19:24:33+00:00","breadcrumb":{"@id":"https:\/\/tuzlainfo.ba\/index.php\/novosti\/item\/314592-grad-tuzla-osigurao-poklon-pakete-za-890-prvacica-u-26-osnovnih-skola\/#breadcrumb"},"inLanguage":"bs-BA","potentialAction":[{"@type":"ReadAction","target":["https:\/\/tuzlainfo.ba\/index.php\/novosti\/item\/314592-grad-tuzla-osigurao-poklon-pakete-za-890-prvacica-u-26-osnovnih-skola\/"]}]},{"@type":"ImageObject","inLanguage":"bs-BA","@id":"https:\/\/tuzlainfo.ba\/index.php\/novosti\/item\/314592-grad-tuzla-osigurao-poklon-pakete-za-890-prvacica-u-26-osnovnih-skola\/#primaryimage","url":"https:\/\/tuzlainfo.ba\/wp-content\/uploads\/2026\/09\/prvacici_2026.jpg","contentUrl":"https:\/\/tuzlainfo.ba\/wp-content\/uploads\/2026\/09\/prvacici_2026.jpg","width":1000,"height":616},{"@type":"BreadcrumbList","@id":"https:\/\/tuzlainfo.ba\/index.php\/novosti\/item\/314592-grad-tuzla-osigurao-poklon-pakete-za-890-prvacica-u-26-osnovnih-skola\/#breadcrumb","itemListElement":[{"@type":"ListItem","position":1,"name":"Home","item":"https:\/\/tuzlainfo.ba\/"},{"@type":"ListItem","position":2,"name":"Grad Tuzla osigurao poklon pakete za 890 prva\u010di\u0107a u 26 osnovnih \u0161kola"}]},{"@type":"WebSite","@id":"https:\/\/tuzlainfo.ba\/#website","url":"https:\/\/tuzlainfo.ba\/","name":"TuzlaInfo.ba","description":"Tuzla info, gradski informator - Tuzla na dlanu","publisher":{"@id":"https:\/\/tuzlainfo.ba\/#organization"},"potentialAction":[{"@type":"SearchAction","target":{"@type":"EntryPoint","urlTemplate":"https:\/\/tuzlainfo.ba\/?s={search_term_string}"},"query-input":{"@type":"PropertyValueSpecification","valueRequired":true,"valueName":"search_term_string"}}],"inLanguage":"bs-BA"},{"@type":"Organization","@id":"https:\/\/tuzlainfo.ba\/#organization","name":"TuzlaInfo.ba","url":"https:\/\/tuzlainfo.ba\/","logo":{"@type":"ImageObject","inLanguage":"bs-BA","@id":"https:\/\/tuzlainfo.ba\/#\/schema\/logo\/image\/","url":"https:\/\/tuzlainfo.ba\/wp-content\/uploads\/2021\/03\/logo-ver-3-1.png","contentUrl":"https:\/\/tuzlainfo.ba\/wp-content\/uploads\/2021\/03\/logo-ver-3-1.png","width":350,"height":95,"caption":"TuzlaInfo.ba"},"image":{"@id":"https:\/\/tuzlainfo.ba\/#\/schema\/logo\/image\/"},"sameAs":["https:\/\/www.facebook.com\/tuzlainfo.ba\/"]},{"@type":"Person","@id":"https:\/\/tuzlainfo.ba\/#\/schema\/person\/f434e20dc27ea133923aab08451b7f7f","name":"nedim","image":{"@type":"ImageObject","inLanguage":"bs-BA","@id":"https:\/\/secure.gravatar.com\/avatar\/5b928a2e7e70a54208d2eb6c1edcb75a5350d6ae97d5f0a701203d456823f6f3?s=96&d=mm&r=g","url":"https:\/\/secure.gravatar.com\/avatar\/5b928a2e7e70a54208d2eb6c1edcb75a5350d6ae97d5f0a701203d456823f6f3?s=96&d=mm&r=g","contentUrl":"https:\/\/secure.gravatar.com\/avatar\/5b928a2e7e70a54208d2eb6c1edcb75a5350d6ae97d5f0a701203d456823f6f3?s=96&d=mm&r=g","caption":"nedim"},"description":"Tuzlainfo.ba pratite na dru\u0161tvenim mre\u017eama: Facebook, Instagram i Youtube. Svoje pri\u010de, upite i fotografije \u0161aljite na na\u0161u e-mail adresu."}]}},"_links":{"self":[{"href":"https:\/\/tuzlainfo.ba\/index.php\/wp-json\/wp\/v2\/posts\/314592","targetHints":{"allow":["GET"]}}],"collection":[{"href":"https:\/\/tuzlainfo.ba\/index.php\/wp-json\/wp\/v2\/posts"}],"about":[{"href":"https:\/\/tuzlainfo.ba\/index.php\/wp-json\/wp\/v2\/types\/post"}],"author":[{"embeddable":true,"href":"https:\/\/tuzlainfo.ba\/index.php\/wp-json\/wp\/v2\/users\/2"}],"replies":[{"embeddable":true,"href":"https:\/\/tuzlainfo.ba\/index.php\/wp-json\/wp\/v2\/comments?post=314592"}],"version-history":[{"count":1,"href":"https:\/\/tuzlainfo.ba\/index.php\/wp-json\/wp\/v2\/posts\/314592\/revisions"}],"predecessor-version":[{"id":314594,"href":"https:\/\/tuzlainfo.ba\/index.php\/wp-json\/wp\/v2\/posts\/314592\/revisions\/314594"}],"wp:featuredmedia":[{"embeddable":true,"href":"https:\/\/tuzlainfo.ba\/index.php\/wp-json\/wp\/v2\/media\/314593"}],"wp:attachment":[{"href":"https:\/\/tuzlainfo.ba\/index.php\/wp-json\/wp\/v2\/media?parent=314592"}],"wp:term":[{"taxonomy":"category","embeddable":true,"href":"https:\/\/tuzlainfo.ba\/index.php\/wp-json\/wp\/v2\/categories?post=314592"},{"taxonomy":"post_tag","embeddable":true,"href":"https:\/\/tuzlainfo.ba\/index.php\/wp-json\/wp\/v2\/tags?post=314592"}],"curies":[{"name":"wp","href":"https:\/\/api.w.org\/{rel}","templated":true}]}}