{"id":314589,"date":"2026-09-01T20:35:00","date_gmt":"2026-09-01T18:35:00","guid":{"rendered":"https:\/\/tuzlainfo.ba\/?p=314589"},"modified":"2026-09-01T20:35:00","modified_gmt":"2026-09-01T18:35:00","slug":"izvjestilac-eu-parlamenta-trazi-zamrzavanje-pregovora-sa-srbijom-zbog-velicanja-zlocinca-mladica","status":"publish","type":"post","link":"https:\/\/tuzlainfo.ba\/index.php\/clanci\/sa-svih-strana\/item\/314589-izvjestilac-eu-parlamenta-trazi-zamrzavanje-pregovora-sa-srbijom-zbog-velicanja-zlocinca-mladica\/","title":{"rendered":"Izvjestilac EU parlamenta tra\u017ei zamrzavanje pregovora sa Srbijom zbog veli\u010danja zlo\u010dinca Mladi\u0107a"},"content":{"rendered":"<p data-start=\"111\" data-end=\"390\">\u010ce\u0161ki europarlamentarac i stalni izvjestilac Evropskog parlamenta za Bosnu i Hercegovinu Ond\u0159ej Kol\u00e1\u0159 najavio je da \u0107e od evropske komesarke za pro\u0161irenje Marte Kos zatra\u017eiti da se razmotri zamrzavanje pristupnih pregovora sa Srbijom zbog veli\u010danja ratnog zlo\u010dinca Ratka Mladi\u0107a.<\/p>\n<p data-start=\"392\" data-end=\"614\">Kol\u00e1\u0159 je poru\u010dio da dr\u017eava koja \u017eeli postati \u010dlanica Evropske unije ne mo\u017ee istovremeno veli\u010dati osobe pravosna\u017eno osu\u0111ene za najte\u017ee ratne zlo\u010dine i, kako je naveo, podsticati nacionalisti\u010dke narative na Zapadnom Balkanu.<\/p>\n<p data-start=\"616\" data-end=\"928\">\u201eNajvi\u0161e po\u010dasti za ratnog zlo\u010dinca? Definitivno ne u EU. Ratko Mladi\u0107 je osu\u0111en za genocid tokom rata u Bosni i Hercegovini od strane me\u0111unarodnog tribunala 2017. godine. Sada mu Srbi pripremaju sahranu s dr\u017eavnim po\u010dastima. To je u suprotnosti sa apsolutno svime, uklju\u010duju\u0107i i dobre manire\u201c, napisao je Kol\u00e1\u0159.<\/p>\n<p data-start=\"930\" data-end=\"1189\">Mladi\u0107 je prvostepeno osu\u0111en 2017. godine, dok mu je presuda kojom je osu\u0111en na do\u017eivotni zatvor pravosna\u017eno potvr\u0111ena 2021. godine. Progla\u0161en je krivim, izme\u0111u ostalog, za genocid u Srebrenici, zlo\u010dine protiv \u010dovje\u010dnosti i kr\u0161enja zakona i obi\u010daja ratovanja.<\/p>\n<p data-start=\"1191\" data-end=\"1448\">Kol\u00e1\u0159 je najavio da \u0107e se obratiti komesarki Kos i zatra\u017eiti da Evropska komisija razmotri obustavu ili zamrzavanje pregovora o \u010dlanstvu Srbije sve dok vlasti te zemlje, kako je naveo, nedvosmisleno ne odbace veli\u010danje pravosna\u017eno osu\u0111enih ratnih zlo\u010dinaca.<\/p>\n<p data-start=\"1450\" data-end=\"1720\">Njegov zahtjev odnosi se i na dalje pribli\u017eavanje Srbije \u0161engenskom prostoru. Smatra da Evropska komisija ne bi trebala produbljivati ovaj oblik integracije dok Srbija jasno i trajno ne poka\u017ee privr\u017eenost politi\u010dkim, pravnim i drugim temeljnim principima Evropske unije.<\/p>\n<p data-start=\"1722\" data-end=\"1904\">\u010ce\u0161ki europarlamentarac istovremeno je naglasio da podr\u017eava pro\u0161irenje EU, ali smatra da u Uniji ne bi trebalo biti mjesta za dr\u017eave koje veli\u010daju osobe odgovorne za masovna ubistva.<\/p>\n<p data-start=\"1906\" data-end=\"2159\">U svom apelu osvrnuo se i na izjave zvani\u010dnika Srbije nakon Mladi\u0107eve smrti, uklju\u010duju\u0107i izjavu ministra pravde Nenada Vuji\u0107a o sahrani uz dr\u017eavne i vojne po\u010dasti, kao i kritike predsjednika Srbije Aleksandra Vu\u010di\u0107a na ra\u010dun postupanja Ha\u0161kog tribunala.<\/p>\n<p data-start=\"2161\" data-end=\"2461\">\u201eOvaj \u010din veli\u010danja brutalnosti ne samo da sramoti sje\u0107anje na \u017ertve, ve\u0107 i direktno ugro\u017eava krhku stabilnost i proces pomirenja \u0161irom Zapadnog Balkana. Srbija jo\u0161 uvijek nije u potpunosti prevazi\u0161la nacionalisti\u010dke narative koji doprinose kontinuiranim tenzijama u regionu\u201c, naveo je Kol\u00e1\u0159 u apelu.<\/p>\n","protected":false},"excerpt":{"rendered":"<p>\u010ce\u0161ki europarlamentarac i stalni izvjestilac Evropskog parlamenta za Bosnu i Hercegovinu Ond\u0159ej Kol\u00e1\u0159 najavio je da \u0107e od evropske komesarke za pro\u0161irenje Marte Kos zatra\u017eiti da se razmotri zamrzavanje pristupnih pregovora sa Srbijom zbog veli\u010danja ratnog zlo\u010dinca Ratka Mladi\u0107a. Kol\u00e1\u0159 je poru\u010dio da dr\u017eava koja \u017eeli postati \u010dlanica Evropske unije ne mo\u017ee istovremeno veli\u010dati osobe [&hellip;]<\/p>\n","protected":false},"author":2,"featured_media":314590,"comment_status":"closed","ping_status":"closed","sticky":false,"template":"","format":"standard","meta":{"footnotes":""},"categories":[16],"tags":[3069,939,309],"class_list":["post-314589","post","type-post","status-publish","format-standard","has-post-thumbnail","hentry","category-sa-svih-strana","tag-europski-parlament","tag-ratko-mladic","tag-srbija"],"yoast_head":"<!-- This site is optimized with the Yoast SEO plugin v28.3 - https:\/\/yoast.com\/product\/yoast-seo-wordpress\/ -->\n<title>Izvjestilac EU parlamenta tra\u017ei zamrzavanje pregovora sa Srbijom zbog veli\u010danja zlo\u010dinca Mladi\u0107a<\/title>\n<meta name=\"robots\" content=\"index, follow, max-snippet:-1, max-image-preview:large, max-video-preview:-1\" \/>\n<link rel=\"canonical\" href=\"https:\/\/tuzlainfo.ba\/index.php\/clanci\/sa-svih-strana\/item\/314589-izvjestilac-eu-parlamenta-trazi-zamrzavanje-pregovora-sa-srbijom-zbog-velicanja-zlocinca-mladica\/\" \/>\n<meta property=\"og:locale\" content=\"bs_BA\" \/>\n<meta property=\"og:type\" content=\"article\" \/>\n<meta property=\"og:title\" content=\"Izvjestilac EU parlamenta tra\u017ei zamrzavanje pregovora sa Srbijom zbog veli\u010danja zlo\u010dinca Mladi\u0107a\" \/>\n<meta property=\"og:description\" content=\"\u010ce\u0161ki europarlamentarac i stalni izvjestilac Evropskog parlamenta za Bosnu i Hercegovinu Ond\u0159ej Kol\u00e1\u0159 najavio je da \u0107e od evropske komesarke za pro\u0161irenje Marte Kos zatra\u017eiti da se razmotri zamrzavanje pristupnih pregovora sa Srbijom zbog veli\u010danja ratnog zlo\u010dinca Ratka Mladi\u0107a. Kol\u00e1\u0159 je poru\u010dio da dr\u017eava koja \u017eeli postati \u010dlanica Evropske unije ne mo\u017ee istovremeno veli\u010dati osobe [&hellip;]\" \/>\n<meta property=\"og:url\" content=\"https:\/\/tuzlainfo.ba\/index.php\/clanci\/sa-svih-strana\/item\/314589-izvjestilac-eu-parlamenta-trazi-zamrzavanje-pregovora-sa-srbijom-zbog-velicanja-zlocinca-mladica\/\" \/>\n<meta property=\"og:site_name\" content=\"TuzlaInfo.ba\" \/>\n<meta property=\"article:publisher\" content=\"https:\/\/www.facebook.com\/tuzlainfo.ba\/\" \/>\n<meta property=\"article:published_time\" content=\"2026-09-01T18:35:00+00:00\" \/>\n<meta property=\"og:image\" content=\"https:\/\/tuzlainfo.ba\/wp-content\/uploads\/2026\/09\/0109_ondrej_kolar.jpg\" \/>\n\t<meta property=\"og:image:width\" content=\"900\" \/>\n\t<meta property=\"og:image:height\" content=\"505\" \/>\n\t<meta property=\"og:image:type\" content=\"image\/jpeg\" \/>\n<meta name=\"author\" content=\"nedim\" \/>\n<meta name=\"twitter:card\" content=\"summary_large_image\" \/>\n<meta name=\"twitter:label1\" content=\"Written by\" \/>\n\t<meta name=\"twitter:data1\" content=\"nedim\" \/>\n\t<meta name=\"twitter:label2\" content=\"Est. reading time\" \/>\n\t<meta name=\"twitter:data2\" content=\"3 minute\" \/>\n<script type=\"application\/ld+json\" class=\"yoast-schema-graph\">{\"@context\":\"https:\\\/\\\/schema.org\",\"@graph\":[{\"@type\":\"Article\",\"@id\":\"https:\\\/\\\/tuzlainfo.ba\\\/index.php\\\/clanci\\\/sa-svih-strana\\\/item\\\/314589-izvjestilac-eu-parlamenta-trazi-zamrzavanje-pregovora-sa-srbijom-zbog-velicanja-zlocinca-mladica\\\/#article\",\"isPartOf\":{\"@id\":\"https:\\\/\\\/tuzlainfo.ba\\\/index.php\\\/clanci\\\/sa-svih-strana\\\/item\\\/314589-izvjestilac-eu-parlamenta-trazi-zamrzavanje-pregovora-sa-srbijom-zbog-velicanja-zlocinca-mladica\\\/\"},\"author\":{\"name\":\"nedim\",\"@id\":\"https:\\\/\\\/tuzlainfo.ba\\\/#\\\/schema\\\/person\\\/f434e20dc27ea133923aab08451b7f7f\"},\"headline\":\"Izvjestilac EU parlamenta tra\u017ei zamrzavanje pregovora sa Srbijom zbog veli\u010danja zlo\u010dinca Mladi\u0107a\",\"datePublished\":\"2026-09-01T18:35:00+00:00\",\"mainEntityOfPage\":{\"@id\":\"https:\\\/\\\/tuzlainfo.ba\\\/index.php\\\/clanci\\\/sa-svih-strana\\\/item\\\/314589-izvjestilac-eu-parlamenta-trazi-zamrzavanje-pregovora-sa-srbijom-zbog-velicanja-zlocinca-mladica\\\/\"},\"wordCount\":422,\"publisher\":{\"@id\":\"https:\\\/\\\/tuzlainfo.ba\\\/#organization\"},\"image\":{\"@id\":\"https:\\\/\\\/tuzlainfo.ba\\\/index.php\\\/clanci\\\/sa-svih-strana\\\/item\\\/314589-izvjestilac-eu-parlamenta-trazi-zamrzavanje-pregovora-sa-srbijom-zbog-velicanja-zlocinca-mladica\\\/#primaryimage\"},\"thumbnailUrl\":\"https:\\\/\\\/tuzlainfo.ba\\\/wp-content\\\/uploads\\\/2026\\\/09\\\/0109_ondrej_kolar.jpg\",\"keywords\":[\"Europski parlament\",\"ratko mladi\u0107\",\"srbija\"],\"articleSection\":[\"Sa svih strana\"],\"inLanguage\":\"bs-BA\",\"copyrightYear\":\"2026\",\"copyrightHolder\":{\"@id\":\"https:\\\/\\\/tuzlainfo.ba\\\/#organization\"}},{\"@type\":\"WebPage\",\"@id\":\"https:\\\/\\\/tuzlainfo.ba\\\/index.php\\\/clanci\\\/sa-svih-strana\\\/item\\\/314589-izvjestilac-eu-parlamenta-trazi-zamrzavanje-pregovora-sa-srbijom-zbog-velicanja-zlocinca-mladica\\\/\",\"url\":\"https:\\\/\\\/tuzlainfo.ba\\\/index.php\\\/clanci\\\/sa-svih-strana\\\/item\\\/314589-izvjestilac-eu-parlamenta-trazi-zamrzavanje-pregovora-sa-srbijom-zbog-velicanja-zlocinca-mladica\\\/\",\"name\":\"Izvjestilac EU parlamenta tra\u017ei zamrzavanje pregovora sa Srbijom zbog veli\u010danja zlo\u010dinca Mladi\u0107a\",\"isPartOf\":{\"@id\":\"https:\\\/\\\/tuzlainfo.ba\\\/#website\"},\"primaryImageOfPage\":{\"@id\":\"https:\\\/\\\/tuzlainfo.ba\\\/index.php\\\/clanci\\\/sa-svih-strana\\\/item\\\/314589-izvjestilac-eu-parlamenta-trazi-zamrzavanje-pregovora-sa-srbijom-zbog-velicanja-zlocinca-mladica\\\/#primaryimage\"},\"image\":{\"@id\":\"https:\\\/\\\/tuzlainfo.ba\\\/index.php\\\/clanci\\\/sa-svih-strana\\\/item\\\/314589-izvjestilac-eu-parlamenta-trazi-zamrzavanje-pregovora-sa-srbijom-zbog-velicanja-zlocinca-mladica\\\/#primaryimage\"},\"thumbnailUrl\":\"https:\\\/\\\/tuzlainfo.ba\\\/wp-content\\\/uploads\\\/2026\\\/09\\\/0109_ondrej_kolar.jpg\",\"datePublished\":\"2026-09-01T18:35:00+00:00\",\"breadcrumb\":{\"@id\":\"https:\\\/\\\/tuzlainfo.ba\\\/index.php\\\/clanci\\\/sa-svih-strana\\\/item\\\/314589-izvjestilac-eu-parlamenta-trazi-zamrzavanje-pregovora-sa-srbijom-zbog-velicanja-zlocinca-mladica\\\/#breadcrumb\"},\"inLanguage\":\"bs-BA\",\"potentialAction\":[{\"@type\":\"ReadAction\",\"target\":[\"https:\\\/\\\/tuzlainfo.ba\\\/index.php\\\/clanci\\\/sa-svih-strana\\\/item\\\/314589-izvjestilac-eu-parlamenta-trazi-zamrzavanje-pregovora-sa-srbijom-zbog-velicanja-zlocinca-mladica\\\/\"]}]},{\"@type\":\"ImageObject\",\"inLanguage\":\"bs-BA\",\"@id\":\"https:\\\/\\\/tuzlainfo.ba\\\/index.php\\\/clanci\\\/sa-svih-strana\\\/item\\\/314589-izvjestilac-eu-parlamenta-trazi-zamrzavanje-pregovora-sa-srbijom-zbog-velicanja-zlocinca-mladica\\\/#primaryimage\",\"url\":\"https:\\\/\\\/tuzlainfo.ba\\\/wp-content\\\/uploads\\\/2026\\\/09\\\/0109_ondrej_kolar.jpg\",\"contentUrl\":\"https:\\\/\\\/tuzlainfo.ba\\\/wp-content\\\/uploads\\\/2026\\\/09\\\/0109_ondrej_kolar.jpg\",\"width\":900,\"height\":505},{\"@type\":\"BreadcrumbList\",\"@id\":\"https:\\\/\\\/tuzlainfo.ba\\\/index.php\\\/clanci\\\/sa-svih-strana\\\/item\\\/314589-izvjestilac-eu-parlamenta-trazi-zamrzavanje-pregovora-sa-srbijom-zbog-velicanja-zlocinca-mladica\\\/#breadcrumb\",\"itemListElement\":[{\"@type\":\"ListItem\",\"position\":1,\"name\":\"Home\",\"item\":\"https:\\\/\\\/tuzlainfo.ba\\\/\"},{\"@type\":\"ListItem\",\"position\":2,\"name\":\"Izvjestilac EU parlamenta tra\u017ei zamrzavanje pregovora sa Srbijom zbog veli\u010danja zlo\u010dinca Mladi\u0107a\"}]},{\"@type\":\"WebSite\",\"@id\":\"https:\\\/\\\/tuzlainfo.ba\\\/#website\",\"url\":\"https:\\\/\\\/tuzlainfo.ba\\\/\",\"name\":\"TuzlaInfo.ba\",\"description\":\"Tuzla info, gradski informator - Tuzla na dlanu\",\"publisher\":{\"@id\":\"https:\\\/\\\/tuzlainfo.ba\\\/#organization\"},\"potentialAction\":[{\"@type\":\"SearchAction\",\"target\":{\"@type\":\"EntryPoint\",\"urlTemplate\":\"https:\\\/\\\/tuzlainfo.ba\\\/?s={search_term_string}\"},\"query-input\":{\"@type\":\"PropertyValueSpecification\",\"valueRequired\":true,\"valueName\":\"search_term_string\"}}],\"inLanguage\":\"bs-BA\"},{\"@type\":\"Organization\",\"@id\":\"https:\\\/\\\/tuzlainfo.ba\\\/#organization\",\"name\":\"TuzlaInfo.ba\",\"url\":\"https:\\\/\\\/tuzlainfo.ba\\\/\",\"logo\":{\"@type\":\"ImageObject\",\"inLanguage\":\"bs-BA\",\"@id\":\"https:\\\/\\\/tuzlainfo.ba\\\/#\\\/schema\\\/logo\\\/image\\\/\",\"url\":\"https:\\\/\\\/tuzlainfo.ba\\\/wp-content\\\/uploads\\\/2021\\\/03\\\/logo-ver-3-1.png\",\"contentUrl\":\"https:\\\/\\\/tuzlainfo.ba\\\/wp-content\\\/uploads\\\/2021\\\/03\\\/logo-ver-3-1.png\",\"width\":350,\"height\":95,\"caption\":\"TuzlaInfo.ba\"},\"image\":{\"@id\":\"https:\\\/\\\/tuzlainfo.ba\\\/#\\\/schema\\\/logo\\\/image\\\/\"},\"sameAs\":[\"https:\\\/\\\/www.facebook.com\\\/tuzlainfo.ba\\\/\"]},{\"@type\":\"Person\",\"@id\":\"https:\\\/\\\/tuzlainfo.ba\\\/#\\\/schema\\\/person\\\/f434e20dc27ea133923aab08451b7f7f\",\"name\":\"nedim\",\"image\":{\"@type\":\"ImageObject\",\"inLanguage\":\"bs-BA\",\"@id\":\"https:\\\/\\\/secure.gravatar.com\\\/avatar\\\/5b928a2e7e70a54208d2eb6c1edcb75a5350d6ae97d5f0a701203d456823f6f3?s=96&d=mm&r=g\",\"url\":\"https:\\\/\\\/secure.gravatar.com\\\/avatar\\\/5b928a2e7e70a54208d2eb6c1edcb75a5350d6ae97d5f0a701203d456823f6f3?s=96&d=mm&r=g\",\"contentUrl\":\"https:\\\/\\\/secure.gravatar.com\\\/avatar\\\/5b928a2e7e70a54208d2eb6c1edcb75a5350d6ae97d5f0a701203d456823f6f3?s=96&d=mm&r=g\",\"caption\":\"nedim\"},\"description\":\"Tuzlainfo.ba pratite na dru\u0161tvenim mre\u017eama: Facebook, Instagram i Youtube. Svoje pri\u010de, upite i fotografije \u0161aljite na na\u0161u e-mail adresu.\"}]}<\/script>\n<!-- \/ Yoast SEO plugin. -->","yoast_head_json":{"title":"Izvjestilac EU parlamenta tra\u017ei zamrzavanje pregovora sa Srbijom zbog veli\u010danja zlo\u010dinca Mladi\u0107a","robots":{"index":"index","follow":"follow","max-snippet":"max-snippet:-1","max-image-preview":"max-image-preview:large","max-video-preview":"max-video-preview:-1"},"canonical":"https:\/\/tuzlainfo.ba\/index.php\/clanci\/sa-svih-strana\/item\/314589-izvjestilac-eu-parlamenta-trazi-zamrzavanje-pregovora-sa-srbijom-zbog-velicanja-zlocinca-mladica\/","og_locale":"bs_BA","og_type":"article","og_title":"Izvjestilac EU parlamenta tra\u017ei zamrzavanje pregovora sa Srbijom zbog veli\u010danja zlo\u010dinca Mladi\u0107a","og_description":"\u010ce\u0161ki europarlamentarac i stalni izvjestilac Evropskog parlamenta za Bosnu i Hercegovinu Ond\u0159ej Kol\u00e1\u0159 najavio je da \u0107e od evropske komesarke za pro\u0161irenje Marte Kos zatra\u017eiti da se razmotri zamrzavanje pristupnih pregovora sa Srbijom zbog veli\u010danja ratnog zlo\u010dinca Ratka Mladi\u0107a. Kol\u00e1\u0159 je poru\u010dio da dr\u017eava koja \u017eeli postati \u010dlanica Evropske unije ne mo\u017ee istovremeno veli\u010dati osobe [&hellip;]","og_url":"https:\/\/tuzlainfo.ba\/index.php\/clanci\/sa-svih-strana\/item\/314589-izvjestilac-eu-parlamenta-trazi-zamrzavanje-pregovora-sa-srbijom-zbog-velicanja-zlocinca-mladica\/","og_site_name":"TuzlaInfo.ba","article_publisher":"https:\/\/www.facebook.com\/tuzlainfo.ba\/","article_published_time":"2026-09-01T18:35:00+00:00","og_image":[{"width":900,"height":505,"url":"https:\/\/tuzlainfo.ba\/wp-content\/uploads\/2026\/09\/0109_ondrej_kolar.jpg","type":"image\/jpeg"}],"author":"nedim","twitter_card":"summary_large_image","twitter_misc":{"Written by":"nedim","Est. reading time":"3 minute"},"schema":{"@context":"https:\/\/schema.org","@graph":[{"@type":"Article","@id":"https:\/\/tuzlainfo.ba\/index.php\/clanci\/sa-svih-strana\/item\/314589-izvjestilac-eu-parlamenta-trazi-zamrzavanje-pregovora-sa-srbijom-zbog-velicanja-zlocinca-mladica\/#article","isPartOf":{"@id":"https:\/\/tuzlainfo.ba\/index.php\/clanci\/sa-svih-strana\/item\/314589-izvjestilac-eu-parlamenta-trazi-zamrzavanje-pregovora-sa-srbijom-zbog-velicanja-zlocinca-mladica\/"},"author":{"name":"nedim","@id":"https:\/\/tuzlainfo.ba\/#\/schema\/person\/f434e20dc27ea133923aab08451b7f7f"},"headline":"Izvjestilac EU parlamenta tra\u017ei zamrzavanje pregovora sa Srbijom zbog veli\u010danja zlo\u010dinca Mladi\u0107a","datePublished":"2026-09-01T18:35:00+00:00","mainEntityOfPage":{"@id":"https:\/\/tuzlainfo.ba\/index.php\/clanci\/sa-svih-strana\/item\/314589-izvjestilac-eu-parlamenta-trazi-zamrzavanje-pregovora-sa-srbijom-zbog-velicanja-zlocinca-mladica\/"},"wordCount":422,"publisher":{"@id":"https:\/\/tuzlainfo.ba\/#organization"},"image":{"@id":"https:\/\/tuzlainfo.ba\/index.php\/clanci\/sa-svih-strana\/item\/314589-izvjestilac-eu-parlamenta-trazi-zamrzavanje-pregovora-sa-srbijom-zbog-velicanja-zlocinca-mladica\/#primaryimage"},"thumbnailUrl":"https:\/\/tuzlainfo.ba\/wp-content\/uploads\/2026\/09\/0109_ondrej_kolar.jpg","keywords":["Europski parlament","ratko mladi\u0107","srbija"],"articleSection":["Sa svih strana"],"inLanguage":"bs-BA","copyrightYear":"2026","copyrightHolder":{"@id":"https:\/\/tuzlainfo.ba\/#organization"}},{"@type":"WebPage","@id":"https:\/\/tuzlainfo.ba\/index.php\/clanci\/sa-svih-strana\/item\/314589-izvjestilac-eu-parlamenta-trazi-zamrzavanje-pregovora-sa-srbijom-zbog-velicanja-zlocinca-mladica\/","url":"https:\/\/tuzlainfo.ba\/index.php\/clanci\/sa-svih-strana\/item\/314589-izvjestilac-eu-parlamenta-trazi-zamrzavanje-pregovora-sa-srbijom-zbog-velicanja-zlocinca-mladica\/","name":"Izvjestilac EU parlamenta tra\u017ei zamrzavanje pregovora sa Srbijom zbog veli\u010danja zlo\u010dinca Mladi\u0107a","isPartOf":{"@id":"https:\/\/tuzlainfo.ba\/#website"},"primaryImageOfPage":{"@id":"https:\/\/tuzlainfo.ba\/index.php\/clanci\/sa-svih-strana\/item\/314589-izvjestilac-eu-parlamenta-trazi-zamrzavanje-pregovora-sa-srbijom-zbog-velicanja-zlocinca-mladica\/#primaryimage"},"image":{"@id":"https:\/\/tuzlainfo.ba\/index.php\/clanci\/sa-svih-strana\/item\/314589-izvjestilac-eu-parlamenta-trazi-zamrzavanje-pregovora-sa-srbijom-zbog-velicanja-zlocinca-mladica\/#primaryimage"},"thumbnailUrl":"https:\/\/tuzlainfo.ba\/wp-content\/uploads\/2026\/09\/0109_ondrej_kolar.jpg","datePublished":"2026-09-01T18:35:00+00:00","breadcrumb":{"@id":"https:\/\/tuzlainfo.ba\/index.php\/clanci\/sa-svih-strana\/item\/314589-izvjestilac-eu-parlamenta-trazi-zamrzavanje-pregovora-sa-srbijom-zbog-velicanja-zlocinca-mladica\/#breadcrumb"},"inLanguage":"bs-BA","potentialAction":[{"@type":"ReadAction","target":["https:\/\/tuzlainfo.ba\/index.php\/clanci\/sa-svih-strana\/item\/314589-izvjestilac-eu-parlamenta-trazi-zamrzavanje-pregovora-sa-srbijom-zbog-velicanja-zlocinca-mladica\/"]}]},{"@type":"ImageObject","inLanguage":"bs-BA","@id":"https:\/\/tuzlainfo.ba\/index.php\/clanci\/sa-svih-strana\/item\/314589-izvjestilac-eu-parlamenta-trazi-zamrzavanje-pregovora-sa-srbijom-zbog-velicanja-zlocinca-mladica\/#primaryimage","url":"https:\/\/tuzlainfo.ba\/wp-content\/uploads\/2026\/09\/0109_ondrej_kolar.jpg","contentUrl":"https:\/\/tuzlainfo.ba\/wp-content\/uploads\/2026\/09\/0109_ondrej_kolar.jpg","width":900,"height":505},{"@type":"BreadcrumbList","@id":"https:\/\/tuzlainfo.ba\/index.php\/clanci\/sa-svih-strana\/item\/314589-izvjestilac-eu-parlamenta-trazi-zamrzavanje-pregovora-sa-srbijom-zbog-velicanja-zlocinca-mladica\/#breadcrumb","itemListElement":[{"@type":"ListItem","position":1,"name":"Home","item":"https:\/\/tuzlainfo.ba\/"},{"@type":"ListItem","position":2,"name":"Izvjestilac EU parlamenta tra\u017ei zamrzavanje pregovora sa Srbijom zbog veli\u010danja zlo\u010dinca Mladi\u0107a"}]},{"@type":"WebSite","@id":"https:\/\/tuzlainfo.ba\/#website","url":"https:\/\/tuzlainfo.ba\/","name":"TuzlaInfo.ba","description":"Tuzla info, gradski informator - Tuzla na dlanu","publisher":{"@id":"https:\/\/tuzlainfo.ba\/#organization"},"potentialAction":[{"@type":"SearchAction","target":{"@type":"EntryPoint","urlTemplate":"https:\/\/tuzlainfo.ba\/?s={search_term_string}"},"query-input":{"@type":"PropertyValueSpecification","valueRequired":true,"valueName":"search_term_string"}}],"inLanguage":"bs-BA"},{"@type":"Organization","@id":"https:\/\/tuzlainfo.ba\/#organization","name":"TuzlaInfo.ba","url":"https:\/\/tuzlainfo.ba\/","logo":{"@type":"ImageObject","inLanguage":"bs-BA","@id":"https:\/\/tuzlainfo.ba\/#\/schema\/logo\/image\/","url":"https:\/\/tuzlainfo.ba\/wp-content\/uploads\/2021\/03\/logo-ver-3-1.png","contentUrl":"https:\/\/tuzlainfo.ba\/wp-content\/uploads\/2021\/03\/logo-ver-3-1.png","width":350,"height":95,"caption":"TuzlaInfo.ba"},"image":{"@id":"https:\/\/tuzlainfo.ba\/#\/schema\/logo\/image\/"},"sameAs":["https:\/\/www.facebook.com\/tuzlainfo.ba\/"]},{"@type":"Person","@id":"https:\/\/tuzlainfo.ba\/#\/schema\/person\/f434e20dc27ea133923aab08451b7f7f","name":"nedim","image":{"@type":"ImageObject","inLanguage":"bs-BA","@id":"https:\/\/secure.gravatar.com\/avatar\/5b928a2e7e70a54208d2eb6c1edcb75a5350d6ae97d5f0a701203d456823f6f3?s=96&d=mm&r=g","url":"https:\/\/secure.gravatar.com\/avatar\/5b928a2e7e70a54208d2eb6c1edcb75a5350d6ae97d5f0a701203d456823f6f3?s=96&d=mm&r=g","contentUrl":"https:\/\/secure.gravatar.com\/avatar\/5b928a2e7e70a54208d2eb6c1edcb75a5350d6ae97d5f0a701203d456823f6f3?s=96&d=mm&r=g","caption":"nedim"},"description":"Tuzlainfo.ba pratite na dru\u0161tvenim mre\u017eama: Facebook, Instagram i Youtube. Svoje pri\u010de, upite i fotografije \u0161aljite na na\u0161u e-mail adresu."}]}},"_links":{"self":[{"href":"https:\/\/tuzlainfo.ba\/index.php\/wp-json\/wp\/v2\/posts\/314589","targetHints":{"allow":["GET"]}}],"collection":[{"href":"https:\/\/tuzlainfo.ba\/index.php\/wp-json\/wp\/v2\/posts"}],"about":[{"href":"https:\/\/tuzlainfo.ba\/index.php\/wp-json\/wp\/v2\/types\/post"}],"author":[{"embeddable":true,"href":"https:\/\/tuzlainfo.ba\/index.php\/wp-json\/wp\/v2\/users\/2"}],"replies":[{"embeddable":true,"href":"https:\/\/tuzlainfo.ba\/index.php\/wp-json\/wp\/v2\/comments?post=314589"}],"version-history":[{"count":1,"href":"https:\/\/tuzlainfo.ba\/index.php\/wp-json\/wp\/v2\/posts\/314589\/revisions"}],"predecessor-version":[{"id":314591,"href":"https:\/\/tuzlainfo.ba\/index.php\/wp-json\/wp\/v2\/posts\/314589\/revisions\/314591"}],"wp:featuredmedia":[{"embeddable":true,"href":"https:\/\/tuzlainfo.ba\/index.php\/wp-json\/wp\/v2\/media\/314590"}],"wp:attachment":[{"href":"https:\/\/tuzlainfo.ba\/index.php\/wp-json\/wp\/v2\/media?parent=314589"}],"wp:term":[{"taxonomy":"category","embeddable":true,"href":"https:\/\/tuzlainfo.ba\/index.php\/wp-json\/wp\/v2\/categories?post=314589"},{"taxonomy":"post_tag","embeddable":true,"href":"https:\/\/tuzlainfo.ba\/index.php\/wp-json\/wp\/v2\/tags?post=314589"}],"curies":[{"name":"wp","href":"https:\/\/api.w.org\/{rel}","templated":true}]}}