{"id":314586,"date":"2026-09-01T20:24:58","date_gmt":"2026-09-01T18:24:58","guid":{"rendered":"https:\/\/tuzlainfo.ba\/?p=314586"},"modified":"2026-09-01T20:24:58","modified_gmt":"2026-09-01T18:24:58","slug":"imena-zlocinaca-karadzica-i-mladica-ispisana-na-skoli-u-bratuncu-u-kojoj-su-ubijani-bosnjaci","status":"publish","type":"post","link":"https:\/\/tuzlainfo.ba\/index.php\/bosna-i-hercegovina\/item\/314586-imena-zlocinaca-karadzica-i-mladica-ispisana-na-skoli-u-bratuncu-u-kojoj-su-ubijani-bosnjaci\/","title":{"rendered":"Imena zlo\u010dinaca Karad\u017ei\u0107a i Mladi\u0107a ispisana na \u0161koli u Bratuncu u kojoj su ubijani Bo\u0161njaci"},"content":{"rendered":"<p class=\"PDq2pG_selectionAnchorContainer\" data-start=\"102\" data-end=\"288\">U\u010denike Osnovne \u0161kole \u201eBranko Radi\u010devi\u0107\u201c u Bratuncu prvog dana nove \u0161kolske godine do\u010dekali su grafiti s imenima pravosna\u017eno osu\u0111enih ratnih zlo\u010dinaca Radovana Karad\u017ei\u0107a i Ratka Mladi\u0107a.<\/p>\n<p data-start=\"290\" data-end=\"513\">Posebnu te\u017einu ovom slu\u010daju daje ratna pro\u0161lost upravo tog \u0161kolskog objekta. \u0160kola, koja je 1992. godine nosila naziv \u201eVuk Karad\u017ei\u0107\u201c, kori\u0161tena je kao mjesto zato\u010denja bo\u0161nja\u010dkih civila s podru\u010dja Bratunca i okolnih mjesta.<\/p>\n<p data-start=\"515\" data-end=\"880\">Prema \u010dinjenicama utvr\u0111ivanim u sudskim postupcima za ratne zlo\u010dine po\u010dinjene na podru\u010dju Bratunca, u \u0161kolu je u maju 1992. doveden veliki broj zarobljenih Bo\u0161njaka. Zato\u010denici su dr\u017eani u te\u0161kim uslovima, zlostavljani i ubijani, dok je \u0161kolski kompleks ostao jedno od mjesta koje porodice \u017ertava povezuju s progonom i stradanjem bo\u0161nja\u010dkog stanovni\u0161tva ovog kraja.<\/p>\n<p data-start=\"882\" data-end=\"1041\">Vi\u0161e od tri decenije kasnije, na istom mjestu osvanula su imena Radovana Karad\u017ei\u0107a i Ratka Mladi\u0107a, i to u trenutku kada su se u\u010denici vratili u \u0161kolske klupe.<\/p>\n<p data-start=\"1043\" data-end=\"1289\">Karad\u017ei\u0107 i Mladi\u0107 pravosna\u017eno su osu\u0111eni na do\u017eivotne kazne zatvora pred me\u0111unarodnim sudovima. Obojica su, izme\u0111u ostalog, progla\u0161ena krivim za genocid u Srebrenici 1995. godine, kao i za druge zlo\u010dine po\u010dinjene tokom rata u Bosni i Hercegovini.<\/p>\n<p data-start=\"1291\" data-end=\"1599\">Dodatnu simboliku nosi \u010dinjenica da se \u0161kola u Bratuncu pojavljuje i u sudski utvr\u0111enim doga\u0111ajima iz jula 1995. godine. U predmetu \u201ePopovi\u0107 i drugi\u201c pred Ha\u0161kim tribunalom opisani su doga\u0111aji od 13. jula, kada su zarobljeni Bo\u0161njaci dr\u017eani na podru\u010dju Bratunca, uklju\u010duju\u0107i prostor kod \u0161kole \u201eVuk Karad\u017ei\u0107\u201c.<\/p>\n<p data-start=\"1601\" data-end=\"1754\">U sudskim nalazima zabilje\u017een je i dolazak Ratka Mladi\u0107a na podru\u010dje kod \u0161kole, gdje je razgovarao sa zarobljenicima i pripadnicima snaga bosanskih Srba.<\/p>\n<p data-start=\"1756\" data-end=\"1957\">Zbog svega \u0161to se tokom rata doga\u0111alo u ovom objektu i njegovoj neposrednoj blizini, ispisivanje imena Karad\u017ei\u0107a i Mladi\u0107a na \u0161koli nije mogu\u0107e posmatrati odvojeno od historijskog konteksta tog mjesta.<\/p>\n<p data-start=\"1959\" data-end=\"2144\">Posebno zabrinjava \u0161to su grafiti osvanuli na obrazovnoj ustanovi, prostoru u koji svakodnevno dolaze djeca i koji bi trebao biti mjesto obrazovanja, sigurnosti i me\u0111usobnog po\u0161tovanja.<\/p>\n","protected":false},"excerpt":{"rendered":"<p>U\u010denike Osnovne \u0161kole \u201eBranko Radi\u010devi\u0107\u201c u Bratuncu prvog dana nove \u0161kolske godine do\u010dekali su grafiti s imenima pravosna\u017eno osu\u0111enih ratnih zlo\u010dinaca Radovana Karad\u017ei\u0107a i Ratka Mladi\u0107a. Posebnu te\u017einu ovom slu\u010daju daje ratna pro\u0161lost upravo tog \u0161kolskog objekta. \u0160kola, koja je 1992. godine nosila naziv \u201eVuk Karad\u017ei\u0107\u201c, kori\u0161tena je kao mjesto zato\u010denja bo\u0161nja\u010dkih civila s podru\u010dja [&hellip;]<\/p>\n","protected":false},"author":2,"featured_media":314587,"comment_status":"closed","ping_status":"closed","sticky":false,"template":"","format":"standard","meta":{"footnotes":""},"categories":[291],"tags":[2600,939],"class_list":["post-314586","post","type-post","status-publish","format-standard","has-post-thumbnail","hentry","category-bosna-i-hercegovina","tag-bratunac","tag-ratko-mladic"],"yoast_head":"<!-- This site is optimized with the Yoast SEO plugin v28.3 - https:\/\/yoast.com\/product\/yoast-seo-wordpress\/ -->\n<title>Imena zlo\u010dinaca Karad\u017ei\u0107a i Mladi\u0107a ispisana na \u0161koli u Bratuncu u kojoj su ubijani Bo\u0161njaci<\/title>\n<meta name=\"robots\" content=\"index, follow, max-snippet:-1, max-image-preview:large, max-video-preview:-1\" \/>\n<link rel=\"canonical\" href=\"https:\/\/tuzlainfo.ba\/index.php\/bosna-i-hercegovina\/item\/314586-imena-zlocinaca-karadzica-i-mladica-ispisana-na-skoli-u-bratuncu-u-kojoj-su-ubijani-bosnjaci\/\" \/>\n<meta property=\"og:locale\" content=\"bs_BA\" \/>\n<meta property=\"og:type\" content=\"article\" \/>\n<meta property=\"og:title\" content=\"Imena zlo\u010dinaca Karad\u017ei\u0107a i Mladi\u0107a ispisana na \u0161koli u Bratuncu u kojoj su ubijani Bo\u0161njaci\" \/>\n<meta property=\"og:description\" content=\"U\u010denike Osnovne \u0161kole \u201eBranko Radi\u010devi\u0107\u201c u Bratuncu prvog dana nove \u0161kolske godine do\u010dekali su grafiti s imenima pravosna\u017eno osu\u0111enih ratnih zlo\u010dinaca Radovana Karad\u017ei\u0107a i Ratka Mladi\u0107a. Posebnu te\u017einu ovom slu\u010daju daje ratna pro\u0161lost upravo tog \u0161kolskog objekta. \u0160kola, koja je 1992. godine nosila naziv \u201eVuk Karad\u017ei\u0107\u201c, kori\u0161tena je kao mjesto zato\u010denja bo\u0161nja\u010dkih civila s podru\u010dja [&hellip;]\" \/>\n<meta property=\"og:url\" content=\"https:\/\/tuzlainfo.ba\/index.php\/bosna-i-hercegovina\/item\/314586-imena-zlocinaca-karadzica-i-mladica-ispisana-na-skoli-u-bratuncu-u-kojoj-su-ubijani-bosnjaci\/\" \/>\n<meta property=\"og:site_name\" content=\"TuzlaInfo.ba\" \/>\n<meta property=\"article:publisher\" content=\"https:\/\/www.facebook.com\/tuzlainfo.ba\/\" \/>\n<meta property=\"article:published_time\" content=\"2026-09-01T18:24:58+00:00\" \/>\n<meta property=\"og:image\" content=\"https:\/\/tuzlainfo.ba\/wp-content\/uploads\/2026\/09\/kolaz_bratunac-scaled-e1788287028640.jpg\" \/>\n\t<meta property=\"og:image:width\" content=\"1000\" \/>\n\t<meta property=\"og:image:height\" content=\"634\" \/>\n\t<meta property=\"og:image:type\" content=\"image\/jpeg\" \/>\n<meta name=\"author\" content=\"nedim\" \/>\n<meta name=\"twitter:card\" content=\"summary_large_image\" \/>\n<meta name=\"twitter:label1\" content=\"Written by\" \/>\n\t<meta name=\"twitter:data1\" content=\"nedim\" \/>\n\t<meta name=\"twitter:label2\" content=\"Est. reading time\" \/>\n\t<meta name=\"twitter:data2\" content=\"2 minute\" \/>\n<script type=\"application\/ld+json\" class=\"yoast-schema-graph\">{\"@context\":\"https:\\\/\\\/schema.org\",\"@graph\":[{\"@type\":\"Article\",\"@id\":\"https:\\\/\\\/tuzlainfo.ba\\\/index.php\\\/bosna-i-hercegovina\\\/item\\\/314586-imena-zlocinaca-karadzica-i-mladica-ispisana-na-skoli-u-bratuncu-u-kojoj-su-ubijani-bosnjaci\\\/#article\",\"isPartOf\":{\"@id\":\"https:\\\/\\\/tuzlainfo.ba\\\/index.php\\\/bosna-i-hercegovina\\\/item\\\/314586-imena-zlocinaca-karadzica-i-mladica-ispisana-na-skoli-u-bratuncu-u-kojoj-su-ubijani-bosnjaci\\\/\"},\"author\":{\"name\":\"nedim\",\"@id\":\"https:\\\/\\\/tuzlainfo.ba\\\/#\\\/schema\\\/person\\\/f434e20dc27ea133923aab08451b7f7f\"},\"headline\":\"Imena zlo\u010dinaca Karad\u017ei\u0107a i Mladi\u0107a ispisana na \u0161koli u Bratuncu u kojoj su ubijani Bo\u0161njaci\",\"datePublished\":\"2026-09-01T18:24:58+00:00\",\"mainEntityOfPage\":{\"@id\":\"https:\\\/\\\/tuzlainfo.ba\\\/index.php\\\/bosna-i-hercegovina\\\/item\\\/314586-imena-zlocinaca-karadzica-i-mladica-ispisana-na-skoli-u-bratuncu-u-kojoj-su-ubijani-bosnjaci\\\/\"},\"wordCount\":381,\"publisher\":{\"@id\":\"https:\\\/\\\/tuzlainfo.ba\\\/#organization\"},\"image\":{\"@id\":\"https:\\\/\\\/tuzlainfo.ba\\\/index.php\\\/bosna-i-hercegovina\\\/item\\\/314586-imena-zlocinaca-karadzica-i-mladica-ispisana-na-skoli-u-bratuncu-u-kojoj-su-ubijani-bosnjaci\\\/#primaryimage\"},\"thumbnailUrl\":\"https:\\\/\\\/tuzlainfo.ba\\\/wp-content\\\/uploads\\\/2026\\\/09\\\/kolaz_bratunac-scaled-e1788287028640.jpg\",\"keywords\":[\"bratunac\",\"ratko mladi\u0107\"],\"articleSection\":[\"Bosna i Hercegovina\"],\"inLanguage\":\"bs-BA\",\"copyrightYear\":\"2026\",\"copyrightHolder\":{\"@id\":\"https:\\\/\\\/tuzlainfo.ba\\\/#organization\"}},{\"@type\":\"WebPage\",\"@id\":\"https:\\\/\\\/tuzlainfo.ba\\\/index.php\\\/bosna-i-hercegovina\\\/item\\\/314586-imena-zlocinaca-karadzica-i-mladica-ispisana-na-skoli-u-bratuncu-u-kojoj-su-ubijani-bosnjaci\\\/\",\"url\":\"https:\\\/\\\/tuzlainfo.ba\\\/index.php\\\/bosna-i-hercegovina\\\/item\\\/314586-imena-zlocinaca-karadzica-i-mladica-ispisana-na-skoli-u-bratuncu-u-kojoj-su-ubijani-bosnjaci\\\/\",\"name\":\"Imena zlo\u010dinaca Karad\u017ei\u0107a i Mladi\u0107a ispisana na \u0161koli u Bratuncu u kojoj su ubijani Bo\u0161njaci\",\"isPartOf\":{\"@id\":\"https:\\\/\\\/tuzlainfo.ba\\\/#website\"},\"primaryImageOfPage\":{\"@id\":\"https:\\\/\\\/tuzlainfo.ba\\\/index.php\\\/bosna-i-hercegovina\\\/item\\\/314586-imena-zlocinaca-karadzica-i-mladica-ispisana-na-skoli-u-bratuncu-u-kojoj-su-ubijani-bosnjaci\\\/#primaryimage\"},\"image\":{\"@id\":\"https:\\\/\\\/tuzlainfo.ba\\\/index.php\\\/bosna-i-hercegovina\\\/item\\\/314586-imena-zlocinaca-karadzica-i-mladica-ispisana-na-skoli-u-bratuncu-u-kojoj-su-ubijani-bosnjaci\\\/#primaryimage\"},\"thumbnailUrl\":\"https:\\\/\\\/tuzlainfo.ba\\\/wp-content\\\/uploads\\\/2026\\\/09\\\/kolaz_bratunac-scaled-e1788287028640.jpg\",\"datePublished\":\"2026-09-01T18:24:58+00:00\",\"breadcrumb\":{\"@id\":\"https:\\\/\\\/tuzlainfo.ba\\\/index.php\\\/bosna-i-hercegovina\\\/item\\\/314586-imena-zlocinaca-karadzica-i-mladica-ispisana-na-skoli-u-bratuncu-u-kojoj-su-ubijani-bosnjaci\\\/#breadcrumb\"},\"inLanguage\":\"bs-BA\",\"potentialAction\":[{\"@type\":\"ReadAction\",\"target\":[\"https:\\\/\\\/tuzlainfo.ba\\\/index.php\\\/bosna-i-hercegovina\\\/item\\\/314586-imena-zlocinaca-karadzica-i-mladica-ispisana-na-skoli-u-bratuncu-u-kojoj-su-ubijani-bosnjaci\\\/\"]}]},{\"@type\":\"ImageObject\",\"inLanguage\":\"bs-BA\",\"@id\":\"https:\\\/\\\/tuzlainfo.ba\\\/index.php\\\/bosna-i-hercegovina\\\/item\\\/314586-imena-zlocinaca-karadzica-i-mladica-ispisana-na-skoli-u-bratuncu-u-kojoj-su-ubijani-bosnjaci\\\/#primaryimage\",\"url\":\"https:\\\/\\\/tuzlainfo.ba\\\/wp-content\\\/uploads\\\/2026\\\/09\\\/kolaz_bratunac-scaled-e1788287028640.jpg\",\"contentUrl\":\"https:\\\/\\\/tuzlainfo.ba\\\/wp-content\\\/uploads\\\/2026\\\/09\\\/kolaz_bratunac-scaled-e1788287028640.jpg\",\"width\":1000,\"height\":634},{\"@type\":\"BreadcrumbList\",\"@id\":\"https:\\\/\\\/tuzlainfo.ba\\\/index.php\\\/bosna-i-hercegovina\\\/item\\\/314586-imena-zlocinaca-karadzica-i-mladica-ispisana-na-skoli-u-bratuncu-u-kojoj-su-ubijani-bosnjaci\\\/#breadcrumb\",\"itemListElement\":[{\"@type\":\"ListItem\",\"position\":1,\"name\":\"Home\",\"item\":\"https:\\\/\\\/tuzlainfo.ba\\\/\"},{\"@type\":\"ListItem\",\"position\":2,\"name\":\"Imena zlo\u010dinaca Karad\u017ei\u0107a i Mladi\u0107a ispisana na \u0161koli u Bratuncu u kojoj su ubijani Bo\u0161njaci\"}]},{\"@type\":\"WebSite\",\"@id\":\"https:\\\/\\\/tuzlainfo.ba\\\/#website\",\"url\":\"https:\\\/\\\/tuzlainfo.ba\\\/\",\"name\":\"TuzlaInfo.ba\",\"description\":\"Tuzla info, gradski informator - Tuzla na dlanu\",\"publisher\":{\"@id\":\"https:\\\/\\\/tuzlainfo.ba\\\/#organization\"},\"potentialAction\":[{\"@type\":\"SearchAction\",\"target\":{\"@type\":\"EntryPoint\",\"urlTemplate\":\"https:\\\/\\\/tuzlainfo.ba\\\/?s={search_term_string}\"},\"query-input\":{\"@type\":\"PropertyValueSpecification\",\"valueRequired\":true,\"valueName\":\"search_term_string\"}}],\"inLanguage\":\"bs-BA\"},{\"@type\":\"Organization\",\"@id\":\"https:\\\/\\\/tuzlainfo.ba\\\/#organization\",\"name\":\"TuzlaInfo.ba\",\"url\":\"https:\\\/\\\/tuzlainfo.ba\\\/\",\"logo\":{\"@type\":\"ImageObject\",\"inLanguage\":\"bs-BA\",\"@id\":\"https:\\\/\\\/tuzlainfo.ba\\\/#\\\/schema\\\/logo\\\/image\\\/\",\"url\":\"https:\\\/\\\/tuzlainfo.ba\\\/wp-content\\\/uploads\\\/2021\\\/03\\\/logo-ver-3-1.png\",\"contentUrl\":\"https:\\\/\\\/tuzlainfo.ba\\\/wp-content\\\/uploads\\\/2021\\\/03\\\/logo-ver-3-1.png\",\"width\":350,\"height\":95,\"caption\":\"TuzlaInfo.ba\"},\"image\":{\"@id\":\"https:\\\/\\\/tuzlainfo.ba\\\/#\\\/schema\\\/logo\\\/image\\\/\"},\"sameAs\":[\"https:\\\/\\\/www.facebook.com\\\/tuzlainfo.ba\\\/\"]},{\"@type\":\"Person\",\"@id\":\"https:\\\/\\\/tuzlainfo.ba\\\/#\\\/schema\\\/person\\\/f434e20dc27ea133923aab08451b7f7f\",\"name\":\"nedim\",\"image\":{\"@type\":\"ImageObject\",\"inLanguage\":\"bs-BA\",\"@id\":\"https:\\\/\\\/secure.gravatar.com\\\/avatar\\\/5b928a2e7e70a54208d2eb6c1edcb75a5350d6ae97d5f0a701203d456823f6f3?s=96&d=mm&r=g\",\"url\":\"https:\\\/\\\/secure.gravatar.com\\\/avatar\\\/5b928a2e7e70a54208d2eb6c1edcb75a5350d6ae97d5f0a701203d456823f6f3?s=96&d=mm&r=g\",\"contentUrl\":\"https:\\\/\\\/secure.gravatar.com\\\/avatar\\\/5b928a2e7e70a54208d2eb6c1edcb75a5350d6ae97d5f0a701203d456823f6f3?s=96&d=mm&r=g\",\"caption\":\"nedim\"},\"description\":\"Tuzlainfo.ba pratite na dru\u0161tvenim mre\u017eama: Facebook, Instagram i Youtube. Svoje pri\u010de, upite i fotografije \u0161aljite na na\u0161u e-mail adresu.\"}]}<\/script>\n<!-- \/ Yoast SEO plugin. -->","yoast_head_json":{"title":"Imena zlo\u010dinaca Karad\u017ei\u0107a i Mladi\u0107a ispisana na \u0161koli u Bratuncu u kojoj su ubijani Bo\u0161njaci","robots":{"index":"index","follow":"follow","max-snippet":"max-snippet:-1","max-image-preview":"max-image-preview:large","max-video-preview":"max-video-preview:-1"},"canonical":"https:\/\/tuzlainfo.ba\/index.php\/bosna-i-hercegovina\/item\/314586-imena-zlocinaca-karadzica-i-mladica-ispisana-na-skoli-u-bratuncu-u-kojoj-su-ubijani-bosnjaci\/","og_locale":"bs_BA","og_type":"article","og_title":"Imena zlo\u010dinaca Karad\u017ei\u0107a i Mladi\u0107a ispisana na \u0161koli u Bratuncu u kojoj su ubijani Bo\u0161njaci","og_description":"U\u010denike Osnovne \u0161kole \u201eBranko Radi\u010devi\u0107\u201c u Bratuncu prvog dana nove \u0161kolske godine do\u010dekali su grafiti s imenima pravosna\u017eno osu\u0111enih ratnih zlo\u010dinaca Radovana Karad\u017ei\u0107a i Ratka Mladi\u0107a. Posebnu te\u017einu ovom slu\u010daju daje ratna pro\u0161lost upravo tog \u0161kolskog objekta. \u0160kola, koja je 1992. godine nosila naziv \u201eVuk Karad\u017ei\u0107\u201c, kori\u0161tena je kao mjesto zato\u010denja bo\u0161nja\u010dkih civila s podru\u010dja [&hellip;]","og_url":"https:\/\/tuzlainfo.ba\/index.php\/bosna-i-hercegovina\/item\/314586-imena-zlocinaca-karadzica-i-mladica-ispisana-na-skoli-u-bratuncu-u-kojoj-su-ubijani-bosnjaci\/","og_site_name":"TuzlaInfo.ba","article_publisher":"https:\/\/www.facebook.com\/tuzlainfo.ba\/","article_published_time":"2026-09-01T18:24:58+00:00","og_image":[{"width":1000,"height":634,"url":"https:\/\/tuzlainfo.ba\/wp-content\/uploads\/2026\/09\/kolaz_bratunac-scaled-e1788287028640.jpg","type":"image\/jpeg"}],"author":"nedim","twitter_card":"summary_large_image","twitter_misc":{"Written by":"nedim","Est. reading time":"2 minute"},"schema":{"@context":"https:\/\/schema.org","@graph":[{"@type":"Article","@id":"https:\/\/tuzlainfo.ba\/index.php\/bosna-i-hercegovina\/item\/314586-imena-zlocinaca-karadzica-i-mladica-ispisana-na-skoli-u-bratuncu-u-kojoj-su-ubijani-bosnjaci\/#article","isPartOf":{"@id":"https:\/\/tuzlainfo.ba\/index.php\/bosna-i-hercegovina\/item\/314586-imena-zlocinaca-karadzica-i-mladica-ispisana-na-skoli-u-bratuncu-u-kojoj-su-ubijani-bosnjaci\/"},"author":{"name":"nedim","@id":"https:\/\/tuzlainfo.ba\/#\/schema\/person\/f434e20dc27ea133923aab08451b7f7f"},"headline":"Imena zlo\u010dinaca Karad\u017ei\u0107a i Mladi\u0107a ispisana na \u0161koli u Bratuncu u kojoj su ubijani Bo\u0161njaci","datePublished":"2026-09-01T18:24:58+00:00","mainEntityOfPage":{"@id":"https:\/\/tuzlainfo.ba\/index.php\/bosna-i-hercegovina\/item\/314586-imena-zlocinaca-karadzica-i-mladica-ispisana-na-skoli-u-bratuncu-u-kojoj-su-ubijani-bosnjaci\/"},"wordCount":381,"publisher":{"@id":"https:\/\/tuzlainfo.ba\/#organization"},"image":{"@id":"https:\/\/tuzlainfo.ba\/index.php\/bosna-i-hercegovina\/item\/314586-imena-zlocinaca-karadzica-i-mladica-ispisana-na-skoli-u-bratuncu-u-kojoj-su-ubijani-bosnjaci\/#primaryimage"},"thumbnailUrl":"https:\/\/tuzlainfo.ba\/wp-content\/uploads\/2026\/09\/kolaz_bratunac-scaled-e1788287028640.jpg","keywords":["bratunac","ratko mladi\u0107"],"articleSection":["Bosna i Hercegovina"],"inLanguage":"bs-BA","copyrightYear":"2026","copyrightHolder":{"@id":"https:\/\/tuzlainfo.ba\/#organization"}},{"@type":"WebPage","@id":"https:\/\/tuzlainfo.ba\/index.php\/bosna-i-hercegovina\/item\/314586-imena-zlocinaca-karadzica-i-mladica-ispisana-na-skoli-u-bratuncu-u-kojoj-su-ubijani-bosnjaci\/","url":"https:\/\/tuzlainfo.ba\/index.php\/bosna-i-hercegovina\/item\/314586-imena-zlocinaca-karadzica-i-mladica-ispisana-na-skoli-u-bratuncu-u-kojoj-su-ubijani-bosnjaci\/","name":"Imena zlo\u010dinaca Karad\u017ei\u0107a i Mladi\u0107a ispisana na \u0161koli u Bratuncu u kojoj su ubijani Bo\u0161njaci","isPartOf":{"@id":"https:\/\/tuzlainfo.ba\/#website"},"primaryImageOfPage":{"@id":"https:\/\/tuzlainfo.ba\/index.php\/bosna-i-hercegovina\/item\/314586-imena-zlocinaca-karadzica-i-mladica-ispisana-na-skoli-u-bratuncu-u-kojoj-su-ubijani-bosnjaci\/#primaryimage"},"image":{"@id":"https:\/\/tuzlainfo.ba\/index.php\/bosna-i-hercegovina\/item\/314586-imena-zlocinaca-karadzica-i-mladica-ispisana-na-skoli-u-bratuncu-u-kojoj-su-ubijani-bosnjaci\/#primaryimage"},"thumbnailUrl":"https:\/\/tuzlainfo.ba\/wp-content\/uploads\/2026\/09\/kolaz_bratunac-scaled-e1788287028640.jpg","datePublished":"2026-09-01T18:24:58+00:00","breadcrumb":{"@id":"https:\/\/tuzlainfo.ba\/index.php\/bosna-i-hercegovina\/item\/314586-imena-zlocinaca-karadzica-i-mladica-ispisana-na-skoli-u-bratuncu-u-kojoj-su-ubijani-bosnjaci\/#breadcrumb"},"inLanguage":"bs-BA","potentialAction":[{"@type":"ReadAction","target":["https:\/\/tuzlainfo.ba\/index.php\/bosna-i-hercegovina\/item\/314586-imena-zlocinaca-karadzica-i-mladica-ispisana-na-skoli-u-bratuncu-u-kojoj-su-ubijani-bosnjaci\/"]}]},{"@type":"ImageObject","inLanguage":"bs-BA","@id":"https:\/\/tuzlainfo.ba\/index.php\/bosna-i-hercegovina\/item\/314586-imena-zlocinaca-karadzica-i-mladica-ispisana-na-skoli-u-bratuncu-u-kojoj-su-ubijani-bosnjaci\/#primaryimage","url":"https:\/\/tuzlainfo.ba\/wp-content\/uploads\/2026\/09\/kolaz_bratunac-scaled-e1788287028640.jpg","contentUrl":"https:\/\/tuzlainfo.ba\/wp-content\/uploads\/2026\/09\/kolaz_bratunac-scaled-e1788287028640.jpg","width":1000,"height":634},{"@type":"BreadcrumbList","@id":"https:\/\/tuzlainfo.ba\/index.php\/bosna-i-hercegovina\/item\/314586-imena-zlocinaca-karadzica-i-mladica-ispisana-na-skoli-u-bratuncu-u-kojoj-su-ubijani-bosnjaci\/#breadcrumb","itemListElement":[{"@type":"ListItem","position":1,"name":"Home","item":"https:\/\/tuzlainfo.ba\/"},{"@type":"ListItem","position":2,"name":"Imena zlo\u010dinaca Karad\u017ei\u0107a i Mladi\u0107a ispisana na \u0161koli u Bratuncu u kojoj su ubijani Bo\u0161njaci"}]},{"@type":"WebSite","@id":"https:\/\/tuzlainfo.ba\/#website","url":"https:\/\/tuzlainfo.ba\/","name":"TuzlaInfo.ba","description":"Tuzla info, gradski informator - Tuzla na dlanu","publisher":{"@id":"https:\/\/tuzlainfo.ba\/#organization"},"potentialAction":[{"@type":"SearchAction","target":{"@type":"EntryPoint","urlTemplate":"https:\/\/tuzlainfo.ba\/?s={search_term_string}"},"query-input":{"@type":"PropertyValueSpecification","valueRequired":true,"valueName":"search_term_string"}}],"inLanguage":"bs-BA"},{"@type":"Organization","@id":"https:\/\/tuzlainfo.ba\/#organization","name":"TuzlaInfo.ba","url":"https:\/\/tuzlainfo.ba\/","logo":{"@type":"ImageObject","inLanguage":"bs-BA","@id":"https:\/\/tuzlainfo.ba\/#\/schema\/logo\/image\/","url":"https:\/\/tuzlainfo.ba\/wp-content\/uploads\/2021\/03\/logo-ver-3-1.png","contentUrl":"https:\/\/tuzlainfo.ba\/wp-content\/uploads\/2021\/03\/logo-ver-3-1.png","width":350,"height":95,"caption":"TuzlaInfo.ba"},"image":{"@id":"https:\/\/tuzlainfo.ba\/#\/schema\/logo\/image\/"},"sameAs":["https:\/\/www.facebook.com\/tuzlainfo.ba\/"]},{"@type":"Person","@id":"https:\/\/tuzlainfo.ba\/#\/schema\/person\/f434e20dc27ea133923aab08451b7f7f","name":"nedim","image":{"@type":"ImageObject","inLanguage":"bs-BA","@id":"https:\/\/secure.gravatar.com\/avatar\/5b928a2e7e70a54208d2eb6c1edcb75a5350d6ae97d5f0a701203d456823f6f3?s=96&d=mm&r=g","url":"https:\/\/secure.gravatar.com\/avatar\/5b928a2e7e70a54208d2eb6c1edcb75a5350d6ae97d5f0a701203d456823f6f3?s=96&d=mm&r=g","contentUrl":"https:\/\/secure.gravatar.com\/avatar\/5b928a2e7e70a54208d2eb6c1edcb75a5350d6ae97d5f0a701203d456823f6f3?s=96&d=mm&r=g","caption":"nedim"},"description":"Tuzlainfo.ba pratite na dru\u0161tvenim mre\u017eama: Facebook, Instagram i Youtube. Svoje pri\u010de, upite i fotografije \u0161aljite na na\u0161u e-mail adresu."}]}},"_links":{"self":[{"href":"https:\/\/tuzlainfo.ba\/index.php\/wp-json\/wp\/v2\/posts\/314586","targetHints":{"allow":["GET"]}}],"collection":[{"href":"https:\/\/tuzlainfo.ba\/index.php\/wp-json\/wp\/v2\/posts"}],"about":[{"href":"https:\/\/tuzlainfo.ba\/index.php\/wp-json\/wp\/v2\/types\/post"}],"author":[{"embeddable":true,"href":"https:\/\/tuzlainfo.ba\/index.php\/wp-json\/wp\/v2\/users\/2"}],"replies":[{"embeddable":true,"href":"https:\/\/tuzlainfo.ba\/index.php\/wp-json\/wp\/v2\/comments?post=314586"}],"version-history":[{"count":1,"href":"https:\/\/tuzlainfo.ba\/index.php\/wp-json\/wp\/v2\/posts\/314586\/revisions"}],"predecessor-version":[{"id":314588,"href":"https:\/\/tuzlainfo.ba\/index.php\/wp-json\/wp\/v2\/posts\/314586\/revisions\/314588"}],"wp:featuredmedia":[{"embeddable":true,"href":"https:\/\/tuzlainfo.ba\/index.php\/wp-json\/wp\/v2\/media\/314587"}],"wp:attachment":[{"href":"https:\/\/tuzlainfo.ba\/index.php\/wp-json\/wp\/v2\/media?parent=314586"}],"wp:term":[{"taxonomy":"category","embeddable":true,"href":"https:\/\/tuzlainfo.ba\/index.php\/wp-json\/wp\/v2\/categories?post=314586"},{"taxonomy":"post_tag","embeddable":true,"href":"https:\/\/tuzlainfo.ba\/index.php\/wp-json\/wp\/v2\/tags?post=314586"}],"curies":[{"name":"wp","href":"https:\/\/api.w.org\/{rel}","templated":true}]}}