{"id":314559,"date":"2026-09-01T18:02:34","date_gmt":"2026-09-01T16:02:34","guid":{"rendered":"https:\/\/tuzlainfo.ba\/?p=314559"},"modified":"2026-09-01T15:18:11","modified_gmt":"2026-09-01T13:18:11","slug":"ananda-yoga-studio-otvorio-vrata-u-tuzli-upis-novih-polaznika-u-toku","status":"publish","type":"post","link":"https:\/\/tuzlainfo.ba\/index.php\/clanci\/promo-info\/item\/314559-ananda-yoga-studio-otvorio-vrata-u-tuzli-upis-novih-polaznika-u-toku\/","title":{"rendered":"Ananda Yoga Studio otvorio vrata u Tuzli, upis novih polaznika u toku"},"content":{"rendered":"<p class=\"PDq2pG_selectionAnchorContainer\" data-start=\"98\" data-end=\"329\">U vremenu u kojem svakodnevne obaveze ostavljaju sve manje prostora za odmor i vrijeme posve\u0107eno sebi, u Tuzli je po\u010deo s radom Ananda Yoga Studio, novi prostor namijenjen prakticiranju joge, pokretu, pravilnom disanju i opu\u0161tanju.<\/p>\n<p data-start=\"331\" data-end=\"544\">Ananda Yoga Studio otvoren je 1. septembra na adresi Kaldrma broj 2, a upis zainteresovanih polaznika je u toku. Program je namijenjen kako po\u010detnicima, tako i osobama koje ve\u0107 imaju iskustva u prakticiranju joge.<\/p>\n<p data-start=\"546\" data-end=\"781\">U studiju se praktikuje Hatha yoga, tradicionalni pristup koji kombinuje polo\u017eaje tijela, pravilno disanje, koncentraciju i opu\u0161tanje. Cilj ovakvog pristupa je razvoj snage, fleksibilnosti i ravnote\u017ee te bolje povezanosti tijela i uma.<\/p>\n<p data-start=\"783\" data-end=\"1043\">Iz Ananda Yoga Studija nagla\u0161avaju da za po\u010detak nije potrebna posebna fleksibilnost niti prethodno iskustvo. Koncept je prilago\u0111en ljudima koji \u017eele izdvojiti vrijeme za sebe i kroz fizi\u010dku aktivnost i tehnike disanja napraviti predah od ubrzane svakodnevice.<\/p>\n<p data-start=\"783\" data-end=\"1043\"><img fetchpriority=\"high\" decoding=\"async\" class=\"size-full wp-image-314560 aligncenter\" src=\"https:\/\/tuzlainfo.ba\/wp-content\/uploads\/2026\/09\/789633071_2166239273933609_9125261176265576010_n.jpg\" alt=\"\" width=\"1067\" height=\"1601\" srcset=\"https:\/\/tuzlainfo.ba\/wp-content\/uploads\/2026\/09\/789633071_2166239273933609_9125261176265576010_n.jpg 1067w, https:\/\/tuzlainfo.ba\/wp-content\/uploads\/2026\/09\/789633071_2166239273933609_9125261176265576010_n-200x300.jpg 200w, https:\/\/tuzlainfo.ba\/wp-content\/uploads\/2026\/09\/789633071_2166239273933609_9125261176265576010_n-682x1024.jpg 682w, https:\/\/tuzlainfo.ba\/wp-content\/uploads\/2026\/09\/789633071_2166239273933609_9125261176265576010_n-768x1152.jpg 768w, https:\/\/tuzlainfo.ba\/wp-content\/uploads\/2026\/09\/789633071_2166239273933609_9125261176265576010_n-1024x1536.jpg 1024w, https:\/\/tuzlainfo.ba\/wp-content\/uploads\/2026\/09\/789633071_2166239273933609_9125261176265576010_n-150x225.jpg 150w, https:\/\/tuzlainfo.ba\/wp-content\/uploads\/2026\/09\/789633071_2166239273933609_9125261176265576010_n-333x500.jpg 333w, https:\/\/tuzlainfo.ba\/wp-content\/uploads\/2026\/09\/789633071_2166239273933609_9125261176265576010_n-585x878.jpg 585w\" sizes=\"(max-width: 1067px) 100vw, 1067px\" \/><\/p>\n<p data-start=\"1045\" data-end=\"1235\">Program vodi Andrea Ili\u0107, certificirana instruktorica joge Federacije Europe, a poseban naglasak u radu stavlja se na individualni pristup polaznicima te sigurno i ugodno prakticiranje joge.<\/p>\n<p data-start=\"1237\" data-end=\"1411\">Za razliku od pristupa u kojem je u prvom planu savr\u0161eno izvo\u0111enje odre\u0111enog polo\u017eaja, koncept Anande usmjeren je na sam proces i osje\u0107aj polaznika prije, tokom i nakon \u010dasa.<\/p>\n<p data-start=\"1413\" data-end=\"1574\">Ananda Yoga Studio nalazi se na adresi Kaldrma broj 2 u Tuzli, a vi\u0161e informacija o programu i upisu zainteresovani mogu dobiti na broj telefona <strong data-start=\"1558\" data-end=\"1573\">061\/679-619<\/strong>.<\/p>\n","protected":false},"excerpt":{"rendered":"<p>U vremenu u kojem svakodnevne obaveze ostavljaju sve manje prostora za odmor i vrijeme posve\u0107eno sebi, u Tuzli je po\u010deo s radom Ananda Yoga Studio, novi prostor namijenjen prakticiranju joge, pokretu, pravilnom disanju i opu\u0161tanju. Ananda Yoga Studio otvoren je 1. septembra na adresi Kaldrma broj 2, a upis zainteresovanih polaznika je u toku. Program [&hellip;]<\/p>\n","protected":false},"author":2,"featured_media":314561,"comment_status":"closed","ping_status":"closed","sticky":false,"template":"","format":"standard","meta":{"footnotes":""},"categories":[13],"tags":[8838,14450],"class_list":["post-314559","post","type-post","status-publish","format-standard","has-post-thumbnail","hentry","category-promo-info","tag-yoga","tag-yoga-tuzla"],"yoast_head":"<!-- This site is optimized with the Yoast SEO plugin v28.3 - https:\/\/yoast.com\/product\/yoast-seo-wordpress\/ -->\n<title>Ananda Yoga Studio otvorio vrata u Tuzli, upis novih polaznika u toku<\/title>\n<meta name=\"robots\" content=\"index, follow, max-snippet:-1, max-image-preview:large, max-video-preview:-1\" \/>\n<link rel=\"canonical\" href=\"https:\/\/tuzlainfo.ba\/index.php\/clanci\/promo-info\/item\/314559-ananda-yoga-studio-otvorio-vrata-u-tuzli-upis-novih-polaznika-u-toku\/\" \/>\n<meta property=\"og:locale\" content=\"bs_BA\" \/>\n<meta property=\"og:type\" content=\"article\" \/>\n<meta property=\"og:title\" content=\"Ananda Yoga Studio otvorio vrata u Tuzli, upis novih polaznika u toku\" \/>\n<meta property=\"og:description\" content=\"U vremenu u kojem svakodnevne obaveze ostavljaju sve manje prostora za odmor i vrijeme posve\u0107eno sebi, u Tuzli je po\u010deo s radom Ananda Yoga Studio, novi prostor namijenjen prakticiranju joge, pokretu, pravilnom disanju i opu\u0161tanju. Ananda Yoga Studio otvoren je 1. septembra na adresi Kaldrma broj 2, a upis zainteresovanih polaznika je u toku. Program [&hellip;]\" \/>\n<meta property=\"og:url\" content=\"https:\/\/tuzlainfo.ba\/index.php\/clanci\/promo-info\/item\/314559-ananda-yoga-studio-otvorio-vrata-u-tuzli-upis-novih-polaznika-u-toku\/\" \/>\n<meta property=\"og:site_name\" content=\"TuzlaInfo.ba\" \/>\n<meta property=\"article:publisher\" content=\"https:\/\/www.facebook.com\/tuzlainfo.ba\/\" \/>\n<meta property=\"article:published_time\" content=\"2026-09-01T16:02:34+00:00\" \/>\n<meta property=\"og:image\" content=\"https:\/\/tuzlainfo.ba\/wp-content\/uploads\/2026\/09\/0109_ananda_yoga.jpg\" \/>\n\t<meta property=\"og:image:width\" content=\"1000\" \/>\n\t<meta property=\"og:image:height\" content=\"666\" \/>\n\t<meta property=\"og:image:type\" content=\"image\/jpeg\" \/>\n<meta name=\"author\" content=\"nedim\" \/>\n<meta name=\"twitter:card\" content=\"summary_large_image\" \/>\n<meta name=\"twitter:label1\" content=\"Written by\" \/>\n\t<meta name=\"twitter:data1\" content=\"nedim\" \/>\n\t<meta name=\"twitter:label2\" content=\"Est. reading time\" \/>\n\t<meta name=\"twitter:data2\" content=\"2 minute\" \/>\n<script type=\"application\/ld+json\" class=\"yoast-schema-graph\">{\"@context\":\"https:\\\/\\\/schema.org\",\"@graph\":[{\"@type\":\"Article\",\"@id\":\"https:\\\/\\\/tuzlainfo.ba\\\/index.php\\\/clanci\\\/promo-info\\\/item\\\/314559-ananda-yoga-studio-otvorio-vrata-u-tuzli-upis-novih-polaznika-u-toku\\\/#article\",\"isPartOf\":{\"@id\":\"https:\\\/\\\/tuzlainfo.ba\\\/index.php\\\/clanci\\\/promo-info\\\/item\\\/314559-ananda-yoga-studio-otvorio-vrata-u-tuzli-upis-novih-polaznika-u-toku\\\/\"},\"author\":{\"name\":\"nedim\",\"@id\":\"https:\\\/\\\/tuzlainfo.ba\\\/#\\\/schema\\\/person\\\/f434e20dc27ea133923aab08451b7f7f\"},\"headline\":\"Ananda Yoga Studio otvorio vrata u Tuzli, upis novih polaznika u toku\",\"datePublished\":\"2026-09-01T16:02:34+00:00\",\"mainEntityOfPage\":{\"@id\":\"https:\\\/\\\/tuzlainfo.ba\\\/index.php\\\/clanci\\\/promo-info\\\/item\\\/314559-ananda-yoga-studio-otvorio-vrata-u-tuzli-upis-novih-polaznika-u-toku\\\/\"},\"wordCount\":245,\"publisher\":{\"@id\":\"https:\\\/\\\/tuzlainfo.ba\\\/#organization\"},\"image\":{\"@id\":\"https:\\\/\\\/tuzlainfo.ba\\\/index.php\\\/clanci\\\/promo-info\\\/item\\\/314559-ananda-yoga-studio-otvorio-vrata-u-tuzli-upis-novih-polaznika-u-toku\\\/#primaryimage\"},\"thumbnailUrl\":\"https:\\\/\\\/tuzlainfo.ba\\\/wp-content\\\/uploads\\\/2026\\\/09\\\/0109_ananda_yoga.jpg\",\"keywords\":[\"yoga\",\"yoga tuzla\"],\"articleSection\":[\"Promo info\"],\"inLanguage\":\"bs-BA\",\"copyrightYear\":\"2026\",\"copyrightHolder\":{\"@id\":\"https:\\\/\\\/tuzlainfo.ba\\\/#organization\"}},{\"@type\":\"WebPage\",\"@id\":\"https:\\\/\\\/tuzlainfo.ba\\\/index.php\\\/clanci\\\/promo-info\\\/item\\\/314559-ananda-yoga-studio-otvorio-vrata-u-tuzli-upis-novih-polaznika-u-toku\\\/\",\"url\":\"https:\\\/\\\/tuzlainfo.ba\\\/index.php\\\/clanci\\\/promo-info\\\/item\\\/314559-ananda-yoga-studio-otvorio-vrata-u-tuzli-upis-novih-polaznika-u-toku\\\/\",\"name\":\"Ananda Yoga Studio otvorio vrata u Tuzli, upis novih polaznika u toku\",\"isPartOf\":{\"@id\":\"https:\\\/\\\/tuzlainfo.ba\\\/#website\"},\"primaryImageOfPage\":{\"@id\":\"https:\\\/\\\/tuzlainfo.ba\\\/index.php\\\/clanci\\\/promo-info\\\/item\\\/314559-ananda-yoga-studio-otvorio-vrata-u-tuzli-upis-novih-polaznika-u-toku\\\/#primaryimage\"},\"image\":{\"@id\":\"https:\\\/\\\/tuzlainfo.ba\\\/index.php\\\/clanci\\\/promo-info\\\/item\\\/314559-ananda-yoga-studio-otvorio-vrata-u-tuzli-upis-novih-polaznika-u-toku\\\/#primaryimage\"},\"thumbnailUrl\":\"https:\\\/\\\/tuzlainfo.ba\\\/wp-content\\\/uploads\\\/2026\\\/09\\\/0109_ananda_yoga.jpg\",\"datePublished\":\"2026-09-01T16:02:34+00:00\",\"breadcrumb\":{\"@id\":\"https:\\\/\\\/tuzlainfo.ba\\\/index.php\\\/clanci\\\/promo-info\\\/item\\\/314559-ananda-yoga-studio-otvorio-vrata-u-tuzli-upis-novih-polaznika-u-toku\\\/#breadcrumb\"},\"inLanguage\":\"bs-BA\",\"potentialAction\":[{\"@type\":\"ReadAction\",\"target\":[\"https:\\\/\\\/tuzlainfo.ba\\\/index.php\\\/clanci\\\/promo-info\\\/item\\\/314559-ananda-yoga-studio-otvorio-vrata-u-tuzli-upis-novih-polaznika-u-toku\\\/\"]}]},{\"@type\":\"ImageObject\",\"inLanguage\":\"bs-BA\",\"@id\":\"https:\\\/\\\/tuzlainfo.ba\\\/index.php\\\/clanci\\\/promo-info\\\/item\\\/314559-ananda-yoga-studio-otvorio-vrata-u-tuzli-upis-novih-polaznika-u-toku\\\/#primaryimage\",\"url\":\"https:\\\/\\\/tuzlainfo.ba\\\/wp-content\\\/uploads\\\/2026\\\/09\\\/0109_ananda_yoga.jpg\",\"contentUrl\":\"https:\\\/\\\/tuzlainfo.ba\\\/wp-content\\\/uploads\\\/2026\\\/09\\\/0109_ananda_yoga.jpg\",\"width\":1000,\"height\":666},{\"@type\":\"BreadcrumbList\",\"@id\":\"https:\\\/\\\/tuzlainfo.ba\\\/index.php\\\/clanci\\\/promo-info\\\/item\\\/314559-ananda-yoga-studio-otvorio-vrata-u-tuzli-upis-novih-polaznika-u-toku\\\/#breadcrumb\",\"itemListElement\":[{\"@type\":\"ListItem\",\"position\":1,\"name\":\"Home\",\"item\":\"https:\\\/\\\/tuzlainfo.ba\\\/\"},{\"@type\":\"ListItem\",\"position\":2,\"name\":\"Ananda Yoga Studio otvorio vrata u Tuzli, upis novih polaznika u toku\"}]},{\"@type\":\"WebSite\",\"@id\":\"https:\\\/\\\/tuzlainfo.ba\\\/#website\",\"url\":\"https:\\\/\\\/tuzlainfo.ba\\\/\",\"name\":\"TuzlaInfo.ba\",\"description\":\"Tuzla info, gradski informator - Tuzla na dlanu\",\"publisher\":{\"@id\":\"https:\\\/\\\/tuzlainfo.ba\\\/#organization\"},\"potentialAction\":[{\"@type\":\"SearchAction\",\"target\":{\"@type\":\"EntryPoint\",\"urlTemplate\":\"https:\\\/\\\/tuzlainfo.ba\\\/?s={search_term_string}\"},\"query-input\":{\"@type\":\"PropertyValueSpecification\",\"valueRequired\":true,\"valueName\":\"search_term_string\"}}],\"inLanguage\":\"bs-BA\"},{\"@type\":\"Organization\",\"@id\":\"https:\\\/\\\/tuzlainfo.ba\\\/#organization\",\"name\":\"TuzlaInfo.ba\",\"url\":\"https:\\\/\\\/tuzlainfo.ba\\\/\",\"logo\":{\"@type\":\"ImageObject\",\"inLanguage\":\"bs-BA\",\"@id\":\"https:\\\/\\\/tuzlainfo.ba\\\/#\\\/schema\\\/logo\\\/image\\\/\",\"url\":\"https:\\\/\\\/tuzlainfo.ba\\\/wp-content\\\/uploads\\\/2021\\\/03\\\/logo-ver-3-1.png\",\"contentUrl\":\"https:\\\/\\\/tuzlainfo.ba\\\/wp-content\\\/uploads\\\/2021\\\/03\\\/logo-ver-3-1.png\",\"width\":350,\"height\":95,\"caption\":\"TuzlaInfo.ba\"},\"image\":{\"@id\":\"https:\\\/\\\/tuzlainfo.ba\\\/#\\\/schema\\\/logo\\\/image\\\/\"},\"sameAs\":[\"https:\\\/\\\/www.facebook.com\\\/tuzlainfo.ba\\\/\"]},{\"@type\":\"Person\",\"@id\":\"https:\\\/\\\/tuzlainfo.ba\\\/#\\\/schema\\\/person\\\/f434e20dc27ea133923aab08451b7f7f\",\"name\":\"nedim\",\"image\":{\"@type\":\"ImageObject\",\"inLanguage\":\"bs-BA\",\"@id\":\"https:\\\/\\\/secure.gravatar.com\\\/avatar\\\/5b928a2e7e70a54208d2eb6c1edcb75a5350d6ae97d5f0a701203d456823f6f3?s=96&d=mm&r=g\",\"url\":\"https:\\\/\\\/secure.gravatar.com\\\/avatar\\\/5b928a2e7e70a54208d2eb6c1edcb75a5350d6ae97d5f0a701203d456823f6f3?s=96&d=mm&r=g\",\"contentUrl\":\"https:\\\/\\\/secure.gravatar.com\\\/avatar\\\/5b928a2e7e70a54208d2eb6c1edcb75a5350d6ae97d5f0a701203d456823f6f3?s=96&d=mm&r=g\",\"caption\":\"nedim\"},\"description\":\"Tuzlainfo.ba pratite na dru\u0161tvenim mre\u017eama: Facebook, Instagram i Youtube. Svoje pri\u010de, upite i fotografije \u0161aljite na na\u0161u e-mail adresu.\"}]}<\/script>\n<!-- \/ Yoast SEO plugin. -->","yoast_head_json":{"title":"Ananda Yoga Studio otvorio vrata u Tuzli, upis novih polaznika u toku","robots":{"index":"index","follow":"follow","max-snippet":"max-snippet:-1","max-image-preview":"max-image-preview:large","max-video-preview":"max-video-preview:-1"},"canonical":"https:\/\/tuzlainfo.ba\/index.php\/clanci\/promo-info\/item\/314559-ananda-yoga-studio-otvorio-vrata-u-tuzli-upis-novih-polaznika-u-toku\/","og_locale":"bs_BA","og_type":"article","og_title":"Ananda Yoga Studio otvorio vrata u Tuzli, upis novih polaznika u toku","og_description":"U vremenu u kojem svakodnevne obaveze ostavljaju sve manje prostora za odmor i vrijeme posve\u0107eno sebi, u Tuzli je po\u010deo s radom Ananda Yoga Studio, novi prostor namijenjen prakticiranju joge, pokretu, pravilnom disanju i opu\u0161tanju. Ananda Yoga Studio otvoren je 1. septembra na adresi Kaldrma broj 2, a upis zainteresovanih polaznika je u toku. Program [&hellip;]","og_url":"https:\/\/tuzlainfo.ba\/index.php\/clanci\/promo-info\/item\/314559-ananda-yoga-studio-otvorio-vrata-u-tuzli-upis-novih-polaznika-u-toku\/","og_site_name":"TuzlaInfo.ba","article_publisher":"https:\/\/www.facebook.com\/tuzlainfo.ba\/","article_published_time":"2026-09-01T16:02:34+00:00","og_image":[{"width":1000,"height":666,"url":"https:\/\/tuzlainfo.ba\/wp-content\/uploads\/2026\/09\/0109_ananda_yoga.jpg","type":"image\/jpeg"}],"author":"nedim","twitter_card":"summary_large_image","twitter_misc":{"Written by":"nedim","Est. reading time":"2 minute"},"schema":{"@context":"https:\/\/schema.org","@graph":[{"@type":"Article","@id":"https:\/\/tuzlainfo.ba\/index.php\/clanci\/promo-info\/item\/314559-ananda-yoga-studio-otvorio-vrata-u-tuzli-upis-novih-polaznika-u-toku\/#article","isPartOf":{"@id":"https:\/\/tuzlainfo.ba\/index.php\/clanci\/promo-info\/item\/314559-ananda-yoga-studio-otvorio-vrata-u-tuzli-upis-novih-polaznika-u-toku\/"},"author":{"name":"nedim","@id":"https:\/\/tuzlainfo.ba\/#\/schema\/person\/f434e20dc27ea133923aab08451b7f7f"},"headline":"Ananda Yoga Studio otvorio vrata u Tuzli, upis novih polaznika u toku","datePublished":"2026-09-01T16:02:34+00:00","mainEntityOfPage":{"@id":"https:\/\/tuzlainfo.ba\/index.php\/clanci\/promo-info\/item\/314559-ananda-yoga-studio-otvorio-vrata-u-tuzli-upis-novih-polaznika-u-toku\/"},"wordCount":245,"publisher":{"@id":"https:\/\/tuzlainfo.ba\/#organization"},"image":{"@id":"https:\/\/tuzlainfo.ba\/index.php\/clanci\/promo-info\/item\/314559-ananda-yoga-studio-otvorio-vrata-u-tuzli-upis-novih-polaznika-u-toku\/#primaryimage"},"thumbnailUrl":"https:\/\/tuzlainfo.ba\/wp-content\/uploads\/2026\/09\/0109_ananda_yoga.jpg","keywords":["yoga","yoga tuzla"],"articleSection":["Promo info"],"inLanguage":"bs-BA","copyrightYear":"2026","copyrightHolder":{"@id":"https:\/\/tuzlainfo.ba\/#organization"}},{"@type":"WebPage","@id":"https:\/\/tuzlainfo.ba\/index.php\/clanci\/promo-info\/item\/314559-ananda-yoga-studio-otvorio-vrata-u-tuzli-upis-novih-polaznika-u-toku\/","url":"https:\/\/tuzlainfo.ba\/index.php\/clanci\/promo-info\/item\/314559-ananda-yoga-studio-otvorio-vrata-u-tuzli-upis-novih-polaznika-u-toku\/","name":"Ananda Yoga Studio otvorio vrata u Tuzli, upis novih polaznika u toku","isPartOf":{"@id":"https:\/\/tuzlainfo.ba\/#website"},"primaryImageOfPage":{"@id":"https:\/\/tuzlainfo.ba\/index.php\/clanci\/promo-info\/item\/314559-ananda-yoga-studio-otvorio-vrata-u-tuzli-upis-novih-polaznika-u-toku\/#primaryimage"},"image":{"@id":"https:\/\/tuzlainfo.ba\/index.php\/clanci\/promo-info\/item\/314559-ananda-yoga-studio-otvorio-vrata-u-tuzli-upis-novih-polaznika-u-toku\/#primaryimage"},"thumbnailUrl":"https:\/\/tuzlainfo.ba\/wp-content\/uploads\/2026\/09\/0109_ananda_yoga.jpg","datePublished":"2026-09-01T16:02:34+00:00","breadcrumb":{"@id":"https:\/\/tuzlainfo.ba\/index.php\/clanci\/promo-info\/item\/314559-ananda-yoga-studio-otvorio-vrata-u-tuzli-upis-novih-polaznika-u-toku\/#breadcrumb"},"inLanguage":"bs-BA","potentialAction":[{"@type":"ReadAction","target":["https:\/\/tuzlainfo.ba\/index.php\/clanci\/promo-info\/item\/314559-ananda-yoga-studio-otvorio-vrata-u-tuzli-upis-novih-polaznika-u-toku\/"]}]},{"@type":"ImageObject","inLanguage":"bs-BA","@id":"https:\/\/tuzlainfo.ba\/index.php\/clanci\/promo-info\/item\/314559-ananda-yoga-studio-otvorio-vrata-u-tuzli-upis-novih-polaznika-u-toku\/#primaryimage","url":"https:\/\/tuzlainfo.ba\/wp-content\/uploads\/2026\/09\/0109_ananda_yoga.jpg","contentUrl":"https:\/\/tuzlainfo.ba\/wp-content\/uploads\/2026\/09\/0109_ananda_yoga.jpg","width":1000,"height":666},{"@type":"BreadcrumbList","@id":"https:\/\/tuzlainfo.ba\/index.php\/clanci\/promo-info\/item\/314559-ananda-yoga-studio-otvorio-vrata-u-tuzli-upis-novih-polaznika-u-toku\/#breadcrumb","itemListElement":[{"@type":"ListItem","position":1,"name":"Home","item":"https:\/\/tuzlainfo.ba\/"},{"@type":"ListItem","position":2,"name":"Ananda Yoga Studio otvorio vrata u Tuzli, upis novih polaznika u toku"}]},{"@type":"WebSite","@id":"https:\/\/tuzlainfo.ba\/#website","url":"https:\/\/tuzlainfo.ba\/","name":"TuzlaInfo.ba","description":"Tuzla info, gradski informator - Tuzla na dlanu","publisher":{"@id":"https:\/\/tuzlainfo.ba\/#organization"},"potentialAction":[{"@type":"SearchAction","target":{"@type":"EntryPoint","urlTemplate":"https:\/\/tuzlainfo.ba\/?s={search_term_string}"},"query-input":{"@type":"PropertyValueSpecification","valueRequired":true,"valueName":"search_term_string"}}],"inLanguage":"bs-BA"},{"@type":"Organization","@id":"https:\/\/tuzlainfo.ba\/#organization","name":"TuzlaInfo.ba","url":"https:\/\/tuzlainfo.ba\/","logo":{"@type":"ImageObject","inLanguage":"bs-BA","@id":"https:\/\/tuzlainfo.ba\/#\/schema\/logo\/image\/","url":"https:\/\/tuzlainfo.ba\/wp-content\/uploads\/2021\/03\/logo-ver-3-1.png","contentUrl":"https:\/\/tuzlainfo.ba\/wp-content\/uploads\/2021\/03\/logo-ver-3-1.png","width":350,"height":95,"caption":"TuzlaInfo.ba"},"image":{"@id":"https:\/\/tuzlainfo.ba\/#\/schema\/logo\/image\/"},"sameAs":["https:\/\/www.facebook.com\/tuzlainfo.ba\/"]},{"@type":"Person","@id":"https:\/\/tuzlainfo.ba\/#\/schema\/person\/f434e20dc27ea133923aab08451b7f7f","name":"nedim","image":{"@type":"ImageObject","inLanguage":"bs-BA","@id":"https:\/\/secure.gravatar.com\/avatar\/5b928a2e7e70a54208d2eb6c1edcb75a5350d6ae97d5f0a701203d456823f6f3?s=96&d=mm&r=g","url":"https:\/\/secure.gravatar.com\/avatar\/5b928a2e7e70a54208d2eb6c1edcb75a5350d6ae97d5f0a701203d456823f6f3?s=96&d=mm&r=g","contentUrl":"https:\/\/secure.gravatar.com\/avatar\/5b928a2e7e70a54208d2eb6c1edcb75a5350d6ae97d5f0a701203d456823f6f3?s=96&d=mm&r=g","caption":"nedim"},"description":"Tuzlainfo.ba pratite na dru\u0161tvenim mre\u017eama: Facebook, Instagram i Youtube. Svoje pri\u010de, upite i fotografije \u0161aljite na na\u0161u e-mail adresu."}]}},"_links":{"self":[{"href":"https:\/\/tuzlainfo.ba\/index.php\/wp-json\/wp\/v2\/posts\/314559","targetHints":{"allow":["GET"]}}],"collection":[{"href":"https:\/\/tuzlainfo.ba\/index.php\/wp-json\/wp\/v2\/posts"}],"about":[{"href":"https:\/\/tuzlainfo.ba\/index.php\/wp-json\/wp\/v2\/types\/post"}],"author":[{"embeddable":true,"href":"https:\/\/tuzlainfo.ba\/index.php\/wp-json\/wp\/v2\/users\/2"}],"replies":[{"embeddable":true,"href":"https:\/\/tuzlainfo.ba\/index.php\/wp-json\/wp\/v2\/comments?post=314559"}],"version-history":[{"count":1,"href":"https:\/\/tuzlainfo.ba\/index.php\/wp-json\/wp\/v2\/posts\/314559\/revisions"}],"predecessor-version":[{"id":314562,"href":"https:\/\/tuzlainfo.ba\/index.php\/wp-json\/wp\/v2\/posts\/314559\/revisions\/314562"}],"wp:featuredmedia":[{"embeddable":true,"href":"https:\/\/tuzlainfo.ba\/index.php\/wp-json\/wp\/v2\/media\/314561"}],"wp:attachment":[{"href":"https:\/\/tuzlainfo.ba\/index.php\/wp-json\/wp\/v2\/media?parent=314559"}],"wp:term":[{"taxonomy":"category","embeddable":true,"href":"https:\/\/tuzlainfo.ba\/index.php\/wp-json\/wp\/v2\/categories?post=314559"},{"taxonomy":"post_tag","embeddable":true,"href":"https:\/\/tuzlainfo.ba\/index.php\/wp-json\/wp\/v2\/tags?post=314559"}],"curies":[{"name":"wp","href":"https:\/\/api.w.org\/{rel}","templated":true}]}}