{"id":314553,"date":"2026-09-01T14:53:11","date_gmt":"2026-09-01T12:53:11","guid":{"rendered":"https:\/\/tuzlainfo.ba\/?p=314553"},"modified":"2026-09-01T14:53:11","modified_gmt":"2026-09-01T12:53:11","slug":"lidija-vukicevic-ostala-bez-angazmana-nakon-objave-o-ratku-mladicu","status":"publish","type":"post","link":"https:\/\/tuzlainfo.ba\/index.php\/bosna-i-hercegovina\/item\/314553-lidija-vukicevic-ostala-bez-angazmana-nakon-objave-o-ratku-mladicu\/","title":{"rendered":"Lidija Vuki\u0107evi\u0107 ostala bez anga\u017emana nakon objave o Ratku Mladi\u0107u"},"content":{"rendered":"<p>Hype produkcija prekinula je saradnju sa srbijanskom glumicom Lidijom Vuki\u0107evi\u0107 nakon \u0161to je na Instagramu reagovala na objavu posve\u0107enu pravosna\u017eno osu\u0111enom ratnom zlo\u010dincu Ratku Mladi\u0107u.<\/p>\n<p>Odluku o prekidu saradnje saop\u0107io je Sa\u0161a Mirkovi\u0107, producent te vlasnik i direktor Hype produkcije.<\/p>\n<p>Do odluke je do\u0161lo nakon burnih reakcija javnosti, podno\u0161enja krivi\u010dne prijave Tu\u017eila\u0161tvu Bosne i Hercegovine te poziva na bojkot serije \u201eBos il&#8217; Had\u017eija\u201c, koju je Vuki\u0107evi\u0107 snimala u Sarajevu.<\/p>\n<p>Mirkovi\u0107 je na Instagramu poru\u010dio da Hype produkcija ne\u0107e sara\u0111ivati s osobama koje vrije\u0111aju narode u dr\u017eavama u kojima kompanija posluje.<\/p>\n<p>\u201eBilo ko na bilo koji na\u010din vrije\u0111a narode u kojima poslujemo ne\u0107e vi\u0161e sara\u0111ivati s nama. Zato smo odlu\u010dili da se doti\u010dnoj osobi zahvalimo na saradnji\u201c, naveo je Mirkovi\u0107.<\/p>\n<p>Iako u objavi nije direktno naveo ime Lidije Vuki\u0107evi\u0107, razmjena komentara koja je uslijedila potvrdila je da se poruka odnosi na nju.<\/p>\n<p>\u201eVolim te, ljudski\u201c, napisala je Vuki\u0107evi\u0107 uz simbol srca.<\/p>\n<p>\u201eI ja tebe volim, ali pravila su pravila\u201c, odgovorio joj je Mirkovi\u0107.<\/p>\n<p>Iz Hype produkcije zasad nisu saop\u0107ili ho\u0107e li Vuki\u0107evi\u0107 u seriji biti zamijenjena drugom glumicom niti \u0161ta \u0107e se dogoditi sa scenama koje je ve\u0107 snimila.<\/p>\n<p>Protiv glumice je prethodno podnesena krivi\u010dna prijava Tu\u017eila\u0161tvu BiH nakon \u0161to je ispod objave posve\u0107ene Ratku Mladi\u0107u, uz poruku \u201eGenerale, \u017eivjet \u0107e\u0161 vje\u010dno\u201c, ostavila simbole srca i molitve.<\/p>\n<p>Nakon toga su se na dru\u0161tvenim mre\u017eama pojavili pozivi da produkcija prekine saradnju s Vuki\u0107evi\u0107, ali i da gra\u0111ani bojkotuju seriju ukoliko ona ostane dio projekta.<\/p>\n<p>\u201eNema raskida saradnje, nema gledanja\u201c, glasila je jedna od poruka koja se \u0161irila dru\u0161tvenim mre\u017eama.<\/p>\n<p>Posebne reakcije izazvala je \u010dinjenica da je Vuki\u0107evi\u0107 seriju snimala u Sarajevu, odakle je ranije objavljivala i fotografije.<\/p>\n<p>Lidija Vuki\u0107evi\u0107 ranije je bila politi\u010dki aktivna u Srbiji, a od 2004. do 2012. godine bila je zastupnica Srpske radikalne stranke.<\/p>\n<p>Ratko Mladi\u0107, nekada\u0161nji komandant Vojske Republike Srpske, pravosna\u017eno je 2021. godine osu\u0111en na do\u017eivotni zatvor za genocid u Srebrenici, terorisanje stanovni\u0161tva Sarajeva, progone i druge ratne zlo\u010dine. Preminuo je 27. augusta 2026. godine u pritvorskoj jedinici u Hagu.<\/p>\n","protected":false},"excerpt":{"rendered":"<p>Hype produkcija prekinula je saradnju sa srbijanskom glumicom Lidijom Vuki\u0107evi\u0107 nakon \u0161to je na Instagramu reagovala na objavu posve\u0107enu pravosna\u017eno osu\u0111enom ratnom zlo\u010dincu Ratku Mladi\u0107u. Odluku o prekidu saradnje saop\u0107io je Sa\u0161a Mirkovi\u0107, producent te vlasnik i direktor Hype produkcije. Do odluke je do\u0161lo nakon burnih reakcija javnosti, podno\u0161enja krivi\u010dne prijave Tu\u017eila\u0161tvu Bosne i Hercegovine [&hellip;]<\/p>\n","protected":false},"author":8,"featured_media":314192,"comment_status":"closed","ping_status":"closed","sticky":false,"template":"","format":"standard","meta":{"footnotes":""},"categories":[291],"tags":[14430,939],"class_list":["post-314553","post","type-post","status-publish","format-standard","has-post-thumbnail","hentry","category-bosna-i-hercegovina","tag-lidija-vukicevic","tag-ratko-mladic"],"yoast_head":"<!-- This site is optimized with the Yoast SEO plugin v28.3 - https:\/\/yoast.com\/product\/yoast-seo-wordpress\/ -->\n<title>Lidija Vuki\u0107evi\u0107 ostala bez anga\u017emana nakon objave o Ratku Mladi\u0107u<\/title>\n<meta name=\"robots\" content=\"index, follow, max-snippet:-1, max-image-preview:large, max-video-preview:-1\" \/>\n<link rel=\"canonical\" href=\"https:\/\/tuzlainfo.ba\/index.php\/bosna-i-hercegovina\/item\/314553-lidija-vukicevic-ostala-bez-angazmana-nakon-objave-o-ratku-mladicu\/\" \/>\n<meta property=\"og:locale\" content=\"bs_BA\" \/>\n<meta property=\"og:type\" content=\"article\" \/>\n<meta property=\"og:title\" content=\"Lidija Vuki\u0107evi\u0107 ostala bez anga\u017emana nakon objave o Ratku Mladi\u0107u\" \/>\n<meta property=\"og:description\" content=\"Hype produkcija prekinula je saradnju sa srbijanskom glumicom Lidijom Vuki\u0107evi\u0107 nakon \u0161to je na Instagramu reagovala na objavu posve\u0107enu pravosna\u017eno osu\u0111enom ratnom zlo\u010dincu Ratku Mladi\u0107u. Odluku o prekidu saradnje saop\u0107io je Sa\u0161a Mirkovi\u0107, producent te vlasnik i direktor Hype produkcije. Do odluke je do\u0161lo nakon burnih reakcija javnosti, podno\u0161enja krivi\u010dne prijave Tu\u017eila\u0161tvu Bosne i Hercegovine [&hellip;]\" \/>\n<meta property=\"og:url\" content=\"https:\/\/tuzlainfo.ba\/index.php\/bosna-i-hercegovina\/item\/314553-lidija-vukicevic-ostala-bez-angazmana-nakon-objave-o-ratku-mladicu\/\" \/>\n<meta property=\"og:site_name\" content=\"TuzlaInfo.ba\" \/>\n<meta property=\"article:publisher\" content=\"https:\/\/www.facebook.com\/tuzlainfo.ba\/\" \/>\n<meta property=\"article:published_time\" content=\"2026-09-01T12:53:11+00:00\" \/>\n<meta property=\"og:image\" content=\"https:\/\/tuzlainfo.ba\/wp-content\/uploads\/2026\/08\/lidija-vukicevic.jpg\" \/>\n\t<meta property=\"og:image:width\" content=\"648\" \/>\n\t<meta property=\"og:image:height\" content=\"473\" \/>\n\t<meta property=\"og:image:type\" content=\"image\/jpeg\" \/>\n<meta name=\"author\" content=\"Admin Tri\" \/>\n<meta name=\"twitter:card\" content=\"summary_large_image\" \/>\n<meta name=\"twitter:label1\" content=\"Written by\" \/>\n\t<meta name=\"twitter:data1\" content=\"Admin Tri\" \/>\n\t<meta name=\"twitter:label2\" content=\"Est. reading time\" \/>\n\t<meta name=\"twitter:data2\" content=\"2 minute\" \/>\n<script type=\"application\/ld+json\" class=\"yoast-schema-graph\">{\"@context\":\"https:\\\/\\\/schema.org\",\"@graph\":[{\"@type\":\"Article\",\"@id\":\"https:\\\/\\\/tuzlainfo.ba\\\/index.php\\\/bosna-i-hercegovina\\\/item\\\/314553-lidija-vukicevic-ostala-bez-angazmana-nakon-objave-o-ratku-mladicu\\\/#article\",\"isPartOf\":{\"@id\":\"https:\\\/\\\/tuzlainfo.ba\\\/index.php\\\/bosna-i-hercegovina\\\/item\\\/314553-lidija-vukicevic-ostala-bez-angazmana-nakon-objave-o-ratku-mladicu\\\/\"},\"author\":{\"name\":\"Admin Tri\",\"@id\":\"https:\\\/\\\/tuzlainfo.ba\\\/#\\\/schema\\\/person\\\/593e78a2f6378c5ba3e7600ecfa4e63a\"},\"headline\":\"Lidija Vuki\u0107evi\u0107 ostala bez anga\u017emana nakon objave o Ratku Mladi\u0107u\",\"datePublished\":\"2026-09-01T12:53:11+00:00\",\"mainEntityOfPage\":{\"@id\":\"https:\\\/\\\/tuzlainfo.ba\\\/index.php\\\/bosna-i-hercegovina\\\/item\\\/314553-lidija-vukicevic-ostala-bez-angazmana-nakon-objave-o-ratku-mladicu\\\/\"},\"wordCount\":395,\"publisher\":{\"@id\":\"https:\\\/\\\/tuzlainfo.ba\\\/#organization\"},\"image\":{\"@id\":\"https:\\\/\\\/tuzlainfo.ba\\\/index.php\\\/bosna-i-hercegovina\\\/item\\\/314553-lidija-vukicevic-ostala-bez-angazmana-nakon-objave-o-ratku-mladicu\\\/#primaryimage\"},\"thumbnailUrl\":\"https:\\\/\\\/tuzlainfo.ba\\\/wp-content\\\/uploads\\\/2026\\\/08\\\/lidija-vukicevic.jpg\",\"keywords\":[\"lidija vuki\u0107evi\u0107\",\"ratko mladi\u0107\"],\"articleSection\":[\"Bosna i Hercegovina\"],\"inLanguage\":\"bs-BA\",\"copyrightYear\":\"2026\",\"copyrightHolder\":{\"@id\":\"https:\\\/\\\/tuzlainfo.ba\\\/#organization\"}},{\"@type\":\"WebPage\",\"@id\":\"https:\\\/\\\/tuzlainfo.ba\\\/index.php\\\/bosna-i-hercegovina\\\/item\\\/314553-lidija-vukicevic-ostala-bez-angazmana-nakon-objave-o-ratku-mladicu\\\/\",\"url\":\"https:\\\/\\\/tuzlainfo.ba\\\/index.php\\\/bosna-i-hercegovina\\\/item\\\/314553-lidija-vukicevic-ostala-bez-angazmana-nakon-objave-o-ratku-mladicu\\\/\",\"name\":\"Lidija Vuki\u0107evi\u0107 ostala bez anga\u017emana nakon objave o Ratku Mladi\u0107u\",\"isPartOf\":{\"@id\":\"https:\\\/\\\/tuzlainfo.ba\\\/#website\"},\"primaryImageOfPage\":{\"@id\":\"https:\\\/\\\/tuzlainfo.ba\\\/index.php\\\/bosna-i-hercegovina\\\/item\\\/314553-lidija-vukicevic-ostala-bez-angazmana-nakon-objave-o-ratku-mladicu\\\/#primaryimage\"},\"image\":{\"@id\":\"https:\\\/\\\/tuzlainfo.ba\\\/index.php\\\/bosna-i-hercegovina\\\/item\\\/314553-lidija-vukicevic-ostala-bez-angazmana-nakon-objave-o-ratku-mladicu\\\/#primaryimage\"},\"thumbnailUrl\":\"https:\\\/\\\/tuzlainfo.ba\\\/wp-content\\\/uploads\\\/2026\\\/08\\\/lidija-vukicevic.jpg\",\"datePublished\":\"2026-09-01T12:53:11+00:00\",\"breadcrumb\":{\"@id\":\"https:\\\/\\\/tuzlainfo.ba\\\/index.php\\\/bosna-i-hercegovina\\\/item\\\/314553-lidija-vukicevic-ostala-bez-angazmana-nakon-objave-o-ratku-mladicu\\\/#breadcrumb\"},\"inLanguage\":\"bs-BA\",\"potentialAction\":[{\"@type\":\"ReadAction\",\"target\":[\"https:\\\/\\\/tuzlainfo.ba\\\/index.php\\\/bosna-i-hercegovina\\\/item\\\/314553-lidija-vukicevic-ostala-bez-angazmana-nakon-objave-o-ratku-mladicu\\\/\"]}]},{\"@type\":\"ImageObject\",\"inLanguage\":\"bs-BA\",\"@id\":\"https:\\\/\\\/tuzlainfo.ba\\\/index.php\\\/bosna-i-hercegovina\\\/item\\\/314553-lidija-vukicevic-ostala-bez-angazmana-nakon-objave-o-ratku-mladicu\\\/#primaryimage\",\"url\":\"https:\\\/\\\/tuzlainfo.ba\\\/wp-content\\\/uploads\\\/2026\\\/08\\\/lidija-vukicevic.jpg\",\"contentUrl\":\"https:\\\/\\\/tuzlainfo.ba\\\/wp-content\\\/uploads\\\/2026\\\/08\\\/lidija-vukicevic.jpg\",\"width\":648,\"height\":473},{\"@type\":\"BreadcrumbList\",\"@id\":\"https:\\\/\\\/tuzlainfo.ba\\\/index.php\\\/bosna-i-hercegovina\\\/item\\\/314553-lidija-vukicevic-ostala-bez-angazmana-nakon-objave-o-ratku-mladicu\\\/#breadcrumb\",\"itemListElement\":[{\"@type\":\"ListItem\",\"position\":1,\"name\":\"Home\",\"item\":\"https:\\\/\\\/tuzlainfo.ba\\\/\"},{\"@type\":\"ListItem\",\"position\":2,\"name\":\"Lidija Vuki\u0107evi\u0107 ostala bez anga\u017emana nakon objave o Ratku Mladi\u0107u\"}]},{\"@type\":\"WebSite\",\"@id\":\"https:\\\/\\\/tuzlainfo.ba\\\/#website\",\"url\":\"https:\\\/\\\/tuzlainfo.ba\\\/\",\"name\":\"TuzlaInfo.ba\",\"description\":\"Tuzla info, gradski informator - Tuzla na dlanu\",\"publisher\":{\"@id\":\"https:\\\/\\\/tuzlainfo.ba\\\/#organization\"},\"potentialAction\":[{\"@type\":\"SearchAction\",\"target\":{\"@type\":\"EntryPoint\",\"urlTemplate\":\"https:\\\/\\\/tuzlainfo.ba\\\/?s={search_term_string}\"},\"query-input\":{\"@type\":\"PropertyValueSpecification\",\"valueRequired\":true,\"valueName\":\"search_term_string\"}}],\"inLanguage\":\"bs-BA\"},{\"@type\":\"Organization\",\"@id\":\"https:\\\/\\\/tuzlainfo.ba\\\/#organization\",\"name\":\"TuzlaInfo.ba\",\"url\":\"https:\\\/\\\/tuzlainfo.ba\\\/\",\"logo\":{\"@type\":\"ImageObject\",\"inLanguage\":\"bs-BA\",\"@id\":\"https:\\\/\\\/tuzlainfo.ba\\\/#\\\/schema\\\/logo\\\/image\\\/\",\"url\":\"https:\\\/\\\/tuzlainfo.ba\\\/wp-content\\\/uploads\\\/2021\\\/03\\\/logo-ver-3-1.png\",\"contentUrl\":\"https:\\\/\\\/tuzlainfo.ba\\\/wp-content\\\/uploads\\\/2021\\\/03\\\/logo-ver-3-1.png\",\"width\":350,\"height\":95,\"caption\":\"TuzlaInfo.ba\"},\"image\":{\"@id\":\"https:\\\/\\\/tuzlainfo.ba\\\/#\\\/schema\\\/logo\\\/image\\\/\"},\"sameAs\":[\"https:\\\/\\\/www.facebook.com\\\/tuzlainfo.ba\\\/\"]},{\"@type\":\"Person\",\"@id\":\"https:\\\/\\\/tuzlainfo.ba\\\/#\\\/schema\\\/person\\\/593e78a2f6378c5ba3e7600ecfa4e63a\",\"name\":\"Admin Tri\",\"image\":{\"@type\":\"ImageObject\",\"inLanguage\":\"bs-BA\",\"@id\":\"https:\\\/\\\/secure.gravatar.com\\\/avatar\\\/b53a7f47acc7a09467757d8b2234cc38fa334b13599376e53104c0036b528ca1?s=96&d=mm&r=g\",\"url\":\"https:\\\/\\\/secure.gravatar.com\\\/avatar\\\/b53a7f47acc7a09467757d8b2234cc38fa334b13599376e53104c0036b528ca1?s=96&d=mm&r=g\",\"contentUrl\":\"https:\\\/\\\/secure.gravatar.com\\\/avatar\\\/b53a7f47acc7a09467757d8b2234cc38fa334b13599376e53104c0036b528ca1?s=96&d=mm&r=g\",\"caption\":\"Admin Tri\"},\"sameAs\":[\"https:\\\/\\\/tuzlainfo.ba\"]}]}<\/script>\n<!-- \/ Yoast SEO plugin. -->","yoast_head_json":{"title":"Lidija Vuki\u0107evi\u0107 ostala bez anga\u017emana nakon objave o Ratku Mladi\u0107u","robots":{"index":"index","follow":"follow","max-snippet":"max-snippet:-1","max-image-preview":"max-image-preview:large","max-video-preview":"max-video-preview:-1"},"canonical":"https:\/\/tuzlainfo.ba\/index.php\/bosna-i-hercegovina\/item\/314553-lidija-vukicevic-ostala-bez-angazmana-nakon-objave-o-ratku-mladicu\/","og_locale":"bs_BA","og_type":"article","og_title":"Lidija Vuki\u0107evi\u0107 ostala bez anga\u017emana nakon objave o Ratku Mladi\u0107u","og_description":"Hype produkcija prekinula je saradnju sa srbijanskom glumicom Lidijom Vuki\u0107evi\u0107 nakon \u0161to je na Instagramu reagovala na objavu posve\u0107enu pravosna\u017eno osu\u0111enom ratnom zlo\u010dincu Ratku Mladi\u0107u. Odluku o prekidu saradnje saop\u0107io je Sa\u0161a Mirkovi\u0107, producent te vlasnik i direktor Hype produkcije. Do odluke je do\u0161lo nakon burnih reakcija javnosti, podno\u0161enja krivi\u010dne prijave Tu\u017eila\u0161tvu Bosne i Hercegovine [&hellip;]","og_url":"https:\/\/tuzlainfo.ba\/index.php\/bosna-i-hercegovina\/item\/314553-lidija-vukicevic-ostala-bez-angazmana-nakon-objave-o-ratku-mladicu\/","og_site_name":"TuzlaInfo.ba","article_publisher":"https:\/\/www.facebook.com\/tuzlainfo.ba\/","article_published_time":"2026-09-01T12:53:11+00:00","og_image":[{"width":648,"height":473,"url":"https:\/\/tuzlainfo.ba\/wp-content\/uploads\/2026\/08\/lidija-vukicevic.jpg","type":"image\/jpeg"}],"author":"Admin Tri","twitter_card":"summary_large_image","twitter_misc":{"Written by":"Admin Tri","Est. reading time":"2 minute"},"schema":{"@context":"https:\/\/schema.org","@graph":[{"@type":"Article","@id":"https:\/\/tuzlainfo.ba\/index.php\/bosna-i-hercegovina\/item\/314553-lidija-vukicevic-ostala-bez-angazmana-nakon-objave-o-ratku-mladicu\/#article","isPartOf":{"@id":"https:\/\/tuzlainfo.ba\/index.php\/bosna-i-hercegovina\/item\/314553-lidija-vukicevic-ostala-bez-angazmana-nakon-objave-o-ratku-mladicu\/"},"author":{"name":"Admin Tri","@id":"https:\/\/tuzlainfo.ba\/#\/schema\/person\/593e78a2f6378c5ba3e7600ecfa4e63a"},"headline":"Lidija Vuki\u0107evi\u0107 ostala bez anga\u017emana nakon objave o Ratku Mladi\u0107u","datePublished":"2026-09-01T12:53:11+00:00","mainEntityOfPage":{"@id":"https:\/\/tuzlainfo.ba\/index.php\/bosna-i-hercegovina\/item\/314553-lidija-vukicevic-ostala-bez-angazmana-nakon-objave-o-ratku-mladicu\/"},"wordCount":395,"publisher":{"@id":"https:\/\/tuzlainfo.ba\/#organization"},"image":{"@id":"https:\/\/tuzlainfo.ba\/index.php\/bosna-i-hercegovina\/item\/314553-lidija-vukicevic-ostala-bez-angazmana-nakon-objave-o-ratku-mladicu\/#primaryimage"},"thumbnailUrl":"https:\/\/tuzlainfo.ba\/wp-content\/uploads\/2026\/08\/lidija-vukicevic.jpg","keywords":["lidija vuki\u0107evi\u0107","ratko mladi\u0107"],"articleSection":["Bosna i Hercegovina"],"inLanguage":"bs-BA","copyrightYear":"2026","copyrightHolder":{"@id":"https:\/\/tuzlainfo.ba\/#organization"}},{"@type":"WebPage","@id":"https:\/\/tuzlainfo.ba\/index.php\/bosna-i-hercegovina\/item\/314553-lidija-vukicevic-ostala-bez-angazmana-nakon-objave-o-ratku-mladicu\/","url":"https:\/\/tuzlainfo.ba\/index.php\/bosna-i-hercegovina\/item\/314553-lidija-vukicevic-ostala-bez-angazmana-nakon-objave-o-ratku-mladicu\/","name":"Lidija Vuki\u0107evi\u0107 ostala bez anga\u017emana nakon objave o Ratku Mladi\u0107u","isPartOf":{"@id":"https:\/\/tuzlainfo.ba\/#website"},"primaryImageOfPage":{"@id":"https:\/\/tuzlainfo.ba\/index.php\/bosna-i-hercegovina\/item\/314553-lidija-vukicevic-ostala-bez-angazmana-nakon-objave-o-ratku-mladicu\/#primaryimage"},"image":{"@id":"https:\/\/tuzlainfo.ba\/index.php\/bosna-i-hercegovina\/item\/314553-lidija-vukicevic-ostala-bez-angazmana-nakon-objave-o-ratku-mladicu\/#primaryimage"},"thumbnailUrl":"https:\/\/tuzlainfo.ba\/wp-content\/uploads\/2026\/08\/lidija-vukicevic.jpg","datePublished":"2026-09-01T12:53:11+00:00","breadcrumb":{"@id":"https:\/\/tuzlainfo.ba\/index.php\/bosna-i-hercegovina\/item\/314553-lidija-vukicevic-ostala-bez-angazmana-nakon-objave-o-ratku-mladicu\/#breadcrumb"},"inLanguage":"bs-BA","potentialAction":[{"@type":"ReadAction","target":["https:\/\/tuzlainfo.ba\/index.php\/bosna-i-hercegovina\/item\/314553-lidija-vukicevic-ostala-bez-angazmana-nakon-objave-o-ratku-mladicu\/"]}]},{"@type":"ImageObject","inLanguage":"bs-BA","@id":"https:\/\/tuzlainfo.ba\/index.php\/bosna-i-hercegovina\/item\/314553-lidija-vukicevic-ostala-bez-angazmana-nakon-objave-o-ratku-mladicu\/#primaryimage","url":"https:\/\/tuzlainfo.ba\/wp-content\/uploads\/2026\/08\/lidija-vukicevic.jpg","contentUrl":"https:\/\/tuzlainfo.ba\/wp-content\/uploads\/2026\/08\/lidija-vukicevic.jpg","width":648,"height":473},{"@type":"BreadcrumbList","@id":"https:\/\/tuzlainfo.ba\/index.php\/bosna-i-hercegovina\/item\/314553-lidija-vukicevic-ostala-bez-angazmana-nakon-objave-o-ratku-mladicu\/#breadcrumb","itemListElement":[{"@type":"ListItem","position":1,"name":"Home","item":"https:\/\/tuzlainfo.ba\/"},{"@type":"ListItem","position":2,"name":"Lidija Vuki\u0107evi\u0107 ostala bez anga\u017emana nakon objave o Ratku Mladi\u0107u"}]},{"@type":"WebSite","@id":"https:\/\/tuzlainfo.ba\/#website","url":"https:\/\/tuzlainfo.ba\/","name":"TuzlaInfo.ba","description":"Tuzla info, gradski informator - Tuzla na dlanu","publisher":{"@id":"https:\/\/tuzlainfo.ba\/#organization"},"potentialAction":[{"@type":"SearchAction","target":{"@type":"EntryPoint","urlTemplate":"https:\/\/tuzlainfo.ba\/?s={search_term_string}"},"query-input":{"@type":"PropertyValueSpecification","valueRequired":true,"valueName":"search_term_string"}}],"inLanguage":"bs-BA"},{"@type":"Organization","@id":"https:\/\/tuzlainfo.ba\/#organization","name":"TuzlaInfo.ba","url":"https:\/\/tuzlainfo.ba\/","logo":{"@type":"ImageObject","inLanguage":"bs-BA","@id":"https:\/\/tuzlainfo.ba\/#\/schema\/logo\/image\/","url":"https:\/\/tuzlainfo.ba\/wp-content\/uploads\/2021\/03\/logo-ver-3-1.png","contentUrl":"https:\/\/tuzlainfo.ba\/wp-content\/uploads\/2021\/03\/logo-ver-3-1.png","width":350,"height":95,"caption":"TuzlaInfo.ba"},"image":{"@id":"https:\/\/tuzlainfo.ba\/#\/schema\/logo\/image\/"},"sameAs":["https:\/\/www.facebook.com\/tuzlainfo.ba\/"]},{"@type":"Person","@id":"https:\/\/tuzlainfo.ba\/#\/schema\/person\/593e78a2f6378c5ba3e7600ecfa4e63a","name":"Admin Tri","image":{"@type":"ImageObject","inLanguage":"bs-BA","@id":"https:\/\/secure.gravatar.com\/avatar\/b53a7f47acc7a09467757d8b2234cc38fa334b13599376e53104c0036b528ca1?s=96&d=mm&r=g","url":"https:\/\/secure.gravatar.com\/avatar\/b53a7f47acc7a09467757d8b2234cc38fa334b13599376e53104c0036b528ca1?s=96&d=mm&r=g","contentUrl":"https:\/\/secure.gravatar.com\/avatar\/b53a7f47acc7a09467757d8b2234cc38fa334b13599376e53104c0036b528ca1?s=96&d=mm&r=g","caption":"Admin Tri"},"sameAs":["https:\/\/tuzlainfo.ba"]}]}},"_links":{"self":[{"href":"https:\/\/tuzlainfo.ba\/index.php\/wp-json\/wp\/v2\/posts\/314553","targetHints":{"allow":["GET"]}}],"collection":[{"href":"https:\/\/tuzlainfo.ba\/index.php\/wp-json\/wp\/v2\/posts"}],"about":[{"href":"https:\/\/tuzlainfo.ba\/index.php\/wp-json\/wp\/v2\/types\/post"}],"author":[{"embeddable":true,"href":"https:\/\/tuzlainfo.ba\/index.php\/wp-json\/wp\/v2\/users\/8"}],"replies":[{"embeddable":true,"href":"https:\/\/tuzlainfo.ba\/index.php\/wp-json\/wp\/v2\/comments?post=314553"}],"version-history":[{"count":1,"href":"https:\/\/tuzlainfo.ba\/index.php\/wp-json\/wp\/v2\/posts\/314553\/revisions"}],"predecessor-version":[{"id":314554,"href":"https:\/\/tuzlainfo.ba\/index.php\/wp-json\/wp\/v2\/posts\/314553\/revisions\/314554"}],"wp:featuredmedia":[{"embeddable":true,"href":"https:\/\/tuzlainfo.ba\/index.php\/wp-json\/wp\/v2\/media\/314192"}],"wp:attachment":[{"href":"https:\/\/tuzlainfo.ba\/index.php\/wp-json\/wp\/v2\/media?parent=314553"}],"wp:term":[{"taxonomy":"category","embeddable":true,"href":"https:\/\/tuzlainfo.ba\/index.php\/wp-json\/wp\/v2\/categories?post=314553"},{"taxonomy":"post_tag","embeddable":true,"href":"https:\/\/tuzlainfo.ba\/index.php\/wp-json\/wp\/v2\/tags?post=314553"}],"curies":[{"name":"wp","href":"https:\/\/api.w.org\/{rel}","templated":true}]}}