{"id":314544,"date":"2026-09-01T14:26:04","date_gmt":"2026-09-01T12:26:04","guid":{"rendered":"https:\/\/tuzlainfo.ba\/?p=314544"},"modified":"2026-09-01T14:07:54","modified_gmt":"2026-09-01T12:07:54","slug":"cosic-srbi-se-nece-odreci-svojih-simbola-ne-mozemo-vise-zivjeti-zajedno","status":"publish","type":"post","link":"https:\/\/tuzlainfo.ba\/index.php\/bosna-i-hercegovina\/item\/314544-cosic-srbi-se-nece-odreci-svojih-simbola-ne-mozemo-vise-zivjeti-zajedno\/","title":{"rendered":"\u0106osi\u0107: Srbi se ne\u0107e odre\u0107i svojih simbola, ne mo\u017eemo vi\u0161e \u017eivjeti zajedno"},"content":{"rendered":"<p>Gradona\u010delnik Isto\u010dnog Sarajeva Ljubi\u0161a \u0106osi\u0107 izjavio je da reakcije iz Federacije BiH nakon smrti Ratka Mladi\u0107a, pravosna\u017eno osu\u0111enog za genocid i druge ratne zlo\u010dine, pokazuju da su odnosi me\u0111u narodima u Bosni i Hercegovini i dalje duboko optere\u0107eni ratnim naslije\u0111em.<\/p>\n<p>\u0106osi\u0107 je kazao da se Srbi, kako je naveo, ne\u0107e odre\u0107i ljudi koje smatraju simbolima Republike Srpske i njene odbrane, ali je dodao da to, prema njegovim rije\u010dima, ne zna\u010di mr\u017enju prema drugim narodima.<\/p>\n<p>\u201eOnih kojih nema vi\u0161e me\u0111u nama, a sinonim su za Republiku Srpsku i njenu odbranu, nikada ih se ne\u0107emo odre\u0107i, ni u du\u0161i, ni u javnim nastupima, ni u svakodnevnom razgovoru, ali to nikad kod nas ne\u0107e izazivati osje\u0107aj mr\u017enje prema bilo kome drugom\u201c, rekao je \u0106osi\u0107.<\/p>\n<p>On je ocijenio i da u BiH nema dovoljno spremnosti za me\u0111usobno uva\u017eavanje te da su podjele me\u0111u narodima sve dublje.<\/p>\n<p>Prema njegovim rije\u010dima, aktuelne reakcije samo potvr\u0111uju stav koji, kako ka\u017ee, zastupa godinama \u2013 da narodi u BiH vi\u0161e ne mogu \u017eivjeti zajedno na na\u010din na koji se to o\u010dekuje, ali mogu \u017eivjeti jedni pored drugih i sara\u0111ivati ukoliko postoji me\u0111usobno po\u0161tovanje.<\/p>\n<p>\u0106osi\u0107 je tako\u0111er iznio tvrdnju da se u Federaciji BiH negativno reaguje na gotovo svaku temu koja se odnosi na Srbe i Republiku Srpsku, te je takvu atmosferu opisao kao dodatni dokaz produbljivanja politi\u010dkog i dru\u0161tvenog jaza u zemlji.<\/p>\n<p>Na kraju je poru\u010dio da osobe koje su \u010dinile zlo\u010dine ne bi trebale imati mjesto u kolektivnom sje\u0107anju, istovremeno optu\u017euju\u0107i Bo\u0161njake da, kako je naveo, veli\u010daju pojedince koji su \u010dinili zlo\u010dine nad Srbima.<\/p>\n","protected":false},"excerpt":{"rendered":"<p>Gradona\u010delnik Isto\u010dnog Sarajeva Ljubi\u0161a \u0106osi\u0107 izjavio je da reakcije iz Federacije BiH nakon smrti Ratka Mladi\u0107a, pravosna\u017eno osu\u0111enog za genocid i druge ratne zlo\u010dine, pokazuju da su odnosi me\u0111u narodima u Bosni i Hercegovini i dalje duboko optere\u0107eni ratnim naslije\u0111em. \u0106osi\u0107 je kazao da se Srbi, kako je naveo, ne\u0107e odre\u0107i ljudi koje smatraju simbolima [&hellip;]<\/p>\n","protected":false},"author":8,"featured_media":210345,"comment_status":"closed","ping_status":"closed","sticky":false,"template":"","format":"standard","meta":{"footnotes":""},"categories":[291],"tags":[7483],"class_list":["post-314544","post","type-post","status-publish","format-standard","has-post-thumbnail","hentry","category-bosna-i-hercegovina","tag-ljubisa-cosic"],"yoast_head":"<!-- This site is optimized with the Yoast SEO plugin v28.3 - https:\/\/yoast.com\/product\/yoast-seo-wordpress\/ -->\n<title>\u0106osi\u0107: Srbi se ne\u0107e odre\u0107i svojih simbola, ne mo\u017eemo vi\u0161e \u017eivjeti zajedno<\/title>\n<meta name=\"robots\" content=\"index, follow, max-snippet:-1, max-image-preview:large, max-video-preview:-1\" \/>\n<link rel=\"canonical\" href=\"https:\/\/tuzlainfo.ba\/index.php\/bosna-i-hercegovina\/item\/314544-cosic-srbi-se-nece-odreci-svojih-simbola-ne-mozemo-vise-zivjeti-zajedno\/\" \/>\n<meta property=\"og:locale\" content=\"bs_BA\" \/>\n<meta property=\"og:type\" content=\"article\" \/>\n<meta property=\"og:title\" content=\"\u0106osi\u0107: Srbi se ne\u0107e odre\u0107i svojih simbola, ne mo\u017eemo vi\u0161e \u017eivjeti zajedno\" \/>\n<meta property=\"og:description\" content=\"Gradona\u010delnik Isto\u010dnog Sarajeva Ljubi\u0161a \u0106osi\u0107 izjavio je da reakcije iz Federacije BiH nakon smrti Ratka Mladi\u0107a, pravosna\u017eno osu\u0111enog za genocid i druge ratne zlo\u010dine, pokazuju da su odnosi me\u0111u narodima u Bosni i Hercegovini i dalje duboko optere\u0107eni ratnim naslije\u0111em. \u0106osi\u0107 je kazao da se Srbi, kako je naveo, ne\u0107e odre\u0107i ljudi koje smatraju simbolima [&hellip;]\" \/>\n<meta property=\"og:url\" content=\"https:\/\/tuzlainfo.ba\/index.php\/bosna-i-hercegovina\/item\/314544-cosic-srbi-se-nece-odreci-svojih-simbola-ne-mozemo-vise-zivjeti-zajedno\/\" \/>\n<meta property=\"og:site_name\" content=\"TuzlaInfo.ba\" \/>\n<meta property=\"article:publisher\" content=\"https:\/\/www.facebook.com\/tuzlainfo.ba\/\" \/>\n<meta property=\"article:published_time\" content=\"2026-09-01T12:26:04+00:00\" \/>\n<meta property=\"og:image\" content=\"https:\/\/tuzlainfo.ba\/wp-content\/uploads\/2023\/07\/1307_ljubisa-cosic.jpg\" \/>\n\t<meta property=\"og:image:width\" content=\"770\" \/>\n\t<meta property=\"og:image:height\" content=\"551\" \/>\n\t<meta property=\"og:image:type\" content=\"image\/jpeg\" \/>\n<meta name=\"author\" content=\"Admin Tri\" \/>\n<meta name=\"twitter:card\" content=\"summary_large_image\" \/>\n<meta name=\"twitter:label1\" content=\"Written by\" \/>\n\t<meta name=\"twitter:data1\" content=\"Admin Tri\" \/>\n\t<meta name=\"twitter:label2\" content=\"Est. reading time\" \/>\n\t<meta name=\"twitter:data2\" content=\"2 minute\" \/>\n<script type=\"application\/ld+json\" class=\"yoast-schema-graph\">{\"@context\":\"https:\\\/\\\/schema.org\",\"@graph\":[{\"@type\":\"Article\",\"@id\":\"https:\\\/\\\/tuzlainfo.ba\\\/index.php\\\/bosna-i-hercegovina\\\/item\\\/314544-cosic-srbi-se-nece-odreci-svojih-simbola-ne-mozemo-vise-zivjeti-zajedno\\\/#article\",\"isPartOf\":{\"@id\":\"https:\\\/\\\/tuzlainfo.ba\\\/index.php\\\/bosna-i-hercegovina\\\/item\\\/314544-cosic-srbi-se-nece-odreci-svojih-simbola-ne-mozemo-vise-zivjeti-zajedno\\\/\"},\"author\":{\"name\":\"Admin Tri\",\"@id\":\"https:\\\/\\\/tuzlainfo.ba\\\/#\\\/schema\\\/person\\\/593e78a2f6378c5ba3e7600ecfa4e63a\"},\"headline\":\"\u0106osi\u0107: Srbi se ne\u0107e odre\u0107i svojih simbola, ne mo\u017eemo vi\u0161e \u017eivjeti zajedno\",\"datePublished\":\"2026-09-01T12:26:04+00:00\",\"mainEntityOfPage\":{\"@id\":\"https:\\\/\\\/tuzlainfo.ba\\\/index.php\\\/bosna-i-hercegovina\\\/item\\\/314544-cosic-srbi-se-nece-odreci-svojih-simbola-ne-mozemo-vise-zivjeti-zajedno\\\/\"},\"wordCount\":317,\"publisher\":{\"@id\":\"https:\\\/\\\/tuzlainfo.ba\\\/#organization\"},\"image\":{\"@id\":\"https:\\\/\\\/tuzlainfo.ba\\\/index.php\\\/bosna-i-hercegovina\\\/item\\\/314544-cosic-srbi-se-nece-odreci-svojih-simbola-ne-mozemo-vise-zivjeti-zajedno\\\/#primaryimage\"},\"thumbnailUrl\":\"https:\\\/\\\/tuzlainfo.ba\\\/wp-content\\\/uploads\\\/2023\\\/07\\\/1307_ljubisa-cosic.jpg\",\"keywords\":[\"ljubi\u0161a \u010dosi\u0107\"],\"articleSection\":[\"Bosna i Hercegovina\"],\"inLanguage\":\"bs-BA\",\"copyrightYear\":\"2026\",\"copyrightHolder\":{\"@id\":\"https:\\\/\\\/tuzlainfo.ba\\\/#organization\"}},{\"@type\":\"WebPage\",\"@id\":\"https:\\\/\\\/tuzlainfo.ba\\\/index.php\\\/bosna-i-hercegovina\\\/item\\\/314544-cosic-srbi-se-nece-odreci-svojih-simbola-ne-mozemo-vise-zivjeti-zajedno\\\/\",\"url\":\"https:\\\/\\\/tuzlainfo.ba\\\/index.php\\\/bosna-i-hercegovina\\\/item\\\/314544-cosic-srbi-se-nece-odreci-svojih-simbola-ne-mozemo-vise-zivjeti-zajedno\\\/\",\"name\":\"\u0106osi\u0107: Srbi se ne\u0107e odre\u0107i svojih simbola, ne mo\u017eemo vi\u0161e \u017eivjeti zajedno\",\"isPartOf\":{\"@id\":\"https:\\\/\\\/tuzlainfo.ba\\\/#website\"},\"primaryImageOfPage\":{\"@id\":\"https:\\\/\\\/tuzlainfo.ba\\\/index.php\\\/bosna-i-hercegovina\\\/item\\\/314544-cosic-srbi-se-nece-odreci-svojih-simbola-ne-mozemo-vise-zivjeti-zajedno\\\/#primaryimage\"},\"image\":{\"@id\":\"https:\\\/\\\/tuzlainfo.ba\\\/index.php\\\/bosna-i-hercegovina\\\/item\\\/314544-cosic-srbi-se-nece-odreci-svojih-simbola-ne-mozemo-vise-zivjeti-zajedno\\\/#primaryimage\"},\"thumbnailUrl\":\"https:\\\/\\\/tuzlainfo.ba\\\/wp-content\\\/uploads\\\/2023\\\/07\\\/1307_ljubisa-cosic.jpg\",\"datePublished\":\"2026-09-01T12:26:04+00:00\",\"breadcrumb\":{\"@id\":\"https:\\\/\\\/tuzlainfo.ba\\\/index.php\\\/bosna-i-hercegovina\\\/item\\\/314544-cosic-srbi-se-nece-odreci-svojih-simbola-ne-mozemo-vise-zivjeti-zajedno\\\/#breadcrumb\"},\"inLanguage\":\"bs-BA\",\"potentialAction\":[{\"@type\":\"ReadAction\",\"target\":[\"https:\\\/\\\/tuzlainfo.ba\\\/index.php\\\/bosna-i-hercegovina\\\/item\\\/314544-cosic-srbi-se-nece-odreci-svojih-simbola-ne-mozemo-vise-zivjeti-zajedno\\\/\"]}]},{\"@type\":\"ImageObject\",\"inLanguage\":\"bs-BA\",\"@id\":\"https:\\\/\\\/tuzlainfo.ba\\\/index.php\\\/bosna-i-hercegovina\\\/item\\\/314544-cosic-srbi-se-nece-odreci-svojih-simbola-ne-mozemo-vise-zivjeti-zajedno\\\/#primaryimage\",\"url\":\"https:\\\/\\\/tuzlainfo.ba\\\/wp-content\\\/uploads\\\/2023\\\/07\\\/1307_ljubisa-cosic.jpg\",\"contentUrl\":\"https:\\\/\\\/tuzlainfo.ba\\\/wp-content\\\/uploads\\\/2023\\\/07\\\/1307_ljubisa-cosic.jpg\",\"width\":770,\"height\":551},{\"@type\":\"BreadcrumbList\",\"@id\":\"https:\\\/\\\/tuzlainfo.ba\\\/index.php\\\/bosna-i-hercegovina\\\/item\\\/314544-cosic-srbi-se-nece-odreci-svojih-simbola-ne-mozemo-vise-zivjeti-zajedno\\\/#breadcrumb\",\"itemListElement\":[{\"@type\":\"ListItem\",\"position\":1,\"name\":\"Home\",\"item\":\"https:\\\/\\\/tuzlainfo.ba\\\/\"},{\"@type\":\"ListItem\",\"position\":2,\"name\":\"\u0106osi\u0107: Srbi se ne\u0107e odre\u0107i svojih simbola, ne mo\u017eemo vi\u0161e \u017eivjeti zajedno\"}]},{\"@type\":\"WebSite\",\"@id\":\"https:\\\/\\\/tuzlainfo.ba\\\/#website\",\"url\":\"https:\\\/\\\/tuzlainfo.ba\\\/\",\"name\":\"TuzlaInfo.ba\",\"description\":\"Tuzla info, gradski informator - Tuzla na dlanu\",\"publisher\":{\"@id\":\"https:\\\/\\\/tuzlainfo.ba\\\/#organization\"},\"potentialAction\":[{\"@type\":\"SearchAction\",\"target\":{\"@type\":\"EntryPoint\",\"urlTemplate\":\"https:\\\/\\\/tuzlainfo.ba\\\/?s={search_term_string}\"},\"query-input\":{\"@type\":\"PropertyValueSpecification\",\"valueRequired\":true,\"valueName\":\"search_term_string\"}}],\"inLanguage\":\"bs-BA\"},{\"@type\":\"Organization\",\"@id\":\"https:\\\/\\\/tuzlainfo.ba\\\/#organization\",\"name\":\"TuzlaInfo.ba\",\"url\":\"https:\\\/\\\/tuzlainfo.ba\\\/\",\"logo\":{\"@type\":\"ImageObject\",\"inLanguage\":\"bs-BA\",\"@id\":\"https:\\\/\\\/tuzlainfo.ba\\\/#\\\/schema\\\/logo\\\/image\\\/\",\"url\":\"https:\\\/\\\/tuzlainfo.ba\\\/wp-content\\\/uploads\\\/2021\\\/03\\\/logo-ver-3-1.png\",\"contentUrl\":\"https:\\\/\\\/tuzlainfo.ba\\\/wp-content\\\/uploads\\\/2021\\\/03\\\/logo-ver-3-1.png\",\"width\":350,\"height\":95,\"caption\":\"TuzlaInfo.ba\"},\"image\":{\"@id\":\"https:\\\/\\\/tuzlainfo.ba\\\/#\\\/schema\\\/logo\\\/image\\\/\"},\"sameAs\":[\"https:\\\/\\\/www.facebook.com\\\/tuzlainfo.ba\\\/\"]},{\"@type\":\"Person\",\"@id\":\"https:\\\/\\\/tuzlainfo.ba\\\/#\\\/schema\\\/person\\\/593e78a2f6378c5ba3e7600ecfa4e63a\",\"name\":\"Admin Tri\",\"image\":{\"@type\":\"ImageObject\",\"inLanguage\":\"bs-BA\",\"@id\":\"https:\\\/\\\/secure.gravatar.com\\\/avatar\\\/b53a7f47acc7a09467757d8b2234cc38fa334b13599376e53104c0036b528ca1?s=96&d=mm&r=g\",\"url\":\"https:\\\/\\\/secure.gravatar.com\\\/avatar\\\/b53a7f47acc7a09467757d8b2234cc38fa334b13599376e53104c0036b528ca1?s=96&d=mm&r=g\",\"contentUrl\":\"https:\\\/\\\/secure.gravatar.com\\\/avatar\\\/b53a7f47acc7a09467757d8b2234cc38fa334b13599376e53104c0036b528ca1?s=96&d=mm&r=g\",\"caption\":\"Admin Tri\"},\"sameAs\":[\"https:\\\/\\\/tuzlainfo.ba\"]}]}<\/script>\n<!-- \/ Yoast SEO plugin. -->","yoast_head_json":{"title":"\u0106osi\u0107: Srbi se ne\u0107e odre\u0107i svojih simbola, ne mo\u017eemo vi\u0161e \u017eivjeti zajedno","robots":{"index":"index","follow":"follow","max-snippet":"max-snippet:-1","max-image-preview":"max-image-preview:large","max-video-preview":"max-video-preview:-1"},"canonical":"https:\/\/tuzlainfo.ba\/index.php\/bosna-i-hercegovina\/item\/314544-cosic-srbi-se-nece-odreci-svojih-simbola-ne-mozemo-vise-zivjeti-zajedno\/","og_locale":"bs_BA","og_type":"article","og_title":"\u0106osi\u0107: Srbi se ne\u0107e odre\u0107i svojih simbola, ne mo\u017eemo vi\u0161e \u017eivjeti zajedno","og_description":"Gradona\u010delnik Isto\u010dnog Sarajeva Ljubi\u0161a \u0106osi\u0107 izjavio je da reakcije iz Federacije BiH nakon smrti Ratka Mladi\u0107a, pravosna\u017eno osu\u0111enog za genocid i druge ratne zlo\u010dine, pokazuju da su odnosi me\u0111u narodima u Bosni i Hercegovini i dalje duboko optere\u0107eni ratnim naslije\u0111em. \u0106osi\u0107 je kazao da se Srbi, kako je naveo, ne\u0107e odre\u0107i ljudi koje smatraju simbolima [&hellip;]","og_url":"https:\/\/tuzlainfo.ba\/index.php\/bosna-i-hercegovina\/item\/314544-cosic-srbi-se-nece-odreci-svojih-simbola-ne-mozemo-vise-zivjeti-zajedno\/","og_site_name":"TuzlaInfo.ba","article_publisher":"https:\/\/www.facebook.com\/tuzlainfo.ba\/","article_published_time":"2026-09-01T12:26:04+00:00","og_image":[{"width":770,"height":551,"url":"https:\/\/tuzlainfo.ba\/wp-content\/uploads\/2023\/07\/1307_ljubisa-cosic.jpg","type":"image\/jpeg"}],"author":"Admin Tri","twitter_card":"summary_large_image","twitter_misc":{"Written by":"Admin Tri","Est. reading time":"2 minute"},"schema":{"@context":"https:\/\/schema.org","@graph":[{"@type":"Article","@id":"https:\/\/tuzlainfo.ba\/index.php\/bosna-i-hercegovina\/item\/314544-cosic-srbi-se-nece-odreci-svojih-simbola-ne-mozemo-vise-zivjeti-zajedno\/#article","isPartOf":{"@id":"https:\/\/tuzlainfo.ba\/index.php\/bosna-i-hercegovina\/item\/314544-cosic-srbi-se-nece-odreci-svojih-simbola-ne-mozemo-vise-zivjeti-zajedno\/"},"author":{"name":"Admin Tri","@id":"https:\/\/tuzlainfo.ba\/#\/schema\/person\/593e78a2f6378c5ba3e7600ecfa4e63a"},"headline":"\u0106osi\u0107: Srbi se ne\u0107e odre\u0107i svojih simbola, ne mo\u017eemo vi\u0161e \u017eivjeti zajedno","datePublished":"2026-09-01T12:26:04+00:00","mainEntityOfPage":{"@id":"https:\/\/tuzlainfo.ba\/index.php\/bosna-i-hercegovina\/item\/314544-cosic-srbi-se-nece-odreci-svojih-simbola-ne-mozemo-vise-zivjeti-zajedno\/"},"wordCount":317,"publisher":{"@id":"https:\/\/tuzlainfo.ba\/#organization"},"image":{"@id":"https:\/\/tuzlainfo.ba\/index.php\/bosna-i-hercegovina\/item\/314544-cosic-srbi-se-nece-odreci-svojih-simbola-ne-mozemo-vise-zivjeti-zajedno\/#primaryimage"},"thumbnailUrl":"https:\/\/tuzlainfo.ba\/wp-content\/uploads\/2023\/07\/1307_ljubisa-cosic.jpg","keywords":["ljubi\u0161a \u010dosi\u0107"],"articleSection":["Bosna i Hercegovina"],"inLanguage":"bs-BA","copyrightYear":"2026","copyrightHolder":{"@id":"https:\/\/tuzlainfo.ba\/#organization"}},{"@type":"WebPage","@id":"https:\/\/tuzlainfo.ba\/index.php\/bosna-i-hercegovina\/item\/314544-cosic-srbi-se-nece-odreci-svojih-simbola-ne-mozemo-vise-zivjeti-zajedno\/","url":"https:\/\/tuzlainfo.ba\/index.php\/bosna-i-hercegovina\/item\/314544-cosic-srbi-se-nece-odreci-svojih-simbola-ne-mozemo-vise-zivjeti-zajedno\/","name":"\u0106osi\u0107: Srbi se ne\u0107e odre\u0107i svojih simbola, ne mo\u017eemo vi\u0161e \u017eivjeti zajedno","isPartOf":{"@id":"https:\/\/tuzlainfo.ba\/#website"},"primaryImageOfPage":{"@id":"https:\/\/tuzlainfo.ba\/index.php\/bosna-i-hercegovina\/item\/314544-cosic-srbi-se-nece-odreci-svojih-simbola-ne-mozemo-vise-zivjeti-zajedno\/#primaryimage"},"image":{"@id":"https:\/\/tuzlainfo.ba\/index.php\/bosna-i-hercegovina\/item\/314544-cosic-srbi-se-nece-odreci-svojih-simbola-ne-mozemo-vise-zivjeti-zajedno\/#primaryimage"},"thumbnailUrl":"https:\/\/tuzlainfo.ba\/wp-content\/uploads\/2023\/07\/1307_ljubisa-cosic.jpg","datePublished":"2026-09-01T12:26:04+00:00","breadcrumb":{"@id":"https:\/\/tuzlainfo.ba\/index.php\/bosna-i-hercegovina\/item\/314544-cosic-srbi-se-nece-odreci-svojih-simbola-ne-mozemo-vise-zivjeti-zajedno\/#breadcrumb"},"inLanguage":"bs-BA","potentialAction":[{"@type":"ReadAction","target":["https:\/\/tuzlainfo.ba\/index.php\/bosna-i-hercegovina\/item\/314544-cosic-srbi-se-nece-odreci-svojih-simbola-ne-mozemo-vise-zivjeti-zajedno\/"]}]},{"@type":"ImageObject","inLanguage":"bs-BA","@id":"https:\/\/tuzlainfo.ba\/index.php\/bosna-i-hercegovina\/item\/314544-cosic-srbi-se-nece-odreci-svojih-simbola-ne-mozemo-vise-zivjeti-zajedno\/#primaryimage","url":"https:\/\/tuzlainfo.ba\/wp-content\/uploads\/2023\/07\/1307_ljubisa-cosic.jpg","contentUrl":"https:\/\/tuzlainfo.ba\/wp-content\/uploads\/2023\/07\/1307_ljubisa-cosic.jpg","width":770,"height":551},{"@type":"BreadcrumbList","@id":"https:\/\/tuzlainfo.ba\/index.php\/bosna-i-hercegovina\/item\/314544-cosic-srbi-se-nece-odreci-svojih-simbola-ne-mozemo-vise-zivjeti-zajedno\/#breadcrumb","itemListElement":[{"@type":"ListItem","position":1,"name":"Home","item":"https:\/\/tuzlainfo.ba\/"},{"@type":"ListItem","position":2,"name":"\u0106osi\u0107: Srbi se ne\u0107e odre\u0107i svojih simbola, ne mo\u017eemo vi\u0161e \u017eivjeti zajedno"}]},{"@type":"WebSite","@id":"https:\/\/tuzlainfo.ba\/#website","url":"https:\/\/tuzlainfo.ba\/","name":"TuzlaInfo.ba","description":"Tuzla info, gradski informator - Tuzla na dlanu","publisher":{"@id":"https:\/\/tuzlainfo.ba\/#organization"},"potentialAction":[{"@type":"SearchAction","target":{"@type":"EntryPoint","urlTemplate":"https:\/\/tuzlainfo.ba\/?s={search_term_string}"},"query-input":{"@type":"PropertyValueSpecification","valueRequired":true,"valueName":"search_term_string"}}],"inLanguage":"bs-BA"},{"@type":"Organization","@id":"https:\/\/tuzlainfo.ba\/#organization","name":"TuzlaInfo.ba","url":"https:\/\/tuzlainfo.ba\/","logo":{"@type":"ImageObject","inLanguage":"bs-BA","@id":"https:\/\/tuzlainfo.ba\/#\/schema\/logo\/image\/","url":"https:\/\/tuzlainfo.ba\/wp-content\/uploads\/2021\/03\/logo-ver-3-1.png","contentUrl":"https:\/\/tuzlainfo.ba\/wp-content\/uploads\/2021\/03\/logo-ver-3-1.png","width":350,"height":95,"caption":"TuzlaInfo.ba"},"image":{"@id":"https:\/\/tuzlainfo.ba\/#\/schema\/logo\/image\/"},"sameAs":["https:\/\/www.facebook.com\/tuzlainfo.ba\/"]},{"@type":"Person","@id":"https:\/\/tuzlainfo.ba\/#\/schema\/person\/593e78a2f6378c5ba3e7600ecfa4e63a","name":"Admin Tri","image":{"@type":"ImageObject","inLanguage":"bs-BA","@id":"https:\/\/secure.gravatar.com\/avatar\/b53a7f47acc7a09467757d8b2234cc38fa334b13599376e53104c0036b528ca1?s=96&d=mm&r=g","url":"https:\/\/secure.gravatar.com\/avatar\/b53a7f47acc7a09467757d8b2234cc38fa334b13599376e53104c0036b528ca1?s=96&d=mm&r=g","contentUrl":"https:\/\/secure.gravatar.com\/avatar\/b53a7f47acc7a09467757d8b2234cc38fa334b13599376e53104c0036b528ca1?s=96&d=mm&r=g","caption":"Admin Tri"},"sameAs":["https:\/\/tuzlainfo.ba"]}]}},"_links":{"self":[{"href":"https:\/\/tuzlainfo.ba\/index.php\/wp-json\/wp\/v2\/posts\/314544","targetHints":{"allow":["GET"]}}],"collection":[{"href":"https:\/\/tuzlainfo.ba\/index.php\/wp-json\/wp\/v2\/posts"}],"about":[{"href":"https:\/\/tuzlainfo.ba\/index.php\/wp-json\/wp\/v2\/types\/post"}],"author":[{"embeddable":true,"href":"https:\/\/tuzlainfo.ba\/index.php\/wp-json\/wp\/v2\/users\/8"}],"replies":[{"embeddable":true,"href":"https:\/\/tuzlainfo.ba\/index.php\/wp-json\/wp\/v2\/comments?post=314544"}],"version-history":[{"count":1,"href":"https:\/\/tuzlainfo.ba\/index.php\/wp-json\/wp\/v2\/posts\/314544\/revisions"}],"predecessor-version":[{"id":314545,"href":"https:\/\/tuzlainfo.ba\/index.php\/wp-json\/wp\/v2\/posts\/314544\/revisions\/314545"}],"wp:featuredmedia":[{"embeddable":true,"href":"https:\/\/tuzlainfo.ba\/index.php\/wp-json\/wp\/v2\/media\/210345"}],"wp:attachment":[{"href":"https:\/\/tuzlainfo.ba\/index.php\/wp-json\/wp\/v2\/media?parent=314544"}],"wp:term":[{"taxonomy":"category","embeddable":true,"href":"https:\/\/tuzlainfo.ba\/index.php\/wp-json\/wp\/v2\/categories?post=314544"},{"taxonomy":"post_tag","embeddable":true,"href":"https:\/\/tuzlainfo.ba\/index.php\/wp-json\/wp\/v2\/tags?post=314544"}],"curies":[{"name":"wp","href":"https:\/\/api.w.org\/{rel}","templated":true}]}}