{"id":314535,"date":"2026-09-01T17:05:11","date_gmt":"2026-09-01T15:05:11","guid":{"rendered":"https:\/\/tuzlainfo.ba\/?p=314535"},"modified":"2026-09-01T16:00:33","modified_gmt":"2026-09-01T14:00:33","slug":"tk-vise-od-26-miliona-km-podrske-za-zaposljavanje-branilaca-i-clanova-porodica","status":"publish","type":"post","link":"https:\/\/tuzlainfo.ba\/index.php\/novosti\/item\/314535-tk-vise-od-26-miliona-km-podrske-za-zaposljavanje-branilaca-i-clanova-porodica\/","title":{"rendered":"TK: Vi\u0161e od 2,6 miliona KM podr\u0161ke za zapo\u0161ljavanje branilaca i \u010dlanova porodica"},"content":{"rendered":"<p>Ministrica za bora\u010dka pitanja Tuzlanskog kantona Senada Dizdarevi\u0107 danas je sa korisnicima programa potpisala ugovore o dodjeli sredstava za samozapo\u0161ljavanje i zapo\u0161ljavanje branilaca i \u010dlanova njihovih porodica. Potpisivanju ugovora prisustvovao je i premijer Tuzlanskog kantona Irfan Halilagi\u0107, \u010dime je nastavljena realizacija jednog od najzna\u010dajnijih razvojnih programa podr\u0161ke branila\u010dkoj populaciji.<\/p>\n<p>Vrijednost podr\u0161ke po kona\u010dnim rang-listama u 2026. godini iznosi vi\u0161e od 2,6 miliona KM. Od toga je za samozapo\u0161ljavanje 112 korisnika odobreno ukupno 1.860.932,17 KM, dok je kroz program zapo\u0161ljavanja za 34 aplikanta odobreno 757.500 KM.<\/p>\n<p>Ovogodi\u0161nji interes potvrdio je opravdanost programa. Na javni poziv, koji je bio otvoren od 3. do 23. juna, pristiglo je ukupno 225 zahtjeva, od \u010dega 164 za samozapo\u0161ljavanje i 61 za zapo\u0161ljavanje. Upravo zbog velikog interesa, prvobitno planirana sredstva Vlada je tokom postupka pove\u0107an za dodatnih 550.000 KM.<\/p>\n<p>\u201eNa\u0161 cilj nije da podr\u0161ka branila\u010dkoj populaciji ostane samo u okviru klasi\u010dnih socijalnih davanja. \u017delimo stvarati prilike da na\u0161i branitelji i \u010dlanovi njihovih porodica pokrenu vlastiti posao, razvijaju poslovne ideje i svojim radom osiguraju dugoro\u010dnu egzistenciju za sebe i svoje porodice. Veliki broj prijava pokazuje da postoji interes, ali i poduzetni\u010dka energija, a na nama je da takvu inicijativu prepoznamo i podr\u017eimo\u201c, kazala je ministrica Dizdarevi\u0107.<\/p>\n<p>Sredstva se dodjeljuju u formi granta do 15.000 KM po novozaposlenoj osobi, odnosno do visine opravdanih izdataka iz poslovnog plana, dok je za direktne u\u010desnike odbrambeno-oslobodila\u010dkog rata, ratne vojne invalide, demobilisane branioce i dobitnike najve\u0107ih ratnih priznanja i odlikovanja, predvi\u0111ena mogu\u0107nost uve\u0107anja podr\u0161ke do 22.500 KM.<\/p>\n<p>Premijer Halilagi\u0107 istaknuo je da ovaj program predstavlja jedan od najboljih primjera kako se zahvalnost prema braniteljima mo\u017ee pretvoriti u konkretnu i dugoro\u010dno odr\u017eivu podr\u0161ku.<\/p>\n<p>\u201eNa\u0161a obaveza prema braniteljima ne zavr\u0161ava se obilje\u017eavanjem zna\u010dajnih datuma i njegovanjem kulture sje\u0107anja. Ona se mora ogledati i u konkretnim politikama koje ljudima omogu\u0107avaju da rade, stvaraju i \u017eive od svog rada. Posebno nas raduje \u0161to zna\u010dajan broj korisnika pokre\u0107e vlastite biznise. Time ne finansiramo samo jedno radno mjesto, nego stvaramo potencijal za poslovne subjekte koji sutra mogu zapo\u0161ljavati i druge ljude\u201c, rekao je premijer Halilagi\u0107.<\/p>\n<p>Program samozapo\u0161ljavanja i zapo\u0161ljavanja branilaca i \u010dlanova njihovih porodica u Tuzlanskom kantonu realizira se u kontinuitetu od 2016. godine. Iznosi podr\u0161ke su tokom godina postepeno pove\u0107avani, a ovogodi\u0161nji rezultati potvr\u0111uju nastavak sna\u017enijeg usmjerenja Ministarstva za bora\u010dka pitanja ka programima koji, uz socijalnu sigurnost, ja\u010daju i razvojnu i ekonomsku komponentu podr\u0161ke branila\u010dkoj populaciji<\/p>\n","protected":false},"excerpt":{"rendered":"<p>Ministrica za bora\u010dka pitanja Tuzlanskog kantona Senada Dizdarevi\u0107 danas je sa korisnicima programa potpisala ugovore o dodjeli sredstava za samozapo\u0161ljavanje i zapo\u0161ljavanje branilaca i \u010dlanova njihovih porodica. Potpisivanju ugovora prisustvovao je i premijer Tuzlanskog kantona Irfan Halilagi\u0107, \u010dime je nastavljena realizacija jednog od najzna\u010dajnijih razvojnih programa podr\u0161ke branila\u010dkoj populaciji. Vrijednost podr\u0161ke po kona\u010dnim rang-listama u [&hellip;]<\/p>\n","protected":false},"author":4,"featured_media":314537,"comment_status":"closed","ping_status":"closed","sticky":false,"template":"","format":"standard","meta":{"footnotes":""},"categories":[304,12],"tags":[2524,527],"class_list":["post-314535","post","type-post","status-publish","format-standard","has-post-thumbnail","hentry","category-istaknuto","category-novosti","tag-borci","tag-tk"],"yoast_head":"<!-- This site is optimized with the Yoast SEO plugin v28.3 - https:\/\/yoast.com\/product\/yoast-seo-wordpress\/ -->\n<title>TK: Vi\u0161e od 2,6 miliona KM podr\u0161ke za zapo\u0161ljavanje branilaca i \u010dlanova porodica<\/title>\n<meta name=\"robots\" content=\"index, follow, max-snippet:-1, max-image-preview:large, max-video-preview:-1\" \/>\n<link rel=\"canonical\" href=\"https:\/\/tuzlainfo.ba\/index.php\/novosti\/item\/314535-tk-vise-od-26-miliona-km-podrske-za-zaposljavanje-branilaca-i-clanova-porodica\/\" \/>\n<meta property=\"og:locale\" content=\"bs_BA\" \/>\n<meta property=\"og:type\" content=\"article\" \/>\n<meta property=\"og:title\" content=\"TK: Vi\u0161e od 2,6 miliona KM podr\u0161ke za zapo\u0161ljavanje branilaca i \u010dlanova porodica\" \/>\n<meta property=\"og:description\" content=\"Ministrica za bora\u010dka pitanja Tuzlanskog kantona Senada Dizdarevi\u0107 danas je sa korisnicima programa potpisala ugovore o dodjeli sredstava za samozapo\u0161ljavanje i zapo\u0161ljavanje branilaca i \u010dlanova njihovih porodica. Potpisivanju ugovora prisustvovao je i premijer Tuzlanskog kantona Irfan Halilagi\u0107, \u010dime je nastavljena realizacija jednog od najzna\u010dajnijih razvojnih programa podr\u0161ke branila\u010dkoj populaciji. Vrijednost podr\u0161ke po kona\u010dnim rang-listama u [&hellip;]\" \/>\n<meta property=\"og:url\" content=\"https:\/\/tuzlainfo.ba\/index.php\/novosti\/item\/314535-tk-vise-od-26-miliona-km-podrske-za-zaposljavanje-branilaca-i-clanova-porodica\/\" \/>\n<meta property=\"og:site_name\" content=\"TuzlaInfo.ba\" \/>\n<meta property=\"article:publisher\" content=\"https:\/\/www.facebook.com\/tuzlainfo.ba\/\" \/>\n<meta property=\"article:published_time\" content=\"2026-09-01T15:05:11+00:00\" \/>\n<meta property=\"og:image\" content=\"https:\/\/tuzlainfo.ba\/wp-content\/uploads\/2026\/09\/Potpisivanje-ugovora-04-01-09-2026.webp\" \/>\n\t<meta property=\"og:image:width\" content=\"1800\" \/>\n\t<meta property=\"og:image:height\" content=\"1200\" \/>\n\t<meta property=\"og:image:type\" content=\"image\/webp\" \/>\n<meta name=\"author\" content=\"Tuzla Info\" \/>\n<meta name=\"twitter:card\" content=\"summary_large_image\" \/>\n<meta name=\"twitter:label1\" content=\"Written by\" \/>\n\t<meta name=\"twitter:data1\" content=\"Tuzla Info\" \/>\n\t<meta name=\"twitter:label2\" content=\"Est. reading time\" \/>\n\t<meta name=\"twitter:data2\" content=\"3 minute\" \/>\n<script type=\"application\/ld+json\" class=\"yoast-schema-graph\">{\"@context\":\"https:\\\/\\\/schema.org\",\"@graph\":[{\"@type\":\"Article\",\"@id\":\"https:\\\/\\\/tuzlainfo.ba\\\/index.php\\\/novosti\\\/item\\\/314535-tk-vise-od-26-miliona-km-podrske-za-zaposljavanje-branilaca-i-clanova-porodica\\\/#article\",\"isPartOf\":{\"@id\":\"https:\\\/\\\/tuzlainfo.ba\\\/index.php\\\/novosti\\\/item\\\/314535-tk-vise-od-26-miliona-km-podrske-za-zaposljavanje-branilaca-i-clanova-porodica\\\/\"},\"author\":{\"name\":\"Tuzla Info\",\"@id\":\"https:\\\/\\\/tuzlainfo.ba\\\/#\\\/schema\\\/person\\\/46cad4c57790cbc50781edd14870825a\"},\"headline\":\"TK: Vi\u0161e od 2,6 miliona KM podr\u0161ke za zapo\u0161ljavanje branilaca i \u010dlanova porodica\",\"datePublished\":\"2026-09-01T15:05:11+00:00\",\"mainEntityOfPage\":{\"@id\":\"https:\\\/\\\/tuzlainfo.ba\\\/index.php\\\/novosti\\\/item\\\/314535-tk-vise-od-26-miliona-km-podrske-za-zaposljavanje-branilaca-i-clanova-porodica\\\/\"},\"wordCount\":442,\"publisher\":{\"@id\":\"https:\\\/\\\/tuzlainfo.ba\\\/#organization\"},\"image\":{\"@id\":\"https:\\\/\\\/tuzlainfo.ba\\\/index.php\\\/novosti\\\/item\\\/314535-tk-vise-od-26-miliona-km-podrske-za-zaposljavanje-branilaca-i-clanova-porodica\\\/#primaryimage\"},\"thumbnailUrl\":\"https:\\\/\\\/tuzlainfo.ba\\\/wp-content\\\/uploads\\\/2026\\\/09\\\/Potpisivanje-ugovora-04-01-09-2026.webp\",\"keywords\":[\"borci\",\"tk\"],\"articleSection\":[\"Istaknuto\",\"Novosti\"],\"inLanguage\":\"bs-BA\",\"copyrightYear\":\"2026\",\"copyrightHolder\":{\"@id\":\"https:\\\/\\\/tuzlainfo.ba\\\/#organization\"}},{\"@type\":\"WebPage\",\"@id\":\"https:\\\/\\\/tuzlainfo.ba\\\/index.php\\\/novosti\\\/item\\\/314535-tk-vise-od-26-miliona-km-podrske-za-zaposljavanje-branilaca-i-clanova-porodica\\\/\",\"url\":\"https:\\\/\\\/tuzlainfo.ba\\\/index.php\\\/novosti\\\/item\\\/314535-tk-vise-od-26-miliona-km-podrske-za-zaposljavanje-branilaca-i-clanova-porodica\\\/\",\"name\":\"TK: Vi\u0161e od 2,6 miliona KM podr\u0161ke za zapo\u0161ljavanje branilaca i \u010dlanova porodica\",\"isPartOf\":{\"@id\":\"https:\\\/\\\/tuzlainfo.ba\\\/#website\"},\"primaryImageOfPage\":{\"@id\":\"https:\\\/\\\/tuzlainfo.ba\\\/index.php\\\/novosti\\\/item\\\/314535-tk-vise-od-26-miliona-km-podrske-za-zaposljavanje-branilaca-i-clanova-porodica\\\/#primaryimage\"},\"image\":{\"@id\":\"https:\\\/\\\/tuzlainfo.ba\\\/index.php\\\/novosti\\\/item\\\/314535-tk-vise-od-26-miliona-km-podrske-za-zaposljavanje-branilaca-i-clanova-porodica\\\/#primaryimage\"},\"thumbnailUrl\":\"https:\\\/\\\/tuzlainfo.ba\\\/wp-content\\\/uploads\\\/2026\\\/09\\\/Potpisivanje-ugovora-04-01-09-2026.webp\",\"datePublished\":\"2026-09-01T15:05:11+00:00\",\"breadcrumb\":{\"@id\":\"https:\\\/\\\/tuzlainfo.ba\\\/index.php\\\/novosti\\\/item\\\/314535-tk-vise-od-26-miliona-km-podrske-za-zaposljavanje-branilaca-i-clanova-porodica\\\/#breadcrumb\"},\"inLanguage\":\"bs-BA\",\"potentialAction\":[{\"@type\":\"ReadAction\",\"target\":[\"https:\\\/\\\/tuzlainfo.ba\\\/index.php\\\/novosti\\\/item\\\/314535-tk-vise-od-26-miliona-km-podrske-za-zaposljavanje-branilaca-i-clanova-porodica\\\/\"]}]},{\"@type\":\"ImageObject\",\"inLanguage\":\"bs-BA\",\"@id\":\"https:\\\/\\\/tuzlainfo.ba\\\/index.php\\\/novosti\\\/item\\\/314535-tk-vise-od-26-miliona-km-podrske-za-zaposljavanje-branilaca-i-clanova-porodica\\\/#primaryimage\",\"url\":\"https:\\\/\\\/tuzlainfo.ba\\\/wp-content\\\/uploads\\\/2026\\\/09\\\/Potpisivanje-ugovora-04-01-09-2026.webp\",\"contentUrl\":\"https:\\\/\\\/tuzlainfo.ba\\\/wp-content\\\/uploads\\\/2026\\\/09\\\/Potpisivanje-ugovora-04-01-09-2026.webp\",\"width\":1800,\"height\":1200},{\"@type\":\"BreadcrumbList\",\"@id\":\"https:\\\/\\\/tuzlainfo.ba\\\/index.php\\\/novosti\\\/item\\\/314535-tk-vise-od-26-miliona-km-podrske-za-zaposljavanje-branilaca-i-clanova-porodica\\\/#breadcrumb\",\"itemListElement\":[{\"@type\":\"ListItem\",\"position\":1,\"name\":\"Home\",\"item\":\"https:\\\/\\\/tuzlainfo.ba\\\/\"},{\"@type\":\"ListItem\",\"position\":2,\"name\":\"TK: Vi\u0161e od 2,6 miliona KM podr\u0161ke za zapo\u0161ljavanje branilaca i \u010dlanova porodica\"}]},{\"@type\":\"WebSite\",\"@id\":\"https:\\\/\\\/tuzlainfo.ba\\\/#website\",\"url\":\"https:\\\/\\\/tuzlainfo.ba\\\/\",\"name\":\"TuzlaInfo.ba\",\"description\":\"Tuzla info, gradski informator - Tuzla na dlanu\",\"publisher\":{\"@id\":\"https:\\\/\\\/tuzlainfo.ba\\\/#organization\"},\"potentialAction\":[{\"@type\":\"SearchAction\",\"target\":{\"@type\":\"EntryPoint\",\"urlTemplate\":\"https:\\\/\\\/tuzlainfo.ba\\\/?s={search_term_string}\"},\"query-input\":{\"@type\":\"PropertyValueSpecification\",\"valueRequired\":true,\"valueName\":\"search_term_string\"}}],\"inLanguage\":\"bs-BA\"},{\"@type\":\"Organization\",\"@id\":\"https:\\\/\\\/tuzlainfo.ba\\\/#organization\",\"name\":\"TuzlaInfo.ba\",\"url\":\"https:\\\/\\\/tuzlainfo.ba\\\/\",\"logo\":{\"@type\":\"ImageObject\",\"inLanguage\":\"bs-BA\",\"@id\":\"https:\\\/\\\/tuzlainfo.ba\\\/#\\\/schema\\\/logo\\\/image\\\/\",\"url\":\"https:\\\/\\\/tuzlainfo.ba\\\/wp-content\\\/uploads\\\/2021\\\/03\\\/logo-ver-3-1.png\",\"contentUrl\":\"https:\\\/\\\/tuzlainfo.ba\\\/wp-content\\\/uploads\\\/2021\\\/03\\\/logo-ver-3-1.png\",\"width\":350,\"height\":95,\"caption\":\"TuzlaInfo.ba\"},\"image\":{\"@id\":\"https:\\\/\\\/tuzlainfo.ba\\\/#\\\/schema\\\/logo\\\/image\\\/\"},\"sameAs\":[\"https:\\\/\\\/www.facebook.com\\\/tuzlainfo.ba\\\/\"]},{\"@type\":\"Person\",\"@id\":\"https:\\\/\\\/tuzlainfo.ba\\\/#\\\/schema\\\/person\\\/46cad4c57790cbc50781edd14870825a\",\"name\":\"Tuzla Info\",\"image\":{\"@type\":\"ImageObject\",\"inLanguage\":\"bs-BA\",\"@id\":\"https:\\\/\\\/secure.gravatar.com\\\/avatar\\\/e980921b00fa2e552723a2386544734ce6885d2b2304ccca3f45186f9ca4031d?s=96&d=mm&r=g\",\"url\":\"https:\\\/\\\/secure.gravatar.com\\\/avatar\\\/e980921b00fa2e552723a2386544734ce6885d2b2304ccca3f45186f9ca4031d?s=96&d=mm&r=g\",\"contentUrl\":\"https:\\\/\\\/secure.gravatar.com\\\/avatar\\\/e980921b00fa2e552723a2386544734ce6885d2b2304ccca3f45186f9ca4031d?s=96&d=mm&r=g\",\"caption\":\"Tuzla Info\"}}]}<\/script>\n<!-- \/ Yoast SEO plugin. -->","yoast_head_json":{"title":"TK: Vi\u0161e od 2,6 miliona KM podr\u0161ke za zapo\u0161ljavanje branilaca i \u010dlanova porodica","robots":{"index":"index","follow":"follow","max-snippet":"max-snippet:-1","max-image-preview":"max-image-preview:large","max-video-preview":"max-video-preview:-1"},"canonical":"https:\/\/tuzlainfo.ba\/index.php\/novosti\/item\/314535-tk-vise-od-26-miliona-km-podrske-za-zaposljavanje-branilaca-i-clanova-porodica\/","og_locale":"bs_BA","og_type":"article","og_title":"TK: Vi\u0161e od 2,6 miliona KM podr\u0161ke za zapo\u0161ljavanje branilaca i \u010dlanova porodica","og_description":"Ministrica za bora\u010dka pitanja Tuzlanskog kantona Senada Dizdarevi\u0107 danas je sa korisnicima programa potpisala ugovore o dodjeli sredstava za samozapo\u0161ljavanje i zapo\u0161ljavanje branilaca i \u010dlanova njihovih porodica. Potpisivanju ugovora prisustvovao je i premijer Tuzlanskog kantona Irfan Halilagi\u0107, \u010dime je nastavljena realizacija jednog od najzna\u010dajnijih razvojnih programa podr\u0161ke branila\u010dkoj populaciji. Vrijednost podr\u0161ke po kona\u010dnim rang-listama u [&hellip;]","og_url":"https:\/\/tuzlainfo.ba\/index.php\/novosti\/item\/314535-tk-vise-od-26-miliona-km-podrske-za-zaposljavanje-branilaca-i-clanova-porodica\/","og_site_name":"TuzlaInfo.ba","article_publisher":"https:\/\/www.facebook.com\/tuzlainfo.ba\/","article_published_time":"2026-09-01T15:05:11+00:00","og_image":[{"width":1800,"height":1200,"url":"https:\/\/tuzlainfo.ba\/wp-content\/uploads\/2026\/09\/Potpisivanje-ugovora-04-01-09-2026.webp","type":"image\/webp"}],"author":"Tuzla Info","twitter_card":"summary_large_image","twitter_misc":{"Written by":"Tuzla Info","Est. reading time":"3 minute"},"schema":{"@context":"https:\/\/schema.org","@graph":[{"@type":"Article","@id":"https:\/\/tuzlainfo.ba\/index.php\/novosti\/item\/314535-tk-vise-od-26-miliona-km-podrske-za-zaposljavanje-branilaca-i-clanova-porodica\/#article","isPartOf":{"@id":"https:\/\/tuzlainfo.ba\/index.php\/novosti\/item\/314535-tk-vise-od-26-miliona-km-podrske-za-zaposljavanje-branilaca-i-clanova-porodica\/"},"author":{"name":"Tuzla Info","@id":"https:\/\/tuzlainfo.ba\/#\/schema\/person\/46cad4c57790cbc50781edd14870825a"},"headline":"TK: Vi\u0161e od 2,6 miliona KM podr\u0161ke za zapo\u0161ljavanje branilaca i \u010dlanova porodica","datePublished":"2026-09-01T15:05:11+00:00","mainEntityOfPage":{"@id":"https:\/\/tuzlainfo.ba\/index.php\/novosti\/item\/314535-tk-vise-od-26-miliona-km-podrske-za-zaposljavanje-branilaca-i-clanova-porodica\/"},"wordCount":442,"publisher":{"@id":"https:\/\/tuzlainfo.ba\/#organization"},"image":{"@id":"https:\/\/tuzlainfo.ba\/index.php\/novosti\/item\/314535-tk-vise-od-26-miliona-km-podrske-za-zaposljavanje-branilaca-i-clanova-porodica\/#primaryimage"},"thumbnailUrl":"https:\/\/tuzlainfo.ba\/wp-content\/uploads\/2026\/09\/Potpisivanje-ugovora-04-01-09-2026.webp","keywords":["borci","tk"],"articleSection":["Istaknuto","Novosti"],"inLanguage":"bs-BA","copyrightYear":"2026","copyrightHolder":{"@id":"https:\/\/tuzlainfo.ba\/#organization"}},{"@type":"WebPage","@id":"https:\/\/tuzlainfo.ba\/index.php\/novosti\/item\/314535-tk-vise-od-26-miliona-km-podrske-za-zaposljavanje-branilaca-i-clanova-porodica\/","url":"https:\/\/tuzlainfo.ba\/index.php\/novosti\/item\/314535-tk-vise-od-26-miliona-km-podrske-za-zaposljavanje-branilaca-i-clanova-porodica\/","name":"TK: Vi\u0161e od 2,6 miliona KM podr\u0161ke za zapo\u0161ljavanje branilaca i \u010dlanova porodica","isPartOf":{"@id":"https:\/\/tuzlainfo.ba\/#website"},"primaryImageOfPage":{"@id":"https:\/\/tuzlainfo.ba\/index.php\/novosti\/item\/314535-tk-vise-od-26-miliona-km-podrske-za-zaposljavanje-branilaca-i-clanova-porodica\/#primaryimage"},"image":{"@id":"https:\/\/tuzlainfo.ba\/index.php\/novosti\/item\/314535-tk-vise-od-26-miliona-km-podrske-za-zaposljavanje-branilaca-i-clanova-porodica\/#primaryimage"},"thumbnailUrl":"https:\/\/tuzlainfo.ba\/wp-content\/uploads\/2026\/09\/Potpisivanje-ugovora-04-01-09-2026.webp","datePublished":"2026-09-01T15:05:11+00:00","breadcrumb":{"@id":"https:\/\/tuzlainfo.ba\/index.php\/novosti\/item\/314535-tk-vise-od-26-miliona-km-podrske-za-zaposljavanje-branilaca-i-clanova-porodica\/#breadcrumb"},"inLanguage":"bs-BA","potentialAction":[{"@type":"ReadAction","target":["https:\/\/tuzlainfo.ba\/index.php\/novosti\/item\/314535-tk-vise-od-26-miliona-km-podrske-za-zaposljavanje-branilaca-i-clanova-porodica\/"]}]},{"@type":"ImageObject","inLanguage":"bs-BA","@id":"https:\/\/tuzlainfo.ba\/index.php\/novosti\/item\/314535-tk-vise-od-26-miliona-km-podrske-za-zaposljavanje-branilaca-i-clanova-porodica\/#primaryimage","url":"https:\/\/tuzlainfo.ba\/wp-content\/uploads\/2026\/09\/Potpisivanje-ugovora-04-01-09-2026.webp","contentUrl":"https:\/\/tuzlainfo.ba\/wp-content\/uploads\/2026\/09\/Potpisivanje-ugovora-04-01-09-2026.webp","width":1800,"height":1200},{"@type":"BreadcrumbList","@id":"https:\/\/tuzlainfo.ba\/index.php\/novosti\/item\/314535-tk-vise-od-26-miliona-km-podrske-za-zaposljavanje-branilaca-i-clanova-porodica\/#breadcrumb","itemListElement":[{"@type":"ListItem","position":1,"name":"Home","item":"https:\/\/tuzlainfo.ba\/"},{"@type":"ListItem","position":2,"name":"TK: Vi\u0161e od 2,6 miliona KM podr\u0161ke za zapo\u0161ljavanje branilaca i \u010dlanova porodica"}]},{"@type":"WebSite","@id":"https:\/\/tuzlainfo.ba\/#website","url":"https:\/\/tuzlainfo.ba\/","name":"TuzlaInfo.ba","description":"Tuzla info, gradski informator - Tuzla na dlanu","publisher":{"@id":"https:\/\/tuzlainfo.ba\/#organization"},"potentialAction":[{"@type":"SearchAction","target":{"@type":"EntryPoint","urlTemplate":"https:\/\/tuzlainfo.ba\/?s={search_term_string}"},"query-input":{"@type":"PropertyValueSpecification","valueRequired":true,"valueName":"search_term_string"}}],"inLanguage":"bs-BA"},{"@type":"Organization","@id":"https:\/\/tuzlainfo.ba\/#organization","name":"TuzlaInfo.ba","url":"https:\/\/tuzlainfo.ba\/","logo":{"@type":"ImageObject","inLanguage":"bs-BA","@id":"https:\/\/tuzlainfo.ba\/#\/schema\/logo\/image\/","url":"https:\/\/tuzlainfo.ba\/wp-content\/uploads\/2021\/03\/logo-ver-3-1.png","contentUrl":"https:\/\/tuzlainfo.ba\/wp-content\/uploads\/2021\/03\/logo-ver-3-1.png","width":350,"height":95,"caption":"TuzlaInfo.ba"},"image":{"@id":"https:\/\/tuzlainfo.ba\/#\/schema\/logo\/image\/"},"sameAs":["https:\/\/www.facebook.com\/tuzlainfo.ba\/"]},{"@type":"Person","@id":"https:\/\/tuzlainfo.ba\/#\/schema\/person\/46cad4c57790cbc50781edd14870825a","name":"Tuzla Info","image":{"@type":"ImageObject","inLanguage":"bs-BA","@id":"https:\/\/secure.gravatar.com\/avatar\/e980921b00fa2e552723a2386544734ce6885d2b2304ccca3f45186f9ca4031d?s=96&d=mm&r=g","url":"https:\/\/secure.gravatar.com\/avatar\/e980921b00fa2e552723a2386544734ce6885d2b2304ccca3f45186f9ca4031d?s=96&d=mm&r=g","contentUrl":"https:\/\/secure.gravatar.com\/avatar\/e980921b00fa2e552723a2386544734ce6885d2b2304ccca3f45186f9ca4031d?s=96&d=mm&r=g","caption":"Tuzla Info"}}]}},"_links":{"self":[{"href":"https:\/\/tuzlainfo.ba\/index.php\/wp-json\/wp\/v2\/posts\/314535","targetHints":{"allow":["GET"]}}],"collection":[{"href":"https:\/\/tuzlainfo.ba\/index.php\/wp-json\/wp\/v2\/posts"}],"about":[{"href":"https:\/\/tuzlainfo.ba\/index.php\/wp-json\/wp\/v2\/types\/post"}],"author":[{"embeddable":true,"href":"https:\/\/tuzlainfo.ba\/index.php\/wp-json\/wp\/v2\/users\/4"}],"replies":[{"embeddable":true,"href":"https:\/\/tuzlainfo.ba\/index.php\/wp-json\/wp\/v2\/comments?post=314535"}],"version-history":[{"count":1,"href":"https:\/\/tuzlainfo.ba\/index.php\/wp-json\/wp\/v2\/posts\/314535\/revisions"}],"predecessor-version":[{"id":314539,"href":"https:\/\/tuzlainfo.ba\/index.php\/wp-json\/wp\/v2\/posts\/314535\/revisions\/314539"}],"wp:featuredmedia":[{"embeddable":true,"href":"https:\/\/tuzlainfo.ba\/index.php\/wp-json\/wp\/v2\/media\/314537"}],"wp:attachment":[{"href":"https:\/\/tuzlainfo.ba\/index.php\/wp-json\/wp\/v2\/media?parent=314535"}],"wp:term":[{"taxonomy":"category","embeddable":true,"href":"https:\/\/tuzlainfo.ba\/index.php\/wp-json\/wp\/v2\/categories?post=314535"},{"taxonomy":"post_tag","embeddable":true,"href":"https:\/\/tuzlainfo.ba\/index.php\/wp-json\/wp\/v2\/tags?post=314535"}],"curies":[{"name":"wp","href":"https:\/\/api.w.org\/{rel}","templated":true}]}}