{"id":314527,"date":"2026-09-01T13:28:20","date_gmt":"2026-09-01T11:28:20","guid":{"rendered":"https:\/\/tuzlainfo.ba\/?p=314527"},"modified":"2026-09-01T13:28:20","modified_gmt":"2026-09-01T11:28:20","slug":"univerzitet-u-tuzli-objavio-privremene-rang-liste-za-drugi-upisni-rok","status":"publish","type":"post","link":"https:\/\/tuzlainfo.ba\/index.php\/novosti\/item\/314527-univerzitet-u-tuzli-objavio-privremene-rang-liste-za-drugi-upisni-rok\/","title":{"rendered":"Univerzitet u Tuzli objavio privremene rang-liste za drugi upisni rok"},"content":{"rendered":"<p class=\"PDq2pG_selectionAnchorContainer\" data-start=\"73\" data-end=\"277\">Univerzitet u Tuzli danas je objavio privremene rang-liste kandidata za upis u prvu godinu prvog i integriranog prvog i drugog ciklusa studija u akademskoj 2026\/2027. godini, u okviru drugog upisnog roka.<\/p>\n<p data-start=\"279\" data-end=\"488\">Objavljivanje rang-listi uslijedilo je nakon \u0161to su prijave za drugi upisni rok trajale od 18. do 28. augusta, dok su na studijskim programima za koje je to bilo predvi\u0111eno prijemni ispiti odr\u017eani 31. augusta.<\/p>\n<p data-start=\"490\" data-end=\"735\">Drugi upisni rok raspisan je za studijske programe na kojima nakon prvog roka nisu bile popunjene planirane upisne kvote. Prema ranije objavljenim podacima Univerziteta u Tuzli, kandidatima su bila na raspolaganju ukupno <strong data-start=\"711\" data-end=\"734\">743 slobodna mjesta<\/strong>.<\/p>\n<p data-start=\"737\" data-end=\"990\">Od tog broja, 309 mjesta bilo je predvi\u0111eno za studente \u010dije se \u0161kolovanje finansira iz Bud\u017eeta Tuzlanskog kantona, dok je 291 mjesto bilo namijenjeno samofinansiraju\u0107im studentima. Preostala mjesta odnosila su se na strane dr\u017eavljane i vanredni studij.<\/p>\n<p data-start=\"992\" data-end=\"1243\">Me\u0111u studijima s ve\u0107im brojem raspolo\u017eivih mjesta u drugom roku izdvajao se Studij medicine sa 74 mjesta za samofinansiraju\u0107e studente, dok su slobodna mjesta bila dostupna i na brojnim programima zdravstvenih, tehni\u010dkih, dru\u0161tvenih i prirodnih nauka.<\/p>\n<p data-start=\"1245\" data-end=\"1586\">Prema trenutno objavljenim podacima Univerziteta, privremene rang-liste dostupne su za:<\/p>\n<p><strong>Edukacijsko-rehabilitacijski fakultet<\/strong><\/p>\n<p><a href=\"https:\/\/untz.ba\/wp-content\/uploads\/2026\/09\/ERF-privremene-rang-liste-I-ciklus-II-upisni-rok-ak-2026-27god-septembar2026.pdf\">Edukacijsko-rehabilitacijski fakultet<\/a><\/p>\n<p><strong>Ekonomski fakultet<\/strong><\/p>\n<p><a href=\"https:\/\/untz.ba\/wp-content\/uploads\/2026\/09\/EF-privremene-rang-liste-I-ciklus-II-upisni-rok-ak-2026-27god-septembar2026.pdf\">Ekonomski fakultet<\/a><\/p>\n<p><strong>Fakultet elektrotehnike<\/strong><\/p>\n<p><a href=\"https:\/\/untz.ba\/wp-content\/uploads\/2026\/09\/FET-EiR-privremene-rang-liste-I-ciklus-II-upisni-rok-ak-2026-27god-septembar2026.pdf\">Elektrotehnika i ra\u010dunarstvo<\/a><\/p>\n<p>Tehni\u010dki odgoj i informatika<\/p>\n<p><strong>Fakultet za tjelesni odgoj i sport<\/strong><\/p>\n<p><a href=\"https:\/\/untz.ba\/wp-content\/uploads\/2026\/09\/FTOS-privremene-rang-liste-I-ciklus-II-upisni-rok-ak-2026-27god-septembar2026.pdf\">Fakultet za tjelesni odgoj i sport<\/a><\/p>\n<p><strong>Farmaceutski fakultet<\/strong><\/p>\n<p>Farmaceutski fakultet<\/p>\n<p>Kozmetologija \u2013 redovni studij<\/p>\n<p>Kozmetologija \u2013 vanredni studij<\/p>\n<p><strong>Filozofski fakultet<\/strong><\/p>\n<p>Filozofski fakultet<\/p>\n<p><strong>Ma\u0161inski fakultet<\/strong><\/p>\n<p><a href=\"https:\/\/untz.ba\/wp-content\/uploads\/2026\/09\/MF-privremene-rang-liste-I-ciklus-II-upisni-rok-ak-2026-27god-septembar2026.pdf\">Ma\u0161inski fakultet<\/a><\/p>\n<p><strong>Medicinski fakultet<\/strong><\/p>\n<p>Op\u0107i studij medicine<\/p>\n<p>Odsjek zdravstvenih studija<\/p>\n<p><strong>Pravni fakultet<\/strong><\/p>\n<p><a href=\"https:\/\/untz.ba\/wp-content\/uploads\/2026\/09\/PF-REDOVNI-privremene-rang-liste-I-ciklus-II-upisni-rok-ak-2026-27god-septembar2026.pdf\">Studijski program iz podru\u010dja prava<\/a>\u00a0\u2013 redovni studij<\/p>\n<p><a href=\"https:\/\/untz.ba\/wp-content\/uploads\/2026\/09\/PF-VANREDNI-privremene-rang-liste-I-ciklus-II-upisni-rok-ak-2026-27god-septembar2026.pdf\">Studijski program iz podru\u010dja prava<\/a>\u00a0\u2013 vanredni studij<\/p>\n<p><strong>Prirodno-matemati\u010dki fakultet<\/strong><\/p>\n<p>Prirodno-matemati\u010dki fakultet<\/p>\n<p><strong>Rudarsko-geolo\u0161ko-gra\u0111evinski fakultet<\/strong><\/p>\n<p><a href=\"https:\/\/untz.ba\/wp-content\/uploads\/2026\/09\/RGGF-privremene-rang-liste-I-ciklus-II-upisni-rok-ak-2026-27god-septembar2026.pdf\">Rudarsko-geolo\u0161ko-gra\u0111evinski fakultet<\/a><\/p>\n<p><strong>Tehnolo\u0161ki fakultet<\/strong><\/p>\n<p><a href=\"https:\/\/untz.ba\/wp-content\/uploads\/2026\/09\/TF-privremene-rang-liste-I-ciklus-II-upisni-rok-ak-2026-27god-septembar2026.pdf\">Tehnolo\u0161ki fakultet<\/a><\/p>\n<p>&nbsp;<\/p>\n<p>Na stranici Univerziteta navedeni su i Akademija dramskih umjetnosti, Farmaceutski, Filozofski, Medicinski i Prirodno-matemati\u010dki fakultet te pojedini drugi studijski programi, ali uz njih u trenutku objave informacije nisu bili dostupni dokumenti s privremenim rang-listama.<\/p>\n<p data-start=\"1865\" data-end=\"2136\">Za Akademiju dramskih umjetnosti procedura je druga\u010dija. Nakon prvog dijela prijemnog ispita 31. augusta, drugi dio predvi\u0111en je za danas, dok je zavr\u0161ni eliminacioni ispit planiran za 2. septembar. Privremena rang-lista Akademije trebala bi biti objavljena 2. septembra.<\/p>\n<p data-start=\"2138\" data-end=\"2262\">Za ostale fakultete, nakon dana\u0161njih privremenih rang-listi, <strong data-start=\"2199\" data-end=\"2261\">kona\u010dne rang-liste trebale bi biti objavljene 7. septembra<\/strong>.<\/p>\n<p data-start=\"2264\" data-end=\"2373\">Upis kandidata koji ostvare pravo na upis u drugom roku predvi\u0111en je od <strong data-start=\"2336\" data-end=\"2372\">8. do 11. septembra 2026. godine<\/strong>.<strong>\/Tuzlainfo.ba\/<\/strong><\/p>\n","protected":false},"excerpt":{"rendered":"<p>Univerzitet u Tuzli danas je objavio privremene rang-liste kandidata za upis u prvu godinu prvog i integriranog prvog i drugog ciklusa studija u akademskoj 2026\/2027. godini, u okviru drugog upisnog roka. Objavljivanje rang-listi uslijedilo je nakon \u0161to su prijave za drugi upisni rok trajale od 18. do 28. augusta, dok su na studijskim programima za [&hellip;]<\/p>\n","protected":false},"author":2,"featured_media":69876,"comment_status":"closed","ping_status":"closed","sticky":false,"template":"","format":"standard","meta":{"footnotes":""},"categories":[304,12],"tags":[7650,7380,1303],"class_list":["post-314527","post","type-post","status-publish","format-standard","has-post-thumbnail","hentry","category-istaknuto","category-novosti","tag-drugi-upisni-rok","tag-rang-liste","tag-univerzitet-u-tuzli"],"yoast_head":"<!-- This site is optimized with the Yoast SEO plugin v28.3 - https:\/\/yoast.com\/product\/yoast-seo-wordpress\/ -->\n<title>Univerzitet u Tuzli objavio privremene rang-liste za drugi upisni rok<\/title>\n<meta name=\"robots\" content=\"index, follow, max-snippet:-1, max-image-preview:large, max-video-preview:-1\" \/>\n<link rel=\"canonical\" href=\"https:\/\/tuzlainfo.ba\/index.php\/novosti\/item\/314527-univerzitet-u-tuzli-objavio-privremene-rang-liste-za-drugi-upisni-rok\/\" \/>\n<meta property=\"og:locale\" content=\"bs_BA\" \/>\n<meta property=\"og:type\" content=\"article\" \/>\n<meta property=\"og:title\" content=\"Univerzitet u Tuzli objavio privremene rang-liste za drugi upisni rok\" \/>\n<meta property=\"og:description\" content=\"Univerzitet u Tuzli danas je objavio privremene rang-liste kandidata za upis u prvu godinu prvog i integriranog prvog i drugog ciklusa studija u akademskoj 2026\/2027. godini, u okviru drugog upisnog roka. Objavljivanje rang-listi uslijedilo je nakon \u0161to su prijave za drugi upisni rok trajale od 18. do 28. augusta, dok su na studijskim programima za [&hellip;]\" \/>\n<meta property=\"og:url\" content=\"https:\/\/tuzlainfo.ba\/index.php\/novosti\/item\/314527-univerzitet-u-tuzli-objavio-privremene-rang-liste-za-drugi-upisni-rok\/\" \/>\n<meta property=\"og:site_name\" content=\"TuzlaInfo.ba\" \/>\n<meta property=\"article:publisher\" content=\"https:\/\/www.facebook.com\/tuzlainfo.ba\/\" \/>\n<meta property=\"article:published_time\" content=\"2026-09-01T11:28:20+00:00\" \/>\n<meta property=\"og:image\" content=\"https:\/\/tuzlainfo.ba\/wp-content\/uploads\/2019\/05\/sadrzaj_2019_20190101_01012019_untz.jpg\" \/>\n\t<meta property=\"og:image:width\" content=\"770\" \/>\n\t<meta property=\"og:image:height\" content=\"498\" \/>\n\t<meta property=\"og:image:type\" content=\"image\/jpeg\" \/>\n<meta name=\"author\" content=\"nedim\" \/>\n<meta name=\"twitter:card\" content=\"summary_large_image\" \/>\n<meta name=\"twitter:label1\" content=\"Written by\" \/>\n\t<meta name=\"twitter:data1\" content=\"nedim\" \/>\n\t<meta name=\"twitter:label2\" content=\"Est. reading time\" \/>\n\t<meta name=\"twitter:data2\" content=\"3 minute\" \/>\n<script type=\"application\/ld+json\" class=\"yoast-schema-graph\">{\"@context\":\"https:\\\/\\\/schema.org\",\"@graph\":[{\"@type\":\"Article\",\"@id\":\"https:\\\/\\\/tuzlainfo.ba\\\/index.php\\\/novosti\\\/item\\\/314527-univerzitet-u-tuzli-objavio-privremene-rang-liste-za-drugi-upisni-rok\\\/#article\",\"isPartOf\":{\"@id\":\"https:\\\/\\\/tuzlainfo.ba\\\/index.php\\\/novosti\\\/item\\\/314527-univerzitet-u-tuzli-objavio-privremene-rang-liste-za-drugi-upisni-rok\\\/\"},\"author\":{\"name\":\"nedim\",\"@id\":\"https:\\\/\\\/tuzlainfo.ba\\\/#\\\/schema\\\/person\\\/f434e20dc27ea133923aab08451b7f7f\"},\"headline\":\"Univerzitet u Tuzli objavio privremene rang-liste za drugi upisni rok\",\"datePublished\":\"2026-09-01T11:28:20+00:00\",\"mainEntityOfPage\":{\"@id\":\"https:\\\/\\\/tuzlainfo.ba\\\/index.php\\\/novosti\\\/item\\\/314527-univerzitet-u-tuzli-objavio-privremene-rang-liste-za-drugi-upisni-rok\\\/\"},\"wordCount\":404,\"publisher\":{\"@id\":\"https:\\\/\\\/tuzlainfo.ba\\\/#organization\"},\"image\":{\"@id\":\"https:\\\/\\\/tuzlainfo.ba\\\/index.php\\\/novosti\\\/item\\\/314527-univerzitet-u-tuzli-objavio-privremene-rang-liste-za-drugi-upisni-rok\\\/#primaryimage\"},\"thumbnailUrl\":\"https:\\\/\\\/tuzlainfo.ba\\\/wp-content\\\/uploads\\\/2019\\\/05\\\/sadrzaj_2019_20190101_01012019_untz.jpg\",\"keywords\":[\"drugi upisni rok\",\"rang liste\",\"univerzitet u tuzli\"],\"articleSection\":[\"Istaknuto\",\"Novosti\"],\"inLanguage\":\"bs-BA\",\"copyrightYear\":\"2026\",\"copyrightHolder\":{\"@id\":\"https:\\\/\\\/tuzlainfo.ba\\\/#organization\"}},{\"@type\":\"WebPage\",\"@id\":\"https:\\\/\\\/tuzlainfo.ba\\\/index.php\\\/novosti\\\/item\\\/314527-univerzitet-u-tuzli-objavio-privremene-rang-liste-za-drugi-upisni-rok\\\/\",\"url\":\"https:\\\/\\\/tuzlainfo.ba\\\/index.php\\\/novosti\\\/item\\\/314527-univerzitet-u-tuzli-objavio-privremene-rang-liste-za-drugi-upisni-rok\\\/\",\"name\":\"Univerzitet u Tuzli objavio privremene rang-liste za drugi upisni rok\",\"isPartOf\":{\"@id\":\"https:\\\/\\\/tuzlainfo.ba\\\/#website\"},\"primaryImageOfPage\":{\"@id\":\"https:\\\/\\\/tuzlainfo.ba\\\/index.php\\\/novosti\\\/item\\\/314527-univerzitet-u-tuzli-objavio-privremene-rang-liste-za-drugi-upisni-rok\\\/#primaryimage\"},\"image\":{\"@id\":\"https:\\\/\\\/tuzlainfo.ba\\\/index.php\\\/novosti\\\/item\\\/314527-univerzitet-u-tuzli-objavio-privremene-rang-liste-za-drugi-upisni-rok\\\/#primaryimage\"},\"thumbnailUrl\":\"https:\\\/\\\/tuzlainfo.ba\\\/wp-content\\\/uploads\\\/2019\\\/05\\\/sadrzaj_2019_20190101_01012019_untz.jpg\",\"datePublished\":\"2026-09-01T11:28:20+00:00\",\"breadcrumb\":{\"@id\":\"https:\\\/\\\/tuzlainfo.ba\\\/index.php\\\/novosti\\\/item\\\/314527-univerzitet-u-tuzli-objavio-privremene-rang-liste-za-drugi-upisni-rok\\\/#breadcrumb\"},\"inLanguage\":\"bs-BA\",\"potentialAction\":[{\"@type\":\"ReadAction\",\"target\":[\"https:\\\/\\\/tuzlainfo.ba\\\/index.php\\\/novosti\\\/item\\\/314527-univerzitet-u-tuzli-objavio-privremene-rang-liste-za-drugi-upisni-rok\\\/\"]}]},{\"@type\":\"ImageObject\",\"inLanguage\":\"bs-BA\",\"@id\":\"https:\\\/\\\/tuzlainfo.ba\\\/index.php\\\/novosti\\\/item\\\/314527-univerzitet-u-tuzli-objavio-privremene-rang-liste-za-drugi-upisni-rok\\\/#primaryimage\",\"url\":\"https:\\\/\\\/tuzlainfo.ba\\\/wp-content\\\/uploads\\\/2019\\\/05\\\/sadrzaj_2019_20190101_01012019_untz.jpg\",\"contentUrl\":\"https:\\\/\\\/tuzlainfo.ba\\\/wp-content\\\/uploads\\\/2019\\\/05\\\/sadrzaj_2019_20190101_01012019_untz.jpg\",\"width\":770,\"height\":498,\"caption\":\"01012019 untz\"},{\"@type\":\"BreadcrumbList\",\"@id\":\"https:\\\/\\\/tuzlainfo.ba\\\/index.php\\\/novosti\\\/item\\\/314527-univerzitet-u-tuzli-objavio-privremene-rang-liste-za-drugi-upisni-rok\\\/#breadcrumb\",\"itemListElement\":[{\"@type\":\"ListItem\",\"position\":1,\"name\":\"Home\",\"item\":\"https:\\\/\\\/tuzlainfo.ba\\\/\"},{\"@type\":\"ListItem\",\"position\":2,\"name\":\"Univerzitet u Tuzli objavio privremene rang-liste za drugi upisni rok\"}]},{\"@type\":\"WebSite\",\"@id\":\"https:\\\/\\\/tuzlainfo.ba\\\/#website\",\"url\":\"https:\\\/\\\/tuzlainfo.ba\\\/\",\"name\":\"TuzlaInfo.ba\",\"description\":\"Tuzla info, gradski informator - Tuzla na dlanu\",\"publisher\":{\"@id\":\"https:\\\/\\\/tuzlainfo.ba\\\/#organization\"},\"potentialAction\":[{\"@type\":\"SearchAction\",\"target\":{\"@type\":\"EntryPoint\",\"urlTemplate\":\"https:\\\/\\\/tuzlainfo.ba\\\/?s={search_term_string}\"},\"query-input\":{\"@type\":\"PropertyValueSpecification\",\"valueRequired\":true,\"valueName\":\"search_term_string\"}}],\"inLanguage\":\"bs-BA\"},{\"@type\":\"Organization\",\"@id\":\"https:\\\/\\\/tuzlainfo.ba\\\/#organization\",\"name\":\"TuzlaInfo.ba\",\"url\":\"https:\\\/\\\/tuzlainfo.ba\\\/\",\"logo\":{\"@type\":\"ImageObject\",\"inLanguage\":\"bs-BA\",\"@id\":\"https:\\\/\\\/tuzlainfo.ba\\\/#\\\/schema\\\/logo\\\/image\\\/\",\"url\":\"https:\\\/\\\/tuzlainfo.ba\\\/wp-content\\\/uploads\\\/2021\\\/03\\\/logo-ver-3-1.png\",\"contentUrl\":\"https:\\\/\\\/tuzlainfo.ba\\\/wp-content\\\/uploads\\\/2021\\\/03\\\/logo-ver-3-1.png\",\"width\":350,\"height\":95,\"caption\":\"TuzlaInfo.ba\"},\"image\":{\"@id\":\"https:\\\/\\\/tuzlainfo.ba\\\/#\\\/schema\\\/logo\\\/image\\\/\"},\"sameAs\":[\"https:\\\/\\\/www.facebook.com\\\/tuzlainfo.ba\\\/\"]},{\"@type\":\"Person\",\"@id\":\"https:\\\/\\\/tuzlainfo.ba\\\/#\\\/schema\\\/person\\\/f434e20dc27ea133923aab08451b7f7f\",\"name\":\"nedim\",\"image\":{\"@type\":\"ImageObject\",\"inLanguage\":\"bs-BA\",\"@id\":\"https:\\\/\\\/secure.gravatar.com\\\/avatar\\\/5b928a2e7e70a54208d2eb6c1edcb75a5350d6ae97d5f0a701203d456823f6f3?s=96&d=mm&r=g\",\"url\":\"https:\\\/\\\/secure.gravatar.com\\\/avatar\\\/5b928a2e7e70a54208d2eb6c1edcb75a5350d6ae97d5f0a701203d456823f6f3?s=96&d=mm&r=g\",\"contentUrl\":\"https:\\\/\\\/secure.gravatar.com\\\/avatar\\\/5b928a2e7e70a54208d2eb6c1edcb75a5350d6ae97d5f0a701203d456823f6f3?s=96&d=mm&r=g\",\"caption\":\"nedim\"},\"description\":\"Tuzlainfo.ba pratite na dru\u0161tvenim mre\u017eama: Facebook, Instagram i Youtube. Svoje pri\u010de, upite i fotografije \u0161aljite na na\u0161u e-mail adresu.\"}]}<\/script>\n<!-- \/ Yoast SEO plugin. -->","yoast_head_json":{"title":"Univerzitet u Tuzli objavio privremene rang-liste za drugi upisni rok","robots":{"index":"index","follow":"follow","max-snippet":"max-snippet:-1","max-image-preview":"max-image-preview:large","max-video-preview":"max-video-preview:-1"},"canonical":"https:\/\/tuzlainfo.ba\/index.php\/novosti\/item\/314527-univerzitet-u-tuzli-objavio-privremene-rang-liste-za-drugi-upisni-rok\/","og_locale":"bs_BA","og_type":"article","og_title":"Univerzitet u Tuzli objavio privremene rang-liste za drugi upisni rok","og_description":"Univerzitet u Tuzli danas je objavio privremene rang-liste kandidata za upis u prvu godinu prvog i integriranog prvog i drugog ciklusa studija u akademskoj 2026\/2027. godini, u okviru drugog upisnog roka. Objavljivanje rang-listi uslijedilo je nakon \u0161to su prijave za drugi upisni rok trajale od 18. do 28. augusta, dok su na studijskim programima za [&hellip;]","og_url":"https:\/\/tuzlainfo.ba\/index.php\/novosti\/item\/314527-univerzitet-u-tuzli-objavio-privremene-rang-liste-za-drugi-upisni-rok\/","og_site_name":"TuzlaInfo.ba","article_publisher":"https:\/\/www.facebook.com\/tuzlainfo.ba\/","article_published_time":"2026-09-01T11:28:20+00:00","og_image":[{"width":770,"height":498,"url":"https:\/\/tuzlainfo.ba\/wp-content\/uploads\/2019\/05\/sadrzaj_2019_20190101_01012019_untz.jpg","type":"image\/jpeg"}],"author":"nedim","twitter_card":"summary_large_image","twitter_misc":{"Written by":"nedim","Est. reading time":"3 minute"},"schema":{"@context":"https:\/\/schema.org","@graph":[{"@type":"Article","@id":"https:\/\/tuzlainfo.ba\/index.php\/novosti\/item\/314527-univerzitet-u-tuzli-objavio-privremene-rang-liste-za-drugi-upisni-rok\/#article","isPartOf":{"@id":"https:\/\/tuzlainfo.ba\/index.php\/novosti\/item\/314527-univerzitet-u-tuzli-objavio-privremene-rang-liste-za-drugi-upisni-rok\/"},"author":{"name":"nedim","@id":"https:\/\/tuzlainfo.ba\/#\/schema\/person\/f434e20dc27ea133923aab08451b7f7f"},"headline":"Univerzitet u Tuzli objavio privremene rang-liste za drugi upisni rok","datePublished":"2026-09-01T11:28:20+00:00","mainEntityOfPage":{"@id":"https:\/\/tuzlainfo.ba\/index.php\/novosti\/item\/314527-univerzitet-u-tuzli-objavio-privremene-rang-liste-za-drugi-upisni-rok\/"},"wordCount":404,"publisher":{"@id":"https:\/\/tuzlainfo.ba\/#organization"},"image":{"@id":"https:\/\/tuzlainfo.ba\/index.php\/novosti\/item\/314527-univerzitet-u-tuzli-objavio-privremene-rang-liste-za-drugi-upisni-rok\/#primaryimage"},"thumbnailUrl":"https:\/\/tuzlainfo.ba\/wp-content\/uploads\/2019\/05\/sadrzaj_2019_20190101_01012019_untz.jpg","keywords":["drugi upisni rok","rang liste","univerzitet u tuzli"],"articleSection":["Istaknuto","Novosti"],"inLanguage":"bs-BA","copyrightYear":"2026","copyrightHolder":{"@id":"https:\/\/tuzlainfo.ba\/#organization"}},{"@type":"WebPage","@id":"https:\/\/tuzlainfo.ba\/index.php\/novosti\/item\/314527-univerzitet-u-tuzli-objavio-privremene-rang-liste-za-drugi-upisni-rok\/","url":"https:\/\/tuzlainfo.ba\/index.php\/novosti\/item\/314527-univerzitet-u-tuzli-objavio-privremene-rang-liste-za-drugi-upisni-rok\/","name":"Univerzitet u Tuzli objavio privremene rang-liste za drugi upisni rok","isPartOf":{"@id":"https:\/\/tuzlainfo.ba\/#website"},"primaryImageOfPage":{"@id":"https:\/\/tuzlainfo.ba\/index.php\/novosti\/item\/314527-univerzitet-u-tuzli-objavio-privremene-rang-liste-za-drugi-upisni-rok\/#primaryimage"},"image":{"@id":"https:\/\/tuzlainfo.ba\/index.php\/novosti\/item\/314527-univerzitet-u-tuzli-objavio-privremene-rang-liste-za-drugi-upisni-rok\/#primaryimage"},"thumbnailUrl":"https:\/\/tuzlainfo.ba\/wp-content\/uploads\/2019\/05\/sadrzaj_2019_20190101_01012019_untz.jpg","datePublished":"2026-09-01T11:28:20+00:00","breadcrumb":{"@id":"https:\/\/tuzlainfo.ba\/index.php\/novosti\/item\/314527-univerzitet-u-tuzli-objavio-privremene-rang-liste-za-drugi-upisni-rok\/#breadcrumb"},"inLanguage":"bs-BA","potentialAction":[{"@type":"ReadAction","target":["https:\/\/tuzlainfo.ba\/index.php\/novosti\/item\/314527-univerzitet-u-tuzli-objavio-privremene-rang-liste-za-drugi-upisni-rok\/"]}]},{"@type":"ImageObject","inLanguage":"bs-BA","@id":"https:\/\/tuzlainfo.ba\/index.php\/novosti\/item\/314527-univerzitet-u-tuzli-objavio-privremene-rang-liste-za-drugi-upisni-rok\/#primaryimage","url":"https:\/\/tuzlainfo.ba\/wp-content\/uploads\/2019\/05\/sadrzaj_2019_20190101_01012019_untz.jpg","contentUrl":"https:\/\/tuzlainfo.ba\/wp-content\/uploads\/2019\/05\/sadrzaj_2019_20190101_01012019_untz.jpg","width":770,"height":498,"caption":"01012019 untz"},{"@type":"BreadcrumbList","@id":"https:\/\/tuzlainfo.ba\/index.php\/novosti\/item\/314527-univerzitet-u-tuzli-objavio-privremene-rang-liste-za-drugi-upisni-rok\/#breadcrumb","itemListElement":[{"@type":"ListItem","position":1,"name":"Home","item":"https:\/\/tuzlainfo.ba\/"},{"@type":"ListItem","position":2,"name":"Univerzitet u Tuzli objavio privremene rang-liste za drugi upisni rok"}]},{"@type":"WebSite","@id":"https:\/\/tuzlainfo.ba\/#website","url":"https:\/\/tuzlainfo.ba\/","name":"TuzlaInfo.ba","description":"Tuzla info, gradski informator - Tuzla na dlanu","publisher":{"@id":"https:\/\/tuzlainfo.ba\/#organization"},"potentialAction":[{"@type":"SearchAction","target":{"@type":"EntryPoint","urlTemplate":"https:\/\/tuzlainfo.ba\/?s={search_term_string}"},"query-input":{"@type":"PropertyValueSpecification","valueRequired":true,"valueName":"search_term_string"}}],"inLanguage":"bs-BA"},{"@type":"Organization","@id":"https:\/\/tuzlainfo.ba\/#organization","name":"TuzlaInfo.ba","url":"https:\/\/tuzlainfo.ba\/","logo":{"@type":"ImageObject","inLanguage":"bs-BA","@id":"https:\/\/tuzlainfo.ba\/#\/schema\/logo\/image\/","url":"https:\/\/tuzlainfo.ba\/wp-content\/uploads\/2021\/03\/logo-ver-3-1.png","contentUrl":"https:\/\/tuzlainfo.ba\/wp-content\/uploads\/2021\/03\/logo-ver-3-1.png","width":350,"height":95,"caption":"TuzlaInfo.ba"},"image":{"@id":"https:\/\/tuzlainfo.ba\/#\/schema\/logo\/image\/"},"sameAs":["https:\/\/www.facebook.com\/tuzlainfo.ba\/"]},{"@type":"Person","@id":"https:\/\/tuzlainfo.ba\/#\/schema\/person\/f434e20dc27ea133923aab08451b7f7f","name":"nedim","image":{"@type":"ImageObject","inLanguage":"bs-BA","@id":"https:\/\/secure.gravatar.com\/avatar\/5b928a2e7e70a54208d2eb6c1edcb75a5350d6ae97d5f0a701203d456823f6f3?s=96&d=mm&r=g","url":"https:\/\/secure.gravatar.com\/avatar\/5b928a2e7e70a54208d2eb6c1edcb75a5350d6ae97d5f0a701203d456823f6f3?s=96&d=mm&r=g","contentUrl":"https:\/\/secure.gravatar.com\/avatar\/5b928a2e7e70a54208d2eb6c1edcb75a5350d6ae97d5f0a701203d456823f6f3?s=96&d=mm&r=g","caption":"nedim"},"description":"Tuzlainfo.ba pratite na dru\u0161tvenim mre\u017eama: Facebook, Instagram i Youtube. Svoje pri\u010de, upite i fotografije \u0161aljite na na\u0161u e-mail adresu."}]}},"_links":{"self":[{"href":"https:\/\/tuzlainfo.ba\/index.php\/wp-json\/wp\/v2\/posts\/314527","targetHints":{"allow":["GET"]}}],"collection":[{"href":"https:\/\/tuzlainfo.ba\/index.php\/wp-json\/wp\/v2\/posts"}],"about":[{"href":"https:\/\/tuzlainfo.ba\/index.php\/wp-json\/wp\/v2\/types\/post"}],"author":[{"embeddable":true,"href":"https:\/\/tuzlainfo.ba\/index.php\/wp-json\/wp\/v2\/users\/2"}],"replies":[{"embeddable":true,"href":"https:\/\/tuzlainfo.ba\/index.php\/wp-json\/wp\/v2\/comments?post=314527"}],"version-history":[{"count":1,"href":"https:\/\/tuzlainfo.ba\/index.php\/wp-json\/wp\/v2\/posts\/314527\/revisions"}],"predecessor-version":[{"id":314528,"href":"https:\/\/tuzlainfo.ba\/index.php\/wp-json\/wp\/v2\/posts\/314527\/revisions\/314528"}],"wp:featuredmedia":[{"embeddable":true,"href":"https:\/\/tuzlainfo.ba\/index.php\/wp-json\/wp\/v2\/media\/69876"}],"wp:attachment":[{"href":"https:\/\/tuzlainfo.ba\/index.php\/wp-json\/wp\/v2\/media?parent=314527"}],"wp:term":[{"taxonomy":"category","embeddable":true,"href":"https:\/\/tuzlainfo.ba\/index.php\/wp-json\/wp\/v2\/categories?post=314527"},{"taxonomy":"post_tag","embeddable":true,"href":"https:\/\/tuzlainfo.ba\/index.php\/wp-json\/wp\/v2\/tags?post=314527"}],"curies":[{"name":"wp","href":"https:\/\/api.w.org\/{rel}","templated":true}]}}