{"id":314523,"date":"2026-09-01T13:12:16","date_gmt":"2026-09-01T11:12:16","guid":{"rendered":"https:\/\/tuzlainfo.ba\/?p=314523"},"modified":"2026-09-01T14:32:04","modified_gmt":"2026-09-01T12:32:04","slug":"pocele-pripreme-za-18-festival-sevdalinko-u-srcu-te-nosim","status":"publish","type":"post","link":"https:\/\/tuzlainfo.ba\/index.php\/novosti\/item\/314523-pocele-pripreme-za-18-festival-sevdalinko-u-srcu-te-nosim\/","title":{"rendered":"Po\u010dele pripreme za 18. festival \u201eSevdalinko, u srcu te nosim\u201c"},"content":{"rendered":"<p>Danas je odr\u017eana konstituiraju\u0107a sjednica Organizacionog odbora projekta \u201eMjesec sevdaha u Tuzli\u201c i 18. festivala \u201eSevdalinko, u srcu te nosim\u201c, na kojoj su razmatrane klju\u010dne aktivnosti i obaveze uo\u010di ovogodi\u0161njeg izdanja manifestacije.<\/p>\n<p>Na sjednici je konstituisan Organizacioni odbor, predstavljen program aktivnosti projekta \u201eMjesec sevdaha u Tuzli\u201c, kao i program 18. festivala sevdalinke. Razmatrani su finansijski i organizacioni segmenti realizacije, kao i pitanja medijskog pra\u0107enja manifestacije.<\/p>\n<p>Posebna pa\u017enja posve\u0107ena je pripremama za takmi\u010darsku ve\u010der, a razmatran je i usvojen sastav stru\u010dnog \u017eirija koji \u0107e ocjenjivati ovogodi\u0161nje takmi\u010dare.<\/p>\n<p>Dejan Milkuni\u0107, umjeni\u010dki rukovodilac festivala, najavio je dio u\u010desnika ovogodi\u0161njeg festivala, isti\u010du\u0107i da \u0107e publika i ove godine imati priliku u\u017eivati u kvalitetnom programu posve\u0107enom sevdalinci.<\/p>\n<p><iframe title=\"YouTube video player\" src=\"https:\/\/www.youtube.com\/embed\/dUy33LASKWU?si=ZPUXrZojc2MvpLOh\" width=\"560\" height=\"315\" frameborder=\"0\" allowfullscreen=\"allowfullscreen\"><\/iframe><\/p>\n<p>\u010clan Organizacionog odbora Festivala Izudin Kapetanovi\u0107 govorio je o zna\u010daju dodatnog anga\u017emana na za\u0161titi i afirmaciji sevdalinke, posebno isti\u010du\u0107i potrebu da se posveti vi\u0161e pa\u017enje procesu upisa sevdalinke na UNESCO Reprezentativnu listu nematerijalne kulturne ba\u0161tine \u010dovje\u010danstva.<\/p>\n<p>\u201eSevdalinka je va\u017ean dio kulturnog identiteta Bosne i Hercegovine, a njeno o\u010duvanje i promocija obaveza su svih nas. Proces za\u0161tite i me\u0111unarodne afirmacije sevdalinke zahtijeva ozbiljan i kontinuiran rad\u201c, istaknuto je ovom prilikom.<\/p>\n<p><iframe title=\"YouTube video player\" src=\"https:\/\/www.youtube.com\/embed\/KVSSHpcGKyg?si=FlbI2zyMoteU9Ksh\" width=\"560\" height=\"315\" frameborder=\"0\" allowfullscreen=\"allowfullscreen\"><\/iframe><\/p>\n<p>PR festivala Ines Me\u0161i\u0107 sumirala je zaklju\u010dke dana\u0161njeg sastanka, naglasiv\u0161i da su pripreme za ovogodi\u0161nji program ve\u0107 po\u010dele, te da \u0107e u narednom periodu biti realizirane brojne aktivnosti predvi\u0111ene projektom \u201eMjesec sevdaha u Tuzli\u201c i 18. festivalom \u201eSevdalinko, u srcu te nosim\u201c.<\/p>\n<p><iframe title=\"YouTube video player\" src=\"https:\/\/www.youtube.com\/embed\/U-6qfV32cxE?si=b55nyQGL4zIldnhg\" width=\"560\" height=\"315\" frameborder=\"0\" allowfullscreen=\"allowfullscreen\"><\/iframe><\/p>\n<p>Organizatori najavljuju da \u0107e javnost u narednom periodu biti blagovremeno informisana o programu, u\u010desnicima i svim detaljima ovogodi\u0161nje manifestacije.<\/p>\n<p>Cilj projekta i festivala jeste dodatna afirmacija, o\u010duvanje i promocija sevdalinke, kao jednog od najzna\u010dajnijih segmenata nematerijalnog kulturnog naslije\u0111a Bosne i Hercegovine.<\/p>\n","protected":false},"excerpt":{"rendered":"<p>Danas je odr\u017eana konstituiraju\u0107a sjednica Organizacionog odbora projekta \u201eMjesec sevdaha u Tuzli\u201c i 18. festivala \u201eSevdalinko, u srcu te nosim\u201c, na kojoj su razmatrane klju\u010dne aktivnosti i obaveze uo\u010di ovogodi\u0161njeg izdanja manifestacije. Na sjednici je konstituisan Organizacioni odbor, predstavljen program aktivnosti projekta \u201eMjesec sevdaha u Tuzli\u201c, kao i program 18. festivala sevdalinke. Razmatrani su finansijski [&hellip;]<\/p>\n","protected":false},"author":4,"featured_media":314524,"comment_status":"closed","ping_status":"closed","sticky":false,"template":"","format":"standard","meta":{"footnotes":""},"categories":[304,12],"tags":[],"class_list":["post-314523","post","type-post","status-publish","format-standard","has-post-thumbnail","hentry","category-istaknuto","category-novosti"],"yoast_head":"<!-- This site is optimized with the Yoast SEO plugin v28.3 - https:\/\/yoast.com\/product\/yoast-seo-wordpress\/ -->\n<title>Po\u010dele pripreme za 18. festival \u201eSevdalinko, u srcu te nosim\u201c<\/title>\n<meta name=\"robots\" content=\"index, follow, max-snippet:-1, max-image-preview:large, max-video-preview:-1\" \/>\n<link rel=\"canonical\" href=\"https:\/\/tuzlainfo.ba\/index.php\/novosti\/item\/314523-pocele-pripreme-za-18-festival-sevdalinko-u-srcu-te-nosim\/\" \/>\n<meta property=\"og:locale\" content=\"bs_BA\" \/>\n<meta property=\"og:type\" content=\"article\" \/>\n<meta property=\"og:title\" content=\"Po\u010dele pripreme za 18. festival \u201eSevdalinko, u srcu te nosim\u201c\" \/>\n<meta property=\"og:description\" content=\"Danas je odr\u017eana konstituiraju\u0107a sjednica Organizacionog odbora projekta \u201eMjesec sevdaha u Tuzli\u201c i 18. festivala \u201eSevdalinko, u srcu te nosim\u201c, na kojoj su razmatrane klju\u010dne aktivnosti i obaveze uo\u010di ovogodi\u0161njeg izdanja manifestacije. Na sjednici je konstituisan Organizacioni odbor, predstavljen program aktivnosti projekta \u201eMjesec sevdaha u Tuzli\u201c, kao i program 18. festivala sevdalinke. Razmatrani su finansijski [&hellip;]\" \/>\n<meta property=\"og:url\" content=\"https:\/\/tuzlainfo.ba\/index.php\/novosti\/item\/314523-pocele-pripreme-za-18-festival-sevdalinko-u-srcu-te-nosim\/\" \/>\n<meta property=\"og:site_name\" content=\"TuzlaInfo.ba\" \/>\n<meta property=\"article:publisher\" content=\"https:\/\/www.facebook.com\/tuzlainfo.ba\/\" \/>\n<meta property=\"article:published_time\" content=\"2026-09-01T11:12:16+00:00\" \/>\n<meta property=\"article:modified_time\" content=\"2026-09-01T12:32:04+00:00\" \/>\n<meta property=\"og:image\" content=\"https:\/\/tuzlainfo.ba\/wp-content\/uploads\/2026\/09\/att.zCY8bHjkA2Jkb4OWBzHotYegvKOC6A5Z6e6iEzBvSbM.jpeg\" \/>\n\t<meta property=\"og:image:width\" content=\"2048\" \/>\n\t<meta property=\"og:image:height\" content=\"1536\" \/>\n\t<meta property=\"og:image:type\" content=\"image\/jpeg\" \/>\n<meta name=\"author\" content=\"Tuzla Info\" \/>\n<meta name=\"twitter:card\" content=\"summary_large_image\" \/>\n<meta name=\"twitter:label1\" content=\"Written by\" \/>\n\t<meta name=\"twitter:data1\" content=\"Tuzla Info\" \/>\n\t<meta name=\"twitter:label2\" content=\"Est. reading time\" \/>\n\t<meta name=\"twitter:data2\" content=\"2 minute\" \/>\n<script type=\"application\/ld+json\" class=\"yoast-schema-graph\">{\"@context\":\"https:\\\/\\\/schema.org\",\"@graph\":[{\"@type\":\"Article\",\"@id\":\"https:\\\/\\\/tuzlainfo.ba\\\/index.php\\\/novosti\\\/item\\\/314523-pocele-pripreme-za-18-festival-sevdalinko-u-srcu-te-nosim\\\/#article\",\"isPartOf\":{\"@id\":\"https:\\\/\\\/tuzlainfo.ba\\\/index.php\\\/novosti\\\/item\\\/314523-pocele-pripreme-za-18-festival-sevdalinko-u-srcu-te-nosim\\\/\"},\"author\":{\"name\":\"Tuzla Info\",\"@id\":\"https:\\\/\\\/tuzlainfo.ba\\\/#\\\/schema\\\/person\\\/46cad4c57790cbc50781edd14870825a\"},\"headline\":\"Po\u010dele pripreme za 18. festival \u201eSevdalinko, u srcu te nosim\u201c\",\"datePublished\":\"2026-09-01T11:12:16+00:00\",\"dateModified\":\"2026-09-01T12:32:04+00:00\",\"mainEntityOfPage\":{\"@id\":\"https:\\\/\\\/tuzlainfo.ba\\\/index.php\\\/novosti\\\/item\\\/314523-pocele-pripreme-za-18-festival-sevdalinko-u-srcu-te-nosim\\\/\"},\"wordCount\":316,\"publisher\":{\"@id\":\"https:\\\/\\\/tuzlainfo.ba\\\/#organization\"},\"image\":{\"@id\":\"https:\\\/\\\/tuzlainfo.ba\\\/index.php\\\/novosti\\\/item\\\/314523-pocele-pripreme-za-18-festival-sevdalinko-u-srcu-te-nosim\\\/#primaryimage\"},\"thumbnailUrl\":\"https:\\\/\\\/tuzlainfo.ba\\\/wp-content\\\/uploads\\\/2026\\\/09\\\/att.zCY8bHjkA2Jkb4OWBzHotYegvKOC6A5Z6e6iEzBvSbM.jpeg\",\"articleSection\":[\"Istaknuto\",\"Novosti\"],\"inLanguage\":\"bs-BA\",\"copyrightYear\":\"2026\",\"copyrightHolder\":{\"@id\":\"https:\\\/\\\/tuzlainfo.ba\\\/#organization\"}},{\"@type\":\"WebPage\",\"@id\":\"https:\\\/\\\/tuzlainfo.ba\\\/index.php\\\/novosti\\\/item\\\/314523-pocele-pripreme-za-18-festival-sevdalinko-u-srcu-te-nosim\\\/\",\"url\":\"https:\\\/\\\/tuzlainfo.ba\\\/index.php\\\/novosti\\\/item\\\/314523-pocele-pripreme-za-18-festival-sevdalinko-u-srcu-te-nosim\\\/\",\"name\":\"Po\u010dele pripreme za 18. festival \u201eSevdalinko, u srcu te nosim\u201c\",\"isPartOf\":{\"@id\":\"https:\\\/\\\/tuzlainfo.ba\\\/#website\"},\"primaryImageOfPage\":{\"@id\":\"https:\\\/\\\/tuzlainfo.ba\\\/index.php\\\/novosti\\\/item\\\/314523-pocele-pripreme-za-18-festival-sevdalinko-u-srcu-te-nosim\\\/#primaryimage\"},\"image\":{\"@id\":\"https:\\\/\\\/tuzlainfo.ba\\\/index.php\\\/novosti\\\/item\\\/314523-pocele-pripreme-za-18-festival-sevdalinko-u-srcu-te-nosim\\\/#primaryimage\"},\"thumbnailUrl\":\"https:\\\/\\\/tuzlainfo.ba\\\/wp-content\\\/uploads\\\/2026\\\/09\\\/att.zCY8bHjkA2Jkb4OWBzHotYegvKOC6A5Z6e6iEzBvSbM.jpeg\",\"datePublished\":\"2026-09-01T11:12:16+00:00\",\"dateModified\":\"2026-09-01T12:32:04+00:00\",\"breadcrumb\":{\"@id\":\"https:\\\/\\\/tuzlainfo.ba\\\/index.php\\\/novosti\\\/item\\\/314523-pocele-pripreme-za-18-festival-sevdalinko-u-srcu-te-nosim\\\/#breadcrumb\"},\"inLanguage\":\"bs-BA\",\"potentialAction\":[{\"@type\":\"ReadAction\",\"target\":[\"https:\\\/\\\/tuzlainfo.ba\\\/index.php\\\/novosti\\\/item\\\/314523-pocele-pripreme-za-18-festival-sevdalinko-u-srcu-te-nosim\\\/\"]}]},{\"@type\":\"ImageObject\",\"inLanguage\":\"bs-BA\",\"@id\":\"https:\\\/\\\/tuzlainfo.ba\\\/index.php\\\/novosti\\\/item\\\/314523-pocele-pripreme-za-18-festival-sevdalinko-u-srcu-te-nosim\\\/#primaryimage\",\"url\":\"https:\\\/\\\/tuzlainfo.ba\\\/wp-content\\\/uploads\\\/2026\\\/09\\\/att.zCY8bHjkA2Jkb4OWBzHotYegvKOC6A5Z6e6iEzBvSbM.jpeg\",\"contentUrl\":\"https:\\\/\\\/tuzlainfo.ba\\\/wp-content\\\/uploads\\\/2026\\\/09\\\/att.zCY8bHjkA2Jkb4OWBzHotYegvKOC6A5Z6e6iEzBvSbM.jpeg\",\"width\":2048,\"height\":1536},{\"@type\":\"BreadcrumbList\",\"@id\":\"https:\\\/\\\/tuzlainfo.ba\\\/index.php\\\/novosti\\\/item\\\/314523-pocele-pripreme-za-18-festival-sevdalinko-u-srcu-te-nosim\\\/#breadcrumb\",\"itemListElement\":[{\"@type\":\"ListItem\",\"position\":1,\"name\":\"Home\",\"item\":\"https:\\\/\\\/tuzlainfo.ba\\\/\"},{\"@type\":\"ListItem\",\"position\":2,\"name\":\"Po\u010dele pripreme za 18. festival \u201eSevdalinko, u srcu te nosim\u201c\"}]},{\"@type\":\"WebSite\",\"@id\":\"https:\\\/\\\/tuzlainfo.ba\\\/#website\",\"url\":\"https:\\\/\\\/tuzlainfo.ba\\\/\",\"name\":\"TuzlaInfo.ba\",\"description\":\"Tuzla info, gradski informator - Tuzla na dlanu\",\"publisher\":{\"@id\":\"https:\\\/\\\/tuzlainfo.ba\\\/#organization\"},\"potentialAction\":[{\"@type\":\"SearchAction\",\"target\":{\"@type\":\"EntryPoint\",\"urlTemplate\":\"https:\\\/\\\/tuzlainfo.ba\\\/?s={search_term_string}\"},\"query-input\":{\"@type\":\"PropertyValueSpecification\",\"valueRequired\":true,\"valueName\":\"search_term_string\"}}],\"inLanguage\":\"bs-BA\"},{\"@type\":\"Organization\",\"@id\":\"https:\\\/\\\/tuzlainfo.ba\\\/#organization\",\"name\":\"TuzlaInfo.ba\",\"url\":\"https:\\\/\\\/tuzlainfo.ba\\\/\",\"logo\":{\"@type\":\"ImageObject\",\"inLanguage\":\"bs-BA\",\"@id\":\"https:\\\/\\\/tuzlainfo.ba\\\/#\\\/schema\\\/logo\\\/image\\\/\",\"url\":\"https:\\\/\\\/tuzlainfo.ba\\\/wp-content\\\/uploads\\\/2021\\\/03\\\/logo-ver-3-1.png\",\"contentUrl\":\"https:\\\/\\\/tuzlainfo.ba\\\/wp-content\\\/uploads\\\/2021\\\/03\\\/logo-ver-3-1.png\",\"width\":350,\"height\":95,\"caption\":\"TuzlaInfo.ba\"},\"image\":{\"@id\":\"https:\\\/\\\/tuzlainfo.ba\\\/#\\\/schema\\\/logo\\\/image\\\/\"},\"sameAs\":[\"https:\\\/\\\/www.facebook.com\\\/tuzlainfo.ba\\\/\"]},{\"@type\":\"Person\",\"@id\":\"https:\\\/\\\/tuzlainfo.ba\\\/#\\\/schema\\\/person\\\/46cad4c57790cbc50781edd14870825a\",\"name\":\"Tuzla Info\",\"image\":{\"@type\":\"ImageObject\",\"inLanguage\":\"bs-BA\",\"@id\":\"https:\\\/\\\/secure.gravatar.com\\\/avatar\\\/e980921b00fa2e552723a2386544734ce6885d2b2304ccca3f45186f9ca4031d?s=96&d=mm&r=g\",\"url\":\"https:\\\/\\\/secure.gravatar.com\\\/avatar\\\/e980921b00fa2e552723a2386544734ce6885d2b2304ccca3f45186f9ca4031d?s=96&d=mm&r=g\",\"contentUrl\":\"https:\\\/\\\/secure.gravatar.com\\\/avatar\\\/e980921b00fa2e552723a2386544734ce6885d2b2304ccca3f45186f9ca4031d?s=96&d=mm&r=g\",\"caption\":\"Tuzla Info\"}}]}<\/script>\n<!-- \/ Yoast SEO plugin. -->","yoast_head_json":{"title":"Po\u010dele pripreme za 18. festival \u201eSevdalinko, u srcu te nosim\u201c","robots":{"index":"index","follow":"follow","max-snippet":"max-snippet:-1","max-image-preview":"max-image-preview:large","max-video-preview":"max-video-preview:-1"},"canonical":"https:\/\/tuzlainfo.ba\/index.php\/novosti\/item\/314523-pocele-pripreme-za-18-festival-sevdalinko-u-srcu-te-nosim\/","og_locale":"bs_BA","og_type":"article","og_title":"Po\u010dele pripreme za 18. festival \u201eSevdalinko, u srcu te nosim\u201c","og_description":"Danas je odr\u017eana konstituiraju\u0107a sjednica Organizacionog odbora projekta \u201eMjesec sevdaha u Tuzli\u201c i 18. festivala \u201eSevdalinko, u srcu te nosim\u201c, na kojoj su razmatrane klju\u010dne aktivnosti i obaveze uo\u010di ovogodi\u0161njeg izdanja manifestacije. Na sjednici je konstituisan Organizacioni odbor, predstavljen program aktivnosti projekta \u201eMjesec sevdaha u Tuzli\u201c, kao i program 18. festivala sevdalinke. Razmatrani su finansijski [&hellip;]","og_url":"https:\/\/tuzlainfo.ba\/index.php\/novosti\/item\/314523-pocele-pripreme-za-18-festival-sevdalinko-u-srcu-te-nosim\/","og_site_name":"TuzlaInfo.ba","article_publisher":"https:\/\/www.facebook.com\/tuzlainfo.ba\/","article_published_time":"2026-09-01T11:12:16+00:00","article_modified_time":"2026-09-01T12:32:04+00:00","og_image":[{"width":2048,"height":1536,"url":"https:\/\/tuzlainfo.ba\/wp-content\/uploads\/2026\/09\/att.zCY8bHjkA2Jkb4OWBzHotYegvKOC6A5Z6e6iEzBvSbM.jpeg","type":"image\/jpeg"}],"author":"Tuzla Info","twitter_card":"summary_large_image","twitter_misc":{"Written by":"Tuzla Info","Est. reading time":"2 minute"},"schema":{"@context":"https:\/\/schema.org","@graph":[{"@type":"Article","@id":"https:\/\/tuzlainfo.ba\/index.php\/novosti\/item\/314523-pocele-pripreme-za-18-festival-sevdalinko-u-srcu-te-nosim\/#article","isPartOf":{"@id":"https:\/\/tuzlainfo.ba\/index.php\/novosti\/item\/314523-pocele-pripreme-za-18-festival-sevdalinko-u-srcu-te-nosim\/"},"author":{"name":"Tuzla Info","@id":"https:\/\/tuzlainfo.ba\/#\/schema\/person\/46cad4c57790cbc50781edd14870825a"},"headline":"Po\u010dele pripreme za 18. festival \u201eSevdalinko, u srcu te nosim\u201c","datePublished":"2026-09-01T11:12:16+00:00","dateModified":"2026-09-01T12:32:04+00:00","mainEntityOfPage":{"@id":"https:\/\/tuzlainfo.ba\/index.php\/novosti\/item\/314523-pocele-pripreme-za-18-festival-sevdalinko-u-srcu-te-nosim\/"},"wordCount":316,"publisher":{"@id":"https:\/\/tuzlainfo.ba\/#organization"},"image":{"@id":"https:\/\/tuzlainfo.ba\/index.php\/novosti\/item\/314523-pocele-pripreme-za-18-festival-sevdalinko-u-srcu-te-nosim\/#primaryimage"},"thumbnailUrl":"https:\/\/tuzlainfo.ba\/wp-content\/uploads\/2026\/09\/att.zCY8bHjkA2Jkb4OWBzHotYegvKOC6A5Z6e6iEzBvSbM.jpeg","articleSection":["Istaknuto","Novosti"],"inLanguage":"bs-BA","copyrightYear":"2026","copyrightHolder":{"@id":"https:\/\/tuzlainfo.ba\/#organization"}},{"@type":"WebPage","@id":"https:\/\/tuzlainfo.ba\/index.php\/novosti\/item\/314523-pocele-pripreme-za-18-festival-sevdalinko-u-srcu-te-nosim\/","url":"https:\/\/tuzlainfo.ba\/index.php\/novosti\/item\/314523-pocele-pripreme-za-18-festival-sevdalinko-u-srcu-te-nosim\/","name":"Po\u010dele pripreme za 18. festival \u201eSevdalinko, u srcu te nosim\u201c","isPartOf":{"@id":"https:\/\/tuzlainfo.ba\/#website"},"primaryImageOfPage":{"@id":"https:\/\/tuzlainfo.ba\/index.php\/novosti\/item\/314523-pocele-pripreme-za-18-festival-sevdalinko-u-srcu-te-nosim\/#primaryimage"},"image":{"@id":"https:\/\/tuzlainfo.ba\/index.php\/novosti\/item\/314523-pocele-pripreme-za-18-festival-sevdalinko-u-srcu-te-nosim\/#primaryimage"},"thumbnailUrl":"https:\/\/tuzlainfo.ba\/wp-content\/uploads\/2026\/09\/att.zCY8bHjkA2Jkb4OWBzHotYegvKOC6A5Z6e6iEzBvSbM.jpeg","datePublished":"2026-09-01T11:12:16+00:00","dateModified":"2026-09-01T12:32:04+00:00","breadcrumb":{"@id":"https:\/\/tuzlainfo.ba\/index.php\/novosti\/item\/314523-pocele-pripreme-za-18-festival-sevdalinko-u-srcu-te-nosim\/#breadcrumb"},"inLanguage":"bs-BA","potentialAction":[{"@type":"ReadAction","target":["https:\/\/tuzlainfo.ba\/index.php\/novosti\/item\/314523-pocele-pripreme-za-18-festival-sevdalinko-u-srcu-te-nosim\/"]}]},{"@type":"ImageObject","inLanguage":"bs-BA","@id":"https:\/\/tuzlainfo.ba\/index.php\/novosti\/item\/314523-pocele-pripreme-za-18-festival-sevdalinko-u-srcu-te-nosim\/#primaryimage","url":"https:\/\/tuzlainfo.ba\/wp-content\/uploads\/2026\/09\/att.zCY8bHjkA2Jkb4OWBzHotYegvKOC6A5Z6e6iEzBvSbM.jpeg","contentUrl":"https:\/\/tuzlainfo.ba\/wp-content\/uploads\/2026\/09\/att.zCY8bHjkA2Jkb4OWBzHotYegvKOC6A5Z6e6iEzBvSbM.jpeg","width":2048,"height":1536},{"@type":"BreadcrumbList","@id":"https:\/\/tuzlainfo.ba\/index.php\/novosti\/item\/314523-pocele-pripreme-za-18-festival-sevdalinko-u-srcu-te-nosim\/#breadcrumb","itemListElement":[{"@type":"ListItem","position":1,"name":"Home","item":"https:\/\/tuzlainfo.ba\/"},{"@type":"ListItem","position":2,"name":"Po\u010dele pripreme za 18. festival \u201eSevdalinko, u srcu te nosim\u201c"}]},{"@type":"WebSite","@id":"https:\/\/tuzlainfo.ba\/#website","url":"https:\/\/tuzlainfo.ba\/","name":"TuzlaInfo.ba","description":"Tuzla info, gradski informator - Tuzla na dlanu","publisher":{"@id":"https:\/\/tuzlainfo.ba\/#organization"},"potentialAction":[{"@type":"SearchAction","target":{"@type":"EntryPoint","urlTemplate":"https:\/\/tuzlainfo.ba\/?s={search_term_string}"},"query-input":{"@type":"PropertyValueSpecification","valueRequired":true,"valueName":"search_term_string"}}],"inLanguage":"bs-BA"},{"@type":"Organization","@id":"https:\/\/tuzlainfo.ba\/#organization","name":"TuzlaInfo.ba","url":"https:\/\/tuzlainfo.ba\/","logo":{"@type":"ImageObject","inLanguage":"bs-BA","@id":"https:\/\/tuzlainfo.ba\/#\/schema\/logo\/image\/","url":"https:\/\/tuzlainfo.ba\/wp-content\/uploads\/2021\/03\/logo-ver-3-1.png","contentUrl":"https:\/\/tuzlainfo.ba\/wp-content\/uploads\/2021\/03\/logo-ver-3-1.png","width":350,"height":95,"caption":"TuzlaInfo.ba"},"image":{"@id":"https:\/\/tuzlainfo.ba\/#\/schema\/logo\/image\/"},"sameAs":["https:\/\/www.facebook.com\/tuzlainfo.ba\/"]},{"@type":"Person","@id":"https:\/\/tuzlainfo.ba\/#\/schema\/person\/46cad4c57790cbc50781edd14870825a","name":"Tuzla Info","image":{"@type":"ImageObject","inLanguage":"bs-BA","@id":"https:\/\/secure.gravatar.com\/avatar\/e980921b00fa2e552723a2386544734ce6885d2b2304ccca3f45186f9ca4031d?s=96&d=mm&r=g","url":"https:\/\/secure.gravatar.com\/avatar\/e980921b00fa2e552723a2386544734ce6885d2b2304ccca3f45186f9ca4031d?s=96&d=mm&r=g","contentUrl":"https:\/\/secure.gravatar.com\/avatar\/e980921b00fa2e552723a2386544734ce6885d2b2304ccca3f45186f9ca4031d?s=96&d=mm&r=g","caption":"Tuzla Info"}}]}},"_links":{"self":[{"href":"https:\/\/tuzlainfo.ba\/index.php\/wp-json\/wp\/v2\/posts\/314523","targetHints":{"allow":["GET"]}}],"collection":[{"href":"https:\/\/tuzlainfo.ba\/index.php\/wp-json\/wp\/v2\/posts"}],"about":[{"href":"https:\/\/tuzlainfo.ba\/index.php\/wp-json\/wp\/v2\/types\/post"}],"author":[{"embeddable":true,"href":"https:\/\/tuzlainfo.ba\/index.php\/wp-json\/wp\/v2\/users\/4"}],"replies":[{"embeddable":true,"href":"https:\/\/tuzlainfo.ba\/index.php\/wp-json\/wp\/v2\/comments?post=314523"}],"version-history":[{"count":4,"href":"https:\/\/tuzlainfo.ba\/index.php\/wp-json\/wp\/v2\/posts\/314523\/revisions"}],"predecessor-version":[{"id":314551,"href":"https:\/\/tuzlainfo.ba\/index.php\/wp-json\/wp\/v2\/posts\/314523\/revisions\/314551"}],"wp:featuredmedia":[{"embeddable":true,"href":"https:\/\/tuzlainfo.ba\/index.php\/wp-json\/wp\/v2\/media\/314524"}],"wp:attachment":[{"href":"https:\/\/tuzlainfo.ba\/index.php\/wp-json\/wp\/v2\/media?parent=314523"}],"wp:term":[{"taxonomy":"category","embeddable":true,"href":"https:\/\/tuzlainfo.ba\/index.php\/wp-json\/wp\/v2\/categories?post=314523"},{"taxonomy":"post_tag","embeddable":true,"href":"https:\/\/tuzlainfo.ba\/index.php\/wp-json\/wp\/v2\/tags?post=314523"}],"curies":[{"name":"wp","href":"https:\/\/api.w.org\/{rel}","templated":true}]}}