{"id":314500,"date":"2026-09-01T08:16:15","date_gmt":"2026-09-01T06:16:15","guid":{"rendered":"https:\/\/tuzlainfo.ba\/?p=314500"},"modified":"2026-09-01T08:16:15","modified_gmt":"2026-09-01T06:16:15","slug":"sahrana-ratka-mladica-izazvala-diplomatski-skandal-stigla-ostra-reakcija-iz-sad-a","status":"publish","type":"post","link":"https:\/\/tuzlainfo.ba\/index.php\/clanci\/sa-svih-strana\/item\/314500-sahrana-ratka-mladica-izazvala-diplomatski-skandal-stigla-ostra-reakcija-iz-sad-a\/","title":{"rendered":"Sahrana Ratka Mladi\u0107a izazvala diplomatski skandal, stigla o\u0161tra reakcija iz SAD-a"},"content":{"rendered":"<p>Smrt pravomo\u0107no osu\u0111enog ratnog zlo\u010dinca Ratka Mladi\u0107a u ha\u0161kom pritvoru izazvala je nove politi\u010dke tenzije na Zapadnom Balkanu, a najava da bi njegov pokop u Srbiji mogao biti organiziran uz dr\u017eavne i vojne po\u010dasti izazvala je o\u0161tre reakcije iz inozemstva.<\/p>\n<p>Prema navodima iz Beograda, srbijansko Ministarstvo pravosu\u0111a prvobitno je najavilo mogu\u0107nost pokopa uz najvi\u0161e dr\u017eavne i vojne po\u010dasti, nakon \u010dega se predsjednik Srbije Aleksandar Vu\u010di\u0107 na\u0161ao na meti me\u0111unarodnih kritika.<\/p>\n<p>Mladi\u0107, nekada\u0161nji zapovjednik Vojske Republike Srpske, pravomo\u0107no je osu\u0111en pred Ha\u0161kim tribunalom za genocid u Srebrenici, zlo\u010dine protiv \u010dovje\u010dnosti i druge ratne zlo\u010dine.<\/p>\n<p>Posebno o\u0161tra reakcija stigla je iz Sjedinjenih Ameri\u010dkih Dr\u017eava. Republikanski kongresmen i supredsjedatelj Helsin\u0161ke komisije Joe Wilson javno je kritizirao mogu\u0107nost da Mladi\u0107 bude sahranjen uz dr\u017eavne po\u010dasti.<\/p>\n<p>\u2013 Neshvatljivo je da Vu\u010di\u0107 planira sahraniti ratnog zlo\u010dinca Mladi\u0107a uz po\u010dasti. To je kao da Njema\u010dka odaje dr\u017eavne po\u010dasti Hitleru \u2013 poru\u010dio je Wilson na dru\u0161tvenim mre\u017eama.<\/p>\n<p>Wilson, republikanac iz Ju\u017ene Karoline, \u010dlan je Predstavni\u010dkog doma ameri\u010dkog Kongresa od 2001. godine i posljednjih godina spada me\u0111u glasnije kriti\u010dare politike vlasti u Srbiji.<\/p>\n<p>Predlagao je i zakonske inicijative kojima se od ameri\u010dke administracije tra\u017ei sna\u017eniji pritisak na Beograd, uklju\u010duju\u0107i mogu\u0107nost sankcija i zabrane putovanja osobama za koje se procijeni da ugro\u017eavaju mir, stabilnost i teritorijalni integritet dr\u017eava Zapadnog Balkana.<\/p>\n<p>Ameri\u010dki kongresmen ranije je kritizirao i izuze\u0107a od sankcija koja se odnose na srbijansku naftnu kompaniju u ruskom vlasni\u0161tvu.<\/p>\n<p>Najava mogu\u0107ih dr\u017eavnih po\u010dasti Mladi\u0107u tako je, prema reakcijama koje sti\u017eu iz inozemstva, pitanje njegova pokopa pretvorila u novu politi\u010dku i diplomatsku kontroverzu za vlasti u Beogradu.<\/p>\n","protected":false},"excerpt":{"rendered":"<p>Smrt pravomo\u0107no osu\u0111enog ratnog zlo\u010dinca Ratka Mladi\u0107a u ha\u0161kom pritvoru izazvala je nove politi\u010dke tenzije na Zapadnom Balkanu, a najava da bi njegov pokop u Srbiji mogao biti organiziran uz dr\u017eavne i vojne po\u010dasti izazvala je o\u0161tre reakcije iz inozemstva. Prema navodima iz Beograda, srbijansko Ministarstvo pravosu\u0111a prvobitno je najavilo mogu\u0107nost pokopa uz najvi\u0161e dr\u017eavne [&hellip;]<\/p>\n","protected":false},"author":8,"featured_media":183679,"comment_status":"closed","ping_status":"closed","sticky":false,"template":"","format":"standard","meta":{"footnotes":""},"categories":[16],"tags":[638,939],"class_list":["post-314500","post","type-post","status-publish","format-standard","has-post-thumbnail","hentry","category-sa-svih-strana","tag-aleksandar-vucic","tag-ratko-mladic"],"yoast_head":"<!-- This site is optimized with the Yoast SEO plugin v28.4 - https:\/\/yoast.com\/product\/yoast-seo-wordpress\/ -->\n<title>Sahrana Ratka Mladi\u0107a izazvala diplomatski skandal, stigla o\u0161tra reakcija iz SAD-a<\/title>\n<meta name=\"robots\" content=\"index, follow, max-snippet:-1, max-image-preview:large, max-video-preview:-1\" \/>\n<link rel=\"canonical\" href=\"https:\/\/tuzlainfo.ba\/index.php\/clanci\/sa-svih-strana\/item\/314500-sahrana-ratka-mladica-izazvala-diplomatski-skandal-stigla-ostra-reakcija-iz-sad-a\/\" \/>\n<meta property=\"og:locale\" content=\"bs_BA\" \/>\n<meta property=\"og:type\" content=\"article\" \/>\n<meta property=\"og:title\" content=\"Sahrana Ratka Mladi\u0107a izazvala diplomatski skandal, stigla o\u0161tra reakcija iz SAD-a\" \/>\n<meta property=\"og:description\" content=\"Smrt pravomo\u0107no osu\u0111enog ratnog zlo\u010dinca Ratka Mladi\u0107a u ha\u0161kom pritvoru izazvala je nove politi\u010dke tenzije na Zapadnom Balkanu, a najava da bi njegov pokop u Srbiji mogao biti organiziran uz dr\u017eavne i vojne po\u010dasti izazvala je o\u0161tre reakcije iz inozemstva. Prema navodima iz Beograda, srbijansko Ministarstvo pravosu\u0111a prvobitno je najavilo mogu\u0107nost pokopa uz najvi\u0161e dr\u017eavne [&hellip;]\" \/>\n<meta property=\"og:url\" content=\"https:\/\/tuzlainfo.ba\/index.php\/clanci\/sa-svih-strana\/item\/314500-sahrana-ratka-mladica-izazvala-diplomatski-skandal-stigla-ostra-reakcija-iz-sad-a\/\" \/>\n<meta property=\"og:site_name\" content=\"TuzlaInfo.ba\" \/>\n<meta property=\"article:publisher\" content=\"https:\/\/www.facebook.com\/tuzlainfo.ba\/\" \/>\n<meta property=\"article:published_time\" content=\"2026-09-01T06:16:15+00:00\" \/>\n<meta property=\"og:image\" content=\"https:\/\/tuzlainfo.ba\/wp-content\/uploads\/2022\/09\/1109_ratko_mladic.jpg\" \/>\n\t<meta property=\"og:image:width\" content=\"800\" \/>\n\t<meta property=\"og:image:height\" content=\"507\" \/>\n\t<meta property=\"og:image:type\" content=\"image\/jpeg\" \/>\n<meta name=\"author\" content=\"Admin Tri\" \/>\n<meta name=\"twitter:card\" content=\"summary_large_image\" \/>\n<meta name=\"twitter:label1\" content=\"Written by\" \/>\n\t<meta name=\"twitter:data1\" content=\"Admin Tri\" \/>\n\t<meta name=\"twitter:label2\" content=\"Est. reading time\" \/>\n\t<meta name=\"twitter:data2\" content=\"2 minute\" \/>\n<script type=\"application\/ld+json\" class=\"yoast-schema-graph\">{\"@context\":\"https:\\\/\\\/schema.org\",\"@graph\":[{\"@type\":\"Article\",\"@id\":\"https:\\\/\\\/tuzlainfo.ba\\\/index.php\\\/clanci\\\/sa-svih-strana\\\/item\\\/314500-sahrana-ratka-mladica-izazvala-diplomatski-skandal-stigla-ostra-reakcija-iz-sad-a\\\/#article\",\"isPartOf\":{\"@id\":\"https:\\\/\\\/tuzlainfo.ba\\\/index.php\\\/clanci\\\/sa-svih-strana\\\/item\\\/314500-sahrana-ratka-mladica-izazvala-diplomatski-skandal-stigla-ostra-reakcija-iz-sad-a\\\/\"},\"author\":{\"name\":\"Admin Tri\",\"@id\":\"https:\\\/\\\/tuzlainfo.ba\\\/#\\\/schema\\\/person\\\/593e78a2f6378c5ba3e7600ecfa4e63a\"},\"headline\":\"Sahrana Ratka Mladi\u0107a izazvala diplomatski skandal, stigla o\u0161tra reakcija iz SAD-a\",\"datePublished\":\"2026-09-01T06:16:15+00:00\",\"mainEntityOfPage\":{\"@id\":\"https:\\\/\\\/tuzlainfo.ba\\\/index.php\\\/clanci\\\/sa-svih-strana\\\/item\\\/314500-sahrana-ratka-mladica-izazvala-diplomatski-skandal-stigla-ostra-reakcija-iz-sad-a\\\/\"},\"wordCount\":329,\"publisher\":{\"@id\":\"https:\\\/\\\/tuzlainfo.ba\\\/#organization\"},\"image\":{\"@id\":\"https:\\\/\\\/tuzlainfo.ba\\\/index.php\\\/clanci\\\/sa-svih-strana\\\/item\\\/314500-sahrana-ratka-mladica-izazvala-diplomatski-skandal-stigla-ostra-reakcija-iz-sad-a\\\/#primaryimage\"},\"thumbnailUrl\":\"https:\\\/\\\/tuzlainfo.ba\\\/wp-content\\\/uploads\\\/2022\\\/09\\\/1109_ratko_mladic.jpg\",\"keywords\":[\"aleksandar vu\u010di\u0107\",\"ratko mladi\u0107\"],\"articleSection\":[\"Sa svih strana\"],\"inLanguage\":\"bs-BA\",\"copyrightYear\":\"2026\",\"copyrightHolder\":{\"@id\":\"https:\\\/\\\/tuzlainfo.ba\\\/#organization\"}},{\"@type\":\"WebPage\",\"@id\":\"https:\\\/\\\/tuzlainfo.ba\\\/index.php\\\/clanci\\\/sa-svih-strana\\\/item\\\/314500-sahrana-ratka-mladica-izazvala-diplomatski-skandal-stigla-ostra-reakcija-iz-sad-a\\\/\",\"url\":\"https:\\\/\\\/tuzlainfo.ba\\\/index.php\\\/clanci\\\/sa-svih-strana\\\/item\\\/314500-sahrana-ratka-mladica-izazvala-diplomatski-skandal-stigla-ostra-reakcija-iz-sad-a\\\/\",\"name\":\"Sahrana Ratka Mladi\u0107a izazvala diplomatski skandal, stigla o\u0161tra reakcija iz SAD-a\",\"isPartOf\":{\"@id\":\"https:\\\/\\\/tuzlainfo.ba\\\/#website\"},\"primaryImageOfPage\":{\"@id\":\"https:\\\/\\\/tuzlainfo.ba\\\/index.php\\\/clanci\\\/sa-svih-strana\\\/item\\\/314500-sahrana-ratka-mladica-izazvala-diplomatski-skandal-stigla-ostra-reakcija-iz-sad-a\\\/#primaryimage\"},\"image\":{\"@id\":\"https:\\\/\\\/tuzlainfo.ba\\\/index.php\\\/clanci\\\/sa-svih-strana\\\/item\\\/314500-sahrana-ratka-mladica-izazvala-diplomatski-skandal-stigla-ostra-reakcija-iz-sad-a\\\/#primaryimage\"},\"thumbnailUrl\":\"https:\\\/\\\/tuzlainfo.ba\\\/wp-content\\\/uploads\\\/2022\\\/09\\\/1109_ratko_mladic.jpg\",\"datePublished\":\"2026-09-01T06:16:15+00:00\",\"breadcrumb\":{\"@id\":\"https:\\\/\\\/tuzlainfo.ba\\\/index.php\\\/clanci\\\/sa-svih-strana\\\/item\\\/314500-sahrana-ratka-mladica-izazvala-diplomatski-skandal-stigla-ostra-reakcija-iz-sad-a\\\/#breadcrumb\"},\"inLanguage\":\"bs-BA\",\"potentialAction\":[{\"@type\":\"ReadAction\",\"target\":[\"https:\\\/\\\/tuzlainfo.ba\\\/index.php\\\/clanci\\\/sa-svih-strana\\\/item\\\/314500-sahrana-ratka-mladica-izazvala-diplomatski-skandal-stigla-ostra-reakcija-iz-sad-a\\\/\"]}]},{\"@type\":\"ImageObject\",\"inLanguage\":\"bs-BA\",\"@id\":\"https:\\\/\\\/tuzlainfo.ba\\\/index.php\\\/clanci\\\/sa-svih-strana\\\/item\\\/314500-sahrana-ratka-mladica-izazvala-diplomatski-skandal-stigla-ostra-reakcija-iz-sad-a\\\/#primaryimage\",\"url\":\"https:\\\/\\\/tuzlainfo.ba\\\/wp-content\\\/uploads\\\/2022\\\/09\\\/1109_ratko_mladic.jpg\",\"contentUrl\":\"https:\\\/\\\/tuzlainfo.ba\\\/wp-content\\\/uploads\\\/2022\\\/09\\\/1109_ratko_mladic.jpg\",\"width\":800,\"height\":507,\"caption\":\"Ratko Mladi\u0107 \\\/ Screenshot \\\/ IRMCT\"},{\"@type\":\"BreadcrumbList\",\"@id\":\"https:\\\/\\\/tuzlainfo.ba\\\/index.php\\\/clanci\\\/sa-svih-strana\\\/item\\\/314500-sahrana-ratka-mladica-izazvala-diplomatski-skandal-stigla-ostra-reakcija-iz-sad-a\\\/#breadcrumb\",\"itemListElement\":[{\"@type\":\"ListItem\",\"position\":1,\"name\":\"Home\",\"item\":\"https:\\\/\\\/tuzlainfo.ba\\\/\"},{\"@type\":\"ListItem\",\"position\":2,\"name\":\"Sahrana Ratka Mladi\u0107a izazvala diplomatski skandal, stigla o\u0161tra reakcija iz SAD-a\"}]},{\"@type\":\"WebSite\",\"@id\":\"https:\\\/\\\/tuzlainfo.ba\\\/#website\",\"url\":\"https:\\\/\\\/tuzlainfo.ba\\\/\",\"name\":\"TuzlaInfo.ba\",\"description\":\"Tuzla info, gradski informator - Tuzla na dlanu\",\"publisher\":{\"@id\":\"https:\\\/\\\/tuzlainfo.ba\\\/#organization\"},\"potentialAction\":[{\"@type\":\"SearchAction\",\"target\":{\"@type\":\"EntryPoint\",\"urlTemplate\":\"https:\\\/\\\/tuzlainfo.ba\\\/?s={search_term_string}\"},\"query-input\":{\"@type\":\"PropertyValueSpecification\",\"valueRequired\":true,\"valueName\":\"search_term_string\"}}],\"inLanguage\":\"bs-BA\"},{\"@type\":\"Organization\",\"@id\":\"https:\\\/\\\/tuzlainfo.ba\\\/#organization\",\"name\":\"TuzlaInfo.ba\",\"url\":\"https:\\\/\\\/tuzlainfo.ba\\\/\",\"logo\":{\"@type\":\"ImageObject\",\"inLanguage\":\"bs-BA\",\"@id\":\"https:\\\/\\\/tuzlainfo.ba\\\/#\\\/schema\\\/logo\\\/image\\\/\",\"url\":\"https:\\\/\\\/tuzlainfo.ba\\\/wp-content\\\/uploads\\\/2021\\\/03\\\/logo-ver-3-1.png\",\"contentUrl\":\"https:\\\/\\\/tuzlainfo.ba\\\/wp-content\\\/uploads\\\/2021\\\/03\\\/logo-ver-3-1.png\",\"width\":350,\"height\":95,\"caption\":\"TuzlaInfo.ba\"},\"image\":{\"@id\":\"https:\\\/\\\/tuzlainfo.ba\\\/#\\\/schema\\\/logo\\\/image\\\/\"},\"sameAs\":[\"https:\\\/\\\/www.facebook.com\\\/tuzlainfo.ba\\\/\"]},{\"@type\":\"Person\",\"@id\":\"https:\\\/\\\/tuzlainfo.ba\\\/#\\\/schema\\\/person\\\/593e78a2f6378c5ba3e7600ecfa4e63a\",\"name\":\"Admin Tri\",\"image\":{\"@type\":\"ImageObject\",\"inLanguage\":\"bs-BA\",\"@id\":\"https:\\\/\\\/secure.gravatar.com\\\/avatar\\\/b53a7f47acc7a09467757d8b2234cc38fa334b13599376e53104c0036b528ca1?s=96&d=mm&r=g\",\"url\":\"https:\\\/\\\/secure.gravatar.com\\\/avatar\\\/b53a7f47acc7a09467757d8b2234cc38fa334b13599376e53104c0036b528ca1?s=96&d=mm&r=g\",\"contentUrl\":\"https:\\\/\\\/secure.gravatar.com\\\/avatar\\\/b53a7f47acc7a09467757d8b2234cc38fa334b13599376e53104c0036b528ca1?s=96&d=mm&r=g\",\"caption\":\"Admin Tri\"},\"sameAs\":[\"https:\\\/\\\/tuzlainfo.ba\"]}]}<\/script>\n<!-- \/ Yoast SEO plugin. -->","yoast_head_json":{"title":"Sahrana Ratka Mladi\u0107a izazvala diplomatski skandal, stigla o\u0161tra reakcija iz SAD-a","robots":{"index":"index","follow":"follow","max-snippet":"max-snippet:-1","max-image-preview":"max-image-preview:large","max-video-preview":"max-video-preview:-1"},"canonical":"https:\/\/tuzlainfo.ba\/index.php\/clanci\/sa-svih-strana\/item\/314500-sahrana-ratka-mladica-izazvala-diplomatski-skandal-stigla-ostra-reakcija-iz-sad-a\/","og_locale":"bs_BA","og_type":"article","og_title":"Sahrana Ratka Mladi\u0107a izazvala diplomatski skandal, stigla o\u0161tra reakcija iz SAD-a","og_description":"Smrt pravomo\u0107no osu\u0111enog ratnog zlo\u010dinca Ratka Mladi\u0107a u ha\u0161kom pritvoru izazvala je nove politi\u010dke tenzije na Zapadnom Balkanu, a najava da bi njegov pokop u Srbiji mogao biti organiziran uz dr\u017eavne i vojne po\u010dasti izazvala je o\u0161tre reakcije iz inozemstva. Prema navodima iz Beograda, srbijansko Ministarstvo pravosu\u0111a prvobitno je najavilo mogu\u0107nost pokopa uz najvi\u0161e dr\u017eavne [&hellip;]","og_url":"https:\/\/tuzlainfo.ba\/index.php\/clanci\/sa-svih-strana\/item\/314500-sahrana-ratka-mladica-izazvala-diplomatski-skandal-stigla-ostra-reakcija-iz-sad-a\/","og_site_name":"TuzlaInfo.ba","article_publisher":"https:\/\/www.facebook.com\/tuzlainfo.ba\/","article_published_time":"2026-09-01T06:16:15+00:00","og_image":[{"width":800,"height":507,"url":"https:\/\/tuzlainfo.ba\/wp-content\/uploads\/2022\/09\/1109_ratko_mladic.jpg","type":"image\/jpeg"}],"author":"Admin Tri","twitter_card":"summary_large_image","twitter_misc":{"Written by":"Admin Tri","Est. reading time":"2 minute"},"schema":{"@context":"https:\/\/schema.org","@graph":[{"@type":"Article","@id":"https:\/\/tuzlainfo.ba\/index.php\/clanci\/sa-svih-strana\/item\/314500-sahrana-ratka-mladica-izazvala-diplomatski-skandal-stigla-ostra-reakcija-iz-sad-a\/#article","isPartOf":{"@id":"https:\/\/tuzlainfo.ba\/index.php\/clanci\/sa-svih-strana\/item\/314500-sahrana-ratka-mladica-izazvala-diplomatski-skandal-stigla-ostra-reakcija-iz-sad-a\/"},"author":{"name":"Admin Tri","@id":"https:\/\/tuzlainfo.ba\/#\/schema\/person\/593e78a2f6378c5ba3e7600ecfa4e63a"},"headline":"Sahrana Ratka Mladi\u0107a izazvala diplomatski skandal, stigla o\u0161tra reakcija iz SAD-a","datePublished":"2026-09-01T06:16:15+00:00","mainEntityOfPage":{"@id":"https:\/\/tuzlainfo.ba\/index.php\/clanci\/sa-svih-strana\/item\/314500-sahrana-ratka-mladica-izazvala-diplomatski-skandal-stigla-ostra-reakcija-iz-sad-a\/"},"wordCount":329,"publisher":{"@id":"https:\/\/tuzlainfo.ba\/#organization"},"image":{"@id":"https:\/\/tuzlainfo.ba\/index.php\/clanci\/sa-svih-strana\/item\/314500-sahrana-ratka-mladica-izazvala-diplomatski-skandal-stigla-ostra-reakcija-iz-sad-a\/#primaryimage"},"thumbnailUrl":"https:\/\/tuzlainfo.ba\/wp-content\/uploads\/2022\/09\/1109_ratko_mladic.jpg","keywords":["aleksandar vu\u010di\u0107","ratko mladi\u0107"],"articleSection":["Sa svih strana"],"inLanguage":"bs-BA","copyrightYear":"2026","copyrightHolder":{"@id":"https:\/\/tuzlainfo.ba\/#organization"}},{"@type":"WebPage","@id":"https:\/\/tuzlainfo.ba\/index.php\/clanci\/sa-svih-strana\/item\/314500-sahrana-ratka-mladica-izazvala-diplomatski-skandal-stigla-ostra-reakcija-iz-sad-a\/","url":"https:\/\/tuzlainfo.ba\/index.php\/clanci\/sa-svih-strana\/item\/314500-sahrana-ratka-mladica-izazvala-diplomatski-skandal-stigla-ostra-reakcija-iz-sad-a\/","name":"Sahrana Ratka Mladi\u0107a izazvala diplomatski skandal, stigla o\u0161tra reakcija iz SAD-a","isPartOf":{"@id":"https:\/\/tuzlainfo.ba\/#website"},"primaryImageOfPage":{"@id":"https:\/\/tuzlainfo.ba\/index.php\/clanci\/sa-svih-strana\/item\/314500-sahrana-ratka-mladica-izazvala-diplomatski-skandal-stigla-ostra-reakcija-iz-sad-a\/#primaryimage"},"image":{"@id":"https:\/\/tuzlainfo.ba\/index.php\/clanci\/sa-svih-strana\/item\/314500-sahrana-ratka-mladica-izazvala-diplomatski-skandal-stigla-ostra-reakcija-iz-sad-a\/#primaryimage"},"thumbnailUrl":"https:\/\/tuzlainfo.ba\/wp-content\/uploads\/2022\/09\/1109_ratko_mladic.jpg","datePublished":"2026-09-01T06:16:15+00:00","breadcrumb":{"@id":"https:\/\/tuzlainfo.ba\/index.php\/clanci\/sa-svih-strana\/item\/314500-sahrana-ratka-mladica-izazvala-diplomatski-skandal-stigla-ostra-reakcija-iz-sad-a\/#breadcrumb"},"inLanguage":"bs-BA","potentialAction":[{"@type":"ReadAction","target":["https:\/\/tuzlainfo.ba\/index.php\/clanci\/sa-svih-strana\/item\/314500-sahrana-ratka-mladica-izazvala-diplomatski-skandal-stigla-ostra-reakcija-iz-sad-a\/"]}]},{"@type":"ImageObject","inLanguage":"bs-BA","@id":"https:\/\/tuzlainfo.ba\/index.php\/clanci\/sa-svih-strana\/item\/314500-sahrana-ratka-mladica-izazvala-diplomatski-skandal-stigla-ostra-reakcija-iz-sad-a\/#primaryimage","url":"https:\/\/tuzlainfo.ba\/wp-content\/uploads\/2022\/09\/1109_ratko_mladic.jpg","contentUrl":"https:\/\/tuzlainfo.ba\/wp-content\/uploads\/2022\/09\/1109_ratko_mladic.jpg","width":800,"height":507,"caption":"Ratko Mladi\u0107 \/ Screenshot \/ IRMCT"},{"@type":"BreadcrumbList","@id":"https:\/\/tuzlainfo.ba\/index.php\/clanci\/sa-svih-strana\/item\/314500-sahrana-ratka-mladica-izazvala-diplomatski-skandal-stigla-ostra-reakcija-iz-sad-a\/#breadcrumb","itemListElement":[{"@type":"ListItem","position":1,"name":"Home","item":"https:\/\/tuzlainfo.ba\/"},{"@type":"ListItem","position":2,"name":"Sahrana Ratka Mladi\u0107a izazvala diplomatski skandal, stigla o\u0161tra reakcija iz SAD-a"}]},{"@type":"WebSite","@id":"https:\/\/tuzlainfo.ba\/#website","url":"https:\/\/tuzlainfo.ba\/","name":"TuzlaInfo.ba","description":"Tuzla info, gradski informator - Tuzla na dlanu","publisher":{"@id":"https:\/\/tuzlainfo.ba\/#organization"},"potentialAction":[{"@type":"SearchAction","target":{"@type":"EntryPoint","urlTemplate":"https:\/\/tuzlainfo.ba\/?s={search_term_string}"},"query-input":{"@type":"PropertyValueSpecification","valueRequired":true,"valueName":"search_term_string"}}],"inLanguage":"bs-BA"},{"@type":"Organization","@id":"https:\/\/tuzlainfo.ba\/#organization","name":"TuzlaInfo.ba","url":"https:\/\/tuzlainfo.ba\/","logo":{"@type":"ImageObject","inLanguage":"bs-BA","@id":"https:\/\/tuzlainfo.ba\/#\/schema\/logo\/image\/","url":"https:\/\/tuzlainfo.ba\/wp-content\/uploads\/2021\/03\/logo-ver-3-1.png","contentUrl":"https:\/\/tuzlainfo.ba\/wp-content\/uploads\/2021\/03\/logo-ver-3-1.png","width":350,"height":95,"caption":"TuzlaInfo.ba"},"image":{"@id":"https:\/\/tuzlainfo.ba\/#\/schema\/logo\/image\/"},"sameAs":["https:\/\/www.facebook.com\/tuzlainfo.ba\/"]},{"@type":"Person","@id":"https:\/\/tuzlainfo.ba\/#\/schema\/person\/593e78a2f6378c5ba3e7600ecfa4e63a","name":"Admin Tri","image":{"@type":"ImageObject","inLanguage":"bs-BA","@id":"https:\/\/secure.gravatar.com\/avatar\/b53a7f47acc7a09467757d8b2234cc38fa334b13599376e53104c0036b528ca1?s=96&d=mm&r=g","url":"https:\/\/secure.gravatar.com\/avatar\/b53a7f47acc7a09467757d8b2234cc38fa334b13599376e53104c0036b528ca1?s=96&d=mm&r=g","contentUrl":"https:\/\/secure.gravatar.com\/avatar\/b53a7f47acc7a09467757d8b2234cc38fa334b13599376e53104c0036b528ca1?s=96&d=mm&r=g","caption":"Admin Tri"},"sameAs":["https:\/\/tuzlainfo.ba"]}]}},"_links":{"self":[{"href":"https:\/\/tuzlainfo.ba\/index.php\/wp-json\/wp\/v2\/posts\/314500","targetHints":{"allow":["GET"]}}],"collection":[{"href":"https:\/\/tuzlainfo.ba\/index.php\/wp-json\/wp\/v2\/posts"}],"about":[{"href":"https:\/\/tuzlainfo.ba\/index.php\/wp-json\/wp\/v2\/types\/post"}],"author":[{"embeddable":true,"href":"https:\/\/tuzlainfo.ba\/index.php\/wp-json\/wp\/v2\/users\/8"}],"replies":[{"embeddable":true,"href":"https:\/\/tuzlainfo.ba\/index.php\/wp-json\/wp\/v2\/comments?post=314500"}],"version-history":[{"count":2,"href":"https:\/\/tuzlainfo.ba\/index.php\/wp-json\/wp\/v2\/posts\/314500\/revisions"}],"predecessor-version":[{"id":314502,"href":"https:\/\/tuzlainfo.ba\/index.php\/wp-json\/wp\/v2\/posts\/314500\/revisions\/314502"}],"wp:featuredmedia":[{"embeddable":true,"href":"https:\/\/tuzlainfo.ba\/index.php\/wp-json\/wp\/v2\/media\/183679"}],"wp:attachment":[{"href":"https:\/\/tuzlainfo.ba\/index.php\/wp-json\/wp\/v2\/media?parent=314500"}],"wp:term":[{"taxonomy":"category","embeddable":true,"href":"https:\/\/tuzlainfo.ba\/index.php\/wp-json\/wp\/v2\/categories?post=314500"},{"taxonomy":"post_tag","embeddable":true,"href":"https:\/\/tuzlainfo.ba\/index.php\/wp-json\/wp\/v2\/tags?post=314500"}],"curies":[{"name":"wp","href":"https:\/\/api.w.org\/{rel}","templated":true}]}}