{"id":314497,"date":"2026-09-01T11:05:41","date_gmt":"2026-09-01T09:05:41","guid":{"rendered":"https:\/\/tuzlainfo.ba\/?p=314497"},"modified":"2026-09-01T08:08:01","modified_gmt":"2026-09-01T06:08:01","slug":"tuzlak-azur-mehmedovic-pobjednik-62-festivala-ilidza-s-pjesmom-ah-moja-draga","status":"publish","type":"post","link":"https:\/\/tuzlainfo.ba\/index.php\/magazin\/item\/314497-tuzlak-azur-mehmedovic-pobjednik-62-festivala-ilidza-s-pjesmom-ah-moja-draga\/","title":{"rendered":"Tuzlak Azur Mehmedovi\u0107 pobjednik 62. Festivala Ilid\u017ea s pjesmom \u201eAh, moja draga\u201c"},"content":{"rendered":"<p data-start=\"84\" data-end=\"286\">Mladi Tuzlak Azur Mehmedovi\u0107 ostvario je zna\u010dajan muzi\u010dki uspjeh osvojiv\u0161i prvo mjesto na 62. Festivalu Ilid\u017ea, odr\u017eanom 25. augusta 2026. godine. Pobjedu mu je donijela izvedba pjesme \u201eAh, moja draga\u201c.<\/p>\n<p data-start=\"288\" data-end=\"495\">Festival Ilid\u017ea decenijama zauzima posebno mjesto na sceni tradicionalne i narodne muzike u Bosni i Hercegovini, pa pobjeda na ovom festivalu predstavlja va\u017ean trenutak u Mehmedovi\u0107evoj dosada\u0161njoj karijeri.<\/p>\n<p data-start=\"497\" data-end=\"707\">Tuzlanski pjeva\u010d svojim nastupom predstavio se interpretacijom u kojoj su do izra\u017eaja do\u0161li njegov vokal, emocija i sigurnost na sceni, a prvo mjesto predstavlja potvrdu njegovog dosada\u0161njeg rada i potencijala.<\/p>\n<p data-start=\"709\" data-end=\"957\">Mehmedovi\u0107 je ve\u0107 du\u017ee vrijeme prisutan na muzi\u010dkoj sceni, a me\u0111u kolegama i ljudima iz svijeta muzike va\u017ei za jednog od perspektivnih vokala mla\u0111e generacije. Pobjeda na Ilid\u017ei mogla bi predstavljati i zna\u010dajan iskorak u nastavku njegove karijere.<\/p>\n<p data-start=\"959\" data-end=\"1112\">Uspjeh ima dodatnu vrijednost i za Tuzlu, grad s dugom i prepoznatljivom muzi\u010dkom tradicijom iz kojeg su tokom decenija dolazili brojni poznati izvo\u0111a\u010di.<\/p>\n<p data-start=\"1114\" data-end=\"1345\">Osvajanjem prvog mjesta na 62. Festivalu Ilid\u017ea, Azur Mehmedovi\u0107 napravio je jedan od najzna\u010dajnijih koraka u dosada\u0161njoj karijeri, a pjesma \u201eAh, moja draga\u201c ostat \u0107e zabilje\u017eena kao pjesma s kojom je stigao do festivalske pobjede.<\/p>\n","protected":false},"excerpt":{"rendered":"<p>Mladi Tuzlak Azur Mehmedovi\u0107 ostvario je zna\u010dajan muzi\u010dki uspjeh osvojiv\u0161i prvo mjesto na 62. Festivalu Ilid\u017ea, odr\u017eanom 25. augusta 2026. godine. Pobjedu mu je donijela izvedba pjesme \u201eAh, moja draga\u201c. Festival Ilid\u017ea decenijama zauzima posebno mjesto na sceni tradicionalne i narodne muzike u Bosni i Hercegovini, pa pobjeda na ovom festivalu predstavlja va\u017ean trenutak u [&hellip;]<\/p>\n","protected":false},"author":2,"featured_media":314498,"comment_status":"closed","ping_status":"closed","sticky":false,"template":"","format":"standard","meta":{"footnotes":""},"categories":[304,292],"tags":[10845],"class_list":["post-314497","post","type-post","status-publish","format-standard","has-post-thumbnail","hentry","category-istaknuto","category-magazin","tag-festival-ilidza"],"yoast_head":"<!-- This site is optimized with the Yoast SEO plugin v28.3 - https:\/\/yoast.com\/product\/yoast-seo-wordpress\/ -->\n<title>Tuzlak Azur Mehmedovi\u0107 pobjednik 62. Festivala Ilid\u017ea s pjesmom \u201eAh, moja draga\u201c<\/title>\n<meta name=\"robots\" content=\"index, follow, max-snippet:-1, max-image-preview:large, max-video-preview:-1\" \/>\n<link rel=\"canonical\" href=\"https:\/\/tuzlainfo.ba\/index.php\/magazin\/item\/314497-tuzlak-azur-mehmedovic-pobjednik-62-festivala-ilidza-s-pjesmom-ah-moja-draga\/\" \/>\n<meta property=\"og:locale\" content=\"bs_BA\" \/>\n<meta property=\"og:type\" content=\"article\" \/>\n<meta property=\"og:title\" content=\"Tuzlak Azur Mehmedovi\u0107 pobjednik 62. Festivala Ilid\u017ea s pjesmom \u201eAh, moja draga\u201c\" \/>\n<meta property=\"og:description\" content=\"Mladi Tuzlak Azur Mehmedovi\u0107 ostvario je zna\u010dajan muzi\u010dki uspjeh osvojiv\u0161i prvo mjesto na 62. Festivalu Ilid\u017ea, odr\u017eanom 25. augusta 2026. godine. Pobjedu mu je donijela izvedba pjesme \u201eAh, moja draga\u201c. Festival Ilid\u017ea decenijama zauzima posebno mjesto na sceni tradicionalne i narodne muzike u Bosni i Hercegovini, pa pobjeda na ovom festivalu predstavlja va\u017ean trenutak u [&hellip;]\" \/>\n<meta property=\"og:url\" content=\"https:\/\/tuzlainfo.ba\/index.php\/magazin\/item\/314497-tuzlak-azur-mehmedovic-pobjednik-62-festivala-ilidza-s-pjesmom-ah-moja-draga\/\" \/>\n<meta property=\"og:site_name\" content=\"TuzlaInfo.ba\" \/>\n<meta property=\"article:publisher\" content=\"https:\/\/www.facebook.com\/tuzlainfo.ba\/\" \/>\n<meta property=\"article:published_time\" content=\"2026-09-01T09:05:41+00:00\" \/>\n<meta property=\"og:image\" content=\"https:\/\/tuzlainfo.ba\/wp-content\/uploads\/2026\/09\/Azur-Ilidza.jpg\" \/>\n\t<meta property=\"og:image:width\" content=\"1000\" \/>\n\t<meta property=\"og:image:height\" content=\"557\" \/>\n\t<meta property=\"og:image:type\" content=\"image\/jpeg\" \/>\n<meta name=\"author\" content=\"nedim\" \/>\n<meta name=\"twitter:card\" content=\"summary_large_image\" \/>\n<meta name=\"twitter:label1\" content=\"Written by\" \/>\n\t<meta name=\"twitter:data1\" content=\"nedim\" \/>\n\t<meta name=\"twitter:label2\" content=\"Est. reading time\" \/>\n\t<meta name=\"twitter:data2\" content=\"2 minute\" \/>\n<script type=\"application\/ld+json\" class=\"yoast-schema-graph\">{\"@context\":\"https:\\\/\\\/schema.org\",\"@graph\":[{\"@type\":\"Article\",\"@id\":\"https:\\\/\\\/tuzlainfo.ba\\\/index.php\\\/magazin\\\/item\\\/314497-tuzlak-azur-mehmedovic-pobjednik-62-festivala-ilidza-s-pjesmom-ah-moja-draga\\\/#article\",\"isPartOf\":{\"@id\":\"https:\\\/\\\/tuzlainfo.ba\\\/index.php\\\/magazin\\\/item\\\/314497-tuzlak-azur-mehmedovic-pobjednik-62-festivala-ilidza-s-pjesmom-ah-moja-draga\\\/\"},\"author\":{\"name\":\"nedim\",\"@id\":\"https:\\\/\\\/tuzlainfo.ba\\\/#\\\/schema\\\/person\\\/f434e20dc27ea133923aab08451b7f7f\"},\"headline\":\"Tuzlak Azur Mehmedovi\u0107 pobjednik 62. Festivala Ilid\u017ea s pjesmom \u201eAh, moja draga\u201c\",\"datePublished\":\"2026-09-01T09:05:41+00:00\",\"mainEntityOfPage\":{\"@id\":\"https:\\\/\\\/tuzlainfo.ba\\\/index.php\\\/magazin\\\/item\\\/314497-tuzlak-azur-mehmedovic-pobjednik-62-festivala-ilidza-s-pjesmom-ah-moja-draga\\\/\"},\"wordCount\":218,\"publisher\":{\"@id\":\"https:\\\/\\\/tuzlainfo.ba\\\/#organization\"},\"image\":{\"@id\":\"https:\\\/\\\/tuzlainfo.ba\\\/index.php\\\/magazin\\\/item\\\/314497-tuzlak-azur-mehmedovic-pobjednik-62-festivala-ilidza-s-pjesmom-ah-moja-draga\\\/#primaryimage\"},\"thumbnailUrl\":\"https:\\\/\\\/tuzlainfo.ba\\\/wp-content\\\/uploads\\\/2026\\\/09\\\/Azur-Ilidza.jpg\",\"keywords\":[\"festival ilid\u017ea\"],\"articleSection\":[\"Istaknuto\",\"Magazin\"],\"inLanguage\":\"bs-BA\",\"copyrightYear\":\"2026\",\"copyrightHolder\":{\"@id\":\"https:\\\/\\\/tuzlainfo.ba\\\/#organization\"}},{\"@type\":\"WebPage\",\"@id\":\"https:\\\/\\\/tuzlainfo.ba\\\/index.php\\\/magazin\\\/item\\\/314497-tuzlak-azur-mehmedovic-pobjednik-62-festivala-ilidza-s-pjesmom-ah-moja-draga\\\/\",\"url\":\"https:\\\/\\\/tuzlainfo.ba\\\/index.php\\\/magazin\\\/item\\\/314497-tuzlak-azur-mehmedovic-pobjednik-62-festivala-ilidza-s-pjesmom-ah-moja-draga\\\/\",\"name\":\"Tuzlak Azur Mehmedovi\u0107 pobjednik 62. Festivala Ilid\u017ea s pjesmom \u201eAh, moja draga\u201c\",\"isPartOf\":{\"@id\":\"https:\\\/\\\/tuzlainfo.ba\\\/#website\"},\"primaryImageOfPage\":{\"@id\":\"https:\\\/\\\/tuzlainfo.ba\\\/index.php\\\/magazin\\\/item\\\/314497-tuzlak-azur-mehmedovic-pobjednik-62-festivala-ilidza-s-pjesmom-ah-moja-draga\\\/#primaryimage\"},\"image\":{\"@id\":\"https:\\\/\\\/tuzlainfo.ba\\\/index.php\\\/magazin\\\/item\\\/314497-tuzlak-azur-mehmedovic-pobjednik-62-festivala-ilidza-s-pjesmom-ah-moja-draga\\\/#primaryimage\"},\"thumbnailUrl\":\"https:\\\/\\\/tuzlainfo.ba\\\/wp-content\\\/uploads\\\/2026\\\/09\\\/Azur-Ilidza.jpg\",\"datePublished\":\"2026-09-01T09:05:41+00:00\",\"breadcrumb\":{\"@id\":\"https:\\\/\\\/tuzlainfo.ba\\\/index.php\\\/magazin\\\/item\\\/314497-tuzlak-azur-mehmedovic-pobjednik-62-festivala-ilidza-s-pjesmom-ah-moja-draga\\\/#breadcrumb\"},\"inLanguage\":\"bs-BA\",\"potentialAction\":[{\"@type\":\"ReadAction\",\"target\":[\"https:\\\/\\\/tuzlainfo.ba\\\/index.php\\\/magazin\\\/item\\\/314497-tuzlak-azur-mehmedovic-pobjednik-62-festivala-ilidza-s-pjesmom-ah-moja-draga\\\/\"]}]},{\"@type\":\"ImageObject\",\"inLanguage\":\"bs-BA\",\"@id\":\"https:\\\/\\\/tuzlainfo.ba\\\/index.php\\\/magazin\\\/item\\\/314497-tuzlak-azur-mehmedovic-pobjednik-62-festivala-ilidza-s-pjesmom-ah-moja-draga\\\/#primaryimage\",\"url\":\"https:\\\/\\\/tuzlainfo.ba\\\/wp-content\\\/uploads\\\/2026\\\/09\\\/Azur-Ilidza.jpg\",\"contentUrl\":\"https:\\\/\\\/tuzlainfo.ba\\\/wp-content\\\/uploads\\\/2026\\\/09\\\/Azur-Ilidza.jpg\",\"width\":1000,\"height\":557},{\"@type\":\"BreadcrumbList\",\"@id\":\"https:\\\/\\\/tuzlainfo.ba\\\/index.php\\\/magazin\\\/item\\\/314497-tuzlak-azur-mehmedovic-pobjednik-62-festivala-ilidza-s-pjesmom-ah-moja-draga\\\/#breadcrumb\",\"itemListElement\":[{\"@type\":\"ListItem\",\"position\":1,\"name\":\"Home\",\"item\":\"https:\\\/\\\/tuzlainfo.ba\\\/\"},{\"@type\":\"ListItem\",\"position\":2,\"name\":\"Tuzlak Azur Mehmedovi\u0107 pobjednik 62. Festivala Ilid\u017ea s pjesmom \u201eAh, moja draga\u201c\"}]},{\"@type\":\"WebSite\",\"@id\":\"https:\\\/\\\/tuzlainfo.ba\\\/#website\",\"url\":\"https:\\\/\\\/tuzlainfo.ba\\\/\",\"name\":\"TuzlaInfo.ba\",\"description\":\"Tuzla info, gradski informator - Tuzla na dlanu\",\"publisher\":{\"@id\":\"https:\\\/\\\/tuzlainfo.ba\\\/#organization\"},\"potentialAction\":[{\"@type\":\"SearchAction\",\"target\":{\"@type\":\"EntryPoint\",\"urlTemplate\":\"https:\\\/\\\/tuzlainfo.ba\\\/?s={search_term_string}\"},\"query-input\":{\"@type\":\"PropertyValueSpecification\",\"valueRequired\":true,\"valueName\":\"search_term_string\"}}],\"inLanguage\":\"bs-BA\"},{\"@type\":\"Organization\",\"@id\":\"https:\\\/\\\/tuzlainfo.ba\\\/#organization\",\"name\":\"TuzlaInfo.ba\",\"url\":\"https:\\\/\\\/tuzlainfo.ba\\\/\",\"logo\":{\"@type\":\"ImageObject\",\"inLanguage\":\"bs-BA\",\"@id\":\"https:\\\/\\\/tuzlainfo.ba\\\/#\\\/schema\\\/logo\\\/image\\\/\",\"url\":\"https:\\\/\\\/tuzlainfo.ba\\\/wp-content\\\/uploads\\\/2021\\\/03\\\/logo-ver-3-1.png\",\"contentUrl\":\"https:\\\/\\\/tuzlainfo.ba\\\/wp-content\\\/uploads\\\/2021\\\/03\\\/logo-ver-3-1.png\",\"width\":350,\"height\":95,\"caption\":\"TuzlaInfo.ba\"},\"image\":{\"@id\":\"https:\\\/\\\/tuzlainfo.ba\\\/#\\\/schema\\\/logo\\\/image\\\/\"},\"sameAs\":[\"https:\\\/\\\/www.facebook.com\\\/tuzlainfo.ba\\\/\"]},{\"@type\":\"Person\",\"@id\":\"https:\\\/\\\/tuzlainfo.ba\\\/#\\\/schema\\\/person\\\/f434e20dc27ea133923aab08451b7f7f\",\"name\":\"nedim\",\"image\":{\"@type\":\"ImageObject\",\"inLanguage\":\"bs-BA\",\"@id\":\"https:\\\/\\\/secure.gravatar.com\\\/avatar\\\/5b928a2e7e70a54208d2eb6c1edcb75a5350d6ae97d5f0a701203d456823f6f3?s=96&d=mm&r=g\",\"url\":\"https:\\\/\\\/secure.gravatar.com\\\/avatar\\\/5b928a2e7e70a54208d2eb6c1edcb75a5350d6ae97d5f0a701203d456823f6f3?s=96&d=mm&r=g\",\"contentUrl\":\"https:\\\/\\\/secure.gravatar.com\\\/avatar\\\/5b928a2e7e70a54208d2eb6c1edcb75a5350d6ae97d5f0a701203d456823f6f3?s=96&d=mm&r=g\",\"caption\":\"nedim\"},\"description\":\"Tuzlainfo.ba pratite na dru\u0161tvenim mre\u017eama: Facebook, Instagram i Youtube. Svoje pri\u010de, upite i fotografije \u0161aljite na na\u0161u e-mail adresu.\"}]}<\/script>\n<!-- \/ Yoast SEO plugin. -->","yoast_head_json":{"title":"Tuzlak Azur Mehmedovi\u0107 pobjednik 62. Festivala Ilid\u017ea s pjesmom \u201eAh, moja draga\u201c","robots":{"index":"index","follow":"follow","max-snippet":"max-snippet:-1","max-image-preview":"max-image-preview:large","max-video-preview":"max-video-preview:-1"},"canonical":"https:\/\/tuzlainfo.ba\/index.php\/magazin\/item\/314497-tuzlak-azur-mehmedovic-pobjednik-62-festivala-ilidza-s-pjesmom-ah-moja-draga\/","og_locale":"bs_BA","og_type":"article","og_title":"Tuzlak Azur Mehmedovi\u0107 pobjednik 62. Festivala Ilid\u017ea s pjesmom \u201eAh, moja draga\u201c","og_description":"Mladi Tuzlak Azur Mehmedovi\u0107 ostvario je zna\u010dajan muzi\u010dki uspjeh osvojiv\u0161i prvo mjesto na 62. Festivalu Ilid\u017ea, odr\u017eanom 25. augusta 2026. godine. Pobjedu mu je donijela izvedba pjesme \u201eAh, moja draga\u201c. Festival Ilid\u017ea decenijama zauzima posebno mjesto na sceni tradicionalne i narodne muzike u Bosni i Hercegovini, pa pobjeda na ovom festivalu predstavlja va\u017ean trenutak u [&hellip;]","og_url":"https:\/\/tuzlainfo.ba\/index.php\/magazin\/item\/314497-tuzlak-azur-mehmedovic-pobjednik-62-festivala-ilidza-s-pjesmom-ah-moja-draga\/","og_site_name":"TuzlaInfo.ba","article_publisher":"https:\/\/www.facebook.com\/tuzlainfo.ba\/","article_published_time":"2026-09-01T09:05:41+00:00","og_image":[{"width":1000,"height":557,"url":"https:\/\/tuzlainfo.ba\/wp-content\/uploads\/2026\/09\/Azur-Ilidza.jpg","type":"image\/jpeg"}],"author":"nedim","twitter_card":"summary_large_image","twitter_misc":{"Written by":"nedim","Est. reading time":"2 minute"},"schema":{"@context":"https:\/\/schema.org","@graph":[{"@type":"Article","@id":"https:\/\/tuzlainfo.ba\/index.php\/magazin\/item\/314497-tuzlak-azur-mehmedovic-pobjednik-62-festivala-ilidza-s-pjesmom-ah-moja-draga\/#article","isPartOf":{"@id":"https:\/\/tuzlainfo.ba\/index.php\/magazin\/item\/314497-tuzlak-azur-mehmedovic-pobjednik-62-festivala-ilidza-s-pjesmom-ah-moja-draga\/"},"author":{"name":"nedim","@id":"https:\/\/tuzlainfo.ba\/#\/schema\/person\/f434e20dc27ea133923aab08451b7f7f"},"headline":"Tuzlak Azur Mehmedovi\u0107 pobjednik 62. Festivala Ilid\u017ea s pjesmom \u201eAh, moja draga\u201c","datePublished":"2026-09-01T09:05:41+00:00","mainEntityOfPage":{"@id":"https:\/\/tuzlainfo.ba\/index.php\/magazin\/item\/314497-tuzlak-azur-mehmedovic-pobjednik-62-festivala-ilidza-s-pjesmom-ah-moja-draga\/"},"wordCount":218,"publisher":{"@id":"https:\/\/tuzlainfo.ba\/#organization"},"image":{"@id":"https:\/\/tuzlainfo.ba\/index.php\/magazin\/item\/314497-tuzlak-azur-mehmedovic-pobjednik-62-festivala-ilidza-s-pjesmom-ah-moja-draga\/#primaryimage"},"thumbnailUrl":"https:\/\/tuzlainfo.ba\/wp-content\/uploads\/2026\/09\/Azur-Ilidza.jpg","keywords":["festival ilid\u017ea"],"articleSection":["Istaknuto","Magazin"],"inLanguage":"bs-BA","copyrightYear":"2026","copyrightHolder":{"@id":"https:\/\/tuzlainfo.ba\/#organization"}},{"@type":"WebPage","@id":"https:\/\/tuzlainfo.ba\/index.php\/magazin\/item\/314497-tuzlak-azur-mehmedovic-pobjednik-62-festivala-ilidza-s-pjesmom-ah-moja-draga\/","url":"https:\/\/tuzlainfo.ba\/index.php\/magazin\/item\/314497-tuzlak-azur-mehmedovic-pobjednik-62-festivala-ilidza-s-pjesmom-ah-moja-draga\/","name":"Tuzlak Azur Mehmedovi\u0107 pobjednik 62. Festivala Ilid\u017ea s pjesmom \u201eAh, moja draga\u201c","isPartOf":{"@id":"https:\/\/tuzlainfo.ba\/#website"},"primaryImageOfPage":{"@id":"https:\/\/tuzlainfo.ba\/index.php\/magazin\/item\/314497-tuzlak-azur-mehmedovic-pobjednik-62-festivala-ilidza-s-pjesmom-ah-moja-draga\/#primaryimage"},"image":{"@id":"https:\/\/tuzlainfo.ba\/index.php\/magazin\/item\/314497-tuzlak-azur-mehmedovic-pobjednik-62-festivala-ilidza-s-pjesmom-ah-moja-draga\/#primaryimage"},"thumbnailUrl":"https:\/\/tuzlainfo.ba\/wp-content\/uploads\/2026\/09\/Azur-Ilidza.jpg","datePublished":"2026-09-01T09:05:41+00:00","breadcrumb":{"@id":"https:\/\/tuzlainfo.ba\/index.php\/magazin\/item\/314497-tuzlak-azur-mehmedovic-pobjednik-62-festivala-ilidza-s-pjesmom-ah-moja-draga\/#breadcrumb"},"inLanguage":"bs-BA","potentialAction":[{"@type":"ReadAction","target":["https:\/\/tuzlainfo.ba\/index.php\/magazin\/item\/314497-tuzlak-azur-mehmedovic-pobjednik-62-festivala-ilidza-s-pjesmom-ah-moja-draga\/"]}]},{"@type":"ImageObject","inLanguage":"bs-BA","@id":"https:\/\/tuzlainfo.ba\/index.php\/magazin\/item\/314497-tuzlak-azur-mehmedovic-pobjednik-62-festivala-ilidza-s-pjesmom-ah-moja-draga\/#primaryimage","url":"https:\/\/tuzlainfo.ba\/wp-content\/uploads\/2026\/09\/Azur-Ilidza.jpg","contentUrl":"https:\/\/tuzlainfo.ba\/wp-content\/uploads\/2026\/09\/Azur-Ilidza.jpg","width":1000,"height":557},{"@type":"BreadcrumbList","@id":"https:\/\/tuzlainfo.ba\/index.php\/magazin\/item\/314497-tuzlak-azur-mehmedovic-pobjednik-62-festivala-ilidza-s-pjesmom-ah-moja-draga\/#breadcrumb","itemListElement":[{"@type":"ListItem","position":1,"name":"Home","item":"https:\/\/tuzlainfo.ba\/"},{"@type":"ListItem","position":2,"name":"Tuzlak Azur Mehmedovi\u0107 pobjednik 62. Festivala Ilid\u017ea s pjesmom \u201eAh, moja draga\u201c"}]},{"@type":"WebSite","@id":"https:\/\/tuzlainfo.ba\/#website","url":"https:\/\/tuzlainfo.ba\/","name":"TuzlaInfo.ba","description":"Tuzla info, gradski informator - Tuzla na dlanu","publisher":{"@id":"https:\/\/tuzlainfo.ba\/#organization"},"potentialAction":[{"@type":"SearchAction","target":{"@type":"EntryPoint","urlTemplate":"https:\/\/tuzlainfo.ba\/?s={search_term_string}"},"query-input":{"@type":"PropertyValueSpecification","valueRequired":true,"valueName":"search_term_string"}}],"inLanguage":"bs-BA"},{"@type":"Organization","@id":"https:\/\/tuzlainfo.ba\/#organization","name":"TuzlaInfo.ba","url":"https:\/\/tuzlainfo.ba\/","logo":{"@type":"ImageObject","inLanguage":"bs-BA","@id":"https:\/\/tuzlainfo.ba\/#\/schema\/logo\/image\/","url":"https:\/\/tuzlainfo.ba\/wp-content\/uploads\/2021\/03\/logo-ver-3-1.png","contentUrl":"https:\/\/tuzlainfo.ba\/wp-content\/uploads\/2021\/03\/logo-ver-3-1.png","width":350,"height":95,"caption":"TuzlaInfo.ba"},"image":{"@id":"https:\/\/tuzlainfo.ba\/#\/schema\/logo\/image\/"},"sameAs":["https:\/\/www.facebook.com\/tuzlainfo.ba\/"]},{"@type":"Person","@id":"https:\/\/tuzlainfo.ba\/#\/schema\/person\/f434e20dc27ea133923aab08451b7f7f","name":"nedim","image":{"@type":"ImageObject","inLanguage":"bs-BA","@id":"https:\/\/secure.gravatar.com\/avatar\/5b928a2e7e70a54208d2eb6c1edcb75a5350d6ae97d5f0a701203d456823f6f3?s=96&d=mm&r=g","url":"https:\/\/secure.gravatar.com\/avatar\/5b928a2e7e70a54208d2eb6c1edcb75a5350d6ae97d5f0a701203d456823f6f3?s=96&d=mm&r=g","contentUrl":"https:\/\/secure.gravatar.com\/avatar\/5b928a2e7e70a54208d2eb6c1edcb75a5350d6ae97d5f0a701203d456823f6f3?s=96&d=mm&r=g","caption":"nedim"},"description":"Tuzlainfo.ba pratite na dru\u0161tvenim mre\u017eama: Facebook, Instagram i Youtube. Svoje pri\u010de, upite i fotografije \u0161aljite na na\u0161u e-mail adresu."}]}},"_links":{"self":[{"href":"https:\/\/tuzlainfo.ba\/index.php\/wp-json\/wp\/v2\/posts\/314497","targetHints":{"allow":["GET"]}}],"collection":[{"href":"https:\/\/tuzlainfo.ba\/index.php\/wp-json\/wp\/v2\/posts"}],"about":[{"href":"https:\/\/tuzlainfo.ba\/index.php\/wp-json\/wp\/v2\/types\/post"}],"author":[{"embeddable":true,"href":"https:\/\/tuzlainfo.ba\/index.php\/wp-json\/wp\/v2\/users\/2"}],"replies":[{"embeddable":true,"href":"https:\/\/tuzlainfo.ba\/index.php\/wp-json\/wp\/v2\/comments?post=314497"}],"version-history":[{"count":1,"href":"https:\/\/tuzlainfo.ba\/index.php\/wp-json\/wp\/v2\/posts\/314497\/revisions"}],"predecessor-version":[{"id":314499,"href":"https:\/\/tuzlainfo.ba\/index.php\/wp-json\/wp\/v2\/posts\/314497\/revisions\/314499"}],"wp:featuredmedia":[{"embeddable":true,"href":"https:\/\/tuzlainfo.ba\/index.php\/wp-json\/wp\/v2\/media\/314498"}],"wp:attachment":[{"href":"https:\/\/tuzlainfo.ba\/index.php\/wp-json\/wp\/v2\/media?parent=314497"}],"wp:term":[{"taxonomy":"category","embeddable":true,"href":"https:\/\/tuzlainfo.ba\/index.php\/wp-json\/wp\/v2\/categories?post=314497"},{"taxonomy":"post_tag","embeddable":true,"href":"https:\/\/tuzlainfo.ba\/index.php\/wp-json\/wp\/v2\/tags?post=314497"}],"curies":[{"name":"wp","href":"https:\/\/api.w.org\/{rel}","templated":true}]}}