{"id":314493,"date":"2026-09-01T07:58:43","date_gmt":"2026-09-01T05:58:43","guid":{"rendered":"https:\/\/tuzlainfo.ba\/?p=314493"},"modified":"2026-09-01T08:01:53","modified_gmt":"2026-09-01T06:01:53","slug":"danas-pocinje-nova-skolska-godina-u-tk-uz-pojacano-prisustvo-policije-i-besplatne-udzbenike","status":"publish","type":"post","link":"https:\/\/tuzlainfo.ba\/index.php\/novosti\/item\/314493-danas-pocinje-nova-skolska-godina-u-tk-uz-pojacano-prisustvo-policije-i-besplatne-udzbenike\/","title":{"rendered":"Danas po\u010dinje nova \u0161kolska godina u TK uz poja\u010dano prisustvo policije i besplatne ud\u017ebenike"},"content":{"rendered":"<p class=\"PDq2pG_selectionAnchorContainer\" data-start=\"103\" data-end=\"354\">Za u\u010denike osnovnih i srednjih \u0161kola u Tuzlanskom kantonu danas po\u010dinje nastava u \u0161kolskoj 2026\/2027. godini. Prvo \u0161kolsko zvono ozna\u010dit \u0107e povratak u\u010denika u klupe nakon ljetnog raspusta, dok \u0107e za prva\u010di\u0107e ovo biti prvi susret sa \u0161kolskim obavezama.<\/p>\n<p data-start=\"356\" data-end=\"607\">Ministar obrazovanja i nauke Tuzlanskog kantona Ahmed Omerovi\u0107 kazao je da su \u0161kole spremne za po\u010detak nastave, a da su nastavnici i drugi zaposlenici proteklih dana radili na pripremama kako bi nova \u0161kolska godina po\u010dela \u0161to kvalitetnije i sigurnije.<\/p>\n<p data-start=\"609\" data-end=\"770\">Po\u010detak nastave bit \u0107e obilje\u017een intoniranjem dr\u017eavne himne Bosne i Hercegovine i sve\u010dane pjesme obrazovnih ustanova Tuzlanskog kantona.<\/p>\n<p data-start=\"772\" data-end=\"962\">Jedan od prioriteta u prvim danima \u0161kole bit \u0107e sigurnost u\u010denika. Omerovi\u0107 je najavio poja\u010dano prisustvo policije u blizini \u0161kolskih objekata, posebno kada je rije\u010d o regulaciji saobra\u0107aja.<\/p>\n<p data-start=\"964\" data-end=\"1277\">\u201eVa\u017eno je da na\u0161i roditelji znaju da \u0107e policija u narednim sedmicama biti prisutna u blizini \u0161kola. Razgovarali smo sa direktorom policije i u narednim danima bit \u0107e poja\u010dano prisustvo policijskih slu\u017ebenika, kako u oblasti regulacije saobra\u0107aja, tako i generalno u blizini \u0161kolskih objekata\u201c, kazao je Omerovi\u0107.<\/p>\n<h3 data-section-id=\"1016r7h\" data-start=\"1279\" data-end=\"1326\">U toku radovi na nekoliko \u0161kolskih objekata<\/h3>\n<p data-start=\"1328\" data-end=\"1598\">Tokom ljeta nastavljeni su i radovi na \u0161kolskim objektima \u0161irom Tuzlanskog kantona. Omerovi\u0107 je naveo da je tokom ove godine za kapitalna ulaganja odobreno vi\u0161e od 8,3 miliona KM, dok je veliki projekat rekonstrukcije pet \u0161kolskih objekata vrijedan oko sedam miliona KM.<\/p>\n<p data-start=\"1600\" data-end=\"1802\">Radovi na pojedinim objektima jo\u0161 nisu zavr\u0161eni, zbog \u010dega je mogu\u0107e da u narednim danima na odre\u0111enim lokacijama do\u0111e i do privremenog prekida nastave ukoliko to bude neophodno radi sigurnosti u\u010denika.<\/p>\n<p data-start=\"1804\" data-end=\"1992\">\u201ePrioritet je da u\u010denici budu sigurni, a da se radovi nastave. Cilj ovih radova jeste da imamo kvalitetniji nastavni proces i bolje uslove za boravak u\u010denika u \u0161kolama\u201c, rekao je ministar.<\/p>\n<p data-start=\"1994\" data-end=\"2312\">Kako je ranije saop\u0107eno, rije\u010d je o projektu koji obuhvata pet \u0161kolskih objekata, me\u0111u kojima su O\u0160 \u201eCentar\u201c Tuzla, O\u0160 \u201eKalesija\u201c, objekat koji koriste Mje\u0161ovita srednja saobra\u0107ajna \u0161kola i Mje\u0161ovita srednja ma\u0161inska \u0161kola Tuzla, Mje\u0161ovita srednja gra\u0111evinsko-geodetska \u0161kola Tuzla te Gimnazija \u201eMe\u0161a Selimovi\u0107\u201c Tuzla.<\/p>\n<h3 data-section-id=\"1jfcxmk\" data-start=\"2314\" data-end=\"2362\">Za sve osnovce osigurani besplatni ud\u017ebenici<\/h3>\n<p data-start=\"2364\" data-end=\"2521\">I ove \u0161kolske godine u\u010denici osnovnih \u0161kola u Tuzlanskom kantonu dobit \u0107e besplatne ud\u017ebenike, a nabavljeno je oko 170.000 ud\u017ebenika.<\/p>\n<p data-start=\"2523\" data-end=\"2776\">\u201eVeoma je va\u017eno da roditelji u\u010denika osnovnih \u0161kola znaju da su osigurani besplatni ud\u017ebenici za sve u\u010denike. Tako\u0111er, radni ud\u017ebenici su nabavljeni novi za sve u\u010denike, a radne sveske od prvog do petog razreda tako\u0111er su nabavljene\u201c, rekao je Omerovi\u0107.<\/p>\n<p data-start=\"2778\" data-end=\"3021\">Podjela ud\u017ebenika po\u010dinje danas, ali je ministar zamolio roditelje za strpljenje jer \u0107e zbog promjena broja u\u010denika, prelazaka iz \u0161kole u \u0161kolu i dolazaka u\u010denika iz inostranstva u pojedinim \u0161kolama biti potrebno dodatno uskla\u0111ivanje koli\u010dina.<\/p>\n<p data-start=\"3023\" data-end=\"3147\">\u0160kole kojima bude nedostajalo ud\u017ebenika mo\u0107i \u0107e preuzeti dodatne primjerke iz skladi\u0161ta Ministarstva obrazovanja i nauke TK.<\/p>\n<p data-start=\"3149\" data-end=\"3260\">Prema procjeni Ministarstva, besplatni ud\u017ebenici roditeljima u prosjeku donose u\u0161tedu od oko 200 KM po u\u010deniku.<\/p>\n<h3 data-section-id=\"zj2bad\" data-start=\"3262\" data-end=\"3302\">Ve\u0107e pla\u0107e zaposlenima u obrazovanju<\/h3>\n<p data-start=\"3304\" data-end=\"3489\">Nova \u0161kolska godina po\u010dinje i uz pove\u0107ana primanja zaposlenih u obrazovanju. Pla\u0107e od 1. januara pove\u0107ane su za sedam posto, dok sada slijedi dodatno pove\u0107anje.<\/p>\n<p data-start=\"3491\" data-end=\"3654\">\u201eSada \u0107e biti pove\u0107ane za dodatna tri posto i u prosjeku jo\u0161 dva posto kroz minuli rad. Na\u0161i razrednici \u0107e dobiti i pet posto dodatka na pla\u0107u\u201c, kazao je Omerovi\u0107.<\/p>\n<p data-start=\"3656\" data-end=\"3775\">Prema njegovim rije\u010dima, u protekle \u010detiri godine ukupna primanja zaposlenih u obrazovanju pove\u0107ana su za oko 55 posto.<\/p>\n<h3 data-section-id=\"wxcxf2\" data-start=\"3777\" data-end=\"3809\">\u0160kolska godina traje do juna<\/h3>\n<p data-start=\"3811\" data-end=\"3964\">Prema \u0160kolskom kalendaru Ministarstva obrazovanja i nauke TK, \u0161kolska 2026\/2027. godina formalno traje od 1. septembra 2026. do 31. augusta 2027. godine.<\/p>\n<p data-start=\"3966\" data-end=\"4115\">Prvo polugodi\u0161te trajat \u0107e do 31. decembra, nakon \u010dega slijedi zimski odmor od 1. do 28. januara. Drugo polugodi\u0161te po\u010dinje 29. januara 2027. godine.<\/p>\n<p data-start=\"4117\" data-end=\"4363\">Za ve\u0107inu u\u010denika redovna nastava zavr\u0161ava najkasnije 18. juna, dok maturanti srednjih \u0161kola zavr\u0161avaju nastavu do 14. maja. Zavr\u0161ni razredi osnovnih \u0161kola nastavu zavr\u0161avaju najkasnije 28. maja, a u\u010denici prvih razreda osnovne \u0161kole do 11. juna.<\/p>\n<p data-start=\"4117\" data-end=\"4363\"><strong>VEZANI TEKST:<\/strong><\/p>\n<p data-start=\"4117\" data-end=\"4363\"><a href=\"https:\/\/tuzlainfo.ba\/index.php\/novosti\/item\/314388-sutra-pocinje-nastava-u-tk-evo-kada-su-raspust-neradni-dani-i-zavrsetak-skolske-godine\/\"><span style=\"text-decoration: underline;\"><strong>Po\u010dinje nastava u TK: Evo kada su raspust, neradni dani i zavr\u0161etak \u0161kolske godine<\/strong><\/span><\/a><\/p>\n<p data-start=\"4365\" data-end=\"4500\">Povodom po\u010detka nove \u0161kolske i pedago\u0161ke godine Omerovi\u0107 je u\u010denicima, roditeljima i zaposlenicima u obrazovanju po\u017eelio mnogo uspjeha.<\/p>\n<p data-start=\"4502\" data-end=\"4691\">\u201eEdukacija i obrazovanje su dio \u010dovjeka i zato \u017eelim svima sretan po\u010detak nove \u0161kolske godine i da zajedno obilje\u017eavamo uspjehe koje \u0107e na\u0161i u\u010denici sigurno napraviti\u201c, poru\u010dio je ministar.<strong>\/Tuzlainfo.ba\/<\/strong><\/p>\n","protected":false},"excerpt":{"rendered":"<p>Za u\u010denike osnovnih i srednjih \u0161kola u Tuzlanskom kantonu danas po\u010dinje nastava u \u0161kolskoj 2026\/2027. godini. Prvo \u0161kolsko zvono ozna\u010dit \u0107e povratak u\u010denika u klupe nakon ljetnog raspusta, dok \u0107e za prva\u010di\u0107e ovo biti prvi susret sa \u0161kolskim obavezama. Ministar obrazovanja i nauke Tuzlanskog kantona Ahmed Omerovi\u0107 kazao je da su \u0161kole spremne za po\u010detak [&hellip;]<\/p>\n","protected":false},"author":2,"featured_media":278924,"comment_status":"closed","ping_status":"closed","sticky":false,"template":"","format":"standard","meta":{"footnotes":""},"categories":[304,12],"tags":[5289,2232,637],"class_list":["post-314493","post","type-post","status-publish","format-standard","has-post-thumbnail","hentry","category-istaknuto","category-novosti","tag-ahmed-omerovic","tag-nova-skolska-godina","tag-skola"],"yoast_head":"<!-- This site is optimized with the Yoast SEO plugin v28.4 - https:\/\/yoast.com\/product\/yoast-seo-wordpress\/ -->\n<title>Danas po\u010dinje nova \u0161kolska godina u TK uz poja\u010dano prisustvo policije i besplatne ud\u017ebenike<\/title>\n<meta name=\"robots\" content=\"index, follow, max-snippet:-1, max-image-preview:large, max-video-preview:-1\" \/>\n<link rel=\"canonical\" href=\"https:\/\/tuzlainfo.ba\/index.php\/novosti\/item\/314493-danas-pocinje-nova-skolska-godina-u-tk-uz-pojacano-prisustvo-policije-i-besplatne-udzbenike\/\" \/>\n<meta property=\"og:locale\" content=\"bs_BA\" \/>\n<meta property=\"og:type\" content=\"article\" \/>\n<meta property=\"og:title\" content=\"Danas po\u010dinje nova \u0161kolska godina u TK uz poja\u010dano prisustvo policije i besplatne ud\u017ebenike\" \/>\n<meta property=\"og:description\" content=\"Za u\u010denike osnovnih i srednjih \u0161kola u Tuzlanskom kantonu danas po\u010dinje nastava u \u0161kolskoj 2026\/2027. godini. Prvo \u0161kolsko zvono ozna\u010dit \u0107e povratak u\u010denika u klupe nakon ljetnog raspusta, dok \u0107e za prva\u010di\u0107e ovo biti prvi susret sa \u0161kolskim obavezama. Ministar obrazovanja i nauke Tuzlanskog kantona Ahmed Omerovi\u0107 kazao je da su \u0161kole spremne za po\u010detak [&hellip;]\" \/>\n<meta property=\"og:url\" content=\"https:\/\/tuzlainfo.ba\/index.php\/novosti\/item\/314493-danas-pocinje-nova-skolska-godina-u-tk-uz-pojacano-prisustvo-policije-i-besplatne-udzbenike\/\" \/>\n<meta property=\"og:site_name\" content=\"TuzlaInfo.ba\" \/>\n<meta property=\"article:publisher\" content=\"https:\/\/www.facebook.com\/tuzlainfo.ba\/\" \/>\n<meta property=\"article:published_time\" content=\"2026-09-01T05:58:43+00:00\" \/>\n<meta property=\"article:modified_time\" content=\"2026-09-01T06:01:53+00:00\" \/>\n<meta property=\"og:image\" content=\"https:\/\/tuzlainfo.ba\/wp-content\/uploads\/2025\/09\/nova-skolska-godina-2025.jpg\" \/>\n\t<meta property=\"og:image:width\" content=\"1600\" \/>\n\t<meta property=\"og:image:height\" content=\"900\" \/>\n\t<meta property=\"og:image:type\" content=\"image\/jpeg\" \/>\n<meta name=\"author\" content=\"nedim\" \/>\n<meta name=\"twitter:card\" content=\"summary_large_image\" \/>\n<meta name=\"twitter:label1\" content=\"Written by\" \/>\n\t<meta name=\"twitter:data1\" content=\"nedim\" \/>\n\t<meta name=\"twitter:label2\" content=\"Est. reading time\" \/>\n\t<meta name=\"twitter:data2\" content=\"4 minute\" \/>\n<script type=\"application\/ld+json\" class=\"yoast-schema-graph\">{\"@context\":\"https:\\\/\\\/schema.org\",\"@graph\":[{\"@type\":\"Article\",\"@id\":\"https:\\\/\\\/tuzlainfo.ba\\\/index.php\\\/novosti\\\/item\\\/314493-danas-pocinje-nova-skolska-godina-u-tk-uz-pojacano-prisustvo-policije-i-besplatne-udzbenike\\\/#article\",\"isPartOf\":{\"@id\":\"https:\\\/\\\/tuzlainfo.ba\\\/index.php\\\/novosti\\\/item\\\/314493-danas-pocinje-nova-skolska-godina-u-tk-uz-pojacano-prisustvo-policije-i-besplatne-udzbenike\\\/\"},\"author\":{\"name\":\"nedim\",\"@id\":\"https:\\\/\\\/tuzlainfo.ba\\\/#\\\/schema\\\/person\\\/f434e20dc27ea133923aab08451b7f7f\"},\"headline\":\"Danas po\u010dinje nova \u0161kolska godina u TK uz poja\u010dano prisustvo policije i besplatne ud\u017ebenike\",\"datePublished\":\"2026-09-01T05:58:43+00:00\",\"dateModified\":\"2026-09-01T06:01:53+00:00\",\"mainEntityOfPage\":{\"@id\":\"https:\\\/\\\/tuzlainfo.ba\\\/index.php\\\/novosti\\\/item\\\/314493-danas-pocinje-nova-skolska-godina-u-tk-uz-pojacano-prisustvo-policije-i-besplatne-udzbenike\\\/\"},\"wordCount\":781,\"publisher\":{\"@id\":\"https:\\\/\\\/tuzlainfo.ba\\\/#organization\"},\"image\":{\"@id\":\"https:\\\/\\\/tuzlainfo.ba\\\/index.php\\\/novosti\\\/item\\\/314493-danas-pocinje-nova-skolska-godina-u-tk-uz-pojacano-prisustvo-policije-i-besplatne-udzbenike\\\/#primaryimage\"},\"thumbnailUrl\":\"https:\\\/\\\/tuzlainfo.ba\\\/wp-content\\\/uploads\\\/2025\\\/09\\\/nova-skolska-godina-2025.jpg\",\"keywords\":[\"ahmed omerovi\u0107\",\"nova \u0161kolska godina\",\"\u0161kola\"],\"articleSection\":[\"Istaknuto\",\"Novosti\"],\"inLanguage\":\"bs-BA\",\"copyrightYear\":\"2026\",\"copyrightHolder\":{\"@id\":\"https:\\\/\\\/tuzlainfo.ba\\\/#organization\"}},{\"@type\":\"WebPage\",\"@id\":\"https:\\\/\\\/tuzlainfo.ba\\\/index.php\\\/novosti\\\/item\\\/314493-danas-pocinje-nova-skolska-godina-u-tk-uz-pojacano-prisustvo-policije-i-besplatne-udzbenike\\\/\",\"url\":\"https:\\\/\\\/tuzlainfo.ba\\\/index.php\\\/novosti\\\/item\\\/314493-danas-pocinje-nova-skolska-godina-u-tk-uz-pojacano-prisustvo-policije-i-besplatne-udzbenike\\\/\",\"name\":\"Danas po\u010dinje nova \u0161kolska godina u TK uz poja\u010dano prisustvo policije i besplatne ud\u017ebenike\",\"isPartOf\":{\"@id\":\"https:\\\/\\\/tuzlainfo.ba\\\/#website\"},\"primaryImageOfPage\":{\"@id\":\"https:\\\/\\\/tuzlainfo.ba\\\/index.php\\\/novosti\\\/item\\\/314493-danas-pocinje-nova-skolska-godina-u-tk-uz-pojacano-prisustvo-policije-i-besplatne-udzbenike\\\/#primaryimage\"},\"image\":{\"@id\":\"https:\\\/\\\/tuzlainfo.ba\\\/index.php\\\/novosti\\\/item\\\/314493-danas-pocinje-nova-skolska-godina-u-tk-uz-pojacano-prisustvo-policije-i-besplatne-udzbenike\\\/#primaryimage\"},\"thumbnailUrl\":\"https:\\\/\\\/tuzlainfo.ba\\\/wp-content\\\/uploads\\\/2025\\\/09\\\/nova-skolska-godina-2025.jpg\",\"datePublished\":\"2026-09-01T05:58:43+00:00\",\"dateModified\":\"2026-09-01T06:01:53+00:00\",\"breadcrumb\":{\"@id\":\"https:\\\/\\\/tuzlainfo.ba\\\/index.php\\\/novosti\\\/item\\\/314493-danas-pocinje-nova-skolska-godina-u-tk-uz-pojacano-prisustvo-policije-i-besplatne-udzbenike\\\/#breadcrumb\"},\"inLanguage\":\"bs-BA\",\"potentialAction\":[{\"@type\":\"ReadAction\",\"target\":[\"https:\\\/\\\/tuzlainfo.ba\\\/index.php\\\/novosti\\\/item\\\/314493-danas-pocinje-nova-skolska-godina-u-tk-uz-pojacano-prisustvo-policije-i-besplatne-udzbenike\\\/\"]}]},{\"@type\":\"ImageObject\",\"inLanguage\":\"bs-BA\",\"@id\":\"https:\\\/\\\/tuzlainfo.ba\\\/index.php\\\/novosti\\\/item\\\/314493-danas-pocinje-nova-skolska-godina-u-tk-uz-pojacano-prisustvo-policije-i-besplatne-udzbenike\\\/#primaryimage\",\"url\":\"https:\\\/\\\/tuzlainfo.ba\\\/wp-content\\\/uploads\\\/2025\\\/09\\\/nova-skolska-godina-2025.jpg\",\"contentUrl\":\"https:\\\/\\\/tuzlainfo.ba\\\/wp-content\\\/uploads\\\/2025\\\/09\\\/nova-skolska-godina-2025.jpg\",\"width\":1600,\"height\":900,\"caption\":\"Foto; Tuzlainfo.ba\"},{\"@type\":\"BreadcrumbList\",\"@id\":\"https:\\\/\\\/tuzlainfo.ba\\\/index.php\\\/novosti\\\/item\\\/314493-danas-pocinje-nova-skolska-godina-u-tk-uz-pojacano-prisustvo-policije-i-besplatne-udzbenike\\\/#breadcrumb\",\"itemListElement\":[{\"@type\":\"ListItem\",\"position\":1,\"name\":\"Home\",\"item\":\"https:\\\/\\\/tuzlainfo.ba\\\/\"},{\"@type\":\"ListItem\",\"position\":2,\"name\":\"Danas po\u010dinje nova \u0161kolska godina u TK uz poja\u010dano prisustvo policije i besplatne ud\u017ebenike\"}]},{\"@type\":\"WebSite\",\"@id\":\"https:\\\/\\\/tuzlainfo.ba\\\/#website\",\"url\":\"https:\\\/\\\/tuzlainfo.ba\\\/\",\"name\":\"TuzlaInfo.ba\",\"description\":\"Tuzla info, gradski informator - Tuzla na dlanu\",\"publisher\":{\"@id\":\"https:\\\/\\\/tuzlainfo.ba\\\/#organization\"},\"potentialAction\":[{\"@type\":\"SearchAction\",\"target\":{\"@type\":\"EntryPoint\",\"urlTemplate\":\"https:\\\/\\\/tuzlainfo.ba\\\/?s={search_term_string}\"},\"query-input\":{\"@type\":\"PropertyValueSpecification\",\"valueRequired\":true,\"valueName\":\"search_term_string\"}}],\"inLanguage\":\"bs-BA\"},{\"@type\":\"Organization\",\"@id\":\"https:\\\/\\\/tuzlainfo.ba\\\/#organization\",\"name\":\"TuzlaInfo.ba\",\"url\":\"https:\\\/\\\/tuzlainfo.ba\\\/\",\"logo\":{\"@type\":\"ImageObject\",\"inLanguage\":\"bs-BA\",\"@id\":\"https:\\\/\\\/tuzlainfo.ba\\\/#\\\/schema\\\/logo\\\/image\\\/\",\"url\":\"https:\\\/\\\/tuzlainfo.ba\\\/wp-content\\\/uploads\\\/2021\\\/03\\\/logo-ver-3-1.png\",\"contentUrl\":\"https:\\\/\\\/tuzlainfo.ba\\\/wp-content\\\/uploads\\\/2021\\\/03\\\/logo-ver-3-1.png\",\"width\":350,\"height\":95,\"caption\":\"TuzlaInfo.ba\"},\"image\":{\"@id\":\"https:\\\/\\\/tuzlainfo.ba\\\/#\\\/schema\\\/logo\\\/image\\\/\"},\"sameAs\":[\"https:\\\/\\\/www.facebook.com\\\/tuzlainfo.ba\\\/\"]},{\"@type\":\"Person\",\"@id\":\"https:\\\/\\\/tuzlainfo.ba\\\/#\\\/schema\\\/person\\\/f434e20dc27ea133923aab08451b7f7f\",\"name\":\"nedim\",\"image\":{\"@type\":\"ImageObject\",\"inLanguage\":\"bs-BA\",\"@id\":\"https:\\\/\\\/secure.gravatar.com\\\/avatar\\\/5b928a2e7e70a54208d2eb6c1edcb75a5350d6ae97d5f0a701203d456823f6f3?s=96&d=mm&r=g\",\"url\":\"https:\\\/\\\/secure.gravatar.com\\\/avatar\\\/5b928a2e7e70a54208d2eb6c1edcb75a5350d6ae97d5f0a701203d456823f6f3?s=96&d=mm&r=g\",\"contentUrl\":\"https:\\\/\\\/secure.gravatar.com\\\/avatar\\\/5b928a2e7e70a54208d2eb6c1edcb75a5350d6ae97d5f0a701203d456823f6f3?s=96&d=mm&r=g\",\"caption\":\"nedim\"},\"description\":\"Tuzlainfo.ba pratite na dru\u0161tvenim mre\u017eama: Facebook, Instagram i Youtube. Svoje pri\u010de, upite i fotografije \u0161aljite na na\u0161u e-mail adresu.\"}]}<\/script>\n<!-- \/ Yoast SEO plugin. -->","yoast_head_json":{"title":"Danas po\u010dinje nova \u0161kolska godina u TK uz poja\u010dano prisustvo policije i besplatne ud\u017ebenike","robots":{"index":"index","follow":"follow","max-snippet":"max-snippet:-1","max-image-preview":"max-image-preview:large","max-video-preview":"max-video-preview:-1"},"canonical":"https:\/\/tuzlainfo.ba\/index.php\/novosti\/item\/314493-danas-pocinje-nova-skolska-godina-u-tk-uz-pojacano-prisustvo-policije-i-besplatne-udzbenike\/","og_locale":"bs_BA","og_type":"article","og_title":"Danas po\u010dinje nova \u0161kolska godina u TK uz poja\u010dano prisustvo policije i besplatne ud\u017ebenike","og_description":"Za u\u010denike osnovnih i srednjih \u0161kola u Tuzlanskom kantonu danas po\u010dinje nastava u \u0161kolskoj 2026\/2027. godini. Prvo \u0161kolsko zvono ozna\u010dit \u0107e povratak u\u010denika u klupe nakon ljetnog raspusta, dok \u0107e za prva\u010di\u0107e ovo biti prvi susret sa \u0161kolskim obavezama. Ministar obrazovanja i nauke Tuzlanskog kantona Ahmed Omerovi\u0107 kazao je da su \u0161kole spremne za po\u010detak [&hellip;]","og_url":"https:\/\/tuzlainfo.ba\/index.php\/novosti\/item\/314493-danas-pocinje-nova-skolska-godina-u-tk-uz-pojacano-prisustvo-policije-i-besplatne-udzbenike\/","og_site_name":"TuzlaInfo.ba","article_publisher":"https:\/\/www.facebook.com\/tuzlainfo.ba\/","article_published_time":"2026-09-01T05:58:43+00:00","article_modified_time":"2026-09-01T06:01:53+00:00","og_image":[{"width":1600,"height":900,"url":"https:\/\/tuzlainfo.ba\/wp-content\/uploads\/2025\/09\/nova-skolska-godina-2025.jpg","type":"image\/jpeg"}],"author":"nedim","twitter_card":"summary_large_image","twitter_misc":{"Written by":"nedim","Est. reading time":"4 minute"},"schema":{"@context":"https:\/\/schema.org","@graph":[{"@type":"Article","@id":"https:\/\/tuzlainfo.ba\/index.php\/novosti\/item\/314493-danas-pocinje-nova-skolska-godina-u-tk-uz-pojacano-prisustvo-policije-i-besplatne-udzbenike\/#article","isPartOf":{"@id":"https:\/\/tuzlainfo.ba\/index.php\/novosti\/item\/314493-danas-pocinje-nova-skolska-godina-u-tk-uz-pojacano-prisustvo-policije-i-besplatne-udzbenike\/"},"author":{"name":"nedim","@id":"https:\/\/tuzlainfo.ba\/#\/schema\/person\/f434e20dc27ea133923aab08451b7f7f"},"headline":"Danas po\u010dinje nova \u0161kolska godina u TK uz poja\u010dano prisustvo policije i besplatne ud\u017ebenike","datePublished":"2026-09-01T05:58:43+00:00","dateModified":"2026-09-01T06:01:53+00:00","mainEntityOfPage":{"@id":"https:\/\/tuzlainfo.ba\/index.php\/novosti\/item\/314493-danas-pocinje-nova-skolska-godina-u-tk-uz-pojacano-prisustvo-policije-i-besplatne-udzbenike\/"},"wordCount":781,"publisher":{"@id":"https:\/\/tuzlainfo.ba\/#organization"},"image":{"@id":"https:\/\/tuzlainfo.ba\/index.php\/novosti\/item\/314493-danas-pocinje-nova-skolska-godina-u-tk-uz-pojacano-prisustvo-policije-i-besplatne-udzbenike\/#primaryimage"},"thumbnailUrl":"https:\/\/tuzlainfo.ba\/wp-content\/uploads\/2025\/09\/nova-skolska-godina-2025.jpg","keywords":["ahmed omerovi\u0107","nova \u0161kolska godina","\u0161kola"],"articleSection":["Istaknuto","Novosti"],"inLanguage":"bs-BA","copyrightYear":"2026","copyrightHolder":{"@id":"https:\/\/tuzlainfo.ba\/#organization"}},{"@type":"WebPage","@id":"https:\/\/tuzlainfo.ba\/index.php\/novosti\/item\/314493-danas-pocinje-nova-skolska-godina-u-tk-uz-pojacano-prisustvo-policije-i-besplatne-udzbenike\/","url":"https:\/\/tuzlainfo.ba\/index.php\/novosti\/item\/314493-danas-pocinje-nova-skolska-godina-u-tk-uz-pojacano-prisustvo-policije-i-besplatne-udzbenike\/","name":"Danas po\u010dinje nova \u0161kolska godina u TK uz poja\u010dano prisustvo policije i besplatne ud\u017ebenike","isPartOf":{"@id":"https:\/\/tuzlainfo.ba\/#website"},"primaryImageOfPage":{"@id":"https:\/\/tuzlainfo.ba\/index.php\/novosti\/item\/314493-danas-pocinje-nova-skolska-godina-u-tk-uz-pojacano-prisustvo-policije-i-besplatne-udzbenike\/#primaryimage"},"image":{"@id":"https:\/\/tuzlainfo.ba\/index.php\/novosti\/item\/314493-danas-pocinje-nova-skolska-godina-u-tk-uz-pojacano-prisustvo-policije-i-besplatne-udzbenike\/#primaryimage"},"thumbnailUrl":"https:\/\/tuzlainfo.ba\/wp-content\/uploads\/2025\/09\/nova-skolska-godina-2025.jpg","datePublished":"2026-09-01T05:58:43+00:00","dateModified":"2026-09-01T06:01:53+00:00","breadcrumb":{"@id":"https:\/\/tuzlainfo.ba\/index.php\/novosti\/item\/314493-danas-pocinje-nova-skolska-godina-u-tk-uz-pojacano-prisustvo-policije-i-besplatne-udzbenike\/#breadcrumb"},"inLanguage":"bs-BA","potentialAction":[{"@type":"ReadAction","target":["https:\/\/tuzlainfo.ba\/index.php\/novosti\/item\/314493-danas-pocinje-nova-skolska-godina-u-tk-uz-pojacano-prisustvo-policije-i-besplatne-udzbenike\/"]}]},{"@type":"ImageObject","inLanguage":"bs-BA","@id":"https:\/\/tuzlainfo.ba\/index.php\/novosti\/item\/314493-danas-pocinje-nova-skolska-godina-u-tk-uz-pojacano-prisustvo-policije-i-besplatne-udzbenike\/#primaryimage","url":"https:\/\/tuzlainfo.ba\/wp-content\/uploads\/2025\/09\/nova-skolska-godina-2025.jpg","contentUrl":"https:\/\/tuzlainfo.ba\/wp-content\/uploads\/2025\/09\/nova-skolska-godina-2025.jpg","width":1600,"height":900,"caption":"Foto; Tuzlainfo.ba"},{"@type":"BreadcrumbList","@id":"https:\/\/tuzlainfo.ba\/index.php\/novosti\/item\/314493-danas-pocinje-nova-skolska-godina-u-tk-uz-pojacano-prisustvo-policije-i-besplatne-udzbenike\/#breadcrumb","itemListElement":[{"@type":"ListItem","position":1,"name":"Home","item":"https:\/\/tuzlainfo.ba\/"},{"@type":"ListItem","position":2,"name":"Danas po\u010dinje nova \u0161kolska godina u TK uz poja\u010dano prisustvo policije i besplatne ud\u017ebenike"}]},{"@type":"WebSite","@id":"https:\/\/tuzlainfo.ba\/#website","url":"https:\/\/tuzlainfo.ba\/","name":"TuzlaInfo.ba","description":"Tuzla info, gradski informator - Tuzla na dlanu","publisher":{"@id":"https:\/\/tuzlainfo.ba\/#organization"},"potentialAction":[{"@type":"SearchAction","target":{"@type":"EntryPoint","urlTemplate":"https:\/\/tuzlainfo.ba\/?s={search_term_string}"},"query-input":{"@type":"PropertyValueSpecification","valueRequired":true,"valueName":"search_term_string"}}],"inLanguage":"bs-BA"},{"@type":"Organization","@id":"https:\/\/tuzlainfo.ba\/#organization","name":"TuzlaInfo.ba","url":"https:\/\/tuzlainfo.ba\/","logo":{"@type":"ImageObject","inLanguage":"bs-BA","@id":"https:\/\/tuzlainfo.ba\/#\/schema\/logo\/image\/","url":"https:\/\/tuzlainfo.ba\/wp-content\/uploads\/2021\/03\/logo-ver-3-1.png","contentUrl":"https:\/\/tuzlainfo.ba\/wp-content\/uploads\/2021\/03\/logo-ver-3-1.png","width":350,"height":95,"caption":"TuzlaInfo.ba"},"image":{"@id":"https:\/\/tuzlainfo.ba\/#\/schema\/logo\/image\/"},"sameAs":["https:\/\/www.facebook.com\/tuzlainfo.ba\/"]},{"@type":"Person","@id":"https:\/\/tuzlainfo.ba\/#\/schema\/person\/f434e20dc27ea133923aab08451b7f7f","name":"nedim","image":{"@type":"ImageObject","inLanguage":"bs-BA","@id":"https:\/\/secure.gravatar.com\/avatar\/5b928a2e7e70a54208d2eb6c1edcb75a5350d6ae97d5f0a701203d456823f6f3?s=96&d=mm&r=g","url":"https:\/\/secure.gravatar.com\/avatar\/5b928a2e7e70a54208d2eb6c1edcb75a5350d6ae97d5f0a701203d456823f6f3?s=96&d=mm&r=g","contentUrl":"https:\/\/secure.gravatar.com\/avatar\/5b928a2e7e70a54208d2eb6c1edcb75a5350d6ae97d5f0a701203d456823f6f3?s=96&d=mm&r=g","caption":"nedim"},"description":"Tuzlainfo.ba pratite na dru\u0161tvenim mre\u017eama: Facebook, Instagram i Youtube. Svoje pri\u010de, upite i fotografije \u0161aljite na na\u0161u e-mail adresu."}]}},"_links":{"self":[{"href":"https:\/\/tuzlainfo.ba\/index.php\/wp-json\/wp\/v2\/posts\/314493","targetHints":{"allow":["GET"]}}],"collection":[{"href":"https:\/\/tuzlainfo.ba\/index.php\/wp-json\/wp\/v2\/posts"}],"about":[{"href":"https:\/\/tuzlainfo.ba\/index.php\/wp-json\/wp\/v2\/types\/post"}],"author":[{"embeddable":true,"href":"https:\/\/tuzlainfo.ba\/index.php\/wp-json\/wp\/v2\/users\/2"}],"replies":[{"embeddable":true,"href":"https:\/\/tuzlainfo.ba\/index.php\/wp-json\/wp\/v2\/comments?post=314493"}],"version-history":[{"count":3,"href":"https:\/\/tuzlainfo.ba\/index.php\/wp-json\/wp\/v2\/posts\/314493\/revisions"}],"predecessor-version":[{"id":314496,"href":"https:\/\/tuzlainfo.ba\/index.php\/wp-json\/wp\/v2\/posts\/314493\/revisions\/314496"}],"wp:featuredmedia":[{"embeddable":true,"href":"https:\/\/tuzlainfo.ba\/index.php\/wp-json\/wp\/v2\/media\/278924"}],"wp:attachment":[{"href":"https:\/\/tuzlainfo.ba\/index.php\/wp-json\/wp\/v2\/media?parent=314493"}],"wp:term":[{"taxonomy":"category","embeddable":true,"href":"https:\/\/tuzlainfo.ba\/index.php\/wp-json\/wp\/v2\/categories?post=314493"},{"taxonomy":"post_tag","embeddable":true,"href":"https:\/\/tuzlainfo.ba\/index.php\/wp-json\/wp\/v2\/tags?post=314493"}],"curies":[{"name":"wp","href":"https:\/\/api.w.org\/{rel}","templated":true}]}}