{"id":314482,"date":"2026-08-31T21:53:07","date_gmt":"2026-08-31T19:53:07","guid":{"rendered":"https:\/\/tuzlainfo.ba\/?p=314482"},"modified":"2026-08-31T21:53:07","modified_gmt":"2026-08-31T19:53:07","slug":"turska-sa-51-kompanijom-stize-na-zeps-2026","status":"publish","type":"post","link":"https:\/\/tuzlainfo.ba\/index.php\/bosna-i-hercegovina\/item\/314482-turska-sa-51-kompanijom-stize-na-zeps-2026\/","title":{"rendered":"Turska sa 51 kompanijom sti\u017ee na ZEPS 2026"},"content":{"rendered":"<p>Sajam \u201eZEPS 2026\u201c odr\u017eat \u0107e se u Zenici od 2. do 5. septembra 2026. godine, pod pokroviteljstvom Vlade Zeni\u010dko-dobojskog kantona i Grada Zenica.<\/p>\n<p>Uz podr\u0161ku Ministarstva trgovine Republike Turske i Privredne komore Istanbula (ITO) (koja \u0107e organizirati nacionalno u\u010de\u0161\u0107e 51 kompanije), sajmu \u0107e prisustvovati zvani\u010dnici iz Bosne i Hercegovine na dr\u017eavnom, entitetskom i kantonalnom nivou, kao i predsjednik Privredne komore Istanbula, gospodin \u015eekip Avdagi\u00e7, kao i \u010dlanovi upravnog odbora, zajedno s preko 50 kompanija i predstavnika iz Republike Turske.<\/p>\n<p>S tradicijom du\u017eom od 30 godina i isti\u010du\u0107i se kao jedan od najstarijih sajmova u Bosni i Hercegovini, sajam ZEPS 2026 prostirat \u0107e se na povr\u0161ini od pribli\u017eno 20.000 m\u00b2.<\/p>\n<p>Na doga\u0111aju \u0107e u\u010destvovati skoro 300 kompanija iz metalne industrije, prerade drveta i namje\u0161taja, poljoprivrede i prehrambene industrije, tekstila, ku\u0107nog tekstila, automobilske industrije i rezervnih dijelova, gra\u0111evinarstva i gra\u0111evinskog materijala, bankarstva, urbanih sadr\u017eaja, turizma, sportske opreme, energetike i ekologije, za\u0161tite na radu, informacionih tehnologija i telekomunikacija, obrazovanja i zdravstva. Istovremeno sa sajmom bi\u0107e organizovani i razli\u010diti paneli.<\/p>\n","protected":false},"excerpt":{"rendered":"<p>Sajam \u201eZEPS 2026\u201c odr\u017eat \u0107e se u Zenici od 2. do 5. septembra 2026. godine, pod pokroviteljstvom Vlade Zeni\u010dko-dobojskog kantona i Grada Zenica. Uz podr\u0161ku Ministarstva trgovine Republike Turske i Privredne komore Istanbula (ITO) (koja \u0107e organizirati nacionalno u\u010de\u0161\u0107e 51 kompanije), sajmu \u0107e prisustvovati zvani\u010dnici iz Bosne i Hercegovine na dr\u017eavnom, entitetskom i kantonalnom nivou, [&hellip;]<\/p>\n","protected":false},"author":2,"featured_media":73253,"comment_status":"closed","ping_status":"closed","sticky":false,"template":"","format":"standard","meta":{"footnotes":""},"categories":[291],"tags":[14446],"class_list":["post-314482","post","type-post","status-publish","format-standard","has-post-thumbnail","hentry","category-bosna-i-hercegovina","tag-zeps"],"yoast_head":"<!-- This site is optimized with the Yoast SEO plugin v28.3 - https:\/\/yoast.com\/product\/yoast-seo-wordpress\/ -->\n<title>Turska sa 51 kompanijom sti\u017ee na ZEPS 2026<\/title>\n<meta name=\"robots\" content=\"index, follow, max-snippet:-1, max-image-preview:large, max-video-preview:-1\" \/>\n<link rel=\"canonical\" href=\"https:\/\/tuzlainfo.ba\/index.php\/bosna-i-hercegovina\/item\/314482-turska-sa-51-kompanijom-stize-na-zeps-2026\/\" \/>\n<meta property=\"og:locale\" content=\"bs_BA\" \/>\n<meta property=\"og:type\" content=\"article\" \/>\n<meta property=\"og:title\" content=\"Turska sa 51 kompanijom sti\u017ee na ZEPS 2026\" \/>\n<meta property=\"og:description\" content=\"Sajam \u201eZEPS 2026\u201c odr\u017eat \u0107e se u Zenici od 2. do 5. septembra 2026. godine, pod pokroviteljstvom Vlade Zeni\u010dko-dobojskog kantona i Grada Zenica. Uz podr\u0161ku Ministarstva trgovine Republike Turske i Privredne komore Istanbula (ITO) (koja \u0107e organizirati nacionalno u\u010de\u0161\u0107e 51 kompanije), sajmu \u0107e prisustvovati zvani\u010dnici iz Bosne i Hercegovine na dr\u017eavnom, entitetskom i kantonalnom nivou, [&hellip;]\" \/>\n<meta property=\"og:url\" content=\"https:\/\/tuzlainfo.ba\/index.php\/bosna-i-hercegovina\/item\/314482-turska-sa-51-kompanijom-stize-na-zeps-2026\/\" \/>\n<meta property=\"og:site_name\" content=\"TuzlaInfo.ba\" \/>\n<meta property=\"article:publisher\" content=\"https:\/\/www.facebook.com\/tuzlainfo.ba\/\" \/>\n<meta property=\"article:published_time\" content=\"2026-08-31T19:53:07+00:00\" \/>\n<meta property=\"og:image\" content=\"https:\/\/tuzlainfo.ba\/wp-content\/uploads\/2019\/09\/sadrzaj_2019_20190901_1609_zeps.jpg\" \/>\n\t<meta property=\"og:image:width\" content=\"770\" \/>\n\t<meta property=\"og:image:height\" content=\"511\" \/>\n\t<meta property=\"og:image:type\" content=\"image\/jpeg\" \/>\n<meta name=\"author\" content=\"nedim\" \/>\n<meta name=\"twitter:card\" content=\"summary_large_image\" \/>\n<meta name=\"twitter:label1\" content=\"Written by\" \/>\n\t<meta name=\"twitter:data1\" content=\"nedim\" \/>\n\t<meta name=\"twitter:label2\" content=\"Est. reading time\" \/>\n\t<meta name=\"twitter:data2\" content=\"2 minute\" \/>\n<script type=\"application\/ld+json\" class=\"yoast-schema-graph\">{\"@context\":\"https:\\\/\\\/schema.org\",\"@graph\":[{\"@type\":\"Article\",\"@id\":\"https:\\\/\\\/tuzlainfo.ba\\\/index.php\\\/bosna-i-hercegovina\\\/item\\\/314482-turska-sa-51-kompanijom-stize-na-zeps-2026\\\/#article\",\"isPartOf\":{\"@id\":\"https:\\\/\\\/tuzlainfo.ba\\\/index.php\\\/bosna-i-hercegovina\\\/item\\\/314482-turska-sa-51-kompanijom-stize-na-zeps-2026\\\/\"},\"author\":{\"name\":\"nedim\",\"@id\":\"https:\\\/\\\/tuzlainfo.ba\\\/#\\\/schema\\\/person\\\/f434e20dc27ea133923aab08451b7f7f\"},\"headline\":\"Turska sa 51 kompanijom sti\u017ee na ZEPS 2026\",\"datePublished\":\"2026-08-31T19:53:07+00:00\",\"mainEntityOfPage\":{\"@id\":\"https:\\\/\\\/tuzlainfo.ba\\\/index.php\\\/bosna-i-hercegovina\\\/item\\\/314482-turska-sa-51-kompanijom-stize-na-zeps-2026\\\/\"},\"wordCount\":185,\"publisher\":{\"@id\":\"https:\\\/\\\/tuzlainfo.ba\\\/#organization\"},\"image\":{\"@id\":\"https:\\\/\\\/tuzlainfo.ba\\\/index.php\\\/bosna-i-hercegovina\\\/item\\\/314482-turska-sa-51-kompanijom-stize-na-zeps-2026\\\/#primaryimage\"},\"thumbnailUrl\":\"https:\\\/\\\/tuzlainfo.ba\\\/wp-content\\\/uploads\\\/2019\\\/09\\\/sadrzaj_2019_20190901_1609_zeps.jpg\",\"keywords\":[\"ZEPS\"],\"articleSection\":[\"Bosna i Hercegovina\"],\"inLanguage\":\"bs-BA\",\"copyrightYear\":\"2026\",\"copyrightHolder\":{\"@id\":\"https:\\\/\\\/tuzlainfo.ba\\\/#organization\"}},{\"@type\":\"WebPage\",\"@id\":\"https:\\\/\\\/tuzlainfo.ba\\\/index.php\\\/bosna-i-hercegovina\\\/item\\\/314482-turska-sa-51-kompanijom-stize-na-zeps-2026\\\/\",\"url\":\"https:\\\/\\\/tuzlainfo.ba\\\/index.php\\\/bosna-i-hercegovina\\\/item\\\/314482-turska-sa-51-kompanijom-stize-na-zeps-2026\\\/\",\"name\":\"Turska sa 51 kompanijom sti\u017ee na ZEPS 2026\",\"isPartOf\":{\"@id\":\"https:\\\/\\\/tuzlainfo.ba\\\/#website\"},\"primaryImageOfPage\":{\"@id\":\"https:\\\/\\\/tuzlainfo.ba\\\/index.php\\\/bosna-i-hercegovina\\\/item\\\/314482-turska-sa-51-kompanijom-stize-na-zeps-2026\\\/#primaryimage\"},\"image\":{\"@id\":\"https:\\\/\\\/tuzlainfo.ba\\\/index.php\\\/bosna-i-hercegovina\\\/item\\\/314482-turska-sa-51-kompanijom-stize-na-zeps-2026\\\/#primaryimage\"},\"thumbnailUrl\":\"https:\\\/\\\/tuzlainfo.ba\\\/wp-content\\\/uploads\\\/2019\\\/09\\\/sadrzaj_2019_20190901_1609_zeps.jpg\",\"datePublished\":\"2026-08-31T19:53:07+00:00\",\"breadcrumb\":{\"@id\":\"https:\\\/\\\/tuzlainfo.ba\\\/index.php\\\/bosna-i-hercegovina\\\/item\\\/314482-turska-sa-51-kompanijom-stize-na-zeps-2026\\\/#breadcrumb\"},\"inLanguage\":\"bs-BA\",\"potentialAction\":[{\"@type\":\"ReadAction\",\"target\":[\"https:\\\/\\\/tuzlainfo.ba\\\/index.php\\\/bosna-i-hercegovina\\\/item\\\/314482-turska-sa-51-kompanijom-stize-na-zeps-2026\\\/\"]}]},{\"@type\":\"ImageObject\",\"inLanguage\":\"bs-BA\",\"@id\":\"https:\\\/\\\/tuzlainfo.ba\\\/index.php\\\/bosna-i-hercegovina\\\/item\\\/314482-turska-sa-51-kompanijom-stize-na-zeps-2026\\\/#primaryimage\",\"url\":\"https:\\\/\\\/tuzlainfo.ba\\\/wp-content\\\/uploads\\\/2019\\\/09\\\/sadrzaj_2019_20190901_1609_zeps.jpg\",\"contentUrl\":\"https:\\\/\\\/tuzlainfo.ba\\\/wp-content\\\/uploads\\\/2019\\\/09\\\/sadrzaj_2019_20190901_1609_zeps.jpg\",\"width\":770,\"height\":511,\"caption\":\"1609 zeps\"},{\"@type\":\"BreadcrumbList\",\"@id\":\"https:\\\/\\\/tuzlainfo.ba\\\/index.php\\\/bosna-i-hercegovina\\\/item\\\/314482-turska-sa-51-kompanijom-stize-na-zeps-2026\\\/#breadcrumb\",\"itemListElement\":[{\"@type\":\"ListItem\",\"position\":1,\"name\":\"Home\",\"item\":\"https:\\\/\\\/tuzlainfo.ba\\\/\"},{\"@type\":\"ListItem\",\"position\":2,\"name\":\"Turska sa 51 kompanijom sti\u017ee na ZEPS 2026\"}]},{\"@type\":\"WebSite\",\"@id\":\"https:\\\/\\\/tuzlainfo.ba\\\/#website\",\"url\":\"https:\\\/\\\/tuzlainfo.ba\\\/\",\"name\":\"TuzlaInfo.ba\",\"description\":\"Tuzla info, gradski informator - Tuzla na dlanu\",\"publisher\":{\"@id\":\"https:\\\/\\\/tuzlainfo.ba\\\/#organization\"},\"potentialAction\":[{\"@type\":\"SearchAction\",\"target\":{\"@type\":\"EntryPoint\",\"urlTemplate\":\"https:\\\/\\\/tuzlainfo.ba\\\/?s={search_term_string}\"},\"query-input\":{\"@type\":\"PropertyValueSpecification\",\"valueRequired\":true,\"valueName\":\"search_term_string\"}}],\"inLanguage\":\"bs-BA\"},{\"@type\":\"Organization\",\"@id\":\"https:\\\/\\\/tuzlainfo.ba\\\/#organization\",\"name\":\"TuzlaInfo.ba\",\"url\":\"https:\\\/\\\/tuzlainfo.ba\\\/\",\"logo\":{\"@type\":\"ImageObject\",\"inLanguage\":\"bs-BA\",\"@id\":\"https:\\\/\\\/tuzlainfo.ba\\\/#\\\/schema\\\/logo\\\/image\\\/\",\"url\":\"https:\\\/\\\/tuzlainfo.ba\\\/wp-content\\\/uploads\\\/2021\\\/03\\\/logo-ver-3-1.png\",\"contentUrl\":\"https:\\\/\\\/tuzlainfo.ba\\\/wp-content\\\/uploads\\\/2021\\\/03\\\/logo-ver-3-1.png\",\"width\":350,\"height\":95,\"caption\":\"TuzlaInfo.ba\"},\"image\":{\"@id\":\"https:\\\/\\\/tuzlainfo.ba\\\/#\\\/schema\\\/logo\\\/image\\\/\"},\"sameAs\":[\"https:\\\/\\\/www.facebook.com\\\/tuzlainfo.ba\\\/\"]},{\"@type\":\"Person\",\"@id\":\"https:\\\/\\\/tuzlainfo.ba\\\/#\\\/schema\\\/person\\\/f434e20dc27ea133923aab08451b7f7f\",\"name\":\"nedim\",\"image\":{\"@type\":\"ImageObject\",\"inLanguage\":\"bs-BA\",\"@id\":\"https:\\\/\\\/secure.gravatar.com\\\/avatar\\\/5b928a2e7e70a54208d2eb6c1edcb75a5350d6ae97d5f0a701203d456823f6f3?s=96&d=mm&r=g\",\"url\":\"https:\\\/\\\/secure.gravatar.com\\\/avatar\\\/5b928a2e7e70a54208d2eb6c1edcb75a5350d6ae97d5f0a701203d456823f6f3?s=96&d=mm&r=g\",\"contentUrl\":\"https:\\\/\\\/secure.gravatar.com\\\/avatar\\\/5b928a2e7e70a54208d2eb6c1edcb75a5350d6ae97d5f0a701203d456823f6f3?s=96&d=mm&r=g\",\"caption\":\"nedim\"},\"description\":\"Tuzlainfo.ba pratite na dru\u0161tvenim mre\u017eama: Facebook, Instagram i Youtube. Svoje pri\u010de, upite i fotografije \u0161aljite na na\u0161u e-mail adresu.\"}]}<\/script>\n<!-- \/ Yoast SEO plugin. -->","yoast_head_json":{"title":"Turska sa 51 kompanijom sti\u017ee na ZEPS 2026","robots":{"index":"index","follow":"follow","max-snippet":"max-snippet:-1","max-image-preview":"max-image-preview:large","max-video-preview":"max-video-preview:-1"},"canonical":"https:\/\/tuzlainfo.ba\/index.php\/bosna-i-hercegovina\/item\/314482-turska-sa-51-kompanijom-stize-na-zeps-2026\/","og_locale":"bs_BA","og_type":"article","og_title":"Turska sa 51 kompanijom sti\u017ee na ZEPS 2026","og_description":"Sajam \u201eZEPS 2026\u201c odr\u017eat \u0107e se u Zenici od 2. do 5. septembra 2026. godine, pod pokroviteljstvom Vlade Zeni\u010dko-dobojskog kantona i Grada Zenica. Uz podr\u0161ku Ministarstva trgovine Republike Turske i Privredne komore Istanbula (ITO) (koja \u0107e organizirati nacionalno u\u010de\u0161\u0107e 51 kompanije), sajmu \u0107e prisustvovati zvani\u010dnici iz Bosne i Hercegovine na dr\u017eavnom, entitetskom i kantonalnom nivou, [&hellip;]","og_url":"https:\/\/tuzlainfo.ba\/index.php\/bosna-i-hercegovina\/item\/314482-turska-sa-51-kompanijom-stize-na-zeps-2026\/","og_site_name":"TuzlaInfo.ba","article_publisher":"https:\/\/www.facebook.com\/tuzlainfo.ba\/","article_published_time":"2026-08-31T19:53:07+00:00","og_image":[{"width":770,"height":511,"url":"https:\/\/tuzlainfo.ba\/wp-content\/uploads\/2019\/09\/sadrzaj_2019_20190901_1609_zeps.jpg","type":"image\/jpeg"}],"author":"nedim","twitter_card":"summary_large_image","twitter_misc":{"Written by":"nedim","Est. reading time":"2 minute"},"schema":{"@context":"https:\/\/schema.org","@graph":[{"@type":"Article","@id":"https:\/\/tuzlainfo.ba\/index.php\/bosna-i-hercegovina\/item\/314482-turska-sa-51-kompanijom-stize-na-zeps-2026\/#article","isPartOf":{"@id":"https:\/\/tuzlainfo.ba\/index.php\/bosna-i-hercegovina\/item\/314482-turska-sa-51-kompanijom-stize-na-zeps-2026\/"},"author":{"name":"nedim","@id":"https:\/\/tuzlainfo.ba\/#\/schema\/person\/f434e20dc27ea133923aab08451b7f7f"},"headline":"Turska sa 51 kompanijom sti\u017ee na ZEPS 2026","datePublished":"2026-08-31T19:53:07+00:00","mainEntityOfPage":{"@id":"https:\/\/tuzlainfo.ba\/index.php\/bosna-i-hercegovina\/item\/314482-turska-sa-51-kompanijom-stize-na-zeps-2026\/"},"wordCount":185,"publisher":{"@id":"https:\/\/tuzlainfo.ba\/#organization"},"image":{"@id":"https:\/\/tuzlainfo.ba\/index.php\/bosna-i-hercegovina\/item\/314482-turska-sa-51-kompanijom-stize-na-zeps-2026\/#primaryimage"},"thumbnailUrl":"https:\/\/tuzlainfo.ba\/wp-content\/uploads\/2019\/09\/sadrzaj_2019_20190901_1609_zeps.jpg","keywords":["ZEPS"],"articleSection":["Bosna i Hercegovina"],"inLanguage":"bs-BA","copyrightYear":"2026","copyrightHolder":{"@id":"https:\/\/tuzlainfo.ba\/#organization"}},{"@type":"WebPage","@id":"https:\/\/tuzlainfo.ba\/index.php\/bosna-i-hercegovina\/item\/314482-turska-sa-51-kompanijom-stize-na-zeps-2026\/","url":"https:\/\/tuzlainfo.ba\/index.php\/bosna-i-hercegovina\/item\/314482-turska-sa-51-kompanijom-stize-na-zeps-2026\/","name":"Turska sa 51 kompanijom sti\u017ee na ZEPS 2026","isPartOf":{"@id":"https:\/\/tuzlainfo.ba\/#website"},"primaryImageOfPage":{"@id":"https:\/\/tuzlainfo.ba\/index.php\/bosna-i-hercegovina\/item\/314482-turska-sa-51-kompanijom-stize-na-zeps-2026\/#primaryimage"},"image":{"@id":"https:\/\/tuzlainfo.ba\/index.php\/bosna-i-hercegovina\/item\/314482-turska-sa-51-kompanijom-stize-na-zeps-2026\/#primaryimage"},"thumbnailUrl":"https:\/\/tuzlainfo.ba\/wp-content\/uploads\/2019\/09\/sadrzaj_2019_20190901_1609_zeps.jpg","datePublished":"2026-08-31T19:53:07+00:00","breadcrumb":{"@id":"https:\/\/tuzlainfo.ba\/index.php\/bosna-i-hercegovina\/item\/314482-turska-sa-51-kompanijom-stize-na-zeps-2026\/#breadcrumb"},"inLanguage":"bs-BA","potentialAction":[{"@type":"ReadAction","target":["https:\/\/tuzlainfo.ba\/index.php\/bosna-i-hercegovina\/item\/314482-turska-sa-51-kompanijom-stize-na-zeps-2026\/"]}]},{"@type":"ImageObject","inLanguage":"bs-BA","@id":"https:\/\/tuzlainfo.ba\/index.php\/bosna-i-hercegovina\/item\/314482-turska-sa-51-kompanijom-stize-na-zeps-2026\/#primaryimage","url":"https:\/\/tuzlainfo.ba\/wp-content\/uploads\/2019\/09\/sadrzaj_2019_20190901_1609_zeps.jpg","contentUrl":"https:\/\/tuzlainfo.ba\/wp-content\/uploads\/2019\/09\/sadrzaj_2019_20190901_1609_zeps.jpg","width":770,"height":511,"caption":"1609 zeps"},{"@type":"BreadcrumbList","@id":"https:\/\/tuzlainfo.ba\/index.php\/bosna-i-hercegovina\/item\/314482-turska-sa-51-kompanijom-stize-na-zeps-2026\/#breadcrumb","itemListElement":[{"@type":"ListItem","position":1,"name":"Home","item":"https:\/\/tuzlainfo.ba\/"},{"@type":"ListItem","position":2,"name":"Turska sa 51 kompanijom sti\u017ee na ZEPS 2026"}]},{"@type":"WebSite","@id":"https:\/\/tuzlainfo.ba\/#website","url":"https:\/\/tuzlainfo.ba\/","name":"TuzlaInfo.ba","description":"Tuzla info, gradski informator - Tuzla na dlanu","publisher":{"@id":"https:\/\/tuzlainfo.ba\/#organization"},"potentialAction":[{"@type":"SearchAction","target":{"@type":"EntryPoint","urlTemplate":"https:\/\/tuzlainfo.ba\/?s={search_term_string}"},"query-input":{"@type":"PropertyValueSpecification","valueRequired":true,"valueName":"search_term_string"}}],"inLanguage":"bs-BA"},{"@type":"Organization","@id":"https:\/\/tuzlainfo.ba\/#organization","name":"TuzlaInfo.ba","url":"https:\/\/tuzlainfo.ba\/","logo":{"@type":"ImageObject","inLanguage":"bs-BA","@id":"https:\/\/tuzlainfo.ba\/#\/schema\/logo\/image\/","url":"https:\/\/tuzlainfo.ba\/wp-content\/uploads\/2021\/03\/logo-ver-3-1.png","contentUrl":"https:\/\/tuzlainfo.ba\/wp-content\/uploads\/2021\/03\/logo-ver-3-1.png","width":350,"height":95,"caption":"TuzlaInfo.ba"},"image":{"@id":"https:\/\/tuzlainfo.ba\/#\/schema\/logo\/image\/"},"sameAs":["https:\/\/www.facebook.com\/tuzlainfo.ba\/"]},{"@type":"Person","@id":"https:\/\/tuzlainfo.ba\/#\/schema\/person\/f434e20dc27ea133923aab08451b7f7f","name":"nedim","image":{"@type":"ImageObject","inLanguage":"bs-BA","@id":"https:\/\/secure.gravatar.com\/avatar\/5b928a2e7e70a54208d2eb6c1edcb75a5350d6ae97d5f0a701203d456823f6f3?s=96&d=mm&r=g","url":"https:\/\/secure.gravatar.com\/avatar\/5b928a2e7e70a54208d2eb6c1edcb75a5350d6ae97d5f0a701203d456823f6f3?s=96&d=mm&r=g","contentUrl":"https:\/\/secure.gravatar.com\/avatar\/5b928a2e7e70a54208d2eb6c1edcb75a5350d6ae97d5f0a701203d456823f6f3?s=96&d=mm&r=g","caption":"nedim"},"description":"Tuzlainfo.ba pratite na dru\u0161tvenim mre\u017eama: Facebook, Instagram i Youtube. Svoje pri\u010de, upite i fotografije \u0161aljite na na\u0161u e-mail adresu."}]}},"_links":{"self":[{"href":"https:\/\/tuzlainfo.ba\/index.php\/wp-json\/wp\/v2\/posts\/314482","targetHints":{"allow":["GET"]}}],"collection":[{"href":"https:\/\/tuzlainfo.ba\/index.php\/wp-json\/wp\/v2\/posts"}],"about":[{"href":"https:\/\/tuzlainfo.ba\/index.php\/wp-json\/wp\/v2\/types\/post"}],"author":[{"embeddable":true,"href":"https:\/\/tuzlainfo.ba\/index.php\/wp-json\/wp\/v2\/users\/2"}],"replies":[{"embeddable":true,"href":"https:\/\/tuzlainfo.ba\/index.php\/wp-json\/wp\/v2\/comments?post=314482"}],"version-history":[{"count":1,"href":"https:\/\/tuzlainfo.ba\/index.php\/wp-json\/wp\/v2\/posts\/314482\/revisions"}],"predecessor-version":[{"id":314483,"href":"https:\/\/tuzlainfo.ba\/index.php\/wp-json\/wp\/v2\/posts\/314482\/revisions\/314483"}],"wp:featuredmedia":[{"embeddable":true,"href":"https:\/\/tuzlainfo.ba\/index.php\/wp-json\/wp\/v2\/media\/73253"}],"wp:attachment":[{"href":"https:\/\/tuzlainfo.ba\/index.php\/wp-json\/wp\/v2\/media?parent=314482"}],"wp:term":[{"taxonomy":"category","embeddable":true,"href":"https:\/\/tuzlainfo.ba\/index.php\/wp-json\/wp\/v2\/categories?post=314482"},{"taxonomy":"post_tag","embeddable":true,"href":"https:\/\/tuzlainfo.ba\/index.php\/wp-json\/wp\/v2\/tags?post=314482"}],"curies":[{"name":"wp","href":"https:\/\/api.w.org\/{rel}","templated":true}]}}