{"id":314478,"date":"2026-08-31T21:08:48","date_gmt":"2026-08-31T19:08:48","guid":{"rendered":"https:\/\/tuzlainfo.ba\/?p=314478"},"modified":"2026-08-31T21:08:48","modified_gmt":"2026-08-31T19:08:48","slug":"u-tuzli-promovisana-knjiga-emira-basica-od-probe-do-pozornice","status":"publish","type":"post","link":"https:\/\/tuzlainfo.ba\/index.php\/novosti\/item\/314478-u-tuzli-promovisana-knjiga-emira-basica-od-probe-do-pozornice\/","title":{"rendered":"U Tuzli promovisana knjiga Emira Ba\u0161i\u0107a \u201eOd probe do pozornice\u201c"},"content":{"rendered":"<p class=\"PDq2pG_selectionAnchorContainer\" data-start=\"67\" data-end=\"321\">U Me\u0111unarodnoj galeriji portreta u Tuzli odr\u017eana je promocija knjige \u201eOd probe do pozornice\u201c autora Emira Ba\u0161i\u0107a, koja na jednom mjestu objedinjuje iskustva iz rada s folklornim ansamblima, umjetni\u010dkog rukovo\u0111enja, liderstva i pripreme za scenski nastup.<\/p>\n<p data-start=\"323\" data-end=\"590\">Promocija je odr\u017eana 27. augusta, a privukla je veliki broj posjetilaca, me\u0111u kojima su bili ljudi iz oblasti kulture i umjetnosti, stru\u010dnjaci koji se bave liderstvom, razvojem i udru\u017eivanjem ljudi, kao i gra\u0111ani zainteresovani za folklor i njegov zna\u010daj u zajednici.<\/p>\n<p data-start=\"592\" data-end=\"762\">\u201eJo\u0161 sabiram utiske nakon promocije moje knjige &#8216;Od probe do pozornice&#8217;, odr\u017eane 27. augusta u Me\u0111unarodnoj galeriji portreta\u201c, kazao je autor Emir Ba\u0161i\u0107 nakon promocije.<\/p>\n<p data-start=\"764\" data-end=\"1125\">Knjiga je koncipirana kao svojevrsni iskustveni vodi\u010d prvenstveno namijenjen umjetni\u010dkim rukovodiocima folklornih ansambala, ali i svima koji u\u010destvuju u njihovom radu i organizaciji. Ba\u0161i\u0107 kroz prakti\u010dna iskustva obra\u0111uje liderstvo i vo\u0111enje ansambla, organizaciju proba, komunikaciju s igra\u010dima, grupnu dinamiku te pripremu koreografije za izvo\u0111enje na sceni.<\/p>\n<p data-start=\"1127\" data-end=\"1282\">O razli\u010ditim aspektima tema koje knjiga otvara govorili su prof. dr. Adisa Deli\u0107, Anita Brki\u0107 i Mirza \u0106atibu\u0161i\u0107, dok je promociju moderirao Elmir Krivali\u0107.<\/p>\n<p data-start=\"1284\" data-end=\"1493\">Prof. dr. Adisa Deli\u0107 govorila je o liderstvu, ljudima i transformacijskom vo\u0111enju umjetni\u010dkih ansambala, odnosno zna\u010daju na\u010dina na koji rukovodilac okuplja, motivi\u0161e i usmjerava ljude prema zajedni\u010dkom cilju.<\/p>\n<p data-start=\"1495\" data-end=\"1622\">Folkloristkinja Anita Brki\u0107 podsjetila je na \u0161iri dru\u0161tveni zna\u010daj folklora i njegovu sposobnost povezivanja ljudi i zajednice.<\/p>\n<p data-start=\"1495\" data-end=\"1622\"><img fetchpriority=\"high\" decoding=\"async\" class=\"alignnone size-full wp-image-314480\" src=\"https:\/\/tuzlainfo.ba\/wp-content\/uploads\/2026\/08\/promocija_basic_2.jpg\" alt=\"\" width=\"1000\" height=\"563\" srcset=\"https:\/\/tuzlainfo.ba\/wp-content\/uploads\/2026\/08\/promocija_basic_2.jpg 1000w, https:\/\/tuzlainfo.ba\/wp-content\/uploads\/2026\/08\/promocija_basic_2-300x169.jpg 300w, https:\/\/tuzlainfo.ba\/wp-content\/uploads\/2026\/08\/promocija_basic_2-768x432.jpg 768w, https:\/\/tuzlainfo.ba\/wp-content\/uploads\/2026\/08\/promocija_basic_2-150x84.jpg 150w, https:\/\/tuzlainfo.ba\/wp-content\/uploads\/2026\/08\/promocija_basic_2-500x282.jpg 500w, https:\/\/tuzlainfo.ba\/wp-content\/uploads\/2026\/08\/promocija_basic_2-585x329.jpg 585w\" sizes=\"(max-width: 1000px) 100vw, 1000px\" \/><\/p>\n<p data-start=\"1624\" data-end=\"1823\">Glumac i dugogodi\u0161nji direktor Narodnog pozori\u0161ta Tuzla Mirza \u0106atibu\u0161i\u0107 osvrnuo se na scensku primjenu folklora, zna\u010daj edukacije publike te odgovornost umjetnika u trenutku kada izlazi pred publiku.<\/p>\n<p data-start=\"1825\" data-end=\"2054\">Poseban pe\u010dat promociji dao je glumac i aktuelni direktor Narodnog pozori\u0161ta Tuzla Elmir Krivali\u0107, koji je u ulozi moderatora publiku kroz razgovor simboli\u010dno vodio upravo putem koji opisuje naslov knjige \u2013 od probe do pozornice.<\/p>\n<p data-start=\"2056\" data-end=\"2473\">Ba\u0161i\u0107eva knjiga nastala je iz potrebe da se dugogodi\u0161nja prakti\u010dna iskustva iz rada s folklornim ansamblima objedine i pribli\u017ee ljudima koji \u017eele unaprijediti organizaciju, me\u0111usobnu komunikaciju i pripremu ansambla za nastup. Promocija u Tuzli tako je otvorila i \u0161iri razgovor o folkloru koji, osim o\u010duvanja tradicije, podrazumijeva rad s ljudima, liderstvo, umjetni\u010dku odgovornost i kvalitetnu scensku prezentaciju.<\/p>\n","protected":false},"excerpt":{"rendered":"<p>U Me\u0111unarodnoj galeriji portreta u Tuzli odr\u017eana je promocija knjige \u201eOd probe do pozornice\u201c autora Emira Ba\u0161i\u0107a, koja na jednom mjestu objedinjuje iskustva iz rada s folklornim ansamblima, umjetni\u010dkog rukovo\u0111enja, liderstva i pripreme za scenski nastup. Promocija je odr\u017eana 27. augusta, a privukla je veliki broj posjetilaca, me\u0111u kojima su bili ljudi iz oblasti kulture [&hellip;]<\/p>\n","protected":false},"author":2,"featured_media":314479,"comment_status":"closed","ping_status":"closed","sticky":false,"template":"","format":"standard","meta":{"footnotes":""},"categories":[12],"tags":[1821,14133],"class_list":["post-314478","post","type-post","status-publish","format-standard","has-post-thumbnail","hentry","category-novosti","tag-centar-za-kulturu","tag-emir-basic"],"yoast_head":"<!-- This site is optimized with the Yoast SEO plugin v28.3 - https:\/\/yoast.com\/product\/yoast-seo-wordpress\/ -->\n<title>U Tuzli promovisana knjiga Emira Ba\u0161i\u0107a \u201eOd probe do pozornice\u201c<\/title>\n<meta name=\"robots\" content=\"index, follow, max-snippet:-1, max-image-preview:large, max-video-preview:-1\" \/>\n<link rel=\"canonical\" href=\"https:\/\/tuzlainfo.ba\/index.php\/novosti\/item\/314478-u-tuzli-promovisana-knjiga-emira-basica-od-probe-do-pozornice\/\" \/>\n<meta property=\"og:locale\" content=\"bs_BA\" \/>\n<meta property=\"og:type\" content=\"article\" \/>\n<meta property=\"og:title\" content=\"U Tuzli promovisana knjiga Emira Ba\u0161i\u0107a \u201eOd probe do pozornice\u201c\" \/>\n<meta property=\"og:description\" content=\"U Me\u0111unarodnoj galeriji portreta u Tuzli odr\u017eana je promocija knjige \u201eOd probe do pozornice\u201c autora Emira Ba\u0161i\u0107a, koja na jednom mjestu objedinjuje iskustva iz rada s folklornim ansamblima, umjetni\u010dkog rukovo\u0111enja, liderstva i pripreme za scenski nastup. Promocija je odr\u017eana 27. augusta, a privukla je veliki broj posjetilaca, me\u0111u kojima su bili ljudi iz oblasti kulture [&hellip;]\" \/>\n<meta property=\"og:url\" content=\"https:\/\/tuzlainfo.ba\/index.php\/novosti\/item\/314478-u-tuzli-promovisana-knjiga-emira-basica-od-probe-do-pozornice\/\" \/>\n<meta property=\"og:site_name\" content=\"TuzlaInfo.ba\" \/>\n<meta property=\"article:publisher\" content=\"https:\/\/www.facebook.com\/tuzlainfo.ba\/\" \/>\n<meta property=\"article:published_time\" content=\"2026-08-31T19:08:48+00:00\" \/>\n<meta property=\"og:image\" content=\"https:\/\/tuzlainfo.ba\/wp-content\/uploads\/2026\/08\/basic_promocija.jpg\" \/>\n\t<meta property=\"og:image:width\" content=\"1000\" \/>\n\t<meta property=\"og:image:height\" content=\"628\" \/>\n\t<meta property=\"og:image:type\" content=\"image\/jpeg\" \/>\n<meta name=\"author\" content=\"nedim\" \/>\n<meta name=\"twitter:card\" content=\"summary_large_image\" \/>\n<meta name=\"twitter:label1\" content=\"Written by\" \/>\n\t<meta name=\"twitter:data1\" content=\"nedim\" \/>\n\t<meta name=\"twitter:label2\" content=\"Est. reading time\" \/>\n\t<meta name=\"twitter:data2\" content=\"3 minute\" \/>\n<script type=\"application\/ld+json\" class=\"yoast-schema-graph\">{\"@context\":\"https:\\\/\\\/schema.org\",\"@graph\":[{\"@type\":\"Article\",\"@id\":\"https:\\\/\\\/tuzlainfo.ba\\\/index.php\\\/novosti\\\/item\\\/314478-u-tuzli-promovisana-knjiga-emira-basica-od-probe-do-pozornice\\\/#article\",\"isPartOf\":{\"@id\":\"https:\\\/\\\/tuzlainfo.ba\\\/index.php\\\/novosti\\\/item\\\/314478-u-tuzli-promovisana-knjiga-emira-basica-od-probe-do-pozornice\\\/\"},\"author\":{\"name\":\"nedim\",\"@id\":\"https:\\\/\\\/tuzlainfo.ba\\\/#\\\/schema\\\/person\\\/f434e20dc27ea133923aab08451b7f7f\"},\"headline\":\"U Tuzli promovisana knjiga Emira Ba\u0161i\u0107a \u201eOd probe do pozornice\u201c\",\"datePublished\":\"2026-08-31T19:08:48+00:00\",\"mainEntityOfPage\":{\"@id\":\"https:\\\/\\\/tuzlainfo.ba\\\/index.php\\\/novosti\\\/item\\\/314478-u-tuzli-promovisana-knjiga-emira-basica-od-probe-do-pozornice\\\/\"},\"wordCount\":393,\"publisher\":{\"@id\":\"https:\\\/\\\/tuzlainfo.ba\\\/#organization\"},\"image\":{\"@id\":\"https:\\\/\\\/tuzlainfo.ba\\\/index.php\\\/novosti\\\/item\\\/314478-u-tuzli-promovisana-knjiga-emira-basica-od-probe-do-pozornice\\\/#primaryimage\"},\"thumbnailUrl\":\"https:\\\/\\\/tuzlainfo.ba\\\/wp-content\\\/uploads\\\/2026\\\/08\\\/basic_promocija.jpg\",\"keywords\":[\"centar za kulturu\",\"emir ba\u0161i\u0107\"],\"articleSection\":[\"Novosti\"],\"inLanguage\":\"bs-BA\",\"copyrightYear\":\"2026\",\"copyrightHolder\":{\"@id\":\"https:\\\/\\\/tuzlainfo.ba\\\/#organization\"}},{\"@type\":\"WebPage\",\"@id\":\"https:\\\/\\\/tuzlainfo.ba\\\/index.php\\\/novosti\\\/item\\\/314478-u-tuzli-promovisana-knjiga-emira-basica-od-probe-do-pozornice\\\/\",\"url\":\"https:\\\/\\\/tuzlainfo.ba\\\/index.php\\\/novosti\\\/item\\\/314478-u-tuzli-promovisana-knjiga-emira-basica-od-probe-do-pozornice\\\/\",\"name\":\"U Tuzli promovisana knjiga Emira Ba\u0161i\u0107a \u201eOd probe do pozornice\u201c\",\"isPartOf\":{\"@id\":\"https:\\\/\\\/tuzlainfo.ba\\\/#website\"},\"primaryImageOfPage\":{\"@id\":\"https:\\\/\\\/tuzlainfo.ba\\\/index.php\\\/novosti\\\/item\\\/314478-u-tuzli-promovisana-knjiga-emira-basica-od-probe-do-pozornice\\\/#primaryimage\"},\"image\":{\"@id\":\"https:\\\/\\\/tuzlainfo.ba\\\/index.php\\\/novosti\\\/item\\\/314478-u-tuzli-promovisana-knjiga-emira-basica-od-probe-do-pozornice\\\/#primaryimage\"},\"thumbnailUrl\":\"https:\\\/\\\/tuzlainfo.ba\\\/wp-content\\\/uploads\\\/2026\\\/08\\\/basic_promocija.jpg\",\"datePublished\":\"2026-08-31T19:08:48+00:00\",\"breadcrumb\":{\"@id\":\"https:\\\/\\\/tuzlainfo.ba\\\/index.php\\\/novosti\\\/item\\\/314478-u-tuzli-promovisana-knjiga-emira-basica-od-probe-do-pozornice\\\/#breadcrumb\"},\"inLanguage\":\"bs-BA\",\"potentialAction\":[{\"@type\":\"ReadAction\",\"target\":[\"https:\\\/\\\/tuzlainfo.ba\\\/index.php\\\/novosti\\\/item\\\/314478-u-tuzli-promovisana-knjiga-emira-basica-od-probe-do-pozornice\\\/\"]}]},{\"@type\":\"ImageObject\",\"inLanguage\":\"bs-BA\",\"@id\":\"https:\\\/\\\/tuzlainfo.ba\\\/index.php\\\/novosti\\\/item\\\/314478-u-tuzli-promovisana-knjiga-emira-basica-od-probe-do-pozornice\\\/#primaryimage\",\"url\":\"https:\\\/\\\/tuzlainfo.ba\\\/wp-content\\\/uploads\\\/2026\\\/08\\\/basic_promocija.jpg\",\"contentUrl\":\"https:\\\/\\\/tuzlainfo.ba\\\/wp-content\\\/uploads\\\/2026\\\/08\\\/basic_promocija.jpg\",\"width\":1000,\"height\":628},{\"@type\":\"BreadcrumbList\",\"@id\":\"https:\\\/\\\/tuzlainfo.ba\\\/index.php\\\/novosti\\\/item\\\/314478-u-tuzli-promovisana-knjiga-emira-basica-od-probe-do-pozornice\\\/#breadcrumb\",\"itemListElement\":[{\"@type\":\"ListItem\",\"position\":1,\"name\":\"Home\",\"item\":\"https:\\\/\\\/tuzlainfo.ba\\\/\"},{\"@type\":\"ListItem\",\"position\":2,\"name\":\"U Tuzli promovisana knjiga Emira Ba\u0161i\u0107a \u201eOd probe do pozornice\u201c\"}]},{\"@type\":\"WebSite\",\"@id\":\"https:\\\/\\\/tuzlainfo.ba\\\/#website\",\"url\":\"https:\\\/\\\/tuzlainfo.ba\\\/\",\"name\":\"TuzlaInfo.ba\",\"description\":\"Tuzla info, gradski informator - Tuzla na dlanu\",\"publisher\":{\"@id\":\"https:\\\/\\\/tuzlainfo.ba\\\/#organization\"},\"potentialAction\":[{\"@type\":\"SearchAction\",\"target\":{\"@type\":\"EntryPoint\",\"urlTemplate\":\"https:\\\/\\\/tuzlainfo.ba\\\/?s={search_term_string}\"},\"query-input\":{\"@type\":\"PropertyValueSpecification\",\"valueRequired\":true,\"valueName\":\"search_term_string\"}}],\"inLanguage\":\"bs-BA\"},{\"@type\":\"Organization\",\"@id\":\"https:\\\/\\\/tuzlainfo.ba\\\/#organization\",\"name\":\"TuzlaInfo.ba\",\"url\":\"https:\\\/\\\/tuzlainfo.ba\\\/\",\"logo\":{\"@type\":\"ImageObject\",\"inLanguage\":\"bs-BA\",\"@id\":\"https:\\\/\\\/tuzlainfo.ba\\\/#\\\/schema\\\/logo\\\/image\\\/\",\"url\":\"https:\\\/\\\/tuzlainfo.ba\\\/wp-content\\\/uploads\\\/2021\\\/03\\\/logo-ver-3-1.png\",\"contentUrl\":\"https:\\\/\\\/tuzlainfo.ba\\\/wp-content\\\/uploads\\\/2021\\\/03\\\/logo-ver-3-1.png\",\"width\":350,\"height\":95,\"caption\":\"TuzlaInfo.ba\"},\"image\":{\"@id\":\"https:\\\/\\\/tuzlainfo.ba\\\/#\\\/schema\\\/logo\\\/image\\\/\"},\"sameAs\":[\"https:\\\/\\\/www.facebook.com\\\/tuzlainfo.ba\\\/\"]},{\"@type\":\"Person\",\"@id\":\"https:\\\/\\\/tuzlainfo.ba\\\/#\\\/schema\\\/person\\\/f434e20dc27ea133923aab08451b7f7f\",\"name\":\"nedim\",\"image\":{\"@type\":\"ImageObject\",\"inLanguage\":\"bs-BA\",\"@id\":\"https:\\\/\\\/secure.gravatar.com\\\/avatar\\\/5b928a2e7e70a54208d2eb6c1edcb75a5350d6ae97d5f0a701203d456823f6f3?s=96&d=mm&r=g\",\"url\":\"https:\\\/\\\/secure.gravatar.com\\\/avatar\\\/5b928a2e7e70a54208d2eb6c1edcb75a5350d6ae97d5f0a701203d456823f6f3?s=96&d=mm&r=g\",\"contentUrl\":\"https:\\\/\\\/secure.gravatar.com\\\/avatar\\\/5b928a2e7e70a54208d2eb6c1edcb75a5350d6ae97d5f0a701203d456823f6f3?s=96&d=mm&r=g\",\"caption\":\"nedim\"},\"description\":\"Tuzlainfo.ba pratite na dru\u0161tvenim mre\u017eama: Facebook, Instagram i Youtube. Svoje pri\u010de, upite i fotografije \u0161aljite na na\u0161u e-mail adresu.\"}]}<\/script>\n<!-- \/ Yoast SEO plugin. -->","yoast_head_json":{"title":"U Tuzli promovisana knjiga Emira Ba\u0161i\u0107a \u201eOd probe do pozornice\u201c","robots":{"index":"index","follow":"follow","max-snippet":"max-snippet:-1","max-image-preview":"max-image-preview:large","max-video-preview":"max-video-preview:-1"},"canonical":"https:\/\/tuzlainfo.ba\/index.php\/novosti\/item\/314478-u-tuzli-promovisana-knjiga-emira-basica-od-probe-do-pozornice\/","og_locale":"bs_BA","og_type":"article","og_title":"U Tuzli promovisana knjiga Emira Ba\u0161i\u0107a \u201eOd probe do pozornice\u201c","og_description":"U Me\u0111unarodnoj galeriji portreta u Tuzli odr\u017eana je promocija knjige \u201eOd probe do pozornice\u201c autora Emira Ba\u0161i\u0107a, koja na jednom mjestu objedinjuje iskustva iz rada s folklornim ansamblima, umjetni\u010dkog rukovo\u0111enja, liderstva i pripreme za scenski nastup. Promocija je odr\u017eana 27. augusta, a privukla je veliki broj posjetilaca, me\u0111u kojima su bili ljudi iz oblasti kulture [&hellip;]","og_url":"https:\/\/tuzlainfo.ba\/index.php\/novosti\/item\/314478-u-tuzli-promovisana-knjiga-emira-basica-od-probe-do-pozornice\/","og_site_name":"TuzlaInfo.ba","article_publisher":"https:\/\/www.facebook.com\/tuzlainfo.ba\/","article_published_time":"2026-08-31T19:08:48+00:00","og_image":[{"width":1000,"height":628,"url":"https:\/\/tuzlainfo.ba\/wp-content\/uploads\/2026\/08\/basic_promocija.jpg","type":"image\/jpeg"}],"author":"nedim","twitter_card":"summary_large_image","twitter_misc":{"Written by":"nedim","Est. reading time":"3 minute"},"schema":{"@context":"https:\/\/schema.org","@graph":[{"@type":"Article","@id":"https:\/\/tuzlainfo.ba\/index.php\/novosti\/item\/314478-u-tuzli-promovisana-knjiga-emira-basica-od-probe-do-pozornice\/#article","isPartOf":{"@id":"https:\/\/tuzlainfo.ba\/index.php\/novosti\/item\/314478-u-tuzli-promovisana-knjiga-emira-basica-od-probe-do-pozornice\/"},"author":{"name":"nedim","@id":"https:\/\/tuzlainfo.ba\/#\/schema\/person\/f434e20dc27ea133923aab08451b7f7f"},"headline":"U Tuzli promovisana knjiga Emira Ba\u0161i\u0107a \u201eOd probe do pozornice\u201c","datePublished":"2026-08-31T19:08:48+00:00","mainEntityOfPage":{"@id":"https:\/\/tuzlainfo.ba\/index.php\/novosti\/item\/314478-u-tuzli-promovisana-knjiga-emira-basica-od-probe-do-pozornice\/"},"wordCount":393,"publisher":{"@id":"https:\/\/tuzlainfo.ba\/#organization"},"image":{"@id":"https:\/\/tuzlainfo.ba\/index.php\/novosti\/item\/314478-u-tuzli-promovisana-knjiga-emira-basica-od-probe-do-pozornice\/#primaryimage"},"thumbnailUrl":"https:\/\/tuzlainfo.ba\/wp-content\/uploads\/2026\/08\/basic_promocija.jpg","keywords":["centar za kulturu","emir ba\u0161i\u0107"],"articleSection":["Novosti"],"inLanguage":"bs-BA","copyrightYear":"2026","copyrightHolder":{"@id":"https:\/\/tuzlainfo.ba\/#organization"}},{"@type":"WebPage","@id":"https:\/\/tuzlainfo.ba\/index.php\/novosti\/item\/314478-u-tuzli-promovisana-knjiga-emira-basica-od-probe-do-pozornice\/","url":"https:\/\/tuzlainfo.ba\/index.php\/novosti\/item\/314478-u-tuzli-promovisana-knjiga-emira-basica-od-probe-do-pozornice\/","name":"U Tuzli promovisana knjiga Emira Ba\u0161i\u0107a \u201eOd probe do pozornice\u201c","isPartOf":{"@id":"https:\/\/tuzlainfo.ba\/#website"},"primaryImageOfPage":{"@id":"https:\/\/tuzlainfo.ba\/index.php\/novosti\/item\/314478-u-tuzli-promovisana-knjiga-emira-basica-od-probe-do-pozornice\/#primaryimage"},"image":{"@id":"https:\/\/tuzlainfo.ba\/index.php\/novosti\/item\/314478-u-tuzli-promovisana-knjiga-emira-basica-od-probe-do-pozornice\/#primaryimage"},"thumbnailUrl":"https:\/\/tuzlainfo.ba\/wp-content\/uploads\/2026\/08\/basic_promocija.jpg","datePublished":"2026-08-31T19:08:48+00:00","breadcrumb":{"@id":"https:\/\/tuzlainfo.ba\/index.php\/novosti\/item\/314478-u-tuzli-promovisana-knjiga-emira-basica-od-probe-do-pozornice\/#breadcrumb"},"inLanguage":"bs-BA","potentialAction":[{"@type":"ReadAction","target":["https:\/\/tuzlainfo.ba\/index.php\/novosti\/item\/314478-u-tuzli-promovisana-knjiga-emira-basica-od-probe-do-pozornice\/"]}]},{"@type":"ImageObject","inLanguage":"bs-BA","@id":"https:\/\/tuzlainfo.ba\/index.php\/novosti\/item\/314478-u-tuzli-promovisana-knjiga-emira-basica-od-probe-do-pozornice\/#primaryimage","url":"https:\/\/tuzlainfo.ba\/wp-content\/uploads\/2026\/08\/basic_promocija.jpg","contentUrl":"https:\/\/tuzlainfo.ba\/wp-content\/uploads\/2026\/08\/basic_promocija.jpg","width":1000,"height":628},{"@type":"BreadcrumbList","@id":"https:\/\/tuzlainfo.ba\/index.php\/novosti\/item\/314478-u-tuzli-promovisana-knjiga-emira-basica-od-probe-do-pozornice\/#breadcrumb","itemListElement":[{"@type":"ListItem","position":1,"name":"Home","item":"https:\/\/tuzlainfo.ba\/"},{"@type":"ListItem","position":2,"name":"U Tuzli promovisana knjiga Emira Ba\u0161i\u0107a \u201eOd probe do pozornice\u201c"}]},{"@type":"WebSite","@id":"https:\/\/tuzlainfo.ba\/#website","url":"https:\/\/tuzlainfo.ba\/","name":"TuzlaInfo.ba","description":"Tuzla info, gradski informator - Tuzla na dlanu","publisher":{"@id":"https:\/\/tuzlainfo.ba\/#organization"},"potentialAction":[{"@type":"SearchAction","target":{"@type":"EntryPoint","urlTemplate":"https:\/\/tuzlainfo.ba\/?s={search_term_string}"},"query-input":{"@type":"PropertyValueSpecification","valueRequired":true,"valueName":"search_term_string"}}],"inLanguage":"bs-BA"},{"@type":"Organization","@id":"https:\/\/tuzlainfo.ba\/#organization","name":"TuzlaInfo.ba","url":"https:\/\/tuzlainfo.ba\/","logo":{"@type":"ImageObject","inLanguage":"bs-BA","@id":"https:\/\/tuzlainfo.ba\/#\/schema\/logo\/image\/","url":"https:\/\/tuzlainfo.ba\/wp-content\/uploads\/2021\/03\/logo-ver-3-1.png","contentUrl":"https:\/\/tuzlainfo.ba\/wp-content\/uploads\/2021\/03\/logo-ver-3-1.png","width":350,"height":95,"caption":"TuzlaInfo.ba"},"image":{"@id":"https:\/\/tuzlainfo.ba\/#\/schema\/logo\/image\/"},"sameAs":["https:\/\/www.facebook.com\/tuzlainfo.ba\/"]},{"@type":"Person","@id":"https:\/\/tuzlainfo.ba\/#\/schema\/person\/f434e20dc27ea133923aab08451b7f7f","name":"nedim","image":{"@type":"ImageObject","inLanguage":"bs-BA","@id":"https:\/\/secure.gravatar.com\/avatar\/5b928a2e7e70a54208d2eb6c1edcb75a5350d6ae97d5f0a701203d456823f6f3?s=96&d=mm&r=g","url":"https:\/\/secure.gravatar.com\/avatar\/5b928a2e7e70a54208d2eb6c1edcb75a5350d6ae97d5f0a701203d456823f6f3?s=96&d=mm&r=g","contentUrl":"https:\/\/secure.gravatar.com\/avatar\/5b928a2e7e70a54208d2eb6c1edcb75a5350d6ae97d5f0a701203d456823f6f3?s=96&d=mm&r=g","caption":"nedim"},"description":"Tuzlainfo.ba pratite na dru\u0161tvenim mre\u017eama: Facebook, Instagram i Youtube. Svoje pri\u010de, upite i fotografije \u0161aljite na na\u0161u e-mail adresu."}]}},"_links":{"self":[{"href":"https:\/\/tuzlainfo.ba\/index.php\/wp-json\/wp\/v2\/posts\/314478","targetHints":{"allow":["GET"]}}],"collection":[{"href":"https:\/\/tuzlainfo.ba\/index.php\/wp-json\/wp\/v2\/posts"}],"about":[{"href":"https:\/\/tuzlainfo.ba\/index.php\/wp-json\/wp\/v2\/types\/post"}],"author":[{"embeddable":true,"href":"https:\/\/tuzlainfo.ba\/index.php\/wp-json\/wp\/v2\/users\/2"}],"replies":[{"embeddable":true,"href":"https:\/\/tuzlainfo.ba\/index.php\/wp-json\/wp\/v2\/comments?post=314478"}],"version-history":[{"count":1,"href":"https:\/\/tuzlainfo.ba\/index.php\/wp-json\/wp\/v2\/posts\/314478\/revisions"}],"predecessor-version":[{"id":314481,"href":"https:\/\/tuzlainfo.ba\/index.php\/wp-json\/wp\/v2\/posts\/314478\/revisions\/314481"}],"wp:featuredmedia":[{"embeddable":true,"href":"https:\/\/tuzlainfo.ba\/index.php\/wp-json\/wp\/v2\/media\/314479"}],"wp:attachment":[{"href":"https:\/\/tuzlainfo.ba\/index.php\/wp-json\/wp\/v2\/media?parent=314478"}],"wp:term":[{"taxonomy":"category","embeddable":true,"href":"https:\/\/tuzlainfo.ba\/index.php\/wp-json\/wp\/v2\/categories?post=314478"},{"taxonomy":"post_tag","embeddable":true,"href":"https:\/\/tuzlainfo.ba\/index.php\/wp-json\/wp\/v2\/tags?post=314478"}],"curies":[{"name":"wp","href":"https:\/\/api.w.org\/{rel}","templated":true}]}}