{"id":314471,"date":"2026-08-31T20:45:15","date_gmt":"2026-08-31T18:45:15","guid":{"rendered":"https:\/\/tuzlainfo.ba\/?p=314471"},"modified":"2026-08-31T20:46:51","modified_gmt":"2026-08-31T18:46:51","slug":"danasnje-odluke-gv-tuzla-imenovanja-direktora-zamjena-stana-izgradnja-poligona","status":"publish","type":"post","link":"https:\/\/tuzlainfo.ba\/index.php\/novosti\/item\/314471-danasnje-odluke-gv-tuzla-imenovanja-direktora-zamjena-stana-izgradnja-poligona\/","title":{"rendered":"Dana\u0161nje odluke GV Tuzla: Imenovanja direktora, zamjena stana, izgradnja poligona&#8230;"},"content":{"rendered":"<p class=\"PDq2pG_selectionAnchorContainer\" data-start=\"96\" data-end=\"312\">Gradsko vije\u0107e Tuzla na dana\u0161njoj sjednici usvojilo je Izvje\u0161taj o izvr\u0161enju Bud\u017eeta Grada Tuzle za period od 1. januara do 30. juna 2026. godine, kao i Izvje\u0161taj o kori\u0161tenju sredstava Teku\u0107e rezerve za isti period.<\/p>\n<p data-start=\"314\" data-end=\"596\">Bud\u017eet Grada Tuzle za 2026. godinu planiran je u ukupnom iznosu od 111.132.820,46 KM. Od toga se 93.375.675,25 KM odnosi na prihode i primitke planirane tokom ove godine, 17.079.139,23 KM na suficit iz prethodne godine, dok su primici od kredita planirani u iznosu od 678.005,98 KM.<\/p>\n<p data-start=\"598\" data-end=\"799\">U prvih \u0161est mjeseci 2026. godine ostvarena su ukupna sredstva od 55.744.549,83 KM, \u0161to predstavlja 50,16 posto godi\u0161njeg plana. Ostvarenje je za 11,40 posto ve\u0107e u odnosu na isti period pro\u0161le godine.<\/p>\n<p data-start=\"801\" data-end=\"1051\">Ukupno ostvareni prihodi i primici u periodu od januara do kraja juna iznosili su 38.516.787,07 KM ili 41,25 posto planiranog iznosa. U pore\u0111enju s prvih \u0161est mjeseci prethodne godine, prihodi i primici ve\u0107i su za 1.185.445,91 KM, odnosno 3,18 posto.<\/p>\n<p data-start=\"1053\" data-end=\"1271\">Vije\u0107nici su jednoglasno usvojili i Odluku o usvajanju idejnog rje\u0161enja javnih priznanja Grada Tuzle. Rije\u010d je o Povelji Grada Tuzle, priznanju Po\u010dasni gra\u0111anin Tuzle, Tuzlanskoj plaketi, Tuzlanskoj lenti i Zahvalnici.<\/p>\n<p data-start=\"1273\" data-end=\"1408\">Usvojena je i odluka kojom se daje prethodna saglasnost Nadzornom odboru \u201eTr\u017enice-pijace\u201c d.o.o. Tuzla za imenovanje direktora dru\u0161tva.<\/p>\n<p data-start=\"1410\" data-end=\"1681\">S druge strane, s dnevnog reda skinuto je razmatranje odluke o davanju prethodne saglasnosti Upravnom odboru JU za pred\u0161kolski odgoj i obrazovanje \u201eNa\u0161e dijete\u201c Tuzla na Pravilnik o izmjenama i dopunama Pravilnika o radu i unutra\u0161njoj organizaciji i na\u010dinu rada ustanove.<\/p>\n<p data-start=\"1683\" data-end=\"1950\">Vije\u0107e je usvojilo i odluke o dodjeli poslovnih prostorija u zakup Sindikatu solidarnosti, Udru\u017eenju \u201eNeoArt\u201c, Udru\u017eenju gra\u0111ana EKOSOL, Crvenom kri\u017eu Tuzlanskog kantona, Udru\u017eenju \u201eBinarni svijet\u201c, kompaniji \u201eTEP-LIGHT\u201c d.o.o. Tuzla i \u201ePlanika Flex\u201c d.o.o. Sarajevo.<\/p>\n<p data-start=\"1952\" data-end=\"2368\">Usvojena je i kona\u010dna rang-lista kandidata za izdavanje u zakup stanova u vlasni\u0161tvu Grada Tuzle i stanova na kojima Grad ima pravo raspolaganja. Istovremeno je zatra\u017eeno da nadle\u017ena gradska slu\u017eba najkasnije do oktobarske sjednice Gradskog vije\u0107a dostavi kompletnu informaciju o provedenoj proceduri javnog oglasa, uklju\u010duju\u0107i detaljnije obrazlo\u017eenje bodovanja kandidata i kriterije na osnovu kojih je ono izvr\u0161eno.<\/p>\n<h3 data-section-id=\"1h0yry5\" data-start=\"2370\" data-end=\"2416\">Na Husinu planiran poligon za obuku voza\u010da<\/h3>\n<p data-start=\"2418\" data-end=\"2600\">Jedna od usvojenih odluka odnosi se na izbor najpovoljnijeg ponu\u0111a\u010da i davanje saglasnosti za zaklju\u010denje ugovora o osnivanju prava gra\u0111enja na nekretninama u vlasni\u0161tvu Grada Tuzle.<\/p>\n<p data-start=\"2602\" data-end=\"2757\">Kao najpovoljniji ponu\u0111a\u010d izabrano je JKP \u201eSaobra\u0107aj i komunikacije-Tuzla\u201c d.o.o. Tuzla, s ponu\u0111enom mjese\u010dnom naknadom od 1.640,40 KM s ura\u010dunatim PDV-om.<\/p>\n<p data-start=\"2759\" data-end=\"2959\">Pravo gra\u0111enja odnosi se na zemlji\u0161te na podru\u010dju Husina ukupne povr\u0161ine 5.468 kvadratnih metara, a namjena je izvo\u0111enje radova na formiranju poligona za obuku voza\u010da motornih vozila A i B kategorije.<\/p>\n<p data-start=\"2961\" data-end=\"3121\">Rije\u010d je o tri parcele u vlasni\u0161tvu Grada Tuzle, povr\u0161ine 2.849, 473 i 2.146 kvadratnih metara, za koje su ranije utvr\u0111eni na\u010delni urbanisti\u010dko-tehni\u010dki uslovi.<\/p>\n<p data-start=\"3123\" data-end=\"3385\">Gradsko vije\u0107e usvojilo je i Odluku o zamjeni nekretnina uz nadoknadu i davanju saglasnosti za zaklju\u010denje ugovora o zamjeni. Odlukom je ratnom vojnom invalidu Mirzi Delibegovi\u0107u omogu\u0107ena zamjena neadekvatnog stana za odgovaraju\u0107i stan u vlasni\u0161tvu Grada Tuzle.<\/p>\n","protected":false},"excerpt":{"rendered":"<p>Gradsko vije\u0107e Tuzla na dana\u0161njoj sjednici usvojilo je Izvje\u0161taj o izvr\u0161enju Bud\u017eeta Grada Tuzle za period od 1. januara do 30. juna 2026. godine, kao i Izvje\u0161taj o kori\u0161tenju sredstava Teku\u0107e rezerve za isti period. Bud\u017eet Grada Tuzle za 2026. godinu planiran je u ukupnom iznosu od 111.132.820,46 KM. Od toga se 93.375.675,25 KM odnosi [&hellip;]<\/p>\n","protected":false},"author":2,"featured_media":305079,"comment_status":"closed","ping_status":"closed","sticky":false,"template":"","format":"standard","meta":{"footnotes":""},"categories":[304,12],"tags":[11923],"class_list":["post-314471","post","type-post","status-publish","format-standard","has-post-thumbnail","hentry","category-istaknuto","category-novosti","tag-gradsko-vijece-tuzle"],"yoast_head":"<!-- This site is optimized with the Yoast SEO plugin v28.3 - https:\/\/yoast.com\/product\/yoast-seo-wordpress\/ -->\n<title>Dana\u0161nje odluke GV Tuzla: Imenovanja direktora, zamjena stana, izgradnja poligona...<\/title>\n<meta name=\"robots\" content=\"index, follow, max-snippet:-1, max-image-preview:large, max-video-preview:-1\" \/>\n<link rel=\"canonical\" href=\"https:\/\/tuzlainfo.ba\/index.php\/novosti\/item\/314471-danasnje-odluke-gv-tuzla-imenovanja-direktora-zamjena-stana-izgradnja-poligona\/\" \/>\n<meta property=\"og:locale\" content=\"bs_BA\" \/>\n<meta property=\"og:type\" content=\"article\" \/>\n<meta property=\"og:title\" content=\"Dana\u0161nje odluke GV Tuzla: Imenovanja direktora, zamjena stana, izgradnja poligona...\" \/>\n<meta property=\"og:description\" content=\"Gradsko vije\u0107e Tuzla na dana\u0161njoj sjednici usvojilo je Izvje\u0161taj o izvr\u0161enju Bud\u017eeta Grada Tuzle za period od 1. januara do 30. juna 2026. godine, kao i Izvje\u0161taj o kori\u0161tenju sredstava Teku\u0107e rezerve za isti period. Bud\u017eet Grada Tuzle za 2026. godinu planiran je u ukupnom iznosu od 111.132.820,46 KM. Od toga se 93.375.675,25 KM odnosi [&hellip;]\" \/>\n<meta property=\"og:url\" content=\"https:\/\/tuzlainfo.ba\/index.php\/novosti\/item\/314471-danasnje-odluke-gv-tuzla-imenovanja-direktora-zamjena-stana-izgradnja-poligona\/\" \/>\n<meta property=\"og:site_name\" content=\"TuzlaInfo.ba\" \/>\n<meta property=\"article:publisher\" content=\"https:\/\/www.facebook.com\/tuzlainfo.ba\/\" \/>\n<meta property=\"article:published_time\" content=\"2026-08-31T18:45:15+00:00\" \/>\n<meta property=\"article:modified_time\" content=\"2026-08-31T18:46:51+00:00\" \/>\n<meta property=\"og:image\" content=\"https:\/\/tuzlainfo.ba\/wp-content\/uploads\/2026\/06\/gradsko-vijece_gvtuzla_2026.jpg\" \/>\n\t<meta property=\"og:image:width\" content=\"1000\" \/>\n\t<meta property=\"og:image:height\" content=\"533\" \/>\n\t<meta property=\"og:image:type\" content=\"image\/jpeg\" \/>\n<meta name=\"author\" content=\"nedim\" \/>\n<meta name=\"twitter:card\" content=\"summary_large_image\" \/>\n<meta name=\"twitter:label1\" content=\"Written by\" \/>\n\t<meta name=\"twitter:data1\" content=\"nedim\" \/>\n\t<meta name=\"twitter:label2\" content=\"Est. reading time\" \/>\n\t<meta name=\"twitter:data2\" content=\"3 minute\" \/>\n<script type=\"application\/ld+json\" class=\"yoast-schema-graph\">{\"@context\":\"https:\\\/\\\/schema.org\",\"@graph\":[{\"@type\":\"Article\",\"@id\":\"https:\\\/\\\/tuzlainfo.ba\\\/index.php\\\/novosti\\\/item\\\/314471-danasnje-odluke-gv-tuzla-imenovanja-direktora-zamjena-stana-izgradnja-poligona\\\/#article\",\"isPartOf\":{\"@id\":\"https:\\\/\\\/tuzlainfo.ba\\\/index.php\\\/novosti\\\/item\\\/314471-danasnje-odluke-gv-tuzla-imenovanja-direktora-zamjena-stana-izgradnja-poligona\\\/\"},\"author\":{\"name\":\"nedim\",\"@id\":\"https:\\\/\\\/tuzlainfo.ba\\\/#\\\/schema\\\/person\\\/f434e20dc27ea133923aab08451b7f7f\"},\"headline\":\"Dana\u0161nje odluke GV Tuzla: Imenovanja direktora, zamjena stana, izgradnja poligona&#8230;\",\"datePublished\":\"2026-08-31T18:45:15+00:00\",\"dateModified\":\"2026-08-31T18:46:51+00:00\",\"mainEntityOfPage\":{\"@id\":\"https:\\\/\\\/tuzlainfo.ba\\\/index.php\\\/novosti\\\/item\\\/314471-danasnje-odluke-gv-tuzla-imenovanja-direktora-zamjena-stana-izgradnja-poligona\\\/\"},\"wordCount\":546,\"publisher\":{\"@id\":\"https:\\\/\\\/tuzlainfo.ba\\\/#organization\"},\"image\":{\"@id\":\"https:\\\/\\\/tuzlainfo.ba\\\/index.php\\\/novosti\\\/item\\\/314471-danasnje-odluke-gv-tuzla-imenovanja-direktora-zamjena-stana-izgradnja-poligona\\\/#primaryimage\"},\"thumbnailUrl\":\"https:\\\/\\\/tuzlainfo.ba\\\/wp-content\\\/uploads\\\/2026\\\/06\\\/gradsko-vijece_gvtuzla_2026.jpg\",\"keywords\":[\"gradsko vije\u0107e tuzle\"],\"articleSection\":[\"Istaknuto\",\"Novosti\"],\"inLanguage\":\"bs-BA\",\"copyrightYear\":\"2026\",\"copyrightHolder\":{\"@id\":\"https:\\\/\\\/tuzlainfo.ba\\\/#organization\"}},{\"@type\":\"WebPage\",\"@id\":\"https:\\\/\\\/tuzlainfo.ba\\\/index.php\\\/novosti\\\/item\\\/314471-danasnje-odluke-gv-tuzla-imenovanja-direktora-zamjena-stana-izgradnja-poligona\\\/\",\"url\":\"https:\\\/\\\/tuzlainfo.ba\\\/index.php\\\/novosti\\\/item\\\/314471-danasnje-odluke-gv-tuzla-imenovanja-direktora-zamjena-stana-izgradnja-poligona\\\/\",\"name\":\"Dana\u0161nje odluke GV Tuzla: Imenovanja direktora, zamjena stana, izgradnja poligona...\",\"isPartOf\":{\"@id\":\"https:\\\/\\\/tuzlainfo.ba\\\/#website\"},\"primaryImageOfPage\":{\"@id\":\"https:\\\/\\\/tuzlainfo.ba\\\/index.php\\\/novosti\\\/item\\\/314471-danasnje-odluke-gv-tuzla-imenovanja-direktora-zamjena-stana-izgradnja-poligona\\\/#primaryimage\"},\"image\":{\"@id\":\"https:\\\/\\\/tuzlainfo.ba\\\/index.php\\\/novosti\\\/item\\\/314471-danasnje-odluke-gv-tuzla-imenovanja-direktora-zamjena-stana-izgradnja-poligona\\\/#primaryimage\"},\"thumbnailUrl\":\"https:\\\/\\\/tuzlainfo.ba\\\/wp-content\\\/uploads\\\/2026\\\/06\\\/gradsko-vijece_gvtuzla_2026.jpg\",\"datePublished\":\"2026-08-31T18:45:15+00:00\",\"dateModified\":\"2026-08-31T18:46:51+00:00\",\"breadcrumb\":{\"@id\":\"https:\\\/\\\/tuzlainfo.ba\\\/index.php\\\/novosti\\\/item\\\/314471-danasnje-odluke-gv-tuzla-imenovanja-direktora-zamjena-stana-izgradnja-poligona\\\/#breadcrumb\"},\"inLanguage\":\"bs-BA\",\"potentialAction\":[{\"@type\":\"ReadAction\",\"target\":[\"https:\\\/\\\/tuzlainfo.ba\\\/index.php\\\/novosti\\\/item\\\/314471-danasnje-odluke-gv-tuzla-imenovanja-direktora-zamjena-stana-izgradnja-poligona\\\/\"]}]},{\"@type\":\"ImageObject\",\"inLanguage\":\"bs-BA\",\"@id\":\"https:\\\/\\\/tuzlainfo.ba\\\/index.php\\\/novosti\\\/item\\\/314471-danasnje-odluke-gv-tuzla-imenovanja-direktora-zamjena-stana-izgradnja-poligona\\\/#primaryimage\",\"url\":\"https:\\\/\\\/tuzlainfo.ba\\\/wp-content\\\/uploads\\\/2026\\\/06\\\/gradsko-vijece_gvtuzla_2026.jpg\",\"contentUrl\":\"https:\\\/\\\/tuzlainfo.ba\\\/wp-content\\\/uploads\\\/2026\\\/06\\\/gradsko-vijece_gvtuzla_2026.jpg\",\"width\":1000,\"height\":533},{\"@type\":\"BreadcrumbList\",\"@id\":\"https:\\\/\\\/tuzlainfo.ba\\\/index.php\\\/novosti\\\/item\\\/314471-danasnje-odluke-gv-tuzla-imenovanja-direktora-zamjena-stana-izgradnja-poligona\\\/#breadcrumb\",\"itemListElement\":[{\"@type\":\"ListItem\",\"position\":1,\"name\":\"Home\",\"item\":\"https:\\\/\\\/tuzlainfo.ba\\\/\"},{\"@type\":\"ListItem\",\"position\":2,\"name\":\"Dana\u0161nje odluke GV Tuzla: Imenovanja direktora, zamjena stana, izgradnja poligona&#8230;\"}]},{\"@type\":\"WebSite\",\"@id\":\"https:\\\/\\\/tuzlainfo.ba\\\/#website\",\"url\":\"https:\\\/\\\/tuzlainfo.ba\\\/\",\"name\":\"TuzlaInfo.ba\",\"description\":\"Tuzla info, gradski informator - Tuzla na dlanu\",\"publisher\":{\"@id\":\"https:\\\/\\\/tuzlainfo.ba\\\/#organization\"},\"potentialAction\":[{\"@type\":\"SearchAction\",\"target\":{\"@type\":\"EntryPoint\",\"urlTemplate\":\"https:\\\/\\\/tuzlainfo.ba\\\/?s={search_term_string}\"},\"query-input\":{\"@type\":\"PropertyValueSpecification\",\"valueRequired\":true,\"valueName\":\"search_term_string\"}}],\"inLanguage\":\"bs-BA\"},{\"@type\":\"Organization\",\"@id\":\"https:\\\/\\\/tuzlainfo.ba\\\/#organization\",\"name\":\"TuzlaInfo.ba\",\"url\":\"https:\\\/\\\/tuzlainfo.ba\\\/\",\"logo\":{\"@type\":\"ImageObject\",\"inLanguage\":\"bs-BA\",\"@id\":\"https:\\\/\\\/tuzlainfo.ba\\\/#\\\/schema\\\/logo\\\/image\\\/\",\"url\":\"https:\\\/\\\/tuzlainfo.ba\\\/wp-content\\\/uploads\\\/2021\\\/03\\\/logo-ver-3-1.png\",\"contentUrl\":\"https:\\\/\\\/tuzlainfo.ba\\\/wp-content\\\/uploads\\\/2021\\\/03\\\/logo-ver-3-1.png\",\"width\":350,\"height\":95,\"caption\":\"TuzlaInfo.ba\"},\"image\":{\"@id\":\"https:\\\/\\\/tuzlainfo.ba\\\/#\\\/schema\\\/logo\\\/image\\\/\"},\"sameAs\":[\"https:\\\/\\\/www.facebook.com\\\/tuzlainfo.ba\\\/\"]},{\"@type\":\"Person\",\"@id\":\"https:\\\/\\\/tuzlainfo.ba\\\/#\\\/schema\\\/person\\\/f434e20dc27ea133923aab08451b7f7f\",\"name\":\"nedim\",\"image\":{\"@type\":\"ImageObject\",\"inLanguage\":\"bs-BA\",\"@id\":\"https:\\\/\\\/secure.gravatar.com\\\/avatar\\\/5b928a2e7e70a54208d2eb6c1edcb75a5350d6ae97d5f0a701203d456823f6f3?s=96&d=mm&r=g\",\"url\":\"https:\\\/\\\/secure.gravatar.com\\\/avatar\\\/5b928a2e7e70a54208d2eb6c1edcb75a5350d6ae97d5f0a701203d456823f6f3?s=96&d=mm&r=g\",\"contentUrl\":\"https:\\\/\\\/secure.gravatar.com\\\/avatar\\\/5b928a2e7e70a54208d2eb6c1edcb75a5350d6ae97d5f0a701203d456823f6f3?s=96&d=mm&r=g\",\"caption\":\"nedim\"},\"description\":\"Tuzlainfo.ba pratite na dru\u0161tvenim mre\u017eama: Facebook, Instagram i Youtube. Svoje pri\u010de, upite i fotografije \u0161aljite na na\u0161u e-mail adresu.\"}]}<\/script>\n<!-- \/ Yoast SEO plugin. -->","yoast_head_json":{"title":"Dana\u0161nje odluke GV Tuzla: Imenovanja direktora, zamjena stana, izgradnja poligona...","robots":{"index":"index","follow":"follow","max-snippet":"max-snippet:-1","max-image-preview":"max-image-preview:large","max-video-preview":"max-video-preview:-1"},"canonical":"https:\/\/tuzlainfo.ba\/index.php\/novosti\/item\/314471-danasnje-odluke-gv-tuzla-imenovanja-direktora-zamjena-stana-izgradnja-poligona\/","og_locale":"bs_BA","og_type":"article","og_title":"Dana\u0161nje odluke GV Tuzla: Imenovanja direktora, zamjena stana, izgradnja poligona...","og_description":"Gradsko vije\u0107e Tuzla na dana\u0161njoj sjednici usvojilo je Izvje\u0161taj o izvr\u0161enju Bud\u017eeta Grada Tuzle za period od 1. januara do 30. juna 2026. godine, kao i Izvje\u0161taj o kori\u0161tenju sredstava Teku\u0107e rezerve za isti period. Bud\u017eet Grada Tuzle za 2026. godinu planiran je u ukupnom iznosu od 111.132.820,46 KM. Od toga se 93.375.675,25 KM odnosi [&hellip;]","og_url":"https:\/\/tuzlainfo.ba\/index.php\/novosti\/item\/314471-danasnje-odluke-gv-tuzla-imenovanja-direktora-zamjena-stana-izgradnja-poligona\/","og_site_name":"TuzlaInfo.ba","article_publisher":"https:\/\/www.facebook.com\/tuzlainfo.ba\/","article_published_time":"2026-08-31T18:45:15+00:00","article_modified_time":"2026-08-31T18:46:51+00:00","og_image":[{"width":1000,"height":533,"url":"https:\/\/tuzlainfo.ba\/wp-content\/uploads\/2026\/06\/gradsko-vijece_gvtuzla_2026.jpg","type":"image\/jpeg"}],"author":"nedim","twitter_card":"summary_large_image","twitter_misc":{"Written by":"nedim","Est. reading time":"3 minute"},"schema":{"@context":"https:\/\/schema.org","@graph":[{"@type":"Article","@id":"https:\/\/tuzlainfo.ba\/index.php\/novosti\/item\/314471-danasnje-odluke-gv-tuzla-imenovanja-direktora-zamjena-stana-izgradnja-poligona\/#article","isPartOf":{"@id":"https:\/\/tuzlainfo.ba\/index.php\/novosti\/item\/314471-danasnje-odluke-gv-tuzla-imenovanja-direktora-zamjena-stana-izgradnja-poligona\/"},"author":{"name":"nedim","@id":"https:\/\/tuzlainfo.ba\/#\/schema\/person\/f434e20dc27ea133923aab08451b7f7f"},"headline":"Dana\u0161nje odluke GV Tuzla: Imenovanja direktora, zamjena stana, izgradnja poligona&#8230;","datePublished":"2026-08-31T18:45:15+00:00","dateModified":"2026-08-31T18:46:51+00:00","mainEntityOfPage":{"@id":"https:\/\/tuzlainfo.ba\/index.php\/novosti\/item\/314471-danasnje-odluke-gv-tuzla-imenovanja-direktora-zamjena-stana-izgradnja-poligona\/"},"wordCount":546,"publisher":{"@id":"https:\/\/tuzlainfo.ba\/#organization"},"image":{"@id":"https:\/\/tuzlainfo.ba\/index.php\/novosti\/item\/314471-danasnje-odluke-gv-tuzla-imenovanja-direktora-zamjena-stana-izgradnja-poligona\/#primaryimage"},"thumbnailUrl":"https:\/\/tuzlainfo.ba\/wp-content\/uploads\/2026\/06\/gradsko-vijece_gvtuzla_2026.jpg","keywords":["gradsko vije\u0107e tuzle"],"articleSection":["Istaknuto","Novosti"],"inLanguage":"bs-BA","copyrightYear":"2026","copyrightHolder":{"@id":"https:\/\/tuzlainfo.ba\/#organization"}},{"@type":"WebPage","@id":"https:\/\/tuzlainfo.ba\/index.php\/novosti\/item\/314471-danasnje-odluke-gv-tuzla-imenovanja-direktora-zamjena-stana-izgradnja-poligona\/","url":"https:\/\/tuzlainfo.ba\/index.php\/novosti\/item\/314471-danasnje-odluke-gv-tuzla-imenovanja-direktora-zamjena-stana-izgradnja-poligona\/","name":"Dana\u0161nje odluke GV Tuzla: Imenovanja direktora, zamjena stana, izgradnja poligona...","isPartOf":{"@id":"https:\/\/tuzlainfo.ba\/#website"},"primaryImageOfPage":{"@id":"https:\/\/tuzlainfo.ba\/index.php\/novosti\/item\/314471-danasnje-odluke-gv-tuzla-imenovanja-direktora-zamjena-stana-izgradnja-poligona\/#primaryimage"},"image":{"@id":"https:\/\/tuzlainfo.ba\/index.php\/novosti\/item\/314471-danasnje-odluke-gv-tuzla-imenovanja-direktora-zamjena-stana-izgradnja-poligona\/#primaryimage"},"thumbnailUrl":"https:\/\/tuzlainfo.ba\/wp-content\/uploads\/2026\/06\/gradsko-vijece_gvtuzla_2026.jpg","datePublished":"2026-08-31T18:45:15+00:00","dateModified":"2026-08-31T18:46:51+00:00","breadcrumb":{"@id":"https:\/\/tuzlainfo.ba\/index.php\/novosti\/item\/314471-danasnje-odluke-gv-tuzla-imenovanja-direktora-zamjena-stana-izgradnja-poligona\/#breadcrumb"},"inLanguage":"bs-BA","potentialAction":[{"@type":"ReadAction","target":["https:\/\/tuzlainfo.ba\/index.php\/novosti\/item\/314471-danasnje-odluke-gv-tuzla-imenovanja-direktora-zamjena-stana-izgradnja-poligona\/"]}]},{"@type":"ImageObject","inLanguage":"bs-BA","@id":"https:\/\/tuzlainfo.ba\/index.php\/novosti\/item\/314471-danasnje-odluke-gv-tuzla-imenovanja-direktora-zamjena-stana-izgradnja-poligona\/#primaryimage","url":"https:\/\/tuzlainfo.ba\/wp-content\/uploads\/2026\/06\/gradsko-vijece_gvtuzla_2026.jpg","contentUrl":"https:\/\/tuzlainfo.ba\/wp-content\/uploads\/2026\/06\/gradsko-vijece_gvtuzla_2026.jpg","width":1000,"height":533},{"@type":"BreadcrumbList","@id":"https:\/\/tuzlainfo.ba\/index.php\/novosti\/item\/314471-danasnje-odluke-gv-tuzla-imenovanja-direktora-zamjena-stana-izgradnja-poligona\/#breadcrumb","itemListElement":[{"@type":"ListItem","position":1,"name":"Home","item":"https:\/\/tuzlainfo.ba\/"},{"@type":"ListItem","position":2,"name":"Dana\u0161nje odluke GV Tuzla: Imenovanja direktora, zamjena stana, izgradnja poligona&#8230;"}]},{"@type":"WebSite","@id":"https:\/\/tuzlainfo.ba\/#website","url":"https:\/\/tuzlainfo.ba\/","name":"TuzlaInfo.ba","description":"Tuzla info, gradski informator - Tuzla na dlanu","publisher":{"@id":"https:\/\/tuzlainfo.ba\/#organization"},"potentialAction":[{"@type":"SearchAction","target":{"@type":"EntryPoint","urlTemplate":"https:\/\/tuzlainfo.ba\/?s={search_term_string}"},"query-input":{"@type":"PropertyValueSpecification","valueRequired":true,"valueName":"search_term_string"}}],"inLanguage":"bs-BA"},{"@type":"Organization","@id":"https:\/\/tuzlainfo.ba\/#organization","name":"TuzlaInfo.ba","url":"https:\/\/tuzlainfo.ba\/","logo":{"@type":"ImageObject","inLanguage":"bs-BA","@id":"https:\/\/tuzlainfo.ba\/#\/schema\/logo\/image\/","url":"https:\/\/tuzlainfo.ba\/wp-content\/uploads\/2021\/03\/logo-ver-3-1.png","contentUrl":"https:\/\/tuzlainfo.ba\/wp-content\/uploads\/2021\/03\/logo-ver-3-1.png","width":350,"height":95,"caption":"TuzlaInfo.ba"},"image":{"@id":"https:\/\/tuzlainfo.ba\/#\/schema\/logo\/image\/"},"sameAs":["https:\/\/www.facebook.com\/tuzlainfo.ba\/"]},{"@type":"Person","@id":"https:\/\/tuzlainfo.ba\/#\/schema\/person\/f434e20dc27ea133923aab08451b7f7f","name":"nedim","image":{"@type":"ImageObject","inLanguage":"bs-BA","@id":"https:\/\/secure.gravatar.com\/avatar\/5b928a2e7e70a54208d2eb6c1edcb75a5350d6ae97d5f0a701203d456823f6f3?s=96&d=mm&r=g","url":"https:\/\/secure.gravatar.com\/avatar\/5b928a2e7e70a54208d2eb6c1edcb75a5350d6ae97d5f0a701203d456823f6f3?s=96&d=mm&r=g","contentUrl":"https:\/\/secure.gravatar.com\/avatar\/5b928a2e7e70a54208d2eb6c1edcb75a5350d6ae97d5f0a701203d456823f6f3?s=96&d=mm&r=g","caption":"nedim"},"description":"Tuzlainfo.ba pratite na dru\u0161tvenim mre\u017eama: Facebook, Instagram i Youtube. Svoje pri\u010de, upite i fotografije \u0161aljite na na\u0161u e-mail adresu."}]}},"_links":{"self":[{"href":"https:\/\/tuzlainfo.ba\/index.php\/wp-json\/wp\/v2\/posts\/314471","targetHints":{"allow":["GET"]}}],"collection":[{"href":"https:\/\/tuzlainfo.ba\/index.php\/wp-json\/wp\/v2\/posts"}],"about":[{"href":"https:\/\/tuzlainfo.ba\/index.php\/wp-json\/wp\/v2\/types\/post"}],"author":[{"embeddable":true,"href":"https:\/\/tuzlainfo.ba\/index.php\/wp-json\/wp\/v2\/users\/2"}],"replies":[{"embeddable":true,"href":"https:\/\/tuzlainfo.ba\/index.php\/wp-json\/wp\/v2\/comments?post=314471"}],"version-history":[{"count":1,"href":"https:\/\/tuzlainfo.ba\/index.php\/wp-json\/wp\/v2\/posts\/314471\/revisions"}],"predecessor-version":[{"id":314472,"href":"https:\/\/tuzlainfo.ba\/index.php\/wp-json\/wp\/v2\/posts\/314471\/revisions\/314472"}],"wp:featuredmedia":[{"embeddable":true,"href":"https:\/\/tuzlainfo.ba\/index.php\/wp-json\/wp\/v2\/media\/305079"}],"wp:attachment":[{"href":"https:\/\/tuzlainfo.ba\/index.php\/wp-json\/wp\/v2\/media?parent=314471"}],"wp:term":[{"taxonomy":"category","embeddable":true,"href":"https:\/\/tuzlainfo.ba\/index.php\/wp-json\/wp\/v2\/categories?post=314471"},{"taxonomy":"post_tag","embeddable":true,"href":"https:\/\/tuzlainfo.ba\/index.php\/wp-json\/wp\/v2\/tags?post=314471"}],"curies":[{"name":"wp","href":"https:\/\/api.w.org\/{rel}","templated":true}]}}