{"id":314467,"date":"2026-08-31T19:23:12","date_gmt":"2026-08-31T17:23:12","guid":{"rendered":"https:\/\/tuzlainfo.ba\/?p=314467"},"modified":"2026-08-31T19:23:12","modified_gmt":"2026-08-31T17:23:12","slug":"stize-i-razlika-poznato-kada-pocinje-isplata-uvecanih-penzija-u-fbih","status":"publish","type":"post","link":"https:\/\/tuzlainfo.ba\/index.php\/bosna-i-hercegovina\/item\/314467-stize-i-razlika-poznato-kada-pocinje-isplata-uvecanih-penzija-u-fbih\/","title":{"rendered":"Sti\u017ee i razlika: Poznato kada po\u010dinje isplata uve\u0107anih penzija u FBiH"},"content":{"rendered":"<p class=\"PDq2pG_selectionAnchorContainer\" data-start=\"92\" data-end=\"328\">Penzioneri u Federaciji Bosne i Hercegovine u petak, 4. septembra, dobit \u0107e penzije za august u uve\u0107anim iznosima, a uz redovnu isplatu bit \u0107e obra\u010dunata i razlika za juli nastala nakon kona\u010dnog drugog ovogodi\u0161njeg uskla\u0111ivanja penzija.<\/p>\n<p data-start=\"330\" data-end=\"483\">Federalni zavod MIO\/PIO saop\u0107io je da \u0107e isplata biti izvr\u0161ena preko Jedinstvenog ra\u010duna trezora Federacije BiH, a penzije \u0107e biti uve\u0107ane za 3,82 posto.<\/p>\n<p data-start=\"485\" data-end=\"754\">Rije\u010d je o kona\u010dnoj stopi drugog ovogodi\u0161njeg uskla\u0111ivanja, koja se primjenjuje od 1. jula 2026. godine. U julu je prethodno izvr\u0161eno akontacijsko pove\u0107anje penzija za 3,5 posto, nakon \u010dega je Upravni odbor Federalnog zavoda MIO\/PIO utvrdio kona\u010dnu stopu od 3,82 posto.<\/p>\n<p data-start=\"756\" data-end=\"977\">To zna\u010di da \u0107e penzionerima uz uve\u0107anu augustovsku penziju biti ispla\u0107ena i razlika izme\u0111u iznosa koji su za juli ve\u0107 dobili nakon pove\u0107anja od 3,5 posto i iznosa koji im pripada nakon kona\u010dnog uskla\u0111ivanja od 3,82 posto.<\/p>\n<p data-start=\"979\" data-end=\"1278\">Stopa pove\u0107anja od 3,82 posto obra\u010dunava se na iznos penzije koji je korisniku pripadao za juni 2026. godine. Kona\u010dna stopa utvr\u0111ena je nakon objavljivanja zvani\u010dnih podataka Federalnog zavoda za statistiku o kretanju prosje\u010dne pla\u0107e i indeksa potro\u0161a\u010dkih cijena tokom prvih \u0161est mjeseci ove godine.<\/p>\n<h3 data-section-id=\"g14f09\" data-start=\"1280\" data-end=\"1314\">Najni\u017ea penzija sada 692,23 KM<\/h3>\n<p data-start=\"1316\" data-end=\"1536\">Nakon uskla\u0111ivanja, za korisnike koji su pravo na penziju ostvarili do 1. januara 2026. godine najni\u017ea penzija iznosi <strong data-start=\"1434\" data-end=\"1447\">692,23 KM<\/strong>, dok zagarantovana penzija iznosi <strong data-start=\"1482\" data-end=\"1495\">826,14 KM<\/strong>. Najvi\u0161a penzija iznosi <strong data-start=\"1520\" data-end=\"1535\">3.461,14 KM<\/strong>.<\/p>\n<p data-start=\"1538\" data-end=\"1765\">Druga\u010diji na\u010din utvr\u0111ivanja najni\u017eeg iznosa primjenjuje se za korisnike koji pravo na penziju ostvaruju nakon 1. januara 2026. godine. Osnovica za obra\u010dun najni\u017ee penzije za ove korisnike pove\u0107ana je sa 724,36 na <strong data-start=\"1751\" data-end=\"1764\">752,03 KM<\/strong>.<\/p>\n<p data-start=\"1767\" data-end=\"1887\">Tako najni\u017ea penzija za korisnike s manje od 20 godina penzijskog sta\u017ea iznosi <strong data-start=\"1846\" data-end=\"1859\">451,22 KM<\/strong>, odnosno 60 posto osnovice.<\/p>\n<p data-start=\"1889\" data-end=\"2053\">Za najmanje 20, a manje od 25 godina sta\u017ea najni\u017ei iznos je <strong data-start=\"1949\" data-end=\"1962\">488,82 KM<\/strong>, dok korisnicima s najmanje 25, a manje od 30 godina sta\u017ea pripada najmanje <strong data-start=\"2039\" data-end=\"2052\">526,42 KM<\/strong>.<\/p>\n<p data-start=\"2055\" data-end=\"2204\">Prema zakonskim odredbama, penzije ostvarene tokom 2026. godine ne podlije\u017eu redovnom uskla\u0111ivanju, osim najni\u017eih, zagarantovanih i najvi\u0161ih penzija.<\/p>\n<p data-start=\"2206\" data-end=\"2368\">Za penzionere je najva\u017eniji datum <strong data-start=\"2240\" data-end=\"2263\">petak, 4. septembar<\/strong>, kada po\u010dinje isplata augustovskih penzija u uve\u0107anim iznosima, zajedno s pripadaju\u0107om razlikom za juli.<\/p>\n","protected":false},"excerpt":{"rendered":"<p>Penzioneri u Federaciji Bosne i Hercegovine u petak, 4. septembra, dobit \u0107e penzije za august u uve\u0107anim iznosima, a uz redovnu isplatu bit \u0107e obra\u010dunata i razlika za juli nastala nakon kona\u010dnog drugog ovogodi\u0161njeg uskla\u0111ivanja penzija. Federalni zavod MIO\/PIO saop\u0107io je da \u0107e isplata biti izvr\u0161ena preko Jedinstvenog ra\u010duna trezora Federacije BiH, a penzije \u0107e [&hellip;]<\/p>\n","protected":false},"author":2,"featured_media":290971,"comment_status":"closed","ping_status":"closed","sticky":false,"template":"","format":"standard","meta":{"footnotes":""},"categories":[291,304],"tags":[998,1657],"class_list":["post-314467","post","type-post","status-publish","format-standard","has-post-thumbnail","hentry","category-bosna-i-hercegovina","category-istaknuto","tag-isplata-penzija","tag-penzije"],"yoast_head":"<!-- This site is optimized with the Yoast SEO plugin v28.3 - https:\/\/yoast.com\/product\/yoast-seo-wordpress\/ -->\n<title>Sti\u017ee i razlika: Poznato kada po\u010dinje isplata uve\u0107anih penzija u FBiH<\/title>\n<meta name=\"robots\" content=\"index, follow, max-snippet:-1, max-image-preview:large, max-video-preview:-1\" \/>\n<link rel=\"canonical\" href=\"https:\/\/tuzlainfo.ba\/index.php\/bosna-i-hercegovina\/item\/314467-stize-i-razlika-poznato-kada-pocinje-isplata-uvecanih-penzija-u-fbih\/\" \/>\n<meta property=\"og:locale\" content=\"bs_BA\" \/>\n<meta property=\"og:type\" content=\"article\" \/>\n<meta property=\"og:title\" content=\"Sti\u017ee i razlika: Poznato kada po\u010dinje isplata uve\u0107anih penzija u FBiH\" \/>\n<meta property=\"og:description\" content=\"Penzioneri u Federaciji Bosne i Hercegovine u petak, 4. septembra, dobit \u0107e penzije za august u uve\u0107anim iznosima, a uz redovnu isplatu bit \u0107e obra\u010dunata i razlika za juli nastala nakon kona\u010dnog drugog ovogodi\u0161njeg uskla\u0111ivanja penzija. Federalni zavod MIO\/PIO saop\u0107io je da \u0107e isplata biti izvr\u0161ena preko Jedinstvenog ra\u010duna trezora Federacije BiH, a penzije \u0107e [&hellip;]\" \/>\n<meta property=\"og:url\" content=\"https:\/\/tuzlainfo.ba\/index.php\/bosna-i-hercegovina\/item\/314467-stize-i-razlika-poznato-kada-pocinje-isplata-uvecanih-penzija-u-fbih\/\" \/>\n<meta property=\"og:site_name\" content=\"TuzlaInfo.ba\" \/>\n<meta property=\"article:publisher\" content=\"https:\/\/www.facebook.com\/tuzlainfo.ba\/\" \/>\n<meta property=\"article:published_time\" content=\"2026-08-31T17:23:12+00:00\" \/>\n<meta property=\"og:image\" content=\"https:\/\/tuzlainfo.ba\/wp-content\/uploads\/2026\/01\/0201_penzija_isplata_penzije.jpg\" \/>\n\t<meta property=\"og:image:width\" content=\"869\" \/>\n\t<meta property=\"og:image:height\" content=\"594\" \/>\n\t<meta property=\"og:image:type\" content=\"image\/jpeg\" \/>\n<meta name=\"author\" content=\"nedim\" \/>\n<meta name=\"twitter:card\" content=\"summary_large_image\" \/>\n<meta name=\"twitter:label1\" content=\"Written by\" \/>\n\t<meta name=\"twitter:data1\" content=\"nedim\" \/>\n\t<meta name=\"twitter:label2\" content=\"Est. reading time\" \/>\n\t<meta name=\"twitter:data2\" content=\"3 minute\" \/>\n<script type=\"application\/ld+json\" class=\"yoast-schema-graph\">{\"@context\":\"https:\\\/\\\/schema.org\",\"@graph\":[{\"@type\":\"Article\",\"@id\":\"https:\\\/\\\/tuzlainfo.ba\\\/index.php\\\/bosna-i-hercegovina\\\/item\\\/314467-stize-i-razlika-poznato-kada-pocinje-isplata-uvecanih-penzija-u-fbih\\\/#article\",\"isPartOf\":{\"@id\":\"https:\\\/\\\/tuzlainfo.ba\\\/index.php\\\/bosna-i-hercegovina\\\/item\\\/314467-stize-i-razlika-poznato-kada-pocinje-isplata-uvecanih-penzija-u-fbih\\\/\"},\"author\":{\"name\":\"nedim\",\"@id\":\"https:\\\/\\\/tuzlainfo.ba\\\/#\\\/schema\\\/person\\\/f434e20dc27ea133923aab08451b7f7f\"},\"headline\":\"Sti\u017ee i razlika: Poznato kada po\u010dinje isplata uve\u0107anih penzija u FBiH\",\"datePublished\":\"2026-08-31T17:23:12+00:00\",\"mainEntityOfPage\":{\"@id\":\"https:\\\/\\\/tuzlainfo.ba\\\/index.php\\\/bosna-i-hercegovina\\\/item\\\/314467-stize-i-razlika-poznato-kada-pocinje-isplata-uvecanih-penzija-u-fbih\\\/\"},\"wordCount\":380,\"publisher\":{\"@id\":\"https:\\\/\\\/tuzlainfo.ba\\\/#organization\"},\"image\":{\"@id\":\"https:\\\/\\\/tuzlainfo.ba\\\/index.php\\\/bosna-i-hercegovina\\\/item\\\/314467-stize-i-razlika-poznato-kada-pocinje-isplata-uvecanih-penzija-u-fbih\\\/#primaryimage\"},\"thumbnailUrl\":\"https:\\\/\\\/tuzlainfo.ba\\\/wp-content\\\/uploads\\\/2026\\\/01\\\/0201_penzija_isplata_penzije.jpg\",\"keywords\":[\"isplata penzija\",\"penzije\"],\"articleSection\":[\"Bosna i Hercegovina\",\"Istaknuto\"],\"inLanguage\":\"bs-BA\",\"copyrightYear\":\"2026\",\"copyrightHolder\":{\"@id\":\"https:\\\/\\\/tuzlainfo.ba\\\/#organization\"}},{\"@type\":\"WebPage\",\"@id\":\"https:\\\/\\\/tuzlainfo.ba\\\/index.php\\\/bosna-i-hercegovina\\\/item\\\/314467-stize-i-razlika-poznato-kada-pocinje-isplata-uvecanih-penzija-u-fbih\\\/\",\"url\":\"https:\\\/\\\/tuzlainfo.ba\\\/index.php\\\/bosna-i-hercegovina\\\/item\\\/314467-stize-i-razlika-poznato-kada-pocinje-isplata-uvecanih-penzija-u-fbih\\\/\",\"name\":\"Sti\u017ee i razlika: Poznato kada po\u010dinje isplata uve\u0107anih penzija u FBiH\",\"isPartOf\":{\"@id\":\"https:\\\/\\\/tuzlainfo.ba\\\/#website\"},\"primaryImageOfPage\":{\"@id\":\"https:\\\/\\\/tuzlainfo.ba\\\/index.php\\\/bosna-i-hercegovina\\\/item\\\/314467-stize-i-razlika-poznato-kada-pocinje-isplata-uvecanih-penzija-u-fbih\\\/#primaryimage\"},\"image\":{\"@id\":\"https:\\\/\\\/tuzlainfo.ba\\\/index.php\\\/bosna-i-hercegovina\\\/item\\\/314467-stize-i-razlika-poznato-kada-pocinje-isplata-uvecanih-penzija-u-fbih\\\/#primaryimage\"},\"thumbnailUrl\":\"https:\\\/\\\/tuzlainfo.ba\\\/wp-content\\\/uploads\\\/2026\\\/01\\\/0201_penzija_isplata_penzije.jpg\",\"datePublished\":\"2026-08-31T17:23:12+00:00\",\"breadcrumb\":{\"@id\":\"https:\\\/\\\/tuzlainfo.ba\\\/index.php\\\/bosna-i-hercegovina\\\/item\\\/314467-stize-i-razlika-poznato-kada-pocinje-isplata-uvecanih-penzija-u-fbih\\\/#breadcrumb\"},\"inLanguage\":\"bs-BA\",\"potentialAction\":[{\"@type\":\"ReadAction\",\"target\":[\"https:\\\/\\\/tuzlainfo.ba\\\/index.php\\\/bosna-i-hercegovina\\\/item\\\/314467-stize-i-razlika-poznato-kada-pocinje-isplata-uvecanih-penzija-u-fbih\\\/\"]}]},{\"@type\":\"ImageObject\",\"inLanguage\":\"bs-BA\",\"@id\":\"https:\\\/\\\/tuzlainfo.ba\\\/index.php\\\/bosna-i-hercegovina\\\/item\\\/314467-stize-i-razlika-poznato-kada-pocinje-isplata-uvecanih-penzija-u-fbih\\\/#primaryimage\",\"url\":\"https:\\\/\\\/tuzlainfo.ba\\\/wp-content\\\/uploads\\\/2026\\\/01\\\/0201_penzija_isplata_penzije.jpg\",\"contentUrl\":\"https:\\\/\\\/tuzlainfo.ba\\\/wp-content\\\/uploads\\\/2026\\\/01\\\/0201_penzija_isplata_penzije.jpg\",\"width\":869,\"height\":594},{\"@type\":\"BreadcrumbList\",\"@id\":\"https:\\\/\\\/tuzlainfo.ba\\\/index.php\\\/bosna-i-hercegovina\\\/item\\\/314467-stize-i-razlika-poznato-kada-pocinje-isplata-uvecanih-penzija-u-fbih\\\/#breadcrumb\",\"itemListElement\":[{\"@type\":\"ListItem\",\"position\":1,\"name\":\"Home\",\"item\":\"https:\\\/\\\/tuzlainfo.ba\\\/\"},{\"@type\":\"ListItem\",\"position\":2,\"name\":\"Sti\u017ee i razlika: Poznato kada po\u010dinje isplata uve\u0107anih penzija u FBiH\"}]},{\"@type\":\"WebSite\",\"@id\":\"https:\\\/\\\/tuzlainfo.ba\\\/#website\",\"url\":\"https:\\\/\\\/tuzlainfo.ba\\\/\",\"name\":\"TuzlaInfo.ba\",\"description\":\"Tuzla info, gradski informator - Tuzla na dlanu\",\"publisher\":{\"@id\":\"https:\\\/\\\/tuzlainfo.ba\\\/#organization\"},\"potentialAction\":[{\"@type\":\"SearchAction\",\"target\":{\"@type\":\"EntryPoint\",\"urlTemplate\":\"https:\\\/\\\/tuzlainfo.ba\\\/?s={search_term_string}\"},\"query-input\":{\"@type\":\"PropertyValueSpecification\",\"valueRequired\":true,\"valueName\":\"search_term_string\"}}],\"inLanguage\":\"bs-BA\"},{\"@type\":\"Organization\",\"@id\":\"https:\\\/\\\/tuzlainfo.ba\\\/#organization\",\"name\":\"TuzlaInfo.ba\",\"url\":\"https:\\\/\\\/tuzlainfo.ba\\\/\",\"logo\":{\"@type\":\"ImageObject\",\"inLanguage\":\"bs-BA\",\"@id\":\"https:\\\/\\\/tuzlainfo.ba\\\/#\\\/schema\\\/logo\\\/image\\\/\",\"url\":\"https:\\\/\\\/tuzlainfo.ba\\\/wp-content\\\/uploads\\\/2021\\\/03\\\/logo-ver-3-1.png\",\"contentUrl\":\"https:\\\/\\\/tuzlainfo.ba\\\/wp-content\\\/uploads\\\/2021\\\/03\\\/logo-ver-3-1.png\",\"width\":350,\"height\":95,\"caption\":\"TuzlaInfo.ba\"},\"image\":{\"@id\":\"https:\\\/\\\/tuzlainfo.ba\\\/#\\\/schema\\\/logo\\\/image\\\/\"},\"sameAs\":[\"https:\\\/\\\/www.facebook.com\\\/tuzlainfo.ba\\\/\"]},{\"@type\":\"Person\",\"@id\":\"https:\\\/\\\/tuzlainfo.ba\\\/#\\\/schema\\\/person\\\/f434e20dc27ea133923aab08451b7f7f\",\"name\":\"nedim\",\"image\":{\"@type\":\"ImageObject\",\"inLanguage\":\"bs-BA\",\"@id\":\"https:\\\/\\\/secure.gravatar.com\\\/avatar\\\/5b928a2e7e70a54208d2eb6c1edcb75a5350d6ae97d5f0a701203d456823f6f3?s=96&d=mm&r=g\",\"url\":\"https:\\\/\\\/secure.gravatar.com\\\/avatar\\\/5b928a2e7e70a54208d2eb6c1edcb75a5350d6ae97d5f0a701203d456823f6f3?s=96&d=mm&r=g\",\"contentUrl\":\"https:\\\/\\\/secure.gravatar.com\\\/avatar\\\/5b928a2e7e70a54208d2eb6c1edcb75a5350d6ae97d5f0a701203d456823f6f3?s=96&d=mm&r=g\",\"caption\":\"nedim\"},\"description\":\"Tuzlainfo.ba pratite na dru\u0161tvenim mre\u017eama: Facebook, Instagram i Youtube. Svoje pri\u010de, upite i fotografije \u0161aljite na na\u0161u e-mail adresu.\"}]}<\/script>\n<!-- \/ Yoast SEO plugin. -->","yoast_head_json":{"title":"Sti\u017ee i razlika: Poznato kada po\u010dinje isplata uve\u0107anih penzija u FBiH","robots":{"index":"index","follow":"follow","max-snippet":"max-snippet:-1","max-image-preview":"max-image-preview:large","max-video-preview":"max-video-preview:-1"},"canonical":"https:\/\/tuzlainfo.ba\/index.php\/bosna-i-hercegovina\/item\/314467-stize-i-razlika-poznato-kada-pocinje-isplata-uvecanih-penzija-u-fbih\/","og_locale":"bs_BA","og_type":"article","og_title":"Sti\u017ee i razlika: Poznato kada po\u010dinje isplata uve\u0107anih penzija u FBiH","og_description":"Penzioneri u Federaciji Bosne i Hercegovine u petak, 4. septembra, dobit \u0107e penzije za august u uve\u0107anim iznosima, a uz redovnu isplatu bit \u0107e obra\u010dunata i razlika za juli nastala nakon kona\u010dnog drugog ovogodi\u0161njeg uskla\u0111ivanja penzija. Federalni zavod MIO\/PIO saop\u0107io je da \u0107e isplata biti izvr\u0161ena preko Jedinstvenog ra\u010duna trezora Federacije BiH, a penzije \u0107e [&hellip;]","og_url":"https:\/\/tuzlainfo.ba\/index.php\/bosna-i-hercegovina\/item\/314467-stize-i-razlika-poznato-kada-pocinje-isplata-uvecanih-penzija-u-fbih\/","og_site_name":"TuzlaInfo.ba","article_publisher":"https:\/\/www.facebook.com\/tuzlainfo.ba\/","article_published_time":"2026-08-31T17:23:12+00:00","og_image":[{"width":869,"height":594,"url":"https:\/\/tuzlainfo.ba\/wp-content\/uploads\/2026\/01\/0201_penzija_isplata_penzije.jpg","type":"image\/jpeg"}],"author":"nedim","twitter_card":"summary_large_image","twitter_misc":{"Written by":"nedim","Est. reading time":"3 minute"},"schema":{"@context":"https:\/\/schema.org","@graph":[{"@type":"Article","@id":"https:\/\/tuzlainfo.ba\/index.php\/bosna-i-hercegovina\/item\/314467-stize-i-razlika-poznato-kada-pocinje-isplata-uvecanih-penzija-u-fbih\/#article","isPartOf":{"@id":"https:\/\/tuzlainfo.ba\/index.php\/bosna-i-hercegovina\/item\/314467-stize-i-razlika-poznato-kada-pocinje-isplata-uvecanih-penzija-u-fbih\/"},"author":{"name":"nedim","@id":"https:\/\/tuzlainfo.ba\/#\/schema\/person\/f434e20dc27ea133923aab08451b7f7f"},"headline":"Sti\u017ee i razlika: Poznato kada po\u010dinje isplata uve\u0107anih penzija u FBiH","datePublished":"2026-08-31T17:23:12+00:00","mainEntityOfPage":{"@id":"https:\/\/tuzlainfo.ba\/index.php\/bosna-i-hercegovina\/item\/314467-stize-i-razlika-poznato-kada-pocinje-isplata-uvecanih-penzija-u-fbih\/"},"wordCount":380,"publisher":{"@id":"https:\/\/tuzlainfo.ba\/#organization"},"image":{"@id":"https:\/\/tuzlainfo.ba\/index.php\/bosna-i-hercegovina\/item\/314467-stize-i-razlika-poznato-kada-pocinje-isplata-uvecanih-penzija-u-fbih\/#primaryimage"},"thumbnailUrl":"https:\/\/tuzlainfo.ba\/wp-content\/uploads\/2026\/01\/0201_penzija_isplata_penzije.jpg","keywords":["isplata penzija","penzije"],"articleSection":["Bosna i Hercegovina","Istaknuto"],"inLanguage":"bs-BA","copyrightYear":"2026","copyrightHolder":{"@id":"https:\/\/tuzlainfo.ba\/#organization"}},{"@type":"WebPage","@id":"https:\/\/tuzlainfo.ba\/index.php\/bosna-i-hercegovina\/item\/314467-stize-i-razlika-poznato-kada-pocinje-isplata-uvecanih-penzija-u-fbih\/","url":"https:\/\/tuzlainfo.ba\/index.php\/bosna-i-hercegovina\/item\/314467-stize-i-razlika-poznato-kada-pocinje-isplata-uvecanih-penzija-u-fbih\/","name":"Sti\u017ee i razlika: Poznato kada po\u010dinje isplata uve\u0107anih penzija u FBiH","isPartOf":{"@id":"https:\/\/tuzlainfo.ba\/#website"},"primaryImageOfPage":{"@id":"https:\/\/tuzlainfo.ba\/index.php\/bosna-i-hercegovina\/item\/314467-stize-i-razlika-poznato-kada-pocinje-isplata-uvecanih-penzija-u-fbih\/#primaryimage"},"image":{"@id":"https:\/\/tuzlainfo.ba\/index.php\/bosna-i-hercegovina\/item\/314467-stize-i-razlika-poznato-kada-pocinje-isplata-uvecanih-penzija-u-fbih\/#primaryimage"},"thumbnailUrl":"https:\/\/tuzlainfo.ba\/wp-content\/uploads\/2026\/01\/0201_penzija_isplata_penzije.jpg","datePublished":"2026-08-31T17:23:12+00:00","breadcrumb":{"@id":"https:\/\/tuzlainfo.ba\/index.php\/bosna-i-hercegovina\/item\/314467-stize-i-razlika-poznato-kada-pocinje-isplata-uvecanih-penzija-u-fbih\/#breadcrumb"},"inLanguage":"bs-BA","potentialAction":[{"@type":"ReadAction","target":["https:\/\/tuzlainfo.ba\/index.php\/bosna-i-hercegovina\/item\/314467-stize-i-razlika-poznato-kada-pocinje-isplata-uvecanih-penzija-u-fbih\/"]}]},{"@type":"ImageObject","inLanguage":"bs-BA","@id":"https:\/\/tuzlainfo.ba\/index.php\/bosna-i-hercegovina\/item\/314467-stize-i-razlika-poznato-kada-pocinje-isplata-uvecanih-penzija-u-fbih\/#primaryimage","url":"https:\/\/tuzlainfo.ba\/wp-content\/uploads\/2026\/01\/0201_penzija_isplata_penzije.jpg","contentUrl":"https:\/\/tuzlainfo.ba\/wp-content\/uploads\/2026\/01\/0201_penzija_isplata_penzije.jpg","width":869,"height":594},{"@type":"BreadcrumbList","@id":"https:\/\/tuzlainfo.ba\/index.php\/bosna-i-hercegovina\/item\/314467-stize-i-razlika-poznato-kada-pocinje-isplata-uvecanih-penzija-u-fbih\/#breadcrumb","itemListElement":[{"@type":"ListItem","position":1,"name":"Home","item":"https:\/\/tuzlainfo.ba\/"},{"@type":"ListItem","position":2,"name":"Sti\u017ee i razlika: Poznato kada po\u010dinje isplata uve\u0107anih penzija u FBiH"}]},{"@type":"WebSite","@id":"https:\/\/tuzlainfo.ba\/#website","url":"https:\/\/tuzlainfo.ba\/","name":"TuzlaInfo.ba","description":"Tuzla info, gradski informator - Tuzla na dlanu","publisher":{"@id":"https:\/\/tuzlainfo.ba\/#organization"},"potentialAction":[{"@type":"SearchAction","target":{"@type":"EntryPoint","urlTemplate":"https:\/\/tuzlainfo.ba\/?s={search_term_string}"},"query-input":{"@type":"PropertyValueSpecification","valueRequired":true,"valueName":"search_term_string"}}],"inLanguage":"bs-BA"},{"@type":"Organization","@id":"https:\/\/tuzlainfo.ba\/#organization","name":"TuzlaInfo.ba","url":"https:\/\/tuzlainfo.ba\/","logo":{"@type":"ImageObject","inLanguage":"bs-BA","@id":"https:\/\/tuzlainfo.ba\/#\/schema\/logo\/image\/","url":"https:\/\/tuzlainfo.ba\/wp-content\/uploads\/2021\/03\/logo-ver-3-1.png","contentUrl":"https:\/\/tuzlainfo.ba\/wp-content\/uploads\/2021\/03\/logo-ver-3-1.png","width":350,"height":95,"caption":"TuzlaInfo.ba"},"image":{"@id":"https:\/\/tuzlainfo.ba\/#\/schema\/logo\/image\/"},"sameAs":["https:\/\/www.facebook.com\/tuzlainfo.ba\/"]},{"@type":"Person","@id":"https:\/\/tuzlainfo.ba\/#\/schema\/person\/f434e20dc27ea133923aab08451b7f7f","name":"nedim","image":{"@type":"ImageObject","inLanguage":"bs-BA","@id":"https:\/\/secure.gravatar.com\/avatar\/5b928a2e7e70a54208d2eb6c1edcb75a5350d6ae97d5f0a701203d456823f6f3?s=96&d=mm&r=g","url":"https:\/\/secure.gravatar.com\/avatar\/5b928a2e7e70a54208d2eb6c1edcb75a5350d6ae97d5f0a701203d456823f6f3?s=96&d=mm&r=g","contentUrl":"https:\/\/secure.gravatar.com\/avatar\/5b928a2e7e70a54208d2eb6c1edcb75a5350d6ae97d5f0a701203d456823f6f3?s=96&d=mm&r=g","caption":"nedim"},"description":"Tuzlainfo.ba pratite na dru\u0161tvenim mre\u017eama: Facebook, Instagram i Youtube. Svoje pri\u010de, upite i fotografije \u0161aljite na na\u0161u e-mail adresu."}]}},"_links":{"self":[{"href":"https:\/\/tuzlainfo.ba\/index.php\/wp-json\/wp\/v2\/posts\/314467","targetHints":{"allow":["GET"]}}],"collection":[{"href":"https:\/\/tuzlainfo.ba\/index.php\/wp-json\/wp\/v2\/posts"}],"about":[{"href":"https:\/\/tuzlainfo.ba\/index.php\/wp-json\/wp\/v2\/types\/post"}],"author":[{"embeddable":true,"href":"https:\/\/tuzlainfo.ba\/index.php\/wp-json\/wp\/v2\/users\/2"}],"replies":[{"embeddable":true,"href":"https:\/\/tuzlainfo.ba\/index.php\/wp-json\/wp\/v2\/comments?post=314467"}],"version-history":[{"count":1,"href":"https:\/\/tuzlainfo.ba\/index.php\/wp-json\/wp\/v2\/posts\/314467\/revisions"}],"predecessor-version":[{"id":314468,"href":"https:\/\/tuzlainfo.ba\/index.php\/wp-json\/wp\/v2\/posts\/314467\/revisions\/314468"}],"wp:featuredmedia":[{"embeddable":true,"href":"https:\/\/tuzlainfo.ba\/index.php\/wp-json\/wp\/v2\/media\/290971"}],"wp:attachment":[{"href":"https:\/\/tuzlainfo.ba\/index.php\/wp-json\/wp\/v2\/media?parent=314467"}],"wp:term":[{"taxonomy":"category","embeddable":true,"href":"https:\/\/tuzlainfo.ba\/index.php\/wp-json\/wp\/v2\/categories?post=314467"},{"taxonomy":"post_tag","embeddable":true,"href":"https:\/\/tuzlainfo.ba\/index.php\/wp-json\/wp\/v2\/tags?post=314467"}],"curies":[{"name":"wp","href":"https:\/\/api.w.org\/{rel}","templated":true}]}}