{"id":314455,"date":"2026-08-31T15:20:57","date_gmt":"2026-08-31T13:20:57","guid":{"rendered":"https:\/\/tuzlainfo.ba\/?p=314455"},"modified":"2026-08-31T15:22:14","modified_gmt":"2026-08-31T13:22:14","slug":"otkazan-koncert-dine-merlina-u-u-kraljevu","status":"publish","type":"post","link":"https:\/\/tuzlainfo.ba\/index.php\/clanci\/sa-svih-strana\/item\/314455-otkazan-koncert-dine-merlina-u-u-kraljevu\/","title":{"rendered":"Otkazan koncert Dine Merlina u u Kraljevu"},"content":{"rendered":"<p class=\"PDq2pG_selectionAnchorContainer\" data-start=\"103\" data-end=\"255\">oncert bosanskohercegova\u010dkog muzi\u010dara Dine Merlina, koji je trebao biti odr\u017ean u Kraljevu, otkazan je, potvr\u0111eno je u zvani\u010dnom saop\u0107enju organizatora.<\/p>\n<p data-start=\"257\" data-end=\"530\">Kao razlog za otkazivanje navedeni su problemi u organizaciji i, prema tvrdnjama organizatora, <strong data-start=\"352\" data-end=\"435\">neispunjavanje ugovornih obaveza kompanije Digi Media Production d.o.o. Beograd<\/strong>, koja je trebala osigurati produkciju, binu i potrebne tehni\u010dke uslove za odr\u017eavanje koncerta.<\/p>\n<p data-start=\"532\" data-end=\"780\">Organizator navodi da je kompanija od po\u010detka priprema bila upoznata s rokovima, tehni\u010dkim zahtjevima i drugim okolnostima neophodnim za realizaciju doga\u0111aja, ali tvrdi da obaveze nisu izvr\u0161ene na na\u010din koji bi omogu\u0107io sigurno odr\u017eavanje koncerta.<\/p>\n<p data-start=\"782\" data-end=\"987\">\u201eUgovorene obaveze, prema na\u0161em stavu, nisu izvr\u0161ene na na\u010din koji bi omogu\u0107io odr\u017eavanje koncerta u uslovima koji garantuju odgovaraju\u0107i nivo tehni\u010dke i organizacione sigurnosti\u201c, navedeno je u saop\u0107enju.<\/p>\n<p data-start=\"989\" data-end=\"1146\">Organizator je odbacio i poku\u0161aje da se odgovornost za otkazivanje koncerta prebaci na njega, navode\u0107i da je svoj dio obaveza izvr\u0161avao ozbiljno i odgovorno.<\/p>\n<p data-start=\"1148\" data-end=\"1286\">Istaknuto je da organizatori nisu \u017eeljeli preuzeti rizik odr\u017eavanja velikog doga\u0111aja bez ispunjenih tehni\u010dkih i organizacionih preduslova.<\/p>\n<p data-start=\"1288\" data-end=\"1472\">\u201eSigurnost izvo\u0111a\u010da, publike i svih u\u010desnika doga\u0111aja za nas je bila i ostaje apsolutni prioritet\u201c, poru\u010dili su organizatori, potvr\u0111uju\u0107i da je koncert Dine Merlina u Kraljevu otkazan.<\/p>\n<p data-start=\"1474\" data-end=\"1640\">Otkazivanje koncerta dolazi nakon \u0161to je prethodno zabilje\u017een i incident u Kraljevu, gdje su zapaljene prostorije u kojima je trebao biti odr\u017ean koncert Dine Merlina.<\/p>\n","protected":false},"excerpt":{"rendered":"<p>oncert bosanskohercegova\u010dkog muzi\u010dara Dine Merlina, koji je trebao biti odr\u017ean u Kraljevu, otkazan je, potvr\u0111eno je u zvani\u010dnom saop\u0107enju organizatora. Kao razlog za otkazivanje navedeni su problemi u organizaciji i, prema tvrdnjama organizatora, neispunjavanje ugovornih obaveza kompanije Digi Media Production d.o.o. Beograd, koja je trebala osigurati produkciju, binu i potrebne tehni\u010dke uslove za odr\u017eavanje koncerta. [&hellip;]<\/p>\n","protected":false},"author":2,"featured_media":256090,"comment_status":"closed","ping_status":"closed","sticky":false,"template":"","format":"standard","meta":{"footnotes":""},"categories":[16],"tags":[4798],"class_list":["post-314455","post","type-post","status-publish","format-standard","has-post-thumbnail","hentry","category-sa-svih-strana","tag-dino-merlin"],"yoast_head":"<!-- This site is optimized with the Yoast SEO plugin v28.3 - https:\/\/yoast.com\/product\/yoast-seo-wordpress\/ -->\n<title>Otkazan koncert Dine Merlina u u Kraljevu<\/title>\n<meta name=\"robots\" content=\"index, follow, max-snippet:-1, max-image-preview:large, max-video-preview:-1\" \/>\n<link rel=\"canonical\" href=\"https:\/\/tuzlainfo.ba\/index.php\/clanci\/sa-svih-strana\/item\/314455-otkazan-koncert-dine-merlina-u-u-kraljevu\/\" \/>\n<meta property=\"og:locale\" content=\"bs_BA\" \/>\n<meta property=\"og:type\" content=\"article\" \/>\n<meta property=\"og:title\" content=\"Otkazan koncert Dine Merlina u u Kraljevu\" \/>\n<meta property=\"og:description\" content=\"oncert bosanskohercegova\u010dkog muzi\u010dara Dine Merlina, koji je trebao biti odr\u017ean u Kraljevu, otkazan je, potvr\u0111eno je u zvani\u010dnom saop\u0107enju organizatora. Kao razlog za otkazivanje navedeni su problemi u organizaciji i, prema tvrdnjama organizatora, neispunjavanje ugovornih obaveza kompanije Digi Media Production d.o.o. Beograd, koja je trebala osigurati produkciju, binu i potrebne tehni\u010dke uslove za odr\u017eavanje koncerta. [&hellip;]\" \/>\n<meta property=\"og:url\" content=\"https:\/\/tuzlainfo.ba\/index.php\/clanci\/sa-svih-strana\/item\/314455-otkazan-koncert-dine-merlina-u-u-kraljevu\/\" \/>\n<meta property=\"og:site_name\" content=\"TuzlaInfo.ba\" \/>\n<meta property=\"article:publisher\" content=\"https:\/\/www.facebook.com\/tuzlainfo.ba\/\" \/>\n<meta property=\"article:published_time\" content=\"2026-08-31T13:20:57+00:00\" \/>\n<meta property=\"article:modified_time\" content=\"2026-08-31T13:22:14+00:00\" \/>\n<meta property=\"og:image\" content=\"https:\/\/tuzlainfo.ba\/wp-content\/uploads\/2024\/11\/2211_merlin.jpg\" \/>\n\t<meta property=\"og:image:width\" content=\"800\" \/>\n\t<meta property=\"og:image:height\" content=\"486\" \/>\n\t<meta property=\"og:image:type\" content=\"image\/jpeg\" \/>\n<meta name=\"author\" content=\"nedim\" \/>\n<meta name=\"twitter:card\" content=\"summary_large_image\" \/>\n<meta name=\"twitter:label1\" content=\"Written by\" \/>\n\t<meta name=\"twitter:data1\" content=\"nedim\" \/>\n\t<meta name=\"twitter:label2\" content=\"Est. reading time\" \/>\n\t<meta name=\"twitter:data2\" content=\"2 minute\" \/>\n<script type=\"application\/ld+json\" class=\"yoast-schema-graph\">{\"@context\":\"https:\\\/\\\/schema.org\",\"@graph\":[{\"@type\":\"Article\",\"@id\":\"https:\\\/\\\/tuzlainfo.ba\\\/index.php\\\/clanci\\\/sa-svih-strana\\\/item\\\/314455-otkazan-koncert-dine-merlina-u-u-kraljevu\\\/#article\",\"isPartOf\":{\"@id\":\"https:\\\/\\\/tuzlainfo.ba\\\/index.php\\\/clanci\\\/sa-svih-strana\\\/item\\\/314455-otkazan-koncert-dine-merlina-u-u-kraljevu\\\/\"},\"author\":{\"name\":\"nedim\",\"@id\":\"https:\\\/\\\/tuzlainfo.ba\\\/#\\\/schema\\\/person\\\/f434e20dc27ea133923aab08451b7f7f\"},\"headline\":\"Otkazan koncert Dine Merlina u u Kraljevu\",\"datePublished\":\"2026-08-31T13:20:57+00:00\",\"dateModified\":\"2026-08-31T13:22:14+00:00\",\"mainEntityOfPage\":{\"@id\":\"https:\\\/\\\/tuzlainfo.ba\\\/index.php\\\/clanci\\\/sa-svih-strana\\\/item\\\/314455-otkazan-koncert-dine-merlina-u-u-kraljevu\\\/\"},\"wordCount\":258,\"publisher\":{\"@id\":\"https:\\\/\\\/tuzlainfo.ba\\\/#organization\"},\"image\":{\"@id\":\"https:\\\/\\\/tuzlainfo.ba\\\/index.php\\\/clanci\\\/sa-svih-strana\\\/item\\\/314455-otkazan-koncert-dine-merlina-u-u-kraljevu\\\/#primaryimage\"},\"thumbnailUrl\":\"https:\\\/\\\/tuzlainfo.ba\\\/wp-content\\\/uploads\\\/2024\\\/11\\\/2211_merlin.jpg\",\"keywords\":[\"dino merlin\"],\"articleSection\":[\"Sa svih strana\"],\"inLanguage\":\"bs-BA\",\"copyrightYear\":\"2026\",\"copyrightHolder\":{\"@id\":\"https:\\\/\\\/tuzlainfo.ba\\\/#organization\"}},{\"@type\":\"WebPage\",\"@id\":\"https:\\\/\\\/tuzlainfo.ba\\\/index.php\\\/clanci\\\/sa-svih-strana\\\/item\\\/314455-otkazan-koncert-dine-merlina-u-u-kraljevu\\\/\",\"url\":\"https:\\\/\\\/tuzlainfo.ba\\\/index.php\\\/clanci\\\/sa-svih-strana\\\/item\\\/314455-otkazan-koncert-dine-merlina-u-u-kraljevu\\\/\",\"name\":\"Otkazan koncert Dine Merlina u u Kraljevu\",\"isPartOf\":{\"@id\":\"https:\\\/\\\/tuzlainfo.ba\\\/#website\"},\"primaryImageOfPage\":{\"@id\":\"https:\\\/\\\/tuzlainfo.ba\\\/index.php\\\/clanci\\\/sa-svih-strana\\\/item\\\/314455-otkazan-koncert-dine-merlina-u-u-kraljevu\\\/#primaryimage\"},\"image\":{\"@id\":\"https:\\\/\\\/tuzlainfo.ba\\\/index.php\\\/clanci\\\/sa-svih-strana\\\/item\\\/314455-otkazan-koncert-dine-merlina-u-u-kraljevu\\\/#primaryimage\"},\"thumbnailUrl\":\"https:\\\/\\\/tuzlainfo.ba\\\/wp-content\\\/uploads\\\/2024\\\/11\\\/2211_merlin.jpg\",\"datePublished\":\"2026-08-31T13:20:57+00:00\",\"dateModified\":\"2026-08-31T13:22:14+00:00\",\"breadcrumb\":{\"@id\":\"https:\\\/\\\/tuzlainfo.ba\\\/index.php\\\/clanci\\\/sa-svih-strana\\\/item\\\/314455-otkazan-koncert-dine-merlina-u-u-kraljevu\\\/#breadcrumb\"},\"inLanguage\":\"bs-BA\",\"potentialAction\":[{\"@type\":\"ReadAction\",\"target\":[\"https:\\\/\\\/tuzlainfo.ba\\\/index.php\\\/clanci\\\/sa-svih-strana\\\/item\\\/314455-otkazan-koncert-dine-merlina-u-u-kraljevu\\\/\"]}]},{\"@type\":\"ImageObject\",\"inLanguage\":\"bs-BA\",\"@id\":\"https:\\\/\\\/tuzlainfo.ba\\\/index.php\\\/clanci\\\/sa-svih-strana\\\/item\\\/314455-otkazan-koncert-dine-merlina-u-u-kraljevu\\\/#primaryimage\",\"url\":\"https:\\\/\\\/tuzlainfo.ba\\\/wp-content\\\/uploads\\\/2024\\\/11\\\/2211_merlin.jpg\",\"contentUrl\":\"https:\\\/\\\/tuzlainfo.ba\\\/wp-content\\\/uploads\\\/2024\\\/11\\\/2211_merlin.jpg\",\"width\":800,\"height\":486,\"caption\":\"Foto: \u017deljko Vidinovi\u0107 \\\/ FB DIno Merlin\"},{\"@type\":\"BreadcrumbList\",\"@id\":\"https:\\\/\\\/tuzlainfo.ba\\\/index.php\\\/clanci\\\/sa-svih-strana\\\/item\\\/314455-otkazan-koncert-dine-merlina-u-u-kraljevu\\\/#breadcrumb\",\"itemListElement\":[{\"@type\":\"ListItem\",\"position\":1,\"name\":\"Home\",\"item\":\"https:\\\/\\\/tuzlainfo.ba\\\/\"},{\"@type\":\"ListItem\",\"position\":2,\"name\":\"Otkazan koncert Dine Merlina u u Kraljevu\"}]},{\"@type\":\"WebSite\",\"@id\":\"https:\\\/\\\/tuzlainfo.ba\\\/#website\",\"url\":\"https:\\\/\\\/tuzlainfo.ba\\\/\",\"name\":\"TuzlaInfo.ba\",\"description\":\"Tuzla info, gradski informator - Tuzla na dlanu\",\"publisher\":{\"@id\":\"https:\\\/\\\/tuzlainfo.ba\\\/#organization\"},\"potentialAction\":[{\"@type\":\"SearchAction\",\"target\":{\"@type\":\"EntryPoint\",\"urlTemplate\":\"https:\\\/\\\/tuzlainfo.ba\\\/?s={search_term_string}\"},\"query-input\":{\"@type\":\"PropertyValueSpecification\",\"valueRequired\":true,\"valueName\":\"search_term_string\"}}],\"inLanguage\":\"bs-BA\"},{\"@type\":\"Organization\",\"@id\":\"https:\\\/\\\/tuzlainfo.ba\\\/#organization\",\"name\":\"TuzlaInfo.ba\",\"url\":\"https:\\\/\\\/tuzlainfo.ba\\\/\",\"logo\":{\"@type\":\"ImageObject\",\"inLanguage\":\"bs-BA\",\"@id\":\"https:\\\/\\\/tuzlainfo.ba\\\/#\\\/schema\\\/logo\\\/image\\\/\",\"url\":\"https:\\\/\\\/tuzlainfo.ba\\\/wp-content\\\/uploads\\\/2021\\\/03\\\/logo-ver-3-1.png\",\"contentUrl\":\"https:\\\/\\\/tuzlainfo.ba\\\/wp-content\\\/uploads\\\/2021\\\/03\\\/logo-ver-3-1.png\",\"width\":350,\"height\":95,\"caption\":\"TuzlaInfo.ba\"},\"image\":{\"@id\":\"https:\\\/\\\/tuzlainfo.ba\\\/#\\\/schema\\\/logo\\\/image\\\/\"},\"sameAs\":[\"https:\\\/\\\/www.facebook.com\\\/tuzlainfo.ba\\\/\"]},{\"@type\":\"Person\",\"@id\":\"https:\\\/\\\/tuzlainfo.ba\\\/#\\\/schema\\\/person\\\/f434e20dc27ea133923aab08451b7f7f\",\"name\":\"nedim\",\"image\":{\"@type\":\"ImageObject\",\"inLanguage\":\"bs-BA\",\"@id\":\"https:\\\/\\\/secure.gravatar.com\\\/avatar\\\/5b928a2e7e70a54208d2eb6c1edcb75a5350d6ae97d5f0a701203d456823f6f3?s=96&d=mm&r=g\",\"url\":\"https:\\\/\\\/secure.gravatar.com\\\/avatar\\\/5b928a2e7e70a54208d2eb6c1edcb75a5350d6ae97d5f0a701203d456823f6f3?s=96&d=mm&r=g\",\"contentUrl\":\"https:\\\/\\\/secure.gravatar.com\\\/avatar\\\/5b928a2e7e70a54208d2eb6c1edcb75a5350d6ae97d5f0a701203d456823f6f3?s=96&d=mm&r=g\",\"caption\":\"nedim\"},\"description\":\"Tuzlainfo.ba pratite na dru\u0161tvenim mre\u017eama: Facebook, Instagram i Youtube. Svoje pri\u010de, upite i fotografije \u0161aljite na na\u0161u e-mail adresu.\"}]}<\/script>\n<!-- \/ Yoast SEO plugin. -->","yoast_head_json":{"title":"Otkazan koncert Dine Merlina u u Kraljevu","robots":{"index":"index","follow":"follow","max-snippet":"max-snippet:-1","max-image-preview":"max-image-preview:large","max-video-preview":"max-video-preview:-1"},"canonical":"https:\/\/tuzlainfo.ba\/index.php\/clanci\/sa-svih-strana\/item\/314455-otkazan-koncert-dine-merlina-u-u-kraljevu\/","og_locale":"bs_BA","og_type":"article","og_title":"Otkazan koncert Dine Merlina u u Kraljevu","og_description":"oncert bosanskohercegova\u010dkog muzi\u010dara Dine Merlina, koji je trebao biti odr\u017ean u Kraljevu, otkazan je, potvr\u0111eno je u zvani\u010dnom saop\u0107enju organizatora. Kao razlog za otkazivanje navedeni su problemi u organizaciji i, prema tvrdnjama organizatora, neispunjavanje ugovornih obaveza kompanije Digi Media Production d.o.o. Beograd, koja je trebala osigurati produkciju, binu i potrebne tehni\u010dke uslove za odr\u017eavanje koncerta. [&hellip;]","og_url":"https:\/\/tuzlainfo.ba\/index.php\/clanci\/sa-svih-strana\/item\/314455-otkazan-koncert-dine-merlina-u-u-kraljevu\/","og_site_name":"TuzlaInfo.ba","article_publisher":"https:\/\/www.facebook.com\/tuzlainfo.ba\/","article_published_time":"2026-08-31T13:20:57+00:00","article_modified_time":"2026-08-31T13:22:14+00:00","og_image":[{"width":800,"height":486,"url":"https:\/\/tuzlainfo.ba\/wp-content\/uploads\/2024\/11\/2211_merlin.jpg","type":"image\/jpeg"}],"author":"nedim","twitter_card":"summary_large_image","twitter_misc":{"Written by":"nedim","Est. reading time":"2 minute"},"schema":{"@context":"https:\/\/schema.org","@graph":[{"@type":"Article","@id":"https:\/\/tuzlainfo.ba\/index.php\/clanci\/sa-svih-strana\/item\/314455-otkazan-koncert-dine-merlina-u-u-kraljevu\/#article","isPartOf":{"@id":"https:\/\/tuzlainfo.ba\/index.php\/clanci\/sa-svih-strana\/item\/314455-otkazan-koncert-dine-merlina-u-u-kraljevu\/"},"author":{"name":"nedim","@id":"https:\/\/tuzlainfo.ba\/#\/schema\/person\/f434e20dc27ea133923aab08451b7f7f"},"headline":"Otkazan koncert Dine Merlina u u Kraljevu","datePublished":"2026-08-31T13:20:57+00:00","dateModified":"2026-08-31T13:22:14+00:00","mainEntityOfPage":{"@id":"https:\/\/tuzlainfo.ba\/index.php\/clanci\/sa-svih-strana\/item\/314455-otkazan-koncert-dine-merlina-u-u-kraljevu\/"},"wordCount":258,"publisher":{"@id":"https:\/\/tuzlainfo.ba\/#organization"},"image":{"@id":"https:\/\/tuzlainfo.ba\/index.php\/clanci\/sa-svih-strana\/item\/314455-otkazan-koncert-dine-merlina-u-u-kraljevu\/#primaryimage"},"thumbnailUrl":"https:\/\/tuzlainfo.ba\/wp-content\/uploads\/2024\/11\/2211_merlin.jpg","keywords":["dino merlin"],"articleSection":["Sa svih strana"],"inLanguage":"bs-BA","copyrightYear":"2026","copyrightHolder":{"@id":"https:\/\/tuzlainfo.ba\/#organization"}},{"@type":"WebPage","@id":"https:\/\/tuzlainfo.ba\/index.php\/clanci\/sa-svih-strana\/item\/314455-otkazan-koncert-dine-merlina-u-u-kraljevu\/","url":"https:\/\/tuzlainfo.ba\/index.php\/clanci\/sa-svih-strana\/item\/314455-otkazan-koncert-dine-merlina-u-u-kraljevu\/","name":"Otkazan koncert Dine Merlina u u Kraljevu","isPartOf":{"@id":"https:\/\/tuzlainfo.ba\/#website"},"primaryImageOfPage":{"@id":"https:\/\/tuzlainfo.ba\/index.php\/clanci\/sa-svih-strana\/item\/314455-otkazan-koncert-dine-merlina-u-u-kraljevu\/#primaryimage"},"image":{"@id":"https:\/\/tuzlainfo.ba\/index.php\/clanci\/sa-svih-strana\/item\/314455-otkazan-koncert-dine-merlina-u-u-kraljevu\/#primaryimage"},"thumbnailUrl":"https:\/\/tuzlainfo.ba\/wp-content\/uploads\/2024\/11\/2211_merlin.jpg","datePublished":"2026-08-31T13:20:57+00:00","dateModified":"2026-08-31T13:22:14+00:00","breadcrumb":{"@id":"https:\/\/tuzlainfo.ba\/index.php\/clanci\/sa-svih-strana\/item\/314455-otkazan-koncert-dine-merlina-u-u-kraljevu\/#breadcrumb"},"inLanguage":"bs-BA","potentialAction":[{"@type":"ReadAction","target":["https:\/\/tuzlainfo.ba\/index.php\/clanci\/sa-svih-strana\/item\/314455-otkazan-koncert-dine-merlina-u-u-kraljevu\/"]}]},{"@type":"ImageObject","inLanguage":"bs-BA","@id":"https:\/\/tuzlainfo.ba\/index.php\/clanci\/sa-svih-strana\/item\/314455-otkazan-koncert-dine-merlina-u-u-kraljevu\/#primaryimage","url":"https:\/\/tuzlainfo.ba\/wp-content\/uploads\/2024\/11\/2211_merlin.jpg","contentUrl":"https:\/\/tuzlainfo.ba\/wp-content\/uploads\/2024\/11\/2211_merlin.jpg","width":800,"height":486,"caption":"Foto: \u017deljko Vidinovi\u0107 \/ FB DIno Merlin"},{"@type":"BreadcrumbList","@id":"https:\/\/tuzlainfo.ba\/index.php\/clanci\/sa-svih-strana\/item\/314455-otkazan-koncert-dine-merlina-u-u-kraljevu\/#breadcrumb","itemListElement":[{"@type":"ListItem","position":1,"name":"Home","item":"https:\/\/tuzlainfo.ba\/"},{"@type":"ListItem","position":2,"name":"Otkazan koncert Dine Merlina u u Kraljevu"}]},{"@type":"WebSite","@id":"https:\/\/tuzlainfo.ba\/#website","url":"https:\/\/tuzlainfo.ba\/","name":"TuzlaInfo.ba","description":"Tuzla info, gradski informator - Tuzla na dlanu","publisher":{"@id":"https:\/\/tuzlainfo.ba\/#organization"},"potentialAction":[{"@type":"SearchAction","target":{"@type":"EntryPoint","urlTemplate":"https:\/\/tuzlainfo.ba\/?s={search_term_string}"},"query-input":{"@type":"PropertyValueSpecification","valueRequired":true,"valueName":"search_term_string"}}],"inLanguage":"bs-BA"},{"@type":"Organization","@id":"https:\/\/tuzlainfo.ba\/#organization","name":"TuzlaInfo.ba","url":"https:\/\/tuzlainfo.ba\/","logo":{"@type":"ImageObject","inLanguage":"bs-BA","@id":"https:\/\/tuzlainfo.ba\/#\/schema\/logo\/image\/","url":"https:\/\/tuzlainfo.ba\/wp-content\/uploads\/2021\/03\/logo-ver-3-1.png","contentUrl":"https:\/\/tuzlainfo.ba\/wp-content\/uploads\/2021\/03\/logo-ver-3-1.png","width":350,"height":95,"caption":"TuzlaInfo.ba"},"image":{"@id":"https:\/\/tuzlainfo.ba\/#\/schema\/logo\/image\/"},"sameAs":["https:\/\/www.facebook.com\/tuzlainfo.ba\/"]},{"@type":"Person","@id":"https:\/\/tuzlainfo.ba\/#\/schema\/person\/f434e20dc27ea133923aab08451b7f7f","name":"nedim","image":{"@type":"ImageObject","inLanguage":"bs-BA","@id":"https:\/\/secure.gravatar.com\/avatar\/5b928a2e7e70a54208d2eb6c1edcb75a5350d6ae97d5f0a701203d456823f6f3?s=96&d=mm&r=g","url":"https:\/\/secure.gravatar.com\/avatar\/5b928a2e7e70a54208d2eb6c1edcb75a5350d6ae97d5f0a701203d456823f6f3?s=96&d=mm&r=g","contentUrl":"https:\/\/secure.gravatar.com\/avatar\/5b928a2e7e70a54208d2eb6c1edcb75a5350d6ae97d5f0a701203d456823f6f3?s=96&d=mm&r=g","caption":"nedim"},"description":"Tuzlainfo.ba pratite na dru\u0161tvenim mre\u017eama: Facebook, Instagram i Youtube. Svoje pri\u010de, upite i fotografije \u0161aljite na na\u0161u e-mail adresu."}]}},"_links":{"self":[{"href":"https:\/\/tuzlainfo.ba\/index.php\/wp-json\/wp\/v2\/posts\/314455","targetHints":{"allow":["GET"]}}],"collection":[{"href":"https:\/\/tuzlainfo.ba\/index.php\/wp-json\/wp\/v2\/posts"}],"about":[{"href":"https:\/\/tuzlainfo.ba\/index.php\/wp-json\/wp\/v2\/types\/post"}],"author":[{"embeddable":true,"href":"https:\/\/tuzlainfo.ba\/index.php\/wp-json\/wp\/v2\/users\/2"}],"replies":[{"embeddable":true,"href":"https:\/\/tuzlainfo.ba\/index.php\/wp-json\/wp\/v2\/comments?post=314455"}],"version-history":[{"count":1,"href":"https:\/\/tuzlainfo.ba\/index.php\/wp-json\/wp\/v2\/posts\/314455\/revisions"}],"predecessor-version":[{"id":314456,"href":"https:\/\/tuzlainfo.ba\/index.php\/wp-json\/wp\/v2\/posts\/314455\/revisions\/314456"}],"wp:featuredmedia":[{"embeddable":true,"href":"https:\/\/tuzlainfo.ba\/index.php\/wp-json\/wp\/v2\/media\/256090"}],"wp:attachment":[{"href":"https:\/\/tuzlainfo.ba\/index.php\/wp-json\/wp\/v2\/media?parent=314455"}],"wp:term":[{"taxonomy":"category","embeddable":true,"href":"https:\/\/tuzlainfo.ba\/index.php\/wp-json\/wp\/v2\/categories?post=314455"},{"taxonomy":"post_tag","embeddable":true,"href":"https:\/\/tuzlainfo.ba\/index.php\/wp-json\/wp\/v2\/tags?post=314455"}],"curies":[{"name":"wp","href":"https:\/\/api.w.org\/{rel}","templated":true}]}}