{"id":314452,"date":"2026-08-31T22:00:45","date_gmt":"2026-08-31T20:00:45","guid":{"rendered":"https:\/\/tuzlainfo.ba\/?p=314452"},"modified":"2026-08-31T15:07:14","modified_gmt":"2026-08-31T13:07:14","slug":"elektrodistribucija-planska-iskljucenja-el-energije-za-utorak-1-septembra","status":"publish","type":"post","link":"https:\/\/tuzlainfo.ba\/index.php\/novosti\/item\/314452-elektrodistribucija-planska-iskljucenja-el-energije-za-utorak-1-septembra\/","title":{"rendered":"Elektrodistribucija: Planska isklju\u010denja el. energije za utorak 1. septembra"},"content":{"rendered":"<p class=\"PDq2pG_selectionAnchorContainer\" data-start=\"66\" data-end=\"271\">Zbog planiranih radova na elektrodistributivnoj mre\u017ei, u utorak, 1. septembra 2026. godine, do\u0107i \u0107e do privremenih prekida u isporuci elektri\u010dne energije na podru\u010dju Tuzle, saop\u0107eno je iz nadle\u017enih slu\u017ebi.<\/p>\n<p data-start=\"273\" data-end=\"368\">Prekid u napajanju planiran je u periodu od <strong data-start=\"317\" data-end=\"333\">9 do 13 sati<\/strong>, a obuhvatit \u0107e sljede\u0107e lokacije:<\/p>\n<ul data-start=\"370\" data-end=\"707\">\n<li data-section-id=\"14d6360\" data-start=\"370\" data-end=\"399\"><strong data-start=\"372\" data-end=\"399\">Ulica 4. aprila, broj 6<\/strong><\/li>\n<li data-section-id=\"1n3ne7k\" data-start=\"400\" data-end=\"650\"><strong data-start=\"402\" data-end=\"428\">Ulica Husinskih rudara<\/strong> \u2013 brojevi 46, 77, 133, 140, 142, 144, 146, 148, 150, 152, 154, 156, 158, 166, 168, 309, 319, 321, 349, 383, 385, 387, 389, 395, 399, 401, 403, 405, 407, 409, 411, 413, 415, 417, BB, DO 146, DO 391, DO 150, DO 158 i DO 168<\/li>\n<li data-section-id=\"rcrv24\" data-start=\"651\" data-end=\"707\"><strong data-start=\"653\" data-end=\"671\">Ulica Vilu\u0161i\u0107i<\/strong> \u2013 brojevi 2\u201318, 20\u201322, 24, 26 i 28.<\/li>\n<\/ul>\n<p data-start=\"709\" data-end=\"860\" data-is-last-node=\"\" data-is-only-node=\"\">Iz nadle\u017enih slu\u017ebi upu\u0107en je apel gra\u0111anima za razumijevanje te je preporu\u010deno da svoje obaveze planiraju u skladu s najavljenim radovima. \/Tuzlainfo\/<\/p>\n","protected":false},"excerpt":{"rendered":"<p>Zbog planiranih radova na elektrodistributivnoj mre\u017ei, u utorak, 1. septembra 2026. godine, do\u0107i \u0107e do privremenih prekida u isporuci elektri\u010dne energije na podru\u010dju Tuzle, saop\u0107eno je iz nadle\u017enih slu\u017ebi. Prekid u napajanju planiran je u periodu od 9 do 13 sati, a obuhvatit \u0107e sljede\u0107e lokacije: Ulica 4. aprila, broj 6 Ulica Husinskih rudara \u2013 [&hellip;]<\/p>\n","protected":false},"author":4,"featured_media":170403,"comment_status":"closed","ping_status":"closed","sticky":false,"template":"","format":"standard","meta":{"footnotes":""},"categories":[304,12],"tags":[4379],"class_list":["post-314452","post","type-post","status-publish","format-standard","has-post-thumbnail","hentry","category-istaknuto","category-novosti","tag-planska-iskljucenja-struje-tuzla"],"yoast_head":"<!-- This site is optimized with the Yoast SEO plugin v28.3 - https:\/\/yoast.com\/product\/yoast-seo-wordpress\/ -->\n<title>Elektrodistribucija: Planska isklju\u010denja el. energije za utorak 1. septembra<\/title>\n<meta name=\"robots\" content=\"index, follow, max-snippet:-1, max-image-preview:large, max-video-preview:-1\" \/>\n<link rel=\"canonical\" href=\"https:\/\/tuzlainfo.ba\/index.php\/novosti\/item\/314452-elektrodistribucija-planska-iskljucenja-el-energije-za-utorak-1-septembra\/\" \/>\n<meta property=\"og:locale\" content=\"bs_BA\" \/>\n<meta property=\"og:type\" content=\"article\" \/>\n<meta property=\"og:title\" content=\"Elektrodistribucija: Planska isklju\u010denja el. energije za utorak 1. septembra\" \/>\n<meta property=\"og:description\" content=\"Zbog planiranih radova na elektrodistributivnoj mre\u017ei, u utorak, 1. septembra 2026. godine, do\u0107i \u0107e do privremenih prekida u isporuci elektri\u010dne energije na podru\u010dju Tuzle, saop\u0107eno je iz nadle\u017enih slu\u017ebi. Prekid u napajanju planiran je u periodu od 9 do 13 sati, a obuhvatit \u0107e sljede\u0107e lokacije: Ulica 4. aprila, broj 6 Ulica Husinskih rudara \u2013 [&hellip;]\" \/>\n<meta property=\"og:url\" content=\"https:\/\/tuzlainfo.ba\/index.php\/novosti\/item\/314452-elektrodistribucija-planska-iskljucenja-el-energije-za-utorak-1-septembra\/\" \/>\n<meta property=\"og:site_name\" content=\"TuzlaInfo.ba\" \/>\n<meta property=\"article:publisher\" content=\"https:\/\/www.facebook.com\/tuzlainfo.ba\/\" \/>\n<meta property=\"article:published_time\" content=\"2026-08-31T20:00:45+00:00\" \/>\n<meta property=\"og:image\" content=\"https:\/\/tuzlainfo.ba\/wp-content\/uploads\/2022\/04\/2504_elektro_planska_struja.jpg\" \/>\n\t<meta property=\"og:image:width\" content=\"1000\" \/>\n\t<meta property=\"og:image:height\" content=\"732\" \/>\n\t<meta property=\"og:image:type\" content=\"image\/jpeg\" \/>\n<meta name=\"author\" content=\"Tuzla Info\" \/>\n<meta name=\"twitter:card\" content=\"summary_large_image\" \/>\n<meta name=\"twitter:label1\" content=\"Written by\" \/>\n\t<meta name=\"twitter:data1\" content=\"Tuzla Info\" \/>\n\t<meta name=\"twitter:label2\" content=\"Est. reading time\" \/>\n\t<meta name=\"twitter:data2\" content=\"1 minuta\" \/>\n<script type=\"application\/ld+json\" class=\"yoast-schema-graph\">{\"@context\":\"https:\\\/\\\/schema.org\",\"@graph\":[{\"@type\":\"Article\",\"@id\":\"https:\\\/\\\/tuzlainfo.ba\\\/index.php\\\/novosti\\\/item\\\/314452-elektrodistribucija-planska-iskljucenja-el-energije-za-utorak-1-septembra\\\/#article\",\"isPartOf\":{\"@id\":\"https:\\\/\\\/tuzlainfo.ba\\\/index.php\\\/novosti\\\/item\\\/314452-elektrodistribucija-planska-iskljucenja-el-energije-za-utorak-1-septembra\\\/\"},\"author\":{\"name\":\"Tuzla Info\",\"@id\":\"https:\\\/\\\/tuzlainfo.ba\\\/#\\\/schema\\\/person\\\/46cad4c57790cbc50781edd14870825a\"},\"headline\":\"Elektrodistribucija: Planska isklju\u010denja el. energije za utorak 1. septembra\",\"datePublished\":\"2026-08-31T20:00:45+00:00\",\"mainEntityOfPage\":{\"@id\":\"https:\\\/\\\/tuzlainfo.ba\\\/index.php\\\/novosti\\\/item\\\/314452-elektrodistribucija-planska-iskljucenja-el-energije-za-utorak-1-septembra\\\/\"},\"wordCount\":106,\"publisher\":{\"@id\":\"https:\\\/\\\/tuzlainfo.ba\\\/#organization\"},\"image\":{\"@id\":\"https:\\\/\\\/tuzlainfo.ba\\\/index.php\\\/novosti\\\/item\\\/314452-elektrodistribucija-planska-iskljucenja-el-energije-za-utorak-1-septembra\\\/#primaryimage\"},\"thumbnailUrl\":\"https:\\\/\\\/tuzlainfo.ba\\\/wp-content\\\/uploads\\\/2022\\\/04\\\/2504_elektro_planska_struja.jpg\",\"keywords\":[\"planska isklju\u010denja struje tuzla\"],\"articleSection\":[\"Istaknuto\",\"Novosti\"],\"inLanguage\":\"bs-BA\",\"copyrightYear\":\"2026\",\"copyrightHolder\":{\"@id\":\"https:\\\/\\\/tuzlainfo.ba\\\/#organization\"}},{\"@type\":\"WebPage\",\"@id\":\"https:\\\/\\\/tuzlainfo.ba\\\/index.php\\\/novosti\\\/item\\\/314452-elektrodistribucija-planska-iskljucenja-el-energije-za-utorak-1-septembra\\\/\",\"url\":\"https:\\\/\\\/tuzlainfo.ba\\\/index.php\\\/novosti\\\/item\\\/314452-elektrodistribucija-planska-iskljucenja-el-energije-za-utorak-1-septembra\\\/\",\"name\":\"Elektrodistribucija: Planska isklju\u010denja el. energije za utorak 1. septembra\",\"isPartOf\":{\"@id\":\"https:\\\/\\\/tuzlainfo.ba\\\/#website\"},\"primaryImageOfPage\":{\"@id\":\"https:\\\/\\\/tuzlainfo.ba\\\/index.php\\\/novosti\\\/item\\\/314452-elektrodistribucija-planska-iskljucenja-el-energije-za-utorak-1-septembra\\\/#primaryimage\"},\"image\":{\"@id\":\"https:\\\/\\\/tuzlainfo.ba\\\/index.php\\\/novosti\\\/item\\\/314452-elektrodistribucija-planska-iskljucenja-el-energije-za-utorak-1-septembra\\\/#primaryimage\"},\"thumbnailUrl\":\"https:\\\/\\\/tuzlainfo.ba\\\/wp-content\\\/uploads\\\/2022\\\/04\\\/2504_elektro_planska_struja.jpg\",\"datePublished\":\"2026-08-31T20:00:45+00:00\",\"breadcrumb\":{\"@id\":\"https:\\\/\\\/tuzlainfo.ba\\\/index.php\\\/novosti\\\/item\\\/314452-elektrodistribucija-planska-iskljucenja-el-energije-za-utorak-1-septembra\\\/#breadcrumb\"},\"inLanguage\":\"bs-BA\",\"potentialAction\":[{\"@type\":\"ReadAction\",\"target\":[\"https:\\\/\\\/tuzlainfo.ba\\\/index.php\\\/novosti\\\/item\\\/314452-elektrodistribucija-planska-iskljucenja-el-energije-za-utorak-1-septembra\\\/\"]}]},{\"@type\":\"ImageObject\",\"inLanguage\":\"bs-BA\",\"@id\":\"https:\\\/\\\/tuzlainfo.ba\\\/index.php\\\/novosti\\\/item\\\/314452-elektrodistribucija-planska-iskljucenja-el-energije-za-utorak-1-septembra\\\/#primaryimage\",\"url\":\"https:\\\/\\\/tuzlainfo.ba\\\/wp-content\\\/uploads\\\/2022\\\/04\\\/2504_elektro_planska_struja.jpg\",\"contentUrl\":\"https:\\\/\\\/tuzlainfo.ba\\\/wp-content\\\/uploads\\\/2022\\\/04\\\/2504_elektro_planska_struja.jpg\",\"width\":1000,\"height\":732},{\"@type\":\"BreadcrumbList\",\"@id\":\"https:\\\/\\\/tuzlainfo.ba\\\/index.php\\\/novosti\\\/item\\\/314452-elektrodistribucija-planska-iskljucenja-el-energije-za-utorak-1-septembra\\\/#breadcrumb\",\"itemListElement\":[{\"@type\":\"ListItem\",\"position\":1,\"name\":\"Home\",\"item\":\"https:\\\/\\\/tuzlainfo.ba\\\/\"},{\"@type\":\"ListItem\",\"position\":2,\"name\":\"Elektrodistribucija: Planska isklju\u010denja el. energije za utorak 1. septembra\"}]},{\"@type\":\"WebSite\",\"@id\":\"https:\\\/\\\/tuzlainfo.ba\\\/#website\",\"url\":\"https:\\\/\\\/tuzlainfo.ba\\\/\",\"name\":\"TuzlaInfo.ba\",\"description\":\"Tuzla info, gradski informator - Tuzla na dlanu\",\"publisher\":{\"@id\":\"https:\\\/\\\/tuzlainfo.ba\\\/#organization\"},\"potentialAction\":[{\"@type\":\"SearchAction\",\"target\":{\"@type\":\"EntryPoint\",\"urlTemplate\":\"https:\\\/\\\/tuzlainfo.ba\\\/?s={search_term_string}\"},\"query-input\":{\"@type\":\"PropertyValueSpecification\",\"valueRequired\":true,\"valueName\":\"search_term_string\"}}],\"inLanguage\":\"bs-BA\"},{\"@type\":\"Organization\",\"@id\":\"https:\\\/\\\/tuzlainfo.ba\\\/#organization\",\"name\":\"TuzlaInfo.ba\",\"url\":\"https:\\\/\\\/tuzlainfo.ba\\\/\",\"logo\":{\"@type\":\"ImageObject\",\"inLanguage\":\"bs-BA\",\"@id\":\"https:\\\/\\\/tuzlainfo.ba\\\/#\\\/schema\\\/logo\\\/image\\\/\",\"url\":\"https:\\\/\\\/tuzlainfo.ba\\\/wp-content\\\/uploads\\\/2021\\\/03\\\/logo-ver-3-1.png\",\"contentUrl\":\"https:\\\/\\\/tuzlainfo.ba\\\/wp-content\\\/uploads\\\/2021\\\/03\\\/logo-ver-3-1.png\",\"width\":350,\"height\":95,\"caption\":\"TuzlaInfo.ba\"},\"image\":{\"@id\":\"https:\\\/\\\/tuzlainfo.ba\\\/#\\\/schema\\\/logo\\\/image\\\/\"},\"sameAs\":[\"https:\\\/\\\/www.facebook.com\\\/tuzlainfo.ba\\\/\"]},{\"@type\":\"Person\",\"@id\":\"https:\\\/\\\/tuzlainfo.ba\\\/#\\\/schema\\\/person\\\/46cad4c57790cbc50781edd14870825a\",\"name\":\"Tuzla Info\",\"image\":{\"@type\":\"ImageObject\",\"inLanguage\":\"bs-BA\",\"@id\":\"https:\\\/\\\/secure.gravatar.com\\\/avatar\\\/e980921b00fa2e552723a2386544734ce6885d2b2304ccca3f45186f9ca4031d?s=96&d=mm&r=g\",\"url\":\"https:\\\/\\\/secure.gravatar.com\\\/avatar\\\/e980921b00fa2e552723a2386544734ce6885d2b2304ccca3f45186f9ca4031d?s=96&d=mm&r=g\",\"contentUrl\":\"https:\\\/\\\/secure.gravatar.com\\\/avatar\\\/e980921b00fa2e552723a2386544734ce6885d2b2304ccca3f45186f9ca4031d?s=96&d=mm&r=g\",\"caption\":\"Tuzla Info\"}}]}<\/script>\n<!-- \/ Yoast SEO plugin. -->","yoast_head_json":{"title":"Elektrodistribucija: Planska isklju\u010denja el. energije za utorak 1. septembra","robots":{"index":"index","follow":"follow","max-snippet":"max-snippet:-1","max-image-preview":"max-image-preview:large","max-video-preview":"max-video-preview:-1"},"canonical":"https:\/\/tuzlainfo.ba\/index.php\/novosti\/item\/314452-elektrodistribucija-planska-iskljucenja-el-energije-za-utorak-1-septembra\/","og_locale":"bs_BA","og_type":"article","og_title":"Elektrodistribucija: Planska isklju\u010denja el. energije za utorak 1. septembra","og_description":"Zbog planiranih radova na elektrodistributivnoj mre\u017ei, u utorak, 1. septembra 2026. godine, do\u0107i \u0107e do privremenih prekida u isporuci elektri\u010dne energije na podru\u010dju Tuzle, saop\u0107eno je iz nadle\u017enih slu\u017ebi. Prekid u napajanju planiran je u periodu od 9 do 13 sati, a obuhvatit \u0107e sljede\u0107e lokacije: Ulica 4. aprila, broj 6 Ulica Husinskih rudara \u2013 [&hellip;]","og_url":"https:\/\/tuzlainfo.ba\/index.php\/novosti\/item\/314452-elektrodistribucija-planska-iskljucenja-el-energije-za-utorak-1-septembra\/","og_site_name":"TuzlaInfo.ba","article_publisher":"https:\/\/www.facebook.com\/tuzlainfo.ba\/","article_published_time":"2026-08-31T20:00:45+00:00","og_image":[{"width":1000,"height":732,"url":"https:\/\/tuzlainfo.ba\/wp-content\/uploads\/2022\/04\/2504_elektro_planska_struja.jpg","type":"image\/jpeg"}],"author":"Tuzla Info","twitter_card":"summary_large_image","twitter_misc":{"Written by":"Tuzla Info","Est. reading time":"1 minuta"},"schema":{"@context":"https:\/\/schema.org","@graph":[{"@type":"Article","@id":"https:\/\/tuzlainfo.ba\/index.php\/novosti\/item\/314452-elektrodistribucija-planska-iskljucenja-el-energije-za-utorak-1-septembra\/#article","isPartOf":{"@id":"https:\/\/tuzlainfo.ba\/index.php\/novosti\/item\/314452-elektrodistribucija-planska-iskljucenja-el-energije-za-utorak-1-septembra\/"},"author":{"name":"Tuzla Info","@id":"https:\/\/tuzlainfo.ba\/#\/schema\/person\/46cad4c57790cbc50781edd14870825a"},"headline":"Elektrodistribucija: Planska isklju\u010denja el. energije za utorak 1. septembra","datePublished":"2026-08-31T20:00:45+00:00","mainEntityOfPage":{"@id":"https:\/\/tuzlainfo.ba\/index.php\/novosti\/item\/314452-elektrodistribucija-planska-iskljucenja-el-energije-za-utorak-1-septembra\/"},"wordCount":106,"publisher":{"@id":"https:\/\/tuzlainfo.ba\/#organization"},"image":{"@id":"https:\/\/tuzlainfo.ba\/index.php\/novosti\/item\/314452-elektrodistribucija-planska-iskljucenja-el-energije-za-utorak-1-septembra\/#primaryimage"},"thumbnailUrl":"https:\/\/tuzlainfo.ba\/wp-content\/uploads\/2022\/04\/2504_elektro_planska_struja.jpg","keywords":["planska isklju\u010denja struje tuzla"],"articleSection":["Istaknuto","Novosti"],"inLanguage":"bs-BA","copyrightYear":"2026","copyrightHolder":{"@id":"https:\/\/tuzlainfo.ba\/#organization"}},{"@type":"WebPage","@id":"https:\/\/tuzlainfo.ba\/index.php\/novosti\/item\/314452-elektrodistribucija-planska-iskljucenja-el-energije-za-utorak-1-septembra\/","url":"https:\/\/tuzlainfo.ba\/index.php\/novosti\/item\/314452-elektrodistribucija-planska-iskljucenja-el-energije-za-utorak-1-septembra\/","name":"Elektrodistribucija: Planska isklju\u010denja el. energije za utorak 1. septembra","isPartOf":{"@id":"https:\/\/tuzlainfo.ba\/#website"},"primaryImageOfPage":{"@id":"https:\/\/tuzlainfo.ba\/index.php\/novosti\/item\/314452-elektrodistribucija-planska-iskljucenja-el-energije-za-utorak-1-septembra\/#primaryimage"},"image":{"@id":"https:\/\/tuzlainfo.ba\/index.php\/novosti\/item\/314452-elektrodistribucija-planska-iskljucenja-el-energije-za-utorak-1-septembra\/#primaryimage"},"thumbnailUrl":"https:\/\/tuzlainfo.ba\/wp-content\/uploads\/2022\/04\/2504_elektro_planska_struja.jpg","datePublished":"2026-08-31T20:00:45+00:00","breadcrumb":{"@id":"https:\/\/tuzlainfo.ba\/index.php\/novosti\/item\/314452-elektrodistribucija-planska-iskljucenja-el-energije-za-utorak-1-septembra\/#breadcrumb"},"inLanguage":"bs-BA","potentialAction":[{"@type":"ReadAction","target":["https:\/\/tuzlainfo.ba\/index.php\/novosti\/item\/314452-elektrodistribucija-planska-iskljucenja-el-energije-za-utorak-1-septembra\/"]}]},{"@type":"ImageObject","inLanguage":"bs-BA","@id":"https:\/\/tuzlainfo.ba\/index.php\/novosti\/item\/314452-elektrodistribucija-planska-iskljucenja-el-energije-za-utorak-1-septembra\/#primaryimage","url":"https:\/\/tuzlainfo.ba\/wp-content\/uploads\/2022\/04\/2504_elektro_planska_struja.jpg","contentUrl":"https:\/\/tuzlainfo.ba\/wp-content\/uploads\/2022\/04\/2504_elektro_planska_struja.jpg","width":1000,"height":732},{"@type":"BreadcrumbList","@id":"https:\/\/tuzlainfo.ba\/index.php\/novosti\/item\/314452-elektrodistribucija-planska-iskljucenja-el-energije-za-utorak-1-septembra\/#breadcrumb","itemListElement":[{"@type":"ListItem","position":1,"name":"Home","item":"https:\/\/tuzlainfo.ba\/"},{"@type":"ListItem","position":2,"name":"Elektrodistribucija: Planska isklju\u010denja el. energije za utorak 1. septembra"}]},{"@type":"WebSite","@id":"https:\/\/tuzlainfo.ba\/#website","url":"https:\/\/tuzlainfo.ba\/","name":"TuzlaInfo.ba","description":"Tuzla info, gradski informator - Tuzla na dlanu","publisher":{"@id":"https:\/\/tuzlainfo.ba\/#organization"},"potentialAction":[{"@type":"SearchAction","target":{"@type":"EntryPoint","urlTemplate":"https:\/\/tuzlainfo.ba\/?s={search_term_string}"},"query-input":{"@type":"PropertyValueSpecification","valueRequired":true,"valueName":"search_term_string"}}],"inLanguage":"bs-BA"},{"@type":"Organization","@id":"https:\/\/tuzlainfo.ba\/#organization","name":"TuzlaInfo.ba","url":"https:\/\/tuzlainfo.ba\/","logo":{"@type":"ImageObject","inLanguage":"bs-BA","@id":"https:\/\/tuzlainfo.ba\/#\/schema\/logo\/image\/","url":"https:\/\/tuzlainfo.ba\/wp-content\/uploads\/2021\/03\/logo-ver-3-1.png","contentUrl":"https:\/\/tuzlainfo.ba\/wp-content\/uploads\/2021\/03\/logo-ver-3-1.png","width":350,"height":95,"caption":"TuzlaInfo.ba"},"image":{"@id":"https:\/\/tuzlainfo.ba\/#\/schema\/logo\/image\/"},"sameAs":["https:\/\/www.facebook.com\/tuzlainfo.ba\/"]},{"@type":"Person","@id":"https:\/\/tuzlainfo.ba\/#\/schema\/person\/46cad4c57790cbc50781edd14870825a","name":"Tuzla Info","image":{"@type":"ImageObject","inLanguage":"bs-BA","@id":"https:\/\/secure.gravatar.com\/avatar\/e980921b00fa2e552723a2386544734ce6885d2b2304ccca3f45186f9ca4031d?s=96&d=mm&r=g","url":"https:\/\/secure.gravatar.com\/avatar\/e980921b00fa2e552723a2386544734ce6885d2b2304ccca3f45186f9ca4031d?s=96&d=mm&r=g","contentUrl":"https:\/\/secure.gravatar.com\/avatar\/e980921b00fa2e552723a2386544734ce6885d2b2304ccca3f45186f9ca4031d?s=96&d=mm&r=g","caption":"Tuzla Info"}}]}},"_links":{"self":[{"href":"https:\/\/tuzlainfo.ba\/index.php\/wp-json\/wp\/v2\/posts\/314452","targetHints":{"allow":["GET"]}}],"collection":[{"href":"https:\/\/tuzlainfo.ba\/index.php\/wp-json\/wp\/v2\/posts"}],"about":[{"href":"https:\/\/tuzlainfo.ba\/index.php\/wp-json\/wp\/v2\/types\/post"}],"author":[{"embeddable":true,"href":"https:\/\/tuzlainfo.ba\/index.php\/wp-json\/wp\/v2\/users\/4"}],"replies":[{"embeddable":true,"href":"https:\/\/tuzlainfo.ba\/index.php\/wp-json\/wp\/v2\/comments?post=314452"}],"version-history":[{"count":1,"href":"https:\/\/tuzlainfo.ba\/index.php\/wp-json\/wp\/v2\/posts\/314452\/revisions"}],"predecessor-version":[{"id":314453,"href":"https:\/\/tuzlainfo.ba\/index.php\/wp-json\/wp\/v2\/posts\/314452\/revisions\/314453"}],"wp:featuredmedia":[{"embeddable":true,"href":"https:\/\/tuzlainfo.ba\/index.php\/wp-json\/wp\/v2\/media\/170403"}],"wp:attachment":[{"href":"https:\/\/tuzlainfo.ba\/index.php\/wp-json\/wp\/v2\/media?parent=314452"}],"wp:term":[{"taxonomy":"category","embeddable":true,"href":"https:\/\/tuzlainfo.ba\/index.php\/wp-json\/wp\/v2\/categories?post=314452"},{"taxonomy":"post_tag","embeddable":true,"href":"https:\/\/tuzlainfo.ba\/index.php\/wp-json\/wp\/v2\/tags?post=314452"}],"curies":[{"name":"wp","href":"https:\/\/api.w.org\/{rel}","templated":true}]}}