{"id":314449,"date":"2026-08-31T16:03:24","date_gmt":"2026-08-31T14:03:24","guid":{"rendered":"https:\/\/tuzlainfo.ba\/?p=314449"},"modified":"2026-08-31T15:04:42","modified_gmt":"2026-08-31T13:04:42","slug":"niksic-podnio-racun-gradjanima-sta-je-vlada-fbih-uradila-u-mandatu","status":"publish","type":"post","link":"https:\/\/tuzlainfo.ba\/index.php\/bosna-i-hercegovina\/item\/314449-niksic-podnio-racun-gradjanima-sta-je-vlada-fbih-uradila-u-mandatu\/","title":{"rendered":"Nik\u0161i\u0107 podnio \u201era\u010dun gra\u0111anima\u201c: \u0160ta je Vlada FBiH uradila u mandatu"},"content":{"rendered":"<p class=\"PDq2pG_selectionAnchorContainer\" data-start=\"100\" data-end=\"346\">Premijer Federacije Bosne i Hercegovine Nermin Nik\u0161i\u0107 predstavio je danas rezultate rada Vlade FBiH tokom aktuelnog mandata, isti\u010du\u0107i pove\u0107anje minimalne plate, penzija i socijalnih davanja, kao i ulaganja u privredu, energetiku i infrastrukturu.<\/p>\n<p data-start=\"348\" data-end=\"549\">Na konferenciji za medije \u201eRa\u010dun gra\u0111anima\u201c, odr\u017eanoj u sjedi\u0161tu Vlade FBiH u Sarajevu, Nik\u0161i\u0107 je kazao da pred kraj mandata ne tra\u017ei aplauze, ve\u0107 \u017eeli podnijeti izvje\u0161taj o onome \u0161to je Vlada uradila.<\/p>\n<p data-start=\"551\" data-end=\"746\">Prema njegovim rije\u010dima, minimalna plata pove\u0107ana je sa 596 na 1.027 KM. Istakao je da to ne zna\u010di lagodan \u017eivot, ali predstavlja 431 KM vi\u0161e svakog mjeseca za radnika koji prima minimalnu platu.<\/p>\n<p data-start=\"748\" data-end=\"1038\">\u201eU godini pove\u0107anja minimalne plate radnicima je ispla\u0107eno 1,2 milijarde maraka vi\u0161e nego godinu ranije. Istovremeno je prijavljena dobit poslodavaca porasla za 440 miliona maraka. Dakle, ve\u0107e plate nisu zaustavile privredu. Rasli su i prihodi radnika i dobit poslodavaca\u201c, rekao je Nik\u0161i\u0107.<\/p>\n<p data-start=\"1040\" data-end=\"1172\">Dodao je da je omogu\u0107ena i isplata dodatne neoporezive pomo\u0107i radnicima, dok je zbirna stopa doprinosa smanjena sa 41,5 na 36 posto.<\/p>\n<p data-start=\"1174\" data-end=\"1389\">Bud\u017eet Federacije BiH u 2026. godini ve\u0107i je za vi\u0161e od 3,3 milijarde KM u odnosu na 2022. godinu, dok je udio javnog duga Federacije i krajnjih korisnika smanjen sa gotovo 25 na oko 20 posto BDP-a, naveo je Nik\u0161i\u0107.<\/p>\n<p data-start=\"1391\" data-end=\"1690\">Kada je rije\u010d o socijalnoj politici, istakao je da je dje\u010diji dodatak pove\u0107an sa 117 na 195 KM, uvedena je podr\u0161ka od 1.000 KM za svako novoro\u0111en\u010de, dok naknada roditeljima njegovateljima iznosi 1.027 KM. Neratne invalidnine pove\u0107ane su nakon 14 godina, a usvojen je i Zakon o civilnim \u017ertvama rata.<\/p>\n<p data-start=\"1692\" data-end=\"1790\">Govore\u0107i o penzionerima, Nik\u0161i\u0107 je naveo da je najni\u017ea penzija pove\u0107ana sa 424,43 KM na 690,10 KM.<\/p>\n<p data-start=\"1792\" data-end=\"1943\">\u201eNe\u0107u re\u0107i da penzioneri danas \u017eive dobro. Mnogi ne \u017eive i toga smo svjesni. Ali nije po\u0161teno ni zanemariti pomak koji je napravljen\u201c, kazao je Nik\u0161i\u0107.<\/p>\n<p data-start=\"1945\" data-end=\"2068\">Kroz Fond solidarnosti u ovom mandatu izdvojeno je 218 miliona KM, dok je za zdravstvene ustanove osigurano 208 miliona KM.<\/p>\n<p data-start=\"2070\" data-end=\"2220\">Nik\u0161i\u0107 se osvrnuo i na projekat \u201eZaklju\u010dane cijene\u201c te uvo\u0111enje neradne nedjelje, navode\u0107i da skoro 100.000 radnika sada ima vi\u0161e vremena za porodicu.<\/p>\n<p data-start=\"2222\" data-end=\"2429\">Prema podacima koje je iznio, u prvih \u0161est mjeseci 2026. godine maloprodajni promet bio je oko 725 miliona KM ve\u0107i nego godinu ranije, dok je izme\u0111u aprila i juna broj zaposlenih u trgovini pove\u0107an za 1.214.<\/p>\n<p data-start=\"2431\" data-end=\"2715\">U oblasti privrede, za mikro, mala i srednja preduze\u0107a izdvojen je 91 milion KM, dok je za programe podr\u0161ke poljoprivredi usmjereno vi\u0161e od 550 miliona KM. Vlada tako\u0111er uvodi novi sistem fiskalizacije, koji bi trebao omogu\u0107iti potpuniju evidenciju prometa i smanjenje sive ekonomije.<\/p>\n<p data-start=\"2717\" data-end=\"2955\">Posebno je istaknuta namjenska industrija, \u010diji su prihodi u protekle \u010detiri godine udvostru\u010deni. Osam kompanija iz ovog sektora u prvom polugodi\u0161tu ostvarilo je prihode od 212,6 miliona KM i dobit od 31,7 miliona KM, uz 3.826 zaposlenih.<\/p>\n<p data-start=\"2957\" data-end=\"3131\">Govore\u0107i o energetskom sektoru, Nik\u0161i\u0107 je kazao da je stabilan energetski sistem klju\u010dan za razvoj industrije te podsjetio da su tokom mandata usvojena tri energetska zakona.<\/p>\n<p data-start=\"3133\" data-end=\"3444\">\u201eNe \u017eelim pojednostavljivati stanje u Elektroprivredi BiH i rudnicima. To se ne mo\u017ee rije\u0161iti preko no\u0107i. Ula\u017eemo u rudnike i termoelektrane da bismo stabilizirali proizvodnju, istovremeno razvijamo obnovljive izvore energije i tra\u017eimo odr\u017eivo rje\u0161enje za rudnike koji vi\u0161e nemaju perspektivu\u201c, rekao je Nik\u0161i\u0107.<\/p>\n<p data-start=\"3446\" data-end=\"3647\">U putnu infrastrukturu, prema njegovim rije\u010dima, ulo\u017eeno je 962 miliona KM, dok je otvoreno 28 kilometara novih dionica autoputa. U narednom periodu o\u010dekuje se pu\u0161tanje u promet dodatnih 10 kilometara.<\/p>\n<p data-start=\"3649\" data-end=\"3829\">Za dva velika projekta pobolj\u0161anja kvaliteta zraka i upravljanja otpadom izdvojeno je po 90 miliona KM, dok Federacija BiH, kako je navedeno, bilje\u017ei rekordne turisti\u010dke rezultate.<\/p>\n<p data-start=\"3831\" data-end=\"3943\">Nik\u0161i\u0107 je istakao i da je u povratni\u010dke zajednice ulo\u017eeno 143 miliona KM, kao i da su unaprije\u0111ena prava boraca.<\/p>\n<p data-start=\"3945\" data-end=\"4160\">Podsjetio je da je nakon vi\u0161e od decenije pokrenut rad Federalnog USKOK-a, dok je osnovnu policijsku obuku zavr\u0161ilo ili trenutno zavr\u0161ava 3.170 kadeta. Kapacitet Policijske akademije pove\u0107an je sa 250 na 520 mjesta.<\/p>\n<p data-start=\"4162\" data-end=\"4379\">Tokom mandata kantonima u Federaciji BiH usmjereno je 8,2 milijarde KM za projekte u oblastima obrazovanja, zdravstva, saobra\u0107ajne infrastrukture, vodosnabdijevanja, privrede, poljoprivrede, kulture, sporta i turizma.<\/p>\n<p data-start=\"4381\" data-end=\"4583\" data-is-last-node=\"\" data-is-only-node=\"\">\u201eNisam danas \u017eelio ponuditi sliku savr\u0161ene Federacije niti re\u0107i da je sve ura\u0111eno. Nije. Pravili smo i gre\u0161ke, ali ovo \u0161to smo uradili jeste posao koji mo\u017eemo braniti pred gra\u0111anima\u201c, poru\u010dio je Nik\u0161i\u0107.<\/p>\n","protected":false},"excerpt":{"rendered":"<p>Premijer Federacije Bosne i Hercegovine Nermin Nik\u0161i\u0107 predstavio je danas rezultate rada Vlade FBiH tokom aktuelnog mandata, isti\u010du\u0107i pove\u0107anje minimalne plate, penzija i socijalnih davanja, kao i ulaganja u privredu, energetiku i infrastrukturu. Na konferenciji za medije \u201eRa\u010dun gra\u0111anima\u201c, odr\u017eanoj u sjedi\u0161tu Vlade FBiH u Sarajevu, Nik\u0161i\u0107 je kazao da pred kraj mandata ne tra\u017ei [&hellip;]<\/p>\n","protected":false},"author":4,"featured_media":314450,"comment_status":"closed","ping_status":"closed","sticky":false,"template":"","format":"standard","meta":{"footnotes":""},"categories":[291,304],"tags":[542,14445,502],"class_list":["post-314449","post","type-post","status-publish","format-standard","has-post-thumbnail","hentry","category-bosna-i-hercegovina","category-istaknuto","tag-nermin-niksic","tag-racun-gradjanima","tag-vlada-fbih"],"yoast_head":"<!-- This site is optimized with the Yoast SEO plugin v28.3 - https:\/\/yoast.com\/product\/yoast-seo-wordpress\/ -->\n<title>Nik\u0161i\u0107 podnio \u201era\u010dun gra\u0111anima\u201c: \u0160ta je Vlada FBiH uradila u mandatu<\/title>\n<meta name=\"robots\" content=\"index, follow, max-snippet:-1, max-image-preview:large, max-video-preview:-1\" \/>\n<link rel=\"canonical\" href=\"https:\/\/tuzlainfo.ba\/index.php\/bosna-i-hercegovina\/item\/314449-niksic-podnio-racun-gradjanima-sta-je-vlada-fbih-uradila-u-mandatu\/\" \/>\n<meta property=\"og:locale\" content=\"bs_BA\" \/>\n<meta property=\"og:type\" content=\"article\" \/>\n<meta property=\"og:title\" content=\"Nik\u0161i\u0107 podnio \u201era\u010dun gra\u0111anima\u201c: \u0160ta je Vlada FBiH uradila u mandatu\" \/>\n<meta property=\"og:description\" content=\"Premijer Federacije Bosne i Hercegovine Nermin Nik\u0161i\u0107 predstavio je danas rezultate rada Vlade FBiH tokom aktuelnog mandata, isti\u010du\u0107i pove\u0107anje minimalne plate, penzija i socijalnih davanja, kao i ulaganja u privredu, energetiku i infrastrukturu. Na konferenciji za medije \u201eRa\u010dun gra\u0111anima\u201c, odr\u017eanoj u sjedi\u0161tu Vlade FBiH u Sarajevu, Nik\u0161i\u0107 je kazao da pred kraj mandata ne tra\u017ei [&hellip;]\" \/>\n<meta property=\"og:url\" content=\"https:\/\/tuzlainfo.ba\/index.php\/bosna-i-hercegovina\/item\/314449-niksic-podnio-racun-gradjanima-sta-je-vlada-fbih-uradila-u-mandatu\/\" \/>\n<meta property=\"og:site_name\" content=\"TuzlaInfo.ba\" \/>\n<meta property=\"article:publisher\" content=\"https:\/\/www.facebook.com\/tuzlainfo.ba\/\" \/>\n<meta property=\"article:published_time\" content=\"2026-08-31T14:03:24+00:00\" \/>\n<meta property=\"og:image\" content=\"https:\/\/tuzlainfo.ba\/wp-content\/uploads\/2026\/08\/niksic.jpg\" \/>\n\t<meta property=\"og:image:width\" content=\"1600\" \/>\n\t<meta property=\"og:image:height\" content=\"900\" \/>\n\t<meta property=\"og:image:type\" content=\"image\/jpeg\" \/>\n<meta name=\"author\" content=\"Tuzla Info\" \/>\n<meta name=\"twitter:card\" content=\"summary_large_image\" \/>\n<meta name=\"twitter:label1\" content=\"Written by\" \/>\n\t<meta name=\"twitter:data1\" content=\"Tuzla Info\" \/>\n\t<meta name=\"twitter:label2\" content=\"Est. reading time\" \/>\n\t<meta name=\"twitter:data2\" content=\"4 minute\" \/>\n<script type=\"application\/ld+json\" class=\"yoast-schema-graph\">{\"@context\":\"https:\\\/\\\/schema.org\",\"@graph\":[{\"@type\":\"Article\",\"@id\":\"https:\\\/\\\/tuzlainfo.ba\\\/index.php\\\/bosna-i-hercegovina\\\/item\\\/314449-niksic-podnio-racun-gradjanima-sta-je-vlada-fbih-uradila-u-mandatu\\\/#article\",\"isPartOf\":{\"@id\":\"https:\\\/\\\/tuzlainfo.ba\\\/index.php\\\/bosna-i-hercegovina\\\/item\\\/314449-niksic-podnio-racun-gradjanima-sta-je-vlada-fbih-uradila-u-mandatu\\\/\"},\"author\":{\"name\":\"Tuzla Info\",\"@id\":\"https:\\\/\\\/tuzlainfo.ba\\\/#\\\/schema\\\/person\\\/46cad4c57790cbc50781edd14870825a\"},\"headline\":\"Nik\u0161i\u0107 podnio \u201era\u010dun gra\u0111anima\u201c: \u0160ta je Vlada FBiH uradila u mandatu\",\"datePublished\":\"2026-08-31T14:03:24+00:00\",\"mainEntityOfPage\":{\"@id\":\"https:\\\/\\\/tuzlainfo.ba\\\/index.php\\\/bosna-i-hercegovina\\\/item\\\/314449-niksic-podnio-racun-gradjanima-sta-je-vlada-fbih-uradila-u-mandatu\\\/\"},\"wordCount\":758,\"publisher\":{\"@id\":\"https:\\\/\\\/tuzlainfo.ba\\\/#organization\"},\"image\":{\"@id\":\"https:\\\/\\\/tuzlainfo.ba\\\/index.php\\\/bosna-i-hercegovina\\\/item\\\/314449-niksic-podnio-racun-gradjanima-sta-je-vlada-fbih-uradila-u-mandatu\\\/#primaryimage\"},\"thumbnailUrl\":\"https:\\\/\\\/tuzlainfo.ba\\\/wp-content\\\/uploads\\\/2026\\\/08\\\/niksic.jpg\",\"keywords\":[\"nermin nik\u0161i\u0107\",\"ra\u010dun gra\u0111anima\",\"vlada fbih\"],\"articleSection\":[\"Bosna i Hercegovina\",\"Istaknuto\"],\"inLanguage\":\"bs-BA\",\"copyrightYear\":\"2026\",\"copyrightHolder\":{\"@id\":\"https:\\\/\\\/tuzlainfo.ba\\\/#organization\"}},{\"@type\":\"WebPage\",\"@id\":\"https:\\\/\\\/tuzlainfo.ba\\\/index.php\\\/bosna-i-hercegovina\\\/item\\\/314449-niksic-podnio-racun-gradjanima-sta-je-vlada-fbih-uradila-u-mandatu\\\/\",\"url\":\"https:\\\/\\\/tuzlainfo.ba\\\/index.php\\\/bosna-i-hercegovina\\\/item\\\/314449-niksic-podnio-racun-gradjanima-sta-je-vlada-fbih-uradila-u-mandatu\\\/\",\"name\":\"Nik\u0161i\u0107 podnio \u201era\u010dun gra\u0111anima\u201c: \u0160ta je Vlada FBiH uradila u mandatu\",\"isPartOf\":{\"@id\":\"https:\\\/\\\/tuzlainfo.ba\\\/#website\"},\"primaryImageOfPage\":{\"@id\":\"https:\\\/\\\/tuzlainfo.ba\\\/index.php\\\/bosna-i-hercegovina\\\/item\\\/314449-niksic-podnio-racun-gradjanima-sta-je-vlada-fbih-uradila-u-mandatu\\\/#primaryimage\"},\"image\":{\"@id\":\"https:\\\/\\\/tuzlainfo.ba\\\/index.php\\\/bosna-i-hercegovina\\\/item\\\/314449-niksic-podnio-racun-gradjanima-sta-je-vlada-fbih-uradila-u-mandatu\\\/#primaryimage\"},\"thumbnailUrl\":\"https:\\\/\\\/tuzlainfo.ba\\\/wp-content\\\/uploads\\\/2026\\\/08\\\/niksic.jpg\",\"datePublished\":\"2026-08-31T14:03:24+00:00\",\"breadcrumb\":{\"@id\":\"https:\\\/\\\/tuzlainfo.ba\\\/index.php\\\/bosna-i-hercegovina\\\/item\\\/314449-niksic-podnio-racun-gradjanima-sta-je-vlada-fbih-uradila-u-mandatu\\\/#breadcrumb\"},\"inLanguage\":\"bs-BA\",\"potentialAction\":[{\"@type\":\"ReadAction\",\"target\":[\"https:\\\/\\\/tuzlainfo.ba\\\/index.php\\\/bosna-i-hercegovina\\\/item\\\/314449-niksic-podnio-racun-gradjanima-sta-je-vlada-fbih-uradila-u-mandatu\\\/\"]}]},{\"@type\":\"ImageObject\",\"inLanguage\":\"bs-BA\",\"@id\":\"https:\\\/\\\/tuzlainfo.ba\\\/index.php\\\/bosna-i-hercegovina\\\/item\\\/314449-niksic-podnio-racun-gradjanima-sta-je-vlada-fbih-uradila-u-mandatu\\\/#primaryimage\",\"url\":\"https:\\\/\\\/tuzlainfo.ba\\\/wp-content\\\/uploads\\\/2026\\\/08\\\/niksic.jpg\",\"contentUrl\":\"https:\\\/\\\/tuzlainfo.ba\\\/wp-content\\\/uploads\\\/2026\\\/08\\\/niksic.jpg\",\"width\":1600,\"height\":900},{\"@type\":\"BreadcrumbList\",\"@id\":\"https:\\\/\\\/tuzlainfo.ba\\\/index.php\\\/bosna-i-hercegovina\\\/item\\\/314449-niksic-podnio-racun-gradjanima-sta-je-vlada-fbih-uradila-u-mandatu\\\/#breadcrumb\",\"itemListElement\":[{\"@type\":\"ListItem\",\"position\":1,\"name\":\"Home\",\"item\":\"https:\\\/\\\/tuzlainfo.ba\\\/\"},{\"@type\":\"ListItem\",\"position\":2,\"name\":\"Nik\u0161i\u0107 podnio \u201era\u010dun gra\u0111anima\u201c: \u0160ta je Vlada FBiH uradila u mandatu\"}]},{\"@type\":\"WebSite\",\"@id\":\"https:\\\/\\\/tuzlainfo.ba\\\/#website\",\"url\":\"https:\\\/\\\/tuzlainfo.ba\\\/\",\"name\":\"TuzlaInfo.ba\",\"description\":\"Tuzla info, gradski informator - Tuzla na dlanu\",\"publisher\":{\"@id\":\"https:\\\/\\\/tuzlainfo.ba\\\/#organization\"},\"potentialAction\":[{\"@type\":\"SearchAction\",\"target\":{\"@type\":\"EntryPoint\",\"urlTemplate\":\"https:\\\/\\\/tuzlainfo.ba\\\/?s={search_term_string}\"},\"query-input\":{\"@type\":\"PropertyValueSpecification\",\"valueRequired\":true,\"valueName\":\"search_term_string\"}}],\"inLanguage\":\"bs-BA\"},{\"@type\":\"Organization\",\"@id\":\"https:\\\/\\\/tuzlainfo.ba\\\/#organization\",\"name\":\"TuzlaInfo.ba\",\"url\":\"https:\\\/\\\/tuzlainfo.ba\\\/\",\"logo\":{\"@type\":\"ImageObject\",\"inLanguage\":\"bs-BA\",\"@id\":\"https:\\\/\\\/tuzlainfo.ba\\\/#\\\/schema\\\/logo\\\/image\\\/\",\"url\":\"https:\\\/\\\/tuzlainfo.ba\\\/wp-content\\\/uploads\\\/2021\\\/03\\\/logo-ver-3-1.png\",\"contentUrl\":\"https:\\\/\\\/tuzlainfo.ba\\\/wp-content\\\/uploads\\\/2021\\\/03\\\/logo-ver-3-1.png\",\"width\":350,\"height\":95,\"caption\":\"TuzlaInfo.ba\"},\"image\":{\"@id\":\"https:\\\/\\\/tuzlainfo.ba\\\/#\\\/schema\\\/logo\\\/image\\\/\"},\"sameAs\":[\"https:\\\/\\\/www.facebook.com\\\/tuzlainfo.ba\\\/\"]},{\"@type\":\"Person\",\"@id\":\"https:\\\/\\\/tuzlainfo.ba\\\/#\\\/schema\\\/person\\\/46cad4c57790cbc50781edd14870825a\",\"name\":\"Tuzla Info\",\"image\":{\"@type\":\"ImageObject\",\"inLanguage\":\"bs-BA\",\"@id\":\"https:\\\/\\\/secure.gravatar.com\\\/avatar\\\/e980921b00fa2e552723a2386544734ce6885d2b2304ccca3f45186f9ca4031d?s=96&d=mm&r=g\",\"url\":\"https:\\\/\\\/secure.gravatar.com\\\/avatar\\\/e980921b00fa2e552723a2386544734ce6885d2b2304ccca3f45186f9ca4031d?s=96&d=mm&r=g\",\"contentUrl\":\"https:\\\/\\\/secure.gravatar.com\\\/avatar\\\/e980921b00fa2e552723a2386544734ce6885d2b2304ccca3f45186f9ca4031d?s=96&d=mm&r=g\",\"caption\":\"Tuzla Info\"}}]}<\/script>\n<!-- \/ Yoast SEO plugin. -->","yoast_head_json":{"title":"Nik\u0161i\u0107 podnio \u201era\u010dun gra\u0111anima\u201c: \u0160ta je Vlada FBiH uradila u mandatu","robots":{"index":"index","follow":"follow","max-snippet":"max-snippet:-1","max-image-preview":"max-image-preview:large","max-video-preview":"max-video-preview:-1"},"canonical":"https:\/\/tuzlainfo.ba\/index.php\/bosna-i-hercegovina\/item\/314449-niksic-podnio-racun-gradjanima-sta-je-vlada-fbih-uradila-u-mandatu\/","og_locale":"bs_BA","og_type":"article","og_title":"Nik\u0161i\u0107 podnio \u201era\u010dun gra\u0111anima\u201c: \u0160ta je Vlada FBiH uradila u mandatu","og_description":"Premijer Federacije Bosne i Hercegovine Nermin Nik\u0161i\u0107 predstavio je danas rezultate rada Vlade FBiH tokom aktuelnog mandata, isti\u010du\u0107i pove\u0107anje minimalne plate, penzija i socijalnih davanja, kao i ulaganja u privredu, energetiku i infrastrukturu. Na konferenciji za medije \u201eRa\u010dun gra\u0111anima\u201c, odr\u017eanoj u sjedi\u0161tu Vlade FBiH u Sarajevu, Nik\u0161i\u0107 je kazao da pred kraj mandata ne tra\u017ei [&hellip;]","og_url":"https:\/\/tuzlainfo.ba\/index.php\/bosna-i-hercegovina\/item\/314449-niksic-podnio-racun-gradjanima-sta-je-vlada-fbih-uradila-u-mandatu\/","og_site_name":"TuzlaInfo.ba","article_publisher":"https:\/\/www.facebook.com\/tuzlainfo.ba\/","article_published_time":"2026-08-31T14:03:24+00:00","og_image":[{"width":1600,"height":900,"url":"https:\/\/tuzlainfo.ba\/wp-content\/uploads\/2026\/08\/niksic.jpg","type":"image\/jpeg"}],"author":"Tuzla Info","twitter_card":"summary_large_image","twitter_misc":{"Written by":"Tuzla Info","Est. reading time":"4 minute"},"schema":{"@context":"https:\/\/schema.org","@graph":[{"@type":"Article","@id":"https:\/\/tuzlainfo.ba\/index.php\/bosna-i-hercegovina\/item\/314449-niksic-podnio-racun-gradjanima-sta-je-vlada-fbih-uradila-u-mandatu\/#article","isPartOf":{"@id":"https:\/\/tuzlainfo.ba\/index.php\/bosna-i-hercegovina\/item\/314449-niksic-podnio-racun-gradjanima-sta-je-vlada-fbih-uradila-u-mandatu\/"},"author":{"name":"Tuzla Info","@id":"https:\/\/tuzlainfo.ba\/#\/schema\/person\/46cad4c57790cbc50781edd14870825a"},"headline":"Nik\u0161i\u0107 podnio \u201era\u010dun gra\u0111anima\u201c: \u0160ta je Vlada FBiH uradila u mandatu","datePublished":"2026-08-31T14:03:24+00:00","mainEntityOfPage":{"@id":"https:\/\/tuzlainfo.ba\/index.php\/bosna-i-hercegovina\/item\/314449-niksic-podnio-racun-gradjanima-sta-je-vlada-fbih-uradila-u-mandatu\/"},"wordCount":758,"publisher":{"@id":"https:\/\/tuzlainfo.ba\/#organization"},"image":{"@id":"https:\/\/tuzlainfo.ba\/index.php\/bosna-i-hercegovina\/item\/314449-niksic-podnio-racun-gradjanima-sta-je-vlada-fbih-uradila-u-mandatu\/#primaryimage"},"thumbnailUrl":"https:\/\/tuzlainfo.ba\/wp-content\/uploads\/2026\/08\/niksic.jpg","keywords":["nermin nik\u0161i\u0107","ra\u010dun gra\u0111anima","vlada fbih"],"articleSection":["Bosna i Hercegovina","Istaknuto"],"inLanguage":"bs-BA","copyrightYear":"2026","copyrightHolder":{"@id":"https:\/\/tuzlainfo.ba\/#organization"}},{"@type":"WebPage","@id":"https:\/\/tuzlainfo.ba\/index.php\/bosna-i-hercegovina\/item\/314449-niksic-podnio-racun-gradjanima-sta-je-vlada-fbih-uradila-u-mandatu\/","url":"https:\/\/tuzlainfo.ba\/index.php\/bosna-i-hercegovina\/item\/314449-niksic-podnio-racun-gradjanima-sta-je-vlada-fbih-uradila-u-mandatu\/","name":"Nik\u0161i\u0107 podnio \u201era\u010dun gra\u0111anima\u201c: \u0160ta je Vlada FBiH uradila u mandatu","isPartOf":{"@id":"https:\/\/tuzlainfo.ba\/#website"},"primaryImageOfPage":{"@id":"https:\/\/tuzlainfo.ba\/index.php\/bosna-i-hercegovina\/item\/314449-niksic-podnio-racun-gradjanima-sta-je-vlada-fbih-uradila-u-mandatu\/#primaryimage"},"image":{"@id":"https:\/\/tuzlainfo.ba\/index.php\/bosna-i-hercegovina\/item\/314449-niksic-podnio-racun-gradjanima-sta-je-vlada-fbih-uradila-u-mandatu\/#primaryimage"},"thumbnailUrl":"https:\/\/tuzlainfo.ba\/wp-content\/uploads\/2026\/08\/niksic.jpg","datePublished":"2026-08-31T14:03:24+00:00","breadcrumb":{"@id":"https:\/\/tuzlainfo.ba\/index.php\/bosna-i-hercegovina\/item\/314449-niksic-podnio-racun-gradjanima-sta-je-vlada-fbih-uradila-u-mandatu\/#breadcrumb"},"inLanguage":"bs-BA","potentialAction":[{"@type":"ReadAction","target":["https:\/\/tuzlainfo.ba\/index.php\/bosna-i-hercegovina\/item\/314449-niksic-podnio-racun-gradjanima-sta-je-vlada-fbih-uradila-u-mandatu\/"]}]},{"@type":"ImageObject","inLanguage":"bs-BA","@id":"https:\/\/tuzlainfo.ba\/index.php\/bosna-i-hercegovina\/item\/314449-niksic-podnio-racun-gradjanima-sta-je-vlada-fbih-uradila-u-mandatu\/#primaryimage","url":"https:\/\/tuzlainfo.ba\/wp-content\/uploads\/2026\/08\/niksic.jpg","contentUrl":"https:\/\/tuzlainfo.ba\/wp-content\/uploads\/2026\/08\/niksic.jpg","width":1600,"height":900},{"@type":"BreadcrumbList","@id":"https:\/\/tuzlainfo.ba\/index.php\/bosna-i-hercegovina\/item\/314449-niksic-podnio-racun-gradjanima-sta-je-vlada-fbih-uradila-u-mandatu\/#breadcrumb","itemListElement":[{"@type":"ListItem","position":1,"name":"Home","item":"https:\/\/tuzlainfo.ba\/"},{"@type":"ListItem","position":2,"name":"Nik\u0161i\u0107 podnio \u201era\u010dun gra\u0111anima\u201c: \u0160ta je Vlada FBiH uradila u mandatu"}]},{"@type":"WebSite","@id":"https:\/\/tuzlainfo.ba\/#website","url":"https:\/\/tuzlainfo.ba\/","name":"TuzlaInfo.ba","description":"Tuzla info, gradski informator - Tuzla na dlanu","publisher":{"@id":"https:\/\/tuzlainfo.ba\/#organization"},"potentialAction":[{"@type":"SearchAction","target":{"@type":"EntryPoint","urlTemplate":"https:\/\/tuzlainfo.ba\/?s={search_term_string}"},"query-input":{"@type":"PropertyValueSpecification","valueRequired":true,"valueName":"search_term_string"}}],"inLanguage":"bs-BA"},{"@type":"Organization","@id":"https:\/\/tuzlainfo.ba\/#organization","name":"TuzlaInfo.ba","url":"https:\/\/tuzlainfo.ba\/","logo":{"@type":"ImageObject","inLanguage":"bs-BA","@id":"https:\/\/tuzlainfo.ba\/#\/schema\/logo\/image\/","url":"https:\/\/tuzlainfo.ba\/wp-content\/uploads\/2021\/03\/logo-ver-3-1.png","contentUrl":"https:\/\/tuzlainfo.ba\/wp-content\/uploads\/2021\/03\/logo-ver-3-1.png","width":350,"height":95,"caption":"TuzlaInfo.ba"},"image":{"@id":"https:\/\/tuzlainfo.ba\/#\/schema\/logo\/image\/"},"sameAs":["https:\/\/www.facebook.com\/tuzlainfo.ba\/"]},{"@type":"Person","@id":"https:\/\/tuzlainfo.ba\/#\/schema\/person\/46cad4c57790cbc50781edd14870825a","name":"Tuzla Info","image":{"@type":"ImageObject","inLanguage":"bs-BA","@id":"https:\/\/secure.gravatar.com\/avatar\/e980921b00fa2e552723a2386544734ce6885d2b2304ccca3f45186f9ca4031d?s=96&d=mm&r=g","url":"https:\/\/secure.gravatar.com\/avatar\/e980921b00fa2e552723a2386544734ce6885d2b2304ccca3f45186f9ca4031d?s=96&d=mm&r=g","contentUrl":"https:\/\/secure.gravatar.com\/avatar\/e980921b00fa2e552723a2386544734ce6885d2b2304ccca3f45186f9ca4031d?s=96&d=mm&r=g","caption":"Tuzla Info"}}]}},"_links":{"self":[{"href":"https:\/\/tuzlainfo.ba\/index.php\/wp-json\/wp\/v2\/posts\/314449","targetHints":{"allow":["GET"]}}],"collection":[{"href":"https:\/\/tuzlainfo.ba\/index.php\/wp-json\/wp\/v2\/posts"}],"about":[{"href":"https:\/\/tuzlainfo.ba\/index.php\/wp-json\/wp\/v2\/types\/post"}],"author":[{"embeddable":true,"href":"https:\/\/tuzlainfo.ba\/index.php\/wp-json\/wp\/v2\/users\/4"}],"replies":[{"embeddable":true,"href":"https:\/\/tuzlainfo.ba\/index.php\/wp-json\/wp\/v2\/comments?post=314449"}],"version-history":[{"count":1,"href":"https:\/\/tuzlainfo.ba\/index.php\/wp-json\/wp\/v2\/posts\/314449\/revisions"}],"predecessor-version":[{"id":314451,"href":"https:\/\/tuzlainfo.ba\/index.php\/wp-json\/wp\/v2\/posts\/314449\/revisions\/314451"}],"wp:featuredmedia":[{"embeddable":true,"href":"https:\/\/tuzlainfo.ba\/index.php\/wp-json\/wp\/v2\/media\/314450"}],"wp:attachment":[{"href":"https:\/\/tuzlainfo.ba\/index.php\/wp-json\/wp\/v2\/media?parent=314449"}],"wp:term":[{"taxonomy":"category","embeddable":true,"href":"https:\/\/tuzlainfo.ba\/index.php\/wp-json\/wp\/v2\/categories?post=314449"},{"taxonomy":"post_tag","embeddable":true,"href":"https:\/\/tuzlainfo.ba\/index.php\/wp-json\/wp\/v2\/tags?post=314449"}],"curies":[{"name":"wp","href":"https:\/\/api.w.org\/{rel}","templated":true}]}}