{"id":314438,"date":"2026-08-31T14:15:16","date_gmt":"2026-08-31T12:15:16","guid":{"rendered":"https:\/\/tuzlainfo.ba\/?p=314438"},"modified":"2026-08-31T14:15:16","modified_gmt":"2026-08-31T12:15:16","slug":"grafitom-u-dolini-masovnih-grobnica-velicali-zlocinca-mladica-ubrzo-dobili-odgovor","status":"publish","type":"post","link":"https:\/\/tuzlainfo.ba\/index.php\/bosna-i-hercegovina\/item\/314438-grafitom-u-dolini-masovnih-grobnica-velicali-zlocinca-mladica-ubrzo-dobili-odgovor\/","title":{"rendered":"Grafitom u \u201eDolini masovnih grobnica\u201c veli\u010dali zlo\u010dinca Mladi\u0107a, ubrzo dobili odgovor"},"content":{"rendered":"<p class=\"PDq2pG_selectionAnchorContainer\" data-start=\"154\" data-end=\"445\">Ne sti\u0161avaju se reakcije, ali ni provokacije nakon smrti <strong data-start=\"211\" data-end=\"244\">ratnog zlo\u010dinca Ratka Mladi\u0107a<\/strong>. U Kamenici, povratni\u010dkom mjestu kod Zvornika pojavili su se novi grafiti kojima se veli\u010da Mladi\u0107, pravosna\u017eno osu\u0111en za genocid, zlo\u010dine protiv \u010dovje\u010dnosti i ratne zlo\u010dine, a ubrzo je na ispisane poruke stigao i odgovor.<\/p>\n<p data-start=\"447\" data-end=\"710\">Novi grafiti posebno su uznemiruju\u0107i zbog mjesta na kojem su ispisani. Kamenica je poznata kao <strong data-start=\"542\" data-end=\"572\">\u201eDolina masovnih grobnica\u201c<\/strong>, jer je upravo na ovom podru\u010dju otkriven veliki broj masovnih grobnica u kojima su skrivani posmrtni ostaci \u017ertava genocida u Srebrenici.<\/p>\n<p data-start=\"712\" data-end=\"935\">Na podru\u010dju Kamenice evidentirano je 13 sekundarnih masovnih grobnica povezanih sa \u017ertvama genocida u Srebrenici, kao i jo\u0161 jedna masovna grobnica u kojoj su prona\u0111eni posmrtni ostaci \u017ertava zlo\u010dina po\u010dinjenog 1992. godine.<\/p>\n<p data-start=\"937\" data-end=\"1246\">Prema ranije objavljenim podacima Instituta za nestale osobe Bosne i Hercegovine, koje je prenio \u017durnal, samo iz 13 masovnih grobnica na podru\u010dju Kamenice ekshumirano je oko <strong data-start=\"1111\" data-end=\"1139\">5.000 posmrtnih ostataka<\/strong>. Rije\u010d je o kompletnim i nekompletnim skeletnim ostacima mu\u0161karaca i dje\u010daka ubijenih u julu 1995. godine.<\/p>\n<p data-start=\"1248\" data-end=\"1500\">Kamenica zbog toga nije tek jo\u0161 jedna lokacija na kojoj su se pojavile poruke veli\u010danja osu\u0111enog ratnog zlo\u010dinca. Rije\u010d je o prostoru na kojem su prona\u0111eni materijalni tragovi zlo\u010dina i na kojem masovne grobnice i danas svjedo\u010de o razmjerama stradanja.<\/p>\n<h3 data-section-id=\"6xfx47\" data-start=\"1502\" data-end=\"1561\">Mjesto na kojem su prona\u0111ene hiljade posmrtnih ostataka<\/h3>\n<p data-start=\"1563\" data-end=\"1762\">U Kamenici se nalazi i masovna grobnica povezana sa zlo\u010dinom iz 1992. godine. Iz tamo\u0161nje kova\u010dnice ekshumirani su posmrtni ostaci pet stanovnika Kamenice koji su 28. maja 1992. godine \u017eivi spaljeni.<\/p>\n<p data-start=\"1764\" data-end=\"1947\">Upravo zbog takve pro\u0161losti, ispisivanje grafita kojima se veli\u010da Ratko Mladi\u0107 u ovom mjestu ima dodatnu te\u017einu i predstavlja novu provokaciju za pre\u017eivjele \u017ertve i porodice ubijenih.<\/p>\n<p data-start=\"1949\" data-end=\"2161\">Ratko Mladi\u0107 je pred Me\u0111unarodnim rezidualnim mehanizmom za krivi\u010dne sudove pravosna\u017eno osu\u0111en na do\u017eivotnu kaznu zatvora za genocid u Srebrenici, zlo\u010dine protiv \u010dovje\u010dnosti te kr\u0161enja zakona i obi\u010daja ratovanja.<\/p>\n<p data-start=\"2163\" data-end=\"2354\">Na grafite kojima je veli\u010dan Mladi\u0107 ubrzo je stigao i odgovor, \u010dime je nastavljen niz reakcija koje su posljednjih dana uslijedile nakon javnog veli\u010danja ratnog zlo\u010dinca u pojedinim mjestima.<\/p>\n<p data-start=\"2163\" data-end=\"2354\"><img fetchpriority=\"high\" decoding=\"async\" class=\"alignnone size-full wp-image-314440\" src=\"https:\/\/tuzlainfo.ba\/wp-content\/uploads\/2026\/08\/sratko_grafit.jpg\" alt=\"\" width=\"900\" height=\"544\" srcset=\"https:\/\/tuzlainfo.ba\/wp-content\/uploads\/2026\/08\/sratko_grafit.jpg 900w, https:\/\/tuzlainfo.ba\/wp-content\/uploads\/2026\/08\/sratko_grafit-300x181.jpg 300w, https:\/\/tuzlainfo.ba\/wp-content\/uploads\/2026\/08\/sratko_grafit-768x464.jpg 768w, https:\/\/tuzlainfo.ba\/wp-content\/uploads\/2026\/08\/sratko_grafit-150x91.jpg 150w, https:\/\/tuzlainfo.ba\/wp-content\/uploads\/2026\/08\/sratko_grafit-500x302.jpg 500w, https:\/\/tuzlainfo.ba\/wp-content\/uploads\/2026\/08\/sratko_grafit-585x354.jpg 585w\" sizes=\"(max-width: 900px) 100vw, 900px\" \/><\/p>\n<h3 data-section-id=\"11u8xf9\" data-start=\"2356\" data-end=\"2381\">Akcija tra\u017ei reakciju<\/h3>\n<p data-start=\"2383\" data-end=\"2547\">Me\u0111utim, odgovor na ovakve pojave ne bi smio biti nastavak ispisivanja zidova, nove podjele ili mr\u017enja. <strong data-start=\"2487\" data-end=\"2547\">Akcija prije svega tra\u017ei reakciju nadle\u017enih institucija.<\/strong><\/p>\n<p data-start=\"2549\" data-end=\"2784\">Grafiti kojima se veli\u010daju pravosna\u017eno osu\u0111eni ratni zlo\u010dinci trebali bi biti evidentirani i uklonjeni, a nadle\u017ene institucije trebaju utvrditi postoje li elementi odgovornosti osoba koje su ih ispisale i postupiti u skladu sa zakonom.<\/p>\n<p data-start=\"2786\" data-end=\"2958\">Posebnu te\u017einu cijelom slu\u010daju daje \u010dinjenica da su poruke ispisane upravo u Kamenici \u2013 mjestu u kojem su otkrivene masovne grobnice sa hiljadama posmrtnih ostataka \u017ertava.<strong>\/Tuzlainfo.ba\/<\/strong><\/p>\n","protected":false},"excerpt":{"rendered":"<p>Ne sti\u0161avaju se reakcije, ali ni provokacije nakon smrti ratnog zlo\u010dinca Ratka Mladi\u0107a. U Kamenici, povratni\u010dkom mjestu kod Zvornika pojavili su se novi grafiti kojima se veli\u010da Mladi\u0107, pravosna\u017eno osu\u0111en za genocid, zlo\u010dine protiv \u010dovje\u010dnosti i ratne zlo\u010dine, a ubrzo je na ispisane poruke stigao i odgovor. Novi grafiti posebno su uznemiruju\u0107i zbog mjesta na [&hellip;]<\/p>\n","protected":false},"author":2,"featured_media":314439,"comment_status":"closed","ping_status":"closed","sticky":false,"template":"","format":"standard","meta":{"footnotes":""},"categories":[291],"tags":[8127,939],"class_list":["post-314438","post","type-post","status-publish","format-standard","has-post-thumbnail","hentry","category-bosna-i-hercegovina","tag-kamenica","tag-ratko-mladic"],"yoast_head":"<!-- This site is optimized with the Yoast SEO plugin v28.3 - https:\/\/yoast.com\/product\/yoast-seo-wordpress\/ -->\n<title>Grafitom u \u201eDolini masovnih grobnica\u201c veli\u010dali zlo\u010dinca Mladi\u0107a, ubrzo dobili odgovor<\/title>\n<meta name=\"robots\" content=\"index, follow, max-snippet:-1, max-image-preview:large, max-video-preview:-1\" \/>\n<link rel=\"canonical\" href=\"https:\/\/tuzlainfo.ba\/index.php\/bosna-i-hercegovina\/item\/314438-grafitom-u-dolini-masovnih-grobnica-velicali-zlocinca-mladica-ubrzo-dobili-odgovor\/\" \/>\n<meta property=\"og:locale\" content=\"bs_BA\" \/>\n<meta property=\"og:type\" content=\"article\" \/>\n<meta property=\"og:title\" content=\"Grafitom u \u201eDolini masovnih grobnica\u201c veli\u010dali zlo\u010dinca Mladi\u0107a, ubrzo dobili odgovor\" \/>\n<meta property=\"og:description\" content=\"Ne sti\u0161avaju se reakcije, ali ni provokacije nakon smrti ratnog zlo\u010dinca Ratka Mladi\u0107a. U Kamenici, povratni\u010dkom mjestu kod Zvornika pojavili su se novi grafiti kojima se veli\u010da Mladi\u0107, pravosna\u017eno osu\u0111en za genocid, zlo\u010dine protiv \u010dovje\u010dnosti i ratne zlo\u010dine, a ubrzo je na ispisane poruke stigao i odgovor. Novi grafiti posebno su uznemiruju\u0107i zbog mjesta na [&hellip;]\" \/>\n<meta property=\"og:url\" content=\"https:\/\/tuzlainfo.ba\/index.php\/bosna-i-hercegovina\/item\/314438-grafitom-u-dolini-masovnih-grobnica-velicali-zlocinca-mladica-ubrzo-dobili-odgovor\/\" \/>\n<meta property=\"og:site_name\" content=\"TuzlaInfo.ba\" \/>\n<meta property=\"article:publisher\" content=\"https:\/\/www.facebook.com\/tuzlainfo.ba\/\" \/>\n<meta property=\"article:published_time\" content=\"2026-08-31T12:15:16+00:00\" \/>\n<meta property=\"og:image\" content=\"https:\/\/tuzlainfo.ba\/wp-content\/uploads\/2026\/08\/ratko_grafit.jpg\" \/>\n\t<meta property=\"og:image:width\" content=\"1000\" \/>\n\t<meta property=\"og:image:height\" content=\"586\" \/>\n\t<meta property=\"og:image:type\" content=\"image\/jpeg\" \/>\n<meta name=\"author\" content=\"nedim\" \/>\n<meta name=\"twitter:card\" content=\"summary_large_image\" \/>\n<meta name=\"twitter:label1\" content=\"Written by\" \/>\n\t<meta name=\"twitter:data1\" content=\"nedim\" \/>\n\t<meta name=\"twitter:label2\" content=\"Est. reading time\" \/>\n\t<meta name=\"twitter:data2\" content=\"3 minute\" \/>\n<script type=\"application\/ld+json\" class=\"yoast-schema-graph\">{\"@context\":\"https:\\\/\\\/schema.org\",\"@graph\":[{\"@type\":\"Article\",\"@id\":\"https:\\\/\\\/tuzlainfo.ba\\\/index.php\\\/bosna-i-hercegovina\\\/item\\\/314438-grafitom-u-dolini-masovnih-grobnica-velicali-zlocinca-mladica-ubrzo-dobili-odgovor\\\/#article\",\"isPartOf\":{\"@id\":\"https:\\\/\\\/tuzlainfo.ba\\\/index.php\\\/bosna-i-hercegovina\\\/item\\\/314438-grafitom-u-dolini-masovnih-grobnica-velicali-zlocinca-mladica-ubrzo-dobili-odgovor\\\/\"},\"author\":{\"name\":\"nedim\",\"@id\":\"https:\\\/\\\/tuzlainfo.ba\\\/#\\\/schema\\\/person\\\/f434e20dc27ea133923aab08451b7f7f\"},\"headline\":\"Grafitom u \u201eDolini masovnih grobnica\u201c veli\u010dali zlo\u010dinca Mladi\u0107a, ubrzo dobili odgovor\",\"datePublished\":\"2026-08-31T12:15:16+00:00\",\"mainEntityOfPage\":{\"@id\":\"https:\\\/\\\/tuzlainfo.ba\\\/index.php\\\/bosna-i-hercegovina\\\/item\\\/314438-grafitom-u-dolini-masovnih-grobnica-velicali-zlocinca-mladica-ubrzo-dobili-odgovor\\\/\"},\"wordCount\":477,\"publisher\":{\"@id\":\"https:\\\/\\\/tuzlainfo.ba\\\/#organization\"},\"image\":{\"@id\":\"https:\\\/\\\/tuzlainfo.ba\\\/index.php\\\/bosna-i-hercegovina\\\/item\\\/314438-grafitom-u-dolini-masovnih-grobnica-velicali-zlocinca-mladica-ubrzo-dobili-odgovor\\\/#primaryimage\"},\"thumbnailUrl\":\"https:\\\/\\\/tuzlainfo.ba\\\/wp-content\\\/uploads\\\/2026\\\/08\\\/ratko_grafit.jpg\",\"keywords\":[\"Kamenica\",\"ratko mladi\u0107\"],\"articleSection\":[\"Bosna i Hercegovina\"],\"inLanguage\":\"bs-BA\",\"copyrightYear\":\"2026\",\"copyrightHolder\":{\"@id\":\"https:\\\/\\\/tuzlainfo.ba\\\/#organization\"}},{\"@type\":\"WebPage\",\"@id\":\"https:\\\/\\\/tuzlainfo.ba\\\/index.php\\\/bosna-i-hercegovina\\\/item\\\/314438-grafitom-u-dolini-masovnih-grobnica-velicali-zlocinca-mladica-ubrzo-dobili-odgovor\\\/\",\"url\":\"https:\\\/\\\/tuzlainfo.ba\\\/index.php\\\/bosna-i-hercegovina\\\/item\\\/314438-grafitom-u-dolini-masovnih-grobnica-velicali-zlocinca-mladica-ubrzo-dobili-odgovor\\\/\",\"name\":\"Grafitom u \u201eDolini masovnih grobnica\u201c veli\u010dali zlo\u010dinca Mladi\u0107a, ubrzo dobili odgovor\",\"isPartOf\":{\"@id\":\"https:\\\/\\\/tuzlainfo.ba\\\/#website\"},\"primaryImageOfPage\":{\"@id\":\"https:\\\/\\\/tuzlainfo.ba\\\/index.php\\\/bosna-i-hercegovina\\\/item\\\/314438-grafitom-u-dolini-masovnih-grobnica-velicali-zlocinca-mladica-ubrzo-dobili-odgovor\\\/#primaryimage\"},\"image\":{\"@id\":\"https:\\\/\\\/tuzlainfo.ba\\\/index.php\\\/bosna-i-hercegovina\\\/item\\\/314438-grafitom-u-dolini-masovnih-grobnica-velicali-zlocinca-mladica-ubrzo-dobili-odgovor\\\/#primaryimage\"},\"thumbnailUrl\":\"https:\\\/\\\/tuzlainfo.ba\\\/wp-content\\\/uploads\\\/2026\\\/08\\\/ratko_grafit.jpg\",\"datePublished\":\"2026-08-31T12:15:16+00:00\",\"breadcrumb\":{\"@id\":\"https:\\\/\\\/tuzlainfo.ba\\\/index.php\\\/bosna-i-hercegovina\\\/item\\\/314438-grafitom-u-dolini-masovnih-grobnica-velicali-zlocinca-mladica-ubrzo-dobili-odgovor\\\/#breadcrumb\"},\"inLanguage\":\"bs-BA\",\"potentialAction\":[{\"@type\":\"ReadAction\",\"target\":[\"https:\\\/\\\/tuzlainfo.ba\\\/index.php\\\/bosna-i-hercegovina\\\/item\\\/314438-grafitom-u-dolini-masovnih-grobnica-velicali-zlocinca-mladica-ubrzo-dobili-odgovor\\\/\"]}]},{\"@type\":\"ImageObject\",\"inLanguage\":\"bs-BA\",\"@id\":\"https:\\\/\\\/tuzlainfo.ba\\\/index.php\\\/bosna-i-hercegovina\\\/item\\\/314438-grafitom-u-dolini-masovnih-grobnica-velicali-zlocinca-mladica-ubrzo-dobili-odgovor\\\/#primaryimage\",\"url\":\"https:\\\/\\\/tuzlainfo.ba\\\/wp-content\\\/uploads\\\/2026\\\/08\\\/ratko_grafit.jpg\",\"contentUrl\":\"https:\\\/\\\/tuzlainfo.ba\\\/wp-content\\\/uploads\\\/2026\\\/08\\\/ratko_grafit.jpg\",\"width\":1000,\"height\":586},{\"@type\":\"BreadcrumbList\",\"@id\":\"https:\\\/\\\/tuzlainfo.ba\\\/index.php\\\/bosna-i-hercegovina\\\/item\\\/314438-grafitom-u-dolini-masovnih-grobnica-velicali-zlocinca-mladica-ubrzo-dobili-odgovor\\\/#breadcrumb\",\"itemListElement\":[{\"@type\":\"ListItem\",\"position\":1,\"name\":\"Home\",\"item\":\"https:\\\/\\\/tuzlainfo.ba\\\/\"},{\"@type\":\"ListItem\",\"position\":2,\"name\":\"Grafitom u \u201eDolini masovnih grobnica\u201c veli\u010dali zlo\u010dinca Mladi\u0107a, ubrzo dobili odgovor\"}]},{\"@type\":\"WebSite\",\"@id\":\"https:\\\/\\\/tuzlainfo.ba\\\/#website\",\"url\":\"https:\\\/\\\/tuzlainfo.ba\\\/\",\"name\":\"TuzlaInfo.ba\",\"description\":\"Tuzla info, gradski informator - Tuzla na dlanu\",\"publisher\":{\"@id\":\"https:\\\/\\\/tuzlainfo.ba\\\/#organization\"},\"potentialAction\":[{\"@type\":\"SearchAction\",\"target\":{\"@type\":\"EntryPoint\",\"urlTemplate\":\"https:\\\/\\\/tuzlainfo.ba\\\/?s={search_term_string}\"},\"query-input\":{\"@type\":\"PropertyValueSpecification\",\"valueRequired\":true,\"valueName\":\"search_term_string\"}}],\"inLanguage\":\"bs-BA\"},{\"@type\":\"Organization\",\"@id\":\"https:\\\/\\\/tuzlainfo.ba\\\/#organization\",\"name\":\"TuzlaInfo.ba\",\"url\":\"https:\\\/\\\/tuzlainfo.ba\\\/\",\"logo\":{\"@type\":\"ImageObject\",\"inLanguage\":\"bs-BA\",\"@id\":\"https:\\\/\\\/tuzlainfo.ba\\\/#\\\/schema\\\/logo\\\/image\\\/\",\"url\":\"https:\\\/\\\/tuzlainfo.ba\\\/wp-content\\\/uploads\\\/2021\\\/03\\\/logo-ver-3-1.png\",\"contentUrl\":\"https:\\\/\\\/tuzlainfo.ba\\\/wp-content\\\/uploads\\\/2021\\\/03\\\/logo-ver-3-1.png\",\"width\":350,\"height\":95,\"caption\":\"TuzlaInfo.ba\"},\"image\":{\"@id\":\"https:\\\/\\\/tuzlainfo.ba\\\/#\\\/schema\\\/logo\\\/image\\\/\"},\"sameAs\":[\"https:\\\/\\\/www.facebook.com\\\/tuzlainfo.ba\\\/\"]},{\"@type\":\"Person\",\"@id\":\"https:\\\/\\\/tuzlainfo.ba\\\/#\\\/schema\\\/person\\\/f434e20dc27ea133923aab08451b7f7f\",\"name\":\"nedim\",\"image\":{\"@type\":\"ImageObject\",\"inLanguage\":\"bs-BA\",\"@id\":\"https:\\\/\\\/secure.gravatar.com\\\/avatar\\\/5b928a2e7e70a54208d2eb6c1edcb75a5350d6ae97d5f0a701203d456823f6f3?s=96&d=mm&r=g\",\"url\":\"https:\\\/\\\/secure.gravatar.com\\\/avatar\\\/5b928a2e7e70a54208d2eb6c1edcb75a5350d6ae97d5f0a701203d456823f6f3?s=96&d=mm&r=g\",\"contentUrl\":\"https:\\\/\\\/secure.gravatar.com\\\/avatar\\\/5b928a2e7e70a54208d2eb6c1edcb75a5350d6ae97d5f0a701203d456823f6f3?s=96&d=mm&r=g\",\"caption\":\"nedim\"},\"description\":\"Tuzlainfo.ba pratite na dru\u0161tvenim mre\u017eama: Facebook, Instagram i Youtube. Svoje pri\u010de, upite i fotografije \u0161aljite na na\u0161u e-mail adresu.\"}]}<\/script>\n<!-- \/ Yoast SEO plugin. -->","yoast_head_json":{"title":"Grafitom u \u201eDolini masovnih grobnica\u201c veli\u010dali zlo\u010dinca Mladi\u0107a, ubrzo dobili odgovor","robots":{"index":"index","follow":"follow","max-snippet":"max-snippet:-1","max-image-preview":"max-image-preview:large","max-video-preview":"max-video-preview:-1"},"canonical":"https:\/\/tuzlainfo.ba\/index.php\/bosna-i-hercegovina\/item\/314438-grafitom-u-dolini-masovnih-grobnica-velicali-zlocinca-mladica-ubrzo-dobili-odgovor\/","og_locale":"bs_BA","og_type":"article","og_title":"Grafitom u \u201eDolini masovnih grobnica\u201c veli\u010dali zlo\u010dinca Mladi\u0107a, ubrzo dobili odgovor","og_description":"Ne sti\u0161avaju se reakcije, ali ni provokacije nakon smrti ratnog zlo\u010dinca Ratka Mladi\u0107a. U Kamenici, povratni\u010dkom mjestu kod Zvornika pojavili su se novi grafiti kojima se veli\u010da Mladi\u0107, pravosna\u017eno osu\u0111en za genocid, zlo\u010dine protiv \u010dovje\u010dnosti i ratne zlo\u010dine, a ubrzo je na ispisane poruke stigao i odgovor. Novi grafiti posebno su uznemiruju\u0107i zbog mjesta na [&hellip;]","og_url":"https:\/\/tuzlainfo.ba\/index.php\/bosna-i-hercegovina\/item\/314438-grafitom-u-dolini-masovnih-grobnica-velicali-zlocinca-mladica-ubrzo-dobili-odgovor\/","og_site_name":"TuzlaInfo.ba","article_publisher":"https:\/\/www.facebook.com\/tuzlainfo.ba\/","article_published_time":"2026-08-31T12:15:16+00:00","og_image":[{"width":1000,"height":586,"url":"https:\/\/tuzlainfo.ba\/wp-content\/uploads\/2026\/08\/ratko_grafit.jpg","type":"image\/jpeg"}],"author":"nedim","twitter_card":"summary_large_image","twitter_misc":{"Written by":"nedim","Est. reading time":"3 minute"},"schema":{"@context":"https:\/\/schema.org","@graph":[{"@type":"Article","@id":"https:\/\/tuzlainfo.ba\/index.php\/bosna-i-hercegovina\/item\/314438-grafitom-u-dolini-masovnih-grobnica-velicali-zlocinca-mladica-ubrzo-dobili-odgovor\/#article","isPartOf":{"@id":"https:\/\/tuzlainfo.ba\/index.php\/bosna-i-hercegovina\/item\/314438-grafitom-u-dolini-masovnih-grobnica-velicali-zlocinca-mladica-ubrzo-dobili-odgovor\/"},"author":{"name":"nedim","@id":"https:\/\/tuzlainfo.ba\/#\/schema\/person\/f434e20dc27ea133923aab08451b7f7f"},"headline":"Grafitom u \u201eDolini masovnih grobnica\u201c veli\u010dali zlo\u010dinca Mladi\u0107a, ubrzo dobili odgovor","datePublished":"2026-08-31T12:15:16+00:00","mainEntityOfPage":{"@id":"https:\/\/tuzlainfo.ba\/index.php\/bosna-i-hercegovina\/item\/314438-grafitom-u-dolini-masovnih-grobnica-velicali-zlocinca-mladica-ubrzo-dobili-odgovor\/"},"wordCount":477,"publisher":{"@id":"https:\/\/tuzlainfo.ba\/#organization"},"image":{"@id":"https:\/\/tuzlainfo.ba\/index.php\/bosna-i-hercegovina\/item\/314438-grafitom-u-dolini-masovnih-grobnica-velicali-zlocinca-mladica-ubrzo-dobili-odgovor\/#primaryimage"},"thumbnailUrl":"https:\/\/tuzlainfo.ba\/wp-content\/uploads\/2026\/08\/ratko_grafit.jpg","keywords":["Kamenica","ratko mladi\u0107"],"articleSection":["Bosna i Hercegovina"],"inLanguage":"bs-BA","copyrightYear":"2026","copyrightHolder":{"@id":"https:\/\/tuzlainfo.ba\/#organization"}},{"@type":"WebPage","@id":"https:\/\/tuzlainfo.ba\/index.php\/bosna-i-hercegovina\/item\/314438-grafitom-u-dolini-masovnih-grobnica-velicali-zlocinca-mladica-ubrzo-dobili-odgovor\/","url":"https:\/\/tuzlainfo.ba\/index.php\/bosna-i-hercegovina\/item\/314438-grafitom-u-dolini-masovnih-grobnica-velicali-zlocinca-mladica-ubrzo-dobili-odgovor\/","name":"Grafitom u \u201eDolini masovnih grobnica\u201c veli\u010dali zlo\u010dinca Mladi\u0107a, ubrzo dobili odgovor","isPartOf":{"@id":"https:\/\/tuzlainfo.ba\/#website"},"primaryImageOfPage":{"@id":"https:\/\/tuzlainfo.ba\/index.php\/bosna-i-hercegovina\/item\/314438-grafitom-u-dolini-masovnih-grobnica-velicali-zlocinca-mladica-ubrzo-dobili-odgovor\/#primaryimage"},"image":{"@id":"https:\/\/tuzlainfo.ba\/index.php\/bosna-i-hercegovina\/item\/314438-grafitom-u-dolini-masovnih-grobnica-velicali-zlocinca-mladica-ubrzo-dobili-odgovor\/#primaryimage"},"thumbnailUrl":"https:\/\/tuzlainfo.ba\/wp-content\/uploads\/2026\/08\/ratko_grafit.jpg","datePublished":"2026-08-31T12:15:16+00:00","breadcrumb":{"@id":"https:\/\/tuzlainfo.ba\/index.php\/bosna-i-hercegovina\/item\/314438-grafitom-u-dolini-masovnih-grobnica-velicali-zlocinca-mladica-ubrzo-dobili-odgovor\/#breadcrumb"},"inLanguage":"bs-BA","potentialAction":[{"@type":"ReadAction","target":["https:\/\/tuzlainfo.ba\/index.php\/bosna-i-hercegovina\/item\/314438-grafitom-u-dolini-masovnih-grobnica-velicali-zlocinca-mladica-ubrzo-dobili-odgovor\/"]}]},{"@type":"ImageObject","inLanguage":"bs-BA","@id":"https:\/\/tuzlainfo.ba\/index.php\/bosna-i-hercegovina\/item\/314438-grafitom-u-dolini-masovnih-grobnica-velicali-zlocinca-mladica-ubrzo-dobili-odgovor\/#primaryimage","url":"https:\/\/tuzlainfo.ba\/wp-content\/uploads\/2026\/08\/ratko_grafit.jpg","contentUrl":"https:\/\/tuzlainfo.ba\/wp-content\/uploads\/2026\/08\/ratko_grafit.jpg","width":1000,"height":586},{"@type":"BreadcrumbList","@id":"https:\/\/tuzlainfo.ba\/index.php\/bosna-i-hercegovina\/item\/314438-grafitom-u-dolini-masovnih-grobnica-velicali-zlocinca-mladica-ubrzo-dobili-odgovor\/#breadcrumb","itemListElement":[{"@type":"ListItem","position":1,"name":"Home","item":"https:\/\/tuzlainfo.ba\/"},{"@type":"ListItem","position":2,"name":"Grafitom u \u201eDolini masovnih grobnica\u201c veli\u010dali zlo\u010dinca Mladi\u0107a, ubrzo dobili odgovor"}]},{"@type":"WebSite","@id":"https:\/\/tuzlainfo.ba\/#website","url":"https:\/\/tuzlainfo.ba\/","name":"TuzlaInfo.ba","description":"Tuzla info, gradski informator - Tuzla na dlanu","publisher":{"@id":"https:\/\/tuzlainfo.ba\/#organization"},"potentialAction":[{"@type":"SearchAction","target":{"@type":"EntryPoint","urlTemplate":"https:\/\/tuzlainfo.ba\/?s={search_term_string}"},"query-input":{"@type":"PropertyValueSpecification","valueRequired":true,"valueName":"search_term_string"}}],"inLanguage":"bs-BA"},{"@type":"Organization","@id":"https:\/\/tuzlainfo.ba\/#organization","name":"TuzlaInfo.ba","url":"https:\/\/tuzlainfo.ba\/","logo":{"@type":"ImageObject","inLanguage":"bs-BA","@id":"https:\/\/tuzlainfo.ba\/#\/schema\/logo\/image\/","url":"https:\/\/tuzlainfo.ba\/wp-content\/uploads\/2021\/03\/logo-ver-3-1.png","contentUrl":"https:\/\/tuzlainfo.ba\/wp-content\/uploads\/2021\/03\/logo-ver-3-1.png","width":350,"height":95,"caption":"TuzlaInfo.ba"},"image":{"@id":"https:\/\/tuzlainfo.ba\/#\/schema\/logo\/image\/"},"sameAs":["https:\/\/www.facebook.com\/tuzlainfo.ba\/"]},{"@type":"Person","@id":"https:\/\/tuzlainfo.ba\/#\/schema\/person\/f434e20dc27ea133923aab08451b7f7f","name":"nedim","image":{"@type":"ImageObject","inLanguage":"bs-BA","@id":"https:\/\/secure.gravatar.com\/avatar\/5b928a2e7e70a54208d2eb6c1edcb75a5350d6ae97d5f0a701203d456823f6f3?s=96&d=mm&r=g","url":"https:\/\/secure.gravatar.com\/avatar\/5b928a2e7e70a54208d2eb6c1edcb75a5350d6ae97d5f0a701203d456823f6f3?s=96&d=mm&r=g","contentUrl":"https:\/\/secure.gravatar.com\/avatar\/5b928a2e7e70a54208d2eb6c1edcb75a5350d6ae97d5f0a701203d456823f6f3?s=96&d=mm&r=g","caption":"nedim"},"description":"Tuzlainfo.ba pratite na dru\u0161tvenim mre\u017eama: Facebook, Instagram i Youtube. Svoje pri\u010de, upite i fotografije \u0161aljite na na\u0161u e-mail adresu."}]}},"_links":{"self":[{"href":"https:\/\/tuzlainfo.ba\/index.php\/wp-json\/wp\/v2\/posts\/314438","targetHints":{"allow":["GET"]}}],"collection":[{"href":"https:\/\/tuzlainfo.ba\/index.php\/wp-json\/wp\/v2\/posts"}],"about":[{"href":"https:\/\/tuzlainfo.ba\/index.php\/wp-json\/wp\/v2\/types\/post"}],"author":[{"embeddable":true,"href":"https:\/\/tuzlainfo.ba\/index.php\/wp-json\/wp\/v2\/users\/2"}],"replies":[{"embeddable":true,"href":"https:\/\/tuzlainfo.ba\/index.php\/wp-json\/wp\/v2\/comments?post=314438"}],"version-history":[{"count":1,"href":"https:\/\/tuzlainfo.ba\/index.php\/wp-json\/wp\/v2\/posts\/314438\/revisions"}],"predecessor-version":[{"id":314441,"href":"https:\/\/tuzlainfo.ba\/index.php\/wp-json\/wp\/v2\/posts\/314438\/revisions\/314441"}],"wp:featuredmedia":[{"embeddable":true,"href":"https:\/\/tuzlainfo.ba\/index.php\/wp-json\/wp\/v2\/media\/314439"}],"wp:attachment":[{"href":"https:\/\/tuzlainfo.ba\/index.php\/wp-json\/wp\/v2\/media?parent=314438"}],"wp:term":[{"taxonomy":"category","embeddable":true,"href":"https:\/\/tuzlainfo.ba\/index.php\/wp-json\/wp\/v2\/categories?post=314438"},{"taxonomy":"post_tag","embeddable":true,"href":"https:\/\/tuzlainfo.ba\/index.php\/wp-json\/wp\/v2\/tags?post=314438"}],"curies":[{"name":"wp","href":"https:\/\/api.w.org\/{rel}","templated":true}]}}