{"id":314430,"date":"2026-08-31T17:10:57","date_gmt":"2026-08-31T15:10:57","guid":{"rendered":"https:\/\/tuzlainfo.ba\/?p=314430"},"modified":"2026-08-31T15:02:41","modified_gmt":"2026-08-31T13:02:41","slug":"u-tk-manje-poginulih-i-tesko-povrijedjenih-u-saobracaju-nastavlja-se-kampanja-koliko-vrijedi-tvoj-zivot","status":"publish","type":"post","link":"https:\/\/tuzlainfo.ba\/index.php\/novosti\/item\/314430-u-tk-manje-poginulih-i-tesko-povrijedjenih-u-saobracaju-nastavlja-se-kampanja-koliko-vrijedi-tvoj-zivot\/","title":{"rendered":"U TK manje poginulih i te\u0161ko povrije\u0111enih u saobra\u0107aju: Nastavlja se kampanja \u201eKoliko vrijedi tvoj \u017eivot?\u201c"},"content":{"rendered":"<p class=\"PDq2pG_selectionAnchorContainer\" data-start=\"135\" data-end=\"408\">Na podru\u010dju Tuzlanskog kantona zabilje\u017eeni su pozitivni pomaci kada je rije\u010d o sigurnosti saobra\u0107aja, uklju\u010duju\u0107i smanjenje broja poginulih i te\u0161ko povrije\u0111enih osoba, saop\u0107eno je danas na press konferenciji u Ministarstvu trgovine, turizma i saobra\u0107aja Tuzlanskog kantona.<\/p>\n<p data-start=\"410\" data-end=\"649\">Na konferenciji su predstavljene dosada\u0161nje aktivnosti kampanje <strong data-start=\"474\" data-end=\"506\">\u201eKoliko vrijedi tvoj \u017eivot?\u201c<\/strong>, \u010diji je cilj podizanje svijesti u\u010desnika u saobra\u0107aju o rizicima koji naj\u010de\u0161\u0107e dovode do saobra\u0107ajnih nesre\u0107a i njihovih najte\u017eih posljedica.<\/p>\n<p data-start=\"651\" data-end=\"935\">Pomo\u0107nik ministra za saobra\u0107aj TK Nenad Lukanovi\u0107 kazao je da su pokazatelji povoljniji u odnosu na prethodnu godinu, \u010demu, kako je naveo, doprinose kampanja i druge aktivnosti koje Ministarstvo kontinuirano provodi s ciljem smanjenja broja saobra\u0107ajnih nesre\u0107a i njihovih posljedica.<\/p>\n<p data-start=\"937\" data-end=\"1373\">\u201eI jedan od razloga sigurno je i ova kampanja, kao i ostale aktivnosti koje Ministarstvo provodi kontinuirano kako bi preduprijedilo broj saobra\u0107ajnih nezgoda, odnosno kako bi posljedice saobra\u0107ajnih nezgoda bile puno povoljnije sa stanovi\u0161ta smrtno stradalih i tjelesnih povreda. Nijedna djelatnost nije unaprijedila \u017eivot kao saobra\u0107aj, me\u0111utim, nijedna djelatnost ne oduzima toliko ljudskih \u017eivota kao saobra\u0107aj\u201c, rekao je Lukanovi\u0107.<\/p>\n<p data-start=\"1375\" data-end=\"1603\">\u0160ef Odsjeka za saobra\u0107aj Samir Gabelji\u0107 istakao je da statisti\u010dki pokazatelji bilje\u017ee smanjenje broja poginulih i osoba s te\u0161kim tjelesnim povredama, dok je istovremeno zabilje\u017eeno manje pove\u0107anje broja osoba s lak\u0161im povredama.<\/p>\n<p data-start=\"1605\" data-end=\"1972\">Kampanja pobolj\u0161anja sigurnosti u saobra\u0107aju podijeljena je u dva perioda. Prvi obuhvata august i septembar, kada su aktivnosti usmjerene na opasnosti od neprilago\u0111ene brzine, kori\u0161tenja mobilnog telefona tokom vo\u017enje, vo\u017enje pod utjecajem alkohola i opojnih sredstava, ali i na pove\u0107ano prisustvo motociklista, biciklista i korisnika elektri\u010dnih romobila na cestama.<\/p>\n<p data-start=\"1605\" data-end=\"1972\"><img fetchpriority=\"high\" decoding=\"async\" class=\"alignnone size-full wp-image-314431\" src=\"https:\/\/tuzlainfo.ba\/wp-content\/uploads\/2026\/08\/3108_press_kampanja.jpg\" alt=\"\" width=\"1000\" height=\"496\" srcset=\"https:\/\/tuzlainfo.ba\/wp-content\/uploads\/2026\/08\/3108_press_kampanja.jpg 1000w, https:\/\/tuzlainfo.ba\/wp-content\/uploads\/2026\/08\/3108_press_kampanja-300x149.jpg 300w, https:\/\/tuzlainfo.ba\/wp-content\/uploads\/2026\/08\/3108_press_kampanja-768x381.jpg 768w, https:\/\/tuzlainfo.ba\/wp-content\/uploads\/2026\/08\/3108_press_kampanja-150x74.jpg 150w, https:\/\/tuzlainfo.ba\/wp-content\/uploads\/2026\/08\/3108_press_kampanja-500x248.jpg 500w, https:\/\/tuzlainfo.ba\/wp-content\/uploads\/2026\/08\/3108_press_kampanja-585x290.jpg 585w\" sizes=\"(max-width: 1000px) 100vw, 1000px\" \/><\/p>\n<p data-start=\"1974\" data-end=\"2176\">Kroz kratke i direktne poruke voza\u010dima se ukazuje na posljedice rizi\u010dnog pona\u0161anja, posebno prebrze vo\u017enje, alkohola i kori\u0161tenja mobilnog telefona, koji zna\u010dajno uti\u010de na pa\u017enju i koncentraciju voza\u010da.<\/p>\n<p data-start=\"2178\" data-end=\"2379\">Koordinator kampanje Amir Zoni\u0107 iz Radio Kameleona kazao je da se razli\u010ditim komunikacijskim alatima nastoji doprijeti do \u0161to ve\u0107eg broja ljudi i kontinuirano ih podsje\u0107ati na odgovornost u saobra\u0107aju.<\/p>\n<p data-start=\"2381\" data-end=\"2757\">\u201eVrlo je bitno da se ljudima stalno napominje, da im se na lijep i suptilan na\u010din ka\u017ee da uspore, ali isto tako da im s vremena na vrijeme predo\u010dimo ovu stra\u0161nu i crnu statistiku. Iza svake te brojke zapravo stoje ljudi koji su nekada \u017eivjeli, u\u010destvovali u saobra\u0107aju, a na\u017ealost sada vi\u0161e nisu tu ili imaju tjelesne povrede zbog svoje ili tu\u0111e odgovornosti\u201c, kazao je Zoni\u0107.<\/p>\n<p data-start=\"2759\" data-end=\"3116\">Drugi dio kampanje bit \u0107e realizovan od oktobra do decembra 2026. godine. Aktivnosti \u0107e tada biti usmjerene na pove\u0107an oprez voza\u010da prema djeci i u\u010denicima na cestama, kao i na po\u0161tivanje saobra\u0107ajnih propisa u odnosu prema pje\u0161acima i biciklistima kao posebno ranjivim kategorijama u\u010desnika u saobra\u0107aju, saop\u0107eno je iz Odjeljenja za informisanje Vlade TK.<\/p>\n","protected":false},"excerpt":{"rendered":"<p>Na podru\u010dju Tuzlanskog kantona zabilje\u017eeni su pozitivni pomaci kada je rije\u010d o sigurnosti saobra\u0107aja, uklju\u010duju\u0107i smanjenje broja poginulih i te\u0161ko povrije\u0111enih osoba, saop\u0107eno je danas na press konferenciji u Ministarstvu trgovine, turizma i saobra\u0107aja Tuzlanskog kantona. Na konferenciji su predstavljene dosada\u0161nje aktivnosti kampanje \u201eKoliko vrijedi tvoj \u017eivot?\u201c, \u010diji je cilj podizanje svijesti u\u010desnika u saobra\u0107aju [&hellip;]<\/p>\n","protected":false},"author":2,"featured_media":201520,"comment_status":"closed","ping_status":"closed","sticky":false,"template":"","format":"standard","meta":{"footnotes":""},"categories":[304,12],"tags":[408,336],"class_list":["post-314430","post","type-post","status-publish","format-standard","has-post-thumbnail","hentry","category-istaknuto","category-novosti","tag-saobracaj","tag-vlada-tk"],"yoast_head":"<!-- This site is optimized with the Yoast SEO plugin v28.3 - https:\/\/yoast.com\/product\/yoast-seo-wordpress\/ -->\n<title>U TK manje poginulih i te\u0161ko povrije\u0111enih u saobra\u0107aju: Nastavlja se kampanja \u201eKoliko vrijedi tvoj \u017eivot?\u201c<\/title>\n<meta name=\"robots\" content=\"index, follow, max-snippet:-1, max-image-preview:large, max-video-preview:-1\" \/>\n<link rel=\"canonical\" href=\"https:\/\/tuzlainfo.ba\/index.php\/novosti\/item\/314430-u-tk-manje-poginulih-i-tesko-povrijedjenih-u-saobracaju-nastavlja-se-kampanja-koliko-vrijedi-tvoj-zivot\/\" \/>\n<meta property=\"og:locale\" content=\"bs_BA\" \/>\n<meta property=\"og:type\" content=\"article\" \/>\n<meta property=\"og:title\" content=\"U TK manje poginulih i te\u0161ko povrije\u0111enih u saobra\u0107aju: Nastavlja se kampanja \u201eKoliko vrijedi tvoj \u017eivot?\u201c\" \/>\n<meta property=\"og:description\" content=\"Na podru\u010dju Tuzlanskog kantona zabilje\u017eeni su pozitivni pomaci kada je rije\u010d o sigurnosti saobra\u0107aja, uklju\u010duju\u0107i smanjenje broja poginulih i te\u0161ko povrije\u0111enih osoba, saop\u0107eno je danas na press konferenciji u Ministarstvu trgovine, turizma i saobra\u0107aja Tuzlanskog kantona. Na konferenciji su predstavljene dosada\u0161nje aktivnosti kampanje \u201eKoliko vrijedi tvoj \u017eivot?\u201c, \u010diji je cilj podizanje svijesti u\u010desnika u saobra\u0107aju [&hellip;]\" \/>\n<meta property=\"og:url\" content=\"https:\/\/tuzlainfo.ba\/index.php\/novosti\/item\/314430-u-tk-manje-poginulih-i-tesko-povrijedjenih-u-saobracaju-nastavlja-se-kampanja-koliko-vrijedi-tvoj-zivot\/\" \/>\n<meta property=\"og:site_name\" content=\"TuzlaInfo.ba\" \/>\n<meta property=\"article:publisher\" content=\"https:\/\/www.facebook.com\/tuzlainfo.ba\/\" \/>\n<meta property=\"article:published_time\" content=\"2026-08-31T15:10:57+00:00\" \/>\n<meta property=\"og:image\" content=\"https:\/\/tuzlainfo.ba\/wp-content\/uploads\/2023\/04\/juznamagistrala_saobracaj_automobili_svjetla.jpg\" \/>\n\t<meta property=\"og:image:width\" content=\"971\" \/>\n\t<meta property=\"og:image:height\" content=\"556\" \/>\n\t<meta property=\"og:image:type\" content=\"image\/jpeg\" \/>\n<meta name=\"author\" content=\"nedim\" \/>\n<meta name=\"twitter:card\" content=\"summary_large_image\" \/>\n<meta name=\"twitter:label1\" content=\"Written by\" \/>\n\t<meta name=\"twitter:data1\" content=\"nedim\" \/>\n\t<meta name=\"twitter:label2\" content=\"Est. reading time\" \/>\n\t<meta name=\"twitter:data2\" content=\"3 minute\" \/>\n<script type=\"application\/ld+json\" class=\"yoast-schema-graph\">{\"@context\":\"https:\\\/\\\/schema.org\",\"@graph\":[{\"@type\":\"Article\",\"@id\":\"https:\\\/\\\/tuzlainfo.ba\\\/index.php\\\/novosti\\\/item\\\/314430-u-tk-manje-poginulih-i-tesko-povrijedjenih-u-saobracaju-nastavlja-se-kampanja-koliko-vrijedi-tvoj-zivot\\\/#article\",\"isPartOf\":{\"@id\":\"https:\\\/\\\/tuzlainfo.ba\\\/index.php\\\/novosti\\\/item\\\/314430-u-tk-manje-poginulih-i-tesko-povrijedjenih-u-saobracaju-nastavlja-se-kampanja-koliko-vrijedi-tvoj-zivot\\\/\"},\"author\":{\"name\":\"nedim\",\"@id\":\"https:\\\/\\\/tuzlainfo.ba\\\/#\\\/schema\\\/person\\\/f434e20dc27ea133923aab08451b7f7f\"},\"headline\":\"U TK manje poginulih i te\u0161ko povrije\u0111enih u saobra\u0107aju: Nastavlja se kampanja \u201eKoliko vrijedi tvoj \u017eivot?\u201c\",\"datePublished\":\"2026-08-31T15:10:57+00:00\",\"mainEntityOfPage\":{\"@id\":\"https:\\\/\\\/tuzlainfo.ba\\\/index.php\\\/novosti\\\/item\\\/314430-u-tk-manje-poginulih-i-tesko-povrijedjenih-u-saobracaju-nastavlja-se-kampanja-koliko-vrijedi-tvoj-zivot\\\/\"},\"wordCount\":515,\"publisher\":{\"@id\":\"https:\\\/\\\/tuzlainfo.ba\\\/#organization\"},\"image\":{\"@id\":\"https:\\\/\\\/tuzlainfo.ba\\\/index.php\\\/novosti\\\/item\\\/314430-u-tk-manje-poginulih-i-tesko-povrijedjenih-u-saobracaju-nastavlja-se-kampanja-koliko-vrijedi-tvoj-zivot\\\/#primaryimage\"},\"thumbnailUrl\":\"https:\\\/\\\/tuzlainfo.ba\\\/wp-content\\\/uploads\\\/2023\\\/04\\\/juznamagistrala_saobracaj_automobili_svjetla.jpg\",\"keywords\":[\"saobra\u0107aj\",\"vlada tk\"],\"articleSection\":[\"Istaknuto\",\"Novosti\"],\"inLanguage\":\"bs-BA\",\"copyrightYear\":\"2026\",\"copyrightHolder\":{\"@id\":\"https:\\\/\\\/tuzlainfo.ba\\\/#organization\"}},{\"@type\":\"WebPage\",\"@id\":\"https:\\\/\\\/tuzlainfo.ba\\\/index.php\\\/novosti\\\/item\\\/314430-u-tk-manje-poginulih-i-tesko-povrijedjenih-u-saobracaju-nastavlja-se-kampanja-koliko-vrijedi-tvoj-zivot\\\/\",\"url\":\"https:\\\/\\\/tuzlainfo.ba\\\/index.php\\\/novosti\\\/item\\\/314430-u-tk-manje-poginulih-i-tesko-povrijedjenih-u-saobracaju-nastavlja-se-kampanja-koliko-vrijedi-tvoj-zivot\\\/\",\"name\":\"U TK manje poginulih i te\u0161ko povrije\u0111enih u saobra\u0107aju: Nastavlja se kampanja \u201eKoliko vrijedi tvoj \u017eivot?\u201c\",\"isPartOf\":{\"@id\":\"https:\\\/\\\/tuzlainfo.ba\\\/#website\"},\"primaryImageOfPage\":{\"@id\":\"https:\\\/\\\/tuzlainfo.ba\\\/index.php\\\/novosti\\\/item\\\/314430-u-tk-manje-poginulih-i-tesko-povrijedjenih-u-saobracaju-nastavlja-se-kampanja-koliko-vrijedi-tvoj-zivot\\\/#primaryimage\"},\"image\":{\"@id\":\"https:\\\/\\\/tuzlainfo.ba\\\/index.php\\\/novosti\\\/item\\\/314430-u-tk-manje-poginulih-i-tesko-povrijedjenih-u-saobracaju-nastavlja-se-kampanja-koliko-vrijedi-tvoj-zivot\\\/#primaryimage\"},\"thumbnailUrl\":\"https:\\\/\\\/tuzlainfo.ba\\\/wp-content\\\/uploads\\\/2023\\\/04\\\/juznamagistrala_saobracaj_automobili_svjetla.jpg\",\"datePublished\":\"2026-08-31T15:10:57+00:00\",\"breadcrumb\":{\"@id\":\"https:\\\/\\\/tuzlainfo.ba\\\/index.php\\\/novosti\\\/item\\\/314430-u-tk-manje-poginulih-i-tesko-povrijedjenih-u-saobracaju-nastavlja-se-kampanja-koliko-vrijedi-tvoj-zivot\\\/#breadcrumb\"},\"inLanguage\":\"bs-BA\",\"potentialAction\":[{\"@type\":\"ReadAction\",\"target\":[\"https:\\\/\\\/tuzlainfo.ba\\\/index.php\\\/novosti\\\/item\\\/314430-u-tk-manje-poginulih-i-tesko-povrijedjenih-u-saobracaju-nastavlja-se-kampanja-koliko-vrijedi-tvoj-zivot\\\/\"]}]},{\"@type\":\"ImageObject\",\"inLanguage\":\"bs-BA\",\"@id\":\"https:\\\/\\\/tuzlainfo.ba\\\/index.php\\\/novosti\\\/item\\\/314430-u-tk-manje-poginulih-i-tesko-povrijedjenih-u-saobracaju-nastavlja-se-kampanja-koliko-vrijedi-tvoj-zivot\\\/#primaryimage\",\"url\":\"https:\\\/\\\/tuzlainfo.ba\\\/wp-content\\\/uploads\\\/2023\\\/04\\\/juznamagistrala_saobracaj_automobili_svjetla.jpg\",\"contentUrl\":\"https:\\\/\\\/tuzlainfo.ba\\\/wp-content\\\/uploads\\\/2023\\\/04\\\/juznamagistrala_saobracaj_automobili_svjetla.jpg\",\"width\":971,\"height\":556,\"caption\":\"Foto: Arhiv\\\/Tuzlainfo.ba\"},{\"@type\":\"BreadcrumbList\",\"@id\":\"https:\\\/\\\/tuzlainfo.ba\\\/index.php\\\/novosti\\\/item\\\/314430-u-tk-manje-poginulih-i-tesko-povrijedjenih-u-saobracaju-nastavlja-se-kampanja-koliko-vrijedi-tvoj-zivot\\\/#breadcrumb\",\"itemListElement\":[{\"@type\":\"ListItem\",\"position\":1,\"name\":\"Home\",\"item\":\"https:\\\/\\\/tuzlainfo.ba\\\/\"},{\"@type\":\"ListItem\",\"position\":2,\"name\":\"U TK manje poginulih i te\u0161ko povrije\u0111enih u saobra\u0107aju: Nastavlja se kampanja \u201eKoliko vrijedi tvoj \u017eivot?\u201c\"}]},{\"@type\":\"WebSite\",\"@id\":\"https:\\\/\\\/tuzlainfo.ba\\\/#website\",\"url\":\"https:\\\/\\\/tuzlainfo.ba\\\/\",\"name\":\"TuzlaInfo.ba\",\"description\":\"Tuzla info, gradski informator - Tuzla na dlanu\",\"publisher\":{\"@id\":\"https:\\\/\\\/tuzlainfo.ba\\\/#organization\"},\"potentialAction\":[{\"@type\":\"SearchAction\",\"target\":{\"@type\":\"EntryPoint\",\"urlTemplate\":\"https:\\\/\\\/tuzlainfo.ba\\\/?s={search_term_string}\"},\"query-input\":{\"@type\":\"PropertyValueSpecification\",\"valueRequired\":true,\"valueName\":\"search_term_string\"}}],\"inLanguage\":\"bs-BA\"},{\"@type\":\"Organization\",\"@id\":\"https:\\\/\\\/tuzlainfo.ba\\\/#organization\",\"name\":\"TuzlaInfo.ba\",\"url\":\"https:\\\/\\\/tuzlainfo.ba\\\/\",\"logo\":{\"@type\":\"ImageObject\",\"inLanguage\":\"bs-BA\",\"@id\":\"https:\\\/\\\/tuzlainfo.ba\\\/#\\\/schema\\\/logo\\\/image\\\/\",\"url\":\"https:\\\/\\\/tuzlainfo.ba\\\/wp-content\\\/uploads\\\/2021\\\/03\\\/logo-ver-3-1.png\",\"contentUrl\":\"https:\\\/\\\/tuzlainfo.ba\\\/wp-content\\\/uploads\\\/2021\\\/03\\\/logo-ver-3-1.png\",\"width\":350,\"height\":95,\"caption\":\"TuzlaInfo.ba\"},\"image\":{\"@id\":\"https:\\\/\\\/tuzlainfo.ba\\\/#\\\/schema\\\/logo\\\/image\\\/\"},\"sameAs\":[\"https:\\\/\\\/www.facebook.com\\\/tuzlainfo.ba\\\/\"]},{\"@type\":\"Person\",\"@id\":\"https:\\\/\\\/tuzlainfo.ba\\\/#\\\/schema\\\/person\\\/f434e20dc27ea133923aab08451b7f7f\",\"name\":\"nedim\",\"image\":{\"@type\":\"ImageObject\",\"inLanguage\":\"bs-BA\",\"@id\":\"https:\\\/\\\/secure.gravatar.com\\\/avatar\\\/5b928a2e7e70a54208d2eb6c1edcb75a5350d6ae97d5f0a701203d456823f6f3?s=96&d=mm&r=g\",\"url\":\"https:\\\/\\\/secure.gravatar.com\\\/avatar\\\/5b928a2e7e70a54208d2eb6c1edcb75a5350d6ae97d5f0a701203d456823f6f3?s=96&d=mm&r=g\",\"contentUrl\":\"https:\\\/\\\/secure.gravatar.com\\\/avatar\\\/5b928a2e7e70a54208d2eb6c1edcb75a5350d6ae97d5f0a701203d456823f6f3?s=96&d=mm&r=g\",\"caption\":\"nedim\"},\"description\":\"Tuzlainfo.ba pratite na dru\u0161tvenim mre\u017eama: Facebook, Instagram i Youtube. Svoje pri\u010de, upite i fotografije \u0161aljite na na\u0161u e-mail adresu.\"}]}<\/script>\n<!-- \/ Yoast SEO plugin. -->","yoast_head_json":{"title":"U TK manje poginulih i te\u0161ko povrije\u0111enih u saobra\u0107aju: Nastavlja se kampanja \u201eKoliko vrijedi tvoj \u017eivot?\u201c","robots":{"index":"index","follow":"follow","max-snippet":"max-snippet:-1","max-image-preview":"max-image-preview:large","max-video-preview":"max-video-preview:-1"},"canonical":"https:\/\/tuzlainfo.ba\/index.php\/novosti\/item\/314430-u-tk-manje-poginulih-i-tesko-povrijedjenih-u-saobracaju-nastavlja-se-kampanja-koliko-vrijedi-tvoj-zivot\/","og_locale":"bs_BA","og_type":"article","og_title":"U TK manje poginulih i te\u0161ko povrije\u0111enih u saobra\u0107aju: Nastavlja se kampanja \u201eKoliko vrijedi tvoj \u017eivot?\u201c","og_description":"Na podru\u010dju Tuzlanskog kantona zabilje\u017eeni su pozitivni pomaci kada je rije\u010d o sigurnosti saobra\u0107aja, uklju\u010duju\u0107i smanjenje broja poginulih i te\u0161ko povrije\u0111enih osoba, saop\u0107eno je danas na press konferenciji u Ministarstvu trgovine, turizma i saobra\u0107aja Tuzlanskog kantona. Na konferenciji su predstavljene dosada\u0161nje aktivnosti kampanje \u201eKoliko vrijedi tvoj \u017eivot?\u201c, \u010diji je cilj podizanje svijesti u\u010desnika u saobra\u0107aju [&hellip;]","og_url":"https:\/\/tuzlainfo.ba\/index.php\/novosti\/item\/314430-u-tk-manje-poginulih-i-tesko-povrijedjenih-u-saobracaju-nastavlja-se-kampanja-koliko-vrijedi-tvoj-zivot\/","og_site_name":"TuzlaInfo.ba","article_publisher":"https:\/\/www.facebook.com\/tuzlainfo.ba\/","article_published_time":"2026-08-31T15:10:57+00:00","og_image":[{"width":971,"height":556,"url":"https:\/\/tuzlainfo.ba\/wp-content\/uploads\/2023\/04\/juznamagistrala_saobracaj_automobili_svjetla.jpg","type":"image\/jpeg"}],"author":"nedim","twitter_card":"summary_large_image","twitter_misc":{"Written by":"nedim","Est. reading time":"3 minute"},"schema":{"@context":"https:\/\/schema.org","@graph":[{"@type":"Article","@id":"https:\/\/tuzlainfo.ba\/index.php\/novosti\/item\/314430-u-tk-manje-poginulih-i-tesko-povrijedjenih-u-saobracaju-nastavlja-se-kampanja-koliko-vrijedi-tvoj-zivot\/#article","isPartOf":{"@id":"https:\/\/tuzlainfo.ba\/index.php\/novosti\/item\/314430-u-tk-manje-poginulih-i-tesko-povrijedjenih-u-saobracaju-nastavlja-se-kampanja-koliko-vrijedi-tvoj-zivot\/"},"author":{"name":"nedim","@id":"https:\/\/tuzlainfo.ba\/#\/schema\/person\/f434e20dc27ea133923aab08451b7f7f"},"headline":"U TK manje poginulih i te\u0161ko povrije\u0111enih u saobra\u0107aju: Nastavlja se kampanja \u201eKoliko vrijedi tvoj \u017eivot?\u201c","datePublished":"2026-08-31T15:10:57+00:00","mainEntityOfPage":{"@id":"https:\/\/tuzlainfo.ba\/index.php\/novosti\/item\/314430-u-tk-manje-poginulih-i-tesko-povrijedjenih-u-saobracaju-nastavlja-se-kampanja-koliko-vrijedi-tvoj-zivot\/"},"wordCount":515,"publisher":{"@id":"https:\/\/tuzlainfo.ba\/#organization"},"image":{"@id":"https:\/\/tuzlainfo.ba\/index.php\/novosti\/item\/314430-u-tk-manje-poginulih-i-tesko-povrijedjenih-u-saobracaju-nastavlja-se-kampanja-koliko-vrijedi-tvoj-zivot\/#primaryimage"},"thumbnailUrl":"https:\/\/tuzlainfo.ba\/wp-content\/uploads\/2023\/04\/juznamagistrala_saobracaj_automobili_svjetla.jpg","keywords":["saobra\u0107aj","vlada tk"],"articleSection":["Istaknuto","Novosti"],"inLanguage":"bs-BA","copyrightYear":"2026","copyrightHolder":{"@id":"https:\/\/tuzlainfo.ba\/#organization"}},{"@type":"WebPage","@id":"https:\/\/tuzlainfo.ba\/index.php\/novosti\/item\/314430-u-tk-manje-poginulih-i-tesko-povrijedjenih-u-saobracaju-nastavlja-se-kampanja-koliko-vrijedi-tvoj-zivot\/","url":"https:\/\/tuzlainfo.ba\/index.php\/novosti\/item\/314430-u-tk-manje-poginulih-i-tesko-povrijedjenih-u-saobracaju-nastavlja-se-kampanja-koliko-vrijedi-tvoj-zivot\/","name":"U TK manje poginulih i te\u0161ko povrije\u0111enih u saobra\u0107aju: Nastavlja se kampanja \u201eKoliko vrijedi tvoj \u017eivot?\u201c","isPartOf":{"@id":"https:\/\/tuzlainfo.ba\/#website"},"primaryImageOfPage":{"@id":"https:\/\/tuzlainfo.ba\/index.php\/novosti\/item\/314430-u-tk-manje-poginulih-i-tesko-povrijedjenih-u-saobracaju-nastavlja-se-kampanja-koliko-vrijedi-tvoj-zivot\/#primaryimage"},"image":{"@id":"https:\/\/tuzlainfo.ba\/index.php\/novosti\/item\/314430-u-tk-manje-poginulih-i-tesko-povrijedjenih-u-saobracaju-nastavlja-se-kampanja-koliko-vrijedi-tvoj-zivot\/#primaryimage"},"thumbnailUrl":"https:\/\/tuzlainfo.ba\/wp-content\/uploads\/2023\/04\/juznamagistrala_saobracaj_automobili_svjetla.jpg","datePublished":"2026-08-31T15:10:57+00:00","breadcrumb":{"@id":"https:\/\/tuzlainfo.ba\/index.php\/novosti\/item\/314430-u-tk-manje-poginulih-i-tesko-povrijedjenih-u-saobracaju-nastavlja-se-kampanja-koliko-vrijedi-tvoj-zivot\/#breadcrumb"},"inLanguage":"bs-BA","potentialAction":[{"@type":"ReadAction","target":["https:\/\/tuzlainfo.ba\/index.php\/novosti\/item\/314430-u-tk-manje-poginulih-i-tesko-povrijedjenih-u-saobracaju-nastavlja-se-kampanja-koliko-vrijedi-tvoj-zivot\/"]}]},{"@type":"ImageObject","inLanguage":"bs-BA","@id":"https:\/\/tuzlainfo.ba\/index.php\/novosti\/item\/314430-u-tk-manje-poginulih-i-tesko-povrijedjenih-u-saobracaju-nastavlja-se-kampanja-koliko-vrijedi-tvoj-zivot\/#primaryimage","url":"https:\/\/tuzlainfo.ba\/wp-content\/uploads\/2023\/04\/juznamagistrala_saobracaj_automobili_svjetla.jpg","contentUrl":"https:\/\/tuzlainfo.ba\/wp-content\/uploads\/2023\/04\/juznamagistrala_saobracaj_automobili_svjetla.jpg","width":971,"height":556,"caption":"Foto: Arhiv\/Tuzlainfo.ba"},{"@type":"BreadcrumbList","@id":"https:\/\/tuzlainfo.ba\/index.php\/novosti\/item\/314430-u-tk-manje-poginulih-i-tesko-povrijedjenih-u-saobracaju-nastavlja-se-kampanja-koliko-vrijedi-tvoj-zivot\/#breadcrumb","itemListElement":[{"@type":"ListItem","position":1,"name":"Home","item":"https:\/\/tuzlainfo.ba\/"},{"@type":"ListItem","position":2,"name":"U TK manje poginulih i te\u0161ko povrije\u0111enih u saobra\u0107aju: Nastavlja se kampanja \u201eKoliko vrijedi tvoj \u017eivot?\u201c"}]},{"@type":"WebSite","@id":"https:\/\/tuzlainfo.ba\/#website","url":"https:\/\/tuzlainfo.ba\/","name":"TuzlaInfo.ba","description":"Tuzla info, gradski informator - Tuzla na dlanu","publisher":{"@id":"https:\/\/tuzlainfo.ba\/#organization"},"potentialAction":[{"@type":"SearchAction","target":{"@type":"EntryPoint","urlTemplate":"https:\/\/tuzlainfo.ba\/?s={search_term_string}"},"query-input":{"@type":"PropertyValueSpecification","valueRequired":true,"valueName":"search_term_string"}}],"inLanguage":"bs-BA"},{"@type":"Organization","@id":"https:\/\/tuzlainfo.ba\/#organization","name":"TuzlaInfo.ba","url":"https:\/\/tuzlainfo.ba\/","logo":{"@type":"ImageObject","inLanguage":"bs-BA","@id":"https:\/\/tuzlainfo.ba\/#\/schema\/logo\/image\/","url":"https:\/\/tuzlainfo.ba\/wp-content\/uploads\/2021\/03\/logo-ver-3-1.png","contentUrl":"https:\/\/tuzlainfo.ba\/wp-content\/uploads\/2021\/03\/logo-ver-3-1.png","width":350,"height":95,"caption":"TuzlaInfo.ba"},"image":{"@id":"https:\/\/tuzlainfo.ba\/#\/schema\/logo\/image\/"},"sameAs":["https:\/\/www.facebook.com\/tuzlainfo.ba\/"]},{"@type":"Person","@id":"https:\/\/tuzlainfo.ba\/#\/schema\/person\/f434e20dc27ea133923aab08451b7f7f","name":"nedim","image":{"@type":"ImageObject","inLanguage":"bs-BA","@id":"https:\/\/secure.gravatar.com\/avatar\/5b928a2e7e70a54208d2eb6c1edcb75a5350d6ae97d5f0a701203d456823f6f3?s=96&d=mm&r=g","url":"https:\/\/secure.gravatar.com\/avatar\/5b928a2e7e70a54208d2eb6c1edcb75a5350d6ae97d5f0a701203d456823f6f3?s=96&d=mm&r=g","contentUrl":"https:\/\/secure.gravatar.com\/avatar\/5b928a2e7e70a54208d2eb6c1edcb75a5350d6ae97d5f0a701203d456823f6f3?s=96&d=mm&r=g","caption":"nedim"},"description":"Tuzlainfo.ba pratite na dru\u0161tvenim mre\u017eama: Facebook, Instagram i Youtube. Svoje pri\u010de, upite i fotografije \u0161aljite na na\u0161u e-mail adresu."}]}},"_links":{"self":[{"href":"https:\/\/tuzlainfo.ba\/index.php\/wp-json\/wp\/v2\/posts\/314430","targetHints":{"allow":["GET"]}}],"collection":[{"href":"https:\/\/tuzlainfo.ba\/index.php\/wp-json\/wp\/v2\/posts"}],"about":[{"href":"https:\/\/tuzlainfo.ba\/index.php\/wp-json\/wp\/v2\/types\/post"}],"author":[{"embeddable":true,"href":"https:\/\/tuzlainfo.ba\/index.php\/wp-json\/wp\/v2\/users\/2"}],"replies":[{"embeddable":true,"href":"https:\/\/tuzlainfo.ba\/index.php\/wp-json\/wp\/v2\/comments?post=314430"}],"version-history":[{"count":1,"href":"https:\/\/tuzlainfo.ba\/index.php\/wp-json\/wp\/v2\/posts\/314430\/revisions"}],"predecessor-version":[{"id":314432,"href":"https:\/\/tuzlainfo.ba\/index.php\/wp-json\/wp\/v2\/posts\/314430\/revisions\/314432"}],"wp:featuredmedia":[{"embeddable":true,"href":"https:\/\/tuzlainfo.ba\/index.php\/wp-json\/wp\/v2\/media\/201520"}],"wp:attachment":[{"href":"https:\/\/tuzlainfo.ba\/index.php\/wp-json\/wp\/v2\/media?parent=314430"}],"wp:term":[{"taxonomy":"category","embeddable":true,"href":"https:\/\/tuzlainfo.ba\/index.php\/wp-json\/wp\/v2\/categories?post=314430"},{"taxonomy":"post_tag","embeddable":true,"href":"https:\/\/tuzlainfo.ba\/index.php\/wp-json\/wp\/v2\/tags?post=314430"}],"curies":[{"name":"wp","href":"https:\/\/api.w.org\/{rel}","templated":true}]}}