{"id":314414,"date":"2026-08-31T11:40:42","date_gmt":"2026-08-31T09:40:42","guid":{"rendered":"https:\/\/tuzlainfo.ba\/?p=314414"},"modified":"2026-08-31T11:40:42","modified_gmt":"2026-08-31T09:40:42","slug":"protiv-vukicevic-podnesena-krivicna-prijava-poziva-se-na-bojkot-serije-koju-snima-u-sarajevu","status":"publish","type":"post","link":"https:\/\/tuzlainfo.ba\/index.php\/bosna-i-hercegovina\/item\/314414-protiv-vukicevic-podnesena-krivicna-prijava-poziva-se-na-bojkot-serije-koju-snima-u-sarajevu\/","title":{"rendered":"Protiv Vuki\u0107evi\u0107 podnesena krivi\u010dna prijava, poziva se na bojkot serije koju snima u Sarajevu"},"content":{"rendered":"<p>Protiv srbijanske glumice Lidije Vuki\u0107evi\u0107 podnesena je krivi\u010dna prijava Tu\u017eila\u0161tvu Bosne i Hercegovine nakon \u0161to je na dru\u0161tvenim mre\u017eama podr\u017eala objavu posve\u0107enu pravosna\u017eno osu\u0111enom ratnom zlo\u010dincu Ratku Mladi\u0107u.<\/p>\n<p>Istovremeno, na dru\u0161tvenim mre\u017eama \u0161iri se poziv na bojkot serije \u201eBos il\u2019 Had\u017eija\u201c, u kojoj Vuki\u0107evi\u0107 igra jednu od uloga, a koja se snima i u Sarajevu.<\/p>\n<p>Inicijatori bojkota tra\u017ee od reditelja Envera Pu\u0161ke i produkcijskog tima da prekinu saradnju s glumicom i uklone je iz projekta.<\/p>\n<p>Od produkcije se tra\u017ei i javno o\u010ditovanje o njenom statusu, kao i objavljivanje spiska sponzora, finansijera i distributera serije.<\/p>\n<p>\u201eNema raskida saradnje \u2013 nema gledanja\u201c, poru\u010dio je jedan od korisnika dru\u0161tvenih mre\u017ea obra\u0107aju\u0107i se reditelju Enveru Pu\u0161ki.<\/p>\n<p>Reakcije su uslijedile nakon \u0161to je Vuki\u0107evi\u0107 ispod snimka posve\u0107enog Ratku Mladi\u0107u, objavljenog uz poruku \u201eGenerale, \u017eivjet \u0107e\u0161 vje\u010dno!\u201c, ostavila emotikone srca i molitve.<\/p>\n<p>Dodatne reakcije izazvala je \u010dinjenica da je Vuki\u0107evi\u0107 anga\u017eovana na projektu koji se snima i u Sarajevu.<\/p>\n<p>Glumica je tokom boravka u glavnom gradu Bosne i Hercegovine na dru\u0161tvenim mre\u017eama objavljivala fotografije iz grada, me\u0111u kojima su bile i one s Vilsonovog \u0161etali\u0161ta.<\/p>\n<p>Vuki\u0107evi\u0107 je ranije bila politi\u010dki aktivna u Srbiji. Od 2004. do 2012. godine bila je zastupnica Srpske radikalne stranke u Narodnoj skup\u0161tini Srbije.<\/p>\n<p>Ratko Mladi\u0107, nekada\u0161nji komandant Vojske Republike Srpske, preminuo je 27. augusta u pritvorskoj bolnici u Hagu, u 84. godini.<\/p>\n<p>Me\u0111unarodni mehanizam za krivi\u010dne sudove pravosna\u017eno ga je 2021. godine osudio na do\u017eivotnu kaznu zatvora.<\/p>\n<p>Progla\u0161en je krivim za genocid u Srebrenici, progone Bo\u0161njaka i Hrvata, terorisanje gra\u0111ana Sarajeva, uzimanje pripadnika Ujedinjenih nacija za taoce te druge ratne zlo\u010dine i zlo\u010dine protiv \u010dovje\u010dnosti.<\/p>\n","protected":false},"excerpt":{"rendered":"<p>Protiv srbijanske glumice Lidije Vuki\u0107evi\u0107 podnesena je krivi\u010dna prijava Tu\u017eila\u0161tvu Bosne i Hercegovine nakon \u0161to je na dru\u0161tvenim mre\u017eama podr\u017eala objavu posve\u0107enu pravosna\u017eno osu\u0111enom ratnom zlo\u010dincu Ratku Mladi\u0107u. Istovremeno, na dru\u0161tvenim mre\u017eama \u0161iri se poziv na bojkot serije \u201eBos il\u2019 Had\u017eija\u201c, u kojoj Vuki\u0107evi\u0107 igra jednu od uloga, a koja se snima i u Sarajevu. [&hellip;]<\/p>\n","protected":false},"author":8,"featured_media":314415,"comment_status":"closed","ping_status":"closed","sticky":false,"template":"","format":"standard","meta":{"footnotes":""},"categories":[291],"tags":[14430],"class_list":["post-314414","post","type-post","status-publish","format-standard","has-post-thumbnail","hentry","category-bosna-i-hercegovina","tag-lidija-vukicevic"],"yoast_head":"<!-- This site is optimized with the Yoast SEO plugin v28.3 - https:\/\/yoast.com\/product\/yoast-seo-wordpress\/ -->\n<title>Protiv Vuki\u0107evi\u0107 podnesena krivi\u010dna prijava, poziva se na bojkot serije koju snima u Sarajevu<\/title>\n<meta name=\"robots\" content=\"index, follow, max-snippet:-1, max-image-preview:large, max-video-preview:-1\" \/>\n<link rel=\"canonical\" href=\"https:\/\/tuzlainfo.ba\/index.php\/bosna-i-hercegovina\/item\/314414-protiv-vukicevic-podnesena-krivicna-prijava-poziva-se-na-bojkot-serije-koju-snima-u-sarajevu\/\" \/>\n<meta property=\"og:locale\" content=\"bs_BA\" \/>\n<meta property=\"og:type\" content=\"article\" \/>\n<meta property=\"og:title\" content=\"Protiv Vuki\u0107evi\u0107 podnesena krivi\u010dna prijava, poziva se na bojkot serije koju snima u Sarajevu\" \/>\n<meta property=\"og:description\" content=\"Protiv srbijanske glumice Lidije Vuki\u0107evi\u0107 podnesena je krivi\u010dna prijava Tu\u017eila\u0161tvu Bosne i Hercegovine nakon \u0161to je na dru\u0161tvenim mre\u017eama podr\u017eala objavu posve\u0107enu pravosna\u017eno osu\u0111enom ratnom zlo\u010dincu Ratku Mladi\u0107u. Istovremeno, na dru\u0161tvenim mre\u017eama \u0161iri se poziv na bojkot serije \u201eBos il\u2019 Had\u017eija\u201c, u kojoj Vuki\u0107evi\u0107 igra jednu od uloga, a koja se snima i u Sarajevu. [&hellip;]\" \/>\n<meta property=\"og:url\" content=\"https:\/\/tuzlainfo.ba\/index.php\/bosna-i-hercegovina\/item\/314414-protiv-vukicevic-podnesena-krivicna-prijava-poziva-se-na-bojkot-serije-koju-snima-u-sarajevu\/\" \/>\n<meta property=\"og:site_name\" content=\"TuzlaInfo.ba\" \/>\n<meta property=\"article:publisher\" content=\"https:\/\/www.facebook.com\/tuzlainfo.ba\/\" \/>\n<meta property=\"article:published_time\" content=\"2026-08-31T09:40:42+00:00\" \/>\n<meta property=\"og:image\" content=\"https:\/\/tuzlainfo.ba\/wp-content\/uploads\/2026\/08\/lidija-vukicevic-1.jpg\" \/>\n\t<meta property=\"og:image:width\" content=\"660\" \/>\n\t<meta property=\"og:image:height\" content=\"350\" \/>\n\t<meta property=\"og:image:type\" content=\"image\/jpeg\" \/>\n<meta name=\"author\" content=\"Admin Tri\" \/>\n<meta name=\"twitter:card\" content=\"summary_large_image\" \/>\n<meta name=\"twitter:label1\" content=\"Written by\" \/>\n\t<meta name=\"twitter:data1\" content=\"Admin Tri\" \/>\n\t<meta name=\"twitter:label2\" content=\"Est. reading time\" \/>\n\t<meta name=\"twitter:data2\" content=\"2 minute\" \/>\n<script type=\"application\/ld+json\" class=\"yoast-schema-graph\">{\"@context\":\"https:\\\/\\\/schema.org\",\"@graph\":[{\"@type\":\"Article\",\"@id\":\"https:\\\/\\\/tuzlainfo.ba\\\/index.php\\\/bosna-i-hercegovina\\\/item\\\/314414-protiv-vukicevic-podnesena-krivicna-prijava-poziva-se-na-bojkot-serije-koju-snima-u-sarajevu\\\/#article\",\"isPartOf\":{\"@id\":\"https:\\\/\\\/tuzlainfo.ba\\\/index.php\\\/bosna-i-hercegovina\\\/item\\\/314414-protiv-vukicevic-podnesena-krivicna-prijava-poziva-se-na-bojkot-serije-koju-snima-u-sarajevu\\\/\"},\"author\":{\"name\":\"Admin Tri\",\"@id\":\"https:\\\/\\\/tuzlainfo.ba\\\/#\\\/schema\\\/person\\\/593e78a2f6378c5ba3e7600ecfa4e63a\"},\"headline\":\"Protiv Vuki\u0107evi\u0107 podnesena krivi\u010dna prijava, poziva se na bojkot serije koju snima u Sarajevu\",\"datePublished\":\"2026-08-31T09:40:42+00:00\",\"mainEntityOfPage\":{\"@id\":\"https:\\\/\\\/tuzlainfo.ba\\\/index.php\\\/bosna-i-hercegovina\\\/item\\\/314414-protiv-vukicevic-podnesena-krivicna-prijava-poziva-se-na-bojkot-serije-koju-snima-u-sarajevu\\\/\"},\"wordCount\":324,\"publisher\":{\"@id\":\"https:\\\/\\\/tuzlainfo.ba\\\/#organization\"},\"image\":{\"@id\":\"https:\\\/\\\/tuzlainfo.ba\\\/index.php\\\/bosna-i-hercegovina\\\/item\\\/314414-protiv-vukicevic-podnesena-krivicna-prijava-poziva-se-na-bojkot-serije-koju-snima-u-sarajevu\\\/#primaryimage\"},\"thumbnailUrl\":\"https:\\\/\\\/tuzlainfo.ba\\\/wp-content\\\/uploads\\\/2026\\\/08\\\/lidija-vukicevic-1.jpg\",\"keywords\":[\"lidija vuki\u0107evi\u0107\"],\"articleSection\":[\"Bosna i Hercegovina\"],\"inLanguage\":\"bs-BA\",\"copyrightYear\":\"2026\",\"copyrightHolder\":{\"@id\":\"https:\\\/\\\/tuzlainfo.ba\\\/#organization\"}},{\"@type\":\"WebPage\",\"@id\":\"https:\\\/\\\/tuzlainfo.ba\\\/index.php\\\/bosna-i-hercegovina\\\/item\\\/314414-protiv-vukicevic-podnesena-krivicna-prijava-poziva-se-na-bojkot-serije-koju-snima-u-sarajevu\\\/\",\"url\":\"https:\\\/\\\/tuzlainfo.ba\\\/index.php\\\/bosna-i-hercegovina\\\/item\\\/314414-protiv-vukicevic-podnesena-krivicna-prijava-poziva-se-na-bojkot-serije-koju-snima-u-sarajevu\\\/\",\"name\":\"Protiv Vuki\u0107evi\u0107 podnesena krivi\u010dna prijava, poziva se na bojkot serije koju snima u Sarajevu\",\"isPartOf\":{\"@id\":\"https:\\\/\\\/tuzlainfo.ba\\\/#website\"},\"primaryImageOfPage\":{\"@id\":\"https:\\\/\\\/tuzlainfo.ba\\\/index.php\\\/bosna-i-hercegovina\\\/item\\\/314414-protiv-vukicevic-podnesena-krivicna-prijava-poziva-se-na-bojkot-serije-koju-snima-u-sarajevu\\\/#primaryimage\"},\"image\":{\"@id\":\"https:\\\/\\\/tuzlainfo.ba\\\/index.php\\\/bosna-i-hercegovina\\\/item\\\/314414-protiv-vukicevic-podnesena-krivicna-prijava-poziva-se-na-bojkot-serije-koju-snima-u-sarajevu\\\/#primaryimage\"},\"thumbnailUrl\":\"https:\\\/\\\/tuzlainfo.ba\\\/wp-content\\\/uploads\\\/2026\\\/08\\\/lidija-vukicevic-1.jpg\",\"datePublished\":\"2026-08-31T09:40:42+00:00\",\"breadcrumb\":{\"@id\":\"https:\\\/\\\/tuzlainfo.ba\\\/index.php\\\/bosna-i-hercegovina\\\/item\\\/314414-protiv-vukicevic-podnesena-krivicna-prijava-poziva-se-na-bojkot-serije-koju-snima-u-sarajevu\\\/#breadcrumb\"},\"inLanguage\":\"bs-BA\",\"potentialAction\":[{\"@type\":\"ReadAction\",\"target\":[\"https:\\\/\\\/tuzlainfo.ba\\\/index.php\\\/bosna-i-hercegovina\\\/item\\\/314414-protiv-vukicevic-podnesena-krivicna-prijava-poziva-se-na-bojkot-serije-koju-snima-u-sarajevu\\\/\"]}]},{\"@type\":\"ImageObject\",\"inLanguage\":\"bs-BA\",\"@id\":\"https:\\\/\\\/tuzlainfo.ba\\\/index.php\\\/bosna-i-hercegovina\\\/item\\\/314414-protiv-vukicevic-podnesena-krivicna-prijava-poziva-se-na-bojkot-serije-koju-snima-u-sarajevu\\\/#primaryimage\",\"url\":\"https:\\\/\\\/tuzlainfo.ba\\\/wp-content\\\/uploads\\\/2026\\\/08\\\/lidija-vukicevic-1.jpg\",\"contentUrl\":\"https:\\\/\\\/tuzlainfo.ba\\\/wp-content\\\/uploads\\\/2026\\\/08\\\/lidija-vukicevic-1.jpg\",\"width\":660,\"height\":350},{\"@type\":\"BreadcrumbList\",\"@id\":\"https:\\\/\\\/tuzlainfo.ba\\\/index.php\\\/bosna-i-hercegovina\\\/item\\\/314414-protiv-vukicevic-podnesena-krivicna-prijava-poziva-se-na-bojkot-serije-koju-snima-u-sarajevu\\\/#breadcrumb\",\"itemListElement\":[{\"@type\":\"ListItem\",\"position\":1,\"name\":\"Home\",\"item\":\"https:\\\/\\\/tuzlainfo.ba\\\/\"},{\"@type\":\"ListItem\",\"position\":2,\"name\":\"Protiv Vuki\u0107evi\u0107 podnesena krivi\u010dna prijava, poziva se na bojkot serije koju snima u Sarajevu\"}]},{\"@type\":\"WebSite\",\"@id\":\"https:\\\/\\\/tuzlainfo.ba\\\/#website\",\"url\":\"https:\\\/\\\/tuzlainfo.ba\\\/\",\"name\":\"TuzlaInfo.ba\",\"description\":\"Tuzla info, gradski informator - Tuzla na dlanu\",\"publisher\":{\"@id\":\"https:\\\/\\\/tuzlainfo.ba\\\/#organization\"},\"potentialAction\":[{\"@type\":\"SearchAction\",\"target\":{\"@type\":\"EntryPoint\",\"urlTemplate\":\"https:\\\/\\\/tuzlainfo.ba\\\/?s={search_term_string}\"},\"query-input\":{\"@type\":\"PropertyValueSpecification\",\"valueRequired\":true,\"valueName\":\"search_term_string\"}}],\"inLanguage\":\"bs-BA\"},{\"@type\":\"Organization\",\"@id\":\"https:\\\/\\\/tuzlainfo.ba\\\/#organization\",\"name\":\"TuzlaInfo.ba\",\"url\":\"https:\\\/\\\/tuzlainfo.ba\\\/\",\"logo\":{\"@type\":\"ImageObject\",\"inLanguage\":\"bs-BA\",\"@id\":\"https:\\\/\\\/tuzlainfo.ba\\\/#\\\/schema\\\/logo\\\/image\\\/\",\"url\":\"https:\\\/\\\/tuzlainfo.ba\\\/wp-content\\\/uploads\\\/2021\\\/03\\\/logo-ver-3-1.png\",\"contentUrl\":\"https:\\\/\\\/tuzlainfo.ba\\\/wp-content\\\/uploads\\\/2021\\\/03\\\/logo-ver-3-1.png\",\"width\":350,\"height\":95,\"caption\":\"TuzlaInfo.ba\"},\"image\":{\"@id\":\"https:\\\/\\\/tuzlainfo.ba\\\/#\\\/schema\\\/logo\\\/image\\\/\"},\"sameAs\":[\"https:\\\/\\\/www.facebook.com\\\/tuzlainfo.ba\\\/\"]},{\"@type\":\"Person\",\"@id\":\"https:\\\/\\\/tuzlainfo.ba\\\/#\\\/schema\\\/person\\\/593e78a2f6378c5ba3e7600ecfa4e63a\",\"name\":\"Admin Tri\",\"image\":{\"@type\":\"ImageObject\",\"inLanguage\":\"bs-BA\",\"@id\":\"https:\\\/\\\/secure.gravatar.com\\\/avatar\\\/b53a7f47acc7a09467757d8b2234cc38fa334b13599376e53104c0036b528ca1?s=96&d=mm&r=g\",\"url\":\"https:\\\/\\\/secure.gravatar.com\\\/avatar\\\/b53a7f47acc7a09467757d8b2234cc38fa334b13599376e53104c0036b528ca1?s=96&d=mm&r=g\",\"contentUrl\":\"https:\\\/\\\/secure.gravatar.com\\\/avatar\\\/b53a7f47acc7a09467757d8b2234cc38fa334b13599376e53104c0036b528ca1?s=96&d=mm&r=g\",\"caption\":\"Admin Tri\"},\"sameAs\":[\"https:\\\/\\\/tuzlainfo.ba\"]}]}<\/script>\n<!-- \/ Yoast SEO plugin. -->","yoast_head_json":{"title":"Protiv Vuki\u0107evi\u0107 podnesena krivi\u010dna prijava, poziva se na bojkot serije koju snima u Sarajevu","robots":{"index":"index","follow":"follow","max-snippet":"max-snippet:-1","max-image-preview":"max-image-preview:large","max-video-preview":"max-video-preview:-1"},"canonical":"https:\/\/tuzlainfo.ba\/index.php\/bosna-i-hercegovina\/item\/314414-protiv-vukicevic-podnesena-krivicna-prijava-poziva-se-na-bojkot-serije-koju-snima-u-sarajevu\/","og_locale":"bs_BA","og_type":"article","og_title":"Protiv Vuki\u0107evi\u0107 podnesena krivi\u010dna prijava, poziva se na bojkot serije koju snima u Sarajevu","og_description":"Protiv srbijanske glumice Lidije Vuki\u0107evi\u0107 podnesena je krivi\u010dna prijava Tu\u017eila\u0161tvu Bosne i Hercegovine nakon \u0161to je na dru\u0161tvenim mre\u017eama podr\u017eala objavu posve\u0107enu pravosna\u017eno osu\u0111enom ratnom zlo\u010dincu Ratku Mladi\u0107u. Istovremeno, na dru\u0161tvenim mre\u017eama \u0161iri se poziv na bojkot serije \u201eBos il\u2019 Had\u017eija\u201c, u kojoj Vuki\u0107evi\u0107 igra jednu od uloga, a koja se snima i u Sarajevu. [&hellip;]","og_url":"https:\/\/tuzlainfo.ba\/index.php\/bosna-i-hercegovina\/item\/314414-protiv-vukicevic-podnesena-krivicna-prijava-poziva-se-na-bojkot-serije-koju-snima-u-sarajevu\/","og_site_name":"TuzlaInfo.ba","article_publisher":"https:\/\/www.facebook.com\/tuzlainfo.ba\/","article_published_time":"2026-08-31T09:40:42+00:00","og_image":[{"width":660,"height":350,"url":"https:\/\/tuzlainfo.ba\/wp-content\/uploads\/2026\/08\/lidija-vukicevic-1.jpg","type":"image\/jpeg"}],"author":"Admin Tri","twitter_card":"summary_large_image","twitter_misc":{"Written by":"Admin Tri","Est. reading time":"2 minute"},"schema":{"@context":"https:\/\/schema.org","@graph":[{"@type":"Article","@id":"https:\/\/tuzlainfo.ba\/index.php\/bosna-i-hercegovina\/item\/314414-protiv-vukicevic-podnesena-krivicna-prijava-poziva-se-na-bojkot-serije-koju-snima-u-sarajevu\/#article","isPartOf":{"@id":"https:\/\/tuzlainfo.ba\/index.php\/bosna-i-hercegovina\/item\/314414-protiv-vukicevic-podnesena-krivicna-prijava-poziva-se-na-bojkot-serije-koju-snima-u-sarajevu\/"},"author":{"name":"Admin Tri","@id":"https:\/\/tuzlainfo.ba\/#\/schema\/person\/593e78a2f6378c5ba3e7600ecfa4e63a"},"headline":"Protiv Vuki\u0107evi\u0107 podnesena krivi\u010dna prijava, poziva se na bojkot serije koju snima u Sarajevu","datePublished":"2026-08-31T09:40:42+00:00","mainEntityOfPage":{"@id":"https:\/\/tuzlainfo.ba\/index.php\/bosna-i-hercegovina\/item\/314414-protiv-vukicevic-podnesena-krivicna-prijava-poziva-se-na-bojkot-serije-koju-snima-u-sarajevu\/"},"wordCount":324,"publisher":{"@id":"https:\/\/tuzlainfo.ba\/#organization"},"image":{"@id":"https:\/\/tuzlainfo.ba\/index.php\/bosna-i-hercegovina\/item\/314414-protiv-vukicevic-podnesena-krivicna-prijava-poziva-se-na-bojkot-serije-koju-snima-u-sarajevu\/#primaryimage"},"thumbnailUrl":"https:\/\/tuzlainfo.ba\/wp-content\/uploads\/2026\/08\/lidija-vukicevic-1.jpg","keywords":["lidija vuki\u0107evi\u0107"],"articleSection":["Bosna i Hercegovina"],"inLanguage":"bs-BA","copyrightYear":"2026","copyrightHolder":{"@id":"https:\/\/tuzlainfo.ba\/#organization"}},{"@type":"WebPage","@id":"https:\/\/tuzlainfo.ba\/index.php\/bosna-i-hercegovina\/item\/314414-protiv-vukicevic-podnesena-krivicna-prijava-poziva-se-na-bojkot-serije-koju-snima-u-sarajevu\/","url":"https:\/\/tuzlainfo.ba\/index.php\/bosna-i-hercegovina\/item\/314414-protiv-vukicevic-podnesena-krivicna-prijava-poziva-se-na-bojkot-serije-koju-snima-u-sarajevu\/","name":"Protiv Vuki\u0107evi\u0107 podnesena krivi\u010dna prijava, poziva se na bojkot serije koju snima u Sarajevu","isPartOf":{"@id":"https:\/\/tuzlainfo.ba\/#website"},"primaryImageOfPage":{"@id":"https:\/\/tuzlainfo.ba\/index.php\/bosna-i-hercegovina\/item\/314414-protiv-vukicevic-podnesena-krivicna-prijava-poziva-se-na-bojkot-serije-koju-snima-u-sarajevu\/#primaryimage"},"image":{"@id":"https:\/\/tuzlainfo.ba\/index.php\/bosna-i-hercegovina\/item\/314414-protiv-vukicevic-podnesena-krivicna-prijava-poziva-se-na-bojkot-serije-koju-snima-u-sarajevu\/#primaryimage"},"thumbnailUrl":"https:\/\/tuzlainfo.ba\/wp-content\/uploads\/2026\/08\/lidija-vukicevic-1.jpg","datePublished":"2026-08-31T09:40:42+00:00","breadcrumb":{"@id":"https:\/\/tuzlainfo.ba\/index.php\/bosna-i-hercegovina\/item\/314414-protiv-vukicevic-podnesena-krivicna-prijava-poziva-se-na-bojkot-serije-koju-snima-u-sarajevu\/#breadcrumb"},"inLanguage":"bs-BA","potentialAction":[{"@type":"ReadAction","target":["https:\/\/tuzlainfo.ba\/index.php\/bosna-i-hercegovina\/item\/314414-protiv-vukicevic-podnesena-krivicna-prijava-poziva-se-na-bojkot-serije-koju-snima-u-sarajevu\/"]}]},{"@type":"ImageObject","inLanguage":"bs-BA","@id":"https:\/\/tuzlainfo.ba\/index.php\/bosna-i-hercegovina\/item\/314414-protiv-vukicevic-podnesena-krivicna-prijava-poziva-se-na-bojkot-serije-koju-snima-u-sarajevu\/#primaryimage","url":"https:\/\/tuzlainfo.ba\/wp-content\/uploads\/2026\/08\/lidija-vukicevic-1.jpg","contentUrl":"https:\/\/tuzlainfo.ba\/wp-content\/uploads\/2026\/08\/lidija-vukicevic-1.jpg","width":660,"height":350},{"@type":"BreadcrumbList","@id":"https:\/\/tuzlainfo.ba\/index.php\/bosna-i-hercegovina\/item\/314414-protiv-vukicevic-podnesena-krivicna-prijava-poziva-se-na-bojkot-serije-koju-snima-u-sarajevu\/#breadcrumb","itemListElement":[{"@type":"ListItem","position":1,"name":"Home","item":"https:\/\/tuzlainfo.ba\/"},{"@type":"ListItem","position":2,"name":"Protiv Vuki\u0107evi\u0107 podnesena krivi\u010dna prijava, poziva se na bojkot serije koju snima u Sarajevu"}]},{"@type":"WebSite","@id":"https:\/\/tuzlainfo.ba\/#website","url":"https:\/\/tuzlainfo.ba\/","name":"TuzlaInfo.ba","description":"Tuzla info, gradski informator - Tuzla na dlanu","publisher":{"@id":"https:\/\/tuzlainfo.ba\/#organization"},"potentialAction":[{"@type":"SearchAction","target":{"@type":"EntryPoint","urlTemplate":"https:\/\/tuzlainfo.ba\/?s={search_term_string}"},"query-input":{"@type":"PropertyValueSpecification","valueRequired":true,"valueName":"search_term_string"}}],"inLanguage":"bs-BA"},{"@type":"Organization","@id":"https:\/\/tuzlainfo.ba\/#organization","name":"TuzlaInfo.ba","url":"https:\/\/tuzlainfo.ba\/","logo":{"@type":"ImageObject","inLanguage":"bs-BA","@id":"https:\/\/tuzlainfo.ba\/#\/schema\/logo\/image\/","url":"https:\/\/tuzlainfo.ba\/wp-content\/uploads\/2021\/03\/logo-ver-3-1.png","contentUrl":"https:\/\/tuzlainfo.ba\/wp-content\/uploads\/2021\/03\/logo-ver-3-1.png","width":350,"height":95,"caption":"TuzlaInfo.ba"},"image":{"@id":"https:\/\/tuzlainfo.ba\/#\/schema\/logo\/image\/"},"sameAs":["https:\/\/www.facebook.com\/tuzlainfo.ba\/"]},{"@type":"Person","@id":"https:\/\/tuzlainfo.ba\/#\/schema\/person\/593e78a2f6378c5ba3e7600ecfa4e63a","name":"Admin Tri","image":{"@type":"ImageObject","inLanguage":"bs-BA","@id":"https:\/\/secure.gravatar.com\/avatar\/b53a7f47acc7a09467757d8b2234cc38fa334b13599376e53104c0036b528ca1?s=96&d=mm&r=g","url":"https:\/\/secure.gravatar.com\/avatar\/b53a7f47acc7a09467757d8b2234cc38fa334b13599376e53104c0036b528ca1?s=96&d=mm&r=g","contentUrl":"https:\/\/secure.gravatar.com\/avatar\/b53a7f47acc7a09467757d8b2234cc38fa334b13599376e53104c0036b528ca1?s=96&d=mm&r=g","caption":"Admin Tri"},"sameAs":["https:\/\/tuzlainfo.ba"]}]}},"_links":{"self":[{"href":"https:\/\/tuzlainfo.ba\/index.php\/wp-json\/wp\/v2\/posts\/314414","targetHints":{"allow":["GET"]}}],"collection":[{"href":"https:\/\/tuzlainfo.ba\/index.php\/wp-json\/wp\/v2\/posts"}],"about":[{"href":"https:\/\/tuzlainfo.ba\/index.php\/wp-json\/wp\/v2\/types\/post"}],"author":[{"embeddable":true,"href":"https:\/\/tuzlainfo.ba\/index.php\/wp-json\/wp\/v2\/users\/8"}],"replies":[{"embeddable":true,"href":"https:\/\/tuzlainfo.ba\/index.php\/wp-json\/wp\/v2\/comments?post=314414"}],"version-history":[{"count":1,"href":"https:\/\/tuzlainfo.ba\/index.php\/wp-json\/wp\/v2\/posts\/314414\/revisions"}],"predecessor-version":[{"id":314416,"href":"https:\/\/tuzlainfo.ba\/index.php\/wp-json\/wp\/v2\/posts\/314414\/revisions\/314416"}],"wp:featuredmedia":[{"embeddable":true,"href":"https:\/\/tuzlainfo.ba\/index.php\/wp-json\/wp\/v2\/media\/314415"}],"wp:attachment":[{"href":"https:\/\/tuzlainfo.ba\/index.php\/wp-json\/wp\/v2\/media?parent=314414"}],"wp:term":[{"taxonomy":"category","embeddable":true,"href":"https:\/\/tuzlainfo.ba\/index.php\/wp-json\/wp\/v2\/categories?post=314414"},{"taxonomy":"post_tag","embeddable":true,"href":"https:\/\/tuzlainfo.ba\/index.php\/wp-json\/wp\/v2\/tags?post=314414"}],"curies":[{"name":"wp","href":"https:\/\/api.w.org\/{rel}","templated":true}]}}