{"id":314401,"date":"2026-08-31T09:09:48","date_gmt":"2026-08-31T07:09:48","guid":{"rendered":"https:\/\/tuzlainfo.ba\/?p=314401"},"modified":"2026-08-31T09:09:48","modified_gmt":"2026-08-31T07:09:48","slug":"vukicevic-mogu-da-izadjem-nasred-sarajeva-i-da-zalim-mladica-ne-mogu-mi-nista","status":"publish","type":"post","link":"https:\/\/tuzlainfo.ba\/index.php\/bosna-i-hercegovina\/item\/314401-vukicevic-mogu-da-izadjem-nasred-sarajeva-i-da-zalim-mladica-ne-mogu-mi-nista\/","title":{"rendered":"Vuki\u0107evi\u0107: Mogu da iza\u0111em nasred Sarajeva i da \u017ealim Mladi\u0107a, ne mogu mi ni\u0161ta"},"content":{"rendered":"<p>Srbijanska glumica Lidija Vuki\u0107evi\u0107 oglasila se iz Sarajeva nakon \u0161to je zbog njenog komentara o Ratku Mladi\u0107u podnesena krivi\u010dna prijava i pokrenuta inicijativa da bude udaljena iz serije koju trenutno snima u glavnom gradu BiH.<\/p>\n<p>Vuki\u0107evi\u0107 je za Informer poru\u010dila da se svojih stavova ne\u0107e odre\u0107i, navode\u0107i da je \u201cponosna Srpkinja\u201d i da ostaje pri svojim ranijim izjavama o Ratku Mladi\u0107u.<\/p>\n<p>\u201eAko je neko mislio da dolazim iz zemlje pod nekada\u0161njim rukovodstvom Borisa Tadi\u0107a, koji se svima izvinjavao, prevario se. Dolazim iz ponosne zemlje Srbije kojoj je ponos vratio predsjednik Vu\u010di\u0107. Ako je neko mislio da ne\u0107u da o\u017ealim generala, gadno se prevario\u201c, rekla je Vuki\u0107evi\u0107.<\/p>\n<p>Dodala je da je spremna snositi posljedice zbog svojih stavova.<\/p>\n<p>\u201eNe mo\u017ee niko da mi zabrani da budem ono \u0161to jesam, ali napominjem, uz uva\u017eavanje svake zemlje u koju do\u0111em. Ostajem ono \u0161to jesam, Srpkinja koja \u017eali Ratka Mladi\u0107a. Ja sam u hotelskoj sobi, nek do\u0111u slobodno da me uhapse. Nije problem ni da odem u svoju Srbiju. Neka me uhapse, ostajem pri svom stavu\u201c, poru\u010dila je.<\/p>\n<p>Vuki\u0107evi\u0107 je navela i da je snimanje serije \u201cBos il&#8217; had\u017eija\u201d, u re\u017eiji Envera Pu\u0161ke, u jednom trenutku prekinuto, te da tada nije znala \u0161ta se doga\u0111a.<\/p>\n<p>\u201eOdjednom kao neki problem, ja nisam znala o \u010demu se radi, poslije sam saznala. Ja sam u hotelskoj sobi, ne znam da li \u0107e snimanje biti nastavljeno. Znam samo da mi ne mogu ni\u0161ta\u201c, rekla je.<\/p>\n<p>Poru\u010dila je da je ne brine ni mogu\u0107nost da vi\u0161e ne u\u010destvuje u projektu.<\/p>\n<p>\u201eNe zanima me i ako odlu\u010de da ne nastavimo snimanje, ja se vra\u0107am u Srbiju. Oni neka pi\u0161u i piskaraju prijave, nemam problem niti sam upla\u0161ena. Ne smatram da sam bilo \u0161ta kriva, niti da sam i\u0161ta lo\u0161e uradila. Sram ih bilo\u201c, kazala je Vuki\u0107evi\u0107.<\/p>\n<p>Glumica je u nastavku razgovora iznijela i stavove o Radovanu Karad\u017ei\u0107u, tako\u0111er pravosna\u017eno osu\u0111enom pred me\u0111unarodnim sudom za ratne zlo\u010dine, zlo\u010dine protiv \u010dovje\u010dnosti i genocid.<\/p>\n<p>Govore\u0107i o atmosferi u Sarajevu, Vuki\u0107evi\u0107 tvrdi da nije imala neprijatnosti u neposrednim susretima s gra\u0111anima.<\/p>\n<p>\u201eNa Ba\u0161\u010dar\u0161iji su ljudi izlazili da me pozdrave, plakali, grlili me, slikali me. U ekipi su tako\u0111er predivni, ali uvijek se na\u0111e neko ko ho\u0107e nemire i sukobe\u201c, rekla je.<\/p>\n<p>Dodala je i da su joj pojedini \u010dlanovi ekipe, prema njenim rije\u010dima, pru\u017eili podr\u0161ku.<\/p>\n<p>\u201eAko o\u010dekuju da se odri\u010dem svog, to se nikada ne\u0107e dogoditi\u201c, zaklju\u010dila je Vuki\u0107evi\u0107.<\/p>\n<p>Ranije je objavljeno da je zbog njenih javnih stavova u Sarajevu podnesena krivi\u010dna prijava, kao i da je pokrenuta inicijativa za njeno udaljavanje iz serije koju snima u Sarajevu.<\/p>\n","protected":false},"excerpt":{"rendered":"<p>Srbijanska glumica Lidija Vuki\u0107evi\u0107 oglasila se iz Sarajeva nakon \u0161to je zbog njenog komentara o Ratku Mladi\u0107u podnesena krivi\u010dna prijava i pokrenuta inicijativa da bude udaljena iz serije koju trenutno snima u glavnom gradu BiH. Vuki\u0107evi\u0107 je za Informer poru\u010dila da se svojih stavova ne\u0107e odre\u0107i, navode\u0107i da je \u201cponosna Srpkinja\u201d i da ostaje pri [&hellip;]<\/p>\n","protected":false},"author":8,"featured_media":314192,"comment_status":"closed","ping_status":"closed","sticky":false,"template":"","format":"standard","meta":{"footnotes":""},"categories":[291],"tags":[14430,939],"class_list":["post-314401","post","type-post","status-publish","format-standard","has-post-thumbnail","hentry","category-bosna-i-hercegovina","tag-lidija-vukicevic","tag-ratko-mladic"],"yoast_head":"<!-- This site is optimized with the Yoast SEO plugin v28.3 - https:\/\/yoast.com\/product\/yoast-seo-wordpress\/ -->\n<title>Vuki\u0107evi\u0107: Mogu da iza\u0111em nasred Sarajeva i da \u017ealim Mladi\u0107a, ne mogu mi ni\u0161ta<\/title>\n<meta name=\"robots\" content=\"index, follow, max-snippet:-1, max-image-preview:large, max-video-preview:-1\" \/>\n<link rel=\"canonical\" href=\"https:\/\/tuzlainfo.ba\/index.php\/bosna-i-hercegovina\/item\/314401-vukicevic-mogu-da-izadjem-nasred-sarajeva-i-da-zalim-mladica-ne-mogu-mi-nista\/\" \/>\n<meta property=\"og:locale\" content=\"bs_BA\" \/>\n<meta property=\"og:type\" content=\"article\" \/>\n<meta property=\"og:title\" content=\"Vuki\u0107evi\u0107: Mogu da iza\u0111em nasred Sarajeva i da \u017ealim Mladi\u0107a, ne mogu mi ni\u0161ta\" \/>\n<meta property=\"og:description\" content=\"Srbijanska glumica Lidija Vuki\u0107evi\u0107 oglasila se iz Sarajeva nakon \u0161to je zbog njenog komentara o Ratku Mladi\u0107u podnesena krivi\u010dna prijava i pokrenuta inicijativa da bude udaljena iz serije koju trenutno snima u glavnom gradu BiH. Vuki\u0107evi\u0107 je za Informer poru\u010dila da se svojih stavova ne\u0107e odre\u0107i, navode\u0107i da je \u201cponosna Srpkinja\u201d i da ostaje pri [&hellip;]\" \/>\n<meta property=\"og:url\" content=\"https:\/\/tuzlainfo.ba\/index.php\/bosna-i-hercegovina\/item\/314401-vukicevic-mogu-da-izadjem-nasred-sarajeva-i-da-zalim-mladica-ne-mogu-mi-nista\/\" \/>\n<meta property=\"og:site_name\" content=\"TuzlaInfo.ba\" \/>\n<meta property=\"article:publisher\" content=\"https:\/\/www.facebook.com\/tuzlainfo.ba\/\" \/>\n<meta property=\"article:published_time\" content=\"2026-08-31T07:09:48+00:00\" \/>\n<meta property=\"og:image\" content=\"https:\/\/tuzlainfo.ba\/wp-content\/uploads\/2026\/08\/lidija-vukicevic.jpg\" \/>\n\t<meta property=\"og:image:width\" content=\"648\" \/>\n\t<meta property=\"og:image:height\" content=\"473\" \/>\n\t<meta property=\"og:image:type\" content=\"image\/jpeg\" \/>\n<meta name=\"author\" content=\"Admin Tri\" \/>\n<meta name=\"twitter:card\" content=\"summary_large_image\" \/>\n<meta name=\"twitter:label1\" content=\"Written by\" \/>\n\t<meta name=\"twitter:data1\" content=\"Admin Tri\" \/>\n\t<meta name=\"twitter:label2\" content=\"Est. reading time\" \/>\n\t<meta name=\"twitter:data2\" content=\"2 minute\" \/>\n<script type=\"application\/ld+json\" class=\"yoast-schema-graph\">{\"@context\":\"https:\\\/\\\/schema.org\",\"@graph\":[{\"@type\":\"Article\",\"@id\":\"https:\\\/\\\/tuzlainfo.ba\\\/index.php\\\/bosna-i-hercegovina\\\/item\\\/314401-vukicevic-mogu-da-izadjem-nasred-sarajeva-i-da-zalim-mladica-ne-mogu-mi-nista\\\/#article\",\"isPartOf\":{\"@id\":\"https:\\\/\\\/tuzlainfo.ba\\\/index.php\\\/bosna-i-hercegovina\\\/item\\\/314401-vukicevic-mogu-da-izadjem-nasred-sarajeva-i-da-zalim-mladica-ne-mogu-mi-nista\\\/\"},\"author\":{\"name\":\"Admin Tri\",\"@id\":\"https:\\\/\\\/tuzlainfo.ba\\\/#\\\/schema\\\/person\\\/593e78a2f6378c5ba3e7600ecfa4e63a\"},\"headline\":\"Vuki\u0107evi\u0107: Mogu da iza\u0111em nasred Sarajeva i da \u017ealim Mladi\u0107a, ne mogu mi ni\u0161ta\",\"datePublished\":\"2026-08-31T07:09:48+00:00\",\"mainEntityOfPage\":{\"@id\":\"https:\\\/\\\/tuzlainfo.ba\\\/index.php\\\/bosna-i-hercegovina\\\/item\\\/314401-vukicevic-mogu-da-izadjem-nasred-sarajeva-i-da-zalim-mladica-ne-mogu-mi-nista\\\/\"},\"wordCount\":505,\"publisher\":{\"@id\":\"https:\\\/\\\/tuzlainfo.ba\\\/#organization\"},\"image\":{\"@id\":\"https:\\\/\\\/tuzlainfo.ba\\\/index.php\\\/bosna-i-hercegovina\\\/item\\\/314401-vukicevic-mogu-da-izadjem-nasred-sarajeva-i-da-zalim-mladica-ne-mogu-mi-nista\\\/#primaryimage\"},\"thumbnailUrl\":\"https:\\\/\\\/tuzlainfo.ba\\\/wp-content\\\/uploads\\\/2026\\\/08\\\/lidija-vukicevic.jpg\",\"keywords\":[\"lidija vuki\u0107evi\u0107\",\"ratko mladi\u0107\"],\"articleSection\":[\"Bosna i Hercegovina\"],\"inLanguage\":\"bs-BA\",\"copyrightYear\":\"2026\",\"copyrightHolder\":{\"@id\":\"https:\\\/\\\/tuzlainfo.ba\\\/#organization\"}},{\"@type\":\"WebPage\",\"@id\":\"https:\\\/\\\/tuzlainfo.ba\\\/index.php\\\/bosna-i-hercegovina\\\/item\\\/314401-vukicevic-mogu-da-izadjem-nasred-sarajeva-i-da-zalim-mladica-ne-mogu-mi-nista\\\/\",\"url\":\"https:\\\/\\\/tuzlainfo.ba\\\/index.php\\\/bosna-i-hercegovina\\\/item\\\/314401-vukicevic-mogu-da-izadjem-nasred-sarajeva-i-da-zalim-mladica-ne-mogu-mi-nista\\\/\",\"name\":\"Vuki\u0107evi\u0107: Mogu da iza\u0111em nasred Sarajeva i da \u017ealim Mladi\u0107a, ne mogu mi ni\u0161ta\",\"isPartOf\":{\"@id\":\"https:\\\/\\\/tuzlainfo.ba\\\/#website\"},\"primaryImageOfPage\":{\"@id\":\"https:\\\/\\\/tuzlainfo.ba\\\/index.php\\\/bosna-i-hercegovina\\\/item\\\/314401-vukicevic-mogu-da-izadjem-nasred-sarajeva-i-da-zalim-mladica-ne-mogu-mi-nista\\\/#primaryimage\"},\"image\":{\"@id\":\"https:\\\/\\\/tuzlainfo.ba\\\/index.php\\\/bosna-i-hercegovina\\\/item\\\/314401-vukicevic-mogu-da-izadjem-nasred-sarajeva-i-da-zalim-mladica-ne-mogu-mi-nista\\\/#primaryimage\"},\"thumbnailUrl\":\"https:\\\/\\\/tuzlainfo.ba\\\/wp-content\\\/uploads\\\/2026\\\/08\\\/lidija-vukicevic.jpg\",\"datePublished\":\"2026-08-31T07:09:48+00:00\",\"breadcrumb\":{\"@id\":\"https:\\\/\\\/tuzlainfo.ba\\\/index.php\\\/bosna-i-hercegovina\\\/item\\\/314401-vukicevic-mogu-da-izadjem-nasred-sarajeva-i-da-zalim-mladica-ne-mogu-mi-nista\\\/#breadcrumb\"},\"inLanguage\":\"bs-BA\",\"potentialAction\":[{\"@type\":\"ReadAction\",\"target\":[\"https:\\\/\\\/tuzlainfo.ba\\\/index.php\\\/bosna-i-hercegovina\\\/item\\\/314401-vukicevic-mogu-da-izadjem-nasred-sarajeva-i-da-zalim-mladica-ne-mogu-mi-nista\\\/\"]}]},{\"@type\":\"ImageObject\",\"inLanguage\":\"bs-BA\",\"@id\":\"https:\\\/\\\/tuzlainfo.ba\\\/index.php\\\/bosna-i-hercegovina\\\/item\\\/314401-vukicevic-mogu-da-izadjem-nasred-sarajeva-i-da-zalim-mladica-ne-mogu-mi-nista\\\/#primaryimage\",\"url\":\"https:\\\/\\\/tuzlainfo.ba\\\/wp-content\\\/uploads\\\/2026\\\/08\\\/lidija-vukicevic.jpg\",\"contentUrl\":\"https:\\\/\\\/tuzlainfo.ba\\\/wp-content\\\/uploads\\\/2026\\\/08\\\/lidija-vukicevic.jpg\",\"width\":648,\"height\":473},{\"@type\":\"BreadcrumbList\",\"@id\":\"https:\\\/\\\/tuzlainfo.ba\\\/index.php\\\/bosna-i-hercegovina\\\/item\\\/314401-vukicevic-mogu-da-izadjem-nasred-sarajeva-i-da-zalim-mladica-ne-mogu-mi-nista\\\/#breadcrumb\",\"itemListElement\":[{\"@type\":\"ListItem\",\"position\":1,\"name\":\"Home\",\"item\":\"https:\\\/\\\/tuzlainfo.ba\\\/\"},{\"@type\":\"ListItem\",\"position\":2,\"name\":\"Vuki\u0107evi\u0107: Mogu da iza\u0111em nasred Sarajeva i da \u017ealim Mladi\u0107a, ne mogu mi ni\u0161ta\"}]},{\"@type\":\"WebSite\",\"@id\":\"https:\\\/\\\/tuzlainfo.ba\\\/#website\",\"url\":\"https:\\\/\\\/tuzlainfo.ba\\\/\",\"name\":\"TuzlaInfo.ba\",\"description\":\"Tuzla info, gradski informator - Tuzla na dlanu\",\"publisher\":{\"@id\":\"https:\\\/\\\/tuzlainfo.ba\\\/#organization\"},\"potentialAction\":[{\"@type\":\"SearchAction\",\"target\":{\"@type\":\"EntryPoint\",\"urlTemplate\":\"https:\\\/\\\/tuzlainfo.ba\\\/?s={search_term_string}\"},\"query-input\":{\"@type\":\"PropertyValueSpecification\",\"valueRequired\":true,\"valueName\":\"search_term_string\"}}],\"inLanguage\":\"bs-BA\"},{\"@type\":\"Organization\",\"@id\":\"https:\\\/\\\/tuzlainfo.ba\\\/#organization\",\"name\":\"TuzlaInfo.ba\",\"url\":\"https:\\\/\\\/tuzlainfo.ba\\\/\",\"logo\":{\"@type\":\"ImageObject\",\"inLanguage\":\"bs-BA\",\"@id\":\"https:\\\/\\\/tuzlainfo.ba\\\/#\\\/schema\\\/logo\\\/image\\\/\",\"url\":\"https:\\\/\\\/tuzlainfo.ba\\\/wp-content\\\/uploads\\\/2021\\\/03\\\/logo-ver-3-1.png\",\"contentUrl\":\"https:\\\/\\\/tuzlainfo.ba\\\/wp-content\\\/uploads\\\/2021\\\/03\\\/logo-ver-3-1.png\",\"width\":350,\"height\":95,\"caption\":\"TuzlaInfo.ba\"},\"image\":{\"@id\":\"https:\\\/\\\/tuzlainfo.ba\\\/#\\\/schema\\\/logo\\\/image\\\/\"},\"sameAs\":[\"https:\\\/\\\/www.facebook.com\\\/tuzlainfo.ba\\\/\"]},{\"@type\":\"Person\",\"@id\":\"https:\\\/\\\/tuzlainfo.ba\\\/#\\\/schema\\\/person\\\/593e78a2f6378c5ba3e7600ecfa4e63a\",\"name\":\"Admin Tri\",\"image\":{\"@type\":\"ImageObject\",\"inLanguage\":\"bs-BA\",\"@id\":\"https:\\\/\\\/secure.gravatar.com\\\/avatar\\\/b53a7f47acc7a09467757d8b2234cc38fa334b13599376e53104c0036b528ca1?s=96&d=mm&r=g\",\"url\":\"https:\\\/\\\/secure.gravatar.com\\\/avatar\\\/b53a7f47acc7a09467757d8b2234cc38fa334b13599376e53104c0036b528ca1?s=96&d=mm&r=g\",\"contentUrl\":\"https:\\\/\\\/secure.gravatar.com\\\/avatar\\\/b53a7f47acc7a09467757d8b2234cc38fa334b13599376e53104c0036b528ca1?s=96&d=mm&r=g\",\"caption\":\"Admin Tri\"},\"sameAs\":[\"https:\\\/\\\/tuzlainfo.ba\"]}]}<\/script>\n<!-- \/ Yoast SEO plugin. -->","yoast_head_json":{"title":"Vuki\u0107evi\u0107: Mogu da iza\u0111em nasred Sarajeva i da \u017ealim Mladi\u0107a, ne mogu mi ni\u0161ta","robots":{"index":"index","follow":"follow","max-snippet":"max-snippet:-1","max-image-preview":"max-image-preview:large","max-video-preview":"max-video-preview:-1"},"canonical":"https:\/\/tuzlainfo.ba\/index.php\/bosna-i-hercegovina\/item\/314401-vukicevic-mogu-da-izadjem-nasred-sarajeva-i-da-zalim-mladica-ne-mogu-mi-nista\/","og_locale":"bs_BA","og_type":"article","og_title":"Vuki\u0107evi\u0107: Mogu da iza\u0111em nasred Sarajeva i da \u017ealim Mladi\u0107a, ne mogu mi ni\u0161ta","og_description":"Srbijanska glumica Lidija Vuki\u0107evi\u0107 oglasila se iz Sarajeva nakon \u0161to je zbog njenog komentara o Ratku Mladi\u0107u podnesena krivi\u010dna prijava i pokrenuta inicijativa da bude udaljena iz serije koju trenutno snima u glavnom gradu BiH. Vuki\u0107evi\u0107 je za Informer poru\u010dila da se svojih stavova ne\u0107e odre\u0107i, navode\u0107i da je \u201cponosna Srpkinja\u201d i da ostaje pri [&hellip;]","og_url":"https:\/\/tuzlainfo.ba\/index.php\/bosna-i-hercegovina\/item\/314401-vukicevic-mogu-da-izadjem-nasred-sarajeva-i-da-zalim-mladica-ne-mogu-mi-nista\/","og_site_name":"TuzlaInfo.ba","article_publisher":"https:\/\/www.facebook.com\/tuzlainfo.ba\/","article_published_time":"2026-08-31T07:09:48+00:00","og_image":[{"width":648,"height":473,"url":"https:\/\/tuzlainfo.ba\/wp-content\/uploads\/2026\/08\/lidija-vukicevic.jpg","type":"image\/jpeg"}],"author":"Admin Tri","twitter_card":"summary_large_image","twitter_misc":{"Written by":"Admin Tri","Est. reading time":"2 minute"},"schema":{"@context":"https:\/\/schema.org","@graph":[{"@type":"Article","@id":"https:\/\/tuzlainfo.ba\/index.php\/bosna-i-hercegovina\/item\/314401-vukicevic-mogu-da-izadjem-nasred-sarajeva-i-da-zalim-mladica-ne-mogu-mi-nista\/#article","isPartOf":{"@id":"https:\/\/tuzlainfo.ba\/index.php\/bosna-i-hercegovina\/item\/314401-vukicevic-mogu-da-izadjem-nasred-sarajeva-i-da-zalim-mladica-ne-mogu-mi-nista\/"},"author":{"name":"Admin Tri","@id":"https:\/\/tuzlainfo.ba\/#\/schema\/person\/593e78a2f6378c5ba3e7600ecfa4e63a"},"headline":"Vuki\u0107evi\u0107: Mogu da iza\u0111em nasred Sarajeva i da \u017ealim Mladi\u0107a, ne mogu mi ni\u0161ta","datePublished":"2026-08-31T07:09:48+00:00","mainEntityOfPage":{"@id":"https:\/\/tuzlainfo.ba\/index.php\/bosna-i-hercegovina\/item\/314401-vukicevic-mogu-da-izadjem-nasred-sarajeva-i-da-zalim-mladica-ne-mogu-mi-nista\/"},"wordCount":505,"publisher":{"@id":"https:\/\/tuzlainfo.ba\/#organization"},"image":{"@id":"https:\/\/tuzlainfo.ba\/index.php\/bosna-i-hercegovina\/item\/314401-vukicevic-mogu-da-izadjem-nasred-sarajeva-i-da-zalim-mladica-ne-mogu-mi-nista\/#primaryimage"},"thumbnailUrl":"https:\/\/tuzlainfo.ba\/wp-content\/uploads\/2026\/08\/lidija-vukicevic.jpg","keywords":["lidija vuki\u0107evi\u0107","ratko mladi\u0107"],"articleSection":["Bosna i Hercegovina"],"inLanguage":"bs-BA","copyrightYear":"2026","copyrightHolder":{"@id":"https:\/\/tuzlainfo.ba\/#organization"}},{"@type":"WebPage","@id":"https:\/\/tuzlainfo.ba\/index.php\/bosna-i-hercegovina\/item\/314401-vukicevic-mogu-da-izadjem-nasred-sarajeva-i-da-zalim-mladica-ne-mogu-mi-nista\/","url":"https:\/\/tuzlainfo.ba\/index.php\/bosna-i-hercegovina\/item\/314401-vukicevic-mogu-da-izadjem-nasred-sarajeva-i-da-zalim-mladica-ne-mogu-mi-nista\/","name":"Vuki\u0107evi\u0107: Mogu da iza\u0111em nasred Sarajeva i da \u017ealim Mladi\u0107a, ne mogu mi ni\u0161ta","isPartOf":{"@id":"https:\/\/tuzlainfo.ba\/#website"},"primaryImageOfPage":{"@id":"https:\/\/tuzlainfo.ba\/index.php\/bosna-i-hercegovina\/item\/314401-vukicevic-mogu-da-izadjem-nasred-sarajeva-i-da-zalim-mladica-ne-mogu-mi-nista\/#primaryimage"},"image":{"@id":"https:\/\/tuzlainfo.ba\/index.php\/bosna-i-hercegovina\/item\/314401-vukicevic-mogu-da-izadjem-nasred-sarajeva-i-da-zalim-mladica-ne-mogu-mi-nista\/#primaryimage"},"thumbnailUrl":"https:\/\/tuzlainfo.ba\/wp-content\/uploads\/2026\/08\/lidija-vukicevic.jpg","datePublished":"2026-08-31T07:09:48+00:00","breadcrumb":{"@id":"https:\/\/tuzlainfo.ba\/index.php\/bosna-i-hercegovina\/item\/314401-vukicevic-mogu-da-izadjem-nasred-sarajeva-i-da-zalim-mladica-ne-mogu-mi-nista\/#breadcrumb"},"inLanguage":"bs-BA","potentialAction":[{"@type":"ReadAction","target":["https:\/\/tuzlainfo.ba\/index.php\/bosna-i-hercegovina\/item\/314401-vukicevic-mogu-da-izadjem-nasred-sarajeva-i-da-zalim-mladica-ne-mogu-mi-nista\/"]}]},{"@type":"ImageObject","inLanguage":"bs-BA","@id":"https:\/\/tuzlainfo.ba\/index.php\/bosna-i-hercegovina\/item\/314401-vukicevic-mogu-da-izadjem-nasred-sarajeva-i-da-zalim-mladica-ne-mogu-mi-nista\/#primaryimage","url":"https:\/\/tuzlainfo.ba\/wp-content\/uploads\/2026\/08\/lidija-vukicevic.jpg","contentUrl":"https:\/\/tuzlainfo.ba\/wp-content\/uploads\/2026\/08\/lidija-vukicevic.jpg","width":648,"height":473},{"@type":"BreadcrumbList","@id":"https:\/\/tuzlainfo.ba\/index.php\/bosna-i-hercegovina\/item\/314401-vukicevic-mogu-da-izadjem-nasred-sarajeva-i-da-zalim-mladica-ne-mogu-mi-nista\/#breadcrumb","itemListElement":[{"@type":"ListItem","position":1,"name":"Home","item":"https:\/\/tuzlainfo.ba\/"},{"@type":"ListItem","position":2,"name":"Vuki\u0107evi\u0107: Mogu da iza\u0111em nasred Sarajeva i da \u017ealim Mladi\u0107a, ne mogu mi ni\u0161ta"}]},{"@type":"WebSite","@id":"https:\/\/tuzlainfo.ba\/#website","url":"https:\/\/tuzlainfo.ba\/","name":"TuzlaInfo.ba","description":"Tuzla info, gradski informator - Tuzla na dlanu","publisher":{"@id":"https:\/\/tuzlainfo.ba\/#organization"},"potentialAction":[{"@type":"SearchAction","target":{"@type":"EntryPoint","urlTemplate":"https:\/\/tuzlainfo.ba\/?s={search_term_string}"},"query-input":{"@type":"PropertyValueSpecification","valueRequired":true,"valueName":"search_term_string"}}],"inLanguage":"bs-BA"},{"@type":"Organization","@id":"https:\/\/tuzlainfo.ba\/#organization","name":"TuzlaInfo.ba","url":"https:\/\/tuzlainfo.ba\/","logo":{"@type":"ImageObject","inLanguage":"bs-BA","@id":"https:\/\/tuzlainfo.ba\/#\/schema\/logo\/image\/","url":"https:\/\/tuzlainfo.ba\/wp-content\/uploads\/2021\/03\/logo-ver-3-1.png","contentUrl":"https:\/\/tuzlainfo.ba\/wp-content\/uploads\/2021\/03\/logo-ver-3-1.png","width":350,"height":95,"caption":"TuzlaInfo.ba"},"image":{"@id":"https:\/\/tuzlainfo.ba\/#\/schema\/logo\/image\/"},"sameAs":["https:\/\/www.facebook.com\/tuzlainfo.ba\/"]},{"@type":"Person","@id":"https:\/\/tuzlainfo.ba\/#\/schema\/person\/593e78a2f6378c5ba3e7600ecfa4e63a","name":"Admin Tri","image":{"@type":"ImageObject","inLanguage":"bs-BA","@id":"https:\/\/secure.gravatar.com\/avatar\/b53a7f47acc7a09467757d8b2234cc38fa334b13599376e53104c0036b528ca1?s=96&d=mm&r=g","url":"https:\/\/secure.gravatar.com\/avatar\/b53a7f47acc7a09467757d8b2234cc38fa334b13599376e53104c0036b528ca1?s=96&d=mm&r=g","contentUrl":"https:\/\/secure.gravatar.com\/avatar\/b53a7f47acc7a09467757d8b2234cc38fa334b13599376e53104c0036b528ca1?s=96&d=mm&r=g","caption":"Admin Tri"},"sameAs":["https:\/\/tuzlainfo.ba"]}]}},"_links":{"self":[{"href":"https:\/\/tuzlainfo.ba\/index.php\/wp-json\/wp\/v2\/posts\/314401","targetHints":{"allow":["GET"]}}],"collection":[{"href":"https:\/\/tuzlainfo.ba\/index.php\/wp-json\/wp\/v2\/posts"}],"about":[{"href":"https:\/\/tuzlainfo.ba\/index.php\/wp-json\/wp\/v2\/types\/post"}],"author":[{"embeddable":true,"href":"https:\/\/tuzlainfo.ba\/index.php\/wp-json\/wp\/v2\/users\/8"}],"replies":[{"embeddable":true,"href":"https:\/\/tuzlainfo.ba\/index.php\/wp-json\/wp\/v2\/comments?post=314401"}],"version-history":[{"count":1,"href":"https:\/\/tuzlainfo.ba\/index.php\/wp-json\/wp\/v2\/posts\/314401\/revisions"}],"predecessor-version":[{"id":314402,"href":"https:\/\/tuzlainfo.ba\/index.php\/wp-json\/wp\/v2\/posts\/314401\/revisions\/314402"}],"wp:featuredmedia":[{"embeddable":true,"href":"https:\/\/tuzlainfo.ba\/index.php\/wp-json\/wp\/v2\/media\/314192"}],"wp:attachment":[{"href":"https:\/\/tuzlainfo.ba\/index.php\/wp-json\/wp\/v2\/media?parent=314401"}],"wp:term":[{"taxonomy":"category","embeddable":true,"href":"https:\/\/tuzlainfo.ba\/index.php\/wp-json\/wp\/v2\/categories?post=314401"},{"taxonomy":"post_tag","embeddable":true,"href":"https:\/\/tuzlainfo.ba\/index.php\/wp-json\/wp\/v2\/tags?post=314401"}],"curies":[{"name":"wp","href":"https:\/\/api.w.org\/{rel}","templated":true}]}}