{"id":314396,"date":"2026-08-31T10:29:40","date_gmt":"2026-08-31T08:29:40","guid":{"rendered":"https:\/\/tuzlainfo.ba\/?p=314396"},"modified":"2026-08-31T08:30:15","modified_gmt":"2026-08-31T06:30:15","slug":"prevoznici-danas-izlaze-na-ulice-sarajeva-najavljena-protestna-voznja-stigao-i-ultimatum-briselu","status":"publish","type":"post","link":"https:\/\/tuzlainfo.ba\/index.php\/bosna-i-hercegovina\/item\/314396-prevoznici-danas-izlaze-na-ulice-sarajeva-najavljena-protestna-voznja-stigao-i-ultimatum-briselu\/","title":{"rendered":"Prevoznici danas izlaze na ulice Sarajeva: Najavljena protestna vo\u017enja, stigao i ultimatum Briselu"},"content":{"rendered":"<p>Prevoznici iz Bosne i Hercegovine danas \u0107e odr\u017eati protest u Sarajevu ispred sjedi\u0161ta Delegacije Evropske unije, a istovremeno \u0107e ulicama glavnog grada biti organizovana i protestna vo\u017enja teretnih vozila.<\/p>\n<p>Iz Konzorcijuma \u201eLogistika\u201c najavili su da \u0107e okupljanje po\u010deti u 11 sati ispred zgrade Parlamentarne skup\u0161tine BiH, nakon \u010dega \u0107e kolona u 11.30 krenuti prema sjedi\u0161tu Delegacije EU.<\/p>\n<p>\u201eProtest \u0107e po\u010deti od 12.00 sati, a paralelno sa tim bi\u0107e organizovana i protestna vo\u017enja teretnih vozila kroz Sarajevo\u201c, rekao je za Srnu \u010dlan Konzorcijuma Nikola Brkovi\u0107.<\/p>\n<p>Prevoznici poru\u010duju da ne\u0107e odustati od zahtjeva da se profesionalni voza\u010di iz zemalja Zapadnog Balkana prilikom boravka u \u0160engen zoni ne tretiraju na isti na\u010din kao turisti ili migranti.<\/p>\n<p>Kako isti\u010du, njihovi voza\u010di u dr\u017eave \u0160engena ne odlaze turisti\u010dki niti privatno, nego zbog obavljanja posla, zbog \u010dega tra\u017ee posebna pravila boravka prilago\u0111ena prirodi njihovog zanimanja.<\/p>\n<p>Protesti su najavljeni i u Srbiji, Crnoj Gori i Sjevernoj Makedoniji, uo\u010di zasjedanja Evropske komisije 1. septembra u Briselu, na kojem bi jedna od glavnih tema trebalo da bude polo\u017eaj profesionalnih voza\u010da sa Zapadnog Balkana.<\/p>\n<p>Brkovi\u0107 je upozorio da bi, ukoliko iz Brisela ne stigne rje\u0161enje koje prevoznici smatraju prihvatljivim, protesti mogli biti dodatno radikalizovani.<\/p>\n<p>\u201eUkoliko se ni\u0161ta ne rije\u0161i 1. septembra i ukoliko dobijemo negativan odgovor iz Brisela, organizova\u0107emo proteste na svim grani\u010dnim prelazima sa EU koji su za sada planirani 14. septembra\u201c, rekao je Brkovi\u0107.<\/p>\n<p>Prevoznici iz BiH, Srbije, Crne Gore i Sjeverne Makedonije o\u010dekuju da Evropska unija prona\u0111e model kojim bi profesionalnim voza\u010dima omogu\u0107ila uslove boravka u \u0160engenu uskla\u0111ene sa specifi\u010dnostima me\u0111unarodnog transporta.<\/p>\n","protected":false},"excerpt":{"rendered":"<p>Prevoznici iz Bosne i Hercegovine danas \u0107e odr\u017eati protest u Sarajevu ispred sjedi\u0161ta Delegacije Evropske unije, a istovremeno \u0107e ulicama glavnog grada biti organizovana i protestna vo\u017enja teretnih vozila. Iz Konzorcijuma \u201eLogistika\u201c najavili su da \u0107e okupljanje po\u010deti u 11 sati ispred zgrade Parlamentarne skup\u0161tine BiH, nakon \u010dega \u0107e kolona u 11.30 krenuti prema sjedi\u0161tu [&hellip;]<\/p>\n","protected":false},"author":8,"featured_media":278960,"comment_status":"closed","ping_status":"closed","sticky":false,"template":"","format":"standard","meta":{"footnotes":""},"categories":[291],"tags":[2728,320],"class_list":["post-314396","post","type-post","status-publish","format-standard","has-post-thumbnail","hentry","category-bosna-i-hercegovina","tag-prevoznici","tag-protesti"],"yoast_head":"<!-- This site is optimized with the Yoast SEO plugin v28.3 - https:\/\/yoast.com\/product\/yoast-seo-wordpress\/ -->\n<title>Prevoznici danas izlaze na ulice Sarajeva: Najavljena protestna vo\u017enja, stigao i ultimatum Briselu<\/title>\n<meta name=\"robots\" content=\"index, follow, max-snippet:-1, max-image-preview:large, max-video-preview:-1\" \/>\n<link rel=\"canonical\" href=\"https:\/\/tuzlainfo.ba\/index.php\/bosna-i-hercegovina\/item\/314396-prevoznici-danas-izlaze-na-ulice-sarajeva-najavljena-protestna-voznja-stigao-i-ultimatum-briselu\/\" \/>\n<meta property=\"og:locale\" content=\"bs_BA\" \/>\n<meta property=\"og:type\" content=\"article\" \/>\n<meta property=\"og:title\" content=\"Prevoznici danas izlaze na ulice Sarajeva: Najavljena protestna vo\u017enja, stigao i ultimatum Briselu\" \/>\n<meta property=\"og:description\" content=\"Prevoznici iz Bosne i Hercegovine danas \u0107e odr\u017eati protest u Sarajevu ispred sjedi\u0161ta Delegacije Evropske unije, a istovremeno \u0107e ulicama glavnog grada biti organizovana i protestna vo\u017enja teretnih vozila. Iz Konzorcijuma \u201eLogistika\u201c najavili su da \u0107e okupljanje po\u010deti u 11 sati ispred zgrade Parlamentarne skup\u0161tine BiH, nakon \u010dega \u0107e kolona u 11.30 krenuti prema sjedi\u0161tu [&hellip;]\" \/>\n<meta property=\"og:url\" content=\"https:\/\/tuzlainfo.ba\/index.php\/bosna-i-hercegovina\/item\/314396-prevoznici-danas-izlaze-na-ulice-sarajeva-najavljena-protestna-voznja-stigao-i-ultimatum-briselu\/\" \/>\n<meta property=\"og:site_name\" content=\"TuzlaInfo.ba\" \/>\n<meta property=\"article:publisher\" content=\"https:\/\/www.facebook.com\/tuzlainfo.ba\/\" \/>\n<meta property=\"article:published_time\" content=\"2026-08-31T08:29:40+00:00\" \/>\n<meta property=\"og:image\" content=\"https:\/\/tuzlainfo.ba\/wp-content\/uploads\/2025\/09\/prevoznici-protest.jpg\" \/>\n\t<meta property=\"og:image:width\" content=\"1440\" \/>\n\t<meta property=\"og:image:height\" content=\"1080\" \/>\n\t<meta property=\"og:image:type\" content=\"image\/jpeg\" \/>\n<meta name=\"author\" content=\"Admin Tri\" \/>\n<meta name=\"twitter:card\" content=\"summary_large_image\" \/>\n<meta name=\"twitter:label1\" content=\"Written by\" \/>\n\t<meta name=\"twitter:data1\" content=\"Admin Tri\" \/>\n\t<meta name=\"twitter:label2\" content=\"Est. reading time\" \/>\n\t<meta name=\"twitter:data2\" content=\"1 minuta\" \/>\n<script type=\"application\/ld+json\" class=\"yoast-schema-graph\">{\"@context\":\"https:\\\/\\\/schema.org\",\"@graph\":[{\"@type\":\"Article\",\"@id\":\"https:\\\/\\\/tuzlainfo.ba\\\/index.php\\\/bosna-i-hercegovina\\\/item\\\/314396-prevoznici-danas-izlaze-na-ulice-sarajeva-najavljena-protestna-voznja-stigao-i-ultimatum-briselu\\\/#article\",\"isPartOf\":{\"@id\":\"https:\\\/\\\/tuzlainfo.ba\\\/index.php\\\/bosna-i-hercegovina\\\/item\\\/314396-prevoznici-danas-izlaze-na-ulice-sarajeva-najavljena-protestna-voznja-stigao-i-ultimatum-briselu\\\/\"},\"author\":{\"name\":\"Admin Tri\",\"@id\":\"https:\\\/\\\/tuzlainfo.ba\\\/#\\\/schema\\\/person\\\/593e78a2f6378c5ba3e7600ecfa4e63a\"},\"headline\":\"Prevoznici danas izlaze na ulice Sarajeva: Najavljena protestna vo\u017enja, stigao i ultimatum Briselu\",\"datePublished\":\"2026-08-31T08:29:40+00:00\",\"mainEntityOfPage\":{\"@id\":\"https:\\\/\\\/tuzlainfo.ba\\\/index.php\\\/bosna-i-hercegovina\\\/item\\\/314396-prevoznici-danas-izlaze-na-ulice-sarajeva-najavljena-protestna-voznja-stigao-i-ultimatum-briselu\\\/\"},\"wordCount\":297,\"publisher\":{\"@id\":\"https:\\\/\\\/tuzlainfo.ba\\\/#organization\"},\"image\":{\"@id\":\"https:\\\/\\\/tuzlainfo.ba\\\/index.php\\\/bosna-i-hercegovina\\\/item\\\/314396-prevoznici-danas-izlaze-na-ulice-sarajeva-najavljena-protestna-voznja-stigao-i-ultimatum-briselu\\\/#primaryimage\"},\"thumbnailUrl\":\"https:\\\/\\\/tuzlainfo.ba\\\/wp-content\\\/uploads\\\/2025\\\/09\\\/prevoznici-protest.jpg\",\"keywords\":[\"prevoznici\",\"protesti\"],\"articleSection\":[\"Bosna i Hercegovina\"],\"inLanguage\":\"bs-BA\",\"copyrightYear\":\"2026\",\"copyrightHolder\":{\"@id\":\"https:\\\/\\\/tuzlainfo.ba\\\/#organization\"}},{\"@type\":\"WebPage\",\"@id\":\"https:\\\/\\\/tuzlainfo.ba\\\/index.php\\\/bosna-i-hercegovina\\\/item\\\/314396-prevoznici-danas-izlaze-na-ulice-sarajeva-najavljena-protestna-voznja-stigao-i-ultimatum-briselu\\\/\",\"url\":\"https:\\\/\\\/tuzlainfo.ba\\\/index.php\\\/bosna-i-hercegovina\\\/item\\\/314396-prevoznici-danas-izlaze-na-ulice-sarajeva-najavljena-protestna-voznja-stigao-i-ultimatum-briselu\\\/\",\"name\":\"Prevoznici danas izlaze na ulice Sarajeva: Najavljena protestna vo\u017enja, stigao i ultimatum Briselu\",\"isPartOf\":{\"@id\":\"https:\\\/\\\/tuzlainfo.ba\\\/#website\"},\"primaryImageOfPage\":{\"@id\":\"https:\\\/\\\/tuzlainfo.ba\\\/index.php\\\/bosna-i-hercegovina\\\/item\\\/314396-prevoznici-danas-izlaze-na-ulice-sarajeva-najavljena-protestna-voznja-stigao-i-ultimatum-briselu\\\/#primaryimage\"},\"image\":{\"@id\":\"https:\\\/\\\/tuzlainfo.ba\\\/index.php\\\/bosna-i-hercegovina\\\/item\\\/314396-prevoznici-danas-izlaze-na-ulice-sarajeva-najavljena-protestna-voznja-stigao-i-ultimatum-briselu\\\/#primaryimage\"},\"thumbnailUrl\":\"https:\\\/\\\/tuzlainfo.ba\\\/wp-content\\\/uploads\\\/2025\\\/09\\\/prevoznici-protest.jpg\",\"datePublished\":\"2026-08-31T08:29:40+00:00\",\"breadcrumb\":{\"@id\":\"https:\\\/\\\/tuzlainfo.ba\\\/index.php\\\/bosna-i-hercegovina\\\/item\\\/314396-prevoznici-danas-izlaze-na-ulice-sarajeva-najavljena-protestna-voznja-stigao-i-ultimatum-briselu\\\/#breadcrumb\"},\"inLanguage\":\"bs-BA\",\"potentialAction\":[{\"@type\":\"ReadAction\",\"target\":[\"https:\\\/\\\/tuzlainfo.ba\\\/index.php\\\/bosna-i-hercegovina\\\/item\\\/314396-prevoznici-danas-izlaze-na-ulice-sarajeva-najavljena-protestna-voznja-stigao-i-ultimatum-briselu\\\/\"]}]},{\"@type\":\"ImageObject\",\"inLanguage\":\"bs-BA\",\"@id\":\"https:\\\/\\\/tuzlainfo.ba\\\/index.php\\\/bosna-i-hercegovina\\\/item\\\/314396-prevoznici-danas-izlaze-na-ulice-sarajeva-najavljena-protestna-voznja-stigao-i-ultimatum-briselu\\\/#primaryimage\",\"url\":\"https:\\\/\\\/tuzlainfo.ba\\\/wp-content\\\/uploads\\\/2025\\\/09\\\/prevoznici-protest.jpg\",\"contentUrl\":\"https:\\\/\\\/tuzlainfo.ba\\\/wp-content\\\/uploads\\\/2025\\\/09\\\/prevoznici-protest.jpg\",\"width\":1440,\"height\":1080},{\"@type\":\"BreadcrumbList\",\"@id\":\"https:\\\/\\\/tuzlainfo.ba\\\/index.php\\\/bosna-i-hercegovina\\\/item\\\/314396-prevoznici-danas-izlaze-na-ulice-sarajeva-najavljena-protestna-voznja-stigao-i-ultimatum-briselu\\\/#breadcrumb\",\"itemListElement\":[{\"@type\":\"ListItem\",\"position\":1,\"name\":\"Home\",\"item\":\"https:\\\/\\\/tuzlainfo.ba\\\/\"},{\"@type\":\"ListItem\",\"position\":2,\"name\":\"Prevoznici danas izlaze na ulice Sarajeva: Najavljena protestna vo\u017enja, stigao i ultimatum Briselu\"}]},{\"@type\":\"WebSite\",\"@id\":\"https:\\\/\\\/tuzlainfo.ba\\\/#website\",\"url\":\"https:\\\/\\\/tuzlainfo.ba\\\/\",\"name\":\"TuzlaInfo.ba\",\"description\":\"Tuzla info, gradski informator - Tuzla na dlanu\",\"publisher\":{\"@id\":\"https:\\\/\\\/tuzlainfo.ba\\\/#organization\"},\"potentialAction\":[{\"@type\":\"SearchAction\",\"target\":{\"@type\":\"EntryPoint\",\"urlTemplate\":\"https:\\\/\\\/tuzlainfo.ba\\\/?s={search_term_string}\"},\"query-input\":{\"@type\":\"PropertyValueSpecification\",\"valueRequired\":true,\"valueName\":\"search_term_string\"}}],\"inLanguage\":\"bs-BA\"},{\"@type\":\"Organization\",\"@id\":\"https:\\\/\\\/tuzlainfo.ba\\\/#organization\",\"name\":\"TuzlaInfo.ba\",\"url\":\"https:\\\/\\\/tuzlainfo.ba\\\/\",\"logo\":{\"@type\":\"ImageObject\",\"inLanguage\":\"bs-BA\",\"@id\":\"https:\\\/\\\/tuzlainfo.ba\\\/#\\\/schema\\\/logo\\\/image\\\/\",\"url\":\"https:\\\/\\\/tuzlainfo.ba\\\/wp-content\\\/uploads\\\/2021\\\/03\\\/logo-ver-3-1.png\",\"contentUrl\":\"https:\\\/\\\/tuzlainfo.ba\\\/wp-content\\\/uploads\\\/2021\\\/03\\\/logo-ver-3-1.png\",\"width\":350,\"height\":95,\"caption\":\"TuzlaInfo.ba\"},\"image\":{\"@id\":\"https:\\\/\\\/tuzlainfo.ba\\\/#\\\/schema\\\/logo\\\/image\\\/\"},\"sameAs\":[\"https:\\\/\\\/www.facebook.com\\\/tuzlainfo.ba\\\/\"]},{\"@type\":\"Person\",\"@id\":\"https:\\\/\\\/tuzlainfo.ba\\\/#\\\/schema\\\/person\\\/593e78a2f6378c5ba3e7600ecfa4e63a\",\"name\":\"Admin Tri\",\"image\":{\"@type\":\"ImageObject\",\"inLanguage\":\"bs-BA\",\"@id\":\"https:\\\/\\\/secure.gravatar.com\\\/avatar\\\/b53a7f47acc7a09467757d8b2234cc38fa334b13599376e53104c0036b528ca1?s=96&d=mm&r=g\",\"url\":\"https:\\\/\\\/secure.gravatar.com\\\/avatar\\\/b53a7f47acc7a09467757d8b2234cc38fa334b13599376e53104c0036b528ca1?s=96&d=mm&r=g\",\"contentUrl\":\"https:\\\/\\\/secure.gravatar.com\\\/avatar\\\/b53a7f47acc7a09467757d8b2234cc38fa334b13599376e53104c0036b528ca1?s=96&d=mm&r=g\",\"caption\":\"Admin Tri\"},\"sameAs\":[\"https:\\\/\\\/tuzlainfo.ba\"]}]}<\/script>\n<!-- \/ Yoast SEO plugin. -->","yoast_head_json":{"title":"Prevoznici danas izlaze na ulice Sarajeva: Najavljena protestna vo\u017enja, stigao i ultimatum Briselu","robots":{"index":"index","follow":"follow","max-snippet":"max-snippet:-1","max-image-preview":"max-image-preview:large","max-video-preview":"max-video-preview:-1"},"canonical":"https:\/\/tuzlainfo.ba\/index.php\/bosna-i-hercegovina\/item\/314396-prevoznici-danas-izlaze-na-ulice-sarajeva-najavljena-protestna-voznja-stigao-i-ultimatum-briselu\/","og_locale":"bs_BA","og_type":"article","og_title":"Prevoznici danas izlaze na ulice Sarajeva: Najavljena protestna vo\u017enja, stigao i ultimatum Briselu","og_description":"Prevoznici iz Bosne i Hercegovine danas \u0107e odr\u017eati protest u Sarajevu ispred sjedi\u0161ta Delegacije Evropske unije, a istovremeno \u0107e ulicama glavnog grada biti organizovana i protestna vo\u017enja teretnih vozila. Iz Konzorcijuma \u201eLogistika\u201c najavili su da \u0107e okupljanje po\u010deti u 11 sati ispred zgrade Parlamentarne skup\u0161tine BiH, nakon \u010dega \u0107e kolona u 11.30 krenuti prema sjedi\u0161tu [&hellip;]","og_url":"https:\/\/tuzlainfo.ba\/index.php\/bosna-i-hercegovina\/item\/314396-prevoznici-danas-izlaze-na-ulice-sarajeva-najavljena-protestna-voznja-stigao-i-ultimatum-briselu\/","og_site_name":"TuzlaInfo.ba","article_publisher":"https:\/\/www.facebook.com\/tuzlainfo.ba\/","article_published_time":"2026-08-31T08:29:40+00:00","og_image":[{"width":1440,"height":1080,"url":"https:\/\/tuzlainfo.ba\/wp-content\/uploads\/2025\/09\/prevoznici-protest.jpg","type":"image\/jpeg"}],"author":"Admin Tri","twitter_card":"summary_large_image","twitter_misc":{"Written by":"Admin Tri","Est. reading time":"1 minuta"},"schema":{"@context":"https:\/\/schema.org","@graph":[{"@type":"Article","@id":"https:\/\/tuzlainfo.ba\/index.php\/bosna-i-hercegovina\/item\/314396-prevoznici-danas-izlaze-na-ulice-sarajeva-najavljena-protestna-voznja-stigao-i-ultimatum-briselu\/#article","isPartOf":{"@id":"https:\/\/tuzlainfo.ba\/index.php\/bosna-i-hercegovina\/item\/314396-prevoznici-danas-izlaze-na-ulice-sarajeva-najavljena-protestna-voznja-stigao-i-ultimatum-briselu\/"},"author":{"name":"Admin Tri","@id":"https:\/\/tuzlainfo.ba\/#\/schema\/person\/593e78a2f6378c5ba3e7600ecfa4e63a"},"headline":"Prevoznici danas izlaze na ulice Sarajeva: Najavljena protestna vo\u017enja, stigao i ultimatum Briselu","datePublished":"2026-08-31T08:29:40+00:00","mainEntityOfPage":{"@id":"https:\/\/tuzlainfo.ba\/index.php\/bosna-i-hercegovina\/item\/314396-prevoznici-danas-izlaze-na-ulice-sarajeva-najavljena-protestna-voznja-stigao-i-ultimatum-briselu\/"},"wordCount":297,"publisher":{"@id":"https:\/\/tuzlainfo.ba\/#organization"},"image":{"@id":"https:\/\/tuzlainfo.ba\/index.php\/bosna-i-hercegovina\/item\/314396-prevoznici-danas-izlaze-na-ulice-sarajeva-najavljena-protestna-voznja-stigao-i-ultimatum-briselu\/#primaryimage"},"thumbnailUrl":"https:\/\/tuzlainfo.ba\/wp-content\/uploads\/2025\/09\/prevoznici-protest.jpg","keywords":["prevoznici","protesti"],"articleSection":["Bosna i Hercegovina"],"inLanguage":"bs-BA","copyrightYear":"2026","copyrightHolder":{"@id":"https:\/\/tuzlainfo.ba\/#organization"}},{"@type":"WebPage","@id":"https:\/\/tuzlainfo.ba\/index.php\/bosna-i-hercegovina\/item\/314396-prevoznici-danas-izlaze-na-ulice-sarajeva-najavljena-protestna-voznja-stigao-i-ultimatum-briselu\/","url":"https:\/\/tuzlainfo.ba\/index.php\/bosna-i-hercegovina\/item\/314396-prevoznici-danas-izlaze-na-ulice-sarajeva-najavljena-protestna-voznja-stigao-i-ultimatum-briselu\/","name":"Prevoznici danas izlaze na ulice Sarajeva: Najavljena protestna vo\u017enja, stigao i ultimatum Briselu","isPartOf":{"@id":"https:\/\/tuzlainfo.ba\/#website"},"primaryImageOfPage":{"@id":"https:\/\/tuzlainfo.ba\/index.php\/bosna-i-hercegovina\/item\/314396-prevoznici-danas-izlaze-na-ulice-sarajeva-najavljena-protestna-voznja-stigao-i-ultimatum-briselu\/#primaryimage"},"image":{"@id":"https:\/\/tuzlainfo.ba\/index.php\/bosna-i-hercegovina\/item\/314396-prevoznici-danas-izlaze-na-ulice-sarajeva-najavljena-protestna-voznja-stigao-i-ultimatum-briselu\/#primaryimage"},"thumbnailUrl":"https:\/\/tuzlainfo.ba\/wp-content\/uploads\/2025\/09\/prevoznici-protest.jpg","datePublished":"2026-08-31T08:29:40+00:00","breadcrumb":{"@id":"https:\/\/tuzlainfo.ba\/index.php\/bosna-i-hercegovina\/item\/314396-prevoznici-danas-izlaze-na-ulice-sarajeva-najavljena-protestna-voznja-stigao-i-ultimatum-briselu\/#breadcrumb"},"inLanguage":"bs-BA","potentialAction":[{"@type":"ReadAction","target":["https:\/\/tuzlainfo.ba\/index.php\/bosna-i-hercegovina\/item\/314396-prevoznici-danas-izlaze-na-ulice-sarajeva-najavljena-protestna-voznja-stigao-i-ultimatum-briselu\/"]}]},{"@type":"ImageObject","inLanguage":"bs-BA","@id":"https:\/\/tuzlainfo.ba\/index.php\/bosna-i-hercegovina\/item\/314396-prevoznici-danas-izlaze-na-ulice-sarajeva-najavljena-protestna-voznja-stigao-i-ultimatum-briselu\/#primaryimage","url":"https:\/\/tuzlainfo.ba\/wp-content\/uploads\/2025\/09\/prevoznici-protest.jpg","contentUrl":"https:\/\/tuzlainfo.ba\/wp-content\/uploads\/2025\/09\/prevoznici-protest.jpg","width":1440,"height":1080},{"@type":"BreadcrumbList","@id":"https:\/\/tuzlainfo.ba\/index.php\/bosna-i-hercegovina\/item\/314396-prevoznici-danas-izlaze-na-ulice-sarajeva-najavljena-protestna-voznja-stigao-i-ultimatum-briselu\/#breadcrumb","itemListElement":[{"@type":"ListItem","position":1,"name":"Home","item":"https:\/\/tuzlainfo.ba\/"},{"@type":"ListItem","position":2,"name":"Prevoznici danas izlaze na ulice Sarajeva: Najavljena protestna vo\u017enja, stigao i ultimatum Briselu"}]},{"@type":"WebSite","@id":"https:\/\/tuzlainfo.ba\/#website","url":"https:\/\/tuzlainfo.ba\/","name":"TuzlaInfo.ba","description":"Tuzla info, gradski informator - Tuzla na dlanu","publisher":{"@id":"https:\/\/tuzlainfo.ba\/#organization"},"potentialAction":[{"@type":"SearchAction","target":{"@type":"EntryPoint","urlTemplate":"https:\/\/tuzlainfo.ba\/?s={search_term_string}"},"query-input":{"@type":"PropertyValueSpecification","valueRequired":true,"valueName":"search_term_string"}}],"inLanguage":"bs-BA"},{"@type":"Organization","@id":"https:\/\/tuzlainfo.ba\/#organization","name":"TuzlaInfo.ba","url":"https:\/\/tuzlainfo.ba\/","logo":{"@type":"ImageObject","inLanguage":"bs-BA","@id":"https:\/\/tuzlainfo.ba\/#\/schema\/logo\/image\/","url":"https:\/\/tuzlainfo.ba\/wp-content\/uploads\/2021\/03\/logo-ver-3-1.png","contentUrl":"https:\/\/tuzlainfo.ba\/wp-content\/uploads\/2021\/03\/logo-ver-3-1.png","width":350,"height":95,"caption":"TuzlaInfo.ba"},"image":{"@id":"https:\/\/tuzlainfo.ba\/#\/schema\/logo\/image\/"},"sameAs":["https:\/\/www.facebook.com\/tuzlainfo.ba\/"]},{"@type":"Person","@id":"https:\/\/tuzlainfo.ba\/#\/schema\/person\/593e78a2f6378c5ba3e7600ecfa4e63a","name":"Admin Tri","image":{"@type":"ImageObject","inLanguage":"bs-BA","@id":"https:\/\/secure.gravatar.com\/avatar\/b53a7f47acc7a09467757d8b2234cc38fa334b13599376e53104c0036b528ca1?s=96&d=mm&r=g","url":"https:\/\/secure.gravatar.com\/avatar\/b53a7f47acc7a09467757d8b2234cc38fa334b13599376e53104c0036b528ca1?s=96&d=mm&r=g","contentUrl":"https:\/\/secure.gravatar.com\/avatar\/b53a7f47acc7a09467757d8b2234cc38fa334b13599376e53104c0036b528ca1?s=96&d=mm&r=g","caption":"Admin Tri"},"sameAs":["https:\/\/tuzlainfo.ba"]}]}},"_links":{"self":[{"href":"https:\/\/tuzlainfo.ba\/index.php\/wp-json\/wp\/v2\/posts\/314396","targetHints":{"allow":["GET"]}}],"collection":[{"href":"https:\/\/tuzlainfo.ba\/index.php\/wp-json\/wp\/v2\/posts"}],"about":[{"href":"https:\/\/tuzlainfo.ba\/index.php\/wp-json\/wp\/v2\/types\/post"}],"author":[{"embeddable":true,"href":"https:\/\/tuzlainfo.ba\/index.php\/wp-json\/wp\/v2\/users\/8"}],"replies":[{"embeddable":true,"href":"https:\/\/tuzlainfo.ba\/index.php\/wp-json\/wp\/v2\/comments?post=314396"}],"version-history":[{"count":1,"href":"https:\/\/tuzlainfo.ba\/index.php\/wp-json\/wp\/v2\/posts\/314396\/revisions"}],"predecessor-version":[{"id":314397,"href":"https:\/\/tuzlainfo.ba\/index.php\/wp-json\/wp\/v2\/posts\/314396\/revisions\/314397"}],"wp:featuredmedia":[{"embeddable":true,"href":"https:\/\/tuzlainfo.ba\/index.php\/wp-json\/wp\/v2\/media\/278960"}],"wp:attachment":[{"href":"https:\/\/tuzlainfo.ba\/index.php\/wp-json\/wp\/v2\/media?parent=314396"}],"wp:term":[{"taxonomy":"category","embeddable":true,"href":"https:\/\/tuzlainfo.ba\/index.php\/wp-json\/wp\/v2\/categories?post=314396"},{"taxonomy":"post_tag","embeddable":true,"href":"https:\/\/tuzlainfo.ba\/index.php\/wp-json\/wp\/v2\/tags?post=314396"}],"curies":[{"name":"wp","href":"https:\/\/api.w.org\/{rel}","templated":true}]}}