{"id":314388,"date":"2026-08-31T10:01:38","date_gmt":"2026-08-31T08:01:38","guid":{"rendered":"https:\/\/tuzlainfo.ba\/?p=314388"},"modified":"2026-08-31T10:02:31","modified_gmt":"2026-08-31T08:02:31","slug":"sutra-pocinje-nastava-u-tk-evo-kada-su-raspust-neradni-dani-i-zavrsetak-skolske-godine","status":"publish","type":"post","link":"https:\/\/tuzlainfo.ba\/index.php\/novosti\/item\/314388-sutra-pocinje-nastava-u-tk-evo-kada-su-raspust-neradni-dani-i-zavrsetak-skolske-godine\/","title":{"rendered":"Sutra po\u010dinje nastava u TK: Evo kada su raspust, neradni dani i zavr\u0161etak \u0161kolske godine"},"content":{"rendered":"<p class=\"PDq2pG_selectionAnchorContainer\" data-start=\"129\" data-end=\"462\">Za u\u010denike osnovnih i srednjih \u0161kola u Tuzlanskom kantonu <strong data-start=\"187\" data-end=\"256\">sutra, 1. septembra, po\u010dinje nastava u \u0161kolskoj 2026\/2027. godini<\/strong>. Ministarstvo obrazovanja i nauke TK utvrdilo je \u0161kolski kalendar kojim su precizirani termini nastave, zimskog odmora, zavr\u0161etka nastave za maturante i ostale u\u010denike, kao i praznici i drugi neradni dani.<\/p>\n<p data-start=\"464\" data-end=\"821\">Prema \u0160kolskom kalendaru, koji je portalu Tuzlainfo.ba ranije dostavljen na upit nadle\u017enim institucijama, \u0161kolska 2026\/2027. godina formalno traje od 1. septembra 2026. do 31. augusta 2027. godine. Nastava \u0107e biti organizovana u dva polugodi\u0161ta i trajat \u0107e 185 radnih dana, dok je za realizaciju nastavnih programskih sadr\u017eaja predvi\u0111eno 175 nastavnih dana.<\/p>\n<h3 data-section-id=\"1lqndwl\" data-start=\"823\" data-end=\"867\">Prvo polugodi\u0161te traje do kraja decembra<\/h3>\n<p data-start=\"869\" data-end=\"991\">Prvo \u0161kolsko zvono u novoj \u0161kolskoj godini oglasit \u0107e se <strong data-start=\"926\" data-end=\"959\">sutra, u utorak, 1. septembra<\/strong>, kada po\u010dinje prvo polugodi\u0161te.<\/p>\n<p data-start=\"993\" data-end=\"1117\">Nastava u prvom polugodi\u0161tu trajat \u0107e do posljednjeg radnog dana u decembru, odnosno do \u010detvrtka, 31. decembra 2026. godine.<\/p>\n<p data-start=\"1119\" data-end=\"1353\">Nakon toga slijedi \u010detverosedmi\u010dni zimski odmor. U\u010denici \u0107e na raspustu biti od petka, 1. januara, do \u010detvrtka, 28. januara 2027. godine, dok je povratak u \u0161kolske klupe i po\u010detak drugog polugodi\u0161ta planiran za <strong data-start=\"1330\" data-end=\"1352\">petak, 29. januara<\/strong>.<\/p>\n<p data-start=\"1355\" data-end=\"1485\">Za ve\u0107inu u\u010denika nastava \u0107e trajati najkasnije do petka, 18. juna 2027. godine, dok drugo polugodi\u0161te formalno traje do 30. juna.<\/p>\n<h3 data-section-id=\"5a48qs\" data-start=\"1487\" data-end=\"1530\">Maturanti zavr\u0161avaju nastavu ve\u0107 u maju<\/h3>\n<p data-start=\"1532\" data-end=\"1593\">Pojedine kategorije u\u010denika \u0161kolsku godinu zavr\u0161avaju ranije.<\/p>\n<p data-start=\"1595\" data-end=\"1761\">Za u\u010denike prvih razreda osnovnih \u0161kola nastava \u0107e trajati najkasnije do 11. juna, dok u\u010denici zavr\u0161nih razreda osnovnih \u0161kola nastavu zavr\u0161avaju najkasnije 28. maja.<\/p>\n<p data-start=\"1763\" data-end=\"1864\"><strong data-start=\"1763\" data-end=\"1864\">Maturanti srednjih \u0161kola posljednje nastavne obaveze zavr\u0161avaju najkasnije 14. maja 2027. godine.<\/strong><\/p>\n<p data-start=\"1866\" data-end=\"2047\">Za zavr\u0161ne razrede osnovnih \u0161kola predvi\u0111eno je 170 radnih, odnosno 160 nastavnih dana. Nastava u zavr\u0161nim razredima srednjih \u0161kola traje 160 radnih dana, od kojih je 150 nastavnih.<\/p>\n<h3 data-section-id=\"ldzuki\" data-start=\"2049\" data-end=\"2076\">Praznici i neradni dani<\/h3>\n<p data-start=\"2078\" data-end=\"2230\">Tokom \u0161kolske godine nastave ne\u0107e biti za me\u0111unarodne praznike \u2013 1. i 2. januara povodom Nove godine te 1. i 2. maja povodom Me\u0111unarodnog praznika rada.<\/p>\n<p data-start=\"2232\" data-end=\"2367\">Neradni su i dr\u017eavni praznici, <strong data-start=\"2263\" data-end=\"2314\">Dan dr\u017eavnosti Bosne i Hercegovine 25. novembra<\/strong> i <strong data-start=\"2317\" data-end=\"2366\">Dan nezavisnosti Bosne i Hercegovine 1. marta<\/strong>.<\/p>\n<p data-start=\"2369\" data-end=\"2715\">\u0160kolski kalendar defini\u0161e i organizovanje nastave tokom vjerskih praznika. \u0160kola ne radi jedan dan za vrijeme vjerskog praznika ukoliko je poha\u0111a vi\u0161e od 50 posto u\u010denika iste nacionalnosti. U\u010denici i zaposlenici koji obilje\u017eavaju vjerski praznik imaju pravo na opravdano odsustvo jedan dan i u slu\u010dajevima kada \u0161kola tog dana organizuje nastavu.<\/p>\n<p data-start=\"2717\" data-end=\"2940\">U kalendaru su navedeni katoli\u010dki Bo\u017ei\u0107 25. decembra 2026. i pravoslavni Bo\u017ei\u0107 7. januara 2027. godine, te Ramazanski bajram 9. marta, Uskrs 29. marta, Pesah 21. aprila, Vaskrs 2. maja i Kurban-bajram 17. maja 2027. godine.<\/p>\n<h3 data-section-id=\"b9vvvn\" data-start=\"2942\" data-end=\"2987\">Svjetski dan u\u010ditelja bez redovne nastave<\/h3>\n<p data-start=\"2989\" data-end=\"3085\">Posebno je odre\u0111eno da \u0107e <strong data-start=\"3015\" data-end=\"3084\">5. oktobar, Svjetski dan u\u010ditelja, biti radni, ali nenastavni dan<\/strong>.<\/p>\n<p data-start=\"3087\" data-end=\"3215\">Dan \u0161kole, sajam knjige, sportski dan i obilje\u017eavanje drugih zna\u010dajnih datuma tako\u0111er se evidentiraju kao radni nenastavni dani.<\/p>\n<p data-start=\"3217\" data-end=\"3430\">\u0160kole \u0107e svojim godi\u0161njim programima dodatno planirati termine Dana \u0161kole, izleta i ekskurzija, sjednica nastavni\u010dkih, profesorskih, odjeljenskih i razrednih vije\u0107a, kao i posjeta, priredbi i drugih manifestacija.<\/p>\n<p data-start=\"3432\" data-end=\"3656\">Kalendar ostavlja mogu\u0107nost da \u0161kole, prema potrebi, u okviru jedne radne subote tokom mjeseca organizuju dodatnu i dopunsku nastavu, rad sekcija i u\u010deni\u010dkih organizacija te nadoknadu nastave u skladu s odlukom Ministarstva.<\/p>\n<p data-start=\"3658\" data-end=\"3851\">Ukoliko tokom \u0161kolske godine ne bude realizovan propisani nastavni plan i program, odnosno godi\u0161nji fond nastavnih \u010dasova, \u0161kole su du\u017ene produ\u017eiti nastavu dok predvi\u0111eni fond ne bude ostvaren.<\/p>\n<h3 data-section-id=\"1mc71bo\" data-start=\"3853\" data-end=\"3900\">Najva\u017eniji datumi \u0161kolske 2026\/2027. godine<\/h3>\n<ul data-start=\"3902\" data-end=\"4531\">\n<li data-section-id=\"1t8my9g\" data-start=\"3902\" data-end=\"3944\"><strong data-start=\"3904\" data-end=\"3926\">1. septembar 2026.<\/strong> \u2013 po\u010detak nastave<\/li>\n<li data-section-id=\"h6b40a\" data-start=\"3945\" data-end=\"3999\"><strong data-start=\"3947\" data-end=\"3969\">31. decembar 2026.<\/strong> \u2013 zavr\u0161etak prvog polugodi\u0161ta<\/li>\n<li data-section-id=\"r50zdv\" data-start=\"4000\" data-end=\"4039\"><strong data-start=\"4002\" data-end=\"4024\">1\u201328. januar 2027.<\/strong> \u2013 zimski odmor<\/li>\n<li data-section-id=\"nnzyfa\" data-start=\"4040\" data-end=\"4091\"><strong data-start=\"4042\" data-end=\"4062\">29. januar 2027.<\/strong> \u2013 po\u010detak drugog polugodi\u0161ta<\/li>\n<li data-section-id=\"i9pkn2\" data-start=\"4092\" data-end=\"4171\"><strong data-start=\"4094\" data-end=\"4111\">14. maj 2027.<\/strong> \u2013 krajnji rok zavr\u0161etka nastave za maturante srednjih \u0161kola<\/li>\n<li data-section-id=\"15yq87v\" data-start=\"4172\" data-end=\"4257\"><strong data-start=\"4174\" data-end=\"4191\">28. maj 2027.<\/strong> \u2013 krajnji rok zavr\u0161etka nastave za zavr\u0161ne razrede osnovnih \u0161kola<\/li>\n<li data-section-id=\"824qq3\" data-start=\"4258\" data-end=\"4341\"><strong data-start=\"4260\" data-end=\"4278\">11. juni 2027.<\/strong> \u2013 krajnji rok zavr\u0161etka nastave za prve razrede osnovnih \u0161kola<\/li>\n<li data-section-id=\"17xgo9h\" data-start=\"4342\" data-end=\"4420\"><strong data-start=\"4344\" data-end=\"4362\">18. juni 2027.<\/strong> \u2013 krajnji rok zavr\u0161etka redovne nastave za ostale u\u010denike<\/li>\n<li data-section-id=\"138g9nd\" data-start=\"4421\" data-end=\"4472\"><strong data-start=\"4423\" data-end=\"4441\">30. juni 2027.<\/strong> \u2013 zavr\u0161etak drugog polugodi\u0161ta<\/li>\n<li data-section-id=\"bhlla4\" data-start=\"4473\" data-end=\"4531\"><strong data-start=\"4475\" data-end=\"4495\">31. august 2027.<\/strong> \u2013 formalni zavr\u0161etak \u0161kolske godine.<\/li>\n<\/ul>\n<p><strong>\/Tuzlainfo.ba\/<\/strong><\/p>\n","protected":false},"excerpt":{"rendered":"<p>Za u\u010denike osnovnih i srednjih \u0161kola u Tuzlanskom kantonu sutra, 1. septembra, po\u010dinje nastava u \u0161kolskoj 2026\/2027. godini. Ministarstvo obrazovanja i nauke TK utvrdilo je \u0161kolski kalendar kojim su precizirani termini nastave, zimskog odmora, zavr\u0161etka nastave za maturante i ostale u\u010denike, kao i praznici i drugi neradni dani. Prema \u0160kolskom kalendaru, koji je portalu Tuzlainfo.ba [&hellip;]<\/p>\n","protected":false},"author":2,"featured_media":297408,"comment_status":"closed","ping_status":"closed","sticky":false,"template":"","format":"standard","meta":{"footnotes":""},"categories":[304,12],"tags":[2232],"class_list":["post-314388","post","type-post","status-publish","format-standard","has-post-thumbnail","hentry","category-istaknuto","category-novosti","tag-nova-skolska-godina"],"yoast_head":"<!-- This site is optimized with the Yoast SEO plugin v28.3 - https:\/\/yoast.com\/product\/yoast-seo-wordpress\/ -->\n<title>Sutra po\u010dinje nastava u TK: Evo kada su raspust, neradni dani i zavr\u0161etak \u0161kolske godine<\/title>\n<meta name=\"robots\" content=\"index, follow, max-snippet:-1, max-image-preview:large, max-video-preview:-1\" \/>\n<link rel=\"canonical\" href=\"https:\/\/tuzlainfo.ba\/index.php\/novosti\/item\/314388-sutra-pocinje-nastava-u-tk-evo-kada-su-raspust-neradni-dani-i-zavrsetak-skolske-godine\/\" \/>\n<meta property=\"og:locale\" content=\"bs_BA\" \/>\n<meta property=\"og:type\" content=\"article\" \/>\n<meta property=\"og:title\" content=\"Sutra po\u010dinje nastava u TK: Evo kada su raspust, neradni dani i zavr\u0161etak \u0161kolske godine\" \/>\n<meta property=\"og:description\" content=\"Za u\u010denike osnovnih i srednjih \u0161kola u Tuzlanskom kantonu sutra, 1. septembra, po\u010dinje nastava u \u0161kolskoj 2026\/2027. godini. Ministarstvo obrazovanja i nauke TK utvrdilo je \u0161kolski kalendar kojim su precizirani termini nastave, zimskog odmora, zavr\u0161etka nastave za maturante i ostale u\u010denike, kao i praznici i drugi neradni dani. Prema \u0160kolskom kalendaru, koji je portalu Tuzlainfo.ba [&hellip;]\" \/>\n<meta property=\"og:url\" content=\"https:\/\/tuzlainfo.ba\/index.php\/novosti\/item\/314388-sutra-pocinje-nastava-u-tk-evo-kada-su-raspust-neradni-dani-i-zavrsetak-skolske-godine\/\" \/>\n<meta property=\"og:site_name\" content=\"TuzlaInfo.ba\" \/>\n<meta property=\"article:publisher\" content=\"https:\/\/www.facebook.com\/tuzlainfo.ba\/\" \/>\n<meta property=\"article:published_time\" content=\"2026-08-31T08:01:38+00:00\" \/>\n<meta property=\"article:modified_time\" content=\"2026-08-31T08:02:31+00:00\" \/>\n<meta property=\"og:image\" content=\"https:\/\/tuzlainfo.ba\/wp-content\/uploads\/2026\/03\/1603_razred_skola_nastava.jpg\" \/>\n\t<meta property=\"og:image:width\" content=\"1000\" \/>\n\t<meta property=\"og:image:height\" content=\"619\" \/>\n\t<meta property=\"og:image:type\" content=\"image\/jpeg\" \/>\n<meta name=\"author\" content=\"nedim\" \/>\n<meta name=\"twitter:card\" content=\"summary_large_image\" \/>\n<meta name=\"twitter:label1\" content=\"Written by\" \/>\n\t<meta name=\"twitter:data1\" content=\"nedim\" \/>\n\t<meta name=\"twitter:label2\" content=\"Est. reading time\" \/>\n\t<meta name=\"twitter:data2\" content=\"4 minute\" \/>\n<script type=\"application\/ld+json\" class=\"yoast-schema-graph\">{\"@context\":\"https:\\\/\\\/schema.org\",\"@graph\":[{\"@type\":\"Article\",\"@id\":\"https:\\\/\\\/tuzlainfo.ba\\\/index.php\\\/novosti\\\/item\\\/314388-sutra-pocinje-nastava-u-tk-evo-kada-su-raspust-neradni-dani-i-zavrsetak-skolske-godine\\\/#article\",\"isPartOf\":{\"@id\":\"https:\\\/\\\/tuzlainfo.ba\\\/index.php\\\/novosti\\\/item\\\/314388-sutra-pocinje-nastava-u-tk-evo-kada-su-raspust-neradni-dani-i-zavrsetak-skolske-godine\\\/\"},\"author\":{\"name\":\"nedim\",\"@id\":\"https:\\\/\\\/tuzlainfo.ba\\\/#\\\/schema\\\/person\\\/f434e20dc27ea133923aab08451b7f7f\"},\"headline\":\"Sutra po\u010dinje nastava u TK: Evo kada su raspust, neradni dani i zavr\u0161etak \u0161kolske godine\",\"datePublished\":\"2026-08-31T08:01:38+00:00\",\"dateModified\":\"2026-08-31T08:02:31+00:00\",\"mainEntityOfPage\":{\"@id\":\"https:\\\/\\\/tuzlainfo.ba\\\/index.php\\\/novosti\\\/item\\\/314388-sutra-pocinje-nastava-u-tk-evo-kada-su-raspust-neradni-dani-i-zavrsetak-skolske-godine\\\/\"},\"wordCount\":655,\"publisher\":{\"@id\":\"https:\\\/\\\/tuzlainfo.ba\\\/#organization\"},\"image\":{\"@id\":\"https:\\\/\\\/tuzlainfo.ba\\\/index.php\\\/novosti\\\/item\\\/314388-sutra-pocinje-nastava-u-tk-evo-kada-su-raspust-neradni-dani-i-zavrsetak-skolske-godine\\\/#primaryimage\"},\"thumbnailUrl\":\"https:\\\/\\\/tuzlainfo.ba\\\/wp-content\\\/uploads\\\/2026\\\/03\\\/1603_razred_skola_nastava.jpg\",\"keywords\":[\"nova \u0161kolska godina\"],\"articleSection\":[\"Istaknuto\",\"Novosti\"],\"inLanguage\":\"bs-BA\",\"copyrightYear\":\"2026\",\"copyrightHolder\":{\"@id\":\"https:\\\/\\\/tuzlainfo.ba\\\/#organization\"}},{\"@type\":\"WebPage\",\"@id\":\"https:\\\/\\\/tuzlainfo.ba\\\/index.php\\\/novosti\\\/item\\\/314388-sutra-pocinje-nastava-u-tk-evo-kada-su-raspust-neradni-dani-i-zavrsetak-skolske-godine\\\/\",\"url\":\"https:\\\/\\\/tuzlainfo.ba\\\/index.php\\\/novosti\\\/item\\\/314388-sutra-pocinje-nastava-u-tk-evo-kada-su-raspust-neradni-dani-i-zavrsetak-skolske-godine\\\/\",\"name\":\"Sutra po\u010dinje nastava u TK: Evo kada su raspust, neradni dani i zavr\u0161etak \u0161kolske godine\",\"isPartOf\":{\"@id\":\"https:\\\/\\\/tuzlainfo.ba\\\/#website\"},\"primaryImageOfPage\":{\"@id\":\"https:\\\/\\\/tuzlainfo.ba\\\/index.php\\\/novosti\\\/item\\\/314388-sutra-pocinje-nastava-u-tk-evo-kada-su-raspust-neradni-dani-i-zavrsetak-skolske-godine\\\/#primaryimage\"},\"image\":{\"@id\":\"https:\\\/\\\/tuzlainfo.ba\\\/index.php\\\/novosti\\\/item\\\/314388-sutra-pocinje-nastava-u-tk-evo-kada-su-raspust-neradni-dani-i-zavrsetak-skolske-godine\\\/#primaryimage\"},\"thumbnailUrl\":\"https:\\\/\\\/tuzlainfo.ba\\\/wp-content\\\/uploads\\\/2026\\\/03\\\/1603_razred_skola_nastava.jpg\",\"datePublished\":\"2026-08-31T08:01:38+00:00\",\"dateModified\":\"2026-08-31T08:02:31+00:00\",\"breadcrumb\":{\"@id\":\"https:\\\/\\\/tuzlainfo.ba\\\/index.php\\\/novosti\\\/item\\\/314388-sutra-pocinje-nastava-u-tk-evo-kada-su-raspust-neradni-dani-i-zavrsetak-skolske-godine\\\/#breadcrumb\"},\"inLanguage\":\"bs-BA\",\"potentialAction\":[{\"@type\":\"ReadAction\",\"target\":[\"https:\\\/\\\/tuzlainfo.ba\\\/index.php\\\/novosti\\\/item\\\/314388-sutra-pocinje-nastava-u-tk-evo-kada-su-raspust-neradni-dani-i-zavrsetak-skolske-godine\\\/\"]}]},{\"@type\":\"ImageObject\",\"inLanguage\":\"bs-BA\",\"@id\":\"https:\\\/\\\/tuzlainfo.ba\\\/index.php\\\/novosti\\\/item\\\/314388-sutra-pocinje-nastava-u-tk-evo-kada-su-raspust-neradni-dani-i-zavrsetak-skolske-godine\\\/#primaryimage\",\"url\":\"https:\\\/\\\/tuzlainfo.ba\\\/wp-content\\\/uploads\\\/2026\\\/03\\\/1603_razred_skola_nastava.jpg\",\"contentUrl\":\"https:\\\/\\\/tuzlainfo.ba\\\/wp-content\\\/uploads\\\/2026\\\/03\\\/1603_razred_skola_nastava.jpg\",\"width\":1000,\"height\":619},{\"@type\":\"BreadcrumbList\",\"@id\":\"https:\\\/\\\/tuzlainfo.ba\\\/index.php\\\/novosti\\\/item\\\/314388-sutra-pocinje-nastava-u-tk-evo-kada-su-raspust-neradni-dani-i-zavrsetak-skolske-godine\\\/#breadcrumb\",\"itemListElement\":[{\"@type\":\"ListItem\",\"position\":1,\"name\":\"Home\",\"item\":\"https:\\\/\\\/tuzlainfo.ba\\\/\"},{\"@type\":\"ListItem\",\"position\":2,\"name\":\"Sutra po\u010dinje nastava u TK: Evo kada su raspust, neradni dani i zavr\u0161etak \u0161kolske godine\"}]},{\"@type\":\"WebSite\",\"@id\":\"https:\\\/\\\/tuzlainfo.ba\\\/#website\",\"url\":\"https:\\\/\\\/tuzlainfo.ba\\\/\",\"name\":\"TuzlaInfo.ba\",\"description\":\"Tuzla info, gradski informator - Tuzla na dlanu\",\"publisher\":{\"@id\":\"https:\\\/\\\/tuzlainfo.ba\\\/#organization\"},\"potentialAction\":[{\"@type\":\"SearchAction\",\"target\":{\"@type\":\"EntryPoint\",\"urlTemplate\":\"https:\\\/\\\/tuzlainfo.ba\\\/?s={search_term_string}\"},\"query-input\":{\"@type\":\"PropertyValueSpecification\",\"valueRequired\":true,\"valueName\":\"search_term_string\"}}],\"inLanguage\":\"bs-BA\"},{\"@type\":\"Organization\",\"@id\":\"https:\\\/\\\/tuzlainfo.ba\\\/#organization\",\"name\":\"TuzlaInfo.ba\",\"url\":\"https:\\\/\\\/tuzlainfo.ba\\\/\",\"logo\":{\"@type\":\"ImageObject\",\"inLanguage\":\"bs-BA\",\"@id\":\"https:\\\/\\\/tuzlainfo.ba\\\/#\\\/schema\\\/logo\\\/image\\\/\",\"url\":\"https:\\\/\\\/tuzlainfo.ba\\\/wp-content\\\/uploads\\\/2021\\\/03\\\/logo-ver-3-1.png\",\"contentUrl\":\"https:\\\/\\\/tuzlainfo.ba\\\/wp-content\\\/uploads\\\/2021\\\/03\\\/logo-ver-3-1.png\",\"width\":350,\"height\":95,\"caption\":\"TuzlaInfo.ba\"},\"image\":{\"@id\":\"https:\\\/\\\/tuzlainfo.ba\\\/#\\\/schema\\\/logo\\\/image\\\/\"},\"sameAs\":[\"https:\\\/\\\/www.facebook.com\\\/tuzlainfo.ba\\\/\"]},{\"@type\":\"Person\",\"@id\":\"https:\\\/\\\/tuzlainfo.ba\\\/#\\\/schema\\\/person\\\/f434e20dc27ea133923aab08451b7f7f\",\"name\":\"nedim\",\"image\":{\"@type\":\"ImageObject\",\"inLanguage\":\"bs-BA\",\"@id\":\"https:\\\/\\\/secure.gravatar.com\\\/avatar\\\/5b928a2e7e70a54208d2eb6c1edcb75a5350d6ae97d5f0a701203d456823f6f3?s=96&d=mm&r=g\",\"url\":\"https:\\\/\\\/secure.gravatar.com\\\/avatar\\\/5b928a2e7e70a54208d2eb6c1edcb75a5350d6ae97d5f0a701203d456823f6f3?s=96&d=mm&r=g\",\"contentUrl\":\"https:\\\/\\\/secure.gravatar.com\\\/avatar\\\/5b928a2e7e70a54208d2eb6c1edcb75a5350d6ae97d5f0a701203d456823f6f3?s=96&d=mm&r=g\",\"caption\":\"nedim\"},\"description\":\"Tuzlainfo.ba pratite na dru\u0161tvenim mre\u017eama: Facebook, Instagram i Youtube. Svoje pri\u010de, upite i fotografije \u0161aljite na na\u0161u e-mail adresu.\"}]}<\/script>\n<!-- \/ Yoast SEO plugin. -->","yoast_head_json":{"title":"Sutra po\u010dinje nastava u TK: Evo kada su raspust, neradni dani i zavr\u0161etak \u0161kolske godine","robots":{"index":"index","follow":"follow","max-snippet":"max-snippet:-1","max-image-preview":"max-image-preview:large","max-video-preview":"max-video-preview:-1"},"canonical":"https:\/\/tuzlainfo.ba\/index.php\/novosti\/item\/314388-sutra-pocinje-nastava-u-tk-evo-kada-su-raspust-neradni-dani-i-zavrsetak-skolske-godine\/","og_locale":"bs_BA","og_type":"article","og_title":"Sutra po\u010dinje nastava u TK: Evo kada su raspust, neradni dani i zavr\u0161etak \u0161kolske godine","og_description":"Za u\u010denike osnovnih i srednjih \u0161kola u Tuzlanskom kantonu sutra, 1. septembra, po\u010dinje nastava u \u0161kolskoj 2026\/2027. godini. Ministarstvo obrazovanja i nauke TK utvrdilo je \u0161kolski kalendar kojim su precizirani termini nastave, zimskog odmora, zavr\u0161etka nastave za maturante i ostale u\u010denike, kao i praznici i drugi neradni dani. Prema \u0160kolskom kalendaru, koji je portalu Tuzlainfo.ba [&hellip;]","og_url":"https:\/\/tuzlainfo.ba\/index.php\/novosti\/item\/314388-sutra-pocinje-nastava-u-tk-evo-kada-su-raspust-neradni-dani-i-zavrsetak-skolske-godine\/","og_site_name":"TuzlaInfo.ba","article_publisher":"https:\/\/www.facebook.com\/tuzlainfo.ba\/","article_published_time":"2026-08-31T08:01:38+00:00","article_modified_time":"2026-08-31T08:02:31+00:00","og_image":[{"width":1000,"height":619,"url":"https:\/\/tuzlainfo.ba\/wp-content\/uploads\/2026\/03\/1603_razred_skola_nastava.jpg","type":"image\/jpeg"}],"author":"nedim","twitter_card":"summary_large_image","twitter_misc":{"Written by":"nedim","Est. reading time":"4 minute"},"schema":{"@context":"https:\/\/schema.org","@graph":[{"@type":"Article","@id":"https:\/\/tuzlainfo.ba\/index.php\/novosti\/item\/314388-sutra-pocinje-nastava-u-tk-evo-kada-su-raspust-neradni-dani-i-zavrsetak-skolske-godine\/#article","isPartOf":{"@id":"https:\/\/tuzlainfo.ba\/index.php\/novosti\/item\/314388-sutra-pocinje-nastava-u-tk-evo-kada-su-raspust-neradni-dani-i-zavrsetak-skolske-godine\/"},"author":{"name":"nedim","@id":"https:\/\/tuzlainfo.ba\/#\/schema\/person\/f434e20dc27ea133923aab08451b7f7f"},"headline":"Sutra po\u010dinje nastava u TK: Evo kada su raspust, neradni dani i zavr\u0161etak \u0161kolske godine","datePublished":"2026-08-31T08:01:38+00:00","dateModified":"2026-08-31T08:02:31+00:00","mainEntityOfPage":{"@id":"https:\/\/tuzlainfo.ba\/index.php\/novosti\/item\/314388-sutra-pocinje-nastava-u-tk-evo-kada-su-raspust-neradni-dani-i-zavrsetak-skolske-godine\/"},"wordCount":655,"publisher":{"@id":"https:\/\/tuzlainfo.ba\/#organization"},"image":{"@id":"https:\/\/tuzlainfo.ba\/index.php\/novosti\/item\/314388-sutra-pocinje-nastava-u-tk-evo-kada-su-raspust-neradni-dani-i-zavrsetak-skolske-godine\/#primaryimage"},"thumbnailUrl":"https:\/\/tuzlainfo.ba\/wp-content\/uploads\/2026\/03\/1603_razred_skola_nastava.jpg","keywords":["nova \u0161kolska godina"],"articleSection":["Istaknuto","Novosti"],"inLanguage":"bs-BA","copyrightYear":"2026","copyrightHolder":{"@id":"https:\/\/tuzlainfo.ba\/#organization"}},{"@type":"WebPage","@id":"https:\/\/tuzlainfo.ba\/index.php\/novosti\/item\/314388-sutra-pocinje-nastava-u-tk-evo-kada-su-raspust-neradni-dani-i-zavrsetak-skolske-godine\/","url":"https:\/\/tuzlainfo.ba\/index.php\/novosti\/item\/314388-sutra-pocinje-nastava-u-tk-evo-kada-su-raspust-neradni-dani-i-zavrsetak-skolske-godine\/","name":"Sutra po\u010dinje nastava u TK: Evo kada su raspust, neradni dani i zavr\u0161etak \u0161kolske godine","isPartOf":{"@id":"https:\/\/tuzlainfo.ba\/#website"},"primaryImageOfPage":{"@id":"https:\/\/tuzlainfo.ba\/index.php\/novosti\/item\/314388-sutra-pocinje-nastava-u-tk-evo-kada-su-raspust-neradni-dani-i-zavrsetak-skolske-godine\/#primaryimage"},"image":{"@id":"https:\/\/tuzlainfo.ba\/index.php\/novosti\/item\/314388-sutra-pocinje-nastava-u-tk-evo-kada-su-raspust-neradni-dani-i-zavrsetak-skolske-godine\/#primaryimage"},"thumbnailUrl":"https:\/\/tuzlainfo.ba\/wp-content\/uploads\/2026\/03\/1603_razred_skola_nastava.jpg","datePublished":"2026-08-31T08:01:38+00:00","dateModified":"2026-08-31T08:02:31+00:00","breadcrumb":{"@id":"https:\/\/tuzlainfo.ba\/index.php\/novosti\/item\/314388-sutra-pocinje-nastava-u-tk-evo-kada-su-raspust-neradni-dani-i-zavrsetak-skolske-godine\/#breadcrumb"},"inLanguage":"bs-BA","potentialAction":[{"@type":"ReadAction","target":["https:\/\/tuzlainfo.ba\/index.php\/novosti\/item\/314388-sutra-pocinje-nastava-u-tk-evo-kada-su-raspust-neradni-dani-i-zavrsetak-skolske-godine\/"]}]},{"@type":"ImageObject","inLanguage":"bs-BA","@id":"https:\/\/tuzlainfo.ba\/index.php\/novosti\/item\/314388-sutra-pocinje-nastava-u-tk-evo-kada-su-raspust-neradni-dani-i-zavrsetak-skolske-godine\/#primaryimage","url":"https:\/\/tuzlainfo.ba\/wp-content\/uploads\/2026\/03\/1603_razred_skola_nastava.jpg","contentUrl":"https:\/\/tuzlainfo.ba\/wp-content\/uploads\/2026\/03\/1603_razred_skola_nastava.jpg","width":1000,"height":619},{"@type":"BreadcrumbList","@id":"https:\/\/tuzlainfo.ba\/index.php\/novosti\/item\/314388-sutra-pocinje-nastava-u-tk-evo-kada-su-raspust-neradni-dani-i-zavrsetak-skolske-godine\/#breadcrumb","itemListElement":[{"@type":"ListItem","position":1,"name":"Home","item":"https:\/\/tuzlainfo.ba\/"},{"@type":"ListItem","position":2,"name":"Sutra po\u010dinje nastava u TK: Evo kada su raspust, neradni dani i zavr\u0161etak \u0161kolske godine"}]},{"@type":"WebSite","@id":"https:\/\/tuzlainfo.ba\/#website","url":"https:\/\/tuzlainfo.ba\/","name":"TuzlaInfo.ba","description":"Tuzla info, gradski informator - Tuzla na dlanu","publisher":{"@id":"https:\/\/tuzlainfo.ba\/#organization"},"potentialAction":[{"@type":"SearchAction","target":{"@type":"EntryPoint","urlTemplate":"https:\/\/tuzlainfo.ba\/?s={search_term_string}"},"query-input":{"@type":"PropertyValueSpecification","valueRequired":true,"valueName":"search_term_string"}}],"inLanguage":"bs-BA"},{"@type":"Organization","@id":"https:\/\/tuzlainfo.ba\/#organization","name":"TuzlaInfo.ba","url":"https:\/\/tuzlainfo.ba\/","logo":{"@type":"ImageObject","inLanguage":"bs-BA","@id":"https:\/\/tuzlainfo.ba\/#\/schema\/logo\/image\/","url":"https:\/\/tuzlainfo.ba\/wp-content\/uploads\/2021\/03\/logo-ver-3-1.png","contentUrl":"https:\/\/tuzlainfo.ba\/wp-content\/uploads\/2021\/03\/logo-ver-3-1.png","width":350,"height":95,"caption":"TuzlaInfo.ba"},"image":{"@id":"https:\/\/tuzlainfo.ba\/#\/schema\/logo\/image\/"},"sameAs":["https:\/\/www.facebook.com\/tuzlainfo.ba\/"]},{"@type":"Person","@id":"https:\/\/tuzlainfo.ba\/#\/schema\/person\/f434e20dc27ea133923aab08451b7f7f","name":"nedim","image":{"@type":"ImageObject","inLanguage":"bs-BA","@id":"https:\/\/secure.gravatar.com\/avatar\/5b928a2e7e70a54208d2eb6c1edcb75a5350d6ae97d5f0a701203d456823f6f3?s=96&d=mm&r=g","url":"https:\/\/secure.gravatar.com\/avatar\/5b928a2e7e70a54208d2eb6c1edcb75a5350d6ae97d5f0a701203d456823f6f3?s=96&d=mm&r=g","contentUrl":"https:\/\/secure.gravatar.com\/avatar\/5b928a2e7e70a54208d2eb6c1edcb75a5350d6ae97d5f0a701203d456823f6f3?s=96&d=mm&r=g","caption":"nedim"},"description":"Tuzlainfo.ba pratite na dru\u0161tvenim mre\u017eama: Facebook, Instagram i Youtube. Svoje pri\u010de, upite i fotografije \u0161aljite na na\u0161u e-mail adresu."}]}},"_links":{"self":[{"href":"https:\/\/tuzlainfo.ba\/index.php\/wp-json\/wp\/v2\/posts\/314388","targetHints":{"allow":["GET"]}}],"collection":[{"href":"https:\/\/tuzlainfo.ba\/index.php\/wp-json\/wp\/v2\/posts"}],"about":[{"href":"https:\/\/tuzlainfo.ba\/index.php\/wp-json\/wp\/v2\/types\/post"}],"author":[{"embeddable":true,"href":"https:\/\/tuzlainfo.ba\/index.php\/wp-json\/wp\/v2\/users\/2"}],"replies":[{"embeddable":true,"href":"https:\/\/tuzlainfo.ba\/index.php\/wp-json\/wp\/v2\/comments?post=314388"}],"version-history":[{"count":1,"href":"https:\/\/tuzlainfo.ba\/index.php\/wp-json\/wp\/v2\/posts\/314388\/revisions"}],"predecessor-version":[{"id":314391,"href":"https:\/\/tuzlainfo.ba\/index.php\/wp-json\/wp\/v2\/posts\/314388\/revisions\/314391"}],"wp:featuredmedia":[{"embeddable":true,"href":"https:\/\/tuzlainfo.ba\/index.php\/wp-json\/wp\/v2\/media\/297408"}],"wp:attachment":[{"href":"https:\/\/tuzlainfo.ba\/index.php\/wp-json\/wp\/v2\/media?parent=314388"}],"wp:term":[{"taxonomy":"category","embeddable":true,"href":"https:\/\/tuzlainfo.ba\/index.php\/wp-json\/wp\/v2\/categories?post=314388"},{"taxonomy":"post_tag","embeddable":true,"href":"https:\/\/tuzlainfo.ba\/index.php\/wp-json\/wp\/v2\/tags?post=314388"}],"curies":[{"name":"wp","href":"https:\/\/api.w.org\/{rel}","templated":true}]}}