{"id":310653,"date":"2026-07-19T22:20:42","date_gmt":"2026-07-19T20:20:42","guid":{"rendered":"https:\/\/tuzlainfo.ba\/?p=310653"},"modified":"2026-07-19T22:20:42","modified_gmt":"2026-07-19T20:20:42","slug":"tk-u-ponedjeljak-20-jula-bez-elektricne-energije-vise-naselja","status":"publish","type":"post","link":"https:\/\/tuzlainfo.ba\/index.php\/novosti\/item\/310653-tk-u-ponedjeljak-20-jula-bez-elektricne-energije-vise-naselja\/","title":{"rendered":"TK: U ponedjeljak 20. jula bez elektri\u010dne energije vi\u0161e naselja"},"content":{"rendered":"<p class=\"PDq2pG_selectionAnchorContainer\" data-start=\"87\" data-end=\"311\">Zbog planiranih radova na elektrodistributivnoj mre\u017ei, u <strong data-start=\"144\" data-end=\"169\">ponedjeljak, 20. jula<\/strong>, i <strong data-start=\"173\" data-end=\"206\">utorak, 21. jula 2026. godine<\/strong>, do\u0107i \u0107e do privremenih prekida u isporuci elektri\u010dne energije na podru\u010dju Kalesije, Lukavca i \u017divinica.<\/p>\n<p data-start=\"313\" data-end=\"374\">U <strong data-start=\"315\" data-end=\"340\">ponedjeljak, 20. jula<\/strong>, bez elektri\u010dne energije \u0107e biti:<\/p>\n<p data-start=\"376\" data-end=\"395\"><strong data-start=\"376\" data-end=\"395\">Op\u0107ina Kalesija<\/strong><\/p>\n<ul data-start=\"396\" data-end=\"542\">\n<li data-section-id=\"16gjqx8\" data-start=\"396\" data-end=\"442\">naselje <strong data-start=\"406\" data-end=\"414\">Brda<\/strong> od <strong data-start=\"418\" data-end=\"441\">09:00 do 10:00 sati<\/strong>,<\/li>\n<li data-section-id=\"1sbm1vb\" data-start=\"443\" data-end=\"493\">naselje <strong data-start=\"453\" data-end=\"465\">Hrva\u010di\u0107i<\/strong> od <strong data-start=\"469\" data-end=\"492\">10:30 do 11:30 sati<\/strong>,<\/li>\n<li data-section-id=\"1xdmyd0\" data-start=\"494\" data-end=\"542\">naselje <strong data-start=\"504\" data-end=\"514\">Zuki\u0107i<\/strong> od <strong data-start=\"518\" data-end=\"541\">12:30 do 15:00 sati<\/strong>.<\/li>\n<\/ul>\n<p data-start=\"544\" data-end=\"560\"><strong data-start=\"544\" data-end=\"560\">Grad Lukavac<\/strong><\/p>\n<ul data-start=\"561\" data-end=\"630\">\n<li data-section-id=\"1w5efm2\" data-start=\"561\" data-end=\"630\">dio <strong data-start=\"567\" data-end=\"602\">Novog Naselja Luka kod Ko\u010darine<\/strong> od <strong data-start=\"606\" data-end=\"629\">09:00 do 13:00 sati<\/strong>.<\/li>\n<\/ul>\n<p data-start=\"632\" data-end=\"649\"><strong data-start=\"632\" data-end=\"649\">Grad \u017divinice<\/strong><\/p>\n<ul data-start=\"650\" data-end=\"713\">\n<li data-section-id=\"or92bi\" data-start=\"650\" data-end=\"713\">naselje <strong data-start=\"660\" data-end=\"685\">Gornje Dubrave Centar<\/strong> od <strong data-start=\"689\" data-end=\"712\">09:00 do 12:00 sati<\/strong>.<\/li>\n<\/ul>\n<p data-start=\"715\" data-end=\"784\">U <strong data-start=\"717\" data-end=\"737\">utorak, 21. jula<\/strong>, planirani prekidi su na sljede\u0107im lokacijama:<\/p>\n<p data-start=\"786\" data-end=\"802\"><strong data-start=\"786\" data-end=\"802\">Grad Lukavac<\/strong><\/p>\n<ul data-start=\"803\" data-end=\"941\">\n<li data-section-id=\"bjl9cs\" data-start=\"803\" data-end=\"941\">naselja <strong data-start=\"813\" data-end=\"826\">Berkovica<\/strong> i <strong data-start=\"829\" data-end=\"842\">Kru\u0161evica<\/strong>, kao i dijelovi naselja <strong data-start=\"867\" data-end=\"879\">Gnojnica<\/strong> (od Spomen-\u010desme prema Berkovici) od <strong data-start=\"917\" data-end=\"940\">10:00 do 13:00 sati<\/strong>.<\/li>\n<\/ul>\n<p data-start=\"943\" data-end=\"960\"><strong data-start=\"943\" data-end=\"960\">Grad \u017divinice<\/strong><\/p>\n<ul data-start=\"961\" data-end=\"1011\">\n<li data-section-id=\"iv0ba7\" data-start=\"961\" data-end=\"1011\">naselje <strong data-start=\"971\" data-end=\"983\">Rasadine<\/strong> od <strong data-start=\"987\" data-end=\"1010\">09:00 do 13:00 sati<\/strong>.<\/li>\n<\/ul>\n<p data-start=\"1013\" data-end=\"1190\">Iz nadle\u017ene elektrodistribucije mole gra\u0111ane za razumijevanje i strpljenje tokom izvo\u0111enja planiranih radova, koji imaju za cilj unapre\u0111enje pouzdanosti elektroenergetske mre\u017ee.<\/p>\n","protected":false},"excerpt":{"rendered":"<p>Zbog planiranih radova na elektrodistributivnoj mre\u017ei, u ponedjeljak, 20. jula, i utorak, 21. jula 2026. godine, do\u0107i \u0107e do privremenih prekida u isporuci elektri\u010dne energije na podru\u010dju Kalesije, Lukavca i \u017divinica. U ponedjeljak, 20. jula, bez elektri\u010dne energije \u0107e biti: Op\u0107ina Kalesija naselje Brda od 09:00 do 10:00 sati, naselje Hrva\u010di\u0107i od 10:30 do 11:30 [&hellip;]<\/p>\n","protected":false},"author":2,"featured_media":68181,"comment_status":"closed","ping_status":"closed","sticky":false,"template":"","format":"standard","meta":{"footnotes":""},"categories":[304,12],"tags":[6651,7100,1442],"class_list":["post-310653","post","type-post","status-publish","format-standard","has-post-thumbnail","hentry","category-istaknuto","category-novosti","tag-elektro-distribucija-tuzla","tag-planska-iskljucenja-struje","tag-servisne-informacije"],"yoast_head":"<!-- This site is optimized with the Yoast SEO plugin v28.4 - https:\/\/yoast.com\/product\/yoast-seo-wordpress\/ -->\n<title>TK: U ponedjeljak 20. jula bez elektri\u010dne energije vi\u0161e naselja<\/title>\n<meta name=\"robots\" content=\"index, follow, max-snippet:-1, max-image-preview:large, max-video-preview:-1\" \/>\n<link rel=\"canonical\" href=\"https:\/\/tuzlainfo.ba\/index.php\/novosti\/item\/310653-tk-u-ponedjeljak-20-jula-bez-elektricne-energije-vise-naselja\/\" \/>\n<meta property=\"og:locale\" content=\"bs_BA\" \/>\n<meta property=\"og:type\" content=\"article\" \/>\n<meta property=\"og:title\" content=\"TK: U ponedjeljak 20. jula bez elektri\u010dne energije vi\u0161e naselja\" \/>\n<meta property=\"og:description\" content=\"Zbog planiranih radova na elektrodistributivnoj mre\u017ei, u ponedjeljak, 20. jula, i utorak, 21. jula 2026. godine, do\u0107i \u0107e do privremenih prekida u isporuci elektri\u010dne energije na podru\u010dju Kalesije, Lukavca i \u017divinica. U ponedjeljak, 20. jula, bez elektri\u010dne energije \u0107e biti: Op\u0107ina Kalesija naselje Brda od 09:00 do 10:00 sati, naselje Hrva\u010di\u0107i od 10:30 do 11:30 [&hellip;]\" \/>\n<meta property=\"og:url\" content=\"https:\/\/tuzlainfo.ba\/index.php\/novosti\/item\/310653-tk-u-ponedjeljak-20-jula-bez-elektricne-energije-vise-naselja\/\" \/>\n<meta property=\"og:site_name\" content=\"TuzlaInfo.ba\" \/>\n<meta property=\"article:publisher\" content=\"https:\/\/www.facebook.com\/tuzlainfo.ba\/\" \/>\n<meta property=\"article:published_time\" content=\"2026-07-19T20:20:42+00:00\" \/>\n<meta property=\"og:image\" content=\"https:\/\/tuzlainfo.ba\/wp-content\/uploads\/2019\/03\/sadrzaj_2019_20190101_01012019_-_elektro_-_dispecer.jpg\" \/>\n\t<meta property=\"og:image:width\" content=\"770\" \/>\n\t<meta property=\"og:image:height\" content=\"432\" \/>\n\t<meta property=\"og:image:type\" content=\"image\/jpeg\" \/>\n<meta name=\"author\" content=\"nedim\" \/>\n<meta name=\"twitter:card\" content=\"summary_large_image\" \/>\n<meta name=\"twitter:label1\" content=\"Written by\" \/>\n\t<meta name=\"twitter:data1\" content=\"nedim\" \/>\n\t<meta name=\"twitter:label2\" content=\"Est. reading time\" \/>\n\t<meta name=\"twitter:data2\" content=\"2 minute\" \/>\n<script type=\"application\/ld+json\" class=\"yoast-schema-graph\">{\"@context\":\"https:\\\/\\\/schema.org\",\"@graph\":[{\"@type\":\"Article\",\"@id\":\"https:\\\/\\\/tuzlainfo.ba\\\/index.php\\\/novosti\\\/item\\\/310653-tk-u-ponedjeljak-20-jula-bez-elektricne-energije-vise-naselja\\\/#article\",\"isPartOf\":{\"@id\":\"https:\\\/\\\/tuzlainfo.ba\\\/index.php\\\/novosti\\\/item\\\/310653-tk-u-ponedjeljak-20-jula-bez-elektricne-energije-vise-naselja\\\/\"},\"author\":{\"name\":\"nedim\",\"@id\":\"https:\\\/\\\/tuzlainfo.ba\\\/#\\\/schema\\\/person\\\/f434e20dc27ea133923aab08451b7f7f\"},\"headline\":\"TK: U ponedjeljak 20. jula bez elektri\u010dne energije vi\u0161e naselja\",\"datePublished\":\"2026-07-19T20:20:42+00:00\",\"mainEntityOfPage\":{\"@id\":\"https:\\\/\\\/tuzlainfo.ba\\\/index.php\\\/novosti\\\/item\\\/310653-tk-u-ponedjeljak-20-jula-bez-elektricne-energije-vise-naselja\\\/\"},\"wordCount\":157,\"publisher\":{\"@id\":\"https:\\\/\\\/tuzlainfo.ba\\\/#organization\"},\"image\":{\"@id\":\"https:\\\/\\\/tuzlainfo.ba\\\/index.php\\\/novosti\\\/item\\\/310653-tk-u-ponedjeljak-20-jula-bez-elektricne-energije-vise-naselja\\\/#primaryimage\"},\"thumbnailUrl\":\"https:\\\/\\\/tuzlainfo.ba\\\/wp-content\\\/uploads\\\/2019\\\/03\\\/sadrzaj_2019_20190101_01012019_-_elektro_-_dispecer.jpg\",\"keywords\":[\"elektro distribucija tuzla\",\"planska isklju\u010denja struje\",\"servisne informacije\"],\"articleSection\":[\"Istaknuto\",\"Novosti\"],\"inLanguage\":\"bs-BA\",\"copyrightYear\":\"2026\",\"copyrightHolder\":{\"@id\":\"https:\\\/\\\/tuzlainfo.ba\\\/#organization\"}},{\"@type\":\"WebPage\",\"@id\":\"https:\\\/\\\/tuzlainfo.ba\\\/index.php\\\/novosti\\\/item\\\/310653-tk-u-ponedjeljak-20-jula-bez-elektricne-energije-vise-naselja\\\/\",\"url\":\"https:\\\/\\\/tuzlainfo.ba\\\/index.php\\\/novosti\\\/item\\\/310653-tk-u-ponedjeljak-20-jula-bez-elektricne-energije-vise-naselja\\\/\",\"name\":\"TK: U ponedjeljak 20. jula bez elektri\u010dne energije vi\u0161e naselja\",\"isPartOf\":{\"@id\":\"https:\\\/\\\/tuzlainfo.ba\\\/#website\"},\"primaryImageOfPage\":{\"@id\":\"https:\\\/\\\/tuzlainfo.ba\\\/index.php\\\/novosti\\\/item\\\/310653-tk-u-ponedjeljak-20-jula-bez-elektricne-energije-vise-naselja\\\/#primaryimage\"},\"image\":{\"@id\":\"https:\\\/\\\/tuzlainfo.ba\\\/index.php\\\/novosti\\\/item\\\/310653-tk-u-ponedjeljak-20-jula-bez-elektricne-energije-vise-naselja\\\/#primaryimage\"},\"thumbnailUrl\":\"https:\\\/\\\/tuzlainfo.ba\\\/wp-content\\\/uploads\\\/2019\\\/03\\\/sadrzaj_2019_20190101_01012019_-_elektro_-_dispecer.jpg\",\"datePublished\":\"2026-07-19T20:20:42+00:00\",\"breadcrumb\":{\"@id\":\"https:\\\/\\\/tuzlainfo.ba\\\/index.php\\\/novosti\\\/item\\\/310653-tk-u-ponedjeljak-20-jula-bez-elektricne-energije-vise-naselja\\\/#breadcrumb\"},\"inLanguage\":\"bs-BA\",\"potentialAction\":[{\"@type\":\"ReadAction\",\"target\":[\"https:\\\/\\\/tuzlainfo.ba\\\/index.php\\\/novosti\\\/item\\\/310653-tk-u-ponedjeljak-20-jula-bez-elektricne-energije-vise-naselja\\\/\"]}]},{\"@type\":\"ImageObject\",\"inLanguage\":\"bs-BA\",\"@id\":\"https:\\\/\\\/tuzlainfo.ba\\\/index.php\\\/novosti\\\/item\\\/310653-tk-u-ponedjeljak-20-jula-bez-elektricne-energije-vise-naselja\\\/#primaryimage\",\"url\":\"https:\\\/\\\/tuzlainfo.ba\\\/wp-content\\\/uploads\\\/2019\\\/03\\\/sadrzaj_2019_20190101_01012019_-_elektro_-_dispecer.jpg\",\"contentUrl\":\"https:\\\/\\\/tuzlainfo.ba\\\/wp-content\\\/uploads\\\/2019\\\/03\\\/sadrzaj_2019_20190101_01012019_-_elektro_-_dispecer.jpg\",\"width\":770,\"height\":432,\"caption\":\"01012019 elektro dispecer\"},{\"@type\":\"BreadcrumbList\",\"@id\":\"https:\\\/\\\/tuzlainfo.ba\\\/index.php\\\/novosti\\\/item\\\/310653-tk-u-ponedjeljak-20-jula-bez-elektricne-energije-vise-naselja\\\/#breadcrumb\",\"itemListElement\":[{\"@type\":\"ListItem\",\"position\":1,\"name\":\"Home\",\"item\":\"https:\\\/\\\/tuzlainfo.ba\\\/\"},{\"@type\":\"ListItem\",\"position\":2,\"name\":\"TK: U ponedjeljak 20. jula bez elektri\u010dne energije vi\u0161e naselja\"}]},{\"@type\":\"WebSite\",\"@id\":\"https:\\\/\\\/tuzlainfo.ba\\\/#website\",\"url\":\"https:\\\/\\\/tuzlainfo.ba\\\/\",\"name\":\"TuzlaInfo.ba\",\"description\":\"Tuzla info, gradski informator - Tuzla na dlanu\",\"publisher\":{\"@id\":\"https:\\\/\\\/tuzlainfo.ba\\\/#organization\"},\"potentialAction\":[{\"@type\":\"SearchAction\",\"target\":{\"@type\":\"EntryPoint\",\"urlTemplate\":\"https:\\\/\\\/tuzlainfo.ba\\\/?s={search_term_string}\"},\"query-input\":{\"@type\":\"PropertyValueSpecification\",\"valueRequired\":true,\"valueName\":\"search_term_string\"}}],\"inLanguage\":\"bs-BA\"},{\"@type\":\"Organization\",\"@id\":\"https:\\\/\\\/tuzlainfo.ba\\\/#organization\",\"name\":\"TuzlaInfo.ba\",\"url\":\"https:\\\/\\\/tuzlainfo.ba\\\/\",\"logo\":{\"@type\":\"ImageObject\",\"inLanguage\":\"bs-BA\",\"@id\":\"https:\\\/\\\/tuzlainfo.ba\\\/#\\\/schema\\\/logo\\\/image\\\/\",\"url\":\"https:\\\/\\\/tuzlainfo.ba\\\/wp-content\\\/uploads\\\/2021\\\/03\\\/logo-ver-3-1.png\",\"contentUrl\":\"https:\\\/\\\/tuzlainfo.ba\\\/wp-content\\\/uploads\\\/2021\\\/03\\\/logo-ver-3-1.png\",\"width\":350,\"height\":95,\"caption\":\"TuzlaInfo.ba\"},\"image\":{\"@id\":\"https:\\\/\\\/tuzlainfo.ba\\\/#\\\/schema\\\/logo\\\/image\\\/\"},\"sameAs\":[\"https:\\\/\\\/www.facebook.com\\\/tuzlainfo.ba\\\/\"]},{\"@type\":\"Person\",\"@id\":\"https:\\\/\\\/tuzlainfo.ba\\\/#\\\/schema\\\/person\\\/f434e20dc27ea133923aab08451b7f7f\",\"name\":\"nedim\",\"image\":{\"@type\":\"ImageObject\",\"inLanguage\":\"bs-BA\",\"@id\":\"https:\\\/\\\/secure.gravatar.com\\\/avatar\\\/5b928a2e7e70a54208d2eb6c1edcb75a5350d6ae97d5f0a701203d456823f6f3?s=96&d=mm&r=g\",\"url\":\"https:\\\/\\\/secure.gravatar.com\\\/avatar\\\/5b928a2e7e70a54208d2eb6c1edcb75a5350d6ae97d5f0a701203d456823f6f3?s=96&d=mm&r=g\",\"contentUrl\":\"https:\\\/\\\/secure.gravatar.com\\\/avatar\\\/5b928a2e7e70a54208d2eb6c1edcb75a5350d6ae97d5f0a701203d456823f6f3?s=96&d=mm&r=g\",\"caption\":\"nedim\"},\"description\":\"Tuzlainfo.ba pratite na dru\u0161tvenim mre\u017eama: Facebook, Instagram i Youtube. Svoje pri\u010de, upite i fotografije \u0161aljite na na\u0161u e-mail adresu.\"}]}<\/script>\n<!-- \/ Yoast SEO plugin. -->","yoast_head_json":{"title":"TK: U ponedjeljak 20. jula bez elektri\u010dne energije vi\u0161e naselja","robots":{"index":"index","follow":"follow","max-snippet":"max-snippet:-1","max-image-preview":"max-image-preview:large","max-video-preview":"max-video-preview:-1"},"canonical":"https:\/\/tuzlainfo.ba\/index.php\/novosti\/item\/310653-tk-u-ponedjeljak-20-jula-bez-elektricne-energije-vise-naselja\/","og_locale":"bs_BA","og_type":"article","og_title":"TK: U ponedjeljak 20. jula bez elektri\u010dne energije vi\u0161e naselja","og_description":"Zbog planiranih radova na elektrodistributivnoj mre\u017ei, u ponedjeljak, 20. jula, i utorak, 21. jula 2026. godine, do\u0107i \u0107e do privremenih prekida u isporuci elektri\u010dne energije na podru\u010dju Kalesije, Lukavca i \u017divinica. U ponedjeljak, 20. jula, bez elektri\u010dne energije \u0107e biti: Op\u0107ina Kalesija naselje Brda od 09:00 do 10:00 sati, naselje Hrva\u010di\u0107i od 10:30 do 11:30 [&hellip;]","og_url":"https:\/\/tuzlainfo.ba\/index.php\/novosti\/item\/310653-tk-u-ponedjeljak-20-jula-bez-elektricne-energije-vise-naselja\/","og_site_name":"TuzlaInfo.ba","article_publisher":"https:\/\/www.facebook.com\/tuzlainfo.ba\/","article_published_time":"2026-07-19T20:20:42+00:00","og_image":[{"width":770,"height":432,"url":"https:\/\/tuzlainfo.ba\/wp-content\/uploads\/2019\/03\/sadrzaj_2019_20190101_01012019_-_elektro_-_dispecer.jpg","type":"image\/jpeg"}],"author":"nedim","twitter_card":"summary_large_image","twitter_misc":{"Written by":"nedim","Est. reading time":"2 minute"},"schema":{"@context":"https:\/\/schema.org","@graph":[{"@type":"Article","@id":"https:\/\/tuzlainfo.ba\/index.php\/novosti\/item\/310653-tk-u-ponedjeljak-20-jula-bez-elektricne-energije-vise-naselja\/#article","isPartOf":{"@id":"https:\/\/tuzlainfo.ba\/index.php\/novosti\/item\/310653-tk-u-ponedjeljak-20-jula-bez-elektricne-energije-vise-naselja\/"},"author":{"name":"nedim","@id":"https:\/\/tuzlainfo.ba\/#\/schema\/person\/f434e20dc27ea133923aab08451b7f7f"},"headline":"TK: U ponedjeljak 20. jula bez elektri\u010dne energije vi\u0161e naselja","datePublished":"2026-07-19T20:20:42+00:00","mainEntityOfPage":{"@id":"https:\/\/tuzlainfo.ba\/index.php\/novosti\/item\/310653-tk-u-ponedjeljak-20-jula-bez-elektricne-energije-vise-naselja\/"},"wordCount":157,"publisher":{"@id":"https:\/\/tuzlainfo.ba\/#organization"},"image":{"@id":"https:\/\/tuzlainfo.ba\/index.php\/novosti\/item\/310653-tk-u-ponedjeljak-20-jula-bez-elektricne-energije-vise-naselja\/#primaryimage"},"thumbnailUrl":"https:\/\/tuzlainfo.ba\/wp-content\/uploads\/2019\/03\/sadrzaj_2019_20190101_01012019_-_elektro_-_dispecer.jpg","keywords":["elektro distribucija tuzla","planska isklju\u010denja struje","servisne informacije"],"articleSection":["Istaknuto","Novosti"],"inLanguage":"bs-BA","copyrightYear":"2026","copyrightHolder":{"@id":"https:\/\/tuzlainfo.ba\/#organization"}},{"@type":"WebPage","@id":"https:\/\/tuzlainfo.ba\/index.php\/novosti\/item\/310653-tk-u-ponedjeljak-20-jula-bez-elektricne-energije-vise-naselja\/","url":"https:\/\/tuzlainfo.ba\/index.php\/novosti\/item\/310653-tk-u-ponedjeljak-20-jula-bez-elektricne-energije-vise-naselja\/","name":"TK: U ponedjeljak 20. jula bez elektri\u010dne energije vi\u0161e naselja","isPartOf":{"@id":"https:\/\/tuzlainfo.ba\/#website"},"primaryImageOfPage":{"@id":"https:\/\/tuzlainfo.ba\/index.php\/novosti\/item\/310653-tk-u-ponedjeljak-20-jula-bez-elektricne-energije-vise-naselja\/#primaryimage"},"image":{"@id":"https:\/\/tuzlainfo.ba\/index.php\/novosti\/item\/310653-tk-u-ponedjeljak-20-jula-bez-elektricne-energije-vise-naselja\/#primaryimage"},"thumbnailUrl":"https:\/\/tuzlainfo.ba\/wp-content\/uploads\/2019\/03\/sadrzaj_2019_20190101_01012019_-_elektro_-_dispecer.jpg","datePublished":"2026-07-19T20:20:42+00:00","breadcrumb":{"@id":"https:\/\/tuzlainfo.ba\/index.php\/novosti\/item\/310653-tk-u-ponedjeljak-20-jula-bez-elektricne-energije-vise-naselja\/#breadcrumb"},"inLanguage":"bs-BA","potentialAction":[{"@type":"ReadAction","target":["https:\/\/tuzlainfo.ba\/index.php\/novosti\/item\/310653-tk-u-ponedjeljak-20-jula-bez-elektricne-energije-vise-naselja\/"]}]},{"@type":"ImageObject","inLanguage":"bs-BA","@id":"https:\/\/tuzlainfo.ba\/index.php\/novosti\/item\/310653-tk-u-ponedjeljak-20-jula-bez-elektricne-energije-vise-naselja\/#primaryimage","url":"https:\/\/tuzlainfo.ba\/wp-content\/uploads\/2019\/03\/sadrzaj_2019_20190101_01012019_-_elektro_-_dispecer.jpg","contentUrl":"https:\/\/tuzlainfo.ba\/wp-content\/uploads\/2019\/03\/sadrzaj_2019_20190101_01012019_-_elektro_-_dispecer.jpg","width":770,"height":432,"caption":"01012019 elektro dispecer"},{"@type":"BreadcrumbList","@id":"https:\/\/tuzlainfo.ba\/index.php\/novosti\/item\/310653-tk-u-ponedjeljak-20-jula-bez-elektricne-energije-vise-naselja\/#breadcrumb","itemListElement":[{"@type":"ListItem","position":1,"name":"Home","item":"https:\/\/tuzlainfo.ba\/"},{"@type":"ListItem","position":2,"name":"TK: U ponedjeljak 20. jula bez elektri\u010dne energije vi\u0161e naselja"}]},{"@type":"WebSite","@id":"https:\/\/tuzlainfo.ba\/#website","url":"https:\/\/tuzlainfo.ba\/","name":"TuzlaInfo.ba","description":"Tuzla info, gradski informator - Tuzla na dlanu","publisher":{"@id":"https:\/\/tuzlainfo.ba\/#organization"},"potentialAction":[{"@type":"SearchAction","target":{"@type":"EntryPoint","urlTemplate":"https:\/\/tuzlainfo.ba\/?s={search_term_string}"},"query-input":{"@type":"PropertyValueSpecification","valueRequired":true,"valueName":"search_term_string"}}],"inLanguage":"bs-BA"},{"@type":"Organization","@id":"https:\/\/tuzlainfo.ba\/#organization","name":"TuzlaInfo.ba","url":"https:\/\/tuzlainfo.ba\/","logo":{"@type":"ImageObject","inLanguage":"bs-BA","@id":"https:\/\/tuzlainfo.ba\/#\/schema\/logo\/image\/","url":"https:\/\/tuzlainfo.ba\/wp-content\/uploads\/2021\/03\/logo-ver-3-1.png","contentUrl":"https:\/\/tuzlainfo.ba\/wp-content\/uploads\/2021\/03\/logo-ver-3-1.png","width":350,"height":95,"caption":"TuzlaInfo.ba"},"image":{"@id":"https:\/\/tuzlainfo.ba\/#\/schema\/logo\/image\/"},"sameAs":["https:\/\/www.facebook.com\/tuzlainfo.ba\/"]},{"@type":"Person","@id":"https:\/\/tuzlainfo.ba\/#\/schema\/person\/f434e20dc27ea133923aab08451b7f7f","name":"nedim","image":{"@type":"ImageObject","inLanguage":"bs-BA","@id":"https:\/\/secure.gravatar.com\/avatar\/5b928a2e7e70a54208d2eb6c1edcb75a5350d6ae97d5f0a701203d456823f6f3?s=96&d=mm&r=g","url":"https:\/\/secure.gravatar.com\/avatar\/5b928a2e7e70a54208d2eb6c1edcb75a5350d6ae97d5f0a701203d456823f6f3?s=96&d=mm&r=g","contentUrl":"https:\/\/secure.gravatar.com\/avatar\/5b928a2e7e70a54208d2eb6c1edcb75a5350d6ae97d5f0a701203d456823f6f3?s=96&d=mm&r=g","caption":"nedim"},"description":"Tuzlainfo.ba pratite na dru\u0161tvenim mre\u017eama: Facebook, Instagram i Youtube. Svoje pri\u010de, upite i fotografije \u0161aljite na na\u0161u e-mail adresu."}]}},"_links":{"self":[{"href":"https:\/\/tuzlainfo.ba\/index.php\/wp-json\/wp\/v2\/posts\/310653","targetHints":{"allow":["GET"]}}],"collection":[{"href":"https:\/\/tuzlainfo.ba\/index.php\/wp-json\/wp\/v2\/posts"}],"about":[{"href":"https:\/\/tuzlainfo.ba\/index.php\/wp-json\/wp\/v2\/types\/post"}],"author":[{"embeddable":true,"href":"https:\/\/tuzlainfo.ba\/index.php\/wp-json\/wp\/v2\/users\/2"}],"replies":[{"embeddable":true,"href":"https:\/\/tuzlainfo.ba\/index.php\/wp-json\/wp\/v2\/comments?post=310653"}],"version-history":[{"count":1,"href":"https:\/\/tuzlainfo.ba\/index.php\/wp-json\/wp\/v2\/posts\/310653\/revisions"}],"predecessor-version":[{"id":310654,"href":"https:\/\/tuzlainfo.ba\/index.php\/wp-json\/wp\/v2\/posts\/310653\/revisions\/310654"}],"wp:featuredmedia":[{"embeddable":true,"href":"https:\/\/tuzlainfo.ba\/index.php\/wp-json\/wp\/v2\/media\/68181"}],"wp:attachment":[{"href":"https:\/\/tuzlainfo.ba\/index.php\/wp-json\/wp\/v2\/media?parent=310653"}],"wp:term":[{"taxonomy":"category","embeddable":true,"href":"https:\/\/tuzlainfo.ba\/index.php\/wp-json\/wp\/v2\/categories?post=310653"},{"taxonomy":"post_tag","embeddable":true,"href":"https:\/\/tuzlainfo.ba\/index.php\/wp-json\/wp\/v2\/tags?post=310653"}],"curies":[{"name":"wp","href":"https:\/\/api.w.org\/{rel}","templated":true}]}}