{"id":310623,"date":"2026-07-19T11:03:59","date_gmt":"2026-07-19T09:03:59","guid":{"rendered":"https:\/\/tuzlainfo.ba\/?p=310623"},"modified":"2026-07-19T22:12:15","modified_gmt":"2026-07-19T20:12:15","slug":"ako-zakon-bude-usvojen-vozace-elektricnih-trotineta-cekaju-nove-obaveze-i-zabrane","status":"publish","type":"post","link":"https:\/\/tuzlainfo.ba\/index.php\/bosna-i-hercegovina\/item\/310623-ako-zakon-bude-usvojen-vozace-elektricnih-trotineta-cekaju-nove-obaveze-i-zabrane\/","title":{"rendered":"Ako zakon bude usvojen, voza\u010de elektri\u010dnih trotineta \u010dekaju nove obaveze i zabrane"},"content":{"rendered":"<p>Pred zastupnicima Predstavni\u010dkog doma Parlamentarne skup\u0161tine Bosne i Hercegovine u srijedu \u0107e se po hitnom postupku na\u0107i prijedlog izmjena Zakona o osnovama sigurnosti saobra\u0107aja kojim se prvi put uvode jasna pravila za kori\u0161tenje elektri\u010dnih trotineta.<\/p>\n<p>Predlo\u017eene izmjene, koje su u parlamentarnu proceduru uputile zastupnice Aida Baru\u010dija i Rejhana Dervi\u0161evi\u0107, imaju za cilj unaprijediti sigurnost svih u\u010desnika u saobra\u0107aju, s obzirom na sve \u010de\u0161\u0107u upotrebu elektri\u010dnih trotineta na bh. cestama.<\/p>\n<p>Prema prijedlogu, elektri\u010dnim trotinetima ne\u0107e mo\u0107i upravljati osobe mla\u0111e od 14 godina, dok \u0107e za\u0161titna kaciga biti obavezna za sve voza\u010de.<\/p>\n<p>Osim toga, tokom no\u0107i i u uslovima smanjene vidljivosti korisnici \u0107e morati nositi reflektiraju\u0107i prsluk ili drugu reflektiraju\u0107u oznaku, a trotinet \u0107e morati imati upaljeno bijelo svjetlo sprijeda i crveno pozadi.<\/p>\n<p>Predvi\u0111eno je i ograni\u010denje najve\u0107e dozvoljene brzine na 25 kilometara na sat.<\/p>\n<p>Prijedlog zakona zabranjuje vo\u017enju pod utjecajem alkohola ili opojnih droga, kori\u0161tenje slu\u0161alica na oba uha, prevoz druge osobe na trotinetu, vo\u017enju bez obje ruke na upravlja\u010du, pridr\u017eavanje za drugo vozilo te vu\u010du bilo kakvih predmeta tokom vo\u017enje.<\/p>\n<p>Kada je rije\u010d o kretanju, elektri\u010dni trotineti trebali bi koristiti biciklisti\u010dke staze i trake gdje one postoje. U suprotnom, vo\u017enja bi bila dozvoljena kolovozom na cestama na kojima je ograni\u010denje brzine do 50 kilometara na sat, uz obavezno kretanje uz desnu ivicu kolovoza.<\/p>\n<p>Vo\u017enja autoputevima, brzim cestama i drugim saobra\u0107ajnicama namijenjenim isklju\u010divo motornim vozilima bila bi zabranjena.<\/p>\n<p>Prijedlog tako\u0111er propisuje da elektri\u010dni trotineti moraju biti tehni\u010dki ispravni i odgovaraju\u0107e opremljeni, dok parkiranje ne\u0107e biti dozvoljeno na mjestima gdje ometa saobra\u0107aj ili kretanje pje\u0161aka.<\/p>\n<p>Obrazla\u017eu\u0107i hitnu proceduru, predlaga\u010di su ukazali na porast broja nesre\u0107a u kojima u\u010destvuju voza\u010di elektri\u010dnih trotineta, posebno maloljetnici. Kao jedan od razloga za ubrzano dono\u0161enje zakona naveden je i tragi\u010dan doga\u0111aj iz Mostara krajem juna, kada je nakon pada \u017eivot izgubio maloljetni voza\u010d elektri\u010dnog trotineta.<\/p>\n<p>Na potrebu preciznijeg zakonskog ure\u0111enja ranije su upozorili i stru\u010dnjaci za sigurnost saobra\u0107aja, isti\u010du\u0107i da djeca \u010desto nisu dovoljno psihofizi\u010dki spremna za upravljanje elektri\u010dnim trotinetima u saobra\u0107aju. Kao naj\u010de\u0161\u0107e uzroke nesre\u0107a navode neprilago\u0111enu brzinu, gubitak kontrole nad vozilom, iznenadno izlijetanje pred automobile, ali i vo\u017enju vi\u0161e osoba na jednom trotinetu.<\/p>\n<p>Ukoliko izmjene zakona dobiju podr\u0161ku zastupnika, Bosna i Hercegovina bi prvi put dobila detaljno ure\u0111ena pravila za kori\u0161tenje elektri\u010dnih trotineta u saobra\u0107aju.<\/p>\n","protected":false},"excerpt":{"rendered":"<p>Pred zastupnicima Predstavni\u010dkog doma Parlamentarne skup\u0161tine Bosne i Hercegovine u srijedu \u0107e se po hitnom postupku na\u0107i prijedlog izmjena Zakona o osnovama sigurnosti saobra\u0107aja kojim se prvi put uvode jasna pravila za kori\u0161tenje elektri\u010dnih trotineta. Predlo\u017eene izmjene, koje su u parlamentarnu proceduru uputile zastupnice Aida Baru\u010dija i Rejhana Dervi\u0161evi\u0107, imaju za cilj unaprijediti sigurnost svih [&hellip;]<\/p>\n","protected":false},"author":8,"featured_media":308530,"comment_status":"closed","ping_status":"closed","sticky":false,"template":"","format":"standard","meta":{"footnotes":""},"categories":[291,304,306],"tags":[5313,711],"class_list":["post-310623","post","type-post","status-publish","format-standard","has-post-thumbnail","hentry","category-bosna-i-hercegovina","category-istaknuto","category-preporucujemo","tag-elektricni-romobil","tag-zakon"],"yoast_head":"<!-- This site is optimized with the Yoast SEO plugin v28.4 - https:\/\/yoast.com\/product\/yoast-seo-wordpress\/ -->\n<title>Ako zakon bude usvojen, voza\u010de elektri\u010dnih trotineta \u010dekaju nove obaveze i zabrane<\/title>\n<meta name=\"robots\" content=\"index, follow, max-snippet:-1, max-image-preview:large, max-video-preview:-1\" \/>\n<link rel=\"canonical\" href=\"https:\/\/tuzlainfo.ba\/index.php\/bosna-i-hercegovina\/item\/310623-ako-zakon-bude-usvojen-vozace-elektricnih-trotineta-cekaju-nove-obaveze-i-zabrane\/\" \/>\n<meta property=\"og:locale\" content=\"bs_BA\" \/>\n<meta property=\"og:type\" content=\"article\" \/>\n<meta property=\"og:title\" content=\"Ako zakon bude usvojen, voza\u010de elektri\u010dnih trotineta \u010dekaju nove obaveze i zabrane\" \/>\n<meta property=\"og:description\" content=\"Pred zastupnicima Predstavni\u010dkog doma Parlamentarne skup\u0161tine Bosne i Hercegovine u srijedu \u0107e se po hitnom postupku na\u0107i prijedlog izmjena Zakona o osnovama sigurnosti saobra\u0107aja kojim se prvi put uvode jasna pravila za kori\u0161tenje elektri\u010dnih trotineta. Predlo\u017eene izmjene, koje su u parlamentarnu proceduru uputile zastupnice Aida Baru\u010dija i Rejhana Dervi\u0161evi\u0107, imaju za cilj unaprijediti sigurnost svih [&hellip;]\" \/>\n<meta property=\"og:url\" content=\"https:\/\/tuzlainfo.ba\/index.php\/bosna-i-hercegovina\/item\/310623-ako-zakon-bude-usvojen-vozace-elektricnih-trotineta-cekaju-nove-obaveze-i-zabrane\/\" \/>\n<meta property=\"og:site_name\" content=\"TuzlaInfo.ba\" \/>\n<meta property=\"article:publisher\" content=\"https:\/\/www.facebook.com\/tuzlainfo.ba\/\" \/>\n<meta property=\"article:published_time\" content=\"2026-07-19T09:03:59+00:00\" \/>\n<meta property=\"article:modified_time\" content=\"2026-07-19T20:12:15+00:00\" \/>\n<meta property=\"og:image\" content=\"https:\/\/tuzlainfo.ba\/wp-content\/uploads\/2026\/06\/2806_romobil_nesreca.jpg\" \/>\n\t<meta property=\"og:image:width\" content=\"1131\" \/>\n\t<meta property=\"og:image:height\" content=\"689\" \/>\n\t<meta property=\"og:image:type\" content=\"image\/jpeg\" \/>\n<meta name=\"author\" content=\"Admin Tri\" \/>\n<meta name=\"twitter:card\" content=\"summary_large_image\" \/>\n<meta name=\"twitter:label1\" content=\"Written by\" \/>\n\t<meta name=\"twitter:data1\" content=\"Admin Tri\" \/>\n\t<meta name=\"twitter:label2\" content=\"Est. reading time\" \/>\n\t<meta name=\"twitter:data2\" content=\"2 minute\" \/>\n<script type=\"application\/ld+json\" class=\"yoast-schema-graph\">{\"@context\":\"https:\\\/\\\/schema.org\",\"@graph\":[{\"@type\":\"Article\",\"@id\":\"https:\\\/\\\/tuzlainfo.ba\\\/index.php\\\/bosna-i-hercegovina\\\/item\\\/310623-ako-zakon-bude-usvojen-vozace-elektricnih-trotineta-cekaju-nove-obaveze-i-zabrane\\\/#article\",\"isPartOf\":{\"@id\":\"https:\\\/\\\/tuzlainfo.ba\\\/index.php\\\/bosna-i-hercegovina\\\/item\\\/310623-ako-zakon-bude-usvojen-vozace-elektricnih-trotineta-cekaju-nove-obaveze-i-zabrane\\\/\"},\"author\":{\"name\":\"Admin Tri\",\"@id\":\"https:\\\/\\\/tuzlainfo.ba\\\/#\\\/schema\\\/person\\\/593e78a2f6378c5ba3e7600ecfa4e63a\"},\"headline\":\"Ako zakon bude usvojen, voza\u010de elektri\u010dnih trotineta \u010dekaju nove obaveze i zabrane\",\"datePublished\":\"2026-07-19T09:03:59+00:00\",\"dateModified\":\"2026-07-19T20:12:15+00:00\",\"mainEntityOfPage\":{\"@id\":\"https:\\\/\\\/tuzlainfo.ba\\\/index.php\\\/bosna-i-hercegovina\\\/item\\\/310623-ako-zakon-bude-usvojen-vozace-elektricnih-trotineta-cekaju-nove-obaveze-i-zabrane\\\/\"},\"wordCount\":458,\"publisher\":{\"@id\":\"https:\\\/\\\/tuzlainfo.ba\\\/#organization\"},\"image\":{\"@id\":\"https:\\\/\\\/tuzlainfo.ba\\\/index.php\\\/bosna-i-hercegovina\\\/item\\\/310623-ako-zakon-bude-usvojen-vozace-elektricnih-trotineta-cekaju-nove-obaveze-i-zabrane\\\/#primaryimage\"},\"thumbnailUrl\":\"https:\\\/\\\/tuzlainfo.ba\\\/wp-content\\\/uploads\\\/2026\\\/06\\\/2806_romobil_nesreca.jpg\",\"keywords\":[\"Elektri\u010dni romobil\",\"zakon\"],\"articleSection\":[\"Bosna i Hercegovina\",\"Istaknuto\",\"Preporu\u010dujemo\"],\"inLanguage\":\"bs-BA\",\"copyrightYear\":\"2026\",\"copyrightHolder\":{\"@id\":\"https:\\\/\\\/tuzlainfo.ba\\\/#organization\"}},{\"@type\":\"WebPage\",\"@id\":\"https:\\\/\\\/tuzlainfo.ba\\\/index.php\\\/bosna-i-hercegovina\\\/item\\\/310623-ako-zakon-bude-usvojen-vozace-elektricnih-trotineta-cekaju-nove-obaveze-i-zabrane\\\/\",\"url\":\"https:\\\/\\\/tuzlainfo.ba\\\/index.php\\\/bosna-i-hercegovina\\\/item\\\/310623-ako-zakon-bude-usvojen-vozace-elektricnih-trotineta-cekaju-nove-obaveze-i-zabrane\\\/\",\"name\":\"Ako zakon bude usvojen, voza\u010de elektri\u010dnih trotineta \u010dekaju nove obaveze i zabrane\",\"isPartOf\":{\"@id\":\"https:\\\/\\\/tuzlainfo.ba\\\/#website\"},\"primaryImageOfPage\":{\"@id\":\"https:\\\/\\\/tuzlainfo.ba\\\/index.php\\\/bosna-i-hercegovina\\\/item\\\/310623-ako-zakon-bude-usvojen-vozace-elektricnih-trotineta-cekaju-nove-obaveze-i-zabrane\\\/#primaryimage\"},\"image\":{\"@id\":\"https:\\\/\\\/tuzlainfo.ba\\\/index.php\\\/bosna-i-hercegovina\\\/item\\\/310623-ako-zakon-bude-usvojen-vozace-elektricnih-trotineta-cekaju-nove-obaveze-i-zabrane\\\/#primaryimage\"},\"thumbnailUrl\":\"https:\\\/\\\/tuzlainfo.ba\\\/wp-content\\\/uploads\\\/2026\\\/06\\\/2806_romobil_nesreca.jpg\",\"datePublished\":\"2026-07-19T09:03:59+00:00\",\"dateModified\":\"2026-07-19T20:12:15+00:00\",\"breadcrumb\":{\"@id\":\"https:\\\/\\\/tuzlainfo.ba\\\/index.php\\\/bosna-i-hercegovina\\\/item\\\/310623-ako-zakon-bude-usvojen-vozace-elektricnih-trotineta-cekaju-nove-obaveze-i-zabrane\\\/#breadcrumb\"},\"inLanguage\":\"bs-BA\",\"potentialAction\":[{\"@type\":\"ReadAction\",\"target\":[\"https:\\\/\\\/tuzlainfo.ba\\\/index.php\\\/bosna-i-hercegovina\\\/item\\\/310623-ako-zakon-bude-usvojen-vozace-elektricnih-trotineta-cekaju-nove-obaveze-i-zabrane\\\/\"]}]},{\"@type\":\"ImageObject\",\"inLanguage\":\"bs-BA\",\"@id\":\"https:\\\/\\\/tuzlainfo.ba\\\/index.php\\\/bosna-i-hercegovina\\\/item\\\/310623-ako-zakon-bude-usvojen-vozace-elektricnih-trotineta-cekaju-nove-obaveze-i-zabrane\\\/#primaryimage\",\"url\":\"https:\\\/\\\/tuzlainfo.ba\\\/wp-content\\\/uploads\\\/2026\\\/06\\\/2806_romobil_nesreca.jpg\",\"contentUrl\":\"https:\\\/\\\/tuzlainfo.ba\\\/wp-content\\\/uploads\\\/2026\\\/06\\\/2806_romobil_nesreca.jpg\",\"width\":1131,\"height\":689,\"caption\":\"Foto: Tuzlainfo.ba (Arhiv)\"},{\"@type\":\"BreadcrumbList\",\"@id\":\"https:\\\/\\\/tuzlainfo.ba\\\/index.php\\\/bosna-i-hercegovina\\\/item\\\/310623-ako-zakon-bude-usvojen-vozace-elektricnih-trotineta-cekaju-nove-obaveze-i-zabrane\\\/#breadcrumb\",\"itemListElement\":[{\"@type\":\"ListItem\",\"position\":1,\"name\":\"Home\",\"item\":\"https:\\\/\\\/tuzlainfo.ba\\\/\"},{\"@type\":\"ListItem\",\"position\":2,\"name\":\"Ako zakon bude usvojen, voza\u010de elektri\u010dnih trotineta \u010dekaju nove obaveze i zabrane\"}]},{\"@type\":\"WebSite\",\"@id\":\"https:\\\/\\\/tuzlainfo.ba\\\/#website\",\"url\":\"https:\\\/\\\/tuzlainfo.ba\\\/\",\"name\":\"TuzlaInfo.ba\",\"description\":\"Tuzla info, gradski informator - Tuzla na dlanu\",\"publisher\":{\"@id\":\"https:\\\/\\\/tuzlainfo.ba\\\/#organization\"},\"potentialAction\":[{\"@type\":\"SearchAction\",\"target\":{\"@type\":\"EntryPoint\",\"urlTemplate\":\"https:\\\/\\\/tuzlainfo.ba\\\/?s={search_term_string}\"},\"query-input\":{\"@type\":\"PropertyValueSpecification\",\"valueRequired\":true,\"valueName\":\"search_term_string\"}}],\"inLanguage\":\"bs-BA\"},{\"@type\":\"Organization\",\"@id\":\"https:\\\/\\\/tuzlainfo.ba\\\/#organization\",\"name\":\"TuzlaInfo.ba\",\"url\":\"https:\\\/\\\/tuzlainfo.ba\\\/\",\"logo\":{\"@type\":\"ImageObject\",\"inLanguage\":\"bs-BA\",\"@id\":\"https:\\\/\\\/tuzlainfo.ba\\\/#\\\/schema\\\/logo\\\/image\\\/\",\"url\":\"https:\\\/\\\/tuzlainfo.ba\\\/wp-content\\\/uploads\\\/2021\\\/03\\\/logo-ver-3-1.png\",\"contentUrl\":\"https:\\\/\\\/tuzlainfo.ba\\\/wp-content\\\/uploads\\\/2021\\\/03\\\/logo-ver-3-1.png\",\"width\":350,\"height\":95,\"caption\":\"TuzlaInfo.ba\"},\"image\":{\"@id\":\"https:\\\/\\\/tuzlainfo.ba\\\/#\\\/schema\\\/logo\\\/image\\\/\"},\"sameAs\":[\"https:\\\/\\\/www.facebook.com\\\/tuzlainfo.ba\\\/\"]},{\"@type\":\"Person\",\"@id\":\"https:\\\/\\\/tuzlainfo.ba\\\/#\\\/schema\\\/person\\\/593e78a2f6378c5ba3e7600ecfa4e63a\",\"name\":\"Admin Tri\",\"image\":{\"@type\":\"ImageObject\",\"inLanguage\":\"bs-BA\",\"@id\":\"https:\\\/\\\/secure.gravatar.com\\\/avatar\\\/b53a7f47acc7a09467757d8b2234cc38fa334b13599376e53104c0036b528ca1?s=96&d=mm&r=g\",\"url\":\"https:\\\/\\\/secure.gravatar.com\\\/avatar\\\/b53a7f47acc7a09467757d8b2234cc38fa334b13599376e53104c0036b528ca1?s=96&d=mm&r=g\",\"contentUrl\":\"https:\\\/\\\/secure.gravatar.com\\\/avatar\\\/b53a7f47acc7a09467757d8b2234cc38fa334b13599376e53104c0036b528ca1?s=96&d=mm&r=g\",\"caption\":\"Admin Tri\"},\"sameAs\":[\"https:\\\/\\\/tuzlainfo.ba\"]}]}<\/script>\n<!-- \/ Yoast SEO plugin. -->","yoast_head_json":{"title":"Ako zakon bude usvojen, voza\u010de elektri\u010dnih trotineta \u010dekaju nove obaveze i zabrane","robots":{"index":"index","follow":"follow","max-snippet":"max-snippet:-1","max-image-preview":"max-image-preview:large","max-video-preview":"max-video-preview:-1"},"canonical":"https:\/\/tuzlainfo.ba\/index.php\/bosna-i-hercegovina\/item\/310623-ako-zakon-bude-usvojen-vozace-elektricnih-trotineta-cekaju-nove-obaveze-i-zabrane\/","og_locale":"bs_BA","og_type":"article","og_title":"Ako zakon bude usvojen, voza\u010de elektri\u010dnih trotineta \u010dekaju nove obaveze i zabrane","og_description":"Pred zastupnicima Predstavni\u010dkog doma Parlamentarne skup\u0161tine Bosne i Hercegovine u srijedu \u0107e se po hitnom postupku na\u0107i prijedlog izmjena Zakona o osnovama sigurnosti saobra\u0107aja kojim se prvi put uvode jasna pravila za kori\u0161tenje elektri\u010dnih trotineta. Predlo\u017eene izmjene, koje su u parlamentarnu proceduru uputile zastupnice Aida Baru\u010dija i Rejhana Dervi\u0161evi\u0107, imaju za cilj unaprijediti sigurnost svih [&hellip;]","og_url":"https:\/\/tuzlainfo.ba\/index.php\/bosna-i-hercegovina\/item\/310623-ako-zakon-bude-usvojen-vozace-elektricnih-trotineta-cekaju-nove-obaveze-i-zabrane\/","og_site_name":"TuzlaInfo.ba","article_publisher":"https:\/\/www.facebook.com\/tuzlainfo.ba\/","article_published_time":"2026-07-19T09:03:59+00:00","article_modified_time":"2026-07-19T20:12:15+00:00","og_image":[{"width":1131,"height":689,"url":"https:\/\/tuzlainfo.ba\/wp-content\/uploads\/2026\/06\/2806_romobil_nesreca.jpg","type":"image\/jpeg"}],"author":"Admin Tri","twitter_card":"summary_large_image","twitter_misc":{"Written by":"Admin Tri","Est. reading time":"2 minute"},"schema":{"@context":"https:\/\/schema.org","@graph":[{"@type":"Article","@id":"https:\/\/tuzlainfo.ba\/index.php\/bosna-i-hercegovina\/item\/310623-ako-zakon-bude-usvojen-vozace-elektricnih-trotineta-cekaju-nove-obaveze-i-zabrane\/#article","isPartOf":{"@id":"https:\/\/tuzlainfo.ba\/index.php\/bosna-i-hercegovina\/item\/310623-ako-zakon-bude-usvojen-vozace-elektricnih-trotineta-cekaju-nove-obaveze-i-zabrane\/"},"author":{"name":"Admin Tri","@id":"https:\/\/tuzlainfo.ba\/#\/schema\/person\/593e78a2f6378c5ba3e7600ecfa4e63a"},"headline":"Ako zakon bude usvojen, voza\u010de elektri\u010dnih trotineta \u010dekaju nove obaveze i zabrane","datePublished":"2026-07-19T09:03:59+00:00","dateModified":"2026-07-19T20:12:15+00:00","mainEntityOfPage":{"@id":"https:\/\/tuzlainfo.ba\/index.php\/bosna-i-hercegovina\/item\/310623-ako-zakon-bude-usvojen-vozace-elektricnih-trotineta-cekaju-nove-obaveze-i-zabrane\/"},"wordCount":458,"publisher":{"@id":"https:\/\/tuzlainfo.ba\/#organization"},"image":{"@id":"https:\/\/tuzlainfo.ba\/index.php\/bosna-i-hercegovina\/item\/310623-ako-zakon-bude-usvojen-vozace-elektricnih-trotineta-cekaju-nove-obaveze-i-zabrane\/#primaryimage"},"thumbnailUrl":"https:\/\/tuzlainfo.ba\/wp-content\/uploads\/2026\/06\/2806_romobil_nesreca.jpg","keywords":["Elektri\u010dni romobil","zakon"],"articleSection":["Bosna i Hercegovina","Istaknuto","Preporu\u010dujemo"],"inLanguage":"bs-BA","copyrightYear":"2026","copyrightHolder":{"@id":"https:\/\/tuzlainfo.ba\/#organization"}},{"@type":"WebPage","@id":"https:\/\/tuzlainfo.ba\/index.php\/bosna-i-hercegovina\/item\/310623-ako-zakon-bude-usvojen-vozace-elektricnih-trotineta-cekaju-nove-obaveze-i-zabrane\/","url":"https:\/\/tuzlainfo.ba\/index.php\/bosna-i-hercegovina\/item\/310623-ako-zakon-bude-usvojen-vozace-elektricnih-trotineta-cekaju-nove-obaveze-i-zabrane\/","name":"Ako zakon bude usvojen, voza\u010de elektri\u010dnih trotineta \u010dekaju nove obaveze i zabrane","isPartOf":{"@id":"https:\/\/tuzlainfo.ba\/#website"},"primaryImageOfPage":{"@id":"https:\/\/tuzlainfo.ba\/index.php\/bosna-i-hercegovina\/item\/310623-ako-zakon-bude-usvojen-vozace-elektricnih-trotineta-cekaju-nove-obaveze-i-zabrane\/#primaryimage"},"image":{"@id":"https:\/\/tuzlainfo.ba\/index.php\/bosna-i-hercegovina\/item\/310623-ako-zakon-bude-usvojen-vozace-elektricnih-trotineta-cekaju-nove-obaveze-i-zabrane\/#primaryimage"},"thumbnailUrl":"https:\/\/tuzlainfo.ba\/wp-content\/uploads\/2026\/06\/2806_romobil_nesreca.jpg","datePublished":"2026-07-19T09:03:59+00:00","dateModified":"2026-07-19T20:12:15+00:00","breadcrumb":{"@id":"https:\/\/tuzlainfo.ba\/index.php\/bosna-i-hercegovina\/item\/310623-ako-zakon-bude-usvojen-vozace-elektricnih-trotineta-cekaju-nove-obaveze-i-zabrane\/#breadcrumb"},"inLanguage":"bs-BA","potentialAction":[{"@type":"ReadAction","target":["https:\/\/tuzlainfo.ba\/index.php\/bosna-i-hercegovina\/item\/310623-ako-zakon-bude-usvojen-vozace-elektricnih-trotineta-cekaju-nove-obaveze-i-zabrane\/"]}]},{"@type":"ImageObject","inLanguage":"bs-BA","@id":"https:\/\/tuzlainfo.ba\/index.php\/bosna-i-hercegovina\/item\/310623-ako-zakon-bude-usvojen-vozace-elektricnih-trotineta-cekaju-nove-obaveze-i-zabrane\/#primaryimage","url":"https:\/\/tuzlainfo.ba\/wp-content\/uploads\/2026\/06\/2806_romobil_nesreca.jpg","contentUrl":"https:\/\/tuzlainfo.ba\/wp-content\/uploads\/2026\/06\/2806_romobil_nesreca.jpg","width":1131,"height":689,"caption":"Foto: Tuzlainfo.ba (Arhiv)"},{"@type":"BreadcrumbList","@id":"https:\/\/tuzlainfo.ba\/index.php\/bosna-i-hercegovina\/item\/310623-ako-zakon-bude-usvojen-vozace-elektricnih-trotineta-cekaju-nove-obaveze-i-zabrane\/#breadcrumb","itemListElement":[{"@type":"ListItem","position":1,"name":"Home","item":"https:\/\/tuzlainfo.ba\/"},{"@type":"ListItem","position":2,"name":"Ako zakon bude usvojen, voza\u010de elektri\u010dnih trotineta \u010dekaju nove obaveze i zabrane"}]},{"@type":"WebSite","@id":"https:\/\/tuzlainfo.ba\/#website","url":"https:\/\/tuzlainfo.ba\/","name":"TuzlaInfo.ba","description":"Tuzla info, gradski informator - Tuzla na dlanu","publisher":{"@id":"https:\/\/tuzlainfo.ba\/#organization"},"potentialAction":[{"@type":"SearchAction","target":{"@type":"EntryPoint","urlTemplate":"https:\/\/tuzlainfo.ba\/?s={search_term_string}"},"query-input":{"@type":"PropertyValueSpecification","valueRequired":true,"valueName":"search_term_string"}}],"inLanguage":"bs-BA"},{"@type":"Organization","@id":"https:\/\/tuzlainfo.ba\/#organization","name":"TuzlaInfo.ba","url":"https:\/\/tuzlainfo.ba\/","logo":{"@type":"ImageObject","inLanguage":"bs-BA","@id":"https:\/\/tuzlainfo.ba\/#\/schema\/logo\/image\/","url":"https:\/\/tuzlainfo.ba\/wp-content\/uploads\/2021\/03\/logo-ver-3-1.png","contentUrl":"https:\/\/tuzlainfo.ba\/wp-content\/uploads\/2021\/03\/logo-ver-3-1.png","width":350,"height":95,"caption":"TuzlaInfo.ba"},"image":{"@id":"https:\/\/tuzlainfo.ba\/#\/schema\/logo\/image\/"},"sameAs":["https:\/\/www.facebook.com\/tuzlainfo.ba\/"]},{"@type":"Person","@id":"https:\/\/tuzlainfo.ba\/#\/schema\/person\/593e78a2f6378c5ba3e7600ecfa4e63a","name":"Admin Tri","image":{"@type":"ImageObject","inLanguage":"bs-BA","@id":"https:\/\/secure.gravatar.com\/avatar\/b53a7f47acc7a09467757d8b2234cc38fa334b13599376e53104c0036b528ca1?s=96&d=mm&r=g","url":"https:\/\/secure.gravatar.com\/avatar\/b53a7f47acc7a09467757d8b2234cc38fa334b13599376e53104c0036b528ca1?s=96&d=mm&r=g","contentUrl":"https:\/\/secure.gravatar.com\/avatar\/b53a7f47acc7a09467757d8b2234cc38fa334b13599376e53104c0036b528ca1?s=96&d=mm&r=g","caption":"Admin Tri"},"sameAs":["https:\/\/tuzlainfo.ba"]}]}},"_links":{"self":[{"href":"https:\/\/tuzlainfo.ba\/index.php\/wp-json\/wp\/v2\/posts\/310623","targetHints":{"allow":["GET"]}}],"collection":[{"href":"https:\/\/tuzlainfo.ba\/index.php\/wp-json\/wp\/v2\/posts"}],"about":[{"href":"https:\/\/tuzlainfo.ba\/index.php\/wp-json\/wp\/v2\/types\/post"}],"author":[{"embeddable":true,"href":"https:\/\/tuzlainfo.ba\/index.php\/wp-json\/wp\/v2\/users\/8"}],"replies":[{"embeddable":true,"href":"https:\/\/tuzlainfo.ba\/index.php\/wp-json\/wp\/v2\/comments?post=310623"}],"version-history":[{"count":1,"href":"https:\/\/tuzlainfo.ba\/index.php\/wp-json\/wp\/v2\/posts\/310623\/revisions"}],"predecessor-version":[{"id":310624,"href":"https:\/\/tuzlainfo.ba\/index.php\/wp-json\/wp\/v2\/posts\/310623\/revisions\/310624"}],"wp:featuredmedia":[{"embeddable":true,"href":"https:\/\/tuzlainfo.ba\/index.php\/wp-json\/wp\/v2\/media\/308530"}],"wp:attachment":[{"href":"https:\/\/tuzlainfo.ba\/index.php\/wp-json\/wp\/v2\/media?parent=310623"}],"wp:term":[{"taxonomy":"category","embeddable":true,"href":"https:\/\/tuzlainfo.ba\/index.php\/wp-json\/wp\/v2\/categories?post=310623"},{"taxonomy":"post_tag","embeddable":true,"href":"https:\/\/tuzlainfo.ba\/index.php\/wp-json\/wp\/v2\/tags?post=310623"}],"curies":[{"name":"wp","href":"https:\/\/api.w.org\/{rel}","templated":true}]}}