{"id":304311,"date":"2026-05-26T22:00:58","date_gmt":"2026-05-26T20:00:58","guid":{"rendered":"https:\/\/tuzlainfo.ba\/?p=304311"},"modified":"2026-05-26T15:34:14","modified_gmt":"2026-05-26T13:34:14","slug":"minuli-radi-otpremnina-prava-za-roditelje-sta-donosi-novi-zakon-o-radu-u-fbih","status":"publish","type":"post","link":"https:\/\/tuzlainfo.ba\/index.php\/bosna-i-hercegovina\/item\/304311-minuli-radi-otpremnina-prava-za-roditelje-sta-donosi-novi-zakon-o-radu-u-fbih\/","title":{"rendered":"Minuli radi, otpremnina, prava za roditelje: \u0160ta donosi novi Zakon o radu u FBiH?"},"content":{"rendered":"<p data-start=\"0\" data-end=\"218\">U Federaciji Bosne i Hercegovine priprema se novi Zakon o radu koji bi, prema najavama nadle\u017enih, trebao donijeti niz izmjena s ciljem ja\u010danja prava radnika i prilago\u0111avanja tr\u017ei\u0161ta rada savremenim uslovima poslovanja.<\/p>\n<p data-start=\"220\" data-end=\"472\">Jedna od klju\u010dnih novina odnosi se na preciznije definisanje naknada i dodataka na pla\u0107u, uklju\u010duju\u0107i naknadu za ishranu, prevoz, minuli rad i druga primanja. Novi propis trebao bi jasnije urediti ovu oblast, koja do sada nije bila detaljno regulisana.<\/p>\n<p data-start=\"474\" data-end=\"756\">Predvi\u0111eno je i zadr\u017eavanje postoje\u0107ih otkaznih rokova, uz dodatno ure\u0111ivanje prava na otpremninu u zavisnosti od du\u017eine radnog sta\u017ea kod poslodavca. Najavljeno je i jasnije definisanje probnog rada, uz uvo\u0111enje mentorstva i unaprijed odre\u0111enih kriterija za ocjenjivanje zaposlenih.<\/p>\n<p data-start=\"758\" data-end=\"1013\">Nacrt zakona predvi\u0111a da ugovori o radu na neodre\u0111eno vrijeme postanu standardna praksa, dok bi ugovori na odre\u0111eno bili mogu\u0107i samo u posebno definisanim slu\u010dajevima, poput zamjene odsutnog radnika, rada na projektu ili privremenog pove\u0107anja obima posla.<\/p>\n<p data-start=\"1015\" data-end=\"1220\">Me\u0111u planiranim izmjenama je i uvo\u0111enje instituta sezonskog rada, koji bi omogu\u0107io zapo\u0161ljavanje na odre\u0111eno vrijeme do devet mjeseci godi\u0161nje u djelatnostima poput turizma, ugostiteljstva i poljoprivrede.<\/p>\n<p data-start=\"1222\" data-end=\"1524\">Novi zakon trebao bi obuhvatiti i unapre\u0111enje prava iz radnog odnosa, uklju\u010duju\u0107i godi\u0161nji odmor, pla\u0107eno odsustvo, prava roditelja te rad u digitalnom okru\u017eenju. Poseban fokus stavljen je i na regulisanje rada putem digitalnih platformi, kako bi ova oblast bila jasnije ure\u0111ena kroz zakonodavni okvir.<\/p>\n<p data-start=\"1526\" data-end=\"1706\" data-is-last-node=\"\" data-is-only-node=\"\">U okviru izmjena planirano je i ja\u010danje nadzora nad primjenom zakona, inspekcijskih kontrola te kaznenih odredbi, s ciljem suzbijanja neprijavljenog rada i poslovanja u sivoj zoni.<\/p>\n","protected":false},"excerpt":{"rendered":"<p>U Federaciji Bosne i Hercegovine priprema se novi Zakon o radu koji bi, prema najavama nadle\u017enih, trebao donijeti niz izmjena s ciljem ja\u010danja prava radnika i prilago\u0111avanja tr\u017ei\u0161ta rada savremenim uslovima poslovanja. Jedna od klju\u010dnih novina odnosi se na preciznije definisanje naknada i dodataka na pla\u0107u, uklju\u010duju\u0107i naknadu za ishranu, prevoz, minuli rad i druga [&hellip;]<\/p>\n","protected":false},"author":4,"featured_media":61158,"comment_status":"closed","ping_status":"closed","sticky":false,"template":"","format":"standard","meta":{"footnotes":""},"categories":[291,304],"tags":[11833],"class_list":["post-304311","post","type-post","status-publish","format-standard","has-post-thumbnail","hentry","category-bosna-i-hercegovina","category-istaknuto","tag-zakon-o-radu-fbih"],"yoast_head":"<!-- This site is optimized with the Yoast SEO plugin v28.4 - https:\/\/yoast.com\/product\/yoast-seo-wordpress\/ -->\n<title>Minuli radi, otpremnina, prava za roditelje: \u0160ta donosi novi Zakon o radu u FBiH?<\/title>\n<meta name=\"robots\" content=\"index, follow, max-snippet:-1, max-image-preview:large, max-video-preview:-1\" \/>\n<link rel=\"canonical\" href=\"https:\/\/tuzlainfo.ba\/index.php\/bosna-i-hercegovina\/item\/304311-minuli-radi-otpremnina-prava-za-roditelje-sta-donosi-novi-zakon-o-radu-u-fbih\/\" \/>\n<meta property=\"og:locale\" content=\"bs_BA\" \/>\n<meta property=\"og:type\" content=\"article\" \/>\n<meta property=\"og:title\" content=\"Minuli radi, otpremnina, prava za roditelje: \u0160ta donosi novi Zakon o radu u FBiH?\" \/>\n<meta property=\"og:description\" content=\"U Federaciji Bosne i Hercegovine priprema se novi Zakon o radu koji bi, prema najavama nadle\u017enih, trebao donijeti niz izmjena s ciljem ja\u010danja prava radnika i prilago\u0111avanja tr\u017ei\u0161ta rada savremenim uslovima poslovanja. Jedna od klju\u010dnih novina odnosi se na preciznije definisanje naknada i dodataka na pla\u0107u, uklju\u010duju\u0107i naknadu za ishranu, prevoz, minuli rad i druga [&hellip;]\" \/>\n<meta property=\"og:url\" content=\"https:\/\/tuzlainfo.ba\/index.php\/bosna-i-hercegovina\/item\/304311-minuli-radi-otpremnina-prava-za-roditelje-sta-donosi-novi-zakon-o-radu-u-fbih\/\" \/>\n<meta property=\"og:site_name\" content=\"TuzlaInfo.ba\" \/>\n<meta property=\"article:publisher\" content=\"https:\/\/www.facebook.com\/tuzlainfo.ba\/\" \/>\n<meta property=\"article:published_time\" content=\"2026-05-26T20:00:58+00:00\" \/>\n<meta property=\"og:image\" content=\"https:\/\/tuzlainfo.ba\/wp-content\/uploads\/2018\/03\/sadrzaj_2017_20171101_2703_konobar.jpg\" \/>\n\t<meta property=\"og:image:width\" content=\"770\" \/>\n\t<meta property=\"og:image:height\" content=\"536\" \/>\n\t<meta property=\"og:image:type\" content=\"image\/jpeg\" \/>\n<meta name=\"author\" content=\"Tuzla Info\" \/>\n<meta name=\"twitter:card\" content=\"summary_large_image\" \/>\n<meta name=\"twitter:label1\" content=\"Written by\" \/>\n\t<meta name=\"twitter:data1\" content=\"Tuzla Info\" \/>\n\t<meta name=\"twitter:label2\" content=\"Est. reading time\" \/>\n\t<meta name=\"twitter:data2\" content=\"2 minute\" \/>\n<script type=\"application\/ld+json\" class=\"yoast-schema-graph\">{\"@context\":\"https:\\\/\\\/schema.org\",\"@graph\":[{\"@type\":\"Article\",\"@id\":\"https:\\\/\\\/tuzlainfo.ba\\\/index.php\\\/bosna-i-hercegovina\\\/item\\\/304311-minuli-radi-otpremnina-prava-za-roditelje-sta-donosi-novi-zakon-o-radu-u-fbih\\\/#article\",\"isPartOf\":{\"@id\":\"https:\\\/\\\/tuzlainfo.ba\\\/index.php\\\/bosna-i-hercegovina\\\/item\\\/304311-minuli-radi-otpremnina-prava-za-roditelje-sta-donosi-novi-zakon-o-radu-u-fbih\\\/\"},\"author\":{\"name\":\"Tuzla Info\",\"@id\":\"https:\\\/\\\/tuzlainfo.ba\\\/#\\\/schema\\\/person\\\/46cad4c57790cbc50781edd14870825a\"},\"headline\":\"Minuli radi, otpremnina, prava za roditelje: \u0160ta donosi novi Zakon o radu u FBiH?\",\"datePublished\":\"2026-05-26T20:00:58+00:00\",\"mainEntityOfPage\":{\"@id\":\"https:\\\/\\\/tuzlainfo.ba\\\/index.php\\\/bosna-i-hercegovina\\\/item\\\/304311-minuli-radi-otpremnina-prava-za-roditelje-sta-donosi-novi-zakon-o-radu-u-fbih\\\/\"},\"wordCount\":294,\"publisher\":{\"@id\":\"https:\\\/\\\/tuzlainfo.ba\\\/#organization\"},\"image\":{\"@id\":\"https:\\\/\\\/tuzlainfo.ba\\\/index.php\\\/bosna-i-hercegovina\\\/item\\\/304311-minuli-radi-otpremnina-prava-za-roditelje-sta-donosi-novi-zakon-o-radu-u-fbih\\\/#primaryimage\"},\"thumbnailUrl\":\"https:\\\/\\\/tuzlainfo.ba\\\/wp-content\\\/uploads\\\/2018\\\/03\\\/sadrzaj_2017_20171101_2703_konobar.jpg\",\"keywords\":[\"zakon o radu fbih\"],\"articleSection\":[\"Bosna i Hercegovina\",\"Istaknuto\"],\"inLanguage\":\"bs-BA\",\"copyrightYear\":\"2026\",\"copyrightHolder\":{\"@id\":\"https:\\\/\\\/tuzlainfo.ba\\\/#organization\"}},{\"@type\":\"WebPage\",\"@id\":\"https:\\\/\\\/tuzlainfo.ba\\\/index.php\\\/bosna-i-hercegovina\\\/item\\\/304311-minuli-radi-otpremnina-prava-za-roditelje-sta-donosi-novi-zakon-o-radu-u-fbih\\\/\",\"url\":\"https:\\\/\\\/tuzlainfo.ba\\\/index.php\\\/bosna-i-hercegovina\\\/item\\\/304311-minuli-radi-otpremnina-prava-za-roditelje-sta-donosi-novi-zakon-o-radu-u-fbih\\\/\",\"name\":\"Minuli radi, otpremnina, prava za roditelje: \u0160ta donosi novi Zakon o radu u FBiH?\",\"isPartOf\":{\"@id\":\"https:\\\/\\\/tuzlainfo.ba\\\/#website\"},\"primaryImageOfPage\":{\"@id\":\"https:\\\/\\\/tuzlainfo.ba\\\/index.php\\\/bosna-i-hercegovina\\\/item\\\/304311-minuli-radi-otpremnina-prava-za-roditelje-sta-donosi-novi-zakon-o-radu-u-fbih\\\/#primaryimage\"},\"image\":{\"@id\":\"https:\\\/\\\/tuzlainfo.ba\\\/index.php\\\/bosna-i-hercegovina\\\/item\\\/304311-minuli-radi-otpremnina-prava-za-roditelje-sta-donosi-novi-zakon-o-radu-u-fbih\\\/#primaryimage\"},\"thumbnailUrl\":\"https:\\\/\\\/tuzlainfo.ba\\\/wp-content\\\/uploads\\\/2018\\\/03\\\/sadrzaj_2017_20171101_2703_konobar.jpg\",\"datePublished\":\"2026-05-26T20:00:58+00:00\",\"breadcrumb\":{\"@id\":\"https:\\\/\\\/tuzlainfo.ba\\\/index.php\\\/bosna-i-hercegovina\\\/item\\\/304311-minuli-radi-otpremnina-prava-za-roditelje-sta-donosi-novi-zakon-o-radu-u-fbih\\\/#breadcrumb\"},\"inLanguage\":\"bs-BA\",\"potentialAction\":[{\"@type\":\"ReadAction\",\"target\":[\"https:\\\/\\\/tuzlainfo.ba\\\/index.php\\\/bosna-i-hercegovina\\\/item\\\/304311-minuli-radi-otpremnina-prava-za-roditelje-sta-donosi-novi-zakon-o-radu-u-fbih\\\/\"]}]},{\"@type\":\"ImageObject\",\"inLanguage\":\"bs-BA\",\"@id\":\"https:\\\/\\\/tuzlainfo.ba\\\/index.php\\\/bosna-i-hercegovina\\\/item\\\/304311-minuli-radi-otpremnina-prava-za-roditelje-sta-donosi-novi-zakon-o-radu-u-fbih\\\/#primaryimage\",\"url\":\"https:\\\/\\\/tuzlainfo.ba\\\/wp-content\\\/uploads\\\/2018\\\/03\\\/sadrzaj_2017_20171101_2703_konobar.jpg\",\"contentUrl\":\"https:\\\/\\\/tuzlainfo.ba\\\/wp-content\\\/uploads\\\/2018\\\/03\\\/sadrzaj_2017_20171101_2703_konobar.jpg\",\"width\":770,\"height\":536,\"caption\":\"2703 konobar\"},{\"@type\":\"BreadcrumbList\",\"@id\":\"https:\\\/\\\/tuzlainfo.ba\\\/index.php\\\/bosna-i-hercegovina\\\/item\\\/304311-minuli-radi-otpremnina-prava-za-roditelje-sta-donosi-novi-zakon-o-radu-u-fbih\\\/#breadcrumb\",\"itemListElement\":[{\"@type\":\"ListItem\",\"position\":1,\"name\":\"Home\",\"item\":\"https:\\\/\\\/tuzlainfo.ba\\\/\"},{\"@type\":\"ListItem\",\"position\":2,\"name\":\"Minuli radi, otpremnina, prava za roditelje: \u0160ta donosi novi Zakon o radu u FBiH?\"}]},{\"@type\":\"WebSite\",\"@id\":\"https:\\\/\\\/tuzlainfo.ba\\\/#website\",\"url\":\"https:\\\/\\\/tuzlainfo.ba\\\/\",\"name\":\"TuzlaInfo.ba\",\"description\":\"Tuzla info, gradski informator - Tuzla na dlanu\",\"publisher\":{\"@id\":\"https:\\\/\\\/tuzlainfo.ba\\\/#organization\"},\"potentialAction\":[{\"@type\":\"SearchAction\",\"target\":{\"@type\":\"EntryPoint\",\"urlTemplate\":\"https:\\\/\\\/tuzlainfo.ba\\\/?s={search_term_string}\"},\"query-input\":{\"@type\":\"PropertyValueSpecification\",\"valueRequired\":true,\"valueName\":\"search_term_string\"}}],\"inLanguage\":\"bs-BA\"},{\"@type\":\"Organization\",\"@id\":\"https:\\\/\\\/tuzlainfo.ba\\\/#organization\",\"name\":\"TuzlaInfo.ba\",\"url\":\"https:\\\/\\\/tuzlainfo.ba\\\/\",\"logo\":{\"@type\":\"ImageObject\",\"inLanguage\":\"bs-BA\",\"@id\":\"https:\\\/\\\/tuzlainfo.ba\\\/#\\\/schema\\\/logo\\\/image\\\/\",\"url\":\"https:\\\/\\\/tuzlainfo.ba\\\/wp-content\\\/uploads\\\/2021\\\/03\\\/logo-ver-3-1.png\",\"contentUrl\":\"https:\\\/\\\/tuzlainfo.ba\\\/wp-content\\\/uploads\\\/2021\\\/03\\\/logo-ver-3-1.png\",\"width\":350,\"height\":95,\"caption\":\"TuzlaInfo.ba\"},\"image\":{\"@id\":\"https:\\\/\\\/tuzlainfo.ba\\\/#\\\/schema\\\/logo\\\/image\\\/\"},\"sameAs\":[\"https:\\\/\\\/www.facebook.com\\\/tuzlainfo.ba\\\/\"]},{\"@type\":\"Person\",\"@id\":\"https:\\\/\\\/tuzlainfo.ba\\\/#\\\/schema\\\/person\\\/46cad4c57790cbc50781edd14870825a\",\"name\":\"Tuzla Info\",\"image\":{\"@type\":\"ImageObject\",\"inLanguage\":\"bs-BA\",\"@id\":\"https:\\\/\\\/secure.gravatar.com\\\/avatar\\\/e980921b00fa2e552723a2386544734ce6885d2b2304ccca3f45186f9ca4031d?s=96&d=mm&r=g\",\"url\":\"https:\\\/\\\/secure.gravatar.com\\\/avatar\\\/e980921b00fa2e552723a2386544734ce6885d2b2304ccca3f45186f9ca4031d?s=96&d=mm&r=g\",\"contentUrl\":\"https:\\\/\\\/secure.gravatar.com\\\/avatar\\\/e980921b00fa2e552723a2386544734ce6885d2b2304ccca3f45186f9ca4031d?s=96&d=mm&r=g\",\"caption\":\"Tuzla Info\"}}]}<\/script>\n<!-- \/ Yoast SEO plugin. -->","yoast_head_json":{"title":"Minuli radi, otpremnina, prava za roditelje: \u0160ta donosi novi Zakon o radu u FBiH?","robots":{"index":"index","follow":"follow","max-snippet":"max-snippet:-1","max-image-preview":"max-image-preview:large","max-video-preview":"max-video-preview:-1"},"canonical":"https:\/\/tuzlainfo.ba\/index.php\/bosna-i-hercegovina\/item\/304311-minuli-radi-otpremnina-prava-za-roditelje-sta-donosi-novi-zakon-o-radu-u-fbih\/","og_locale":"bs_BA","og_type":"article","og_title":"Minuli radi, otpremnina, prava za roditelje: \u0160ta donosi novi Zakon o radu u FBiH?","og_description":"U Federaciji Bosne i Hercegovine priprema se novi Zakon o radu koji bi, prema najavama nadle\u017enih, trebao donijeti niz izmjena s ciljem ja\u010danja prava radnika i prilago\u0111avanja tr\u017ei\u0161ta rada savremenim uslovima poslovanja. Jedna od klju\u010dnih novina odnosi se na preciznije definisanje naknada i dodataka na pla\u0107u, uklju\u010duju\u0107i naknadu za ishranu, prevoz, minuli rad i druga [&hellip;]","og_url":"https:\/\/tuzlainfo.ba\/index.php\/bosna-i-hercegovina\/item\/304311-minuli-radi-otpremnina-prava-za-roditelje-sta-donosi-novi-zakon-o-radu-u-fbih\/","og_site_name":"TuzlaInfo.ba","article_publisher":"https:\/\/www.facebook.com\/tuzlainfo.ba\/","article_published_time":"2026-05-26T20:00:58+00:00","og_image":[{"width":770,"height":536,"url":"https:\/\/tuzlainfo.ba\/wp-content\/uploads\/2018\/03\/sadrzaj_2017_20171101_2703_konobar.jpg","type":"image\/jpeg"}],"author":"Tuzla Info","twitter_card":"summary_large_image","twitter_misc":{"Written by":"Tuzla Info","Est. reading time":"2 minute"},"schema":{"@context":"https:\/\/schema.org","@graph":[{"@type":"Article","@id":"https:\/\/tuzlainfo.ba\/index.php\/bosna-i-hercegovina\/item\/304311-minuli-radi-otpremnina-prava-za-roditelje-sta-donosi-novi-zakon-o-radu-u-fbih\/#article","isPartOf":{"@id":"https:\/\/tuzlainfo.ba\/index.php\/bosna-i-hercegovina\/item\/304311-minuli-radi-otpremnina-prava-za-roditelje-sta-donosi-novi-zakon-o-radu-u-fbih\/"},"author":{"name":"Tuzla Info","@id":"https:\/\/tuzlainfo.ba\/#\/schema\/person\/46cad4c57790cbc50781edd14870825a"},"headline":"Minuli radi, otpremnina, prava za roditelje: \u0160ta donosi novi Zakon o radu u FBiH?","datePublished":"2026-05-26T20:00:58+00:00","mainEntityOfPage":{"@id":"https:\/\/tuzlainfo.ba\/index.php\/bosna-i-hercegovina\/item\/304311-minuli-radi-otpremnina-prava-za-roditelje-sta-donosi-novi-zakon-o-radu-u-fbih\/"},"wordCount":294,"publisher":{"@id":"https:\/\/tuzlainfo.ba\/#organization"},"image":{"@id":"https:\/\/tuzlainfo.ba\/index.php\/bosna-i-hercegovina\/item\/304311-minuli-radi-otpremnina-prava-za-roditelje-sta-donosi-novi-zakon-o-radu-u-fbih\/#primaryimage"},"thumbnailUrl":"https:\/\/tuzlainfo.ba\/wp-content\/uploads\/2018\/03\/sadrzaj_2017_20171101_2703_konobar.jpg","keywords":["zakon o radu fbih"],"articleSection":["Bosna i Hercegovina","Istaknuto"],"inLanguage":"bs-BA","copyrightYear":"2026","copyrightHolder":{"@id":"https:\/\/tuzlainfo.ba\/#organization"}},{"@type":"WebPage","@id":"https:\/\/tuzlainfo.ba\/index.php\/bosna-i-hercegovina\/item\/304311-minuli-radi-otpremnina-prava-za-roditelje-sta-donosi-novi-zakon-o-radu-u-fbih\/","url":"https:\/\/tuzlainfo.ba\/index.php\/bosna-i-hercegovina\/item\/304311-minuli-radi-otpremnina-prava-za-roditelje-sta-donosi-novi-zakon-o-radu-u-fbih\/","name":"Minuli radi, otpremnina, prava za roditelje: \u0160ta donosi novi Zakon o radu u FBiH?","isPartOf":{"@id":"https:\/\/tuzlainfo.ba\/#website"},"primaryImageOfPage":{"@id":"https:\/\/tuzlainfo.ba\/index.php\/bosna-i-hercegovina\/item\/304311-minuli-radi-otpremnina-prava-za-roditelje-sta-donosi-novi-zakon-o-radu-u-fbih\/#primaryimage"},"image":{"@id":"https:\/\/tuzlainfo.ba\/index.php\/bosna-i-hercegovina\/item\/304311-minuli-radi-otpremnina-prava-za-roditelje-sta-donosi-novi-zakon-o-radu-u-fbih\/#primaryimage"},"thumbnailUrl":"https:\/\/tuzlainfo.ba\/wp-content\/uploads\/2018\/03\/sadrzaj_2017_20171101_2703_konobar.jpg","datePublished":"2026-05-26T20:00:58+00:00","breadcrumb":{"@id":"https:\/\/tuzlainfo.ba\/index.php\/bosna-i-hercegovina\/item\/304311-minuli-radi-otpremnina-prava-za-roditelje-sta-donosi-novi-zakon-o-radu-u-fbih\/#breadcrumb"},"inLanguage":"bs-BA","potentialAction":[{"@type":"ReadAction","target":["https:\/\/tuzlainfo.ba\/index.php\/bosna-i-hercegovina\/item\/304311-minuli-radi-otpremnina-prava-za-roditelje-sta-donosi-novi-zakon-o-radu-u-fbih\/"]}]},{"@type":"ImageObject","inLanguage":"bs-BA","@id":"https:\/\/tuzlainfo.ba\/index.php\/bosna-i-hercegovina\/item\/304311-minuli-radi-otpremnina-prava-za-roditelje-sta-donosi-novi-zakon-o-radu-u-fbih\/#primaryimage","url":"https:\/\/tuzlainfo.ba\/wp-content\/uploads\/2018\/03\/sadrzaj_2017_20171101_2703_konobar.jpg","contentUrl":"https:\/\/tuzlainfo.ba\/wp-content\/uploads\/2018\/03\/sadrzaj_2017_20171101_2703_konobar.jpg","width":770,"height":536,"caption":"2703 konobar"},{"@type":"BreadcrumbList","@id":"https:\/\/tuzlainfo.ba\/index.php\/bosna-i-hercegovina\/item\/304311-minuli-radi-otpremnina-prava-za-roditelje-sta-donosi-novi-zakon-o-radu-u-fbih\/#breadcrumb","itemListElement":[{"@type":"ListItem","position":1,"name":"Home","item":"https:\/\/tuzlainfo.ba\/"},{"@type":"ListItem","position":2,"name":"Minuli radi, otpremnina, prava za roditelje: \u0160ta donosi novi Zakon o radu u FBiH?"}]},{"@type":"WebSite","@id":"https:\/\/tuzlainfo.ba\/#website","url":"https:\/\/tuzlainfo.ba\/","name":"TuzlaInfo.ba","description":"Tuzla info, gradski informator - Tuzla na dlanu","publisher":{"@id":"https:\/\/tuzlainfo.ba\/#organization"},"potentialAction":[{"@type":"SearchAction","target":{"@type":"EntryPoint","urlTemplate":"https:\/\/tuzlainfo.ba\/?s={search_term_string}"},"query-input":{"@type":"PropertyValueSpecification","valueRequired":true,"valueName":"search_term_string"}}],"inLanguage":"bs-BA"},{"@type":"Organization","@id":"https:\/\/tuzlainfo.ba\/#organization","name":"TuzlaInfo.ba","url":"https:\/\/tuzlainfo.ba\/","logo":{"@type":"ImageObject","inLanguage":"bs-BA","@id":"https:\/\/tuzlainfo.ba\/#\/schema\/logo\/image\/","url":"https:\/\/tuzlainfo.ba\/wp-content\/uploads\/2021\/03\/logo-ver-3-1.png","contentUrl":"https:\/\/tuzlainfo.ba\/wp-content\/uploads\/2021\/03\/logo-ver-3-1.png","width":350,"height":95,"caption":"TuzlaInfo.ba"},"image":{"@id":"https:\/\/tuzlainfo.ba\/#\/schema\/logo\/image\/"},"sameAs":["https:\/\/www.facebook.com\/tuzlainfo.ba\/"]},{"@type":"Person","@id":"https:\/\/tuzlainfo.ba\/#\/schema\/person\/46cad4c57790cbc50781edd14870825a","name":"Tuzla Info","image":{"@type":"ImageObject","inLanguage":"bs-BA","@id":"https:\/\/secure.gravatar.com\/avatar\/e980921b00fa2e552723a2386544734ce6885d2b2304ccca3f45186f9ca4031d?s=96&d=mm&r=g","url":"https:\/\/secure.gravatar.com\/avatar\/e980921b00fa2e552723a2386544734ce6885d2b2304ccca3f45186f9ca4031d?s=96&d=mm&r=g","contentUrl":"https:\/\/secure.gravatar.com\/avatar\/e980921b00fa2e552723a2386544734ce6885d2b2304ccca3f45186f9ca4031d?s=96&d=mm&r=g","caption":"Tuzla Info"}}]}},"_links":{"self":[{"href":"https:\/\/tuzlainfo.ba\/index.php\/wp-json\/wp\/v2\/posts\/304311","targetHints":{"allow":["GET"]}}],"collection":[{"href":"https:\/\/tuzlainfo.ba\/index.php\/wp-json\/wp\/v2\/posts"}],"about":[{"href":"https:\/\/tuzlainfo.ba\/index.php\/wp-json\/wp\/v2\/types\/post"}],"author":[{"embeddable":true,"href":"https:\/\/tuzlainfo.ba\/index.php\/wp-json\/wp\/v2\/users\/4"}],"replies":[{"embeddable":true,"href":"https:\/\/tuzlainfo.ba\/index.php\/wp-json\/wp\/v2\/comments?post=304311"}],"version-history":[{"count":1,"href":"https:\/\/tuzlainfo.ba\/index.php\/wp-json\/wp\/v2\/posts\/304311\/revisions"}],"predecessor-version":[{"id":304312,"href":"https:\/\/tuzlainfo.ba\/index.php\/wp-json\/wp\/v2\/posts\/304311\/revisions\/304312"}],"wp:featuredmedia":[{"embeddable":true,"href":"https:\/\/tuzlainfo.ba\/index.php\/wp-json\/wp\/v2\/media\/61158"}],"wp:attachment":[{"href":"https:\/\/tuzlainfo.ba\/index.php\/wp-json\/wp\/v2\/media?parent=304311"}],"wp:term":[{"taxonomy":"category","embeddable":true,"href":"https:\/\/tuzlainfo.ba\/index.php\/wp-json\/wp\/v2\/categories?post=304311"},{"taxonomy":"post_tag","embeddable":true,"href":"https:\/\/tuzlainfo.ba\/index.php\/wp-json\/wp\/v2\/tags?post=304311"}],"curies":[{"name":"wp","href":"https:\/\/api.w.org\/{rel}","templated":true}]}}