{"id":304264,"date":"2026-05-25T14:36:21","date_gmt":"2026-05-25T12:36:21","guid":{"rendered":"https:\/\/tuzlainfo.ba\/?p=304264"},"modified":"2026-05-25T14:36:21","modified_gmt":"2026-05-25T12:36:21","slug":"sud-u-tuzli-izrekao-presudu-zatvor-i-120-000-km-odstete-zbog-smrti-iz-nehata","status":"publish","type":"post","link":"https:\/\/tuzlainfo.ba\/index.php\/novosti\/item\/304264-sud-u-tuzli-izrekao-presudu-zatvor-i-120-000-km-odstete-zbog-smrti-iz-nehata\/","title":{"rendered":"Sud u Tuzli izrekao presudu: Zatvor i 120.000 KM od\u0161tete zbog smrti iz nehata"},"content":{"rendered":"<p style=\"font-weight: 400;\"><span style=\"font-weight: inherit;\">Kantonalni sud u Tuzli, u prvostepenom krivi\u010dnom postupku protiv Salima Kova\u010devi\u0107a, donio je i javno objavio nepravosna\u017enu presudu kojom je optu\u017eeni ogla\u0161en krivim zbog krivi\u010dnog djela<\/span>\u00a0<span style=\"font-weight: inherit;\">Prouzrokovanje smrti iz nehata iz \u010dlana 168. Krivi\u010dnog zakona Federacije Bosne i Hercegovine, te mu izrekao kaznu zatvora u trajanju od jedne godine.<\/span><\/p>\n<p style=\"font-weight: 400;\"><span style=\"font-weight: inherit;\">Optu\u017eeni je ogla\u0161en krivim \u0161to je dana 11. januara 2025. godine, oko 2 sata iza pono\u0107i, nakon verbalnog sukoba sa S.S. u jednom ugostiteljskom objektu u Gra\u010danici, u mjestu Miri\u010dina, na parkingu ispred objekta, gdje je prethodno do\u0161lo do fizi\u010dkog sukoba S.S. sa vi\u0161e gostiju navedenog objekta koji su o\u0161te\u0107enom nanijeli udarce od kojih je zadobio lake tjelesne povrede, iako nije bio svjestan mogu\u0107nosti da mo\u017ee do\u0107i do usmr\u0107enja o\u0161te\u0107enog, ali je prema svim okolnostima bio du\u017ean i mogao biti svjestan te mogu\u0107nosti, istom zadao jedan udarac koljenom noge u predjelu stomaka, a nakon \u010dega su obojica pali na tlo, kojom prilikom je S.S. potilja\u010dnim dijelom glave udario u asfaltno-betonsku podlogu, te zadobio te\u0161ku i za po \u017eivot opasnu tjelesnu povredu, od kojih povreda je dana 15.01.2025. godine preminuo u UKC-u Tuzla.<\/span><\/p>\n<p style=\"font-weight: 400;\"><span style=\"font-weight: inherit;\">Optu\u017eenom se u izre\u010denu kaznu zatvora ura\u010dunava vrijeme provedeno u pritvoru od 17.01.2025. godine do 28.10.2025. godine.<\/span><\/p>\n<p style=\"font-weight: 400;\"><span style=\"font-weight: inherit;\">Sud je obavezao optu\u017eenog da na ime naknade nematerijalne \u0161tete zbog du\u0161evnih bolova uslijed smrti bliskog srodnika, za \u010detiri \u010dlana porodice o\u0161te\u0107enog, isplati nov\u010dane iznose od po 30.000,00 KM u roku od trideset dana od dana pravosna\u017enosti presude pod prijetnjom prinudnog izvr\u0161enja.<\/span><\/p>\n<p style=\"font-weight: 400;\"><span style=\"font-weight: inherit;\">\u00a0<\/span><\/p>\n","protected":false},"excerpt":{"rendered":"<p>Kantonalni sud u Tuzli, u prvostepenom krivi\u010dnom postupku protiv Salima Kova\u010devi\u0107a, donio je i javno objavio nepravosna\u017enu presudu kojom je optu\u017eeni ogla\u0161en krivim zbog krivi\u010dnog djela\u00a0Prouzrokovanje smrti iz nehata iz \u010dlana 168. Krivi\u010dnog zakona Federacije Bosne i Hercegovine, te mu izrekao kaznu zatvora u trajanju od jedne godine. Optu\u017eeni je ogla\u0161en krivim \u0161to je dana [&hellip;]<\/p>\n","protected":false},"author":4,"featured_media":195467,"comment_status":"closed","ping_status":"closed","sticky":false,"template":"","format":"standard","meta":{"footnotes":""},"categories":[304,12],"tags":[3308],"class_list":["post-304264","post","type-post","status-publish","format-standard","has-post-thumbnail","hentry","category-istaknuto","category-novosti","tag-presuda"],"yoast_head":"<!-- This site is optimized with the Yoast SEO plugin v28.4 - https:\/\/yoast.com\/product\/yoast-seo-wordpress\/ -->\n<title>Sud u Tuzli izrekao presudu: Zatvor i 120.000 KM od\u0161tete zbog smrti iz nehata<\/title>\n<meta name=\"robots\" content=\"index, follow, max-snippet:-1, max-image-preview:large, max-video-preview:-1\" \/>\n<link rel=\"canonical\" href=\"https:\/\/tuzlainfo.ba\/index.php\/novosti\/item\/304264-sud-u-tuzli-izrekao-presudu-zatvor-i-120-000-km-odstete-zbog-smrti-iz-nehata\/\" \/>\n<meta property=\"og:locale\" content=\"bs_BA\" \/>\n<meta property=\"og:type\" content=\"article\" \/>\n<meta property=\"og:title\" content=\"Sud u Tuzli izrekao presudu: Zatvor i 120.000 KM od\u0161tete zbog smrti iz nehata\" \/>\n<meta property=\"og:description\" content=\"Kantonalni sud u Tuzli, u prvostepenom krivi\u010dnom postupku protiv Salima Kova\u010devi\u0107a, donio je i javno objavio nepravosna\u017enu presudu kojom je optu\u017eeni ogla\u0161en krivim zbog krivi\u010dnog djela\u00a0Prouzrokovanje smrti iz nehata iz \u010dlana 168. Krivi\u010dnog zakona Federacije Bosne i Hercegovine, te mu izrekao kaznu zatvora u trajanju od jedne godine. Optu\u017eeni je ogla\u0161en krivim \u0161to je dana [&hellip;]\" \/>\n<meta property=\"og:url\" content=\"https:\/\/tuzlainfo.ba\/index.php\/novosti\/item\/304264-sud-u-tuzli-izrekao-presudu-zatvor-i-120-000-km-odstete-zbog-smrti-iz-nehata\/\" \/>\n<meta property=\"og:site_name\" content=\"TuzlaInfo.ba\" \/>\n<meta property=\"article:publisher\" content=\"https:\/\/www.facebook.com\/tuzlainfo.ba\/\" \/>\n<meta property=\"article:published_time\" content=\"2026-05-25T12:36:21+00:00\" \/>\n<meta property=\"og:image\" content=\"https:\/\/tuzlainfo.ba\/wp-content\/uploads\/2023\/01\/kantonalni_sud-1.jpg\" \/>\n\t<meta property=\"og:image:width\" content=\"1835\" \/>\n\t<meta property=\"og:image:height\" content=\"1249\" \/>\n\t<meta property=\"og:image:type\" content=\"image\/jpeg\" \/>\n<meta name=\"author\" content=\"Tuzla Info\" \/>\n<meta name=\"twitter:card\" content=\"summary_large_image\" \/>\n<meta name=\"twitter:label1\" content=\"Written by\" \/>\n\t<meta name=\"twitter:data1\" content=\"Tuzla Info\" \/>\n\t<meta name=\"twitter:label2\" content=\"Est. reading time\" \/>\n\t<meta name=\"twitter:data2\" content=\"2 minute\" \/>\n<script type=\"application\/ld+json\" class=\"yoast-schema-graph\">{\"@context\":\"https:\\\/\\\/schema.org\",\"@graph\":[{\"@type\":\"Article\",\"@id\":\"https:\\\/\\\/tuzlainfo.ba\\\/index.php\\\/novosti\\\/item\\\/304264-sud-u-tuzli-izrekao-presudu-zatvor-i-120-000-km-odstete-zbog-smrti-iz-nehata\\\/#article\",\"isPartOf\":{\"@id\":\"https:\\\/\\\/tuzlainfo.ba\\\/index.php\\\/novosti\\\/item\\\/304264-sud-u-tuzli-izrekao-presudu-zatvor-i-120-000-km-odstete-zbog-smrti-iz-nehata\\\/\"},\"author\":{\"name\":\"Tuzla Info\",\"@id\":\"https:\\\/\\\/tuzlainfo.ba\\\/#\\\/schema\\\/person\\\/46cad4c57790cbc50781edd14870825a\"},\"headline\":\"Sud u Tuzli izrekao presudu: Zatvor i 120.000 KM od\u0161tete zbog smrti iz nehata\",\"datePublished\":\"2026-05-25T12:36:21+00:00\",\"mainEntityOfPage\":{\"@id\":\"https:\\\/\\\/tuzlainfo.ba\\\/index.php\\\/novosti\\\/item\\\/304264-sud-u-tuzli-izrekao-presudu-zatvor-i-120-000-km-odstete-zbog-smrti-iz-nehata\\\/\"},\"wordCount\":287,\"publisher\":{\"@id\":\"https:\\\/\\\/tuzlainfo.ba\\\/#organization\"},\"image\":{\"@id\":\"https:\\\/\\\/tuzlainfo.ba\\\/index.php\\\/novosti\\\/item\\\/304264-sud-u-tuzli-izrekao-presudu-zatvor-i-120-000-km-odstete-zbog-smrti-iz-nehata\\\/#primaryimage\"},\"thumbnailUrl\":\"https:\\\/\\\/tuzlainfo.ba\\\/wp-content\\\/uploads\\\/2023\\\/01\\\/kantonalni_sud-1.jpg\",\"keywords\":[\"Presuda\"],\"articleSection\":[\"Istaknuto\",\"Novosti\"],\"inLanguage\":\"bs-BA\",\"copyrightYear\":\"2026\",\"copyrightHolder\":{\"@id\":\"https:\\\/\\\/tuzlainfo.ba\\\/#organization\"}},{\"@type\":\"WebPage\",\"@id\":\"https:\\\/\\\/tuzlainfo.ba\\\/index.php\\\/novosti\\\/item\\\/304264-sud-u-tuzli-izrekao-presudu-zatvor-i-120-000-km-odstete-zbog-smrti-iz-nehata\\\/\",\"url\":\"https:\\\/\\\/tuzlainfo.ba\\\/index.php\\\/novosti\\\/item\\\/304264-sud-u-tuzli-izrekao-presudu-zatvor-i-120-000-km-odstete-zbog-smrti-iz-nehata\\\/\",\"name\":\"Sud u Tuzli izrekao presudu: Zatvor i 120.000 KM od\u0161tete zbog smrti iz nehata\",\"isPartOf\":{\"@id\":\"https:\\\/\\\/tuzlainfo.ba\\\/#website\"},\"primaryImageOfPage\":{\"@id\":\"https:\\\/\\\/tuzlainfo.ba\\\/index.php\\\/novosti\\\/item\\\/304264-sud-u-tuzli-izrekao-presudu-zatvor-i-120-000-km-odstete-zbog-smrti-iz-nehata\\\/#primaryimage\"},\"image\":{\"@id\":\"https:\\\/\\\/tuzlainfo.ba\\\/index.php\\\/novosti\\\/item\\\/304264-sud-u-tuzli-izrekao-presudu-zatvor-i-120-000-km-odstete-zbog-smrti-iz-nehata\\\/#primaryimage\"},\"thumbnailUrl\":\"https:\\\/\\\/tuzlainfo.ba\\\/wp-content\\\/uploads\\\/2023\\\/01\\\/kantonalni_sud-1.jpg\",\"datePublished\":\"2026-05-25T12:36:21+00:00\",\"breadcrumb\":{\"@id\":\"https:\\\/\\\/tuzlainfo.ba\\\/index.php\\\/novosti\\\/item\\\/304264-sud-u-tuzli-izrekao-presudu-zatvor-i-120-000-km-odstete-zbog-smrti-iz-nehata\\\/#breadcrumb\"},\"inLanguage\":\"bs-BA\",\"potentialAction\":[{\"@type\":\"ReadAction\",\"target\":[\"https:\\\/\\\/tuzlainfo.ba\\\/index.php\\\/novosti\\\/item\\\/304264-sud-u-tuzli-izrekao-presudu-zatvor-i-120-000-km-odstete-zbog-smrti-iz-nehata\\\/\"]}]},{\"@type\":\"ImageObject\",\"inLanguage\":\"bs-BA\",\"@id\":\"https:\\\/\\\/tuzlainfo.ba\\\/index.php\\\/novosti\\\/item\\\/304264-sud-u-tuzli-izrekao-presudu-zatvor-i-120-000-km-odstete-zbog-smrti-iz-nehata\\\/#primaryimage\",\"url\":\"https:\\\/\\\/tuzlainfo.ba\\\/wp-content\\\/uploads\\\/2023\\\/01\\\/kantonalni_sud-1.jpg\",\"contentUrl\":\"https:\\\/\\\/tuzlainfo.ba\\\/wp-content\\\/uploads\\\/2023\\\/01\\\/kantonalni_sud-1.jpg\",\"width\":1835,\"height\":1249},{\"@type\":\"BreadcrumbList\",\"@id\":\"https:\\\/\\\/tuzlainfo.ba\\\/index.php\\\/novosti\\\/item\\\/304264-sud-u-tuzli-izrekao-presudu-zatvor-i-120-000-km-odstete-zbog-smrti-iz-nehata\\\/#breadcrumb\",\"itemListElement\":[{\"@type\":\"ListItem\",\"position\":1,\"name\":\"Home\",\"item\":\"https:\\\/\\\/tuzlainfo.ba\\\/\"},{\"@type\":\"ListItem\",\"position\":2,\"name\":\"Sud u Tuzli izrekao presudu: Zatvor i 120.000 KM od\u0161tete zbog smrti iz nehata\"}]},{\"@type\":\"WebSite\",\"@id\":\"https:\\\/\\\/tuzlainfo.ba\\\/#website\",\"url\":\"https:\\\/\\\/tuzlainfo.ba\\\/\",\"name\":\"TuzlaInfo.ba\",\"description\":\"Tuzla info, gradski informator - Tuzla na dlanu\",\"publisher\":{\"@id\":\"https:\\\/\\\/tuzlainfo.ba\\\/#organization\"},\"potentialAction\":[{\"@type\":\"SearchAction\",\"target\":{\"@type\":\"EntryPoint\",\"urlTemplate\":\"https:\\\/\\\/tuzlainfo.ba\\\/?s={search_term_string}\"},\"query-input\":{\"@type\":\"PropertyValueSpecification\",\"valueRequired\":true,\"valueName\":\"search_term_string\"}}],\"inLanguage\":\"bs-BA\"},{\"@type\":\"Organization\",\"@id\":\"https:\\\/\\\/tuzlainfo.ba\\\/#organization\",\"name\":\"TuzlaInfo.ba\",\"url\":\"https:\\\/\\\/tuzlainfo.ba\\\/\",\"logo\":{\"@type\":\"ImageObject\",\"inLanguage\":\"bs-BA\",\"@id\":\"https:\\\/\\\/tuzlainfo.ba\\\/#\\\/schema\\\/logo\\\/image\\\/\",\"url\":\"https:\\\/\\\/tuzlainfo.ba\\\/wp-content\\\/uploads\\\/2021\\\/03\\\/logo-ver-3-1.png\",\"contentUrl\":\"https:\\\/\\\/tuzlainfo.ba\\\/wp-content\\\/uploads\\\/2021\\\/03\\\/logo-ver-3-1.png\",\"width\":350,\"height\":95,\"caption\":\"TuzlaInfo.ba\"},\"image\":{\"@id\":\"https:\\\/\\\/tuzlainfo.ba\\\/#\\\/schema\\\/logo\\\/image\\\/\"},\"sameAs\":[\"https:\\\/\\\/www.facebook.com\\\/tuzlainfo.ba\\\/\"]},{\"@type\":\"Person\",\"@id\":\"https:\\\/\\\/tuzlainfo.ba\\\/#\\\/schema\\\/person\\\/46cad4c57790cbc50781edd14870825a\",\"name\":\"Tuzla Info\",\"image\":{\"@type\":\"ImageObject\",\"inLanguage\":\"bs-BA\",\"@id\":\"https:\\\/\\\/secure.gravatar.com\\\/avatar\\\/e980921b00fa2e552723a2386544734ce6885d2b2304ccca3f45186f9ca4031d?s=96&d=mm&r=g\",\"url\":\"https:\\\/\\\/secure.gravatar.com\\\/avatar\\\/e980921b00fa2e552723a2386544734ce6885d2b2304ccca3f45186f9ca4031d?s=96&d=mm&r=g\",\"contentUrl\":\"https:\\\/\\\/secure.gravatar.com\\\/avatar\\\/e980921b00fa2e552723a2386544734ce6885d2b2304ccca3f45186f9ca4031d?s=96&d=mm&r=g\",\"caption\":\"Tuzla Info\"}}]}<\/script>\n<!-- \/ Yoast SEO plugin. -->","yoast_head_json":{"title":"Sud u Tuzli izrekao presudu: Zatvor i 120.000 KM od\u0161tete zbog smrti iz nehata","robots":{"index":"index","follow":"follow","max-snippet":"max-snippet:-1","max-image-preview":"max-image-preview:large","max-video-preview":"max-video-preview:-1"},"canonical":"https:\/\/tuzlainfo.ba\/index.php\/novosti\/item\/304264-sud-u-tuzli-izrekao-presudu-zatvor-i-120-000-km-odstete-zbog-smrti-iz-nehata\/","og_locale":"bs_BA","og_type":"article","og_title":"Sud u Tuzli izrekao presudu: Zatvor i 120.000 KM od\u0161tete zbog smrti iz nehata","og_description":"Kantonalni sud u Tuzli, u prvostepenom krivi\u010dnom postupku protiv Salima Kova\u010devi\u0107a, donio je i javno objavio nepravosna\u017enu presudu kojom je optu\u017eeni ogla\u0161en krivim zbog krivi\u010dnog djela\u00a0Prouzrokovanje smrti iz nehata iz \u010dlana 168. Krivi\u010dnog zakona Federacije Bosne i Hercegovine, te mu izrekao kaznu zatvora u trajanju od jedne godine. Optu\u017eeni je ogla\u0161en krivim \u0161to je dana [&hellip;]","og_url":"https:\/\/tuzlainfo.ba\/index.php\/novosti\/item\/304264-sud-u-tuzli-izrekao-presudu-zatvor-i-120-000-km-odstete-zbog-smrti-iz-nehata\/","og_site_name":"TuzlaInfo.ba","article_publisher":"https:\/\/www.facebook.com\/tuzlainfo.ba\/","article_published_time":"2026-05-25T12:36:21+00:00","og_image":[{"width":1835,"height":1249,"url":"https:\/\/tuzlainfo.ba\/wp-content\/uploads\/2023\/01\/kantonalni_sud-1.jpg","type":"image\/jpeg"}],"author":"Tuzla Info","twitter_card":"summary_large_image","twitter_misc":{"Written by":"Tuzla Info","Est. reading time":"2 minute"},"schema":{"@context":"https:\/\/schema.org","@graph":[{"@type":"Article","@id":"https:\/\/tuzlainfo.ba\/index.php\/novosti\/item\/304264-sud-u-tuzli-izrekao-presudu-zatvor-i-120-000-km-odstete-zbog-smrti-iz-nehata\/#article","isPartOf":{"@id":"https:\/\/tuzlainfo.ba\/index.php\/novosti\/item\/304264-sud-u-tuzli-izrekao-presudu-zatvor-i-120-000-km-odstete-zbog-smrti-iz-nehata\/"},"author":{"name":"Tuzla Info","@id":"https:\/\/tuzlainfo.ba\/#\/schema\/person\/46cad4c57790cbc50781edd14870825a"},"headline":"Sud u Tuzli izrekao presudu: Zatvor i 120.000 KM od\u0161tete zbog smrti iz nehata","datePublished":"2026-05-25T12:36:21+00:00","mainEntityOfPage":{"@id":"https:\/\/tuzlainfo.ba\/index.php\/novosti\/item\/304264-sud-u-tuzli-izrekao-presudu-zatvor-i-120-000-km-odstete-zbog-smrti-iz-nehata\/"},"wordCount":287,"publisher":{"@id":"https:\/\/tuzlainfo.ba\/#organization"},"image":{"@id":"https:\/\/tuzlainfo.ba\/index.php\/novosti\/item\/304264-sud-u-tuzli-izrekao-presudu-zatvor-i-120-000-km-odstete-zbog-smrti-iz-nehata\/#primaryimage"},"thumbnailUrl":"https:\/\/tuzlainfo.ba\/wp-content\/uploads\/2023\/01\/kantonalni_sud-1.jpg","keywords":["Presuda"],"articleSection":["Istaknuto","Novosti"],"inLanguage":"bs-BA","copyrightYear":"2026","copyrightHolder":{"@id":"https:\/\/tuzlainfo.ba\/#organization"}},{"@type":"WebPage","@id":"https:\/\/tuzlainfo.ba\/index.php\/novosti\/item\/304264-sud-u-tuzli-izrekao-presudu-zatvor-i-120-000-km-odstete-zbog-smrti-iz-nehata\/","url":"https:\/\/tuzlainfo.ba\/index.php\/novosti\/item\/304264-sud-u-tuzli-izrekao-presudu-zatvor-i-120-000-km-odstete-zbog-smrti-iz-nehata\/","name":"Sud u Tuzli izrekao presudu: Zatvor i 120.000 KM od\u0161tete zbog smrti iz nehata","isPartOf":{"@id":"https:\/\/tuzlainfo.ba\/#website"},"primaryImageOfPage":{"@id":"https:\/\/tuzlainfo.ba\/index.php\/novosti\/item\/304264-sud-u-tuzli-izrekao-presudu-zatvor-i-120-000-km-odstete-zbog-smrti-iz-nehata\/#primaryimage"},"image":{"@id":"https:\/\/tuzlainfo.ba\/index.php\/novosti\/item\/304264-sud-u-tuzli-izrekao-presudu-zatvor-i-120-000-km-odstete-zbog-smrti-iz-nehata\/#primaryimage"},"thumbnailUrl":"https:\/\/tuzlainfo.ba\/wp-content\/uploads\/2023\/01\/kantonalni_sud-1.jpg","datePublished":"2026-05-25T12:36:21+00:00","breadcrumb":{"@id":"https:\/\/tuzlainfo.ba\/index.php\/novosti\/item\/304264-sud-u-tuzli-izrekao-presudu-zatvor-i-120-000-km-odstete-zbog-smrti-iz-nehata\/#breadcrumb"},"inLanguage":"bs-BA","potentialAction":[{"@type":"ReadAction","target":["https:\/\/tuzlainfo.ba\/index.php\/novosti\/item\/304264-sud-u-tuzli-izrekao-presudu-zatvor-i-120-000-km-odstete-zbog-smrti-iz-nehata\/"]}]},{"@type":"ImageObject","inLanguage":"bs-BA","@id":"https:\/\/tuzlainfo.ba\/index.php\/novosti\/item\/304264-sud-u-tuzli-izrekao-presudu-zatvor-i-120-000-km-odstete-zbog-smrti-iz-nehata\/#primaryimage","url":"https:\/\/tuzlainfo.ba\/wp-content\/uploads\/2023\/01\/kantonalni_sud-1.jpg","contentUrl":"https:\/\/tuzlainfo.ba\/wp-content\/uploads\/2023\/01\/kantonalni_sud-1.jpg","width":1835,"height":1249},{"@type":"BreadcrumbList","@id":"https:\/\/tuzlainfo.ba\/index.php\/novosti\/item\/304264-sud-u-tuzli-izrekao-presudu-zatvor-i-120-000-km-odstete-zbog-smrti-iz-nehata\/#breadcrumb","itemListElement":[{"@type":"ListItem","position":1,"name":"Home","item":"https:\/\/tuzlainfo.ba\/"},{"@type":"ListItem","position":2,"name":"Sud u Tuzli izrekao presudu: Zatvor i 120.000 KM od\u0161tete zbog smrti iz nehata"}]},{"@type":"WebSite","@id":"https:\/\/tuzlainfo.ba\/#website","url":"https:\/\/tuzlainfo.ba\/","name":"TuzlaInfo.ba","description":"Tuzla info, gradski informator - Tuzla na dlanu","publisher":{"@id":"https:\/\/tuzlainfo.ba\/#organization"},"potentialAction":[{"@type":"SearchAction","target":{"@type":"EntryPoint","urlTemplate":"https:\/\/tuzlainfo.ba\/?s={search_term_string}"},"query-input":{"@type":"PropertyValueSpecification","valueRequired":true,"valueName":"search_term_string"}}],"inLanguage":"bs-BA"},{"@type":"Organization","@id":"https:\/\/tuzlainfo.ba\/#organization","name":"TuzlaInfo.ba","url":"https:\/\/tuzlainfo.ba\/","logo":{"@type":"ImageObject","inLanguage":"bs-BA","@id":"https:\/\/tuzlainfo.ba\/#\/schema\/logo\/image\/","url":"https:\/\/tuzlainfo.ba\/wp-content\/uploads\/2021\/03\/logo-ver-3-1.png","contentUrl":"https:\/\/tuzlainfo.ba\/wp-content\/uploads\/2021\/03\/logo-ver-3-1.png","width":350,"height":95,"caption":"TuzlaInfo.ba"},"image":{"@id":"https:\/\/tuzlainfo.ba\/#\/schema\/logo\/image\/"},"sameAs":["https:\/\/www.facebook.com\/tuzlainfo.ba\/"]},{"@type":"Person","@id":"https:\/\/tuzlainfo.ba\/#\/schema\/person\/46cad4c57790cbc50781edd14870825a","name":"Tuzla Info","image":{"@type":"ImageObject","inLanguage":"bs-BA","@id":"https:\/\/secure.gravatar.com\/avatar\/e980921b00fa2e552723a2386544734ce6885d2b2304ccca3f45186f9ca4031d?s=96&d=mm&r=g","url":"https:\/\/secure.gravatar.com\/avatar\/e980921b00fa2e552723a2386544734ce6885d2b2304ccca3f45186f9ca4031d?s=96&d=mm&r=g","contentUrl":"https:\/\/secure.gravatar.com\/avatar\/e980921b00fa2e552723a2386544734ce6885d2b2304ccca3f45186f9ca4031d?s=96&d=mm&r=g","caption":"Tuzla Info"}}]}},"_links":{"self":[{"href":"https:\/\/tuzlainfo.ba\/index.php\/wp-json\/wp\/v2\/posts\/304264","targetHints":{"allow":["GET"]}}],"collection":[{"href":"https:\/\/tuzlainfo.ba\/index.php\/wp-json\/wp\/v2\/posts"}],"about":[{"href":"https:\/\/tuzlainfo.ba\/index.php\/wp-json\/wp\/v2\/types\/post"}],"author":[{"embeddable":true,"href":"https:\/\/tuzlainfo.ba\/index.php\/wp-json\/wp\/v2\/users\/4"}],"replies":[{"embeddable":true,"href":"https:\/\/tuzlainfo.ba\/index.php\/wp-json\/wp\/v2\/comments?post=304264"}],"version-history":[{"count":1,"href":"https:\/\/tuzlainfo.ba\/index.php\/wp-json\/wp\/v2\/posts\/304264\/revisions"}],"predecessor-version":[{"id":304265,"href":"https:\/\/tuzlainfo.ba\/index.php\/wp-json\/wp\/v2\/posts\/304264\/revisions\/304265"}],"wp:featuredmedia":[{"embeddable":true,"href":"https:\/\/tuzlainfo.ba\/index.php\/wp-json\/wp\/v2\/media\/195467"}],"wp:attachment":[{"href":"https:\/\/tuzlainfo.ba\/index.php\/wp-json\/wp\/v2\/media?parent=304264"}],"wp:term":[{"taxonomy":"category","embeddable":true,"href":"https:\/\/tuzlainfo.ba\/index.php\/wp-json\/wp\/v2\/categories?post=304264"},{"taxonomy":"post_tag","embeddable":true,"href":"https:\/\/tuzlainfo.ba\/index.php\/wp-json\/wp\/v2\/tags?post=304264"}],"curies":[{"name":"wp","href":"https:\/\/api.w.org\/{rel}","templated":true}]}}