{"id":302541,"date":"2026-05-10T22:58:19","date_gmt":"2026-05-10T20:58:19","guid":{"rendered":"https:\/\/tuzlainfo.ba\/?p=302541"},"modified":"2026-05-10T22:58:19","modified_gmt":"2026-05-10T20:58:19","slug":"tk-opet-sa-tri-premijerligasa-u-rukometu-sloboda-ispala-vratio-se-gradacac","status":"publish","type":"post","link":"https:\/\/tuzlainfo.ba\/index.php\/novosti\/item\/302541-tk-opet-sa-tri-premijerligasa-u-rukometu-sloboda-ispala-vratio-se-gradacac\/","title":{"rendered":"TK opet sa tri premijerliga\u0161a u rukometu: Sloboda ispala, vratio se Grada\u010dac"},"content":{"rendered":"<p data-start=\"760\" data-end=\"930\">Tuzlanski kanton naredne sezone ponovo \u0107e imati tri predstavnika u rukometnoj Premijer ligi Bosne i Hercegovine, ali umjesto tuzlanske Slobode me\u0111u elitom \u0107e igrati Grada\u010dac.<\/p>\n<p data-start=\"932\" data-end=\"1110\">Dok su rukometa\u0161i Grada\u010dca slavili historijski uspjeh i plasman u najvi\u0161i rang bh. rukometa, tuzlanska Sloboda oprostila se od Premijer lige BiH nakon te\u0161ke i turbulentne sezone.<\/p>\n<p data-start=\"1112\" data-end=\"1425\">Grada\u010dac je ove sezone potpuno dominirao u Prvoj ligi FBiH Sjever. Ekipa koju sa klupe predvodi selektor Bosne i Hercegovine Damir Doborac ostvarila je impresivan u\u010dinak od 22 pobjede u isto toliko utakmica, a sezonu je zaklju\u010dila pobjedom protiv Iskre rezultatom 38:34 i velikim slavljem pred doma\u0107im navija\u010dima.<\/p>\n<p data-start=\"1427\" data-end=\"1584\">Osim plasmana u Premijer ligu BiH, Grada\u010dac je izborio i nastup na Final Fouru Kupa Bosne i Hercegovine, \u010dime je dodatno potvr\u0111ena odli\u010dna sezona ovog kluba.<\/p>\n<p data-start=\"1586\" data-end=\"1741\">S druge strane, rukometa\u0161i Slobode sino\u0107 su u Mejdanu porazom od dobojske Sloge rezultatom 24:30 zavr\u0161ili sezonu i definitivno ispali iz Premijer lige BiH.<\/p>\n<p data-start=\"1743\" data-end=\"1842\">Tuzlaci su prvenstvo okon\u010dali na pretposljednjem, 13. mjestu sa svega \u0161est pobjeda i \u010dak 20 poraza.<\/p>\n<p data-start=\"1844\" data-end=\"2152\">Iza Slobode je jedna od najte\u017eih sezona u posljednjih nekoliko godina. Nakon solidnog prvog dijela prvenstva uslijedili su veliki problemi u klubu, uklju\u010duju\u0107i ostavku kompletne Uprave, odlazak velikog broja igra\u010da i reorganizaciju ekipe, zbog \u010dega je nastavak sezone odigran sa mladim i neiskusnim sastavom.<\/p>\n<p data-start=\"2154\" data-end=\"2320\">Ispadanje u ni\u017ei rang bio je o\u010dekivan epilog godine obilje\u017eene krizom u klubu koji je prethodnih sezona osvajao Kup Bosne i Hercegovine i uspje\u0161no nastupao na evropskoj sceni.<\/p>\n<p data-start=\"2322\" data-end=\"2542\" data-is-last-node=\"\" data-is-only-node=\"\">Tako \u0107e Tuzla, grad bogate rukometne tradicije, ostati bez premijerliga\u0161kog rukometa, dok \u0107e rukometno fokus Tuzlanskog kantona naredne sezone biti usmjeren ka Grada\u010dcu, Gra\u010danici i \u017divinicama gdje \u0107e se igrati najkvalitetniji rukomet.<\/p>\n","protected":false},"excerpt":{"rendered":"<p>Tuzlanski kanton naredne sezone ponovo \u0107e imati tri predstavnika u rukometnoj Premijer ligi Bosne i Hercegovine, ali umjesto tuzlanske Slobode me\u0111u elitom \u0107e igrati Grada\u010dac. Dok su rukometa\u0161i Grada\u010dca slavili historijski uspjeh i plasman u najvi\u0161i rang bh. rukometa, tuzlanska Sloboda oprostila se od Premijer lige BiH nakon te\u0161ke i turbulentne sezone. Grada\u010dac je ove [&hellip;]<\/p>\n","protected":false},"author":2,"featured_media":302542,"comment_status":"closed","ping_status":"closed","sticky":false,"template":"","format":"standard","meta":{"footnotes":""},"categories":[304,12],"tags":[13898,915],"class_list":["post-302541","post","type-post","status-publish","format-standard","has-post-thumbnail","hentry","category-istaknuto","category-novosti","tag-rk-gradacac","tag-sport"],"yoast_head":"<!-- This site is optimized with the Yoast SEO plugin v28.4 - https:\/\/yoast.com\/product\/yoast-seo-wordpress\/ -->\n<title>TK opet sa tri premijerliga\u0161a u rukometu: Sloboda ispala, vratio se Grada\u010dac<\/title>\n<meta name=\"robots\" content=\"index, follow, max-snippet:-1, max-image-preview:large, max-video-preview:-1\" \/>\n<link rel=\"canonical\" href=\"https:\/\/tuzlainfo.ba\/index.php\/novosti\/item\/302541-tk-opet-sa-tri-premijerligasa-u-rukometu-sloboda-ispala-vratio-se-gradacac\/\" \/>\n<meta property=\"og:locale\" content=\"bs_BA\" \/>\n<meta property=\"og:type\" content=\"article\" \/>\n<meta property=\"og:title\" content=\"TK opet sa tri premijerliga\u0161a u rukometu: Sloboda ispala, vratio se Grada\u010dac\" \/>\n<meta property=\"og:description\" content=\"Tuzlanski kanton naredne sezone ponovo \u0107e imati tri predstavnika u rukometnoj Premijer ligi Bosne i Hercegovine, ali umjesto tuzlanske Slobode me\u0111u elitom \u0107e igrati Grada\u010dac. Dok su rukometa\u0161i Grada\u010dca slavili historijski uspjeh i plasman u najvi\u0161i rang bh. rukometa, tuzlanska Sloboda oprostila se od Premijer lige BiH nakon te\u0161ke i turbulentne sezone. Grada\u010dac je ove [&hellip;]\" \/>\n<meta property=\"og:url\" content=\"https:\/\/tuzlainfo.ba\/index.php\/novosti\/item\/302541-tk-opet-sa-tri-premijerligasa-u-rukometu-sloboda-ispala-vratio-se-gradacac\/\" \/>\n<meta property=\"og:site_name\" content=\"TuzlaInfo.ba\" \/>\n<meta property=\"article:publisher\" content=\"https:\/\/www.facebook.com\/tuzlainfo.ba\/\" \/>\n<meta property=\"article:published_time\" content=\"2026-05-10T20:58:19+00:00\" \/>\n<meta property=\"og:image\" content=\"https:\/\/tuzlainfo.ba\/wp-content\/uploads\/2026\/05\/1005_rkgradacac.jpg\" \/>\n\t<meta property=\"og:image:width\" content=\"1000\" \/>\n\t<meta property=\"og:image:height\" content=\"606\" \/>\n\t<meta property=\"og:image:type\" content=\"image\/jpeg\" \/>\n<meta name=\"author\" content=\"nedim\" \/>\n<meta name=\"twitter:card\" content=\"summary_large_image\" \/>\n<meta name=\"twitter:label1\" content=\"Written by\" \/>\n\t<meta name=\"twitter:data1\" content=\"nedim\" \/>\n\t<meta name=\"twitter:label2\" content=\"Est. reading time\" \/>\n\t<meta name=\"twitter:data2\" content=\"2 minute\" \/>\n<script type=\"application\/ld+json\" class=\"yoast-schema-graph\">{\"@context\":\"https:\\\/\\\/schema.org\",\"@graph\":[{\"@type\":\"Article\",\"@id\":\"https:\\\/\\\/tuzlainfo.ba\\\/index.php\\\/novosti\\\/item\\\/302541-tk-opet-sa-tri-premijerligasa-u-rukometu-sloboda-ispala-vratio-se-gradacac\\\/#article\",\"isPartOf\":{\"@id\":\"https:\\\/\\\/tuzlainfo.ba\\\/index.php\\\/novosti\\\/item\\\/302541-tk-opet-sa-tri-premijerligasa-u-rukometu-sloboda-ispala-vratio-se-gradacac\\\/\"},\"author\":{\"name\":\"nedim\",\"@id\":\"https:\\\/\\\/tuzlainfo.ba\\\/#\\\/schema\\\/person\\\/f434e20dc27ea133923aab08451b7f7f\"},\"headline\":\"TK opet sa tri premijerliga\u0161a u rukometu: Sloboda ispala, vratio se Grada\u010dac\",\"datePublished\":\"2026-05-10T20:58:19+00:00\",\"mainEntityOfPage\":{\"@id\":\"https:\\\/\\\/tuzlainfo.ba\\\/index.php\\\/novosti\\\/item\\\/302541-tk-opet-sa-tri-premijerligasa-u-rukometu-sloboda-ispala-vratio-se-gradacac\\\/\"},\"wordCount\":307,\"publisher\":{\"@id\":\"https:\\\/\\\/tuzlainfo.ba\\\/#organization\"},\"image\":{\"@id\":\"https:\\\/\\\/tuzlainfo.ba\\\/index.php\\\/novosti\\\/item\\\/302541-tk-opet-sa-tri-premijerligasa-u-rukometu-sloboda-ispala-vratio-se-gradacac\\\/#primaryimage\"},\"thumbnailUrl\":\"https:\\\/\\\/tuzlainfo.ba\\\/wp-content\\\/uploads\\\/2026\\\/05\\\/1005_rkgradacac.jpg\",\"keywords\":[\"rk grada\u010dac\",\"sport\"],\"articleSection\":[\"Istaknuto\",\"Novosti\"],\"inLanguage\":\"bs-BA\",\"copyrightYear\":\"2026\",\"copyrightHolder\":{\"@id\":\"https:\\\/\\\/tuzlainfo.ba\\\/#organization\"}},{\"@type\":\"WebPage\",\"@id\":\"https:\\\/\\\/tuzlainfo.ba\\\/index.php\\\/novosti\\\/item\\\/302541-tk-opet-sa-tri-premijerligasa-u-rukometu-sloboda-ispala-vratio-se-gradacac\\\/\",\"url\":\"https:\\\/\\\/tuzlainfo.ba\\\/index.php\\\/novosti\\\/item\\\/302541-tk-opet-sa-tri-premijerligasa-u-rukometu-sloboda-ispala-vratio-se-gradacac\\\/\",\"name\":\"TK opet sa tri premijerliga\u0161a u rukometu: Sloboda ispala, vratio se Grada\u010dac\",\"isPartOf\":{\"@id\":\"https:\\\/\\\/tuzlainfo.ba\\\/#website\"},\"primaryImageOfPage\":{\"@id\":\"https:\\\/\\\/tuzlainfo.ba\\\/index.php\\\/novosti\\\/item\\\/302541-tk-opet-sa-tri-premijerligasa-u-rukometu-sloboda-ispala-vratio-se-gradacac\\\/#primaryimage\"},\"image\":{\"@id\":\"https:\\\/\\\/tuzlainfo.ba\\\/index.php\\\/novosti\\\/item\\\/302541-tk-opet-sa-tri-premijerligasa-u-rukometu-sloboda-ispala-vratio-se-gradacac\\\/#primaryimage\"},\"thumbnailUrl\":\"https:\\\/\\\/tuzlainfo.ba\\\/wp-content\\\/uploads\\\/2026\\\/05\\\/1005_rkgradacac.jpg\",\"datePublished\":\"2026-05-10T20:58:19+00:00\",\"breadcrumb\":{\"@id\":\"https:\\\/\\\/tuzlainfo.ba\\\/index.php\\\/novosti\\\/item\\\/302541-tk-opet-sa-tri-premijerligasa-u-rukometu-sloboda-ispala-vratio-se-gradacac\\\/#breadcrumb\"},\"inLanguage\":\"bs-BA\",\"potentialAction\":[{\"@type\":\"ReadAction\",\"target\":[\"https:\\\/\\\/tuzlainfo.ba\\\/index.php\\\/novosti\\\/item\\\/302541-tk-opet-sa-tri-premijerligasa-u-rukometu-sloboda-ispala-vratio-se-gradacac\\\/\"]}]},{\"@type\":\"ImageObject\",\"inLanguage\":\"bs-BA\",\"@id\":\"https:\\\/\\\/tuzlainfo.ba\\\/index.php\\\/novosti\\\/item\\\/302541-tk-opet-sa-tri-premijerligasa-u-rukometu-sloboda-ispala-vratio-se-gradacac\\\/#primaryimage\",\"url\":\"https:\\\/\\\/tuzlainfo.ba\\\/wp-content\\\/uploads\\\/2026\\\/05\\\/1005_rkgradacac.jpg\",\"contentUrl\":\"https:\\\/\\\/tuzlainfo.ba\\\/wp-content\\\/uploads\\\/2026\\\/05\\\/1005_rkgradacac.jpg\",\"width\":1000,\"height\":606},{\"@type\":\"BreadcrumbList\",\"@id\":\"https:\\\/\\\/tuzlainfo.ba\\\/index.php\\\/novosti\\\/item\\\/302541-tk-opet-sa-tri-premijerligasa-u-rukometu-sloboda-ispala-vratio-se-gradacac\\\/#breadcrumb\",\"itemListElement\":[{\"@type\":\"ListItem\",\"position\":1,\"name\":\"Home\",\"item\":\"https:\\\/\\\/tuzlainfo.ba\\\/\"},{\"@type\":\"ListItem\",\"position\":2,\"name\":\"TK opet sa tri premijerliga\u0161a u rukometu: Sloboda ispala, vratio se Grada\u010dac\"}]},{\"@type\":\"WebSite\",\"@id\":\"https:\\\/\\\/tuzlainfo.ba\\\/#website\",\"url\":\"https:\\\/\\\/tuzlainfo.ba\\\/\",\"name\":\"TuzlaInfo.ba\",\"description\":\"Tuzla info, gradski informator - Tuzla na dlanu\",\"publisher\":{\"@id\":\"https:\\\/\\\/tuzlainfo.ba\\\/#organization\"},\"potentialAction\":[{\"@type\":\"SearchAction\",\"target\":{\"@type\":\"EntryPoint\",\"urlTemplate\":\"https:\\\/\\\/tuzlainfo.ba\\\/?s={search_term_string}\"},\"query-input\":{\"@type\":\"PropertyValueSpecification\",\"valueRequired\":true,\"valueName\":\"search_term_string\"}}],\"inLanguage\":\"bs-BA\"},{\"@type\":\"Organization\",\"@id\":\"https:\\\/\\\/tuzlainfo.ba\\\/#organization\",\"name\":\"TuzlaInfo.ba\",\"url\":\"https:\\\/\\\/tuzlainfo.ba\\\/\",\"logo\":{\"@type\":\"ImageObject\",\"inLanguage\":\"bs-BA\",\"@id\":\"https:\\\/\\\/tuzlainfo.ba\\\/#\\\/schema\\\/logo\\\/image\\\/\",\"url\":\"https:\\\/\\\/tuzlainfo.ba\\\/wp-content\\\/uploads\\\/2021\\\/03\\\/logo-ver-3-1.png\",\"contentUrl\":\"https:\\\/\\\/tuzlainfo.ba\\\/wp-content\\\/uploads\\\/2021\\\/03\\\/logo-ver-3-1.png\",\"width\":350,\"height\":95,\"caption\":\"TuzlaInfo.ba\"},\"image\":{\"@id\":\"https:\\\/\\\/tuzlainfo.ba\\\/#\\\/schema\\\/logo\\\/image\\\/\"},\"sameAs\":[\"https:\\\/\\\/www.facebook.com\\\/tuzlainfo.ba\\\/\"]},{\"@type\":\"Person\",\"@id\":\"https:\\\/\\\/tuzlainfo.ba\\\/#\\\/schema\\\/person\\\/f434e20dc27ea133923aab08451b7f7f\",\"name\":\"nedim\",\"image\":{\"@type\":\"ImageObject\",\"inLanguage\":\"bs-BA\",\"@id\":\"https:\\\/\\\/secure.gravatar.com\\\/avatar\\\/5b928a2e7e70a54208d2eb6c1edcb75a5350d6ae97d5f0a701203d456823f6f3?s=96&d=mm&r=g\",\"url\":\"https:\\\/\\\/secure.gravatar.com\\\/avatar\\\/5b928a2e7e70a54208d2eb6c1edcb75a5350d6ae97d5f0a701203d456823f6f3?s=96&d=mm&r=g\",\"contentUrl\":\"https:\\\/\\\/secure.gravatar.com\\\/avatar\\\/5b928a2e7e70a54208d2eb6c1edcb75a5350d6ae97d5f0a701203d456823f6f3?s=96&d=mm&r=g\",\"caption\":\"nedim\"},\"description\":\"Tuzlainfo.ba pratite na dru\u0161tvenim mre\u017eama: Facebook, Instagram i Youtube. Svoje pri\u010de, upite i fotografije \u0161aljite na na\u0161u e-mail adresu.\"}]}<\/script>\n<!-- \/ Yoast SEO plugin. -->","yoast_head_json":{"title":"TK opet sa tri premijerliga\u0161a u rukometu: Sloboda ispala, vratio se Grada\u010dac","robots":{"index":"index","follow":"follow","max-snippet":"max-snippet:-1","max-image-preview":"max-image-preview:large","max-video-preview":"max-video-preview:-1"},"canonical":"https:\/\/tuzlainfo.ba\/index.php\/novosti\/item\/302541-tk-opet-sa-tri-premijerligasa-u-rukometu-sloboda-ispala-vratio-se-gradacac\/","og_locale":"bs_BA","og_type":"article","og_title":"TK opet sa tri premijerliga\u0161a u rukometu: Sloboda ispala, vratio se Grada\u010dac","og_description":"Tuzlanski kanton naredne sezone ponovo \u0107e imati tri predstavnika u rukometnoj Premijer ligi Bosne i Hercegovine, ali umjesto tuzlanske Slobode me\u0111u elitom \u0107e igrati Grada\u010dac. Dok su rukometa\u0161i Grada\u010dca slavili historijski uspjeh i plasman u najvi\u0161i rang bh. rukometa, tuzlanska Sloboda oprostila se od Premijer lige BiH nakon te\u0161ke i turbulentne sezone. Grada\u010dac je ove [&hellip;]","og_url":"https:\/\/tuzlainfo.ba\/index.php\/novosti\/item\/302541-tk-opet-sa-tri-premijerligasa-u-rukometu-sloboda-ispala-vratio-se-gradacac\/","og_site_name":"TuzlaInfo.ba","article_publisher":"https:\/\/www.facebook.com\/tuzlainfo.ba\/","article_published_time":"2026-05-10T20:58:19+00:00","og_image":[{"width":1000,"height":606,"url":"https:\/\/tuzlainfo.ba\/wp-content\/uploads\/2026\/05\/1005_rkgradacac.jpg","type":"image\/jpeg"}],"author":"nedim","twitter_card":"summary_large_image","twitter_misc":{"Written by":"nedim","Est. reading time":"2 minute"},"schema":{"@context":"https:\/\/schema.org","@graph":[{"@type":"Article","@id":"https:\/\/tuzlainfo.ba\/index.php\/novosti\/item\/302541-tk-opet-sa-tri-premijerligasa-u-rukometu-sloboda-ispala-vratio-se-gradacac\/#article","isPartOf":{"@id":"https:\/\/tuzlainfo.ba\/index.php\/novosti\/item\/302541-tk-opet-sa-tri-premijerligasa-u-rukometu-sloboda-ispala-vratio-se-gradacac\/"},"author":{"name":"nedim","@id":"https:\/\/tuzlainfo.ba\/#\/schema\/person\/f434e20dc27ea133923aab08451b7f7f"},"headline":"TK opet sa tri premijerliga\u0161a u rukometu: Sloboda ispala, vratio se Grada\u010dac","datePublished":"2026-05-10T20:58:19+00:00","mainEntityOfPage":{"@id":"https:\/\/tuzlainfo.ba\/index.php\/novosti\/item\/302541-tk-opet-sa-tri-premijerligasa-u-rukometu-sloboda-ispala-vratio-se-gradacac\/"},"wordCount":307,"publisher":{"@id":"https:\/\/tuzlainfo.ba\/#organization"},"image":{"@id":"https:\/\/tuzlainfo.ba\/index.php\/novosti\/item\/302541-tk-opet-sa-tri-premijerligasa-u-rukometu-sloboda-ispala-vratio-se-gradacac\/#primaryimage"},"thumbnailUrl":"https:\/\/tuzlainfo.ba\/wp-content\/uploads\/2026\/05\/1005_rkgradacac.jpg","keywords":["rk grada\u010dac","sport"],"articleSection":["Istaknuto","Novosti"],"inLanguage":"bs-BA","copyrightYear":"2026","copyrightHolder":{"@id":"https:\/\/tuzlainfo.ba\/#organization"}},{"@type":"WebPage","@id":"https:\/\/tuzlainfo.ba\/index.php\/novosti\/item\/302541-tk-opet-sa-tri-premijerligasa-u-rukometu-sloboda-ispala-vratio-se-gradacac\/","url":"https:\/\/tuzlainfo.ba\/index.php\/novosti\/item\/302541-tk-opet-sa-tri-premijerligasa-u-rukometu-sloboda-ispala-vratio-se-gradacac\/","name":"TK opet sa tri premijerliga\u0161a u rukometu: Sloboda ispala, vratio se Grada\u010dac","isPartOf":{"@id":"https:\/\/tuzlainfo.ba\/#website"},"primaryImageOfPage":{"@id":"https:\/\/tuzlainfo.ba\/index.php\/novosti\/item\/302541-tk-opet-sa-tri-premijerligasa-u-rukometu-sloboda-ispala-vratio-se-gradacac\/#primaryimage"},"image":{"@id":"https:\/\/tuzlainfo.ba\/index.php\/novosti\/item\/302541-tk-opet-sa-tri-premijerligasa-u-rukometu-sloboda-ispala-vratio-se-gradacac\/#primaryimage"},"thumbnailUrl":"https:\/\/tuzlainfo.ba\/wp-content\/uploads\/2026\/05\/1005_rkgradacac.jpg","datePublished":"2026-05-10T20:58:19+00:00","breadcrumb":{"@id":"https:\/\/tuzlainfo.ba\/index.php\/novosti\/item\/302541-tk-opet-sa-tri-premijerligasa-u-rukometu-sloboda-ispala-vratio-se-gradacac\/#breadcrumb"},"inLanguage":"bs-BA","potentialAction":[{"@type":"ReadAction","target":["https:\/\/tuzlainfo.ba\/index.php\/novosti\/item\/302541-tk-opet-sa-tri-premijerligasa-u-rukometu-sloboda-ispala-vratio-se-gradacac\/"]}]},{"@type":"ImageObject","inLanguage":"bs-BA","@id":"https:\/\/tuzlainfo.ba\/index.php\/novosti\/item\/302541-tk-opet-sa-tri-premijerligasa-u-rukometu-sloboda-ispala-vratio-se-gradacac\/#primaryimage","url":"https:\/\/tuzlainfo.ba\/wp-content\/uploads\/2026\/05\/1005_rkgradacac.jpg","contentUrl":"https:\/\/tuzlainfo.ba\/wp-content\/uploads\/2026\/05\/1005_rkgradacac.jpg","width":1000,"height":606},{"@type":"BreadcrumbList","@id":"https:\/\/tuzlainfo.ba\/index.php\/novosti\/item\/302541-tk-opet-sa-tri-premijerligasa-u-rukometu-sloboda-ispala-vratio-se-gradacac\/#breadcrumb","itemListElement":[{"@type":"ListItem","position":1,"name":"Home","item":"https:\/\/tuzlainfo.ba\/"},{"@type":"ListItem","position":2,"name":"TK opet sa tri premijerliga\u0161a u rukometu: Sloboda ispala, vratio se Grada\u010dac"}]},{"@type":"WebSite","@id":"https:\/\/tuzlainfo.ba\/#website","url":"https:\/\/tuzlainfo.ba\/","name":"TuzlaInfo.ba","description":"Tuzla info, gradski informator - Tuzla na dlanu","publisher":{"@id":"https:\/\/tuzlainfo.ba\/#organization"},"potentialAction":[{"@type":"SearchAction","target":{"@type":"EntryPoint","urlTemplate":"https:\/\/tuzlainfo.ba\/?s={search_term_string}"},"query-input":{"@type":"PropertyValueSpecification","valueRequired":true,"valueName":"search_term_string"}}],"inLanguage":"bs-BA"},{"@type":"Organization","@id":"https:\/\/tuzlainfo.ba\/#organization","name":"TuzlaInfo.ba","url":"https:\/\/tuzlainfo.ba\/","logo":{"@type":"ImageObject","inLanguage":"bs-BA","@id":"https:\/\/tuzlainfo.ba\/#\/schema\/logo\/image\/","url":"https:\/\/tuzlainfo.ba\/wp-content\/uploads\/2021\/03\/logo-ver-3-1.png","contentUrl":"https:\/\/tuzlainfo.ba\/wp-content\/uploads\/2021\/03\/logo-ver-3-1.png","width":350,"height":95,"caption":"TuzlaInfo.ba"},"image":{"@id":"https:\/\/tuzlainfo.ba\/#\/schema\/logo\/image\/"},"sameAs":["https:\/\/www.facebook.com\/tuzlainfo.ba\/"]},{"@type":"Person","@id":"https:\/\/tuzlainfo.ba\/#\/schema\/person\/f434e20dc27ea133923aab08451b7f7f","name":"nedim","image":{"@type":"ImageObject","inLanguage":"bs-BA","@id":"https:\/\/secure.gravatar.com\/avatar\/5b928a2e7e70a54208d2eb6c1edcb75a5350d6ae97d5f0a701203d456823f6f3?s=96&d=mm&r=g","url":"https:\/\/secure.gravatar.com\/avatar\/5b928a2e7e70a54208d2eb6c1edcb75a5350d6ae97d5f0a701203d456823f6f3?s=96&d=mm&r=g","contentUrl":"https:\/\/secure.gravatar.com\/avatar\/5b928a2e7e70a54208d2eb6c1edcb75a5350d6ae97d5f0a701203d456823f6f3?s=96&d=mm&r=g","caption":"nedim"},"description":"Tuzlainfo.ba pratite na dru\u0161tvenim mre\u017eama: Facebook, Instagram i Youtube. Svoje pri\u010de, upite i fotografije \u0161aljite na na\u0161u e-mail adresu."}]}},"_links":{"self":[{"href":"https:\/\/tuzlainfo.ba\/index.php\/wp-json\/wp\/v2\/posts\/302541","targetHints":{"allow":["GET"]}}],"collection":[{"href":"https:\/\/tuzlainfo.ba\/index.php\/wp-json\/wp\/v2\/posts"}],"about":[{"href":"https:\/\/tuzlainfo.ba\/index.php\/wp-json\/wp\/v2\/types\/post"}],"author":[{"embeddable":true,"href":"https:\/\/tuzlainfo.ba\/index.php\/wp-json\/wp\/v2\/users\/2"}],"replies":[{"embeddable":true,"href":"https:\/\/tuzlainfo.ba\/index.php\/wp-json\/wp\/v2\/comments?post=302541"}],"version-history":[{"count":1,"href":"https:\/\/tuzlainfo.ba\/index.php\/wp-json\/wp\/v2\/posts\/302541\/revisions"}],"predecessor-version":[{"id":302543,"href":"https:\/\/tuzlainfo.ba\/index.php\/wp-json\/wp\/v2\/posts\/302541\/revisions\/302543"}],"wp:featuredmedia":[{"embeddable":true,"href":"https:\/\/tuzlainfo.ba\/index.php\/wp-json\/wp\/v2\/media\/302542"}],"wp:attachment":[{"href":"https:\/\/tuzlainfo.ba\/index.php\/wp-json\/wp\/v2\/media?parent=302541"}],"wp:term":[{"taxonomy":"category","embeddable":true,"href":"https:\/\/tuzlainfo.ba\/index.php\/wp-json\/wp\/v2\/categories?post=302541"},{"taxonomy":"post_tag","embeddable":true,"href":"https:\/\/tuzlainfo.ba\/index.php\/wp-json\/wp\/v2\/tags?post=302541"}],"curies":[{"name":"wp","href":"https:\/\/api.w.org\/{rel}","templated":true}]}}