{"id":301845,"date":"2026-05-03T12:19:32","date_gmt":"2026-05-03T10:19:32","guid":{"rendered":"https:\/\/tuzlainfo.ba\/?p=301845"},"modified":"2026-05-03T07:48:19","modified_gmt":"2026-05-03T05:48:19","slug":"sve-vise-nesreca-strucnjaci-traze-hitno-uredjenje-upotrebe-romobila-u-fbih","status":"publish","type":"post","link":"https:\/\/tuzlainfo.ba\/index.php\/bosna-i-hercegovina\/item\/301845-sve-vise-nesreca-strucnjaci-traze-hitno-uredjenje-upotrebe-romobila-u-fbih\/","title":{"rendered":"Sve vi\u0161e nesre\u0107a: Stru\u010dnjaci tra\u017ee hitno ure\u0111enje upotrebe romobila u FBiH"},"content":{"rendered":"<p>U Federaciji Bosne i Hercegovine i dalje nema jedinstvenog zakonskog rje\u0161enja koje reguli\u0161e upotrebu elektri\u010dnih romobila, iako je ova oblast u Republici Srpskoj ve\u0107 godinama ure\u0111ena. Kako pi\u0161e BHRT, sve ve\u0107i broj romobila na ulicama prati i rast problema, posebno zbog nepostojanja jasnih pravila o tome ko ih mo\u017ee koristiti, gdje i pod kojim uslovima.<\/p>\n<p>Na potrebu hitnog ure\u0111enja ove oblasti upozoravaju i iz Foruma gra\u0111ana Zenica, odakle poru\u010duju da \u0107e, dok se ne donesu sistemska rje\u0161enja, poku\u0161ati kroz edukaciju uticati na sigurnije pona\u0161anje u\u010desnika u saobra\u0107aju.<\/p>\n<p>Predsjednik Foruma gra\u0111ana Zenica Mirsad Mujki\u0107 isti\u010de da \u0107e fokus biti na mladima kroz edukativne sadr\u017eaje, dok stru\u010dnjaci nagla\u0161avaju da je nu\u017eno zakonski definisati sve aspekte kori\u0161tenja romobila \u2013 od starosne granice, preko kretanja, do obavezne za\u0161titne opreme.<\/p>\n<p>Istovremeno, sve \u010de\u0161\u0107e se bilje\u017ee i povrede, uklju\u010duju\u0107i i te\u017ee slu\u010dajeve, naj\u010de\u0161\u0107e kod mla\u0111ih korisnika koji ne koriste za\u0161titnu opremu, \u0161to dodatno pove\u0107ava zabrinutost gra\u0111ana.<\/p>\n<p>Dok se \u010deka dono\u0161enje zakona na nivou Federacije, pojedine lokalne zajednice ve\u0107 poduzimaju konkretne korake. Kako navodi BHRT, u Zeni\u010dko-dobojskom kantonu, uz Zenicu i Visoko, od 1. maja i Kakanj uvodi jasnija pravila za kori\u0161tenje elektri\u010dnih romobila.<\/p>\n<p>Prema tim pravilima, minimalna dob za upravljanje romobilom je 14 godina, obavezna je za\u0161titna oprema, uklju\u010duju\u0107i kacigu i reflektiraju\u0107i prsluk, kao i upaljena svjetla na romobilu. Tako\u0111er, propisano je kretanje prvenstveno biciklisti\u010dkim stazama.<\/p>\n<p>Iz policije navode da \u0107e prekr\u0161aji koje po\u010dine maloljetnici biti sankcionisani, a kazne \u0107e u zakonom predvi\u0111enim slu\u010dajevima snositi roditelji.<\/p>\n<p>Kako zaklju\u010duje BHRT, elektri\u010dni romobili u Bosni i Hercegovini trenutno se nalaze u svojevrsnom pravnom vakuumu, izme\u0111u potrebe za modernim na\u010dinima prevoza i sve izra\u017eenijih sigurnosnih rizika na cestama.<\/p>\n","protected":false},"excerpt":{"rendered":"<p>U Federaciji Bosne i Hercegovine i dalje nema jedinstvenog zakonskog rje\u0161enja koje reguli\u0161e upotrebu elektri\u010dnih&hellip;<\/p>\n","protected":false},"author":2,"featured_media":80545,"comment_status":"closed","ping_status":"closed","sticky":false,"template":"","format":"standard","meta":{"_acf_changed":false,"footnotes":""},"categories":[291],"tags":[12460],"acf":[],"yoast_head":"<!-- This site is optimized with the Yoast SEO plugin v23.5 - https:\/\/yoast.com\/wordpress\/plugins\/seo\/ -->\n<title>Sve vi\u0161e nesre\u0107a: Stru\u010dnjaci tra\u017ee hitno ure\u0111enje upotrebe romobila u FBiH - TuzlaInfo.ba<\/title>\n<meta name=\"robots\" content=\"index, follow, max-snippet:-1, max-image-preview:large, max-video-preview:-1\" \/>\n<link rel=\"canonical\" href=\"https:\/\/tuzlainfo.ba\/index.php\/bosna-i-hercegovina\/item\/301845-sve-vise-nesreca-strucnjaci-traze-hitno-uredjenje-upotrebe-romobila-u-fbih\/\" \/>\n<meta property=\"og:locale\" content=\"bs_BA\" \/>\n<meta property=\"og:type\" content=\"article\" \/>\n<meta property=\"og:title\" content=\"Sve vi\u0161e nesre\u0107a: Stru\u010dnjaci tra\u017ee hitno ure\u0111enje upotrebe romobila u FBiH - TuzlaInfo.ba\" \/>\n<meta property=\"og:description\" content=\"U Federaciji Bosne i Hercegovine i dalje nema jedinstvenog zakonskog rje\u0161enja koje reguli\u0161e upotrebu elektri\u010dnih&hellip;\" \/>\n<meta property=\"og:url\" content=\"https:\/\/tuzlainfo.ba\/index.php\/bosna-i-hercegovina\/item\/301845-sve-vise-nesreca-strucnjaci-traze-hitno-uredjenje-upotrebe-romobila-u-fbih\/\" \/>\n<meta property=\"og:site_name\" content=\"TuzlaInfo.ba\" \/>\n<meta property=\"article:publisher\" content=\"https:\/\/www.facebook.com\/tuzlainfo.ba\/\" \/>\n<meta property=\"article:published_time\" content=\"2026-05-03T10:19:32+00:00\" \/>\n<meta property=\"article:modified_time\" content=\"2026-05-03T05:48:19+00:00\" \/>\n<meta property=\"og:image\" content=\"https:\/\/tuzlainfo.ba\/wp-content\/uploads\/2020\/06\/sadrzaj_2020_20200601_2606_romobil.jpg\" \/>\n\t<meta property=\"og:image:width\" content=\"770\" \/>\n\t<meta property=\"og:image:height\" content=\"410\" \/>\n\t<meta property=\"og:image:type\" content=\"image\/jpeg\" \/>\n<meta name=\"author\" content=\"nedim\" \/>\n<meta name=\"twitter:card\" content=\"summary_large_image\" \/>\n<meta name=\"twitter:label1\" content=\"Written by\" \/>\n\t<meta name=\"twitter:data1\" content=\"nedim\" \/>\n\t<meta name=\"twitter:label2\" content=\"Est. reading time\" \/>\n\t<meta name=\"twitter:data2\" content=\"2 minute\" \/>\n<script type=\"application\/ld+json\" class=\"yoast-schema-graph\">{\"@context\":\"https:\/\/schema.org\",\"@graph\":[{\"@type\":\"Article\",\"@id\":\"https:\/\/tuzlainfo.ba\/index.php\/bosna-i-hercegovina\/item\/301845-sve-vise-nesreca-strucnjaci-traze-hitno-uredjenje-upotrebe-romobila-u-fbih\/#article\",\"isPartOf\":{\"@id\":\"https:\/\/tuzlainfo.ba\/index.php\/bosna-i-hercegovina\/item\/301845-sve-vise-nesreca-strucnjaci-traze-hitno-uredjenje-upotrebe-romobila-u-fbih\/\"},\"author\":{\"name\":\"nedim\",\"@id\":\"https:\/\/tuzlainfo.ba\/#\/schema\/person\/f434e20dc27ea133923aab08451b7f7f\"},\"headline\":\"Sve vi\u0161e nesre\u0107a: Stru\u010dnjaci tra\u017ee hitno ure\u0111enje upotrebe romobila u FBiH\",\"datePublished\":\"2026-05-03T10:19:32+00:00\",\"dateModified\":\"2026-05-03T05:48:19+00:00\",\"mainEntityOfPage\":{\"@id\":\"https:\/\/tuzlainfo.ba\/index.php\/bosna-i-hercegovina\/item\/301845-sve-vise-nesreca-strucnjaci-traze-hitno-uredjenje-upotrebe-romobila-u-fbih\/\"},\"wordCount\":336,\"publisher\":{\"@id\":\"https:\/\/tuzlainfo.ba\/#organization\"},\"image\":{\"@id\":\"https:\/\/tuzlainfo.ba\/index.php\/bosna-i-hercegovina\/item\/301845-sve-vise-nesreca-strucnjaci-traze-hitno-uredjenje-upotrebe-romobila-u-fbih\/#primaryimage\"},\"thumbnailUrl\":\"https:\/\/tuzlainfo.ba\/wp-content\/uploads\/2020\/06\/sadrzaj_2020_20200601_2606_romobil.jpg\",\"keywords\":[\"elektri\u010dni romobili\"],\"articleSection\":[\"Bosna i Hercegovina\"],\"inLanguage\":\"bs-BA\"},{\"@type\":\"WebPage\",\"@id\":\"https:\/\/tuzlainfo.ba\/index.php\/bosna-i-hercegovina\/item\/301845-sve-vise-nesreca-strucnjaci-traze-hitno-uredjenje-upotrebe-romobila-u-fbih\/\",\"url\":\"https:\/\/tuzlainfo.ba\/index.php\/bosna-i-hercegovina\/item\/301845-sve-vise-nesreca-strucnjaci-traze-hitno-uredjenje-upotrebe-romobila-u-fbih\/\",\"name\":\"Sve vi\u0161e nesre\u0107a: Stru\u010dnjaci tra\u017ee hitno ure\u0111enje upotrebe romobila u FBiH - TuzlaInfo.ba\",\"isPartOf\":{\"@id\":\"https:\/\/tuzlainfo.ba\/#website\"},\"primaryImageOfPage\":{\"@id\":\"https:\/\/tuzlainfo.ba\/index.php\/bosna-i-hercegovina\/item\/301845-sve-vise-nesreca-strucnjaci-traze-hitno-uredjenje-upotrebe-romobila-u-fbih\/#primaryimage\"},\"image\":{\"@id\":\"https:\/\/tuzlainfo.ba\/index.php\/bosna-i-hercegovina\/item\/301845-sve-vise-nesreca-strucnjaci-traze-hitno-uredjenje-upotrebe-romobila-u-fbih\/#primaryimage\"},\"thumbnailUrl\":\"https:\/\/tuzlainfo.ba\/wp-content\/uploads\/2020\/06\/sadrzaj_2020_20200601_2606_romobil.jpg\",\"datePublished\":\"2026-05-03T10:19:32+00:00\",\"dateModified\":\"2026-05-03T05:48:19+00:00\",\"breadcrumb\":{\"@id\":\"https:\/\/tuzlainfo.ba\/index.php\/bosna-i-hercegovina\/item\/301845-sve-vise-nesreca-strucnjaci-traze-hitno-uredjenje-upotrebe-romobila-u-fbih\/#breadcrumb\"},\"inLanguage\":\"bs-BA\",\"potentialAction\":[{\"@type\":\"ReadAction\",\"target\":[\"https:\/\/tuzlainfo.ba\/index.php\/bosna-i-hercegovina\/item\/301845-sve-vise-nesreca-strucnjaci-traze-hitno-uredjenje-upotrebe-romobila-u-fbih\/\"]}]},{\"@type\":\"ImageObject\",\"inLanguage\":\"bs-BA\",\"@id\":\"https:\/\/tuzlainfo.ba\/index.php\/bosna-i-hercegovina\/item\/301845-sve-vise-nesreca-strucnjaci-traze-hitno-uredjenje-upotrebe-romobila-u-fbih\/#primaryimage\",\"url\":\"https:\/\/tuzlainfo.ba\/wp-content\/uploads\/2020\/06\/sadrzaj_2020_20200601_2606_romobil.jpg\",\"contentUrl\":\"https:\/\/tuzlainfo.ba\/wp-content\/uploads\/2020\/06\/sadrzaj_2020_20200601_2606_romobil.jpg\",\"width\":770,\"height\":410,\"caption\":\"2606 romobil\"},{\"@type\":\"BreadcrumbList\",\"@id\":\"https:\/\/tuzlainfo.ba\/index.php\/bosna-i-hercegovina\/item\/301845-sve-vise-nesreca-strucnjaci-traze-hitno-uredjenje-upotrebe-romobila-u-fbih\/#breadcrumb\",\"itemListElement\":[{\"@type\":\"ListItem\",\"position\":1,\"name\":\"Home\",\"item\":\"https:\/\/tuzlainfo.ba\/\"},{\"@type\":\"ListItem\",\"position\":2,\"name\":\"Sve vi\u0161e nesre\u0107a: Stru\u010dnjaci tra\u017ee hitno ure\u0111enje upotrebe romobila u FBiH\"}]},{\"@type\":\"WebSite\",\"@id\":\"https:\/\/tuzlainfo.ba\/#website\",\"url\":\"https:\/\/tuzlainfo.ba\/\",\"name\":\"TuzlaInfo.ba\",\"description\":\"Tuzla info, gradski informator - Tuzla na dlanu\",\"publisher\":{\"@id\":\"https:\/\/tuzlainfo.ba\/#organization\"},\"potentialAction\":[{\"@type\":\"SearchAction\",\"target\":{\"@type\":\"EntryPoint\",\"urlTemplate\":\"https:\/\/tuzlainfo.ba\/?s={search_term_string}\"},\"query-input\":{\"@type\":\"PropertyValueSpecification\",\"valueRequired\":true,\"valueName\":\"search_term_string\"}}],\"inLanguage\":\"bs-BA\"},{\"@type\":\"Organization\",\"@id\":\"https:\/\/tuzlainfo.ba\/#organization\",\"name\":\"TuzlaInfo.ba\",\"url\":\"https:\/\/tuzlainfo.ba\/\",\"logo\":{\"@type\":\"ImageObject\",\"inLanguage\":\"bs-BA\",\"@id\":\"https:\/\/tuzlainfo.ba\/#\/schema\/logo\/image\/\",\"url\":\"https:\/\/tuzlainfo.ba\/wp-content\/uploads\/2021\/03\/logo-ver-3-1.png\",\"contentUrl\":\"https:\/\/tuzlainfo.ba\/wp-content\/uploads\/2021\/03\/logo-ver-3-1.png\",\"width\":350,\"height\":95,\"caption\":\"TuzlaInfo.ba\"},\"image\":{\"@id\":\"https:\/\/tuzlainfo.ba\/#\/schema\/logo\/image\/\"},\"sameAs\":[\"https:\/\/www.facebook.com\/tuzlainfo.ba\/\"]},{\"@type\":\"Person\",\"@id\":\"https:\/\/tuzlainfo.ba\/#\/schema\/person\/f434e20dc27ea133923aab08451b7f7f\",\"name\":\"nedim\",\"image\":{\"@type\":\"ImageObject\",\"inLanguage\":\"bs-BA\",\"@id\":\"https:\/\/tuzlainfo.ba\/#\/schema\/person\/image\/\",\"url\":\"https:\/\/tuzlainfo.ba\/wp-content\/litespeed\/avatar\/aabad687af24844af817603ac1cbdc4f.jpg?ver=1777306975\",\"contentUrl\":\"https:\/\/tuzlainfo.ba\/wp-content\/litespeed\/avatar\/aabad687af24844af817603ac1cbdc4f.jpg?ver=1777306975\",\"caption\":\"nedim\"},\"description\":\"Tuzlainfo.ba pratite na dru\u0161tvenim mre\u017eama: Facebook, Instagram i Youtube. Svoje pri\u010de, upite i fotografije \u0161aljite na na\u0161u e-mail adresu.\"}]}<\/script>\n<!-- \/ Yoast SEO plugin. -->","yoast_head_json":{"title":"Sve vi\u0161e nesre\u0107a: Stru\u010dnjaci tra\u017ee hitno ure\u0111enje upotrebe romobila u FBiH - TuzlaInfo.ba","robots":{"index":"index","follow":"follow","max-snippet":"max-snippet:-1","max-image-preview":"max-image-preview:large","max-video-preview":"max-video-preview:-1"},"canonical":"https:\/\/tuzlainfo.ba\/index.php\/bosna-i-hercegovina\/item\/301845-sve-vise-nesreca-strucnjaci-traze-hitno-uredjenje-upotrebe-romobila-u-fbih\/","og_locale":"bs_BA","og_type":"article","og_title":"Sve vi\u0161e nesre\u0107a: Stru\u010dnjaci tra\u017ee hitno ure\u0111enje upotrebe romobila u FBiH - TuzlaInfo.ba","og_description":"U Federaciji Bosne i Hercegovine i dalje nema jedinstvenog zakonskog rje\u0161enja koje reguli\u0161e upotrebu elektri\u010dnih&hellip;","og_url":"https:\/\/tuzlainfo.ba\/index.php\/bosna-i-hercegovina\/item\/301845-sve-vise-nesreca-strucnjaci-traze-hitno-uredjenje-upotrebe-romobila-u-fbih\/","og_site_name":"TuzlaInfo.ba","article_publisher":"https:\/\/www.facebook.com\/tuzlainfo.ba\/","article_published_time":"2026-05-03T10:19:32+00:00","article_modified_time":"2026-05-03T05:48:19+00:00","og_image":[{"width":770,"height":410,"url":"https:\/\/tuzlainfo.ba\/wp-content\/uploads\/2020\/06\/sadrzaj_2020_20200601_2606_romobil.jpg","type":"image\/jpeg"}],"author":"nedim","twitter_card":"summary_large_image","twitter_misc":{"Written by":"nedim","Est. reading time":"2 minute"},"schema":{"@context":"https:\/\/schema.org","@graph":[{"@type":"Article","@id":"https:\/\/tuzlainfo.ba\/index.php\/bosna-i-hercegovina\/item\/301845-sve-vise-nesreca-strucnjaci-traze-hitno-uredjenje-upotrebe-romobila-u-fbih\/#article","isPartOf":{"@id":"https:\/\/tuzlainfo.ba\/index.php\/bosna-i-hercegovina\/item\/301845-sve-vise-nesreca-strucnjaci-traze-hitno-uredjenje-upotrebe-romobila-u-fbih\/"},"author":{"name":"nedim","@id":"https:\/\/tuzlainfo.ba\/#\/schema\/person\/f434e20dc27ea133923aab08451b7f7f"},"headline":"Sve vi\u0161e nesre\u0107a: Stru\u010dnjaci tra\u017ee hitno ure\u0111enje upotrebe romobila u FBiH","datePublished":"2026-05-03T10:19:32+00:00","dateModified":"2026-05-03T05:48:19+00:00","mainEntityOfPage":{"@id":"https:\/\/tuzlainfo.ba\/index.php\/bosna-i-hercegovina\/item\/301845-sve-vise-nesreca-strucnjaci-traze-hitno-uredjenje-upotrebe-romobila-u-fbih\/"},"wordCount":336,"publisher":{"@id":"https:\/\/tuzlainfo.ba\/#organization"},"image":{"@id":"https:\/\/tuzlainfo.ba\/index.php\/bosna-i-hercegovina\/item\/301845-sve-vise-nesreca-strucnjaci-traze-hitno-uredjenje-upotrebe-romobila-u-fbih\/#primaryimage"},"thumbnailUrl":"https:\/\/tuzlainfo.ba\/wp-content\/uploads\/2020\/06\/sadrzaj_2020_20200601_2606_romobil.jpg","keywords":["elektri\u010dni romobili"],"articleSection":["Bosna i Hercegovina"],"inLanguage":"bs-BA"},{"@type":"WebPage","@id":"https:\/\/tuzlainfo.ba\/index.php\/bosna-i-hercegovina\/item\/301845-sve-vise-nesreca-strucnjaci-traze-hitno-uredjenje-upotrebe-romobila-u-fbih\/","url":"https:\/\/tuzlainfo.ba\/index.php\/bosna-i-hercegovina\/item\/301845-sve-vise-nesreca-strucnjaci-traze-hitno-uredjenje-upotrebe-romobila-u-fbih\/","name":"Sve vi\u0161e nesre\u0107a: Stru\u010dnjaci tra\u017ee hitno ure\u0111enje upotrebe romobila u FBiH - TuzlaInfo.ba","isPartOf":{"@id":"https:\/\/tuzlainfo.ba\/#website"},"primaryImageOfPage":{"@id":"https:\/\/tuzlainfo.ba\/index.php\/bosna-i-hercegovina\/item\/301845-sve-vise-nesreca-strucnjaci-traze-hitno-uredjenje-upotrebe-romobila-u-fbih\/#primaryimage"},"image":{"@id":"https:\/\/tuzlainfo.ba\/index.php\/bosna-i-hercegovina\/item\/301845-sve-vise-nesreca-strucnjaci-traze-hitno-uredjenje-upotrebe-romobila-u-fbih\/#primaryimage"},"thumbnailUrl":"https:\/\/tuzlainfo.ba\/wp-content\/uploads\/2020\/06\/sadrzaj_2020_20200601_2606_romobil.jpg","datePublished":"2026-05-03T10:19:32+00:00","dateModified":"2026-05-03T05:48:19+00:00","breadcrumb":{"@id":"https:\/\/tuzlainfo.ba\/index.php\/bosna-i-hercegovina\/item\/301845-sve-vise-nesreca-strucnjaci-traze-hitno-uredjenje-upotrebe-romobila-u-fbih\/#breadcrumb"},"inLanguage":"bs-BA","potentialAction":[{"@type":"ReadAction","target":["https:\/\/tuzlainfo.ba\/index.php\/bosna-i-hercegovina\/item\/301845-sve-vise-nesreca-strucnjaci-traze-hitno-uredjenje-upotrebe-romobila-u-fbih\/"]}]},{"@type":"ImageObject","inLanguage":"bs-BA","@id":"https:\/\/tuzlainfo.ba\/index.php\/bosna-i-hercegovina\/item\/301845-sve-vise-nesreca-strucnjaci-traze-hitno-uredjenje-upotrebe-romobila-u-fbih\/#primaryimage","url":"https:\/\/tuzlainfo.ba\/wp-content\/uploads\/2020\/06\/sadrzaj_2020_20200601_2606_romobil.jpg","contentUrl":"https:\/\/tuzlainfo.ba\/wp-content\/uploads\/2020\/06\/sadrzaj_2020_20200601_2606_romobil.jpg","width":770,"height":410,"caption":"2606 romobil"},{"@type":"BreadcrumbList","@id":"https:\/\/tuzlainfo.ba\/index.php\/bosna-i-hercegovina\/item\/301845-sve-vise-nesreca-strucnjaci-traze-hitno-uredjenje-upotrebe-romobila-u-fbih\/#breadcrumb","itemListElement":[{"@type":"ListItem","position":1,"name":"Home","item":"https:\/\/tuzlainfo.ba\/"},{"@type":"ListItem","position":2,"name":"Sve vi\u0161e nesre\u0107a: Stru\u010dnjaci tra\u017ee hitno ure\u0111enje upotrebe romobila u FBiH"}]},{"@type":"WebSite","@id":"https:\/\/tuzlainfo.ba\/#website","url":"https:\/\/tuzlainfo.ba\/","name":"TuzlaInfo.ba","description":"Tuzla info, gradski informator - Tuzla na dlanu","publisher":{"@id":"https:\/\/tuzlainfo.ba\/#organization"},"potentialAction":[{"@type":"SearchAction","target":{"@type":"EntryPoint","urlTemplate":"https:\/\/tuzlainfo.ba\/?s={search_term_string}"},"query-input":{"@type":"PropertyValueSpecification","valueRequired":true,"valueName":"search_term_string"}}],"inLanguage":"bs-BA"},{"@type":"Organization","@id":"https:\/\/tuzlainfo.ba\/#organization","name":"TuzlaInfo.ba","url":"https:\/\/tuzlainfo.ba\/","logo":{"@type":"ImageObject","inLanguage":"bs-BA","@id":"https:\/\/tuzlainfo.ba\/#\/schema\/logo\/image\/","url":"https:\/\/tuzlainfo.ba\/wp-content\/uploads\/2021\/03\/logo-ver-3-1.png","contentUrl":"https:\/\/tuzlainfo.ba\/wp-content\/uploads\/2021\/03\/logo-ver-3-1.png","width":350,"height":95,"caption":"TuzlaInfo.ba"},"image":{"@id":"https:\/\/tuzlainfo.ba\/#\/schema\/logo\/image\/"},"sameAs":["https:\/\/www.facebook.com\/tuzlainfo.ba\/"]},{"@type":"Person","@id":"https:\/\/tuzlainfo.ba\/#\/schema\/person\/f434e20dc27ea133923aab08451b7f7f","name":"nedim","image":{"@type":"ImageObject","inLanguage":"bs-BA","@id":"https:\/\/tuzlainfo.ba\/#\/schema\/person\/image\/","url":"https:\/\/tuzlainfo.ba\/wp-content\/litespeed\/avatar\/aabad687af24844af817603ac1cbdc4f.jpg?ver=1777306975","contentUrl":"https:\/\/tuzlainfo.ba\/wp-content\/litespeed\/avatar\/aabad687af24844af817603ac1cbdc4f.jpg?ver=1777306975","caption":"nedim"},"description":"Tuzlainfo.ba pratite na dru\u0161tvenim mre\u017eama: Facebook, Instagram i Youtube. Svoje pri\u010de, upite i fotografije \u0161aljite na na\u0161u e-mail adresu."}]}},"_links":{"self":[{"href":"https:\/\/tuzlainfo.ba\/index.php\/wp-json\/wp\/v2\/posts\/301845"}],"collection":[{"href":"https:\/\/tuzlainfo.ba\/index.php\/wp-json\/wp\/v2\/posts"}],"about":[{"href":"https:\/\/tuzlainfo.ba\/index.php\/wp-json\/wp\/v2\/types\/post"}],"author":[{"embeddable":true,"href":"https:\/\/tuzlainfo.ba\/index.php\/wp-json\/wp\/v2\/users\/2"}],"replies":[{"embeddable":true,"href":"https:\/\/tuzlainfo.ba\/index.php\/wp-json\/wp\/v2\/comments?post=301845"}],"version-history":[{"count":1,"href":"https:\/\/tuzlainfo.ba\/index.php\/wp-json\/wp\/v2\/posts\/301845\/revisions"}],"predecessor-version":[{"id":301846,"href":"https:\/\/tuzlainfo.ba\/index.php\/wp-json\/wp\/v2\/posts\/301845\/revisions\/301846"}],"wp:featuredmedia":[{"embeddable":true,"href":"https:\/\/tuzlainfo.ba\/index.php\/wp-json\/wp\/v2\/media\/80545"}],"wp:attachment":[{"href":"https:\/\/tuzlainfo.ba\/index.php\/wp-json\/wp\/v2\/media?parent=301845"}],"wp:term":[{"taxonomy":"category","embeddable":true,"href":"https:\/\/tuzlainfo.ba\/index.php\/wp-json\/wp\/v2\/categories?post=301845"},{"taxonomy":"post_tag","embeddable":true,"href":"https:\/\/tuzlainfo.ba\/index.php\/wp-json\/wp\/v2\/tags?post=301845"}],"curies":[{"name":"wp","href":"https:\/\/api.w.org\/{rel}","templated":true}]}}