{"id":301824,"date":"2026-05-01T22:47:01","date_gmt":"2026-05-01T20:47:01","guid":{"rendered":"https:\/\/tuzlainfo.ba\/?p=301824"},"modified":"2026-05-01T22:47:01","modified_gmt":"2026-05-01T20:47:01","slug":"bakir-kasumovic-iz-tuzle-medju-najboljim-mladim-lingvistima-evrope-i-afrike","status":"publish","type":"post","link":"https:\/\/tuzlainfo.ba\/index.php\/novosti\/item\/301824-bakir-kasumovic-iz-tuzle-medju-najboljim-mladim-lingvistima-evrope-i-afrike\/","title":{"rendered":"Bakir Kasumovi\u0107 iz Tuzle me\u0111u najboljim mladim lingvistima Evrope i Afrike"},"content":{"rendered":"<p>Richmond Park International School Tuzla pohvalila se izuzetnim uspjehom svog u\u010denika Bekira Kasumovi\u0107a, koji je ostvario vrhunski rezultat na presti\u017enom me\u0111unarodnom takmi\u010denju iz engleskog jezika Hippo International English Language Olympiad.<\/p>\n<p>Bekir se takmi\u010dio u kategoriji HIPPO 5, namijenjenoj u\u010denicima tre\u0107ih i \u010detvrtih razreda srednje \u0161kole, gdje je uspje\u0161no pro\u0161ao dvije zahtjevne faze \u2013 preliminarnu i nacionalnu rundu. Zahvaljuju\u0107i znanju, radu i posve\u0107enosti, izborio je plasman na kontinentalnu rundu za Evropu i Afriku, koja \u0107e biti odr\u017eana od 17. do 20. maja 2026. godine u Veneciji.<\/p>\n<p>Poseban zna\u010daj ovom rezultatu daje \u010dinjenica da je Bekir jedan od svega tri u\u010denika iz Bosne i Hercegovine koji su se plasirali u ovoj kategoriji, te prvi me\u0111u njima.<\/p>\n<p>Na predstoje\u0107em takmi\u010denju predstavljat \u0107e ne samo svoju \u0161kolu, ve\u0107 i Bosnu i Hercegovinu me\u0111u najboljim mladim poznavaocima engleskog jezika iz Evrope i Afrike.<\/p>\n<p>Ovaj uspjeh potvr\u0111uje kvalitet obrazovanja i rada s u\u010denicima, kao i va\u017enost ulaganja u znanje i me\u0111unarodne kompetencije. Iz \u0161kole su poru\u010dili da s ponosom stoje uz Bekira, uz uvjerenje da \u0107e i u nastavku takmi\u010denja ostvariti zapa\u017een rezultat.<\/p>\n","protected":false},"excerpt":{"rendered":"<p>Richmond Park International School Tuzla pohvalila se izuzetnim uspjehom svog u\u010denika Bekira Kasumovi\u0107a, koji je&hellip;<\/p>\n","protected":false},"author":2,"featured_media":301825,"comment_status":"closed","ping_status":"closed","sticky":false,"template":"","format":"standard","meta":{"_acf_changed":false,"footnotes":""},"categories":[304,12],"tags":[1312],"acf":[],"yoast_head":"<!-- This site is optimized with the Yoast SEO plugin v23.5 - https:\/\/yoast.com\/wordpress\/plugins\/seo\/ -->\n<title>Bakir Kasumovi\u0107 iz Tuzle me\u0111u najboljim mladim lingvistima Evrope i Afrike - TuzlaInfo.ba<\/title>\n<meta name=\"robots\" content=\"index, follow, max-snippet:-1, max-image-preview:large, max-video-preview:-1\" \/>\n<link rel=\"canonical\" href=\"https:\/\/tuzlainfo.ba\/index.php\/novosti\/item\/301824-bakir-kasumovic-iz-tuzle-medju-najboljim-mladim-lingvistima-evrope-i-afrike\/\" \/>\n<meta property=\"og:locale\" content=\"bs_BA\" \/>\n<meta property=\"og:type\" content=\"article\" \/>\n<meta property=\"og:title\" content=\"Bakir Kasumovi\u0107 iz Tuzle me\u0111u najboljim mladim lingvistima Evrope i Afrike - TuzlaInfo.ba\" \/>\n<meta property=\"og:description\" content=\"Richmond Park International School Tuzla pohvalila se izuzetnim uspjehom svog u\u010denika Bekira Kasumovi\u0107a, koji je&hellip;\" \/>\n<meta property=\"og:url\" content=\"https:\/\/tuzlainfo.ba\/index.php\/novosti\/item\/301824-bakir-kasumovic-iz-tuzle-medju-najboljim-mladim-lingvistima-evrope-i-afrike\/\" \/>\n<meta property=\"og:site_name\" content=\"TuzlaInfo.ba\" \/>\n<meta property=\"article:publisher\" content=\"https:\/\/www.facebook.com\/tuzlainfo.ba\/\" \/>\n<meta property=\"article:published_time\" content=\"2026-05-01T20:47:01+00:00\" \/>\n<meta property=\"og:image\" content=\"https:\/\/tuzlainfo.ba\/wp-content\/uploads\/2026\/05\/IMG_3788.jpeg\" \/>\n\t<meta property=\"og:image:width\" content=\"1440\" \/>\n\t<meta property=\"og:image:height\" content=\"1076\" \/>\n\t<meta property=\"og:image:type\" content=\"image\/jpeg\" \/>\n<meta name=\"author\" content=\"nedim\" \/>\n<meta name=\"twitter:card\" content=\"summary_large_image\" \/>\n<meta name=\"twitter:label1\" content=\"Written by\" \/>\n\t<meta name=\"twitter:data1\" content=\"nedim\" \/>\n\t<meta name=\"twitter:label2\" content=\"Est. reading time\" \/>\n\t<meta name=\"twitter:data2\" content=\"2 minute\" \/>\n<script type=\"application\/ld+json\" class=\"yoast-schema-graph\">{\"@context\":\"https:\/\/schema.org\",\"@graph\":[{\"@type\":\"Article\",\"@id\":\"https:\/\/tuzlainfo.ba\/index.php\/novosti\/item\/301824-bakir-kasumovic-iz-tuzle-medju-najboljim-mladim-lingvistima-evrope-i-afrike\/#article\",\"isPartOf\":{\"@id\":\"https:\/\/tuzlainfo.ba\/index.php\/novosti\/item\/301824-bakir-kasumovic-iz-tuzle-medju-najboljim-mladim-lingvistima-evrope-i-afrike\/\"},\"author\":{\"name\":\"nedim\",\"@id\":\"https:\/\/tuzlainfo.ba\/#\/schema\/person\/f434e20dc27ea133923aab08451b7f7f\"},\"headline\":\"Bakir Kasumovi\u0107 iz Tuzle me\u0111u najboljim mladim lingvistima Evrope i Afrike\",\"datePublished\":\"2026-05-01T20:47:01+00:00\",\"dateModified\":\"2026-05-01T20:47:01+00:00\",\"mainEntityOfPage\":{\"@id\":\"https:\/\/tuzlainfo.ba\/index.php\/novosti\/item\/301824-bakir-kasumovic-iz-tuzle-medju-najboljim-mladim-lingvistima-evrope-i-afrike\/\"},\"wordCount\":210,\"publisher\":{\"@id\":\"https:\/\/tuzlainfo.ba\/#organization\"},\"image\":{\"@id\":\"https:\/\/tuzlainfo.ba\/index.php\/novosti\/item\/301824-bakir-kasumovic-iz-tuzle-medju-najboljim-mladim-lingvistima-evrope-i-afrike\/#primaryimage\"},\"thumbnailUrl\":\"https:\/\/tuzlainfo.ba\/wp-content\/uploads\/2026\/05\/IMG_3788.jpeg\",\"keywords\":[\"Richmond Park International School\"],\"articleSection\":[\"Istaknuto\",\"Novosti\"],\"inLanguage\":\"bs-BA\"},{\"@type\":\"WebPage\",\"@id\":\"https:\/\/tuzlainfo.ba\/index.php\/novosti\/item\/301824-bakir-kasumovic-iz-tuzle-medju-najboljim-mladim-lingvistima-evrope-i-afrike\/\",\"url\":\"https:\/\/tuzlainfo.ba\/index.php\/novosti\/item\/301824-bakir-kasumovic-iz-tuzle-medju-najboljim-mladim-lingvistima-evrope-i-afrike\/\",\"name\":\"Bakir Kasumovi\u0107 iz Tuzle me\u0111u najboljim mladim lingvistima Evrope i Afrike - TuzlaInfo.ba\",\"isPartOf\":{\"@id\":\"https:\/\/tuzlainfo.ba\/#website\"},\"primaryImageOfPage\":{\"@id\":\"https:\/\/tuzlainfo.ba\/index.php\/novosti\/item\/301824-bakir-kasumovic-iz-tuzle-medju-najboljim-mladim-lingvistima-evrope-i-afrike\/#primaryimage\"},\"image\":{\"@id\":\"https:\/\/tuzlainfo.ba\/index.php\/novosti\/item\/301824-bakir-kasumovic-iz-tuzle-medju-najboljim-mladim-lingvistima-evrope-i-afrike\/#primaryimage\"},\"thumbnailUrl\":\"https:\/\/tuzlainfo.ba\/wp-content\/uploads\/2026\/05\/IMG_3788.jpeg\",\"datePublished\":\"2026-05-01T20:47:01+00:00\",\"dateModified\":\"2026-05-01T20:47:01+00:00\",\"breadcrumb\":{\"@id\":\"https:\/\/tuzlainfo.ba\/index.php\/novosti\/item\/301824-bakir-kasumovic-iz-tuzle-medju-najboljim-mladim-lingvistima-evrope-i-afrike\/#breadcrumb\"},\"inLanguage\":\"bs-BA\",\"potentialAction\":[{\"@type\":\"ReadAction\",\"target\":[\"https:\/\/tuzlainfo.ba\/index.php\/novosti\/item\/301824-bakir-kasumovic-iz-tuzle-medju-najboljim-mladim-lingvistima-evrope-i-afrike\/\"]}]},{\"@type\":\"ImageObject\",\"inLanguage\":\"bs-BA\",\"@id\":\"https:\/\/tuzlainfo.ba\/index.php\/novosti\/item\/301824-bakir-kasumovic-iz-tuzle-medju-najboljim-mladim-lingvistima-evrope-i-afrike\/#primaryimage\",\"url\":\"https:\/\/tuzlainfo.ba\/wp-content\/uploads\/2026\/05\/IMG_3788.jpeg\",\"contentUrl\":\"https:\/\/tuzlainfo.ba\/wp-content\/uploads\/2026\/05\/IMG_3788.jpeg\",\"width\":1440,\"height\":1076},{\"@type\":\"BreadcrumbList\",\"@id\":\"https:\/\/tuzlainfo.ba\/index.php\/novosti\/item\/301824-bakir-kasumovic-iz-tuzle-medju-najboljim-mladim-lingvistima-evrope-i-afrike\/#breadcrumb\",\"itemListElement\":[{\"@type\":\"ListItem\",\"position\":1,\"name\":\"Home\",\"item\":\"https:\/\/tuzlainfo.ba\/\"},{\"@type\":\"ListItem\",\"position\":2,\"name\":\"Bakir Kasumovi\u0107 iz Tuzle me\u0111u najboljim mladim lingvistima Evrope i Afrike\"}]},{\"@type\":\"WebSite\",\"@id\":\"https:\/\/tuzlainfo.ba\/#website\",\"url\":\"https:\/\/tuzlainfo.ba\/\",\"name\":\"TuzlaInfo.ba\",\"description\":\"Tuzla info, gradski informator - Tuzla na dlanu\",\"publisher\":{\"@id\":\"https:\/\/tuzlainfo.ba\/#organization\"},\"potentialAction\":[{\"@type\":\"SearchAction\",\"target\":{\"@type\":\"EntryPoint\",\"urlTemplate\":\"https:\/\/tuzlainfo.ba\/?s={search_term_string}\"},\"query-input\":{\"@type\":\"PropertyValueSpecification\",\"valueRequired\":true,\"valueName\":\"search_term_string\"}}],\"inLanguage\":\"bs-BA\"},{\"@type\":\"Organization\",\"@id\":\"https:\/\/tuzlainfo.ba\/#organization\",\"name\":\"TuzlaInfo.ba\",\"url\":\"https:\/\/tuzlainfo.ba\/\",\"logo\":{\"@type\":\"ImageObject\",\"inLanguage\":\"bs-BA\",\"@id\":\"https:\/\/tuzlainfo.ba\/#\/schema\/logo\/image\/\",\"url\":\"https:\/\/tuzlainfo.ba\/wp-content\/uploads\/2021\/03\/logo-ver-3-1.png\",\"contentUrl\":\"https:\/\/tuzlainfo.ba\/wp-content\/uploads\/2021\/03\/logo-ver-3-1.png\",\"width\":350,\"height\":95,\"caption\":\"TuzlaInfo.ba\"},\"image\":{\"@id\":\"https:\/\/tuzlainfo.ba\/#\/schema\/logo\/image\/\"},\"sameAs\":[\"https:\/\/www.facebook.com\/tuzlainfo.ba\/\"]},{\"@type\":\"Person\",\"@id\":\"https:\/\/tuzlainfo.ba\/#\/schema\/person\/f434e20dc27ea133923aab08451b7f7f\",\"name\":\"nedim\",\"image\":{\"@type\":\"ImageObject\",\"inLanguage\":\"bs-BA\",\"@id\":\"https:\/\/tuzlainfo.ba\/#\/schema\/person\/image\/\",\"url\":\"https:\/\/tuzlainfo.ba\/wp-content\/litespeed\/avatar\/aabad687af24844af817603ac1cbdc4f.jpg?ver=1777306975\",\"contentUrl\":\"https:\/\/tuzlainfo.ba\/wp-content\/litespeed\/avatar\/aabad687af24844af817603ac1cbdc4f.jpg?ver=1777306975\",\"caption\":\"nedim\"},\"description\":\"Tuzlainfo.ba pratite na dru\u0161tvenim mre\u017eama: Facebook, Instagram i Youtube. Svoje pri\u010de, upite i fotografije \u0161aljite na na\u0161u e-mail adresu.\"}]}<\/script>\n<!-- \/ Yoast SEO plugin. -->","yoast_head_json":{"title":"Bakir Kasumovi\u0107 iz Tuzle me\u0111u najboljim mladim lingvistima Evrope i Afrike - TuzlaInfo.ba","robots":{"index":"index","follow":"follow","max-snippet":"max-snippet:-1","max-image-preview":"max-image-preview:large","max-video-preview":"max-video-preview:-1"},"canonical":"https:\/\/tuzlainfo.ba\/index.php\/novosti\/item\/301824-bakir-kasumovic-iz-tuzle-medju-najboljim-mladim-lingvistima-evrope-i-afrike\/","og_locale":"bs_BA","og_type":"article","og_title":"Bakir Kasumovi\u0107 iz Tuzle me\u0111u najboljim mladim lingvistima Evrope i Afrike - TuzlaInfo.ba","og_description":"Richmond Park International School Tuzla pohvalila se izuzetnim uspjehom svog u\u010denika Bekira Kasumovi\u0107a, koji je&hellip;","og_url":"https:\/\/tuzlainfo.ba\/index.php\/novosti\/item\/301824-bakir-kasumovic-iz-tuzle-medju-najboljim-mladim-lingvistima-evrope-i-afrike\/","og_site_name":"TuzlaInfo.ba","article_publisher":"https:\/\/www.facebook.com\/tuzlainfo.ba\/","article_published_time":"2026-05-01T20:47:01+00:00","og_image":[{"width":1440,"height":1076,"url":"https:\/\/tuzlainfo.ba\/wp-content\/uploads\/2026\/05\/IMG_3788.jpeg","type":"image\/jpeg"}],"author":"nedim","twitter_card":"summary_large_image","twitter_misc":{"Written by":"nedim","Est. reading time":"2 minute"},"schema":{"@context":"https:\/\/schema.org","@graph":[{"@type":"Article","@id":"https:\/\/tuzlainfo.ba\/index.php\/novosti\/item\/301824-bakir-kasumovic-iz-tuzle-medju-najboljim-mladim-lingvistima-evrope-i-afrike\/#article","isPartOf":{"@id":"https:\/\/tuzlainfo.ba\/index.php\/novosti\/item\/301824-bakir-kasumovic-iz-tuzle-medju-najboljim-mladim-lingvistima-evrope-i-afrike\/"},"author":{"name":"nedim","@id":"https:\/\/tuzlainfo.ba\/#\/schema\/person\/f434e20dc27ea133923aab08451b7f7f"},"headline":"Bakir Kasumovi\u0107 iz Tuzle me\u0111u najboljim mladim lingvistima Evrope i Afrike","datePublished":"2026-05-01T20:47:01+00:00","dateModified":"2026-05-01T20:47:01+00:00","mainEntityOfPage":{"@id":"https:\/\/tuzlainfo.ba\/index.php\/novosti\/item\/301824-bakir-kasumovic-iz-tuzle-medju-najboljim-mladim-lingvistima-evrope-i-afrike\/"},"wordCount":210,"publisher":{"@id":"https:\/\/tuzlainfo.ba\/#organization"},"image":{"@id":"https:\/\/tuzlainfo.ba\/index.php\/novosti\/item\/301824-bakir-kasumovic-iz-tuzle-medju-najboljim-mladim-lingvistima-evrope-i-afrike\/#primaryimage"},"thumbnailUrl":"https:\/\/tuzlainfo.ba\/wp-content\/uploads\/2026\/05\/IMG_3788.jpeg","keywords":["Richmond Park International School"],"articleSection":["Istaknuto","Novosti"],"inLanguage":"bs-BA"},{"@type":"WebPage","@id":"https:\/\/tuzlainfo.ba\/index.php\/novosti\/item\/301824-bakir-kasumovic-iz-tuzle-medju-najboljim-mladim-lingvistima-evrope-i-afrike\/","url":"https:\/\/tuzlainfo.ba\/index.php\/novosti\/item\/301824-bakir-kasumovic-iz-tuzle-medju-najboljim-mladim-lingvistima-evrope-i-afrike\/","name":"Bakir Kasumovi\u0107 iz Tuzle me\u0111u najboljim mladim lingvistima Evrope i Afrike - TuzlaInfo.ba","isPartOf":{"@id":"https:\/\/tuzlainfo.ba\/#website"},"primaryImageOfPage":{"@id":"https:\/\/tuzlainfo.ba\/index.php\/novosti\/item\/301824-bakir-kasumovic-iz-tuzle-medju-najboljim-mladim-lingvistima-evrope-i-afrike\/#primaryimage"},"image":{"@id":"https:\/\/tuzlainfo.ba\/index.php\/novosti\/item\/301824-bakir-kasumovic-iz-tuzle-medju-najboljim-mladim-lingvistima-evrope-i-afrike\/#primaryimage"},"thumbnailUrl":"https:\/\/tuzlainfo.ba\/wp-content\/uploads\/2026\/05\/IMG_3788.jpeg","datePublished":"2026-05-01T20:47:01+00:00","dateModified":"2026-05-01T20:47:01+00:00","breadcrumb":{"@id":"https:\/\/tuzlainfo.ba\/index.php\/novosti\/item\/301824-bakir-kasumovic-iz-tuzle-medju-najboljim-mladim-lingvistima-evrope-i-afrike\/#breadcrumb"},"inLanguage":"bs-BA","potentialAction":[{"@type":"ReadAction","target":["https:\/\/tuzlainfo.ba\/index.php\/novosti\/item\/301824-bakir-kasumovic-iz-tuzle-medju-najboljim-mladim-lingvistima-evrope-i-afrike\/"]}]},{"@type":"ImageObject","inLanguage":"bs-BA","@id":"https:\/\/tuzlainfo.ba\/index.php\/novosti\/item\/301824-bakir-kasumovic-iz-tuzle-medju-najboljim-mladim-lingvistima-evrope-i-afrike\/#primaryimage","url":"https:\/\/tuzlainfo.ba\/wp-content\/uploads\/2026\/05\/IMG_3788.jpeg","contentUrl":"https:\/\/tuzlainfo.ba\/wp-content\/uploads\/2026\/05\/IMG_3788.jpeg","width":1440,"height":1076},{"@type":"BreadcrumbList","@id":"https:\/\/tuzlainfo.ba\/index.php\/novosti\/item\/301824-bakir-kasumovic-iz-tuzle-medju-najboljim-mladim-lingvistima-evrope-i-afrike\/#breadcrumb","itemListElement":[{"@type":"ListItem","position":1,"name":"Home","item":"https:\/\/tuzlainfo.ba\/"},{"@type":"ListItem","position":2,"name":"Bakir Kasumovi\u0107 iz Tuzle me\u0111u najboljim mladim lingvistima Evrope i Afrike"}]},{"@type":"WebSite","@id":"https:\/\/tuzlainfo.ba\/#website","url":"https:\/\/tuzlainfo.ba\/","name":"TuzlaInfo.ba","description":"Tuzla info, gradski informator - Tuzla na dlanu","publisher":{"@id":"https:\/\/tuzlainfo.ba\/#organization"},"potentialAction":[{"@type":"SearchAction","target":{"@type":"EntryPoint","urlTemplate":"https:\/\/tuzlainfo.ba\/?s={search_term_string}"},"query-input":{"@type":"PropertyValueSpecification","valueRequired":true,"valueName":"search_term_string"}}],"inLanguage":"bs-BA"},{"@type":"Organization","@id":"https:\/\/tuzlainfo.ba\/#organization","name":"TuzlaInfo.ba","url":"https:\/\/tuzlainfo.ba\/","logo":{"@type":"ImageObject","inLanguage":"bs-BA","@id":"https:\/\/tuzlainfo.ba\/#\/schema\/logo\/image\/","url":"https:\/\/tuzlainfo.ba\/wp-content\/uploads\/2021\/03\/logo-ver-3-1.png","contentUrl":"https:\/\/tuzlainfo.ba\/wp-content\/uploads\/2021\/03\/logo-ver-3-1.png","width":350,"height":95,"caption":"TuzlaInfo.ba"},"image":{"@id":"https:\/\/tuzlainfo.ba\/#\/schema\/logo\/image\/"},"sameAs":["https:\/\/www.facebook.com\/tuzlainfo.ba\/"]},{"@type":"Person","@id":"https:\/\/tuzlainfo.ba\/#\/schema\/person\/f434e20dc27ea133923aab08451b7f7f","name":"nedim","image":{"@type":"ImageObject","inLanguage":"bs-BA","@id":"https:\/\/tuzlainfo.ba\/#\/schema\/person\/image\/","url":"https:\/\/tuzlainfo.ba\/wp-content\/litespeed\/avatar\/aabad687af24844af817603ac1cbdc4f.jpg?ver=1777306975","contentUrl":"https:\/\/tuzlainfo.ba\/wp-content\/litespeed\/avatar\/aabad687af24844af817603ac1cbdc4f.jpg?ver=1777306975","caption":"nedim"},"description":"Tuzlainfo.ba pratite na dru\u0161tvenim mre\u017eama: Facebook, Instagram i Youtube. Svoje pri\u010de, upite i fotografije \u0161aljite na na\u0161u e-mail adresu."}]}},"_links":{"self":[{"href":"https:\/\/tuzlainfo.ba\/index.php\/wp-json\/wp\/v2\/posts\/301824"}],"collection":[{"href":"https:\/\/tuzlainfo.ba\/index.php\/wp-json\/wp\/v2\/posts"}],"about":[{"href":"https:\/\/tuzlainfo.ba\/index.php\/wp-json\/wp\/v2\/types\/post"}],"author":[{"embeddable":true,"href":"https:\/\/tuzlainfo.ba\/index.php\/wp-json\/wp\/v2\/users\/2"}],"replies":[{"embeddable":true,"href":"https:\/\/tuzlainfo.ba\/index.php\/wp-json\/wp\/v2\/comments?post=301824"}],"version-history":[{"count":1,"href":"https:\/\/tuzlainfo.ba\/index.php\/wp-json\/wp\/v2\/posts\/301824\/revisions"}],"predecessor-version":[{"id":301826,"href":"https:\/\/tuzlainfo.ba\/index.php\/wp-json\/wp\/v2\/posts\/301824\/revisions\/301826"}],"wp:featuredmedia":[{"embeddable":true,"href":"https:\/\/tuzlainfo.ba\/index.php\/wp-json\/wp\/v2\/media\/301825"}],"wp:attachment":[{"href":"https:\/\/tuzlainfo.ba\/index.php\/wp-json\/wp\/v2\/media?parent=301824"}],"wp:term":[{"taxonomy":"category","embeddable":true,"href":"https:\/\/tuzlainfo.ba\/index.php\/wp-json\/wp\/v2\/categories?post=301824"},{"taxonomy":"post_tag","embeddable":true,"href":"https:\/\/tuzlainfo.ba\/index.php\/wp-json\/wp\/v2\/tags?post=301824"}],"curies":[{"name":"wp","href":"https:\/\/api.w.org\/{rel}","templated":true}]}}