{"id":301796,"date":"2026-05-01T22:01:28","date_gmt":"2026-05-01T20:01:28","guid":{"rendered":"https:\/\/tuzlainfo.ba\/?p=301796"},"modified":"2026-04-30T20:56:16","modified_gmt":"2026-04-30T18:56:16","slug":"poceo-upis-u-osnovnu-muzicku-skolu-tuzla-novi-odsjek-i-povratak-pripremnog-odjeljenja","status":"publish","type":"post","link":"https:\/\/tuzlainfo.ba\/index.php\/novosti\/item\/301796-poceo-upis-u-osnovnu-muzicku-skolu-tuzla-novi-odsjek-i-povratak-pripremnog-odjeljenja\/","title":{"rendered":"Po\u010deo upis u Osnovnu muzi\u010dku \u0161kolu Tuzla: Novi odsjek i povratak pripremnog odjeljenja"},"content":{"rendered":"<p data-start=\"0\" data-end=\"208\">JU Osnovna muzi\u010dka \u0161kola Tuzla objavila je poziv za prijem u\u010denika u \u0161kolsku 2026\/2027. godinu, a prijave \u0107e se zaprimati od 5. do 13. maja, svakim radnim danom u terminu od 9 do 12 sati u prostorijama \u0161kole.<\/p>\n<p data-start=\"210\" data-end=\"392\">Nakon prijemnog ispita, budu\u0107i u\u010denici mo\u0107i \u0107e upisati jedan od ponu\u0111enih odsjeka: klavir, harmoniku, gitaru, violinu, violu, violon\u010delo, flautu, klarinet\/saksofon ili solo pjevanje.<\/p>\n<h3 data-section-id=\"iktep0\" data-start=\"394\" data-end=\"447\">Uveden novi odsjek i vra\u0107eno pripremno odjeljenje<\/h3>\n<p data-start=\"449\" data-end=\"652\">Ovogodi\u0161nji upis donosi i zna\u010dajne novine. Po prvi put uvodi se odsjek za violu, \u010dime se dodatno pro\u0161iruje ponuda guda\u010dkih instrumenata i unapre\u0111uje rad \u0161kole, posebno u oblasti orkestarskog muziciranja.<\/p>\n<p data-start=\"654\" data-end=\"869\">Nakon 13 godina ponovo je pokrenuto i pripremno odjeljenje, namijenjeno u\u010denicima koji zavr\u0161avaju drugi razred osnovne \u0161kole, s ciljem ranog razvoja muzi\u010dkih sposobnosti i kvalitetnije pripreme za dalje obrazovanje.<\/p>\n<p data-start=\"871\" data-end=\"981\">Direktor \u0161kole, mr. art. Jasmin Hasi\u0107, istakao je da ove promjene predstavljaju va\u017ean iskorak u radu ustanove.<\/p>\n<p data-start=\"983\" data-end=\"1199\">\u201eKontinuirano radimo na unapre\u0111enju nastavnog procesa i stvaranju \u0161to boljih uslova za na\u0161e u\u010denike. Uvo\u0111enje odsjeka za violu i ponovno pokretanje pripremnog odjeljenja dio su te strategije razvoja\u201c, kazao je Hasi\u0107.<\/p>\n<h3 data-section-id=\"1nlpgs3\" data-start=\"1201\" data-end=\"1239\">Prijemni ispiti od 20. do 22. maja<\/h3>\n<p data-start=\"1241\" data-end=\"1479\">Pravo prijave na instrumentalne odsjeke imaju u\u010denici koji zavr\u0161avaju tre\u0107i razred osnovne \u0161kole, dok se na solo pjevanje mogu prijaviti kandidati uzrasta od 12 do 14 godina. U\u010denici drugog razreda mogu aplicirati za pripremno odjeljenje.<\/p>\n<p data-start=\"1481\" data-end=\"1643\">Za sve kandidate organizuje se prijemni ispit na kojem \u0107e se provjeravati sluh, ritam i muzi\u010dka memorija, uz izvo\u0111enje dvije dje\u010dije pjesmice po slobodnom izboru.<\/p>\n<p data-start=\"1645\" data-end=\"1822\">Prijemni ispiti bit \u0107e odr\u017eani 20., 21. i 22. maja u terminu od 15 do 18 sati, dok \u0107e detaljan raspored biti objavljen 15. maja na oglasnoj plo\u010di i zvani\u010dnoj web stranici \u0161kole.<\/p>\n<p data-start=\"1824\" data-end=\"1895\">Rang lista primljenih u\u010denika bit \u0107e objavljena najkasnije do 29. maja.<\/p>\n","protected":false},"excerpt":{"rendered":"<p>JU Osnovna muzi\u010dka \u0161kola Tuzla objavila je poziv za prijem u\u010denika u \u0161kolsku 2026\/2027. godinu,&hellip;<\/p>\n","protected":false},"author":2,"featured_media":301797,"comment_status":"closed","ping_status":"closed","sticky":false,"template":"","format":"standard","meta":{"_acf_changed":false,"footnotes":""},"categories":[304,12],"tags":[11955],"acf":[],"yoast_head":"<!-- This site is optimized with the Yoast SEO plugin v23.5 - https:\/\/yoast.com\/wordpress\/plugins\/seo\/ -->\n<title>Po\u010deo upis u Osnovnu muzi\u010dku \u0161kolu Tuzla: Novi odsjek i povratak pripremnog odjeljenja - TuzlaInfo.ba<\/title>\n<meta name=\"robots\" content=\"index, follow, max-snippet:-1, max-image-preview:large, max-video-preview:-1\" \/>\n<link rel=\"canonical\" href=\"https:\/\/tuzlainfo.ba\/index.php\/novosti\/item\/301796-poceo-upis-u-osnovnu-muzicku-skolu-tuzla-novi-odsjek-i-povratak-pripremnog-odjeljenja\/\" \/>\n<meta property=\"og:locale\" content=\"bs_BA\" \/>\n<meta property=\"og:type\" content=\"article\" \/>\n<meta property=\"og:title\" content=\"Po\u010deo upis u Osnovnu muzi\u010dku \u0161kolu Tuzla: Novi odsjek i povratak pripremnog odjeljenja - TuzlaInfo.ba\" \/>\n<meta property=\"og:description\" content=\"JU Osnovna muzi\u010dka \u0161kola Tuzla objavila je poziv za prijem u\u010denika u \u0161kolsku 2026\/2027. godinu,&hellip;\" \/>\n<meta property=\"og:url\" content=\"https:\/\/tuzlainfo.ba\/index.php\/novosti\/item\/301796-poceo-upis-u-osnovnu-muzicku-skolu-tuzla-novi-odsjek-i-povratak-pripremnog-odjeljenja\/\" \/>\n<meta property=\"og:site_name\" content=\"TuzlaInfo.ba\" \/>\n<meta property=\"article:publisher\" content=\"https:\/\/www.facebook.com\/tuzlainfo.ba\/\" \/>\n<meta property=\"article:published_time\" content=\"2026-05-01T20:01:28+00:00\" \/>\n<meta property=\"article:modified_time\" content=\"2026-04-30T18:56:16+00:00\" \/>\n<meta property=\"og:image\" content=\"https:\/\/tuzlainfo.ba\/wp-content\/uploads\/2026\/04\/3004_muzicka_skola.jpg\" \/>\n\t<meta property=\"og:image:width\" content=\"800\" \/>\n\t<meta property=\"og:image:height\" content=\"500\" \/>\n\t<meta property=\"og:image:type\" content=\"image\/jpeg\" \/>\n<meta name=\"author\" content=\"nedim\" \/>\n<meta name=\"twitter:card\" content=\"summary_large_image\" \/>\n<meta name=\"twitter:label1\" content=\"Written by\" \/>\n\t<meta name=\"twitter:data1\" content=\"nedim\" \/>\n\t<meta name=\"twitter:label2\" content=\"Est. reading time\" \/>\n\t<meta name=\"twitter:data2\" content=\"2 minute\" \/>\n<script type=\"application\/ld+json\" class=\"yoast-schema-graph\">{\"@context\":\"https:\/\/schema.org\",\"@graph\":[{\"@type\":\"Article\",\"@id\":\"https:\/\/tuzlainfo.ba\/index.php\/novosti\/item\/301796-poceo-upis-u-osnovnu-muzicku-skolu-tuzla-novi-odsjek-i-povratak-pripremnog-odjeljenja\/#article\",\"isPartOf\":{\"@id\":\"https:\/\/tuzlainfo.ba\/index.php\/novosti\/item\/301796-poceo-upis-u-osnovnu-muzicku-skolu-tuzla-novi-odsjek-i-povratak-pripremnog-odjeljenja\/\"},\"author\":{\"name\":\"nedim\",\"@id\":\"https:\/\/tuzlainfo.ba\/#\/schema\/person\/f434e20dc27ea133923aab08451b7f7f\"},\"headline\":\"Po\u010deo upis u Osnovnu muzi\u010dku \u0161kolu Tuzla: Novi odsjek i povratak pripremnog odjeljenja\",\"datePublished\":\"2026-05-01T20:01:28+00:00\",\"dateModified\":\"2026-04-30T18:56:16+00:00\",\"mainEntityOfPage\":{\"@id\":\"https:\/\/tuzlainfo.ba\/index.php\/novosti\/item\/301796-poceo-upis-u-osnovnu-muzicku-skolu-tuzla-novi-odsjek-i-povratak-pripremnog-odjeljenja\/\"},\"wordCount\":317,\"publisher\":{\"@id\":\"https:\/\/tuzlainfo.ba\/#organization\"},\"image\":{\"@id\":\"https:\/\/tuzlainfo.ba\/index.php\/novosti\/item\/301796-poceo-upis-u-osnovnu-muzicku-skolu-tuzla-novi-odsjek-i-povratak-pripremnog-odjeljenja\/#primaryimage\"},\"thumbnailUrl\":\"https:\/\/tuzlainfo.ba\/wp-content\/uploads\/2026\/04\/3004_muzicka_skola.jpg\",\"keywords\":[\"Osnovna muzi\u010dka \u0161kola tuzla\"],\"articleSection\":[\"Istaknuto\",\"Novosti\"],\"inLanguage\":\"bs-BA\"},{\"@type\":\"WebPage\",\"@id\":\"https:\/\/tuzlainfo.ba\/index.php\/novosti\/item\/301796-poceo-upis-u-osnovnu-muzicku-skolu-tuzla-novi-odsjek-i-povratak-pripremnog-odjeljenja\/\",\"url\":\"https:\/\/tuzlainfo.ba\/index.php\/novosti\/item\/301796-poceo-upis-u-osnovnu-muzicku-skolu-tuzla-novi-odsjek-i-povratak-pripremnog-odjeljenja\/\",\"name\":\"Po\u010deo upis u Osnovnu muzi\u010dku \u0161kolu Tuzla: Novi odsjek i povratak pripremnog odjeljenja - TuzlaInfo.ba\",\"isPartOf\":{\"@id\":\"https:\/\/tuzlainfo.ba\/#website\"},\"primaryImageOfPage\":{\"@id\":\"https:\/\/tuzlainfo.ba\/index.php\/novosti\/item\/301796-poceo-upis-u-osnovnu-muzicku-skolu-tuzla-novi-odsjek-i-povratak-pripremnog-odjeljenja\/#primaryimage\"},\"image\":{\"@id\":\"https:\/\/tuzlainfo.ba\/index.php\/novosti\/item\/301796-poceo-upis-u-osnovnu-muzicku-skolu-tuzla-novi-odsjek-i-povratak-pripremnog-odjeljenja\/#primaryimage\"},\"thumbnailUrl\":\"https:\/\/tuzlainfo.ba\/wp-content\/uploads\/2026\/04\/3004_muzicka_skola.jpg\",\"datePublished\":\"2026-05-01T20:01:28+00:00\",\"dateModified\":\"2026-04-30T18:56:16+00:00\",\"breadcrumb\":{\"@id\":\"https:\/\/tuzlainfo.ba\/index.php\/novosti\/item\/301796-poceo-upis-u-osnovnu-muzicku-skolu-tuzla-novi-odsjek-i-povratak-pripremnog-odjeljenja\/#breadcrumb\"},\"inLanguage\":\"bs-BA\",\"potentialAction\":[{\"@type\":\"ReadAction\",\"target\":[\"https:\/\/tuzlainfo.ba\/index.php\/novosti\/item\/301796-poceo-upis-u-osnovnu-muzicku-skolu-tuzla-novi-odsjek-i-povratak-pripremnog-odjeljenja\/\"]}]},{\"@type\":\"ImageObject\",\"inLanguage\":\"bs-BA\",\"@id\":\"https:\/\/tuzlainfo.ba\/index.php\/novosti\/item\/301796-poceo-upis-u-osnovnu-muzicku-skolu-tuzla-novi-odsjek-i-povratak-pripremnog-odjeljenja\/#primaryimage\",\"url\":\"https:\/\/tuzlainfo.ba\/wp-content\/uploads\/2026\/04\/3004_muzicka_skola.jpg\",\"contentUrl\":\"https:\/\/tuzlainfo.ba\/wp-content\/uploads\/2026\/04\/3004_muzicka_skola.jpg\",\"width\":800,\"height\":500},{\"@type\":\"BreadcrumbList\",\"@id\":\"https:\/\/tuzlainfo.ba\/index.php\/novosti\/item\/301796-poceo-upis-u-osnovnu-muzicku-skolu-tuzla-novi-odsjek-i-povratak-pripremnog-odjeljenja\/#breadcrumb\",\"itemListElement\":[{\"@type\":\"ListItem\",\"position\":1,\"name\":\"Home\",\"item\":\"https:\/\/tuzlainfo.ba\/\"},{\"@type\":\"ListItem\",\"position\":2,\"name\":\"Po\u010deo upis u Osnovnu muzi\u010dku \u0161kolu Tuzla: Novi odsjek i povratak pripremnog odjeljenja\"}]},{\"@type\":\"WebSite\",\"@id\":\"https:\/\/tuzlainfo.ba\/#website\",\"url\":\"https:\/\/tuzlainfo.ba\/\",\"name\":\"TuzlaInfo.ba\",\"description\":\"Tuzla info, gradski informator - Tuzla na dlanu\",\"publisher\":{\"@id\":\"https:\/\/tuzlainfo.ba\/#organization\"},\"potentialAction\":[{\"@type\":\"SearchAction\",\"target\":{\"@type\":\"EntryPoint\",\"urlTemplate\":\"https:\/\/tuzlainfo.ba\/?s={search_term_string}\"},\"query-input\":{\"@type\":\"PropertyValueSpecification\",\"valueRequired\":true,\"valueName\":\"search_term_string\"}}],\"inLanguage\":\"bs-BA\"},{\"@type\":\"Organization\",\"@id\":\"https:\/\/tuzlainfo.ba\/#organization\",\"name\":\"TuzlaInfo.ba\",\"url\":\"https:\/\/tuzlainfo.ba\/\",\"logo\":{\"@type\":\"ImageObject\",\"inLanguage\":\"bs-BA\",\"@id\":\"https:\/\/tuzlainfo.ba\/#\/schema\/logo\/image\/\",\"url\":\"https:\/\/tuzlainfo.ba\/wp-content\/uploads\/2021\/03\/logo-ver-3-1.png\",\"contentUrl\":\"https:\/\/tuzlainfo.ba\/wp-content\/uploads\/2021\/03\/logo-ver-3-1.png\",\"width\":350,\"height\":95,\"caption\":\"TuzlaInfo.ba\"},\"image\":{\"@id\":\"https:\/\/tuzlainfo.ba\/#\/schema\/logo\/image\/\"},\"sameAs\":[\"https:\/\/www.facebook.com\/tuzlainfo.ba\/\"]},{\"@type\":\"Person\",\"@id\":\"https:\/\/tuzlainfo.ba\/#\/schema\/person\/f434e20dc27ea133923aab08451b7f7f\",\"name\":\"nedim\",\"image\":{\"@type\":\"ImageObject\",\"inLanguage\":\"bs-BA\",\"@id\":\"https:\/\/tuzlainfo.ba\/#\/schema\/person\/image\/\",\"url\":\"https:\/\/tuzlainfo.ba\/wp-content\/litespeed\/avatar\/aabad687af24844af817603ac1cbdc4f.jpg?ver=1777306975\",\"contentUrl\":\"https:\/\/tuzlainfo.ba\/wp-content\/litespeed\/avatar\/aabad687af24844af817603ac1cbdc4f.jpg?ver=1777306975\",\"caption\":\"nedim\"},\"description\":\"Tuzlainfo.ba pratite na dru\u0161tvenim mre\u017eama: Facebook, Instagram i Youtube. Svoje pri\u010de, upite i fotografije \u0161aljite na na\u0161u e-mail adresu.\"}]}<\/script>\n<!-- \/ Yoast SEO plugin. -->","yoast_head_json":{"title":"Po\u010deo upis u Osnovnu muzi\u010dku \u0161kolu Tuzla: Novi odsjek i povratak pripremnog odjeljenja - TuzlaInfo.ba","robots":{"index":"index","follow":"follow","max-snippet":"max-snippet:-1","max-image-preview":"max-image-preview:large","max-video-preview":"max-video-preview:-1"},"canonical":"https:\/\/tuzlainfo.ba\/index.php\/novosti\/item\/301796-poceo-upis-u-osnovnu-muzicku-skolu-tuzla-novi-odsjek-i-povratak-pripremnog-odjeljenja\/","og_locale":"bs_BA","og_type":"article","og_title":"Po\u010deo upis u Osnovnu muzi\u010dku \u0161kolu Tuzla: Novi odsjek i povratak pripremnog odjeljenja - TuzlaInfo.ba","og_description":"JU Osnovna muzi\u010dka \u0161kola Tuzla objavila je poziv za prijem u\u010denika u \u0161kolsku 2026\/2027. godinu,&hellip;","og_url":"https:\/\/tuzlainfo.ba\/index.php\/novosti\/item\/301796-poceo-upis-u-osnovnu-muzicku-skolu-tuzla-novi-odsjek-i-povratak-pripremnog-odjeljenja\/","og_site_name":"TuzlaInfo.ba","article_publisher":"https:\/\/www.facebook.com\/tuzlainfo.ba\/","article_published_time":"2026-05-01T20:01:28+00:00","article_modified_time":"2026-04-30T18:56:16+00:00","og_image":[{"width":800,"height":500,"url":"https:\/\/tuzlainfo.ba\/wp-content\/uploads\/2026\/04\/3004_muzicka_skola.jpg","type":"image\/jpeg"}],"author":"nedim","twitter_card":"summary_large_image","twitter_misc":{"Written by":"nedim","Est. reading time":"2 minute"},"schema":{"@context":"https:\/\/schema.org","@graph":[{"@type":"Article","@id":"https:\/\/tuzlainfo.ba\/index.php\/novosti\/item\/301796-poceo-upis-u-osnovnu-muzicku-skolu-tuzla-novi-odsjek-i-povratak-pripremnog-odjeljenja\/#article","isPartOf":{"@id":"https:\/\/tuzlainfo.ba\/index.php\/novosti\/item\/301796-poceo-upis-u-osnovnu-muzicku-skolu-tuzla-novi-odsjek-i-povratak-pripremnog-odjeljenja\/"},"author":{"name":"nedim","@id":"https:\/\/tuzlainfo.ba\/#\/schema\/person\/f434e20dc27ea133923aab08451b7f7f"},"headline":"Po\u010deo upis u Osnovnu muzi\u010dku \u0161kolu Tuzla: Novi odsjek i povratak pripremnog odjeljenja","datePublished":"2026-05-01T20:01:28+00:00","dateModified":"2026-04-30T18:56:16+00:00","mainEntityOfPage":{"@id":"https:\/\/tuzlainfo.ba\/index.php\/novosti\/item\/301796-poceo-upis-u-osnovnu-muzicku-skolu-tuzla-novi-odsjek-i-povratak-pripremnog-odjeljenja\/"},"wordCount":317,"publisher":{"@id":"https:\/\/tuzlainfo.ba\/#organization"},"image":{"@id":"https:\/\/tuzlainfo.ba\/index.php\/novosti\/item\/301796-poceo-upis-u-osnovnu-muzicku-skolu-tuzla-novi-odsjek-i-povratak-pripremnog-odjeljenja\/#primaryimage"},"thumbnailUrl":"https:\/\/tuzlainfo.ba\/wp-content\/uploads\/2026\/04\/3004_muzicka_skola.jpg","keywords":["Osnovna muzi\u010dka \u0161kola tuzla"],"articleSection":["Istaknuto","Novosti"],"inLanguage":"bs-BA"},{"@type":"WebPage","@id":"https:\/\/tuzlainfo.ba\/index.php\/novosti\/item\/301796-poceo-upis-u-osnovnu-muzicku-skolu-tuzla-novi-odsjek-i-povratak-pripremnog-odjeljenja\/","url":"https:\/\/tuzlainfo.ba\/index.php\/novosti\/item\/301796-poceo-upis-u-osnovnu-muzicku-skolu-tuzla-novi-odsjek-i-povratak-pripremnog-odjeljenja\/","name":"Po\u010deo upis u Osnovnu muzi\u010dku \u0161kolu Tuzla: Novi odsjek i povratak pripremnog odjeljenja - TuzlaInfo.ba","isPartOf":{"@id":"https:\/\/tuzlainfo.ba\/#website"},"primaryImageOfPage":{"@id":"https:\/\/tuzlainfo.ba\/index.php\/novosti\/item\/301796-poceo-upis-u-osnovnu-muzicku-skolu-tuzla-novi-odsjek-i-povratak-pripremnog-odjeljenja\/#primaryimage"},"image":{"@id":"https:\/\/tuzlainfo.ba\/index.php\/novosti\/item\/301796-poceo-upis-u-osnovnu-muzicku-skolu-tuzla-novi-odsjek-i-povratak-pripremnog-odjeljenja\/#primaryimage"},"thumbnailUrl":"https:\/\/tuzlainfo.ba\/wp-content\/uploads\/2026\/04\/3004_muzicka_skola.jpg","datePublished":"2026-05-01T20:01:28+00:00","dateModified":"2026-04-30T18:56:16+00:00","breadcrumb":{"@id":"https:\/\/tuzlainfo.ba\/index.php\/novosti\/item\/301796-poceo-upis-u-osnovnu-muzicku-skolu-tuzla-novi-odsjek-i-povratak-pripremnog-odjeljenja\/#breadcrumb"},"inLanguage":"bs-BA","potentialAction":[{"@type":"ReadAction","target":["https:\/\/tuzlainfo.ba\/index.php\/novosti\/item\/301796-poceo-upis-u-osnovnu-muzicku-skolu-tuzla-novi-odsjek-i-povratak-pripremnog-odjeljenja\/"]}]},{"@type":"ImageObject","inLanguage":"bs-BA","@id":"https:\/\/tuzlainfo.ba\/index.php\/novosti\/item\/301796-poceo-upis-u-osnovnu-muzicku-skolu-tuzla-novi-odsjek-i-povratak-pripremnog-odjeljenja\/#primaryimage","url":"https:\/\/tuzlainfo.ba\/wp-content\/uploads\/2026\/04\/3004_muzicka_skola.jpg","contentUrl":"https:\/\/tuzlainfo.ba\/wp-content\/uploads\/2026\/04\/3004_muzicka_skola.jpg","width":800,"height":500},{"@type":"BreadcrumbList","@id":"https:\/\/tuzlainfo.ba\/index.php\/novosti\/item\/301796-poceo-upis-u-osnovnu-muzicku-skolu-tuzla-novi-odsjek-i-povratak-pripremnog-odjeljenja\/#breadcrumb","itemListElement":[{"@type":"ListItem","position":1,"name":"Home","item":"https:\/\/tuzlainfo.ba\/"},{"@type":"ListItem","position":2,"name":"Po\u010deo upis u Osnovnu muzi\u010dku \u0161kolu Tuzla: Novi odsjek i povratak pripremnog odjeljenja"}]},{"@type":"WebSite","@id":"https:\/\/tuzlainfo.ba\/#website","url":"https:\/\/tuzlainfo.ba\/","name":"TuzlaInfo.ba","description":"Tuzla info, gradski informator - Tuzla na dlanu","publisher":{"@id":"https:\/\/tuzlainfo.ba\/#organization"},"potentialAction":[{"@type":"SearchAction","target":{"@type":"EntryPoint","urlTemplate":"https:\/\/tuzlainfo.ba\/?s={search_term_string}"},"query-input":{"@type":"PropertyValueSpecification","valueRequired":true,"valueName":"search_term_string"}}],"inLanguage":"bs-BA"},{"@type":"Organization","@id":"https:\/\/tuzlainfo.ba\/#organization","name":"TuzlaInfo.ba","url":"https:\/\/tuzlainfo.ba\/","logo":{"@type":"ImageObject","inLanguage":"bs-BA","@id":"https:\/\/tuzlainfo.ba\/#\/schema\/logo\/image\/","url":"https:\/\/tuzlainfo.ba\/wp-content\/uploads\/2021\/03\/logo-ver-3-1.png","contentUrl":"https:\/\/tuzlainfo.ba\/wp-content\/uploads\/2021\/03\/logo-ver-3-1.png","width":350,"height":95,"caption":"TuzlaInfo.ba"},"image":{"@id":"https:\/\/tuzlainfo.ba\/#\/schema\/logo\/image\/"},"sameAs":["https:\/\/www.facebook.com\/tuzlainfo.ba\/"]},{"@type":"Person","@id":"https:\/\/tuzlainfo.ba\/#\/schema\/person\/f434e20dc27ea133923aab08451b7f7f","name":"nedim","image":{"@type":"ImageObject","inLanguage":"bs-BA","@id":"https:\/\/tuzlainfo.ba\/#\/schema\/person\/image\/","url":"https:\/\/tuzlainfo.ba\/wp-content\/litespeed\/avatar\/aabad687af24844af817603ac1cbdc4f.jpg?ver=1777306975","contentUrl":"https:\/\/tuzlainfo.ba\/wp-content\/litespeed\/avatar\/aabad687af24844af817603ac1cbdc4f.jpg?ver=1777306975","caption":"nedim"},"description":"Tuzlainfo.ba pratite na dru\u0161tvenim mre\u017eama: Facebook, Instagram i Youtube. Svoje pri\u010de, upite i fotografije \u0161aljite na na\u0161u e-mail adresu."}]}},"_links":{"self":[{"href":"https:\/\/tuzlainfo.ba\/index.php\/wp-json\/wp\/v2\/posts\/301796"}],"collection":[{"href":"https:\/\/tuzlainfo.ba\/index.php\/wp-json\/wp\/v2\/posts"}],"about":[{"href":"https:\/\/tuzlainfo.ba\/index.php\/wp-json\/wp\/v2\/types\/post"}],"author":[{"embeddable":true,"href":"https:\/\/tuzlainfo.ba\/index.php\/wp-json\/wp\/v2\/users\/2"}],"replies":[{"embeddable":true,"href":"https:\/\/tuzlainfo.ba\/index.php\/wp-json\/wp\/v2\/comments?post=301796"}],"version-history":[{"count":1,"href":"https:\/\/tuzlainfo.ba\/index.php\/wp-json\/wp\/v2\/posts\/301796\/revisions"}],"predecessor-version":[{"id":301798,"href":"https:\/\/tuzlainfo.ba\/index.php\/wp-json\/wp\/v2\/posts\/301796\/revisions\/301798"}],"wp:featuredmedia":[{"embeddable":true,"href":"https:\/\/tuzlainfo.ba\/index.php\/wp-json\/wp\/v2\/media\/301797"}],"wp:attachment":[{"href":"https:\/\/tuzlainfo.ba\/index.php\/wp-json\/wp\/v2\/media?parent=301796"}],"wp:term":[{"taxonomy":"category","embeddable":true,"href":"https:\/\/tuzlainfo.ba\/index.php\/wp-json\/wp\/v2\/categories?post=301796"},{"taxonomy":"post_tag","embeddable":true,"href":"https:\/\/tuzlainfo.ba\/index.php\/wp-json\/wp\/v2\/tags?post=301796"}],"curies":[{"name":"wp","href":"https:\/\/api.w.org\/{rel}","templated":true}]}}