{"id":301762,"date":"2026-05-03T11:56:28","date_gmt":"2026-05-03T09:56:28","guid":{"rendered":"https:\/\/tuzlainfo.ba\/?p=301762"},"modified":"2026-04-30T14:09:25","modified_gmt":"2026-04-30T12:09:25","slug":"danas-prvo-obiljezavanje-3-maja-dana-posebnog-sjecanja-na-zene-borkinje","status":"publish","type":"post","link":"https:\/\/tuzlainfo.ba\/index.php\/novosti\/item\/301762-danas-prvo-obiljezavanje-3-maja-dana-posebnog-sjecanja-na-zene-borkinje\/","title":{"rendered":"Danas prvo obilje\u017eavanje 3. maja, Dana posebnog sje\u0107anja na \u017eene borkinje"},"content":{"rendered":"<p>Danas se u \u017divinicama odr\u017eava prvo obilje\u017eavanje 3. maja, Dana posebnog sje\u0107anja na \u017eene borkinje, nakon \u0161to je Skup\u0161tina Tuzlanskog kantona ovaj datum uvrstila me\u0111u zna\u010dajne datume na podru\u010dju TK.<\/p>\n<p>Skup\u0161tina TK ranije je usvojila Inicijativu da se 3. maj proglasi Danom posebnog sje\u0107anja na \u017eene pripadnice Armije Republike Bosne i Hercegovine, kao i sve \u017eene koje su tokom odbrambeno-oslobodila\u010dkog rata od 1992. do 1995. godine dale nemjerljiv doprinos borbi za slobodu i opstanak Bosne i Hercegovine.<\/p>\n<p>Inicijativu je podnijela Jedinstvena organizacija boraca \u201cUnija veterana\u201d \u017divinice, a njeni autori i potpisnici su predsjednik JOB-a Enes Gurda i doktor nauka Suadin Stra\u0161evi\u0107.<\/p>\n<p>Prvo obilje\u017eavanje Dana borkinja bit \u0107e odr\u017eano u \u017divinicama, uz o\u010dekivano prisustvo pripadnica ARBiH iz cijele Bosne i Hercegovine.<\/p>\n<p>U okviru protokola predvi\u0111en je i obilazak mezara Sanele Ni\u0161i\u0107 u \u0160ahi\u0107ima, maloljetne pripadnice ARBiH koja je poginula 1993. godine. Njena hrabrost i \u017ertva ostaju simbol svih \u017eena koje su u najte\u017eim trenucima stale u odbranu Bosne i Hercegovine.<\/p>\n","protected":false},"excerpt":{"rendered":"<p>Danas se u \u017divinicama odr\u017eava prvo obilje\u017eavanje 3. maja, Dana posebnog sje\u0107anja na \u017eene borkinje,&hellip;<\/p>\n","protected":false},"author":8,"featured_media":301764,"comment_status":"closed","ping_status":"closed","sticky":false,"template":"","format":"standard","meta":{"_acf_changed":false,"footnotes":""},"categories":[12],"tags":[567,13848],"acf":[],"yoast_head":"<!-- This site is optimized with the Yoast SEO plugin v23.5 - https:\/\/yoast.com\/wordpress\/plugins\/seo\/ -->\n<title>Danas prvo obilje\u017eavanje 3. maja, Dana posebnog sje\u0107anja na \u017eene borkinje - TuzlaInfo.ba<\/title>\n<meta name=\"robots\" content=\"index, follow, max-snippet:-1, max-image-preview:large, max-video-preview:-1\" \/>\n<link rel=\"canonical\" href=\"https:\/\/tuzlainfo.ba\/index.php\/novosti\/item\/301762-danas-prvo-obiljezavanje-3-maja-dana-posebnog-sjecanja-na-zene-borkinje\/\" \/>\n<meta property=\"og:locale\" content=\"bs_BA\" \/>\n<meta property=\"og:type\" content=\"article\" \/>\n<meta property=\"og:title\" content=\"Danas prvo obilje\u017eavanje 3. maja, Dana posebnog sje\u0107anja na \u017eene borkinje - TuzlaInfo.ba\" \/>\n<meta property=\"og:description\" content=\"Danas se u \u017divinicama odr\u017eava prvo obilje\u017eavanje 3. maja, Dana posebnog sje\u0107anja na \u017eene borkinje,&hellip;\" \/>\n<meta property=\"og:url\" content=\"https:\/\/tuzlainfo.ba\/index.php\/novosti\/item\/301762-danas-prvo-obiljezavanje-3-maja-dana-posebnog-sjecanja-na-zene-borkinje\/\" \/>\n<meta property=\"og:site_name\" content=\"TuzlaInfo.ba\" \/>\n<meta property=\"article:publisher\" content=\"https:\/\/www.facebook.com\/tuzlainfo.ba\/\" \/>\n<meta property=\"article:published_time\" content=\"2026-05-03T09:56:28+00:00\" \/>\n<meta property=\"article:modified_time\" content=\"2026-04-30T12:09:25+00:00\" \/>\n<meta property=\"og:image\" content=\"https:\/\/tuzlainfo.ba\/wp-content\/uploads\/2026\/04\/zene-borkinje-armija-rbih.jpg\" \/>\n\t<meta property=\"og:image:width\" content=\"600\" \/>\n\t<meta property=\"og:image:height\" content=\"320\" \/>\n\t<meta property=\"og:image:type\" content=\"image\/jpeg\" \/>\n<meta name=\"author\" content=\"Admin Tri\" \/>\n<meta name=\"twitter:card\" content=\"summary_large_image\" \/>\n<meta name=\"twitter:label1\" content=\"Written by\" \/>\n\t<meta name=\"twitter:data1\" content=\"Admin Tri\" \/>\n\t<meta name=\"twitter:label2\" content=\"Est. reading time\" \/>\n\t<meta name=\"twitter:data2\" content=\"1 minuta\" \/>\n<script type=\"application\/ld+json\" class=\"yoast-schema-graph\">{\"@context\":\"https:\/\/schema.org\",\"@graph\":[{\"@type\":\"Article\",\"@id\":\"https:\/\/tuzlainfo.ba\/index.php\/novosti\/item\/301762-danas-prvo-obiljezavanje-3-maja-dana-posebnog-sjecanja-na-zene-borkinje\/#article\",\"isPartOf\":{\"@id\":\"https:\/\/tuzlainfo.ba\/index.php\/novosti\/item\/301762-danas-prvo-obiljezavanje-3-maja-dana-posebnog-sjecanja-na-zene-borkinje\/\"},\"author\":{\"name\":\"Admin Tri\",\"@id\":\"https:\/\/tuzlainfo.ba\/#\/schema\/person\/593e78a2f6378c5ba3e7600ecfa4e63a\"},\"headline\":\"Danas prvo obilje\u017eavanje 3. maja, Dana posebnog sje\u0107anja na \u017eene borkinje\",\"datePublished\":\"2026-05-03T09:56:28+00:00\",\"dateModified\":\"2026-04-30T12:09:25+00:00\",\"mainEntityOfPage\":{\"@id\":\"https:\/\/tuzlainfo.ba\/index.php\/novosti\/item\/301762-danas-prvo-obiljezavanje-3-maja-dana-posebnog-sjecanja-na-zene-borkinje\/\"},\"wordCount\":184,\"publisher\":{\"@id\":\"https:\/\/tuzlainfo.ba\/#organization\"},\"image\":{\"@id\":\"https:\/\/tuzlainfo.ba\/index.php\/novosti\/item\/301762-danas-prvo-obiljezavanje-3-maja-dana-posebnog-sjecanja-na-zene-borkinje\/#primaryimage\"},\"thumbnailUrl\":\"https:\/\/tuzlainfo.ba\/wp-content\/uploads\/2026\/04\/zene-borkinje-armija-rbih.jpg\",\"keywords\":[\"skup\u0161tina tk\",\"\u017eene borkinje\"],\"articleSection\":[\"Novosti\"],\"inLanguage\":\"bs-BA\"},{\"@type\":\"WebPage\",\"@id\":\"https:\/\/tuzlainfo.ba\/index.php\/novosti\/item\/301762-danas-prvo-obiljezavanje-3-maja-dana-posebnog-sjecanja-na-zene-borkinje\/\",\"url\":\"https:\/\/tuzlainfo.ba\/index.php\/novosti\/item\/301762-danas-prvo-obiljezavanje-3-maja-dana-posebnog-sjecanja-na-zene-borkinje\/\",\"name\":\"Danas prvo obilje\u017eavanje 3. maja, Dana posebnog sje\u0107anja na \u017eene borkinje - TuzlaInfo.ba\",\"isPartOf\":{\"@id\":\"https:\/\/tuzlainfo.ba\/#website\"},\"primaryImageOfPage\":{\"@id\":\"https:\/\/tuzlainfo.ba\/index.php\/novosti\/item\/301762-danas-prvo-obiljezavanje-3-maja-dana-posebnog-sjecanja-na-zene-borkinje\/#primaryimage\"},\"image\":{\"@id\":\"https:\/\/tuzlainfo.ba\/index.php\/novosti\/item\/301762-danas-prvo-obiljezavanje-3-maja-dana-posebnog-sjecanja-na-zene-borkinje\/#primaryimage\"},\"thumbnailUrl\":\"https:\/\/tuzlainfo.ba\/wp-content\/uploads\/2026\/04\/zene-borkinje-armija-rbih.jpg\",\"datePublished\":\"2026-05-03T09:56:28+00:00\",\"dateModified\":\"2026-04-30T12:09:25+00:00\",\"breadcrumb\":{\"@id\":\"https:\/\/tuzlainfo.ba\/index.php\/novosti\/item\/301762-danas-prvo-obiljezavanje-3-maja-dana-posebnog-sjecanja-na-zene-borkinje\/#breadcrumb\"},\"inLanguage\":\"bs-BA\",\"potentialAction\":[{\"@type\":\"ReadAction\",\"target\":[\"https:\/\/tuzlainfo.ba\/index.php\/novosti\/item\/301762-danas-prvo-obiljezavanje-3-maja-dana-posebnog-sjecanja-na-zene-borkinje\/\"]}]},{\"@type\":\"ImageObject\",\"inLanguage\":\"bs-BA\",\"@id\":\"https:\/\/tuzlainfo.ba\/index.php\/novosti\/item\/301762-danas-prvo-obiljezavanje-3-maja-dana-posebnog-sjecanja-na-zene-borkinje\/#primaryimage\",\"url\":\"https:\/\/tuzlainfo.ba\/wp-content\/uploads\/2026\/04\/zene-borkinje-armija-rbih.jpg\",\"contentUrl\":\"https:\/\/tuzlainfo.ba\/wp-content\/uploads\/2026\/04\/zene-borkinje-armija-rbih.jpg\",\"width\":600,\"height\":320},{\"@type\":\"BreadcrumbList\",\"@id\":\"https:\/\/tuzlainfo.ba\/index.php\/novosti\/item\/301762-danas-prvo-obiljezavanje-3-maja-dana-posebnog-sjecanja-na-zene-borkinje\/#breadcrumb\",\"itemListElement\":[{\"@type\":\"ListItem\",\"position\":1,\"name\":\"Home\",\"item\":\"https:\/\/tuzlainfo.ba\/\"},{\"@type\":\"ListItem\",\"position\":2,\"name\":\"Danas prvo obilje\u017eavanje 3. maja, Dana posebnog sje\u0107anja na \u017eene borkinje\"}]},{\"@type\":\"WebSite\",\"@id\":\"https:\/\/tuzlainfo.ba\/#website\",\"url\":\"https:\/\/tuzlainfo.ba\/\",\"name\":\"TuzlaInfo.ba\",\"description\":\"Tuzla info, gradski informator - Tuzla na dlanu\",\"publisher\":{\"@id\":\"https:\/\/tuzlainfo.ba\/#organization\"},\"potentialAction\":[{\"@type\":\"SearchAction\",\"target\":{\"@type\":\"EntryPoint\",\"urlTemplate\":\"https:\/\/tuzlainfo.ba\/?s={search_term_string}\"},\"query-input\":{\"@type\":\"PropertyValueSpecification\",\"valueRequired\":true,\"valueName\":\"search_term_string\"}}],\"inLanguage\":\"bs-BA\"},{\"@type\":\"Organization\",\"@id\":\"https:\/\/tuzlainfo.ba\/#organization\",\"name\":\"TuzlaInfo.ba\",\"url\":\"https:\/\/tuzlainfo.ba\/\",\"logo\":{\"@type\":\"ImageObject\",\"inLanguage\":\"bs-BA\",\"@id\":\"https:\/\/tuzlainfo.ba\/#\/schema\/logo\/image\/\",\"url\":\"https:\/\/tuzlainfo.ba\/wp-content\/uploads\/2021\/03\/logo-ver-3-1.png\",\"contentUrl\":\"https:\/\/tuzlainfo.ba\/wp-content\/uploads\/2021\/03\/logo-ver-3-1.png\",\"width\":350,\"height\":95,\"caption\":\"TuzlaInfo.ba\"},\"image\":{\"@id\":\"https:\/\/tuzlainfo.ba\/#\/schema\/logo\/image\/\"},\"sameAs\":[\"https:\/\/www.facebook.com\/tuzlainfo.ba\/\"]},{\"@type\":\"Person\",\"@id\":\"https:\/\/tuzlainfo.ba\/#\/schema\/person\/593e78a2f6378c5ba3e7600ecfa4e63a\",\"name\":\"Admin Tri\",\"image\":{\"@type\":\"ImageObject\",\"inLanguage\":\"bs-BA\",\"@id\":\"https:\/\/tuzlainfo.ba\/#\/schema\/person\/image\/\",\"url\":\"https:\/\/tuzlainfo.ba\/wp-content\/litespeed\/avatar\/b7920db4cc34a71ad12497283ad2fe3f.jpg?ver=1777705770\",\"contentUrl\":\"https:\/\/tuzlainfo.ba\/wp-content\/litespeed\/avatar\/b7920db4cc34a71ad12497283ad2fe3f.jpg?ver=1777705770\",\"caption\":\"Admin Tri\"},\"sameAs\":[\"https:\/\/tuzlainfo.ba\"]}]}<\/script>\n<!-- \/ Yoast SEO plugin. -->","yoast_head_json":{"title":"Danas prvo obilje\u017eavanje 3. maja, Dana posebnog sje\u0107anja na \u017eene borkinje - TuzlaInfo.ba","robots":{"index":"index","follow":"follow","max-snippet":"max-snippet:-1","max-image-preview":"max-image-preview:large","max-video-preview":"max-video-preview:-1"},"canonical":"https:\/\/tuzlainfo.ba\/index.php\/novosti\/item\/301762-danas-prvo-obiljezavanje-3-maja-dana-posebnog-sjecanja-na-zene-borkinje\/","og_locale":"bs_BA","og_type":"article","og_title":"Danas prvo obilje\u017eavanje 3. maja, Dana posebnog sje\u0107anja na \u017eene borkinje - TuzlaInfo.ba","og_description":"Danas se u \u017divinicama odr\u017eava prvo obilje\u017eavanje 3. maja, Dana posebnog sje\u0107anja na \u017eene borkinje,&hellip;","og_url":"https:\/\/tuzlainfo.ba\/index.php\/novosti\/item\/301762-danas-prvo-obiljezavanje-3-maja-dana-posebnog-sjecanja-na-zene-borkinje\/","og_site_name":"TuzlaInfo.ba","article_publisher":"https:\/\/www.facebook.com\/tuzlainfo.ba\/","article_published_time":"2026-05-03T09:56:28+00:00","article_modified_time":"2026-04-30T12:09:25+00:00","og_image":[{"width":600,"height":320,"url":"https:\/\/tuzlainfo.ba\/wp-content\/uploads\/2026\/04\/zene-borkinje-armija-rbih.jpg","type":"image\/jpeg"}],"author":"Admin Tri","twitter_card":"summary_large_image","twitter_misc":{"Written by":"Admin Tri","Est. reading time":"1 minuta"},"schema":{"@context":"https:\/\/schema.org","@graph":[{"@type":"Article","@id":"https:\/\/tuzlainfo.ba\/index.php\/novosti\/item\/301762-danas-prvo-obiljezavanje-3-maja-dana-posebnog-sjecanja-na-zene-borkinje\/#article","isPartOf":{"@id":"https:\/\/tuzlainfo.ba\/index.php\/novosti\/item\/301762-danas-prvo-obiljezavanje-3-maja-dana-posebnog-sjecanja-na-zene-borkinje\/"},"author":{"name":"Admin Tri","@id":"https:\/\/tuzlainfo.ba\/#\/schema\/person\/593e78a2f6378c5ba3e7600ecfa4e63a"},"headline":"Danas prvo obilje\u017eavanje 3. maja, Dana posebnog sje\u0107anja na \u017eene borkinje","datePublished":"2026-05-03T09:56:28+00:00","dateModified":"2026-04-30T12:09:25+00:00","mainEntityOfPage":{"@id":"https:\/\/tuzlainfo.ba\/index.php\/novosti\/item\/301762-danas-prvo-obiljezavanje-3-maja-dana-posebnog-sjecanja-na-zene-borkinje\/"},"wordCount":184,"publisher":{"@id":"https:\/\/tuzlainfo.ba\/#organization"},"image":{"@id":"https:\/\/tuzlainfo.ba\/index.php\/novosti\/item\/301762-danas-prvo-obiljezavanje-3-maja-dana-posebnog-sjecanja-na-zene-borkinje\/#primaryimage"},"thumbnailUrl":"https:\/\/tuzlainfo.ba\/wp-content\/uploads\/2026\/04\/zene-borkinje-armija-rbih.jpg","keywords":["skup\u0161tina tk","\u017eene borkinje"],"articleSection":["Novosti"],"inLanguage":"bs-BA"},{"@type":"WebPage","@id":"https:\/\/tuzlainfo.ba\/index.php\/novosti\/item\/301762-danas-prvo-obiljezavanje-3-maja-dana-posebnog-sjecanja-na-zene-borkinje\/","url":"https:\/\/tuzlainfo.ba\/index.php\/novosti\/item\/301762-danas-prvo-obiljezavanje-3-maja-dana-posebnog-sjecanja-na-zene-borkinje\/","name":"Danas prvo obilje\u017eavanje 3. maja, Dana posebnog sje\u0107anja na \u017eene borkinje - TuzlaInfo.ba","isPartOf":{"@id":"https:\/\/tuzlainfo.ba\/#website"},"primaryImageOfPage":{"@id":"https:\/\/tuzlainfo.ba\/index.php\/novosti\/item\/301762-danas-prvo-obiljezavanje-3-maja-dana-posebnog-sjecanja-na-zene-borkinje\/#primaryimage"},"image":{"@id":"https:\/\/tuzlainfo.ba\/index.php\/novosti\/item\/301762-danas-prvo-obiljezavanje-3-maja-dana-posebnog-sjecanja-na-zene-borkinje\/#primaryimage"},"thumbnailUrl":"https:\/\/tuzlainfo.ba\/wp-content\/uploads\/2026\/04\/zene-borkinje-armija-rbih.jpg","datePublished":"2026-05-03T09:56:28+00:00","dateModified":"2026-04-30T12:09:25+00:00","breadcrumb":{"@id":"https:\/\/tuzlainfo.ba\/index.php\/novosti\/item\/301762-danas-prvo-obiljezavanje-3-maja-dana-posebnog-sjecanja-na-zene-borkinje\/#breadcrumb"},"inLanguage":"bs-BA","potentialAction":[{"@type":"ReadAction","target":["https:\/\/tuzlainfo.ba\/index.php\/novosti\/item\/301762-danas-prvo-obiljezavanje-3-maja-dana-posebnog-sjecanja-na-zene-borkinje\/"]}]},{"@type":"ImageObject","inLanguage":"bs-BA","@id":"https:\/\/tuzlainfo.ba\/index.php\/novosti\/item\/301762-danas-prvo-obiljezavanje-3-maja-dana-posebnog-sjecanja-na-zene-borkinje\/#primaryimage","url":"https:\/\/tuzlainfo.ba\/wp-content\/uploads\/2026\/04\/zene-borkinje-armija-rbih.jpg","contentUrl":"https:\/\/tuzlainfo.ba\/wp-content\/uploads\/2026\/04\/zene-borkinje-armija-rbih.jpg","width":600,"height":320},{"@type":"BreadcrumbList","@id":"https:\/\/tuzlainfo.ba\/index.php\/novosti\/item\/301762-danas-prvo-obiljezavanje-3-maja-dana-posebnog-sjecanja-na-zene-borkinje\/#breadcrumb","itemListElement":[{"@type":"ListItem","position":1,"name":"Home","item":"https:\/\/tuzlainfo.ba\/"},{"@type":"ListItem","position":2,"name":"Danas prvo obilje\u017eavanje 3. maja, Dana posebnog sje\u0107anja na \u017eene borkinje"}]},{"@type":"WebSite","@id":"https:\/\/tuzlainfo.ba\/#website","url":"https:\/\/tuzlainfo.ba\/","name":"TuzlaInfo.ba","description":"Tuzla info, gradski informator - Tuzla na dlanu","publisher":{"@id":"https:\/\/tuzlainfo.ba\/#organization"},"potentialAction":[{"@type":"SearchAction","target":{"@type":"EntryPoint","urlTemplate":"https:\/\/tuzlainfo.ba\/?s={search_term_string}"},"query-input":{"@type":"PropertyValueSpecification","valueRequired":true,"valueName":"search_term_string"}}],"inLanguage":"bs-BA"},{"@type":"Organization","@id":"https:\/\/tuzlainfo.ba\/#organization","name":"TuzlaInfo.ba","url":"https:\/\/tuzlainfo.ba\/","logo":{"@type":"ImageObject","inLanguage":"bs-BA","@id":"https:\/\/tuzlainfo.ba\/#\/schema\/logo\/image\/","url":"https:\/\/tuzlainfo.ba\/wp-content\/uploads\/2021\/03\/logo-ver-3-1.png","contentUrl":"https:\/\/tuzlainfo.ba\/wp-content\/uploads\/2021\/03\/logo-ver-3-1.png","width":350,"height":95,"caption":"TuzlaInfo.ba"},"image":{"@id":"https:\/\/tuzlainfo.ba\/#\/schema\/logo\/image\/"},"sameAs":["https:\/\/www.facebook.com\/tuzlainfo.ba\/"]},{"@type":"Person","@id":"https:\/\/tuzlainfo.ba\/#\/schema\/person\/593e78a2f6378c5ba3e7600ecfa4e63a","name":"Admin Tri","image":{"@type":"ImageObject","inLanguage":"bs-BA","@id":"https:\/\/tuzlainfo.ba\/#\/schema\/person\/image\/","url":"https:\/\/tuzlainfo.ba\/wp-content\/litespeed\/avatar\/b7920db4cc34a71ad12497283ad2fe3f.jpg?ver=1777705770","contentUrl":"https:\/\/tuzlainfo.ba\/wp-content\/litespeed\/avatar\/b7920db4cc34a71ad12497283ad2fe3f.jpg?ver=1777705770","caption":"Admin Tri"},"sameAs":["https:\/\/tuzlainfo.ba"]}]}},"_links":{"self":[{"href":"https:\/\/tuzlainfo.ba\/index.php\/wp-json\/wp\/v2\/posts\/301762"}],"collection":[{"href":"https:\/\/tuzlainfo.ba\/index.php\/wp-json\/wp\/v2\/posts"}],"about":[{"href":"https:\/\/tuzlainfo.ba\/index.php\/wp-json\/wp\/v2\/types\/post"}],"author":[{"embeddable":true,"href":"https:\/\/tuzlainfo.ba\/index.php\/wp-json\/wp\/v2\/users\/8"}],"replies":[{"embeddable":true,"href":"https:\/\/tuzlainfo.ba\/index.php\/wp-json\/wp\/v2\/comments?post=301762"}],"version-history":[{"count":1,"href":"https:\/\/tuzlainfo.ba\/index.php\/wp-json\/wp\/v2\/posts\/301762\/revisions"}],"predecessor-version":[{"id":301765,"href":"https:\/\/tuzlainfo.ba\/index.php\/wp-json\/wp\/v2\/posts\/301762\/revisions\/301765"}],"wp:featuredmedia":[{"embeddable":true,"href":"https:\/\/tuzlainfo.ba\/index.php\/wp-json\/wp\/v2\/media\/301764"}],"wp:attachment":[{"href":"https:\/\/tuzlainfo.ba\/index.php\/wp-json\/wp\/v2\/media?parent=301762"}],"wp:term":[{"taxonomy":"category","embeddable":true,"href":"https:\/\/tuzlainfo.ba\/index.php\/wp-json\/wp\/v2\/categories?post=301762"},{"taxonomy":"post_tag","embeddable":true,"href":"https:\/\/tuzlainfo.ba\/index.php\/wp-json\/wp\/v2\/tags?post=301762"}],"curies":[{"name":"wp","href":"https:\/\/api.w.org\/{rel}","templated":true}]}}