{"id":301657,"date":"2026-04-29T21:34:35","date_gmt":"2026-04-29T19:34:35","guid":{"rendered":"https:\/\/tuzlainfo.ba\/?p=301657"},"modified":"2026-04-29T21:34:35","modified_gmt":"2026-04-29T19:34:35","slug":"vrijedna-donacija-u-lukavcu-vatrogasci-dobili-novo-vozilo","status":"publish","type":"post","link":"https:\/\/tuzlainfo.ba\/index.php\/novosti\/item\/301657-vrijedna-donacija-u-lukavcu-vatrogasci-dobili-novo-vozilo\/","title":{"rendered":"Vrijedna donacija u Lukavcu: Vatrogasci dobili novo vozilo"},"content":{"rendered":"<p data-start=\"0\" data-end=\"194\">U krugu kompanije Lukavac Cement danas je uprili\u010dena sve\u010dana primopredaja vatrogasnog vozila koje je ova kompanija donirala Profesionalnoj vatrogasnoj jedinici Lukavac.<\/p>\n<p data-start=\"196\" data-end=\"378\">Klju\u010deve vozila voza\u010dima vatrogasne jedinice uru\u010dili su uposlenici Lukavac Cementa, \u010dime je simboli\u010dno potvr\u0111ena saradnja privrednog sektora i slu\u017ebi koje brinu o sigurnosti gra\u0111ana.<\/p>\n<h3 data-section-id=\"1k5e35q\" data-start=\"380\" data-end=\"416\">Donacija sa vi\u0161estrukim zna\u010dajem<\/h3>\n<p data-start=\"418\" data-end=\"725\">Gradona\u010delnik Lukavca Edin Deli\u0107 istakao je da ova donacija ima vi\u0161estruki zna\u010daj za lokalnu zajednicu. Osim \u0161to \u0107e unaprijediti tehni\u010dku opremljenost i efikasnost intervencija vatrogasaca, vozilo je kupljeno iz ste\u010dajne mase Koksare, \u010dime je dat doprinos isplati zaostalih potra\u017eivanja radnika ove fabrike.<\/p>\n<p data-start=\"727\" data-end=\"843\">Generalni direktor Lukavac Cementa Stjepan Kumri\u0107 naglasio je da je sigurnost gra\u0111ana jedan od prioriteta kompanije.<\/p>\n<p data-start=\"845\" data-end=\"1221\">\u201eSigurnost na\u0161ih sugra\u0111ana i podr\u0161ka onima koji svakodnevno rizikuju \u017eivote za op\u0107e dobro su prioriteti. Drago nam je \u0161to \u0107e ovo vozilo unaprijediti operativne kapacitete vatrogasaca i doprinijeti boljoj spremnosti za djelovanje u najslo\u017eenijim situacijama za\u0161tite i spa\u0161avanja ljudi i imovine. Ova donacija je i na\u0161 dar povodom Me\u0111unarodnog praznika rada\u201c, istakao je Kumri\u0107.<\/p>\n<h3 data-section-id=\"ztmnq\" data-start=\"1223\" data-end=\"1265\">Ja\u010danje kapaciteta vatrogasne jedinice<\/h3>\n<p data-start=\"1267\" data-end=\"1426\">Iz Profesionalne vatrogasne jedinice Lukavac zahvalili su na donaciji, isti\u010du\u0107i da ovakve inicijative potvr\u0111uju dru\u0161tvenu odgovornost kompanije Lukavac Cement.<\/p>\n<p data-start=\"1428\" data-end=\"1576\">Nagla\u0161eno je da \u0107e novo vozilo zna\u010dajno doprinijeti br\u017eem i efikasnijem odgovoru u vanrednim situacijama, te dodatno unaprijediti sigurnost gra\u0111ana.<\/p>\n<p data-start=\"1578\" data-end=\"1731\" data-is-last-node=\"\" data-is-only-node=\"\">Ova donacija jo\u0161 jednom potvr\u0111uje opredijeljenost kompanije da kroz ulaganja u dru\u0161tveno korisne projekte doprinosi razvoju i napretku lokalne zajednice.<\/p>\n","protected":false},"excerpt":{"rendered":"<p>U krugu kompanije Lukavac Cement danas je uprili\u010dena sve\u010dana primopredaja vatrogasnog vozila koje je ova&hellip;<\/p>\n","protected":false},"author":2,"featured_media":301658,"comment_status":"closed","ping_status":"closed","sticky":false,"template":"","format":"standard","meta":{"_acf_changed":false,"footnotes":""},"categories":[12],"tags":[461,866],"acf":[],"yoast_head":"<!-- This site is optimized with the Yoast SEO plugin v23.5 - https:\/\/yoast.com\/wordpress\/plugins\/seo\/ -->\n<title>Vrijedna donacija u Lukavcu: Vatrogasci dobili novo vozilo - TuzlaInfo.ba<\/title>\n<meta name=\"robots\" content=\"index, follow, max-snippet:-1, max-image-preview:large, max-video-preview:-1\" \/>\n<link rel=\"canonical\" href=\"https:\/\/tuzlainfo.ba\/index.php\/novosti\/item\/301657-vrijedna-donacija-u-lukavcu-vatrogasci-dobili-novo-vozilo\/\" \/>\n<meta property=\"og:locale\" content=\"bs_BA\" \/>\n<meta property=\"og:type\" content=\"article\" \/>\n<meta property=\"og:title\" content=\"Vrijedna donacija u Lukavcu: Vatrogasci dobili novo vozilo - TuzlaInfo.ba\" \/>\n<meta property=\"og:description\" content=\"U krugu kompanije Lukavac Cement danas je uprili\u010dena sve\u010dana primopredaja vatrogasnog vozila koje je ova&hellip;\" \/>\n<meta property=\"og:url\" content=\"https:\/\/tuzlainfo.ba\/index.php\/novosti\/item\/301657-vrijedna-donacija-u-lukavcu-vatrogasci-dobili-novo-vozilo\/\" \/>\n<meta property=\"og:site_name\" content=\"TuzlaInfo.ba\" \/>\n<meta property=\"article:publisher\" content=\"https:\/\/www.facebook.com\/tuzlainfo.ba\/\" \/>\n<meta property=\"article:published_time\" content=\"2026-04-29T19:34:35+00:00\" \/>\n<meta property=\"og:image\" content=\"https:\/\/tuzlainfo.ba\/wp-content\/uploads\/2026\/04\/2904_lukavac_cement.jpg\" \/>\n\t<meta property=\"og:image:width\" content=\"1000\" \/>\n\t<meta property=\"og:image:height\" content=\"713\" \/>\n\t<meta property=\"og:image:type\" content=\"image\/jpeg\" \/>\n<meta name=\"author\" content=\"nedim\" \/>\n<meta name=\"twitter:card\" content=\"summary_large_image\" \/>\n<meta name=\"twitter:label1\" content=\"Written by\" \/>\n\t<meta name=\"twitter:data1\" content=\"nedim\" \/>\n\t<meta name=\"twitter:label2\" content=\"Est. reading time\" \/>\n\t<meta name=\"twitter:data2\" content=\"2 minute\" \/>\n<script type=\"application\/ld+json\" class=\"yoast-schema-graph\">{\"@context\":\"https:\/\/schema.org\",\"@graph\":[{\"@type\":\"Article\",\"@id\":\"https:\/\/tuzlainfo.ba\/index.php\/novosti\/item\/301657-vrijedna-donacija-u-lukavcu-vatrogasci-dobili-novo-vozilo\/#article\",\"isPartOf\":{\"@id\":\"https:\/\/tuzlainfo.ba\/index.php\/novosti\/item\/301657-vrijedna-donacija-u-lukavcu-vatrogasci-dobili-novo-vozilo\/\"},\"author\":{\"name\":\"nedim\",\"@id\":\"https:\/\/tuzlainfo.ba\/#\/schema\/person\/f434e20dc27ea133923aab08451b7f7f\"},\"headline\":\"Vrijedna donacija u Lukavcu: Vatrogasci dobili novo vozilo\",\"datePublished\":\"2026-04-29T19:34:35+00:00\",\"dateModified\":\"2026-04-29T19:34:35+00:00\",\"mainEntityOfPage\":{\"@id\":\"https:\/\/tuzlainfo.ba\/index.php\/novosti\/item\/301657-vrijedna-donacija-u-lukavcu-vatrogasci-dobili-novo-vozilo\/\"},\"wordCount\":269,\"publisher\":{\"@id\":\"https:\/\/tuzlainfo.ba\/#organization\"},\"image\":{\"@id\":\"https:\/\/tuzlainfo.ba\/index.php\/novosti\/item\/301657-vrijedna-donacija-u-lukavcu-vatrogasci-dobili-novo-vozilo\/#primaryimage\"},\"thumbnailUrl\":\"https:\/\/tuzlainfo.ba\/wp-content\/uploads\/2026\/04\/2904_lukavac_cement.jpg\",\"keywords\":[\"lukavac\",\"vatrogasci\"],\"articleSection\":[\"Novosti\"],\"inLanguage\":\"bs-BA\"},{\"@type\":\"WebPage\",\"@id\":\"https:\/\/tuzlainfo.ba\/index.php\/novosti\/item\/301657-vrijedna-donacija-u-lukavcu-vatrogasci-dobili-novo-vozilo\/\",\"url\":\"https:\/\/tuzlainfo.ba\/index.php\/novosti\/item\/301657-vrijedna-donacija-u-lukavcu-vatrogasci-dobili-novo-vozilo\/\",\"name\":\"Vrijedna donacija u Lukavcu: Vatrogasci dobili novo vozilo - TuzlaInfo.ba\",\"isPartOf\":{\"@id\":\"https:\/\/tuzlainfo.ba\/#website\"},\"primaryImageOfPage\":{\"@id\":\"https:\/\/tuzlainfo.ba\/index.php\/novosti\/item\/301657-vrijedna-donacija-u-lukavcu-vatrogasci-dobili-novo-vozilo\/#primaryimage\"},\"image\":{\"@id\":\"https:\/\/tuzlainfo.ba\/index.php\/novosti\/item\/301657-vrijedna-donacija-u-lukavcu-vatrogasci-dobili-novo-vozilo\/#primaryimage\"},\"thumbnailUrl\":\"https:\/\/tuzlainfo.ba\/wp-content\/uploads\/2026\/04\/2904_lukavac_cement.jpg\",\"datePublished\":\"2026-04-29T19:34:35+00:00\",\"dateModified\":\"2026-04-29T19:34:35+00:00\",\"breadcrumb\":{\"@id\":\"https:\/\/tuzlainfo.ba\/index.php\/novosti\/item\/301657-vrijedna-donacija-u-lukavcu-vatrogasci-dobili-novo-vozilo\/#breadcrumb\"},\"inLanguage\":\"bs-BA\",\"potentialAction\":[{\"@type\":\"ReadAction\",\"target\":[\"https:\/\/tuzlainfo.ba\/index.php\/novosti\/item\/301657-vrijedna-donacija-u-lukavcu-vatrogasci-dobili-novo-vozilo\/\"]}]},{\"@type\":\"ImageObject\",\"inLanguage\":\"bs-BA\",\"@id\":\"https:\/\/tuzlainfo.ba\/index.php\/novosti\/item\/301657-vrijedna-donacija-u-lukavcu-vatrogasci-dobili-novo-vozilo\/#primaryimage\",\"url\":\"https:\/\/tuzlainfo.ba\/wp-content\/uploads\/2026\/04\/2904_lukavac_cement.jpg\",\"contentUrl\":\"https:\/\/tuzlainfo.ba\/wp-content\/uploads\/2026\/04\/2904_lukavac_cement.jpg\",\"width\":1000,\"height\":713},{\"@type\":\"BreadcrumbList\",\"@id\":\"https:\/\/tuzlainfo.ba\/index.php\/novosti\/item\/301657-vrijedna-donacija-u-lukavcu-vatrogasci-dobili-novo-vozilo\/#breadcrumb\",\"itemListElement\":[{\"@type\":\"ListItem\",\"position\":1,\"name\":\"Home\",\"item\":\"https:\/\/tuzlainfo.ba\/\"},{\"@type\":\"ListItem\",\"position\":2,\"name\":\"Vrijedna donacija u Lukavcu: Vatrogasci dobili novo vozilo\"}]},{\"@type\":\"WebSite\",\"@id\":\"https:\/\/tuzlainfo.ba\/#website\",\"url\":\"https:\/\/tuzlainfo.ba\/\",\"name\":\"TuzlaInfo.ba\",\"description\":\"Tuzla info, gradski informator - Tuzla na dlanu\",\"publisher\":{\"@id\":\"https:\/\/tuzlainfo.ba\/#organization\"},\"potentialAction\":[{\"@type\":\"SearchAction\",\"target\":{\"@type\":\"EntryPoint\",\"urlTemplate\":\"https:\/\/tuzlainfo.ba\/?s={search_term_string}\"},\"query-input\":{\"@type\":\"PropertyValueSpecification\",\"valueRequired\":true,\"valueName\":\"search_term_string\"}}],\"inLanguage\":\"bs-BA\"},{\"@type\":\"Organization\",\"@id\":\"https:\/\/tuzlainfo.ba\/#organization\",\"name\":\"TuzlaInfo.ba\",\"url\":\"https:\/\/tuzlainfo.ba\/\",\"logo\":{\"@type\":\"ImageObject\",\"inLanguage\":\"bs-BA\",\"@id\":\"https:\/\/tuzlainfo.ba\/#\/schema\/logo\/image\/\",\"url\":\"https:\/\/tuzlainfo.ba\/wp-content\/uploads\/2021\/03\/logo-ver-3-1.png\",\"contentUrl\":\"https:\/\/tuzlainfo.ba\/wp-content\/uploads\/2021\/03\/logo-ver-3-1.png\",\"width\":350,\"height\":95,\"caption\":\"TuzlaInfo.ba\"},\"image\":{\"@id\":\"https:\/\/tuzlainfo.ba\/#\/schema\/logo\/image\/\"},\"sameAs\":[\"https:\/\/www.facebook.com\/tuzlainfo.ba\/\"]},{\"@type\":\"Person\",\"@id\":\"https:\/\/tuzlainfo.ba\/#\/schema\/person\/f434e20dc27ea133923aab08451b7f7f\",\"name\":\"nedim\",\"image\":{\"@type\":\"ImageObject\",\"inLanguage\":\"bs-BA\",\"@id\":\"https:\/\/tuzlainfo.ba\/#\/schema\/person\/image\/\",\"url\":\"https:\/\/tuzlainfo.ba\/wp-content\/litespeed\/avatar\/aabad687af24844af817603ac1cbdc4f.jpg?ver=1777306975\",\"contentUrl\":\"https:\/\/tuzlainfo.ba\/wp-content\/litespeed\/avatar\/aabad687af24844af817603ac1cbdc4f.jpg?ver=1777306975\",\"caption\":\"nedim\"},\"description\":\"Tuzlainfo.ba pratite na dru\u0161tvenim mre\u017eama: Facebook, Instagram i Youtube. Svoje pri\u010de, upite i fotografije \u0161aljite na na\u0161u e-mail adresu.\"}]}<\/script>\n<!-- \/ Yoast SEO plugin. -->","yoast_head_json":{"title":"Vrijedna donacija u Lukavcu: Vatrogasci dobili novo vozilo - TuzlaInfo.ba","robots":{"index":"index","follow":"follow","max-snippet":"max-snippet:-1","max-image-preview":"max-image-preview:large","max-video-preview":"max-video-preview:-1"},"canonical":"https:\/\/tuzlainfo.ba\/index.php\/novosti\/item\/301657-vrijedna-donacija-u-lukavcu-vatrogasci-dobili-novo-vozilo\/","og_locale":"bs_BA","og_type":"article","og_title":"Vrijedna donacija u Lukavcu: Vatrogasci dobili novo vozilo - TuzlaInfo.ba","og_description":"U krugu kompanije Lukavac Cement danas je uprili\u010dena sve\u010dana primopredaja vatrogasnog vozila koje je ova&hellip;","og_url":"https:\/\/tuzlainfo.ba\/index.php\/novosti\/item\/301657-vrijedna-donacija-u-lukavcu-vatrogasci-dobili-novo-vozilo\/","og_site_name":"TuzlaInfo.ba","article_publisher":"https:\/\/www.facebook.com\/tuzlainfo.ba\/","article_published_time":"2026-04-29T19:34:35+00:00","og_image":[{"width":1000,"height":713,"url":"https:\/\/tuzlainfo.ba\/wp-content\/uploads\/2026\/04\/2904_lukavac_cement.jpg","type":"image\/jpeg"}],"author":"nedim","twitter_card":"summary_large_image","twitter_misc":{"Written by":"nedim","Est. reading time":"2 minute"},"schema":{"@context":"https:\/\/schema.org","@graph":[{"@type":"Article","@id":"https:\/\/tuzlainfo.ba\/index.php\/novosti\/item\/301657-vrijedna-donacija-u-lukavcu-vatrogasci-dobili-novo-vozilo\/#article","isPartOf":{"@id":"https:\/\/tuzlainfo.ba\/index.php\/novosti\/item\/301657-vrijedna-donacija-u-lukavcu-vatrogasci-dobili-novo-vozilo\/"},"author":{"name":"nedim","@id":"https:\/\/tuzlainfo.ba\/#\/schema\/person\/f434e20dc27ea133923aab08451b7f7f"},"headline":"Vrijedna donacija u Lukavcu: Vatrogasci dobili novo vozilo","datePublished":"2026-04-29T19:34:35+00:00","dateModified":"2026-04-29T19:34:35+00:00","mainEntityOfPage":{"@id":"https:\/\/tuzlainfo.ba\/index.php\/novosti\/item\/301657-vrijedna-donacija-u-lukavcu-vatrogasci-dobili-novo-vozilo\/"},"wordCount":269,"publisher":{"@id":"https:\/\/tuzlainfo.ba\/#organization"},"image":{"@id":"https:\/\/tuzlainfo.ba\/index.php\/novosti\/item\/301657-vrijedna-donacija-u-lukavcu-vatrogasci-dobili-novo-vozilo\/#primaryimage"},"thumbnailUrl":"https:\/\/tuzlainfo.ba\/wp-content\/uploads\/2026\/04\/2904_lukavac_cement.jpg","keywords":["lukavac","vatrogasci"],"articleSection":["Novosti"],"inLanguage":"bs-BA"},{"@type":"WebPage","@id":"https:\/\/tuzlainfo.ba\/index.php\/novosti\/item\/301657-vrijedna-donacija-u-lukavcu-vatrogasci-dobili-novo-vozilo\/","url":"https:\/\/tuzlainfo.ba\/index.php\/novosti\/item\/301657-vrijedna-donacija-u-lukavcu-vatrogasci-dobili-novo-vozilo\/","name":"Vrijedna donacija u Lukavcu: Vatrogasci dobili novo vozilo - TuzlaInfo.ba","isPartOf":{"@id":"https:\/\/tuzlainfo.ba\/#website"},"primaryImageOfPage":{"@id":"https:\/\/tuzlainfo.ba\/index.php\/novosti\/item\/301657-vrijedna-donacija-u-lukavcu-vatrogasci-dobili-novo-vozilo\/#primaryimage"},"image":{"@id":"https:\/\/tuzlainfo.ba\/index.php\/novosti\/item\/301657-vrijedna-donacija-u-lukavcu-vatrogasci-dobili-novo-vozilo\/#primaryimage"},"thumbnailUrl":"https:\/\/tuzlainfo.ba\/wp-content\/uploads\/2026\/04\/2904_lukavac_cement.jpg","datePublished":"2026-04-29T19:34:35+00:00","dateModified":"2026-04-29T19:34:35+00:00","breadcrumb":{"@id":"https:\/\/tuzlainfo.ba\/index.php\/novosti\/item\/301657-vrijedna-donacija-u-lukavcu-vatrogasci-dobili-novo-vozilo\/#breadcrumb"},"inLanguage":"bs-BA","potentialAction":[{"@type":"ReadAction","target":["https:\/\/tuzlainfo.ba\/index.php\/novosti\/item\/301657-vrijedna-donacija-u-lukavcu-vatrogasci-dobili-novo-vozilo\/"]}]},{"@type":"ImageObject","inLanguage":"bs-BA","@id":"https:\/\/tuzlainfo.ba\/index.php\/novosti\/item\/301657-vrijedna-donacija-u-lukavcu-vatrogasci-dobili-novo-vozilo\/#primaryimage","url":"https:\/\/tuzlainfo.ba\/wp-content\/uploads\/2026\/04\/2904_lukavac_cement.jpg","contentUrl":"https:\/\/tuzlainfo.ba\/wp-content\/uploads\/2026\/04\/2904_lukavac_cement.jpg","width":1000,"height":713},{"@type":"BreadcrumbList","@id":"https:\/\/tuzlainfo.ba\/index.php\/novosti\/item\/301657-vrijedna-donacija-u-lukavcu-vatrogasci-dobili-novo-vozilo\/#breadcrumb","itemListElement":[{"@type":"ListItem","position":1,"name":"Home","item":"https:\/\/tuzlainfo.ba\/"},{"@type":"ListItem","position":2,"name":"Vrijedna donacija u Lukavcu: Vatrogasci dobili novo vozilo"}]},{"@type":"WebSite","@id":"https:\/\/tuzlainfo.ba\/#website","url":"https:\/\/tuzlainfo.ba\/","name":"TuzlaInfo.ba","description":"Tuzla info, gradski informator - Tuzla na dlanu","publisher":{"@id":"https:\/\/tuzlainfo.ba\/#organization"},"potentialAction":[{"@type":"SearchAction","target":{"@type":"EntryPoint","urlTemplate":"https:\/\/tuzlainfo.ba\/?s={search_term_string}"},"query-input":{"@type":"PropertyValueSpecification","valueRequired":true,"valueName":"search_term_string"}}],"inLanguage":"bs-BA"},{"@type":"Organization","@id":"https:\/\/tuzlainfo.ba\/#organization","name":"TuzlaInfo.ba","url":"https:\/\/tuzlainfo.ba\/","logo":{"@type":"ImageObject","inLanguage":"bs-BA","@id":"https:\/\/tuzlainfo.ba\/#\/schema\/logo\/image\/","url":"https:\/\/tuzlainfo.ba\/wp-content\/uploads\/2021\/03\/logo-ver-3-1.png","contentUrl":"https:\/\/tuzlainfo.ba\/wp-content\/uploads\/2021\/03\/logo-ver-3-1.png","width":350,"height":95,"caption":"TuzlaInfo.ba"},"image":{"@id":"https:\/\/tuzlainfo.ba\/#\/schema\/logo\/image\/"},"sameAs":["https:\/\/www.facebook.com\/tuzlainfo.ba\/"]},{"@type":"Person","@id":"https:\/\/tuzlainfo.ba\/#\/schema\/person\/f434e20dc27ea133923aab08451b7f7f","name":"nedim","image":{"@type":"ImageObject","inLanguage":"bs-BA","@id":"https:\/\/tuzlainfo.ba\/#\/schema\/person\/image\/","url":"https:\/\/tuzlainfo.ba\/wp-content\/litespeed\/avatar\/aabad687af24844af817603ac1cbdc4f.jpg?ver=1777306975","contentUrl":"https:\/\/tuzlainfo.ba\/wp-content\/litespeed\/avatar\/aabad687af24844af817603ac1cbdc4f.jpg?ver=1777306975","caption":"nedim"},"description":"Tuzlainfo.ba pratite na dru\u0161tvenim mre\u017eama: Facebook, Instagram i Youtube. Svoje pri\u010de, upite i fotografije \u0161aljite na na\u0161u e-mail adresu."}]}},"_links":{"self":[{"href":"https:\/\/tuzlainfo.ba\/index.php\/wp-json\/wp\/v2\/posts\/301657"}],"collection":[{"href":"https:\/\/tuzlainfo.ba\/index.php\/wp-json\/wp\/v2\/posts"}],"about":[{"href":"https:\/\/tuzlainfo.ba\/index.php\/wp-json\/wp\/v2\/types\/post"}],"author":[{"embeddable":true,"href":"https:\/\/tuzlainfo.ba\/index.php\/wp-json\/wp\/v2\/users\/2"}],"replies":[{"embeddable":true,"href":"https:\/\/tuzlainfo.ba\/index.php\/wp-json\/wp\/v2\/comments?post=301657"}],"version-history":[{"count":1,"href":"https:\/\/tuzlainfo.ba\/index.php\/wp-json\/wp\/v2\/posts\/301657\/revisions"}],"predecessor-version":[{"id":301659,"href":"https:\/\/tuzlainfo.ba\/index.php\/wp-json\/wp\/v2\/posts\/301657\/revisions\/301659"}],"wp:featuredmedia":[{"embeddable":true,"href":"https:\/\/tuzlainfo.ba\/index.php\/wp-json\/wp\/v2\/media\/301658"}],"wp:attachment":[{"href":"https:\/\/tuzlainfo.ba\/index.php\/wp-json\/wp\/v2\/media?parent=301657"}],"wp:term":[{"taxonomy":"category","embeddable":true,"href":"https:\/\/tuzlainfo.ba\/index.php\/wp-json\/wp\/v2\/categories?post=301657"},{"taxonomy":"post_tag","embeddable":true,"href":"https:\/\/tuzlainfo.ba\/index.php\/wp-json\/wp\/v2\/tags?post=301657"}],"curies":[{"name":"wp","href":"https:\/\/api.w.org\/{rel}","templated":true}]}}