{"id":301634,"date":"2026-05-03T11:03:57","date_gmt":"2026-05-03T09:03:57","guid":{"rendered":"https:\/\/tuzlainfo.ba\/?p=301634"},"modified":"2026-04-30T14:06:03","modified_gmt":"2026-04-30T12:06:03","slug":"svjetski-dan-slobode-medija-podsjetnik-na-stub-demokratije-i-izazove-novinarstva","status":"publish","type":"post","link":"https:\/\/tuzlainfo.ba\/index.php\/bosna-i-hercegovina\/item\/301634-svjetski-dan-slobode-medija-podsjetnik-na-stub-demokratije-i-izazove-novinarstva\/","title":{"rendered":"Svjetski dan slobode medija: Podsjetnik na stub demokratije i izazove novinarstva"},"content":{"rendered":"<p>Danas se obilje\u017eava Svjetski dan slobode medija, datum posve\u0107en podizanju svijesti o va\u017enosti slobode \u0161tampe i podsje\u0107anju vlada na njihovu du\u017enost da po\u0161tuju i podr\u017eavaju pravo na slobodu izra\u017eavanja. Ovaj dan, koji je proglasila Generalna skup\u0161tina Ujedinjenih nacija 1993. godine, slu\u017ei i kao prilika za odavanje po\u010dasti novinarima koji su izgubili \u017eivote obavljaju\u0107i svoj posao.<\/p>\n<p>Sloboda medija predstavlja temelj svakog demokratskog dru\u0161tva. Ona osigurava protok informacija, omogu\u0107ava gra\u0111anima da donose informisane odluke, te slu\u017ei kao korektivni faktor vlasti. Kroz istra\u017eiva\u010dko novinarstvo, mediji razotkrivaju korupciju, nepravdu i zloupotrebe mo\u0107i, \u010dime doprinose transparentnosti i odgovornosti u dru\u0161tvu.<\/p>\n<h3>Izazovi u Bosni i Hercegovini i svijetu<\/h3>\n<p>Uprkos deklarativnoj podr\u0161ci slobodi medija, novinari \u0161irom svijeta, pa tako i u Bosni i Hercegovini, svakodnevno se suo\u010davaju s brojnim izazovima. To uklju\u010duje politi\u010dke pritiske, ekonomske ucjene, prijetnje, fizi\u010dke napade, pa \u010dak i ubistva. Dezinformacije i govor mr\u017enje, posebno u digitalnom prostoru, dodatno ote\u017eavaju rad novinara i podrivaju povjerenje javnosti u medije.<\/p>\n<p>U Bosni i Hercegovini, novinari se \u010desto bore s neadekvatnom zakonskom za\u0161titom, sporim sudskim procesima u slu\u010dajevima napada na novinare, te nedostatkom finansijske stabilnosti medija. Nezavisnost javnih servisa i transparentnost vlasni\u0161tva nad medijima ostaju klju\u010dna pitanja koja zahtijevaju sistemska rje\u0161enja.<\/p>\n<h3>Zna\u010daj obilje\u017eavanja<\/h3>\n<p>Obilje\u017eavanje Svjetskog dana slobode medija je prilika da se naglasi neophodnost za\u0161tite novinara i medijskih radnika, te da se podstakne dijalog o na\u010dinima ja\u010danja medijskih sloboda. To je poziv na akciju za sve aktere \u2013 vlade, civilno dru\u0161tvo, medijske organizacije i gra\u0111ane \u2013 da se aktivno uklju\u010de u stvaranje okru\u017eenja u kojem novinari mogu slobodno i sigurno obavljati svoj posao, bez straha od odmazde.<\/p>\n<p>Samo uz slobodne i odgovorne medije, dru\u0161tvo mo\u017ee napredovati i graditi bolju budu\u0107nost za sve svoje gra\u0111ane.<\/p>\n","protected":false},"excerpt":{"rendered":"<p>Danas se obilje\u017eava Svjetski dan slobode medija, datum posve\u0107en podizanju svijesti o va\u017enosti slobode \u0161tampe&hellip;<\/p>\n","protected":false},"author":8,"featured_media":77933,"comment_status":"closed","ping_status":"closed","sticky":false,"template":"","format":"standard","meta":{"_acf_changed":false,"footnotes":""},"categories":[291],"tags":[13841],"acf":[],"yoast_head":"<!-- This site is optimized with the Yoast SEO plugin v23.5 - https:\/\/yoast.com\/wordpress\/plugins\/seo\/ -->\n<title>Svjetski dan slobode medija: Podsjetnik na stub demokratije i izazove novinarstva - TuzlaInfo.ba<\/title>\n<meta name=\"robots\" content=\"index, follow, max-snippet:-1, max-image-preview:large, max-video-preview:-1\" \/>\n<link rel=\"canonical\" href=\"https:\/\/tuzlainfo.ba\/index.php\/bosna-i-hercegovina\/item\/301634-svjetski-dan-slobode-medija-podsjetnik-na-stub-demokratije-i-izazove-novinarstva\/\" \/>\n<meta property=\"og:locale\" content=\"bs_BA\" \/>\n<meta property=\"og:type\" content=\"article\" \/>\n<meta property=\"og:title\" content=\"Svjetski dan slobode medija: Podsjetnik na stub demokratije i izazove novinarstva - TuzlaInfo.ba\" \/>\n<meta property=\"og:description\" content=\"Danas se obilje\u017eava Svjetski dan slobode medija, datum posve\u0107en podizanju svijesti o va\u017enosti slobode \u0161tampe&hellip;\" \/>\n<meta property=\"og:url\" content=\"https:\/\/tuzlainfo.ba\/index.php\/bosna-i-hercegovina\/item\/301634-svjetski-dan-slobode-medija-podsjetnik-na-stub-demokratije-i-izazove-novinarstva\/\" \/>\n<meta property=\"og:site_name\" content=\"TuzlaInfo.ba\" \/>\n<meta property=\"article:publisher\" content=\"https:\/\/www.facebook.com\/tuzlainfo.ba\/\" \/>\n<meta property=\"article:published_time\" content=\"2026-05-03T09:03:57+00:00\" \/>\n<meta property=\"article:modified_time\" content=\"2026-04-30T12:06:03+00:00\" \/>\n<meta property=\"og:image\" content=\"https:\/\/tuzlainfo.ba\/wp-content\/uploads\/2020\/03\/sadrzaj_2020_20200101_0101_2020_mediji.jpg\" \/>\n\t<meta property=\"og:image:width\" content=\"770\" \/>\n\t<meta property=\"og:image:height\" content=\"430\" \/>\n\t<meta property=\"og:image:type\" content=\"image\/jpeg\" \/>\n<meta name=\"author\" content=\"Admin Tri\" \/>\n<meta name=\"twitter:card\" content=\"summary_large_image\" \/>\n<meta name=\"twitter:label1\" content=\"Written by\" \/>\n\t<meta name=\"twitter:data1\" content=\"Admin Tri\" \/>\n\t<meta name=\"twitter:label2\" content=\"Est. reading time\" \/>\n\t<meta name=\"twitter:data2\" content=\"2 minute\" \/>\n<script type=\"application\/ld+json\" class=\"yoast-schema-graph\">{\"@context\":\"https:\/\/schema.org\",\"@graph\":[{\"@type\":\"Article\",\"@id\":\"https:\/\/tuzlainfo.ba\/index.php\/bosna-i-hercegovina\/item\/301634-svjetski-dan-slobode-medija-podsjetnik-na-stub-demokratije-i-izazove-novinarstva\/#article\",\"isPartOf\":{\"@id\":\"https:\/\/tuzlainfo.ba\/index.php\/bosna-i-hercegovina\/item\/301634-svjetski-dan-slobode-medija-podsjetnik-na-stub-demokratije-i-izazove-novinarstva\/\"},\"author\":{\"name\":\"Admin Tri\",\"@id\":\"https:\/\/tuzlainfo.ba\/#\/schema\/person\/593e78a2f6378c5ba3e7600ecfa4e63a\"},\"headline\":\"Svjetski dan slobode medija: Podsjetnik na stub demokratije i izazove novinarstva\",\"datePublished\":\"2026-05-03T09:03:57+00:00\",\"dateModified\":\"2026-04-30T12:06:03+00:00\",\"mainEntityOfPage\":{\"@id\":\"https:\/\/tuzlainfo.ba\/index.php\/bosna-i-hercegovina\/item\/301634-svjetski-dan-slobode-medija-podsjetnik-na-stub-demokratije-i-izazove-novinarstva\/\"},\"wordCount\":331,\"publisher\":{\"@id\":\"https:\/\/tuzlainfo.ba\/#organization\"},\"image\":{\"@id\":\"https:\/\/tuzlainfo.ba\/index.php\/bosna-i-hercegovina\/item\/301634-svjetski-dan-slobode-medija-podsjetnik-na-stub-demokratije-i-izazove-novinarstva\/#primaryimage\"},\"thumbnailUrl\":\"https:\/\/tuzlainfo.ba\/wp-content\/uploads\/2020\/03\/sadrzaj_2020_20200101_0101_2020_mediji.jpg\",\"keywords\":[\"dan slobode medija\"],\"articleSection\":[\"Bosna i Hercegovina\"],\"inLanguage\":\"bs-BA\"},{\"@type\":\"WebPage\",\"@id\":\"https:\/\/tuzlainfo.ba\/index.php\/bosna-i-hercegovina\/item\/301634-svjetski-dan-slobode-medija-podsjetnik-na-stub-demokratije-i-izazove-novinarstva\/\",\"url\":\"https:\/\/tuzlainfo.ba\/index.php\/bosna-i-hercegovina\/item\/301634-svjetski-dan-slobode-medija-podsjetnik-na-stub-demokratije-i-izazove-novinarstva\/\",\"name\":\"Svjetski dan slobode medija: Podsjetnik na stub demokratije i izazove novinarstva - TuzlaInfo.ba\",\"isPartOf\":{\"@id\":\"https:\/\/tuzlainfo.ba\/#website\"},\"primaryImageOfPage\":{\"@id\":\"https:\/\/tuzlainfo.ba\/index.php\/bosna-i-hercegovina\/item\/301634-svjetski-dan-slobode-medija-podsjetnik-na-stub-demokratije-i-izazove-novinarstva\/#primaryimage\"},\"image\":{\"@id\":\"https:\/\/tuzlainfo.ba\/index.php\/bosna-i-hercegovina\/item\/301634-svjetski-dan-slobode-medija-podsjetnik-na-stub-demokratije-i-izazove-novinarstva\/#primaryimage\"},\"thumbnailUrl\":\"https:\/\/tuzlainfo.ba\/wp-content\/uploads\/2020\/03\/sadrzaj_2020_20200101_0101_2020_mediji.jpg\",\"datePublished\":\"2026-05-03T09:03:57+00:00\",\"dateModified\":\"2026-04-30T12:06:03+00:00\",\"breadcrumb\":{\"@id\":\"https:\/\/tuzlainfo.ba\/index.php\/bosna-i-hercegovina\/item\/301634-svjetski-dan-slobode-medija-podsjetnik-na-stub-demokratije-i-izazove-novinarstva\/#breadcrumb\"},\"inLanguage\":\"bs-BA\",\"potentialAction\":[{\"@type\":\"ReadAction\",\"target\":[\"https:\/\/tuzlainfo.ba\/index.php\/bosna-i-hercegovina\/item\/301634-svjetski-dan-slobode-medija-podsjetnik-na-stub-demokratije-i-izazove-novinarstva\/\"]}]},{\"@type\":\"ImageObject\",\"inLanguage\":\"bs-BA\",\"@id\":\"https:\/\/tuzlainfo.ba\/index.php\/bosna-i-hercegovina\/item\/301634-svjetski-dan-slobode-medija-podsjetnik-na-stub-demokratije-i-izazove-novinarstva\/#primaryimage\",\"url\":\"https:\/\/tuzlainfo.ba\/wp-content\/uploads\/2020\/03\/sadrzaj_2020_20200101_0101_2020_mediji.jpg\",\"contentUrl\":\"https:\/\/tuzlainfo.ba\/wp-content\/uploads\/2020\/03\/sadrzaj_2020_20200101_0101_2020_mediji.jpg\",\"width\":770,\"height\":430,\"caption\":\"0101 2020 mediji\"},{\"@type\":\"BreadcrumbList\",\"@id\":\"https:\/\/tuzlainfo.ba\/index.php\/bosna-i-hercegovina\/item\/301634-svjetski-dan-slobode-medija-podsjetnik-na-stub-demokratije-i-izazove-novinarstva\/#breadcrumb\",\"itemListElement\":[{\"@type\":\"ListItem\",\"position\":1,\"name\":\"Home\",\"item\":\"https:\/\/tuzlainfo.ba\/\"},{\"@type\":\"ListItem\",\"position\":2,\"name\":\"Svjetski dan slobode medija: Podsjetnik na stub demokratije i izazove novinarstva\"}]},{\"@type\":\"WebSite\",\"@id\":\"https:\/\/tuzlainfo.ba\/#website\",\"url\":\"https:\/\/tuzlainfo.ba\/\",\"name\":\"TuzlaInfo.ba\",\"description\":\"Tuzla info, gradski informator - Tuzla na dlanu\",\"publisher\":{\"@id\":\"https:\/\/tuzlainfo.ba\/#organization\"},\"potentialAction\":[{\"@type\":\"SearchAction\",\"target\":{\"@type\":\"EntryPoint\",\"urlTemplate\":\"https:\/\/tuzlainfo.ba\/?s={search_term_string}\"},\"query-input\":{\"@type\":\"PropertyValueSpecification\",\"valueRequired\":true,\"valueName\":\"search_term_string\"}}],\"inLanguage\":\"bs-BA\"},{\"@type\":\"Organization\",\"@id\":\"https:\/\/tuzlainfo.ba\/#organization\",\"name\":\"TuzlaInfo.ba\",\"url\":\"https:\/\/tuzlainfo.ba\/\",\"logo\":{\"@type\":\"ImageObject\",\"inLanguage\":\"bs-BA\",\"@id\":\"https:\/\/tuzlainfo.ba\/#\/schema\/logo\/image\/\",\"url\":\"https:\/\/tuzlainfo.ba\/wp-content\/uploads\/2021\/03\/logo-ver-3-1.png\",\"contentUrl\":\"https:\/\/tuzlainfo.ba\/wp-content\/uploads\/2021\/03\/logo-ver-3-1.png\",\"width\":350,\"height\":95,\"caption\":\"TuzlaInfo.ba\"},\"image\":{\"@id\":\"https:\/\/tuzlainfo.ba\/#\/schema\/logo\/image\/\"},\"sameAs\":[\"https:\/\/www.facebook.com\/tuzlainfo.ba\/\"]},{\"@type\":\"Person\",\"@id\":\"https:\/\/tuzlainfo.ba\/#\/schema\/person\/593e78a2f6378c5ba3e7600ecfa4e63a\",\"name\":\"Admin Tri\",\"image\":{\"@type\":\"ImageObject\",\"inLanguage\":\"bs-BA\",\"@id\":\"https:\/\/tuzlainfo.ba\/#\/schema\/person\/image\/\",\"url\":\"https:\/\/tuzlainfo.ba\/wp-content\/litespeed\/avatar\/b7920db4cc34a71ad12497283ad2fe3f.jpg?ver=1777705770\",\"contentUrl\":\"https:\/\/tuzlainfo.ba\/wp-content\/litespeed\/avatar\/b7920db4cc34a71ad12497283ad2fe3f.jpg?ver=1777705770\",\"caption\":\"Admin Tri\"},\"sameAs\":[\"https:\/\/tuzlainfo.ba\"]}]}<\/script>\n<!-- \/ Yoast SEO plugin. -->","yoast_head_json":{"title":"Svjetski dan slobode medija: Podsjetnik na stub demokratije i izazove novinarstva - TuzlaInfo.ba","robots":{"index":"index","follow":"follow","max-snippet":"max-snippet:-1","max-image-preview":"max-image-preview:large","max-video-preview":"max-video-preview:-1"},"canonical":"https:\/\/tuzlainfo.ba\/index.php\/bosna-i-hercegovina\/item\/301634-svjetski-dan-slobode-medija-podsjetnik-na-stub-demokratije-i-izazove-novinarstva\/","og_locale":"bs_BA","og_type":"article","og_title":"Svjetski dan slobode medija: Podsjetnik na stub demokratije i izazove novinarstva - TuzlaInfo.ba","og_description":"Danas se obilje\u017eava Svjetski dan slobode medija, datum posve\u0107en podizanju svijesti o va\u017enosti slobode \u0161tampe&hellip;","og_url":"https:\/\/tuzlainfo.ba\/index.php\/bosna-i-hercegovina\/item\/301634-svjetski-dan-slobode-medija-podsjetnik-na-stub-demokratije-i-izazove-novinarstva\/","og_site_name":"TuzlaInfo.ba","article_publisher":"https:\/\/www.facebook.com\/tuzlainfo.ba\/","article_published_time":"2026-05-03T09:03:57+00:00","article_modified_time":"2026-04-30T12:06:03+00:00","og_image":[{"width":770,"height":430,"url":"https:\/\/tuzlainfo.ba\/wp-content\/uploads\/2020\/03\/sadrzaj_2020_20200101_0101_2020_mediji.jpg","type":"image\/jpeg"}],"author":"Admin Tri","twitter_card":"summary_large_image","twitter_misc":{"Written by":"Admin Tri","Est. reading time":"2 minute"},"schema":{"@context":"https:\/\/schema.org","@graph":[{"@type":"Article","@id":"https:\/\/tuzlainfo.ba\/index.php\/bosna-i-hercegovina\/item\/301634-svjetski-dan-slobode-medija-podsjetnik-na-stub-demokratije-i-izazove-novinarstva\/#article","isPartOf":{"@id":"https:\/\/tuzlainfo.ba\/index.php\/bosna-i-hercegovina\/item\/301634-svjetski-dan-slobode-medija-podsjetnik-na-stub-demokratije-i-izazove-novinarstva\/"},"author":{"name":"Admin Tri","@id":"https:\/\/tuzlainfo.ba\/#\/schema\/person\/593e78a2f6378c5ba3e7600ecfa4e63a"},"headline":"Svjetski dan slobode medija: Podsjetnik na stub demokratije i izazove novinarstva","datePublished":"2026-05-03T09:03:57+00:00","dateModified":"2026-04-30T12:06:03+00:00","mainEntityOfPage":{"@id":"https:\/\/tuzlainfo.ba\/index.php\/bosna-i-hercegovina\/item\/301634-svjetski-dan-slobode-medija-podsjetnik-na-stub-demokratije-i-izazove-novinarstva\/"},"wordCount":331,"publisher":{"@id":"https:\/\/tuzlainfo.ba\/#organization"},"image":{"@id":"https:\/\/tuzlainfo.ba\/index.php\/bosna-i-hercegovina\/item\/301634-svjetski-dan-slobode-medija-podsjetnik-na-stub-demokratije-i-izazove-novinarstva\/#primaryimage"},"thumbnailUrl":"https:\/\/tuzlainfo.ba\/wp-content\/uploads\/2020\/03\/sadrzaj_2020_20200101_0101_2020_mediji.jpg","keywords":["dan slobode medija"],"articleSection":["Bosna i Hercegovina"],"inLanguage":"bs-BA"},{"@type":"WebPage","@id":"https:\/\/tuzlainfo.ba\/index.php\/bosna-i-hercegovina\/item\/301634-svjetski-dan-slobode-medija-podsjetnik-na-stub-demokratije-i-izazove-novinarstva\/","url":"https:\/\/tuzlainfo.ba\/index.php\/bosna-i-hercegovina\/item\/301634-svjetski-dan-slobode-medija-podsjetnik-na-stub-demokratije-i-izazove-novinarstva\/","name":"Svjetski dan slobode medija: Podsjetnik na stub demokratije i izazove novinarstva - TuzlaInfo.ba","isPartOf":{"@id":"https:\/\/tuzlainfo.ba\/#website"},"primaryImageOfPage":{"@id":"https:\/\/tuzlainfo.ba\/index.php\/bosna-i-hercegovina\/item\/301634-svjetski-dan-slobode-medija-podsjetnik-na-stub-demokratije-i-izazove-novinarstva\/#primaryimage"},"image":{"@id":"https:\/\/tuzlainfo.ba\/index.php\/bosna-i-hercegovina\/item\/301634-svjetski-dan-slobode-medija-podsjetnik-na-stub-demokratije-i-izazove-novinarstva\/#primaryimage"},"thumbnailUrl":"https:\/\/tuzlainfo.ba\/wp-content\/uploads\/2020\/03\/sadrzaj_2020_20200101_0101_2020_mediji.jpg","datePublished":"2026-05-03T09:03:57+00:00","dateModified":"2026-04-30T12:06:03+00:00","breadcrumb":{"@id":"https:\/\/tuzlainfo.ba\/index.php\/bosna-i-hercegovina\/item\/301634-svjetski-dan-slobode-medija-podsjetnik-na-stub-demokratije-i-izazove-novinarstva\/#breadcrumb"},"inLanguage":"bs-BA","potentialAction":[{"@type":"ReadAction","target":["https:\/\/tuzlainfo.ba\/index.php\/bosna-i-hercegovina\/item\/301634-svjetski-dan-slobode-medija-podsjetnik-na-stub-demokratije-i-izazove-novinarstva\/"]}]},{"@type":"ImageObject","inLanguage":"bs-BA","@id":"https:\/\/tuzlainfo.ba\/index.php\/bosna-i-hercegovina\/item\/301634-svjetski-dan-slobode-medija-podsjetnik-na-stub-demokratije-i-izazove-novinarstva\/#primaryimage","url":"https:\/\/tuzlainfo.ba\/wp-content\/uploads\/2020\/03\/sadrzaj_2020_20200101_0101_2020_mediji.jpg","contentUrl":"https:\/\/tuzlainfo.ba\/wp-content\/uploads\/2020\/03\/sadrzaj_2020_20200101_0101_2020_mediji.jpg","width":770,"height":430,"caption":"0101 2020 mediji"},{"@type":"BreadcrumbList","@id":"https:\/\/tuzlainfo.ba\/index.php\/bosna-i-hercegovina\/item\/301634-svjetski-dan-slobode-medija-podsjetnik-na-stub-demokratije-i-izazove-novinarstva\/#breadcrumb","itemListElement":[{"@type":"ListItem","position":1,"name":"Home","item":"https:\/\/tuzlainfo.ba\/"},{"@type":"ListItem","position":2,"name":"Svjetski dan slobode medija: Podsjetnik na stub demokratije i izazove novinarstva"}]},{"@type":"WebSite","@id":"https:\/\/tuzlainfo.ba\/#website","url":"https:\/\/tuzlainfo.ba\/","name":"TuzlaInfo.ba","description":"Tuzla info, gradski informator - Tuzla na dlanu","publisher":{"@id":"https:\/\/tuzlainfo.ba\/#organization"},"potentialAction":[{"@type":"SearchAction","target":{"@type":"EntryPoint","urlTemplate":"https:\/\/tuzlainfo.ba\/?s={search_term_string}"},"query-input":{"@type":"PropertyValueSpecification","valueRequired":true,"valueName":"search_term_string"}}],"inLanguage":"bs-BA"},{"@type":"Organization","@id":"https:\/\/tuzlainfo.ba\/#organization","name":"TuzlaInfo.ba","url":"https:\/\/tuzlainfo.ba\/","logo":{"@type":"ImageObject","inLanguage":"bs-BA","@id":"https:\/\/tuzlainfo.ba\/#\/schema\/logo\/image\/","url":"https:\/\/tuzlainfo.ba\/wp-content\/uploads\/2021\/03\/logo-ver-3-1.png","contentUrl":"https:\/\/tuzlainfo.ba\/wp-content\/uploads\/2021\/03\/logo-ver-3-1.png","width":350,"height":95,"caption":"TuzlaInfo.ba"},"image":{"@id":"https:\/\/tuzlainfo.ba\/#\/schema\/logo\/image\/"},"sameAs":["https:\/\/www.facebook.com\/tuzlainfo.ba\/"]},{"@type":"Person","@id":"https:\/\/tuzlainfo.ba\/#\/schema\/person\/593e78a2f6378c5ba3e7600ecfa4e63a","name":"Admin Tri","image":{"@type":"ImageObject","inLanguage":"bs-BA","@id":"https:\/\/tuzlainfo.ba\/#\/schema\/person\/image\/","url":"https:\/\/tuzlainfo.ba\/wp-content\/litespeed\/avatar\/b7920db4cc34a71ad12497283ad2fe3f.jpg?ver=1777705770","contentUrl":"https:\/\/tuzlainfo.ba\/wp-content\/litespeed\/avatar\/b7920db4cc34a71ad12497283ad2fe3f.jpg?ver=1777705770","caption":"Admin Tri"},"sameAs":["https:\/\/tuzlainfo.ba"]}]}},"_links":{"self":[{"href":"https:\/\/tuzlainfo.ba\/index.php\/wp-json\/wp\/v2\/posts\/301634"}],"collection":[{"href":"https:\/\/tuzlainfo.ba\/index.php\/wp-json\/wp\/v2\/posts"}],"about":[{"href":"https:\/\/tuzlainfo.ba\/index.php\/wp-json\/wp\/v2\/types\/post"}],"author":[{"embeddable":true,"href":"https:\/\/tuzlainfo.ba\/index.php\/wp-json\/wp\/v2\/users\/8"}],"replies":[{"embeddable":true,"href":"https:\/\/tuzlainfo.ba\/index.php\/wp-json\/wp\/v2\/comments?post=301634"}],"version-history":[{"count":1,"href":"https:\/\/tuzlainfo.ba\/index.php\/wp-json\/wp\/v2\/posts\/301634\/revisions"}],"predecessor-version":[{"id":301635,"href":"https:\/\/tuzlainfo.ba\/index.php\/wp-json\/wp\/v2\/posts\/301634\/revisions\/301635"}],"wp:featuredmedia":[{"embeddable":true,"href":"https:\/\/tuzlainfo.ba\/index.php\/wp-json\/wp\/v2\/media\/77933"}],"wp:attachment":[{"href":"https:\/\/tuzlainfo.ba\/index.php\/wp-json\/wp\/v2\/media?parent=301634"}],"wp:term":[{"taxonomy":"category","embeddable":true,"href":"https:\/\/tuzlainfo.ba\/index.php\/wp-json\/wp\/v2\/categories?post=301634"},{"taxonomy":"post_tag","embeddable":true,"href":"https:\/\/tuzlainfo.ba\/index.php\/wp-json\/wp\/v2\/tags?post=301634"}],"curies":[{"name":"wp","href":"https:\/\/api.w.org\/{rel}","templated":true}]}}