{"id":301621,"date":"2026-04-29T22:02:53","date_gmt":"2026-04-29T20:02:53","guid":{"rendered":"https:\/\/tuzlainfo.ba\/?p=301621"},"modified":"2026-04-29T15:13:03","modified_gmt":"2026-04-29T13:13:03","slug":"elektrodistribucija-tuzla-planska-iskljucenja-el-energije-za-cetvrtak-30-april","status":"publish","type":"post","link":"https:\/\/tuzlainfo.ba\/index.php\/novosti\/item\/301621-elektrodistribucija-tuzla-planska-iskljucenja-el-energije-za-cetvrtak-30-april\/","title":{"rendered":"Elektrodistribucija Tuzla: Planska isklju\u010denja el. energije za \u010detvrtak 30. april"},"content":{"rendered":"<p>Zbog planiranih radova na elektrodistributivnoj mre\u017ei, u \u010detvrtak 30. aprila 2026. godine, do\u0107i \u0107e do privremenih prekida u snabdijevanju elektri\u010dnom energijom na podru\u010dju Tuzle i okolnih naselja.<\/p>\n<table class=\"table iskljucenja_tabela\">\n<tbody>\n<tr class=\"item\" data-ed=\"edtz\" data-opcina=\"tuzla\">\n<td>Tuzla<\/td>\n<td class=\"ulica\">Bir\u010danskog Odreda<\/td>\n<td>17, 67, DO52, DO7<\/td>\n<td>30.04.2026<\/td>\n<td>13:00-15:00<\/td>\n<\/tr>\n<tr class=\"item\" data-ed=\"edtz\" data-opcina=\"tuzla\">\n<td>Tuzla<\/td>\n<td class=\"ulica\">Kri\u017eani<\/td>\n<td>79<\/td>\n<td>30.04.2026<\/td>\n<td>13:00-15:00<\/td>\n<\/tr>\n<tr class=\"item\" data-ed=\"edtz\" data-opcina=\"tuzla\">\n<td>Tuzla<\/td>\n<td class=\"ulica\">Paligori\u0107i<\/td>\n<td>8, 14-16, 18, 22, 24, 26, 37, BB, DO20<\/td>\n<td>30.04.2026<\/td>\n<td>13:00-15:00<\/td>\n<\/tr>\n<tr class=\"item\" data-ed=\"edtz\" data-opcina=\"tuzla\">\n<td>Tuzla<\/td>\n<td class=\"ulica\">Put Kri\u017eani<\/td>\n<td>9, 11, 13, 15-22, 24, 26-38, 40-55, 57, 59, 61, 63-81, 83-88, 90-100, 102-110, 112-149, 151, 153, 155, 157, 161, 163, 165, 167, 171, 173, 175, 177, 179, 181, 199, 201, 203, 205, 207, 209, 211, 213, 215, 217, 219, 221, 223, 225, 227, 229, 231, 233, 235, 237, 239, 241, 245, 249, 251, 253, 255, 257, 259, 261, 263, 265, 267, 269, 271, 273, 275, 277, 279, 281, 283, 285, 287, 289, 291, 293, 295, 297, 299, 301, 303, 305, 307, 309, 311, 315, 199A, BB, DO 293, DO 31, DO 80, DO 86, DO 88, DO103, DO122, DO131, DO17, DO197, DO199, DO20, DO213, DO259, DO28, DO29, DO295, DO297, DO299, DO31, DO33, DO59, DO72, DO83, DO86, DO90<\/td>\n<td>30.04.2026<\/td>\n<td>13:00-15:00<\/td>\n<\/tr>\n<\/tbody>\n<\/table>\n<p>Gra\u0111anima se savjetuje da planiraju svoje obaveze u skladu s najavljenim terminima isklju\u010denja.\/Tuzlainfo.ba\/<\/p>\n","protected":false},"excerpt":{"rendered":"<p>Zbog planiranih radova na elektrodistributivnoj mre\u017ei, u \u010detvrtak 30. aprila 2026. godine, do\u0107i \u0107e do&hellip;<\/p>\n","protected":false},"author":4,"featured_media":170403,"comment_status":"closed","ping_status":"closed","sticky":false,"template":"","format":"standard","meta":{"_acf_changed":false,"footnotes":""},"categories":[304,12],"tags":[4379],"acf":[],"yoast_head":"<!-- This site is optimized with the Yoast SEO plugin v23.5 - https:\/\/yoast.com\/wordpress\/plugins\/seo\/ -->\n<title>Elektrodistribucija Tuzla: Planska isklju\u010denja el. energije za \u010detvrtak 30. april - TuzlaInfo.ba<\/title>\n<meta name=\"robots\" content=\"index, follow, max-snippet:-1, max-image-preview:large, max-video-preview:-1\" \/>\n<link rel=\"canonical\" href=\"https:\/\/tuzlainfo.ba\/index.php\/novosti\/item\/301621-elektrodistribucija-tuzla-planska-iskljucenja-el-energije-za-cetvrtak-30-april\/\" \/>\n<meta property=\"og:locale\" content=\"bs_BA\" \/>\n<meta property=\"og:type\" content=\"article\" \/>\n<meta property=\"og:title\" content=\"Elektrodistribucija Tuzla: Planska isklju\u010denja el. energije za \u010detvrtak 30. april - TuzlaInfo.ba\" \/>\n<meta property=\"og:description\" content=\"Zbog planiranih radova na elektrodistributivnoj mre\u017ei, u \u010detvrtak 30. aprila 2026. godine, do\u0107i \u0107e do&hellip;\" \/>\n<meta property=\"og:url\" content=\"https:\/\/tuzlainfo.ba\/index.php\/novosti\/item\/301621-elektrodistribucija-tuzla-planska-iskljucenja-el-energije-za-cetvrtak-30-april\/\" \/>\n<meta property=\"og:site_name\" content=\"TuzlaInfo.ba\" \/>\n<meta property=\"article:publisher\" content=\"https:\/\/www.facebook.com\/tuzlainfo.ba\/\" \/>\n<meta property=\"article:published_time\" content=\"2026-04-29T20:02:53+00:00\" \/>\n<meta property=\"article:modified_time\" content=\"2026-04-29T13:13:03+00:00\" \/>\n<meta property=\"og:image\" content=\"https:\/\/tuzlainfo.ba\/wp-content\/uploads\/2022\/04\/2504_elektro_planska_struja.jpg\" \/>\n\t<meta property=\"og:image:width\" content=\"1000\" \/>\n\t<meta property=\"og:image:height\" content=\"732\" \/>\n\t<meta property=\"og:image:type\" content=\"image\/jpeg\" \/>\n<meta name=\"author\" content=\"Tuzla Info\" \/>\n<meta name=\"twitter:card\" content=\"summary_large_image\" \/>\n<meta name=\"twitter:label1\" content=\"Written by\" \/>\n\t<meta name=\"twitter:data1\" content=\"Tuzla Info\" \/>\n\t<meta name=\"twitter:label2\" content=\"Est. reading time\" \/>\n\t<meta name=\"twitter:data2\" content=\"2 minute\" \/>\n<script type=\"application\/ld+json\" class=\"yoast-schema-graph\">{\"@context\":\"https:\/\/schema.org\",\"@graph\":[{\"@type\":\"Article\",\"@id\":\"https:\/\/tuzlainfo.ba\/index.php\/novosti\/item\/301621-elektrodistribucija-tuzla-planska-iskljucenja-el-energije-za-cetvrtak-30-april\/#article\",\"isPartOf\":{\"@id\":\"https:\/\/tuzlainfo.ba\/index.php\/novosti\/item\/301621-elektrodistribucija-tuzla-planska-iskljucenja-el-energije-za-cetvrtak-30-april\/\"},\"author\":{\"name\":\"Tuzla Info\",\"@id\":\"https:\/\/tuzlainfo.ba\/#\/schema\/person\/46cad4c57790cbc50781edd14870825a\"},\"headline\":\"Elektrodistribucija Tuzla: Planska isklju\u010denja el. energije za \u010detvrtak 30. april\",\"datePublished\":\"2026-04-29T20:02:53+00:00\",\"dateModified\":\"2026-04-29T13:13:03+00:00\",\"mainEntityOfPage\":{\"@id\":\"https:\/\/tuzlainfo.ba\/index.php\/novosti\/item\/301621-elektrodistribucija-tuzla-planska-iskljucenja-el-energije-za-cetvrtak-30-april\/\"},\"wordCount\":115,\"publisher\":{\"@id\":\"https:\/\/tuzlainfo.ba\/#organization\"},\"image\":{\"@id\":\"https:\/\/tuzlainfo.ba\/index.php\/novosti\/item\/301621-elektrodistribucija-tuzla-planska-iskljucenja-el-energije-za-cetvrtak-30-april\/#primaryimage\"},\"thumbnailUrl\":\"https:\/\/tuzlainfo.ba\/wp-content\/uploads\/2022\/04\/2504_elektro_planska_struja.jpg\",\"keywords\":[\"planska isklju\u010denja struje tuzla\"],\"articleSection\":[\"Istaknuto\",\"Novosti\"],\"inLanguage\":\"bs-BA\"},{\"@type\":\"WebPage\",\"@id\":\"https:\/\/tuzlainfo.ba\/index.php\/novosti\/item\/301621-elektrodistribucija-tuzla-planska-iskljucenja-el-energije-za-cetvrtak-30-april\/\",\"url\":\"https:\/\/tuzlainfo.ba\/index.php\/novosti\/item\/301621-elektrodistribucija-tuzla-planska-iskljucenja-el-energije-za-cetvrtak-30-april\/\",\"name\":\"Elektrodistribucija Tuzla: Planska isklju\u010denja el. energije za \u010detvrtak 30. april - TuzlaInfo.ba\",\"isPartOf\":{\"@id\":\"https:\/\/tuzlainfo.ba\/#website\"},\"primaryImageOfPage\":{\"@id\":\"https:\/\/tuzlainfo.ba\/index.php\/novosti\/item\/301621-elektrodistribucija-tuzla-planska-iskljucenja-el-energije-za-cetvrtak-30-april\/#primaryimage\"},\"image\":{\"@id\":\"https:\/\/tuzlainfo.ba\/index.php\/novosti\/item\/301621-elektrodistribucija-tuzla-planska-iskljucenja-el-energije-za-cetvrtak-30-april\/#primaryimage\"},\"thumbnailUrl\":\"https:\/\/tuzlainfo.ba\/wp-content\/uploads\/2022\/04\/2504_elektro_planska_struja.jpg\",\"datePublished\":\"2026-04-29T20:02:53+00:00\",\"dateModified\":\"2026-04-29T13:13:03+00:00\",\"breadcrumb\":{\"@id\":\"https:\/\/tuzlainfo.ba\/index.php\/novosti\/item\/301621-elektrodistribucija-tuzla-planska-iskljucenja-el-energije-za-cetvrtak-30-april\/#breadcrumb\"},\"inLanguage\":\"bs-BA\",\"potentialAction\":[{\"@type\":\"ReadAction\",\"target\":[\"https:\/\/tuzlainfo.ba\/index.php\/novosti\/item\/301621-elektrodistribucija-tuzla-planska-iskljucenja-el-energije-za-cetvrtak-30-april\/\"]}]},{\"@type\":\"ImageObject\",\"inLanguage\":\"bs-BA\",\"@id\":\"https:\/\/tuzlainfo.ba\/index.php\/novosti\/item\/301621-elektrodistribucija-tuzla-planska-iskljucenja-el-energije-za-cetvrtak-30-april\/#primaryimage\",\"url\":\"https:\/\/tuzlainfo.ba\/wp-content\/uploads\/2022\/04\/2504_elektro_planska_struja.jpg\",\"contentUrl\":\"https:\/\/tuzlainfo.ba\/wp-content\/uploads\/2022\/04\/2504_elektro_planska_struja.jpg\",\"width\":1000,\"height\":732},{\"@type\":\"BreadcrumbList\",\"@id\":\"https:\/\/tuzlainfo.ba\/index.php\/novosti\/item\/301621-elektrodistribucija-tuzla-planska-iskljucenja-el-energije-za-cetvrtak-30-april\/#breadcrumb\",\"itemListElement\":[{\"@type\":\"ListItem\",\"position\":1,\"name\":\"Home\",\"item\":\"https:\/\/tuzlainfo.ba\/\"},{\"@type\":\"ListItem\",\"position\":2,\"name\":\"Elektrodistribucija Tuzla: Planska isklju\u010denja el. energije za \u010detvrtak 30. april\"}]},{\"@type\":\"WebSite\",\"@id\":\"https:\/\/tuzlainfo.ba\/#website\",\"url\":\"https:\/\/tuzlainfo.ba\/\",\"name\":\"TuzlaInfo.ba\",\"description\":\"Tuzla info, gradski informator - Tuzla na dlanu\",\"publisher\":{\"@id\":\"https:\/\/tuzlainfo.ba\/#organization\"},\"potentialAction\":[{\"@type\":\"SearchAction\",\"target\":{\"@type\":\"EntryPoint\",\"urlTemplate\":\"https:\/\/tuzlainfo.ba\/?s={search_term_string}\"},\"query-input\":{\"@type\":\"PropertyValueSpecification\",\"valueRequired\":true,\"valueName\":\"search_term_string\"}}],\"inLanguage\":\"bs-BA\"},{\"@type\":\"Organization\",\"@id\":\"https:\/\/tuzlainfo.ba\/#organization\",\"name\":\"TuzlaInfo.ba\",\"url\":\"https:\/\/tuzlainfo.ba\/\",\"logo\":{\"@type\":\"ImageObject\",\"inLanguage\":\"bs-BA\",\"@id\":\"https:\/\/tuzlainfo.ba\/#\/schema\/logo\/image\/\",\"url\":\"https:\/\/tuzlainfo.ba\/wp-content\/uploads\/2021\/03\/logo-ver-3-1.png\",\"contentUrl\":\"https:\/\/tuzlainfo.ba\/wp-content\/uploads\/2021\/03\/logo-ver-3-1.png\",\"width\":350,\"height\":95,\"caption\":\"TuzlaInfo.ba\"},\"image\":{\"@id\":\"https:\/\/tuzlainfo.ba\/#\/schema\/logo\/image\/\"},\"sameAs\":[\"https:\/\/www.facebook.com\/tuzlainfo.ba\/\"]},{\"@type\":\"Person\",\"@id\":\"https:\/\/tuzlainfo.ba\/#\/schema\/person\/46cad4c57790cbc50781edd14870825a\",\"name\":\"Tuzla Info\",\"image\":{\"@type\":\"ImageObject\",\"inLanguage\":\"bs-BA\",\"@id\":\"https:\/\/tuzlainfo.ba\/#\/schema\/person\/image\/\",\"url\":\"https:\/\/tuzlainfo.ba\/wp-content\/litespeed\/avatar\/b6c453a6c38e3654f2e4416c643fc25c.jpg?ver=1777051911\",\"contentUrl\":\"https:\/\/tuzlainfo.ba\/wp-content\/litespeed\/avatar\/b6c453a6c38e3654f2e4416c643fc25c.jpg?ver=1777051911\",\"caption\":\"Tuzla Info\"}}]}<\/script>\n<!-- \/ Yoast SEO plugin. -->","yoast_head_json":{"title":"Elektrodistribucija Tuzla: Planska isklju\u010denja el. energije za \u010detvrtak 30. april - TuzlaInfo.ba","robots":{"index":"index","follow":"follow","max-snippet":"max-snippet:-1","max-image-preview":"max-image-preview:large","max-video-preview":"max-video-preview:-1"},"canonical":"https:\/\/tuzlainfo.ba\/index.php\/novosti\/item\/301621-elektrodistribucija-tuzla-planska-iskljucenja-el-energije-za-cetvrtak-30-april\/","og_locale":"bs_BA","og_type":"article","og_title":"Elektrodistribucija Tuzla: Planska isklju\u010denja el. energije za \u010detvrtak 30. april - TuzlaInfo.ba","og_description":"Zbog planiranih radova na elektrodistributivnoj mre\u017ei, u \u010detvrtak 30. aprila 2026. godine, do\u0107i \u0107e do&hellip;","og_url":"https:\/\/tuzlainfo.ba\/index.php\/novosti\/item\/301621-elektrodistribucija-tuzla-planska-iskljucenja-el-energije-za-cetvrtak-30-april\/","og_site_name":"TuzlaInfo.ba","article_publisher":"https:\/\/www.facebook.com\/tuzlainfo.ba\/","article_published_time":"2026-04-29T20:02:53+00:00","article_modified_time":"2026-04-29T13:13:03+00:00","og_image":[{"width":1000,"height":732,"url":"https:\/\/tuzlainfo.ba\/wp-content\/uploads\/2022\/04\/2504_elektro_planska_struja.jpg","type":"image\/jpeg"}],"author":"Tuzla Info","twitter_card":"summary_large_image","twitter_misc":{"Written by":"Tuzla Info","Est. reading time":"2 minute"},"schema":{"@context":"https:\/\/schema.org","@graph":[{"@type":"Article","@id":"https:\/\/tuzlainfo.ba\/index.php\/novosti\/item\/301621-elektrodistribucija-tuzla-planska-iskljucenja-el-energije-za-cetvrtak-30-april\/#article","isPartOf":{"@id":"https:\/\/tuzlainfo.ba\/index.php\/novosti\/item\/301621-elektrodistribucija-tuzla-planska-iskljucenja-el-energije-za-cetvrtak-30-april\/"},"author":{"name":"Tuzla Info","@id":"https:\/\/tuzlainfo.ba\/#\/schema\/person\/46cad4c57790cbc50781edd14870825a"},"headline":"Elektrodistribucija Tuzla: Planska isklju\u010denja el. energije za \u010detvrtak 30. april","datePublished":"2026-04-29T20:02:53+00:00","dateModified":"2026-04-29T13:13:03+00:00","mainEntityOfPage":{"@id":"https:\/\/tuzlainfo.ba\/index.php\/novosti\/item\/301621-elektrodistribucija-tuzla-planska-iskljucenja-el-energije-za-cetvrtak-30-april\/"},"wordCount":115,"publisher":{"@id":"https:\/\/tuzlainfo.ba\/#organization"},"image":{"@id":"https:\/\/tuzlainfo.ba\/index.php\/novosti\/item\/301621-elektrodistribucija-tuzla-planska-iskljucenja-el-energije-za-cetvrtak-30-april\/#primaryimage"},"thumbnailUrl":"https:\/\/tuzlainfo.ba\/wp-content\/uploads\/2022\/04\/2504_elektro_planska_struja.jpg","keywords":["planska isklju\u010denja struje tuzla"],"articleSection":["Istaknuto","Novosti"],"inLanguage":"bs-BA"},{"@type":"WebPage","@id":"https:\/\/tuzlainfo.ba\/index.php\/novosti\/item\/301621-elektrodistribucija-tuzla-planska-iskljucenja-el-energije-za-cetvrtak-30-april\/","url":"https:\/\/tuzlainfo.ba\/index.php\/novosti\/item\/301621-elektrodistribucija-tuzla-planska-iskljucenja-el-energije-za-cetvrtak-30-april\/","name":"Elektrodistribucija Tuzla: Planska isklju\u010denja el. energije za \u010detvrtak 30. april - TuzlaInfo.ba","isPartOf":{"@id":"https:\/\/tuzlainfo.ba\/#website"},"primaryImageOfPage":{"@id":"https:\/\/tuzlainfo.ba\/index.php\/novosti\/item\/301621-elektrodistribucija-tuzla-planska-iskljucenja-el-energije-za-cetvrtak-30-april\/#primaryimage"},"image":{"@id":"https:\/\/tuzlainfo.ba\/index.php\/novosti\/item\/301621-elektrodistribucija-tuzla-planska-iskljucenja-el-energije-za-cetvrtak-30-april\/#primaryimage"},"thumbnailUrl":"https:\/\/tuzlainfo.ba\/wp-content\/uploads\/2022\/04\/2504_elektro_planska_struja.jpg","datePublished":"2026-04-29T20:02:53+00:00","dateModified":"2026-04-29T13:13:03+00:00","breadcrumb":{"@id":"https:\/\/tuzlainfo.ba\/index.php\/novosti\/item\/301621-elektrodistribucija-tuzla-planska-iskljucenja-el-energije-za-cetvrtak-30-april\/#breadcrumb"},"inLanguage":"bs-BA","potentialAction":[{"@type":"ReadAction","target":["https:\/\/tuzlainfo.ba\/index.php\/novosti\/item\/301621-elektrodistribucija-tuzla-planska-iskljucenja-el-energije-za-cetvrtak-30-april\/"]}]},{"@type":"ImageObject","inLanguage":"bs-BA","@id":"https:\/\/tuzlainfo.ba\/index.php\/novosti\/item\/301621-elektrodistribucija-tuzla-planska-iskljucenja-el-energije-za-cetvrtak-30-april\/#primaryimage","url":"https:\/\/tuzlainfo.ba\/wp-content\/uploads\/2022\/04\/2504_elektro_planska_struja.jpg","contentUrl":"https:\/\/tuzlainfo.ba\/wp-content\/uploads\/2022\/04\/2504_elektro_planska_struja.jpg","width":1000,"height":732},{"@type":"BreadcrumbList","@id":"https:\/\/tuzlainfo.ba\/index.php\/novosti\/item\/301621-elektrodistribucija-tuzla-planska-iskljucenja-el-energije-za-cetvrtak-30-april\/#breadcrumb","itemListElement":[{"@type":"ListItem","position":1,"name":"Home","item":"https:\/\/tuzlainfo.ba\/"},{"@type":"ListItem","position":2,"name":"Elektrodistribucija Tuzla: Planska isklju\u010denja el. energije za \u010detvrtak 30. april"}]},{"@type":"WebSite","@id":"https:\/\/tuzlainfo.ba\/#website","url":"https:\/\/tuzlainfo.ba\/","name":"TuzlaInfo.ba","description":"Tuzla info, gradski informator - Tuzla na dlanu","publisher":{"@id":"https:\/\/tuzlainfo.ba\/#organization"},"potentialAction":[{"@type":"SearchAction","target":{"@type":"EntryPoint","urlTemplate":"https:\/\/tuzlainfo.ba\/?s={search_term_string}"},"query-input":{"@type":"PropertyValueSpecification","valueRequired":true,"valueName":"search_term_string"}}],"inLanguage":"bs-BA"},{"@type":"Organization","@id":"https:\/\/tuzlainfo.ba\/#organization","name":"TuzlaInfo.ba","url":"https:\/\/tuzlainfo.ba\/","logo":{"@type":"ImageObject","inLanguage":"bs-BA","@id":"https:\/\/tuzlainfo.ba\/#\/schema\/logo\/image\/","url":"https:\/\/tuzlainfo.ba\/wp-content\/uploads\/2021\/03\/logo-ver-3-1.png","contentUrl":"https:\/\/tuzlainfo.ba\/wp-content\/uploads\/2021\/03\/logo-ver-3-1.png","width":350,"height":95,"caption":"TuzlaInfo.ba"},"image":{"@id":"https:\/\/tuzlainfo.ba\/#\/schema\/logo\/image\/"},"sameAs":["https:\/\/www.facebook.com\/tuzlainfo.ba\/"]},{"@type":"Person","@id":"https:\/\/tuzlainfo.ba\/#\/schema\/person\/46cad4c57790cbc50781edd14870825a","name":"Tuzla Info","image":{"@type":"ImageObject","inLanguage":"bs-BA","@id":"https:\/\/tuzlainfo.ba\/#\/schema\/person\/image\/","url":"https:\/\/tuzlainfo.ba\/wp-content\/litespeed\/avatar\/b6c453a6c38e3654f2e4416c643fc25c.jpg?ver=1777051911","contentUrl":"https:\/\/tuzlainfo.ba\/wp-content\/litespeed\/avatar\/b6c453a6c38e3654f2e4416c643fc25c.jpg?ver=1777051911","caption":"Tuzla Info"}}]}},"_links":{"self":[{"href":"https:\/\/tuzlainfo.ba\/index.php\/wp-json\/wp\/v2\/posts\/301621"}],"collection":[{"href":"https:\/\/tuzlainfo.ba\/index.php\/wp-json\/wp\/v2\/posts"}],"about":[{"href":"https:\/\/tuzlainfo.ba\/index.php\/wp-json\/wp\/v2\/types\/post"}],"author":[{"embeddable":true,"href":"https:\/\/tuzlainfo.ba\/index.php\/wp-json\/wp\/v2\/users\/4"}],"replies":[{"embeddable":true,"href":"https:\/\/tuzlainfo.ba\/index.php\/wp-json\/wp\/v2\/comments?post=301621"}],"version-history":[{"count":1,"href":"https:\/\/tuzlainfo.ba\/index.php\/wp-json\/wp\/v2\/posts\/301621\/revisions"}],"predecessor-version":[{"id":301622,"href":"https:\/\/tuzlainfo.ba\/index.php\/wp-json\/wp\/v2\/posts\/301621\/revisions\/301622"}],"wp:featuredmedia":[{"embeddable":true,"href":"https:\/\/tuzlainfo.ba\/index.php\/wp-json\/wp\/v2\/media\/170403"}],"wp:attachment":[{"href":"https:\/\/tuzlainfo.ba\/index.php\/wp-json\/wp\/v2\/media?parent=301621"}],"wp:term":[{"taxonomy":"category","embeddable":true,"href":"https:\/\/tuzlainfo.ba\/index.php\/wp-json\/wp\/v2\/categories?post=301621"},{"taxonomy":"post_tag","embeddable":true,"href":"https:\/\/tuzlainfo.ba\/index.php\/wp-json\/wp\/v2\/tags?post=301621"}],"curies":[{"name":"wp","href":"https:\/\/api.w.org\/{rel}","templated":true}]}}