{"id":301596,"date":"2026-05-03T15:28:02","date_gmt":"2026-05-03T13:28:02","guid":{"rendered":"https:\/\/tuzlainfo.ba\/?p=301596"},"modified":"2026-04-29T17:45:49","modified_gmt":"2026-04-29T15:45:49","slug":"pocinje-odvoz-kabastog-otpada-u-prigradskim-zonama-tuzle","status":"publish","type":"post","link":"https:\/\/tuzlainfo.ba\/index.php\/istaknuto\/item\/301596-pocinje-odvoz-kabastog-otpada-u-prigradskim-zonama-tuzle\/","title":{"rendered":"Po\u010dinje odvoz kabastog otpada u prigradskim zonama Tuzle"},"content":{"rendered":"<p>JKP Komunalac Tuzla obavje\u0161tava gra\u0111ane prigradskih zona i korisnike individualnog na\u010dina stanovanja da sutra, 4. maja, po\u010dinje akcija odvoza krupnog i kabastog otpada. Ova akcija \u0107e trajati do 8. maja, pru\u017eaju\u0107i priliku stanovnicima prigradskih naselja da se rije\u0161e otpada koji ne spada u redovni komunalni odvoz.<\/p>\n<p>Tokom ovog perioda, gra\u0111ani \u0107e kabasti otpad mo\u0107i odlo\u017eiti pored svojih kanti za mije\u0161ani otpad. Kamioni JKP Komunalac sa posadom \u0107e potom preuzimati odlo\u017eeni otpad, osiguravaju\u0107i efikasno \u010di\u0161\u0107enje prigradskih podru\u010dja.<\/p>\n<p>\u0160ta se podrazumijeva pod kabastim otpadom?<\/p>\n<p>Pod krupnim i kabastim otpadom podrazumijevaju se predmeti koji zbog svoje veli\u010dine, koli\u010dine ili sastava ne spadaju u redovni ku\u0107ni komunalni otpad. To uklju\u010duje, ali nije ograni\u010deno na, dotrajale predmete iz doma\u0107instva, stari namje\u0161taj i dijelove sanitarne opreme.<\/p>\n<p>Va\u017eno upozorenje: Iz Komunalca su jasno pojasnili da se kabastim otpadom ne smatraju iskopi materijala, gra\u0111evinski otpad, \u0161ut, \u0161ljaka, pepeo, ostaci vozila, kao ni zeleni otpad. Molimo gra\u0111ane da se pridr\u017eavaju ovih smjernica kako bi akcija bila uspje\u0161no realizovana i kako bi se izbjegle eventualne neugodnosti.<\/p>\n<p>Za sve dodatne informacije, gra\u0111ani mogu kontaktirati JKP Komunalac Tuzla putem broja telefona 035\/302-577.<\/p>\n","protected":false},"excerpt":{"rendered":"<p>JKP Komunalac Tuzla obavje\u0161tava gra\u0111ane prigradskih zona i korisnike individualnog na\u010dina stanovanja da sutra, 4.&hellip;<\/p>\n","protected":false},"author":8,"featured_media":170851,"comment_status":"closed","ping_status":"closed","sticky":false,"template":"","format":"standard","meta":{"_acf_changed":false,"footnotes":""},"categories":[304,12],"tags":[4013,1181],"acf":[],"yoast_head":"<!-- This site is optimized with the Yoast SEO plugin v23.5 - https:\/\/yoast.com\/wordpress\/plugins\/seo\/ -->\n<title>Po\u010dinje odvoz kabastog otpada u prigradskim zonama Tuzle - TuzlaInfo.ba<\/title>\n<meta name=\"robots\" content=\"index, follow, max-snippet:-1, max-image-preview:large, max-video-preview:-1\" \/>\n<link rel=\"canonical\" href=\"https:\/\/tuzlainfo.ba\/index.php\/istaknuto\/item\/301596-pocinje-odvoz-kabastog-otpada-u-prigradskim-zonama-tuzle\/\" \/>\n<meta property=\"og:locale\" content=\"bs_BA\" \/>\n<meta property=\"og:type\" content=\"article\" \/>\n<meta property=\"og:title\" content=\"Po\u010dinje odvoz kabastog otpada u prigradskim zonama Tuzle - TuzlaInfo.ba\" \/>\n<meta property=\"og:description\" content=\"JKP Komunalac Tuzla obavje\u0161tava gra\u0111ane prigradskih zona i korisnike individualnog na\u010dina stanovanja da sutra, 4.&hellip;\" \/>\n<meta property=\"og:url\" content=\"https:\/\/tuzlainfo.ba\/index.php\/istaknuto\/item\/301596-pocinje-odvoz-kabastog-otpada-u-prigradskim-zonama-tuzle\/\" \/>\n<meta property=\"og:site_name\" content=\"TuzlaInfo.ba\" \/>\n<meta property=\"article:publisher\" content=\"https:\/\/www.facebook.com\/tuzlainfo.ba\/\" \/>\n<meta property=\"article:published_time\" content=\"2026-05-03T13:28:02+00:00\" \/>\n<meta property=\"article:modified_time\" content=\"2026-04-29T15:45:49+00:00\" \/>\n<meta property=\"og:image\" content=\"https:\/\/tuzlainfo.ba\/wp-content\/uploads\/2022\/04\/3004_kabasti_otpad.jpg\" \/>\n\t<meta property=\"og:image:width\" content=\"1000\" \/>\n\t<meta property=\"og:image:height\" content=\"680\" \/>\n\t<meta property=\"og:image:type\" content=\"image\/jpeg\" \/>\n<meta name=\"author\" content=\"Admin Tri\" \/>\n<meta name=\"twitter:card\" content=\"summary_large_image\" \/>\n<meta name=\"twitter:label1\" content=\"Written by\" \/>\n\t<meta name=\"twitter:data1\" content=\"Admin Tri\" \/>\n\t<meta name=\"twitter:label2\" content=\"Est. reading time\" \/>\n\t<meta name=\"twitter:data2\" content=\"2 minute\" \/>\n<script type=\"application\/ld+json\" class=\"yoast-schema-graph\">{\"@context\":\"https:\/\/schema.org\",\"@graph\":[{\"@type\":\"Article\",\"@id\":\"https:\/\/tuzlainfo.ba\/index.php\/istaknuto\/item\/301596-pocinje-odvoz-kabastog-otpada-u-prigradskim-zonama-tuzle\/#article\",\"isPartOf\":{\"@id\":\"https:\/\/tuzlainfo.ba\/index.php\/istaknuto\/item\/301596-pocinje-odvoz-kabastog-otpada-u-prigradskim-zonama-tuzle\/\"},\"author\":{\"name\":\"Admin Tri\",\"@id\":\"https:\/\/tuzlainfo.ba\/#\/schema\/person\/593e78a2f6378c5ba3e7600ecfa4e63a\"},\"headline\":\"Po\u010dinje odvoz kabastog otpada u prigradskim zonama Tuzle\",\"datePublished\":\"2026-05-03T13:28:02+00:00\",\"dateModified\":\"2026-04-29T15:45:49+00:00\",\"mainEntityOfPage\":{\"@id\":\"https:\/\/tuzlainfo.ba\/index.php\/istaknuto\/item\/301596-pocinje-odvoz-kabastog-otpada-u-prigradskim-zonama-tuzle\/\"},\"wordCount\":215,\"publisher\":{\"@id\":\"https:\/\/tuzlainfo.ba\/#organization\"},\"image\":{\"@id\":\"https:\/\/tuzlainfo.ba\/index.php\/istaknuto\/item\/301596-pocinje-odvoz-kabastog-otpada-u-prigradskim-zonama-tuzle\/#primaryimage\"},\"thumbnailUrl\":\"https:\/\/tuzlainfo.ba\/wp-content\/uploads\/2022\/04\/3004_kabasti_otpad.jpg\",\"keywords\":[\"kabasti otpad\",\"komunalac\"],\"articleSection\":[\"Istaknuto\",\"Novosti\"],\"inLanguage\":\"bs-BA\"},{\"@type\":\"WebPage\",\"@id\":\"https:\/\/tuzlainfo.ba\/index.php\/istaknuto\/item\/301596-pocinje-odvoz-kabastog-otpada-u-prigradskim-zonama-tuzle\/\",\"url\":\"https:\/\/tuzlainfo.ba\/index.php\/istaknuto\/item\/301596-pocinje-odvoz-kabastog-otpada-u-prigradskim-zonama-tuzle\/\",\"name\":\"Po\u010dinje odvoz kabastog otpada u prigradskim zonama Tuzle - TuzlaInfo.ba\",\"isPartOf\":{\"@id\":\"https:\/\/tuzlainfo.ba\/#website\"},\"primaryImageOfPage\":{\"@id\":\"https:\/\/tuzlainfo.ba\/index.php\/istaknuto\/item\/301596-pocinje-odvoz-kabastog-otpada-u-prigradskim-zonama-tuzle\/#primaryimage\"},\"image\":{\"@id\":\"https:\/\/tuzlainfo.ba\/index.php\/istaknuto\/item\/301596-pocinje-odvoz-kabastog-otpada-u-prigradskim-zonama-tuzle\/#primaryimage\"},\"thumbnailUrl\":\"https:\/\/tuzlainfo.ba\/wp-content\/uploads\/2022\/04\/3004_kabasti_otpad.jpg\",\"datePublished\":\"2026-05-03T13:28:02+00:00\",\"dateModified\":\"2026-04-29T15:45:49+00:00\",\"breadcrumb\":{\"@id\":\"https:\/\/tuzlainfo.ba\/index.php\/istaknuto\/item\/301596-pocinje-odvoz-kabastog-otpada-u-prigradskim-zonama-tuzle\/#breadcrumb\"},\"inLanguage\":\"bs-BA\",\"potentialAction\":[{\"@type\":\"ReadAction\",\"target\":[\"https:\/\/tuzlainfo.ba\/index.php\/istaknuto\/item\/301596-pocinje-odvoz-kabastog-otpada-u-prigradskim-zonama-tuzle\/\"]}]},{\"@type\":\"ImageObject\",\"inLanguage\":\"bs-BA\",\"@id\":\"https:\/\/tuzlainfo.ba\/index.php\/istaknuto\/item\/301596-pocinje-odvoz-kabastog-otpada-u-prigradskim-zonama-tuzle\/#primaryimage\",\"url\":\"https:\/\/tuzlainfo.ba\/wp-content\/uploads\/2022\/04\/3004_kabasti_otpad.jpg\",\"contentUrl\":\"https:\/\/tuzlainfo.ba\/wp-content\/uploads\/2022\/04\/3004_kabasti_otpad.jpg\",\"width\":1000,\"height\":680,\"caption\":\"Foto: Tuzlainfo.ba\"},{\"@type\":\"BreadcrumbList\",\"@id\":\"https:\/\/tuzlainfo.ba\/index.php\/istaknuto\/item\/301596-pocinje-odvoz-kabastog-otpada-u-prigradskim-zonama-tuzle\/#breadcrumb\",\"itemListElement\":[{\"@type\":\"ListItem\",\"position\":1,\"name\":\"Home\",\"item\":\"https:\/\/tuzlainfo.ba\/\"},{\"@type\":\"ListItem\",\"position\":2,\"name\":\"Po\u010dinje odvoz kabastog otpada u prigradskim zonama Tuzle\"}]},{\"@type\":\"WebSite\",\"@id\":\"https:\/\/tuzlainfo.ba\/#website\",\"url\":\"https:\/\/tuzlainfo.ba\/\",\"name\":\"TuzlaInfo.ba\",\"description\":\"Tuzla info, gradski informator - Tuzla na dlanu\",\"publisher\":{\"@id\":\"https:\/\/tuzlainfo.ba\/#organization\"},\"potentialAction\":[{\"@type\":\"SearchAction\",\"target\":{\"@type\":\"EntryPoint\",\"urlTemplate\":\"https:\/\/tuzlainfo.ba\/?s={search_term_string}\"},\"query-input\":{\"@type\":\"PropertyValueSpecification\",\"valueRequired\":true,\"valueName\":\"search_term_string\"}}],\"inLanguage\":\"bs-BA\"},{\"@type\":\"Organization\",\"@id\":\"https:\/\/tuzlainfo.ba\/#organization\",\"name\":\"TuzlaInfo.ba\",\"url\":\"https:\/\/tuzlainfo.ba\/\",\"logo\":{\"@type\":\"ImageObject\",\"inLanguage\":\"bs-BA\",\"@id\":\"https:\/\/tuzlainfo.ba\/#\/schema\/logo\/image\/\",\"url\":\"https:\/\/tuzlainfo.ba\/wp-content\/uploads\/2021\/03\/logo-ver-3-1.png\",\"contentUrl\":\"https:\/\/tuzlainfo.ba\/wp-content\/uploads\/2021\/03\/logo-ver-3-1.png\",\"width\":350,\"height\":95,\"caption\":\"TuzlaInfo.ba\"},\"image\":{\"@id\":\"https:\/\/tuzlainfo.ba\/#\/schema\/logo\/image\/\"},\"sameAs\":[\"https:\/\/www.facebook.com\/tuzlainfo.ba\/\"]},{\"@type\":\"Person\",\"@id\":\"https:\/\/tuzlainfo.ba\/#\/schema\/person\/593e78a2f6378c5ba3e7600ecfa4e63a\",\"name\":\"Admin Tri\",\"image\":{\"@type\":\"ImageObject\",\"inLanguage\":\"bs-BA\",\"@id\":\"https:\/\/tuzlainfo.ba\/#\/schema\/person\/image\/\",\"url\":\"https:\/\/tuzlainfo.ba\/wp-content\/litespeed\/avatar\/b7920db4cc34a71ad12497283ad2fe3f.jpg?ver=1777705770\",\"contentUrl\":\"https:\/\/tuzlainfo.ba\/wp-content\/litespeed\/avatar\/b7920db4cc34a71ad12497283ad2fe3f.jpg?ver=1777705770\",\"caption\":\"Admin Tri\"},\"sameAs\":[\"https:\/\/tuzlainfo.ba\"]}]}<\/script>\n<!-- \/ Yoast SEO plugin. -->","yoast_head_json":{"title":"Po\u010dinje odvoz kabastog otpada u prigradskim zonama Tuzle - TuzlaInfo.ba","robots":{"index":"index","follow":"follow","max-snippet":"max-snippet:-1","max-image-preview":"max-image-preview:large","max-video-preview":"max-video-preview:-1"},"canonical":"https:\/\/tuzlainfo.ba\/index.php\/istaknuto\/item\/301596-pocinje-odvoz-kabastog-otpada-u-prigradskim-zonama-tuzle\/","og_locale":"bs_BA","og_type":"article","og_title":"Po\u010dinje odvoz kabastog otpada u prigradskim zonama Tuzle - TuzlaInfo.ba","og_description":"JKP Komunalac Tuzla obavje\u0161tava gra\u0111ane prigradskih zona i korisnike individualnog na\u010dina stanovanja da sutra, 4.&hellip;","og_url":"https:\/\/tuzlainfo.ba\/index.php\/istaknuto\/item\/301596-pocinje-odvoz-kabastog-otpada-u-prigradskim-zonama-tuzle\/","og_site_name":"TuzlaInfo.ba","article_publisher":"https:\/\/www.facebook.com\/tuzlainfo.ba\/","article_published_time":"2026-05-03T13:28:02+00:00","article_modified_time":"2026-04-29T15:45:49+00:00","og_image":[{"width":1000,"height":680,"url":"https:\/\/tuzlainfo.ba\/wp-content\/uploads\/2022\/04\/3004_kabasti_otpad.jpg","type":"image\/jpeg"}],"author":"Admin Tri","twitter_card":"summary_large_image","twitter_misc":{"Written by":"Admin Tri","Est. reading time":"2 minute"},"schema":{"@context":"https:\/\/schema.org","@graph":[{"@type":"Article","@id":"https:\/\/tuzlainfo.ba\/index.php\/istaknuto\/item\/301596-pocinje-odvoz-kabastog-otpada-u-prigradskim-zonama-tuzle\/#article","isPartOf":{"@id":"https:\/\/tuzlainfo.ba\/index.php\/istaknuto\/item\/301596-pocinje-odvoz-kabastog-otpada-u-prigradskim-zonama-tuzle\/"},"author":{"name":"Admin Tri","@id":"https:\/\/tuzlainfo.ba\/#\/schema\/person\/593e78a2f6378c5ba3e7600ecfa4e63a"},"headline":"Po\u010dinje odvoz kabastog otpada u prigradskim zonama Tuzle","datePublished":"2026-05-03T13:28:02+00:00","dateModified":"2026-04-29T15:45:49+00:00","mainEntityOfPage":{"@id":"https:\/\/tuzlainfo.ba\/index.php\/istaknuto\/item\/301596-pocinje-odvoz-kabastog-otpada-u-prigradskim-zonama-tuzle\/"},"wordCount":215,"publisher":{"@id":"https:\/\/tuzlainfo.ba\/#organization"},"image":{"@id":"https:\/\/tuzlainfo.ba\/index.php\/istaknuto\/item\/301596-pocinje-odvoz-kabastog-otpada-u-prigradskim-zonama-tuzle\/#primaryimage"},"thumbnailUrl":"https:\/\/tuzlainfo.ba\/wp-content\/uploads\/2022\/04\/3004_kabasti_otpad.jpg","keywords":["kabasti otpad","komunalac"],"articleSection":["Istaknuto","Novosti"],"inLanguage":"bs-BA"},{"@type":"WebPage","@id":"https:\/\/tuzlainfo.ba\/index.php\/istaknuto\/item\/301596-pocinje-odvoz-kabastog-otpada-u-prigradskim-zonama-tuzle\/","url":"https:\/\/tuzlainfo.ba\/index.php\/istaknuto\/item\/301596-pocinje-odvoz-kabastog-otpada-u-prigradskim-zonama-tuzle\/","name":"Po\u010dinje odvoz kabastog otpada u prigradskim zonama Tuzle - TuzlaInfo.ba","isPartOf":{"@id":"https:\/\/tuzlainfo.ba\/#website"},"primaryImageOfPage":{"@id":"https:\/\/tuzlainfo.ba\/index.php\/istaknuto\/item\/301596-pocinje-odvoz-kabastog-otpada-u-prigradskim-zonama-tuzle\/#primaryimage"},"image":{"@id":"https:\/\/tuzlainfo.ba\/index.php\/istaknuto\/item\/301596-pocinje-odvoz-kabastog-otpada-u-prigradskim-zonama-tuzle\/#primaryimage"},"thumbnailUrl":"https:\/\/tuzlainfo.ba\/wp-content\/uploads\/2022\/04\/3004_kabasti_otpad.jpg","datePublished":"2026-05-03T13:28:02+00:00","dateModified":"2026-04-29T15:45:49+00:00","breadcrumb":{"@id":"https:\/\/tuzlainfo.ba\/index.php\/istaknuto\/item\/301596-pocinje-odvoz-kabastog-otpada-u-prigradskim-zonama-tuzle\/#breadcrumb"},"inLanguage":"bs-BA","potentialAction":[{"@type":"ReadAction","target":["https:\/\/tuzlainfo.ba\/index.php\/istaknuto\/item\/301596-pocinje-odvoz-kabastog-otpada-u-prigradskim-zonama-tuzle\/"]}]},{"@type":"ImageObject","inLanguage":"bs-BA","@id":"https:\/\/tuzlainfo.ba\/index.php\/istaknuto\/item\/301596-pocinje-odvoz-kabastog-otpada-u-prigradskim-zonama-tuzle\/#primaryimage","url":"https:\/\/tuzlainfo.ba\/wp-content\/uploads\/2022\/04\/3004_kabasti_otpad.jpg","contentUrl":"https:\/\/tuzlainfo.ba\/wp-content\/uploads\/2022\/04\/3004_kabasti_otpad.jpg","width":1000,"height":680,"caption":"Foto: Tuzlainfo.ba"},{"@type":"BreadcrumbList","@id":"https:\/\/tuzlainfo.ba\/index.php\/istaknuto\/item\/301596-pocinje-odvoz-kabastog-otpada-u-prigradskim-zonama-tuzle\/#breadcrumb","itemListElement":[{"@type":"ListItem","position":1,"name":"Home","item":"https:\/\/tuzlainfo.ba\/"},{"@type":"ListItem","position":2,"name":"Po\u010dinje odvoz kabastog otpada u prigradskim zonama Tuzle"}]},{"@type":"WebSite","@id":"https:\/\/tuzlainfo.ba\/#website","url":"https:\/\/tuzlainfo.ba\/","name":"TuzlaInfo.ba","description":"Tuzla info, gradski informator - Tuzla na dlanu","publisher":{"@id":"https:\/\/tuzlainfo.ba\/#organization"},"potentialAction":[{"@type":"SearchAction","target":{"@type":"EntryPoint","urlTemplate":"https:\/\/tuzlainfo.ba\/?s={search_term_string}"},"query-input":{"@type":"PropertyValueSpecification","valueRequired":true,"valueName":"search_term_string"}}],"inLanguage":"bs-BA"},{"@type":"Organization","@id":"https:\/\/tuzlainfo.ba\/#organization","name":"TuzlaInfo.ba","url":"https:\/\/tuzlainfo.ba\/","logo":{"@type":"ImageObject","inLanguage":"bs-BA","@id":"https:\/\/tuzlainfo.ba\/#\/schema\/logo\/image\/","url":"https:\/\/tuzlainfo.ba\/wp-content\/uploads\/2021\/03\/logo-ver-3-1.png","contentUrl":"https:\/\/tuzlainfo.ba\/wp-content\/uploads\/2021\/03\/logo-ver-3-1.png","width":350,"height":95,"caption":"TuzlaInfo.ba"},"image":{"@id":"https:\/\/tuzlainfo.ba\/#\/schema\/logo\/image\/"},"sameAs":["https:\/\/www.facebook.com\/tuzlainfo.ba\/"]},{"@type":"Person","@id":"https:\/\/tuzlainfo.ba\/#\/schema\/person\/593e78a2f6378c5ba3e7600ecfa4e63a","name":"Admin Tri","image":{"@type":"ImageObject","inLanguage":"bs-BA","@id":"https:\/\/tuzlainfo.ba\/#\/schema\/person\/image\/","url":"https:\/\/tuzlainfo.ba\/wp-content\/litespeed\/avatar\/b7920db4cc34a71ad12497283ad2fe3f.jpg?ver=1777705770","contentUrl":"https:\/\/tuzlainfo.ba\/wp-content\/litespeed\/avatar\/b7920db4cc34a71ad12497283ad2fe3f.jpg?ver=1777705770","caption":"Admin Tri"},"sameAs":["https:\/\/tuzlainfo.ba"]}]}},"_links":{"self":[{"href":"https:\/\/tuzlainfo.ba\/index.php\/wp-json\/wp\/v2\/posts\/301596"}],"collection":[{"href":"https:\/\/tuzlainfo.ba\/index.php\/wp-json\/wp\/v2\/posts"}],"about":[{"href":"https:\/\/tuzlainfo.ba\/index.php\/wp-json\/wp\/v2\/types\/post"}],"author":[{"embeddable":true,"href":"https:\/\/tuzlainfo.ba\/index.php\/wp-json\/wp\/v2\/users\/8"}],"replies":[{"embeddable":true,"href":"https:\/\/tuzlainfo.ba\/index.php\/wp-json\/wp\/v2\/comments?post=301596"}],"version-history":[{"count":1,"href":"https:\/\/tuzlainfo.ba\/index.php\/wp-json\/wp\/v2\/posts\/301596\/revisions"}],"predecessor-version":[{"id":301597,"href":"https:\/\/tuzlainfo.ba\/index.php\/wp-json\/wp\/v2\/posts\/301596\/revisions\/301597"}],"wp:featuredmedia":[{"embeddable":true,"href":"https:\/\/tuzlainfo.ba\/index.php\/wp-json\/wp\/v2\/media\/170851"}],"wp:attachment":[{"href":"https:\/\/tuzlainfo.ba\/index.php\/wp-json\/wp\/v2\/media?parent=301596"}],"wp:term":[{"taxonomy":"category","embeddable":true,"href":"https:\/\/tuzlainfo.ba\/index.php\/wp-json\/wp\/v2\/categories?post=301596"},{"taxonomy":"post_tag","embeddable":true,"href":"https:\/\/tuzlainfo.ba\/index.php\/wp-json\/wp\/v2\/tags?post=301596"}],"curies":[{"name":"wp","href":"https:\/\/api.w.org\/{rel}","templated":true}]}}