{"id":301562,"date":"2026-04-29T14:08:09","date_gmt":"2026-04-29T12:08:09","guid":{"rendered":"https:\/\/tuzlainfo.ba\/?p=301562"},"modified":"2026-04-29T13:51:01","modified_gmt":"2026-04-29T11:51:01","slug":"u-tuzli-odrzan-proljetni-bazar-kreativnost-i-inkluzija-na-jednom-mjestu","status":"publish","type":"post","link":"https:\/\/tuzlainfo.ba\/index.php\/novosti\/item\/301562-u-tuzli-odrzan-proljetni-bazar-kreativnost-i-inkluzija-na-jednom-mjestu\/","title":{"rendered":"U Tuzli odr\u017ean Proljetni bazar: Kreativnost i inkluzija na jednom mjestu"},"content":{"rendered":"<p>Javna ustanova Zavod za odgoj i obrazovanje osoba sa smetnjama u psihi\u010dkom i tjelesnom razvoju Tuzla danas je u svojim prostorijama u Kre\u010danskoj ulici uspje\u0161no organizovala Proljetni bazar, doga\u0111aj koji je jo\u0161 jednom pokazao koliko svjesnost, inkluzija i podr\u0161ka mogu obogatiti dru\u0161tvo.<\/p>\n<p>U periodu od 10:00 do 12:00 sati, brojni posjetioci imali su priliku u\u017eivati u bogatoj ponudi rukotvorina, umjetni\u010dkih radova, dekoracija, doma\u0107ih kola\u010da i osvje\u017eenja, koje su s puno truda, kreativnosti i ljubavi pripremili u\u010denici Zavoda zajedno sa svojim roditeljima i uposlenicima.<\/p>\n<p>Poslu\u0161ajte \u0161ta su nam o bazaru kazali pedagogica u Zavodu Esma \u010cikari\u0107, kao i roditelji i djeca.<\/p>\n<p><iframe title=\"Proljetni bazar u Zavodu za odgoj i obrazovanje osoba sa smetnjama u psihi\u010dkom i tjelesnom razvoju\" width=\"1170\" height=\"658\" src=\"https:\/\/www.youtube.com\/embed\/7-o8mTAKY7Q?feature=oembed\" frameborder=\"0\" allow=\"accelerometer; autoplay; clipboard-write; encrypted-media; gyroscope; picture-in-picture; web-share\" referrerpolicy=\"strict-origin-when-cross-origin\" allowfullscreen><\/iframe><\/p>\n<p>Proljetni bazar bio je prilika da se predstavi rad u\u010denika, njihove sposobnosti i talenati, ali i da se dodatno podigne svijest o va\u017enosti stvaranja inkluzivnog dru\u0161tva u kojem svako dijete ima priliku razvijati svoje potencijale. Kupovinom izlo\u017eenih proizvoda, gra\u0111ani su direktno podr\u017eali dalji razvoj vje\u0161tina, samopouzdanja i kreativnosti u\u010denika, pokazuju\u0107i da male geste podr\u0161ke mogu imati veliki zna\u010daj.<\/p>\n<div id=\"penci-post-gallery__92119\" class=\"penci-post-gallery-container masonry grid column-3\" data-height=\"150\" data-margin=\"3\"><div class=\"inner-gallery-masonry-container\"><div class=\"item-gallery-masonry grid\"><a class=\"\" href=\"https:\/\/tuzlainfo.ba\/wp-content\/uploads\/2026\/04\/bazar_centar-2.jpg\"><div class=\"inner-item-masonry-gallery\"><img decoding=\"async\" src=\"https:\/\/tuzlainfo.ba\/wp-content\/uploads\/2026\/04\/bazar_centar-2-585x390.jpg\" alt=\"\" title=\"bazar_centar (2)\"><\/div><\/a><\/div><div class=\"item-gallery-masonry grid\"><a class=\"\" href=\"https:\/\/tuzlainfo.ba\/wp-content\/uploads\/2026\/04\/bazar_centar-3.jpg\"><div class=\"inner-item-masonry-gallery\"><img decoding=\"async\" src=\"https:\/\/tuzlainfo.ba\/wp-content\/uploads\/2026\/04\/bazar_centar-3-585x390.jpg\" alt=\"\" title=\"bazar_centar (3)\"><\/div><\/a><\/div><div class=\"item-gallery-masonry grid\"><a class=\"\" href=\"https:\/\/tuzlainfo.ba\/wp-content\/uploads\/2026\/04\/bazar_centar-4.jpg\"><div class=\"inner-item-masonry-gallery\"><img decoding=\"async\" src=\"https:\/\/tuzlainfo.ba\/wp-content\/uploads\/2026\/04\/bazar_centar-4-585x390.jpg\" alt=\"\" title=\"bazar_centar (4)\"><\/div><\/a><\/div><div class=\"item-gallery-masonry grid\"><a class=\"\" href=\"https:\/\/tuzlainfo.ba\/wp-content\/uploads\/2026\/04\/bazar_centar-5.jpg\"><div class=\"inner-item-masonry-gallery\"><img decoding=\"async\" src=\"https:\/\/tuzlainfo.ba\/wp-content\/uploads\/2026\/04\/bazar_centar-5-585x390.jpg\" alt=\"\" title=\"bazar_centar (5)\"><\/div><\/a><\/div><div class=\"item-gallery-masonry grid\"><a class=\"\" href=\"https:\/\/tuzlainfo.ba\/wp-content\/uploads\/2026\/04\/bazar_centar-1.jpg\"><div class=\"inner-item-masonry-gallery\"><img decoding=\"async\" src=\"https:\/\/tuzlainfo.ba\/wp-content\/uploads\/2026\/04\/bazar_centar-1-585x390.jpg\" alt=\"\" title=\"bazar_centar (1)\"><\/div><\/a><\/div><\/div><\/div>\n<p>Organizatori su izrazili zadovoljstvo odzivom gra\u0111ana, nagla\u0161avaju\u0107i kako ovakvi doga\u0111aji promovi\u0161u vrijednosti razumijevanja, solidarnosti i me\u0111usobnog po\u0161tovanja.<\/p>\n<p>Dana\u0161nji Proljetni bazar protekao je u toploj i radosnoj atmosferi, ispunjen osmijesima, dru\u017eenjem i pozitivnom energijom, ostavljaju\u0107i sna\u017enu poruku da zajednica postaje bogatija kada pru\u017ea podr\u0161ku svima njenim \u010dlanovima.<\/p>\n<p>&nbsp;<\/p>\n","protected":false},"excerpt":{"rendered":"<p>Javna ustanova Zavod za odgoj i obrazovanje osoba sa smetnjama u psihi\u010dkom i tjelesnom razvoju&hellip;<\/p>\n","protected":false},"author":2,"featured_media":301569,"comment_status":"closed","ping_status":"closed","sticky":false,"template":"","format":"standard","meta":{"_acf_changed":false,"footnotes":""},"categories":[304,12],"tags":[13797,3193],"acf":[],"yoast_head":"<!-- This site is optimized with the Yoast SEO plugin v23.5 - https:\/\/yoast.com\/wordpress\/plugins\/seo\/ -->\n<title>U Tuzli odr\u017ean Proljetni bazar: Kreativnost i inkluzija na jednom mjestu - TuzlaInfo.ba<\/title>\n<meta name=\"robots\" content=\"index, follow, max-snippet:-1, max-image-preview:large, max-video-preview:-1\" \/>\n<link rel=\"canonical\" href=\"https:\/\/tuzlainfo.ba\/index.php\/novosti\/item\/301562-u-tuzli-odrzan-proljetni-bazar-kreativnost-i-inkluzija-na-jednom-mjestu\/\" \/>\n<meta property=\"og:locale\" content=\"bs_BA\" \/>\n<meta property=\"og:type\" content=\"article\" \/>\n<meta property=\"og:title\" content=\"U Tuzli odr\u017ean Proljetni bazar: Kreativnost i inkluzija na jednom mjestu - TuzlaInfo.ba\" \/>\n<meta property=\"og:description\" content=\"Javna ustanova Zavod za odgoj i obrazovanje osoba sa smetnjama u psihi\u010dkom i tjelesnom razvoju&hellip;\" \/>\n<meta property=\"og:url\" content=\"https:\/\/tuzlainfo.ba\/index.php\/novosti\/item\/301562-u-tuzli-odrzan-proljetni-bazar-kreativnost-i-inkluzija-na-jednom-mjestu\/\" \/>\n<meta property=\"og:site_name\" content=\"TuzlaInfo.ba\" \/>\n<meta property=\"article:publisher\" content=\"https:\/\/www.facebook.com\/tuzlainfo.ba\/\" \/>\n<meta property=\"article:published_time\" content=\"2026-04-29T12:08:09+00:00\" \/>\n<meta property=\"article:modified_time\" content=\"2026-04-29T11:51:01+00:00\" \/>\n<meta property=\"og:image\" content=\"https:\/\/tuzlainfo.ba\/wp-content\/uploads\/2026\/04\/2904_bazar.jpg\" \/>\n\t<meta property=\"og:image:width\" content=\"1000\" \/>\n\t<meta property=\"og:image:height\" content=\"671\" \/>\n\t<meta property=\"og:image:type\" content=\"image\/jpeg\" \/>\n<meta name=\"author\" content=\"nedim\" \/>\n<meta name=\"twitter:card\" content=\"summary_large_image\" \/>\n<meta name=\"twitter:label1\" content=\"Written by\" \/>\n\t<meta name=\"twitter:data1\" content=\"nedim\" \/>\n\t<meta name=\"twitter:label2\" content=\"Est. reading time\" \/>\n\t<meta name=\"twitter:data2\" content=\"2 minute\" \/>\n<script type=\"application\/ld+json\" class=\"yoast-schema-graph\">{\"@context\":\"https:\/\/schema.org\",\"@graph\":[{\"@type\":\"Article\",\"@id\":\"https:\/\/tuzlainfo.ba\/index.php\/novosti\/item\/301562-u-tuzli-odrzan-proljetni-bazar-kreativnost-i-inkluzija-na-jednom-mjestu\/#article\",\"isPartOf\":{\"@id\":\"https:\/\/tuzlainfo.ba\/index.php\/novosti\/item\/301562-u-tuzli-odrzan-proljetni-bazar-kreativnost-i-inkluzija-na-jednom-mjestu\/\"},\"author\":{\"name\":\"nedim\",\"@id\":\"https:\/\/tuzlainfo.ba\/#\/schema\/person\/f434e20dc27ea133923aab08451b7f7f\"},\"headline\":\"U Tuzli odr\u017ean Proljetni bazar: Kreativnost i inkluzija na jednom mjestu\",\"datePublished\":\"2026-04-29T12:08:09+00:00\",\"dateModified\":\"2026-04-29T11:51:01+00:00\",\"mainEntityOfPage\":{\"@id\":\"https:\/\/tuzlainfo.ba\/index.php\/novosti\/item\/301562-u-tuzli-odrzan-proljetni-bazar-kreativnost-i-inkluzija-na-jednom-mjestu\/\"},\"wordCount\":271,\"publisher\":{\"@id\":\"https:\/\/tuzlainfo.ba\/#organization\"},\"image\":{\"@id\":\"https:\/\/tuzlainfo.ba\/index.php\/novosti\/item\/301562-u-tuzli-odrzan-proljetni-bazar-kreativnost-i-inkluzija-na-jednom-mjestu\/#primaryimage\"},\"thumbnailUrl\":\"https:\/\/tuzlainfo.ba\/wp-content\/uploads\/2026\/04\/2904_bazar.jpg\",\"keywords\":[\"proljetni bazar\",\"Zavod za odgoj i obrazovanje osoba sa smetnjama u razvoju Tuzla\"],\"articleSection\":[\"Istaknuto\",\"Novosti\"],\"inLanguage\":\"bs-BA\"},{\"@type\":\"WebPage\",\"@id\":\"https:\/\/tuzlainfo.ba\/index.php\/novosti\/item\/301562-u-tuzli-odrzan-proljetni-bazar-kreativnost-i-inkluzija-na-jednom-mjestu\/\",\"url\":\"https:\/\/tuzlainfo.ba\/index.php\/novosti\/item\/301562-u-tuzli-odrzan-proljetni-bazar-kreativnost-i-inkluzija-na-jednom-mjestu\/\",\"name\":\"U Tuzli odr\u017ean Proljetni bazar: Kreativnost i inkluzija na jednom mjestu - TuzlaInfo.ba\",\"isPartOf\":{\"@id\":\"https:\/\/tuzlainfo.ba\/#website\"},\"primaryImageOfPage\":{\"@id\":\"https:\/\/tuzlainfo.ba\/index.php\/novosti\/item\/301562-u-tuzli-odrzan-proljetni-bazar-kreativnost-i-inkluzija-na-jednom-mjestu\/#primaryimage\"},\"image\":{\"@id\":\"https:\/\/tuzlainfo.ba\/index.php\/novosti\/item\/301562-u-tuzli-odrzan-proljetni-bazar-kreativnost-i-inkluzija-na-jednom-mjestu\/#primaryimage\"},\"thumbnailUrl\":\"https:\/\/tuzlainfo.ba\/wp-content\/uploads\/2026\/04\/2904_bazar.jpg\",\"datePublished\":\"2026-04-29T12:08:09+00:00\",\"dateModified\":\"2026-04-29T11:51:01+00:00\",\"breadcrumb\":{\"@id\":\"https:\/\/tuzlainfo.ba\/index.php\/novosti\/item\/301562-u-tuzli-odrzan-proljetni-bazar-kreativnost-i-inkluzija-na-jednom-mjestu\/#breadcrumb\"},\"inLanguage\":\"bs-BA\",\"potentialAction\":[{\"@type\":\"ReadAction\",\"target\":[\"https:\/\/tuzlainfo.ba\/index.php\/novosti\/item\/301562-u-tuzli-odrzan-proljetni-bazar-kreativnost-i-inkluzija-na-jednom-mjestu\/\"]}]},{\"@type\":\"ImageObject\",\"inLanguage\":\"bs-BA\",\"@id\":\"https:\/\/tuzlainfo.ba\/index.php\/novosti\/item\/301562-u-tuzli-odrzan-proljetni-bazar-kreativnost-i-inkluzija-na-jednom-mjestu\/#primaryimage\",\"url\":\"https:\/\/tuzlainfo.ba\/wp-content\/uploads\/2026\/04\/2904_bazar.jpg\",\"contentUrl\":\"https:\/\/tuzlainfo.ba\/wp-content\/uploads\/2026\/04\/2904_bazar.jpg\",\"width\":1000,\"height\":671},{\"@type\":\"BreadcrumbList\",\"@id\":\"https:\/\/tuzlainfo.ba\/index.php\/novosti\/item\/301562-u-tuzli-odrzan-proljetni-bazar-kreativnost-i-inkluzija-na-jednom-mjestu\/#breadcrumb\",\"itemListElement\":[{\"@type\":\"ListItem\",\"position\":1,\"name\":\"Home\",\"item\":\"https:\/\/tuzlainfo.ba\/\"},{\"@type\":\"ListItem\",\"position\":2,\"name\":\"U Tuzli odr\u017ean Proljetni bazar: Kreativnost i inkluzija na jednom mjestu\"}]},{\"@type\":\"WebSite\",\"@id\":\"https:\/\/tuzlainfo.ba\/#website\",\"url\":\"https:\/\/tuzlainfo.ba\/\",\"name\":\"TuzlaInfo.ba\",\"description\":\"Tuzla info, gradski informator - Tuzla na dlanu\",\"publisher\":{\"@id\":\"https:\/\/tuzlainfo.ba\/#organization\"},\"potentialAction\":[{\"@type\":\"SearchAction\",\"target\":{\"@type\":\"EntryPoint\",\"urlTemplate\":\"https:\/\/tuzlainfo.ba\/?s={search_term_string}\"},\"query-input\":{\"@type\":\"PropertyValueSpecification\",\"valueRequired\":true,\"valueName\":\"search_term_string\"}}],\"inLanguage\":\"bs-BA\"},{\"@type\":\"Organization\",\"@id\":\"https:\/\/tuzlainfo.ba\/#organization\",\"name\":\"TuzlaInfo.ba\",\"url\":\"https:\/\/tuzlainfo.ba\/\",\"logo\":{\"@type\":\"ImageObject\",\"inLanguage\":\"bs-BA\",\"@id\":\"https:\/\/tuzlainfo.ba\/#\/schema\/logo\/image\/\",\"url\":\"https:\/\/tuzlainfo.ba\/wp-content\/uploads\/2021\/03\/logo-ver-3-1.png\",\"contentUrl\":\"https:\/\/tuzlainfo.ba\/wp-content\/uploads\/2021\/03\/logo-ver-3-1.png\",\"width\":350,\"height\":95,\"caption\":\"TuzlaInfo.ba\"},\"image\":{\"@id\":\"https:\/\/tuzlainfo.ba\/#\/schema\/logo\/image\/\"},\"sameAs\":[\"https:\/\/www.facebook.com\/tuzlainfo.ba\/\"]},{\"@type\":\"Person\",\"@id\":\"https:\/\/tuzlainfo.ba\/#\/schema\/person\/f434e20dc27ea133923aab08451b7f7f\",\"name\":\"nedim\",\"image\":{\"@type\":\"ImageObject\",\"inLanguage\":\"bs-BA\",\"@id\":\"https:\/\/tuzlainfo.ba\/#\/schema\/person\/image\/\",\"url\":\"https:\/\/tuzlainfo.ba\/wp-content\/litespeed\/avatar\/aabad687af24844af817603ac1cbdc4f.jpg?ver=1777306975\",\"contentUrl\":\"https:\/\/tuzlainfo.ba\/wp-content\/litespeed\/avatar\/aabad687af24844af817603ac1cbdc4f.jpg?ver=1777306975\",\"caption\":\"nedim\"},\"description\":\"Tuzlainfo.ba pratite na dru\u0161tvenim mre\u017eama: Facebook, Instagram i Youtube. Svoje pri\u010de, upite i fotografije \u0161aljite na na\u0161u e-mail adresu.\"}]}<\/script>\n<!-- \/ Yoast SEO plugin. -->","yoast_head_json":{"title":"U Tuzli odr\u017ean Proljetni bazar: Kreativnost i inkluzija na jednom mjestu - TuzlaInfo.ba","robots":{"index":"index","follow":"follow","max-snippet":"max-snippet:-1","max-image-preview":"max-image-preview:large","max-video-preview":"max-video-preview:-1"},"canonical":"https:\/\/tuzlainfo.ba\/index.php\/novosti\/item\/301562-u-tuzli-odrzan-proljetni-bazar-kreativnost-i-inkluzija-na-jednom-mjestu\/","og_locale":"bs_BA","og_type":"article","og_title":"U Tuzli odr\u017ean Proljetni bazar: Kreativnost i inkluzija na jednom mjestu - TuzlaInfo.ba","og_description":"Javna ustanova Zavod za odgoj i obrazovanje osoba sa smetnjama u psihi\u010dkom i tjelesnom razvoju&hellip;","og_url":"https:\/\/tuzlainfo.ba\/index.php\/novosti\/item\/301562-u-tuzli-odrzan-proljetni-bazar-kreativnost-i-inkluzija-na-jednom-mjestu\/","og_site_name":"TuzlaInfo.ba","article_publisher":"https:\/\/www.facebook.com\/tuzlainfo.ba\/","article_published_time":"2026-04-29T12:08:09+00:00","article_modified_time":"2026-04-29T11:51:01+00:00","og_image":[{"width":1000,"height":671,"url":"https:\/\/tuzlainfo.ba\/wp-content\/uploads\/2026\/04\/2904_bazar.jpg","type":"image\/jpeg"}],"author":"nedim","twitter_card":"summary_large_image","twitter_misc":{"Written by":"nedim","Est. reading time":"2 minute"},"schema":{"@context":"https:\/\/schema.org","@graph":[{"@type":"Article","@id":"https:\/\/tuzlainfo.ba\/index.php\/novosti\/item\/301562-u-tuzli-odrzan-proljetni-bazar-kreativnost-i-inkluzija-na-jednom-mjestu\/#article","isPartOf":{"@id":"https:\/\/tuzlainfo.ba\/index.php\/novosti\/item\/301562-u-tuzli-odrzan-proljetni-bazar-kreativnost-i-inkluzija-na-jednom-mjestu\/"},"author":{"name":"nedim","@id":"https:\/\/tuzlainfo.ba\/#\/schema\/person\/f434e20dc27ea133923aab08451b7f7f"},"headline":"U Tuzli odr\u017ean Proljetni bazar: Kreativnost i inkluzija na jednom mjestu","datePublished":"2026-04-29T12:08:09+00:00","dateModified":"2026-04-29T11:51:01+00:00","mainEntityOfPage":{"@id":"https:\/\/tuzlainfo.ba\/index.php\/novosti\/item\/301562-u-tuzli-odrzan-proljetni-bazar-kreativnost-i-inkluzija-na-jednom-mjestu\/"},"wordCount":271,"publisher":{"@id":"https:\/\/tuzlainfo.ba\/#organization"},"image":{"@id":"https:\/\/tuzlainfo.ba\/index.php\/novosti\/item\/301562-u-tuzli-odrzan-proljetni-bazar-kreativnost-i-inkluzija-na-jednom-mjestu\/#primaryimage"},"thumbnailUrl":"https:\/\/tuzlainfo.ba\/wp-content\/uploads\/2026\/04\/2904_bazar.jpg","keywords":["proljetni bazar","Zavod za odgoj i obrazovanje osoba sa smetnjama u razvoju Tuzla"],"articleSection":["Istaknuto","Novosti"],"inLanguage":"bs-BA"},{"@type":"WebPage","@id":"https:\/\/tuzlainfo.ba\/index.php\/novosti\/item\/301562-u-tuzli-odrzan-proljetni-bazar-kreativnost-i-inkluzija-na-jednom-mjestu\/","url":"https:\/\/tuzlainfo.ba\/index.php\/novosti\/item\/301562-u-tuzli-odrzan-proljetni-bazar-kreativnost-i-inkluzija-na-jednom-mjestu\/","name":"U Tuzli odr\u017ean Proljetni bazar: Kreativnost i inkluzija na jednom mjestu - TuzlaInfo.ba","isPartOf":{"@id":"https:\/\/tuzlainfo.ba\/#website"},"primaryImageOfPage":{"@id":"https:\/\/tuzlainfo.ba\/index.php\/novosti\/item\/301562-u-tuzli-odrzan-proljetni-bazar-kreativnost-i-inkluzija-na-jednom-mjestu\/#primaryimage"},"image":{"@id":"https:\/\/tuzlainfo.ba\/index.php\/novosti\/item\/301562-u-tuzli-odrzan-proljetni-bazar-kreativnost-i-inkluzija-na-jednom-mjestu\/#primaryimage"},"thumbnailUrl":"https:\/\/tuzlainfo.ba\/wp-content\/uploads\/2026\/04\/2904_bazar.jpg","datePublished":"2026-04-29T12:08:09+00:00","dateModified":"2026-04-29T11:51:01+00:00","breadcrumb":{"@id":"https:\/\/tuzlainfo.ba\/index.php\/novosti\/item\/301562-u-tuzli-odrzan-proljetni-bazar-kreativnost-i-inkluzija-na-jednom-mjestu\/#breadcrumb"},"inLanguage":"bs-BA","potentialAction":[{"@type":"ReadAction","target":["https:\/\/tuzlainfo.ba\/index.php\/novosti\/item\/301562-u-tuzli-odrzan-proljetni-bazar-kreativnost-i-inkluzija-na-jednom-mjestu\/"]}]},{"@type":"ImageObject","inLanguage":"bs-BA","@id":"https:\/\/tuzlainfo.ba\/index.php\/novosti\/item\/301562-u-tuzli-odrzan-proljetni-bazar-kreativnost-i-inkluzija-na-jednom-mjestu\/#primaryimage","url":"https:\/\/tuzlainfo.ba\/wp-content\/uploads\/2026\/04\/2904_bazar.jpg","contentUrl":"https:\/\/tuzlainfo.ba\/wp-content\/uploads\/2026\/04\/2904_bazar.jpg","width":1000,"height":671},{"@type":"BreadcrumbList","@id":"https:\/\/tuzlainfo.ba\/index.php\/novosti\/item\/301562-u-tuzli-odrzan-proljetni-bazar-kreativnost-i-inkluzija-na-jednom-mjestu\/#breadcrumb","itemListElement":[{"@type":"ListItem","position":1,"name":"Home","item":"https:\/\/tuzlainfo.ba\/"},{"@type":"ListItem","position":2,"name":"U Tuzli odr\u017ean Proljetni bazar: Kreativnost i inkluzija na jednom mjestu"}]},{"@type":"WebSite","@id":"https:\/\/tuzlainfo.ba\/#website","url":"https:\/\/tuzlainfo.ba\/","name":"TuzlaInfo.ba","description":"Tuzla info, gradski informator - Tuzla na dlanu","publisher":{"@id":"https:\/\/tuzlainfo.ba\/#organization"},"potentialAction":[{"@type":"SearchAction","target":{"@type":"EntryPoint","urlTemplate":"https:\/\/tuzlainfo.ba\/?s={search_term_string}"},"query-input":{"@type":"PropertyValueSpecification","valueRequired":true,"valueName":"search_term_string"}}],"inLanguage":"bs-BA"},{"@type":"Organization","@id":"https:\/\/tuzlainfo.ba\/#organization","name":"TuzlaInfo.ba","url":"https:\/\/tuzlainfo.ba\/","logo":{"@type":"ImageObject","inLanguage":"bs-BA","@id":"https:\/\/tuzlainfo.ba\/#\/schema\/logo\/image\/","url":"https:\/\/tuzlainfo.ba\/wp-content\/uploads\/2021\/03\/logo-ver-3-1.png","contentUrl":"https:\/\/tuzlainfo.ba\/wp-content\/uploads\/2021\/03\/logo-ver-3-1.png","width":350,"height":95,"caption":"TuzlaInfo.ba"},"image":{"@id":"https:\/\/tuzlainfo.ba\/#\/schema\/logo\/image\/"},"sameAs":["https:\/\/www.facebook.com\/tuzlainfo.ba\/"]},{"@type":"Person","@id":"https:\/\/tuzlainfo.ba\/#\/schema\/person\/f434e20dc27ea133923aab08451b7f7f","name":"nedim","image":{"@type":"ImageObject","inLanguage":"bs-BA","@id":"https:\/\/tuzlainfo.ba\/#\/schema\/person\/image\/","url":"https:\/\/tuzlainfo.ba\/wp-content\/litespeed\/avatar\/aabad687af24844af817603ac1cbdc4f.jpg?ver=1777306975","contentUrl":"https:\/\/tuzlainfo.ba\/wp-content\/litespeed\/avatar\/aabad687af24844af817603ac1cbdc4f.jpg?ver=1777306975","caption":"nedim"},"description":"Tuzlainfo.ba pratite na dru\u0161tvenim mre\u017eama: Facebook, Instagram i Youtube. Svoje pri\u010de, upite i fotografije \u0161aljite na na\u0161u e-mail adresu."}]}},"_links":{"self":[{"href":"https:\/\/tuzlainfo.ba\/index.php\/wp-json\/wp\/v2\/posts\/301562"}],"collection":[{"href":"https:\/\/tuzlainfo.ba\/index.php\/wp-json\/wp\/v2\/posts"}],"about":[{"href":"https:\/\/tuzlainfo.ba\/index.php\/wp-json\/wp\/v2\/types\/post"}],"author":[{"embeddable":true,"href":"https:\/\/tuzlainfo.ba\/index.php\/wp-json\/wp\/v2\/users\/2"}],"replies":[{"embeddable":true,"href":"https:\/\/tuzlainfo.ba\/index.php\/wp-json\/wp\/v2\/comments?post=301562"}],"version-history":[{"count":2,"href":"https:\/\/tuzlainfo.ba\/index.php\/wp-json\/wp\/v2\/posts\/301562\/revisions"}],"predecessor-version":[{"id":301573,"href":"https:\/\/tuzlainfo.ba\/index.php\/wp-json\/wp\/v2\/posts\/301562\/revisions\/301573"}],"wp:featuredmedia":[{"embeddable":true,"href":"https:\/\/tuzlainfo.ba\/index.php\/wp-json\/wp\/v2\/media\/301569"}],"wp:attachment":[{"href":"https:\/\/tuzlainfo.ba\/index.php\/wp-json\/wp\/v2\/media?parent=301562"}],"wp:term":[{"taxonomy":"category","embeddable":true,"href":"https:\/\/tuzlainfo.ba\/index.php\/wp-json\/wp\/v2\/categories?post=301562"},{"taxonomy":"post_tag","embeddable":true,"href":"https:\/\/tuzlainfo.ba\/index.php\/wp-json\/wp\/v2\/tags?post=301562"}],"curies":[{"name":"wp","href":"https:\/\/api.w.org\/{rel}","templated":true}]}}