{"id":301557,"date":"2026-04-29T14:19:19","date_gmt":"2026-04-29T12:19:19","guid":{"rendered":"https:\/\/tuzlainfo.ba\/?p=301557"},"modified":"2026-04-29T13:21:04","modified_gmt":"2026-04-29T11:21:04","slug":"sud-odredio-mjere-zabrane-u-predmetu-koverta","status":"publish","type":"post","link":"https:\/\/tuzlainfo.ba\/index.php\/bosna-i-hercegovina\/item\/301557-sud-odredio-mjere-zabrane-u-predmetu-koverta\/","title":{"rendered":"Sud odredio mjere zabrane u predmetu \u201eKoverta\u201c"},"content":{"rendered":"<p>Predmet \u201eKoverta\u201c dobio je novi nastavak nakon \u0161to je Op\u0107inski sud u Sarajevu, na prijedlog Tu\u017eila\u0161tva Kantona Sarajevo, odredio mjere zabrane za optu\u017eene.<\/p>\n<p>Muhamedu Ajanovi\u0107u zabranjeno je obavljanje funkcije dekana i profesora na Stomatolo\u0161kom fakultetu, kao i posje\u0107ivanje te ustanove. Zabranjeno mu je i posje\u0107ivanje Kantonalne uprave za inspekcijske poslove KS i Ministarstva za nauku, visoko obrazovanje i mlade KS, kao i kontaktiranje i sastajanje sa svjedocima.<\/p>\n<p>Dalili Hakalovi\u0107 zabranjeno je obavljanje funkcije glavne prosvjetne inspektorice Kantonalne uprave za inspekcijske poslove, posje\u0107ivanje zgrade inspekcije i Stomatolo\u0161kog fakulteta, te kontaktiranje i sastajanje sa svjedocima.<\/p>\n<p>Endi Pavi\u0107 Pe\u010denkovi\u0107 zabranjeno je obavljanje funkcije ministrice u Vladi KS, uz zabranu sastajanja i kontaktiranja sa svjedocima, dok je D\u017eeniti Vite\u0161ki\u0107 odre\u0111ena zabrana obavljanja funkcije pomo\u0107nice ministra za visoko obrazovanje, tako\u0111er uz zabranu kontakta sa svjedocima.<\/p>\n<p>\u010clanovima Upravnog odbora Univerziteta u Sarajevu izre\u010dena je zabrana obavljanja funkcija u tom tijelu, kao i zabrana sastajanja i kontaktiranja sa svjedocima.<\/p>\n<p>Sud je istovremeno odbio prijedlog Tu\u017eila\u0161tva KS da se Muhamedu Ajanovi\u0107u odrede mjere zabrane napu\u0161tanja boravi\u0161ta i putovanja, kao i oduzimanje putnih isprava.<\/p>\n<p>Iz Tu\u017eila\u0161tva Kantona Sarajevo najavili su \u017ealbu na taj dio sudskog rje\u0161enja.<\/p>\n","protected":false},"excerpt":{"rendered":"<p>Predmet \u201eKoverta\u201c dobio je novi nastavak nakon \u0161to je Op\u0107inski sud u Sarajevu, na prijedlog&hellip;<\/p>\n","protected":false},"author":8,"featured_media":83337,"comment_status":"closed","ping_status":"closed","sticky":false,"template":"","format":"standard","meta":{"_acf_changed":false,"footnotes":""},"categories":[291],"tags":[13836,1531],"acf":[],"yoast_head":"<!-- This site is optimized with the Yoast SEO plugin v23.5 - https:\/\/yoast.com\/wordpress\/plugins\/seo\/ -->\n<title>Sud odredio mjere zabrane u predmetu \u201eKoverta\u201c - TuzlaInfo.ba<\/title>\n<meta name=\"robots\" content=\"index, follow, max-snippet:-1, max-image-preview:large, max-video-preview:-1\" \/>\n<link rel=\"canonical\" href=\"https:\/\/tuzlainfo.ba\/index.php\/bosna-i-hercegovina\/item\/301557-sud-odredio-mjere-zabrane-u-predmetu-koverta\/\" \/>\n<meta property=\"og:locale\" content=\"bs_BA\" \/>\n<meta property=\"og:type\" content=\"article\" \/>\n<meta property=\"og:title\" content=\"Sud odredio mjere zabrane u predmetu \u201eKoverta\u201c - TuzlaInfo.ba\" \/>\n<meta property=\"og:description\" content=\"Predmet \u201eKoverta\u201c dobio je novi nastavak nakon \u0161to je Op\u0107inski sud u Sarajevu, na prijedlog&hellip;\" \/>\n<meta property=\"og:url\" content=\"https:\/\/tuzlainfo.ba\/index.php\/bosna-i-hercegovina\/item\/301557-sud-odredio-mjere-zabrane-u-predmetu-koverta\/\" \/>\n<meta property=\"og:site_name\" content=\"TuzlaInfo.ba\" \/>\n<meta property=\"article:publisher\" content=\"https:\/\/www.facebook.com\/tuzlainfo.ba\/\" \/>\n<meta property=\"article:published_time\" content=\"2026-04-29T12:19:19+00:00\" \/>\n<meta property=\"article:modified_time\" content=\"2026-04-29T11:21:04+00:00\" \/>\n<meta property=\"og:image\" content=\"https:\/\/tuzlainfo.ba\/wp-content\/uploads\/2020\/10\/sadrzaj_2020_20201001_1410-sudski-cekic.jpg\" \/>\n\t<meta property=\"og:image:width\" content=\"770\" \/>\n\t<meta property=\"og:image:height\" content=\"474\" \/>\n\t<meta property=\"og:image:type\" content=\"image\/jpeg\" \/>\n<meta name=\"author\" content=\"Admin Tri\" \/>\n<meta name=\"twitter:card\" content=\"summary_large_image\" \/>\n<meta name=\"twitter:label1\" content=\"Written by\" \/>\n\t<meta name=\"twitter:data1\" content=\"Admin Tri\" \/>\n\t<meta name=\"twitter:label2\" content=\"Est. reading time\" \/>\n\t<meta name=\"twitter:data2\" content=\"2 minute\" \/>\n<script type=\"application\/ld+json\" class=\"yoast-schema-graph\">{\"@context\":\"https:\/\/schema.org\",\"@graph\":[{\"@type\":\"Article\",\"@id\":\"https:\/\/tuzlainfo.ba\/index.php\/bosna-i-hercegovina\/item\/301557-sud-odredio-mjere-zabrane-u-predmetu-koverta\/#article\",\"isPartOf\":{\"@id\":\"https:\/\/tuzlainfo.ba\/index.php\/bosna-i-hercegovina\/item\/301557-sud-odredio-mjere-zabrane-u-predmetu-koverta\/\"},\"author\":{\"name\":\"Admin Tri\",\"@id\":\"https:\/\/tuzlainfo.ba\/#\/schema\/person\/593e78a2f6378c5ba3e7600ecfa4e63a\"},\"headline\":\"Sud odredio mjere zabrane u predmetu \u201eKoverta\u201c\",\"datePublished\":\"2026-04-29T12:19:19+00:00\",\"dateModified\":\"2026-04-29T11:21:04+00:00\",\"mainEntityOfPage\":{\"@id\":\"https:\/\/tuzlainfo.ba\/index.php\/bosna-i-hercegovina\/item\/301557-sud-odredio-mjere-zabrane-u-predmetu-koverta\/\"},\"wordCount\":219,\"publisher\":{\"@id\":\"https:\/\/tuzlainfo.ba\/#organization\"},\"image\":{\"@id\":\"https:\/\/tuzlainfo.ba\/index.php\/bosna-i-hercegovina\/item\/301557-sud-odredio-mjere-zabrane-u-predmetu-koverta\/#primaryimage\"},\"thumbnailUrl\":\"https:\/\/tuzlainfo.ba\/wp-content\/uploads\/2020\/10\/sadrzaj_2020_20201001_1410-sudski-cekic.jpg\",\"keywords\":[\"koverta\",\"sud\"],\"articleSection\":[\"Bosna i Hercegovina\"],\"inLanguage\":\"bs-BA\"},{\"@type\":\"WebPage\",\"@id\":\"https:\/\/tuzlainfo.ba\/index.php\/bosna-i-hercegovina\/item\/301557-sud-odredio-mjere-zabrane-u-predmetu-koverta\/\",\"url\":\"https:\/\/tuzlainfo.ba\/index.php\/bosna-i-hercegovina\/item\/301557-sud-odredio-mjere-zabrane-u-predmetu-koverta\/\",\"name\":\"Sud odredio mjere zabrane u predmetu \u201eKoverta\u201c - TuzlaInfo.ba\",\"isPartOf\":{\"@id\":\"https:\/\/tuzlainfo.ba\/#website\"},\"primaryImageOfPage\":{\"@id\":\"https:\/\/tuzlainfo.ba\/index.php\/bosna-i-hercegovina\/item\/301557-sud-odredio-mjere-zabrane-u-predmetu-koverta\/#primaryimage\"},\"image\":{\"@id\":\"https:\/\/tuzlainfo.ba\/index.php\/bosna-i-hercegovina\/item\/301557-sud-odredio-mjere-zabrane-u-predmetu-koverta\/#primaryimage\"},\"thumbnailUrl\":\"https:\/\/tuzlainfo.ba\/wp-content\/uploads\/2020\/10\/sadrzaj_2020_20201001_1410-sudski-cekic.jpg\",\"datePublished\":\"2026-04-29T12:19:19+00:00\",\"dateModified\":\"2026-04-29T11:21:04+00:00\",\"breadcrumb\":{\"@id\":\"https:\/\/tuzlainfo.ba\/index.php\/bosna-i-hercegovina\/item\/301557-sud-odredio-mjere-zabrane-u-predmetu-koverta\/#breadcrumb\"},\"inLanguage\":\"bs-BA\",\"potentialAction\":[{\"@type\":\"ReadAction\",\"target\":[\"https:\/\/tuzlainfo.ba\/index.php\/bosna-i-hercegovina\/item\/301557-sud-odredio-mjere-zabrane-u-predmetu-koverta\/\"]}]},{\"@type\":\"ImageObject\",\"inLanguage\":\"bs-BA\",\"@id\":\"https:\/\/tuzlainfo.ba\/index.php\/bosna-i-hercegovina\/item\/301557-sud-odredio-mjere-zabrane-u-predmetu-koverta\/#primaryimage\",\"url\":\"https:\/\/tuzlainfo.ba\/wp-content\/uploads\/2020\/10\/sadrzaj_2020_20201001_1410-sudski-cekic.jpg\",\"contentUrl\":\"https:\/\/tuzlainfo.ba\/wp-content\/uploads\/2020\/10\/sadrzaj_2020_20201001_1410-sudski-cekic.jpg\",\"width\":770,\"height\":474,\"caption\":\"1410 sudski cekic\"},{\"@type\":\"BreadcrumbList\",\"@id\":\"https:\/\/tuzlainfo.ba\/index.php\/bosna-i-hercegovina\/item\/301557-sud-odredio-mjere-zabrane-u-predmetu-koverta\/#breadcrumb\",\"itemListElement\":[{\"@type\":\"ListItem\",\"position\":1,\"name\":\"Home\",\"item\":\"https:\/\/tuzlainfo.ba\/\"},{\"@type\":\"ListItem\",\"position\":2,\"name\":\"Sud odredio mjere zabrane u predmetu \u201eKoverta\u201c\"}]},{\"@type\":\"WebSite\",\"@id\":\"https:\/\/tuzlainfo.ba\/#website\",\"url\":\"https:\/\/tuzlainfo.ba\/\",\"name\":\"TuzlaInfo.ba\",\"description\":\"Tuzla info, gradski informator - Tuzla na dlanu\",\"publisher\":{\"@id\":\"https:\/\/tuzlainfo.ba\/#organization\"},\"potentialAction\":[{\"@type\":\"SearchAction\",\"target\":{\"@type\":\"EntryPoint\",\"urlTemplate\":\"https:\/\/tuzlainfo.ba\/?s={search_term_string}\"},\"query-input\":{\"@type\":\"PropertyValueSpecification\",\"valueRequired\":true,\"valueName\":\"search_term_string\"}}],\"inLanguage\":\"bs-BA\"},{\"@type\":\"Organization\",\"@id\":\"https:\/\/tuzlainfo.ba\/#organization\",\"name\":\"TuzlaInfo.ba\",\"url\":\"https:\/\/tuzlainfo.ba\/\",\"logo\":{\"@type\":\"ImageObject\",\"inLanguage\":\"bs-BA\",\"@id\":\"https:\/\/tuzlainfo.ba\/#\/schema\/logo\/image\/\",\"url\":\"https:\/\/tuzlainfo.ba\/wp-content\/uploads\/2021\/03\/logo-ver-3-1.png\",\"contentUrl\":\"https:\/\/tuzlainfo.ba\/wp-content\/uploads\/2021\/03\/logo-ver-3-1.png\",\"width\":350,\"height\":95,\"caption\":\"TuzlaInfo.ba\"},\"image\":{\"@id\":\"https:\/\/tuzlainfo.ba\/#\/schema\/logo\/image\/\"},\"sameAs\":[\"https:\/\/www.facebook.com\/tuzlainfo.ba\/\"]},{\"@type\":\"Person\",\"@id\":\"https:\/\/tuzlainfo.ba\/#\/schema\/person\/593e78a2f6378c5ba3e7600ecfa4e63a\",\"name\":\"Admin Tri\",\"image\":{\"@type\":\"ImageObject\",\"inLanguage\":\"bs-BA\",\"@id\":\"https:\/\/tuzlainfo.ba\/#\/schema\/person\/image\/\",\"url\":\"https:\/\/tuzlainfo.ba\/wp-content\/litespeed\/avatar\/b7920db4cc34a71ad12497283ad2fe3f.jpg?ver=1777100914\",\"contentUrl\":\"https:\/\/tuzlainfo.ba\/wp-content\/litespeed\/avatar\/b7920db4cc34a71ad12497283ad2fe3f.jpg?ver=1777100914\",\"caption\":\"Admin Tri\"},\"sameAs\":[\"https:\/\/tuzlainfo.ba\"]}]}<\/script>\n<!-- \/ Yoast SEO plugin. -->","yoast_head_json":{"title":"Sud odredio mjere zabrane u predmetu \u201eKoverta\u201c - TuzlaInfo.ba","robots":{"index":"index","follow":"follow","max-snippet":"max-snippet:-1","max-image-preview":"max-image-preview:large","max-video-preview":"max-video-preview:-1"},"canonical":"https:\/\/tuzlainfo.ba\/index.php\/bosna-i-hercegovina\/item\/301557-sud-odredio-mjere-zabrane-u-predmetu-koverta\/","og_locale":"bs_BA","og_type":"article","og_title":"Sud odredio mjere zabrane u predmetu \u201eKoverta\u201c - TuzlaInfo.ba","og_description":"Predmet \u201eKoverta\u201c dobio je novi nastavak nakon \u0161to je Op\u0107inski sud u Sarajevu, na prijedlog&hellip;","og_url":"https:\/\/tuzlainfo.ba\/index.php\/bosna-i-hercegovina\/item\/301557-sud-odredio-mjere-zabrane-u-predmetu-koverta\/","og_site_name":"TuzlaInfo.ba","article_publisher":"https:\/\/www.facebook.com\/tuzlainfo.ba\/","article_published_time":"2026-04-29T12:19:19+00:00","article_modified_time":"2026-04-29T11:21:04+00:00","og_image":[{"width":770,"height":474,"url":"https:\/\/tuzlainfo.ba\/wp-content\/uploads\/2020\/10\/sadrzaj_2020_20201001_1410-sudski-cekic.jpg","type":"image\/jpeg"}],"author":"Admin Tri","twitter_card":"summary_large_image","twitter_misc":{"Written by":"Admin Tri","Est. reading time":"2 minute"},"schema":{"@context":"https:\/\/schema.org","@graph":[{"@type":"Article","@id":"https:\/\/tuzlainfo.ba\/index.php\/bosna-i-hercegovina\/item\/301557-sud-odredio-mjere-zabrane-u-predmetu-koverta\/#article","isPartOf":{"@id":"https:\/\/tuzlainfo.ba\/index.php\/bosna-i-hercegovina\/item\/301557-sud-odredio-mjere-zabrane-u-predmetu-koverta\/"},"author":{"name":"Admin Tri","@id":"https:\/\/tuzlainfo.ba\/#\/schema\/person\/593e78a2f6378c5ba3e7600ecfa4e63a"},"headline":"Sud odredio mjere zabrane u predmetu \u201eKoverta\u201c","datePublished":"2026-04-29T12:19:19+00:00","dateModified":"2026-04-29T11:21:04+00:00","mainEntityOfPage":{"@id":"https:\/\/tuzlainfo.ba\/index.php\/bosna-i-hercegovina\/item\/301557-sud-odredio-mjere-zabrane-u-predmetu-koverta\/"},"wordCount":219,"publisher":{"@id":"https:\/\/tuzlainfo.ba\/#organization"},"image":{"@id":"https:\/\/tuzlainfo.ba\/index.php\/bosna-i-hercegovina\/item\/301557-sud-odredio-mjere-zabrane-u-predmetu-koverta\/#primaryimage"},"thumbnailUrl":"https:\/\/tuzlainfo.ba\/wp-content\/uploads\/2020\/10\/sadrzaj_2020_20201001_1410-sudski-cekic.jpg","keywords":["koverta","sud"],"articleSection":["Bosna i Hercegovina"],"inLanguage":"bs-BA"},{"@type":"WebPage","@id":"https:\/\/tuzlainfo.ba\/index.php\/bosna-i-hercegovina\/item\/301557-sud-odredio-mjere-zabrane-u-predmetu-koverta\/","url":"https:\/\/tuzlainfo.ba\/index.php\/bosna-i-hercegovina\/item\/301557-sud-odredio-mjere-zabrane-u-predmetu-koverta\/","name":"Sud odredio mjere zabrane u predmetu \u201eKoverta\u201c - TuzlaInfo.ba","isPartOf":{"@id":"https:\/\/tuzlainfo.ba\/#website"},"primaryImageOfPage":{"@id":"https:\/\/tuzlainfo.ba\/index.php\/bosna-i-hercegovina\/item\/301557-sud-odredio-mjere-zabrane-u-predmetu-koverta\/#primaryimage"},"image":{"@id":"https:\/\/tuzlainfo.ba\/index.php\/bosna-i-hercegovina\/item\/301557-sud-odredio-mjere-zabrane-u-predmetu-koverta\/#primaryimage"},"thumbnailUrl":"https:\/\/tuzlainfo.ba\/wp-content\/uploads\/2020\/10\/sadrzaj_2020_20201001_1410-sudski-cekic.jpg","datePublished":"2026-04-29T12:19:19+00:00","dateModified":"2026-04-29T11:21:04+00:00","breadcrumb":{"@id":"https:\/\/tuzlainfo.ba\/index.php\/bosna-i-hercegovina\/item\/301557-sud-odredio-mjere-zabrane-u-predmetu-koverta\/#breadcrumb"},"inLanguage":"bs-BA","potentialAction":[{"@type":"ReadAction","target":["https:\/\/tuzlainfo.ba\/index.php\/bosna-i-hercegovina\/item\/301557-sud-odredio-mjere-zabrane-u-predmetu-koverta\/"]}]},{"@type":"ImageObject","inLanguage":"bs-BA","@id":"https:\/\/tuzlainfo.ba\/index.php\/bosna-i-hercegovina\/item\/301557-sud-odredio-mjere-zabrane-u-predmetu-koverta\/#primaryimage","url":"https:\/\/tuzlainfo.ba\/wp-content\/uploads\/2020\/10\/sadrzaj_2020_20201001_1410-sudski-cekic.jpg","contentUrl":"https:\/\/tuzlainfo.ba\/wp-content\/uploads\/2020\/10\/sadrzaj_2020_20201001_1410-sudski-cekic.jpg","width":770,"height":474,"caption":"1410 sudski cekic"},{"@type":"BreadcrumbList","@id":"https:\/\/tuzlainfo.ba\/index.php\/bosna-i-hercegovina\/item\/301557-sud-odredio-mjere-zabrane-u-predmetu-koverta\/#breadcrumb","itemListElement":[{"@type":"ListItem","position":1,"name":"Home","item":"https:\/\/tuzlainfo.ba\/"},{"@type":"ListItem","position":2,"name":"Sud odredio mjere zabrane u predmetu \u201eKoverta\u201c"}]},{"@type":"WebSite","@id":"https:\/\/tuzlainfo.ba\/#website","url":"https:\/\/tuzlainfo.ba\/","name":"TuzlaInfo.ba","description":"Tuzla info, gradski informator - Tuzla na dlanu","publisher":{"@id":"https:\/\/tuzlainfo.ba\/#organization"},"potentialAction":[{"@type":"SearchAction","target":{"@type":"EntryPoint","urlTemplate":"https:\/\/tuzlainfo.ba\/?s={search_term_string}"},"query-input":{"@type":"PropertyValueSpecification","valueRequired":true,"valueName":"search_term_string"}}],"inLanguage":"bs-BA"},{"@type":"Organization","@id":"https:\/\/tuzlainfo.ba\/#organization","name":"TuzlaInfo.ba","url":"https:\/\/tuzlainfo.ba\/","logo":{"@type":"ImageObject","inLanguage":"bs-BA","@id":"https:\/\/tuzlainfo.ba\/#\/schema\/logo\/image\/","url":"https:\/\/tuzlainfo.ba\/wp-content\/uploads\/2021\/03\/logo-ver-3-1.png","contentUrl":"https:\/\/tuzlainfo.ba\/wp-content\/uploads\/2021\/03\/logo-ver-3-1.png","width":350,"height":95,"caption":"TuzlaInfo.ba"},"image":{"@id":"https:\/\/tuzlainfo.ba\/#\/schema\/logo\/image\/"},"sameAs":["https:\/\/www.facebook.com\/tuzlainfo.ba\/"]},{"@type":"Person","@id":"https:\/\/tuzlainfo.ba\/#\/schema\/person\/593e78a2f6378c5ba3e7600ecfa4e63a","name":"Admin Tri","image":{"@type":"ImageObject","inLanguage":"bs-BA","@id":"https:\/\/tuzlainfo.ba\/#\/schema\/person\/image\/","url":"https:\/\/tuzlainfo.ba\/wp-content\/litespeed\/avatar\/b7920db4cc34a71ad12497283ad2fe3f.jpg?ver=1777100914","contentUrl":"https:\/\/tuzlainfo.ba\/wp-content\/litespeed\/avatar\/b7920db4cc34a71ad12497283ad2fe3f.jpg?ver=1777100914","caption":"Admin Tri"},"sameAs":["https:\/\/tuzlainfo.ba"]}]}},"_links":{"self":[{"href":"https:\/\/tuzlainfo.ba\/index.php\/wp-json\/wp\/v2\/posts\/301557"}],"collection":[{"href":"https:\/\/tuzlainfo.ba\/index.php\/wp-json\/wp\/v2\/posts"}],"about":[{"href":"https:\/\/tuzlainfo.ba\/index.php\/wp-json\/wp\/v2\/types\/post"}],"author":[{"embeddable":true,"href":"https:\/\/tuzlainfo.ba\/index.php\/wp-json\/wp\/v2\/users\/8"}],"replies":[{"embeddable":true,"href":"https:\/\/tuzlainfo.ba\/index.php\/wp-json\/wp\/v2\/comments?post=301557"}],"version-history":[{"count":1,"href":"https:\/\/tuzlainfo.ba\/index.php\/wp-json\/wp\/v2\/posts\/301557\/revisions"}],"predecessor-version":[{"id":301558,"href":"https:\/\/tuzlainfo.ba\/index.php\/wp-json\/wp\/v2\/posts\/301557\/revisions\/301558"}],"wp:featuredmedia":[{"embeddable":true,"href":"https:\/\/tuzlainfo.ba\/index.php\/wp-json\/wp\/v2\/media\/83337"}],"wp:attachment":[{"href":"https:\/\/tuzlainfo.ba\/index.php\/wp-json\/wp\/v2\/media?parent=301557"}],"wp:term":[{"taxonomy":"category","embeddable":true,"href":"https:\/\/tuzlainfo.ba\/index.php\/wp-json\/wp\/v2\/categories?post=301557"},{"taxonomy":"post_tag","embeddable":true,"href":"https:\/\/tuzlainfo.ba\/index.php\/wp-json\/wp\/v2\/tags?post=301557"}],"curies":[{"name":"wp","href":"https:\/\/api.w.org\/{rel}","templated":true}]}}