{"id":301552,"date":"2026-04-29T12:26:42","date_gmt":"2026-04-29T10:26:42","guid":{"rendered":"https:\/\/tuzlainfo.ba\/?p=301552"},"modified":"2026-04-29T11:59:03","modified_gmt":"2026-04-29T09:59:03","slug":"neradna-nedjelja-mijenja-odnos-radnika-prema-izborima-2026-godine","status":"publish","type":"post","link":"https:\/\/tuzlainfo.ba\/index.php\/bosna-i-hercegovina\/item\/301552-neradna-nedjelja-mijenja-odnos-radnika-prema-izborima-2026-godine\/","title":{"rendered":"Neradna nedjelja mijenja odnos radnika prema izborima 2026. godine"},"content":{"rendered":"<p>STBiH je na dana\u0161njoj press konferenciji najavio \u201ePrvomajsku akcionu sedmicu\u201c, kojom ove godine tradicionalno obilje\u017eavanje Praznika rada prerasta u niz konkretnih aktivnosti usmjerenih na polo\u017eaj radnika u trgovini i uslu\u017enim djelatnostima.<\/p>\n<p>Sindikat radnika trgovine i uslu\u017enih djelatnosti BiH ovogodi\u0161nji program fokusira na efekte neradne nedjelje iz ugla radnika, ali i na zna\u010daj radni\u010dkog glasa na Op\u0107im izborima 2026. godine.<\/p>\n<p>Predsjednica STBiH Mersiha Be\u0161irovi\u0107 poru\u010dila je da radnici ove godine nemaju alibi da ne iza\u0111u na izbore i glasaju.<\/p>\n<p>\u201cPo prvi put u historiji radnici i radnice u ovom sektoru \u0107e ovu izbornu nedjelju do\u010dekati kao neradnu. Ove godine nemamo alibi da ne iza\u0111emo na izbore. Pokrenuli smo projekat \u20182026. radnici glasaju za svoja prava\u2019, te nam je cilj da animiramo i potaknemo radnike da iza\u0111u na izbore i ponudimo iskrene podatke \u0161ta politi\u010dke partije nude i \u0161ta su do sada uradile i da oni na osnovu toga formiraju svoje mi\u0161ljenje\u201d, rekla je Be\u0161irovi\u0107.<\/p>\n<p>Govore\u0107i o rezultatima ankete koju je proveo STBiH, Be\u0161irovi\u0107 je navela da su se radnici izjasnili kako bi, nakon uvo\u0111enja neradne nedjelje u Federaciji BiH, zna\u010dajan dio njih glasao za stranke Trojke.<\/p>\n<p>\u201cAko bi sutra bili izbori, 49 posto radnika bi glasalo za stranke Trojke, pri \u010demu prednja\u010di SDP sa 27,47 posto. \u010cak 33 posto ne bi iza\u0161li na izbore, ili ne znaju za koga bi glasali. Radnici ne mogu povezati pojedince iz politi\u010dkih partija s njihovim strankama. Njih se ti\u010de neradna nedjelja i oni drugo uop\u0107e ne prate\u201d, pojasnila je Be\u0161irovi\u0107.<\/p>\n<p>Ona je naglasila da Sindikat \u017eeli zadr\u017eati politi\u010dku neutralnost, te da \u0107e se kroz projekat fokusirati na informisanje radnika i objektivnu analizu stavova politi\u010dkih aktera.<\/p>\n<p>\u201cNastojimo zadr\u017eati politi\u010dku neutralnost. Mi \u0107emo se kroz projekat fokusirati na informisanje i ponudit \u0107emo objektivnu analizu stavova na jednom dijelu na\u0161e web stranice. U sklopu prvomajskih praznika radnici se spominju u kontekstu za\u0161to ih nema na protestima. Mi smo u sindikatu razo\u010darani odzivom. Naj\u010de\u0161\u0107i odgovor je strah, jer se boje sankcija i ne smiju biti vi\u0111eni. Boje se gubitka radnih mjesta. Izlazak na izbore radnike ne ko\u0161ta ni\u0161ta\u201d, naglasila je Be\u0161irovi\u0107.<\/p>\n<p>Ovogodi\u0161nja Prvomajska akciona sedmica STBiH usmjerena je na pitanja koja su obilje\u017eila proteklu godinu za radnice i radnike u sektoru trgovine. Iz Sindikata poru\u010duju da radni\u010dka borba ne smije biti svedena samo na jedan dan, ve\u0107 mora biti dio kontinuiranog djelovanja.<\/p>\n<p>Akciona sedmica po\u010dela je Forumom \u201cNeradna nedjelja djeluje\u201d, odr\u017eanim 24. aprila u Sarajevu.<\/p>\n","protected":false},"excerpt":{"rendered":"<p>STBiH je na dana\u0161njoj press konferenciji najavio \u201ePrvomajsku akcionu sedmicu\u201c, kojom ove godine tradicionalno obilje\u017eavanje&hellip;<\/p>\n","protected":false},"author":8,"featured_media":72214,"comment_status":"closed","ping_status":"closed","sticky":false,"template":"","format":"standard","meta":{"_acf_changed":false,"footnotes":""},"categories":[291],"tags":[475,7761],"acf":[],"yoast_head":"<!-- This site is optimized with the Yoast SEO plugin v23.5 - https:\/\/yoast.com\/wordpress\/plugins\/seo\/ -->\n<title>Neradna nedjelja mijenja odnos radnika prema izborima 2026. godine - TuzlaInfo.ba<\/title>\n<meta name=\"robots\" content=\"index, follow, max-snippet:-1, max-image-preview:large, max-video-preview:-1\" \/>\n<link rel=\"canonical\" href=\"https:\/\/tuzlainfo.ba\/index.php\/bosna-i-hercegovina\/item\/301552-neradna-nedjelja-mijenja-odnos-radnika-prema-izborima-2026-godine\/\" \/>\n<meta property=\"og:locale\" content=\"bs_BA\" \/>\n<meta property=\"og:type\" content=\"article\" \/>\n<meta property=\"og:title\" content=\"Neradna nedjelja mijenja odnos radnika prema izborima 2026. godine - TuzlaInfo.ba\" \/>\n<meta property=\"og:description\" content=\"STBiH je na dana\u0161njoj press konferenciji najavio \u201ePrvomajsku akcionu sedmicu\u201c, kojom ove godine tradicionalno obilje\u017eavanje&hellip;\" \/>\n<meta property=\"og:url\" content=\"https:\/\/tuzlainfo.ba\/index.php\/bosna-i-hercegovina\/item\/301552-neradna-nedjelja-mijenja-odnos-radnika-prema-izborima-2026-godine\/\" \/>\n<meta property=\"og:site_name\" content=\"TuzlaInfo.ba\" \/>\n<meta property=\"article:publisher\" content=\"https:\/\/www.facebook.com\/tuzlainfo.ba\/\" \/>\n<meta property=\"article:published_time\" content=\"2026-04-29T10:26:42+00:00\" \/>\n<meta property=\"article:modified_time\" content=\"2026-04-29T09:59:03+00:00\" \/>\n<meta property=\"og:image\" content=\"https:\/\/tuzlainfo.ba\/wp-content\/uploads\/2019\/08\/sadrzaj_2019_20190801_0608_trgovci.jpg\" \/>\n\t<meta property=\"og:image:width\" content=\"770\" \/>\n\t<meta property=\"og:image:height\" content=\"501\" \/>\n\t<meta property=\"og:image:type\" content=\"image\/jpeg\" \/>\n<meta name=\"author\" content=\"Admin Tri\" \/>\n<meta name=\"twitter:card\" content=\"summary_large_image\" \/>\n<meta name=\"twitter:label1\" content=\"Written by\" \/>\n\t<meta name=\"twitter:data1\" content=\"Admin Tri\" \/>\n\t<meta name=\"twitter:label2\" content=\"Est. reading time\" \/>\n\t<meta name=\"twitter:data2\" content=\"3 minute\" \/>\n<script type=\"application\/ld+json\" class=\"yoast-schema-graph\">{\"@context\":\"https:\/\/schema.org\",\"@graph\":[{\"@type\":\"Article\",\"@id\":\"https:\/\/tuzlainfo.ba\/index.php\/bosna-i-hercegovina\/item\/301552-neradna-nedjelja-mijenja-odnos-radnika-prema-izborima-2026-godine\/#article\",\"isPartOf\":{\"@id\":\"https:\/\/tuzlainfo.ba\/index.php\/bosna-i-hercegovina\/item\/301552-neradna-nedjelja-mijenja-odnos-radnika-prema-izborima-2026-godine\/\"},\"author\":{\"name\":\"Admin Tri\",\"@id\":\"https:\/\/tuzlainfo.ba\/#\/schema\/person\/593e78a2f6378c5ba3e7600ecfa4e63a\"},\"headline\":\"Neradna nedjelja mijenja odnos radnika prema izborima 2026. godine\",\"datePublished\":\"2026-04-29T10:26:42+00:00\",\"dateModified\":\"2026-04-29T09:59:03+00:00\",\"mainEntityOfPage\":{\"@id\":\"https:\/\/tuzlainfo.ba\/index.php\/bosna-i-hercegovina\/item\/301552-neradna-nedjelja-mijenja-odnos-radnika-prema-izborima-2026-godine\/\"},\"wordCount\":446,\"publisher\":{\"@id\":\"https:\/\/tuzlainfo.ba\/#organization\"},\"image\":{\"@id\":\"https:\/\/tuzlainfo.ba\/index.php\/bosna-i-hercegovina\/item\/301552-neradna-nedjelja-mijenja-odnos-radnika-prema-izborima-2026-godine\/#primaryimage\"},\"thumbnailUrl\":\"https:\/\/tuzlainfo.ba\/wp-content\/uploads\/2019\/08\/sadrzaj_2019_20190801_0608_trgovci.jpg\",\"keywords\":[\"izbori\",\"neradna nedjelja\"],\"articleSection\":[\"Bosna i Hercegovina\"],\"inLanguage\":\"bs-BA\"},{\"@type\":\"WebPage\",\"@id\":\"https:\/\/tuzlainfo.ba\/index.php\/bosna-i-hercegovina\/item\/301552-neradna-nedjelja-mijenja-odnos-radnika-prema-izborima-2026-godine\/\",\"url\":\"https:\/\/tuzlainfo.ba\/index.php\/bosna-i-hercegovina\/item\/301552-neradna-nedjelja-mijenja-odnos-radnika-prema-izborima-2026-godine\/\",\"name\":\"Neradna nedjelja mijenja odnos radnika prema izborima 2026. godine - TuzlaInfo.ba\",\"isPartOf\":{\"@id\":\"https:\/\/tuzlainfo.ba\/#website\"},\"primaryImageOfPage\":{\"@id\":\"https:\/\/tuzlainfo.ba\/index.php\/bosna-i-hercegovina\/item\/301552-neradna-nedjelja-mijenja-odnos-radnika-prema-izborima-2026-godine\/#primaryimage\"},\"image\":{\"@id\":\"https:\/\/tuzlainfo.ba\/index.php\/bosna-i-hercegovina\/item\/301552-neradna-nedjelja-mijenja-odnos-radnika-prema-izborima-2026-godine\/#primaryimage\"},\"thumbnailUrl\":\"https:\/\/tuzlainfo.ba\/wp-content\/uploads\/2019\/08\/sadrzaj_2019_20190801_0608_trgovci.jpg\",\"datePublished\":\"2026-04-29T10:26:42+00:00\",\"dateModified\":\"2026-04-29T09:59:03+00:00\",\"breadcrumb\":{\"@id\":\"https:\/\/tuzlainfo.ba\/index.php\/bosna-i-hercegovina\/item\/301552-neradna-nedjelja-mijenja-odnos-radnika-prema-izborima-2026-godine\/#breadcrumb\"},\"inLanguage\":\"bs-BA\",\"potentialAction\":[{\"@type\":\"ReadAction\",\"target\":[\"https:\/\/tuzlainfo.ba\/index.php\/bosna-i-hercegovina\/item\/301552-neradna-nedjelja-mijenja-odnos-radnika-prema-izborima-2026-godine\/\"]}]},{\"@type\":\"ImageObject\",\"inLanguage\":\"bs-BA\",\"@id\":\"https:\/\/tuzlainfo.ba\/index.php\/bosna-i-hercegovina\/item\/301552-neradna-nedjelja-mijenja-odnos-radnika-prema-izborima-2026-godine\/#primaryimage\",\"url\":\"https:\/\/tuzlainfo.ba\/wp-content\/uploads\/2019\/08\/sadrzaj_2019_20190801_0608_trgovci.jpg\",\"contentUrl\":\"https:\/\/tuzlainfo.ba\/wp-content\/uploads\/2019\/08\/sadrzaj_2019_20190801_0608_trgovci.jpg\",\"width\":770,\"height\":501,\"caption\":\"0608 trgovci\"},{\"@type\":\"BreadcrumbList\",\"@id\":\"https:\/\/tuzlainfo.ba\/index.php\/bosna-i-hercegovina\/item\/301552-neradna-nedjelja-mijenja-odnos-radnika-prema-izborima-2026-godine\/#breadcrumb\",\"itemListElement\":[{\"@type\":\"ListItem\",\"position\":1,\"name\":\"Home\",\"item\":\"https:\/\/tuzlainfo.ba\/\"},{\"@type\":\"ListItem\",\"position\":2,\"name\":\"Neradna nedjelja mijenja odnos radnika prema izborima 2026. godine\"}]},{\"@type\":\"WebSite\",\"@id\":\"https:\/\/tuzlainfo.ba\/#website\",\"url\":\"https:\/\/tuzlainfo.ba\/\",\"name\":\"TuzlaInfo.ba\",\"description\":\"Tuzla info, gradski informator - Tuzla na dlanu\",\"publisher\":{\"@id\":\"https:\/\/tuzlainfo.ba\/#organization\"},\"potentialAction\":[{\"@type\":\"SearchAction\",\"target\":{\"@type\":\"EntryPoint\",\"urlTemplate\":\"https:\/\/tuzlainfo.ba\/?s={search_term_string}\"},\"query-input\":{\"@type\":\"PropertyValueSpecification\",\"valueRequired\":true,\"valueName\":\"search_term_string\"}}],\"inLanguage\":\"bs-BA\"},{\"@type\":\"Organization\",\"@id\":\"https:\/\/tuzlainfo.ba\/#organization\",\"name\":\"TuzlaInfo.ba\",\"url\":\"https:\/\/tuzlainfo.ba\/\",\"logo\":{\"@type\":\"ImageObject\",\"inLanguage\":\"bs-BA\",\"@id\":\"https:\/\/tuzlainfo.ba\/#\/schema\/logo\/image\/\",\"url\":\"https:\/\/tuzlainfo.ba\/wp-content\/uploads\/2021\/03\/logo-ver-3-1.png\",\"contentUrl\":\"https:\/\/tuzlainfo.ba\/wp-content\/uploads\/2021\/03\/logo-ver-3-1.png\",\"width\":350,\"height\":95,\"caption\":\"TuzlaInfo.ba\"},\"image\":{\"@id\":\"https:\/\/tuzlainfo.ba\/#\/schema\/logo\/image\/\"},\"sameAs\":[\"https:\/\/www.facebook.com\/tuzlainfo.ba\/\"]},{\"@type\":\"Person\",\"@id\":\"https:\/\/tuzlainfo.ba\/#\/schema\/person\/593e78a2f6378c5ba3e7600ecfa4e63a\",\"name\":\"Admin Tri\",\"image\":{\"@type\":\"ImageObject\",\"inLanguage\":\"bs-BA\",\"@id\":\"https:\/\/tuzlainfo.ba\/#\/schema\/person\/image\/\",\"url\":\"https:\/\/tuzlainfo.ba\/wp-content\/litespeed\/avatar\/b7920db4cc34a71ad12497283ad2fe3f.jpg?ver=1777100914\",\"contentUrl\":\"https:\/\/tuzlainfo.ba\/wp-content\/litespeed\/avatar\/b7920db4cc34a71ad12497283ad2fe3f.jpg?ver=1777100914\",\"caption\":\"Admin Tri\"},\"sameAs\":[\"https:\/\/tuzlainfo.ba\"]}]}<\/script>\n<!-- \/ Yoast SEO plugin. -->","yoast_head_json":{"title":"Neradna nedjelja mijenja odnos radnika prema izborima 2026. godine - TuzlaInfo.ba","robots":{"index":"index","follow":"follow","max-snippet":"max-snippet:-1","max-image-preview":"max-image-preview:large","max-video-preview":"max-video-preview:-1"},"canonical":"https:\/\/tuzlainfo.ba\/index.php\/bosna-i-hercegovina\/item\/301552-neradna-nedjelja-mijenja-odnos-radnika-prema-izborima-2026-godine\/","og_locale":"bs_BA","og_type":"article","og_title":"Neradna nedjelja mijenja odnos radnika prema izborima 2026. godine - TuzlaInfo.ba","og_description":"STBiH je na dana\u0161njoj press konferenciji najavio \u201ePrvomajsku akcionu sedmicu\u201c, kojom ove godine tradicionalno obilje\u017eavanje&hellip;","og_url":"https:\/\/tuzlainfo.ba\/index.php\/bosna-i-hercegovina\/item\/301552-neradna-nedjelja-mijenja-odnos-radnika-prema-izborima-2026-godine\/","og_site_name":"TuzlaInfo.ba","article_publisher":"https:\/\/www.facebook.com\/tuzlainfo.ba\/","article_published_time":"2026-04-29T10:26:42+00:00","article_modified_time":"2026-04-29T09:59:03+00:00","og_image":[{"width":770,"height":501,"url":"https:\/\/tuzlainfo.ba\/wp-content\/uploads\/2019\/08\/sadrzaj_2019_20190801_0608_trgovci.jpg","type":"image\/jpeg"}],"author":"Admin Tri","twitter_card":"summary_large_image","twitter_misc":{"Written by":"Admin Tri","Est. reading time":"3 minute"},"schema":{"@context":"https:\/\/schema.org","@graph":[{"@type":"Article","@id":"https:\/\/tuzlainfo.ba\/index.php\/bosna-i-hercegovina\/item\/301552-neradna-nedjelja-mijenja-odnos-radnika-prema-izborima-2026-godine\/#article","isPartOf":{"@id":"https:\/\/tuzlainfo.ba\/index.php\/bosna-i-hercegovina\/item\/301552-neradna-nedjelja-mijenja-odnos-radnika-prema-izborima-2026-godine\/"},"author":{"name":"Admin Tri","@id":"https:\/\/tuzlainfo.ba\/#\/schema\/person\/593e78a2f6378c5ba3e7600ecfa4e63a"},"headline":"Neradna nedjelja mijenja odnos radnika prema izborima 2026. godine","datePublished":"2026-04-29T10:26:42+00:00","dateModified":"2026-04-29T09:59:03+00:00","mainEntityOfPage":{"@id":"https:\/\/tuzlainfo.ba\/index.php\/bosna-i-hercegovina\/item\/301552-neradna-nedjelja-mijenja-odnos-radnika-prema-izborima-2026-godine\/"},"wordCount":446,"publisher":{"@id":"https:\/\/tuzlainfo.ba\/#organization"},"image":{"@id":"https:\/\/tuzlainfo.ba\/index.php\/bosna-i-hercegovina\/item\/301552-neradna-nedjelja-mijenja-odnos-radnika-prema-izborima-2026-godine\/#primaryimage"},"thumbnailUrl":"https:\/\/tuzlainfo.ba\/wp-content\/uploads\/2019\/08\/sadrzaj_2019_20190801_0608_trgovci.jpg","keywords":["izbori","neradna nedjelja"],"articleSection":["Bosna i Hercegovina"],"inLanguage":"bs-BA"},{"@type":"WebPage","@id":"https:\/\/tuzlainfo.ba\/index.php\/bosna-i-hercegovina\/item\/301552-neradna-nedjelja-mijenja-odnos-radnika-prema-izborima-2026-godine\/","url":"https:\/\/tuzlainfo.ba\/index.php\/bosna-i-hercegovina\/item\/301552-neradna-nedjelja-mijenja-odnos-radnika-prema-izborima-2026-godine\/","name":"Neradna nedjelja mijenja odnos radnika prema izborima 2026. godine - TuzlaInfo.ba","isPartOf":{"@id":"https:\/\/tuzlainfo.ba\/#website"},"primaryImageOfPage":{"@id":"https:\/\/tuzlainfo.ba\/index.php\/bosna-i-hercegovina\/item\/301552-neradna-nedjelja-mijenja-odnos-radnika-prema-izborima-2026-godine\/#primaryimage"},"image":{"@id":"https:\/\/tuzlainfo.ba\/index.php\/bosna-i-hercegovina\/item\/301552-neradna-nedjelja-mijenja-odnos-radnika-prema-izborima-2026-godine\/#primaryimage"},"thumbnailUrl":"https:\/\/tuzlainfo.ba\/wp-content\/uploads\/2019\/08\/sadrzaj_2019_20190801_0608_trgovci.jpg","datePublished":"2026-04-29T10:26:42+00:00","dateModified":"2026-04-29T09:59:03+00:00","breadcrumb":{"@id":"https:\/\/tuzlainfo.ba\/index.php\/bosna-i-hercegovina\/item\/301552-neradna-nedjelja-mijenja-odnos-radnika-prema-izborima-2026-godine\/#breadcrumb"},"inLanguage":"bs-BA","potentialAction":[{"@type":"ReadAction","target":["https:\/\/tuzlainfo.ba\/index.php\/bosna-i-hercegovina\/item\/301552-neradna-nedjelja-mijenja-odnos-radnika-prema-izborima-2026-godine\/"]}]},{"@type":"ImageObject","inLanguage":"bs-BA","@id":"https:\/\/tuzlainfo.ba\/index.php\/bosna-i-hercegovina\/item\/301552-neradna-nedjelja-mijenja-odnos-radnika-prema-izborima-2026-godine\/#primaryimage","url":"https:\/\/tuzlainfo.ba\/wp-content\/uploads\/2019\/08\/sadrzaj_2019_20190801_0608_trgovci.jpg","contentUrl":"https:\/\/tuzlainfo.ba\/wp-content\/uploads\/2019\/08\/sadrzaj_2019_20190801_0608_trgovci.jpg","width":770,"height":501,"caption":"0608 trgovci"},{"@type":"BreadcrumbList","@id":"https:\/\/tuzlainfo.ba\/index.php\/bosna-i-hercegovina\/item\/301552-neradna-nedjelja-mijenja-odnos-radnika-prema-izborima-2026-godine\/#breadcrumb","itemListElement":[{"@type":"ListItem","position":1,"name":"Home","item":"https:\/\/tuzlainfo.ba\/"},{"@type":"ListItem","position":2,"name":"Neradna nedjelja mijenja odnos radnika prema izborima 2026. godine"}]},{"@type":"WebSite","@id":"https:\/\/tuzlainfo.ba\/#website","url":"https:\/\/tuzlainfo.ba\/","name":"TuzlaInfo.ba","description":"Tuzla info, gradski informator - Tuzla na dlanu","publisher":{"@id":"https:\/\/tuzlainfo.ba\/#organization"},"potentialAction":[{"@type":"SearchAction","target":{"@type":"EntryPoint","urlTemplate":"https:\/\/tuzlainfo.ba\/?s={search_term_string}"},"query-input":{"@type":"PropertyValueSpecification","valueRequired":true,"valueName":"search_term_string"}}],"inLanguage":"bs-BA"},{"@type":"Organization","@id":"https:\/\/tuzlainfo.ba\/#organization","name":"TuzlaInfo.ba","url":"https:\/\/tuzlainfo.ba\/","logo":{"@type":"ImageObject","inLanguage":"bs-BA","@id":"https:\/\/tuzlainfo.ba\/#\/schema\/logo\/image\/","url":"https:\/\/tuzlainfo.ba\/wp-content\/uploads\/2021\/03\/logo-ver-3-1.png","contentUrl":"https:\/\/tuzlainfo.ba\/wp-content\/uploads\/2021\/03\/logo-ver-3-1.png","width":350,"height":95,"caption":"TuzlaInfo.ba"},"image":{"@id":"https:\/\/tuzlainfo.ba\/#\/schema\/logo\/image\/"},"sameAs":["https:\/\/www.facebook.com\/tuzlainfo.ba\/"]},{"@type":"Person","@id":"https:\/\/tuzlainfo.ba\/#\/schema\/person\/593e78a2f6378c5ba3e7600ecfa4e63a","name":"Admin Tri","image":{"@type":"ImageObject","inLanguage":"bs-BA","@id":"https:\/\/tuzlainfo.ba\/#\/schema\/person\/image\/","url":"https:\/\/tuzlainfo.ba\/wp-content\/litespeed\/avatar\/b7920db4cc34a71ad12497283ad2fe3f.jpg?ver=1777100914","contentUrl":"https:\/\/tuzlainfo.ba\/wp-content\/litespeed\/avatar\/b7920db4cc34a71ad12497283ad2fe3f.jpg?ver=1777100914","caption":"Admin Tri"},"sameAs":["https:\/\/tuzlainfo.ba"]}]}},"_links":{"self":[{"href":"https:\/\/tuzlainfo.ba\/index.php\/wp-json\/wp\/v2\/posts\/301552"}],"collection":[{"href":"https:\/\/tuzlainfo.ba\/index.php\/wp-json\/wp\/v2\/posts"}],"about":[{"href":"https:\/\/tuzlainfo.ba\/index.php\/wp-json\/wp\/v2\/types\/post"}],"author":[{"embeddable":true,"href":"https:\/\/tuzlainfo.ba\/index.php\/wp-json\/wp\/v2\/users\/8"}],"replies":[{"embeddable":true,"href":"https:\/\/tuzlainfo.ba\/index.php\/wp-json\/wp\/v2\/comments?post=301552"}],"version-history":[{"count":1,"href":"https:\/\/tuzlainfo.ba\/index.php\/wp-json\/wp\/v2\/posts\/301552\/revisions"}],"predecessor-version":[{"id":301553,"href":"https:\/\/tuzlainfo.ba\/index.php\/wp-json\/wp\/v2\/posts\/301552\/revisions\/301553"}],"wp:featuredmedia":[{"embeddable":true,"href":"https:\/\/tuzlainfo.ba\/index.php\/wp-json\/wp\/v2\/media\/72214"}],"wp:attachment":[{"href":"https:\/\/tuzlainfo.ba\/index.php\/wp-json\/wp\/v2\/media?parent=301552"}],"wp:term":[{"taxonomy":"category","embeddable":true,"href":"https:\/\/tuzlainfo.ba\/index.php\/wp-json\/wp\/v2\/categories?post=301552"},{"taxonomy":"post_tag","embeddable":true,"href":"https:\/\/tuzlainfo.ba\/index.php\/wp-json\/wp\/v2\/tags?post=301552"}],"curies":[{"name":"wp","href":"https:\/\/api.w.org\/{rel}","templated":true}]}}