{"id":301539,"date":"2026-04-29T12:09:00","date_gmt":"2026-04-29T10:09:00","guid":{"rendered":"https:\/\/tuzlainfo.ba\/?p=301539"},"modified":"2026-04-29T09:17:07","modified_gmt":"2026-04-29T07:17:07","slug":"sutra-u-tuzli-premijera-predstave-za-djecu-drugacije-pace","status":"publish","type":"post","link":"https:\/\/tuzlainfo.ba\/index.php\/najava-dogadaja-2\/item\/301539-sutra-u-tuzli-premijera-predstave-za-djecu-drugacije-pace\/","title":{"rendered":"Sutra u Tuzli premijera predstave za djecu \u201eDruga\u010dije pa\u010de\u201c"},"content":{"rendered":"<p>Za \u010detvrtak, 30.4.2026. godine s po\u010detkom u 17.00 i 19.00 sati na sceni Bosanskog kulturnog centra TK, Pozori\u0161te mladih Tuzle najavljuje svoju 128 premijeru pozori\u0161ne predstave. Ovaj put je rije\u010d o predstavi za djecu nastale kao rezultat rada grupe mla\u0111eg uzrasta napredne faza \u201eDramskog studija za djecu, mlade i odrasle\u201c<\/p>\n<p>Ovo je \u010darobno putovanje u svijet u kojem jedno malo pa\u010de otkriva da je razli\u010ditost zapravo najve\u0107a snaga. Inspirisana bezvremenskom bajkom \u201eRu\u017eno pa\u010de\u201c autora Hansa Christiana Andersena, predstava donosi veselu, pou\u010dnu i dirljivu pri\u010du o hrabrosti, prijateljstvu, porodici i pronala\u017eenju svog mjesta pod suncem. Kroz dje\u010diju igru, pjesmu i ples, pratimo neobi\u010dno pa\u010de koje se suo\u010dava s podsmijehom i osudom, ali ne gubi nadu. Na svom putu upoznaje nove prijatelje, prolazi kroz duhovite i uzbudljive \u00a0zgode i u\u010di da je najva\u017enije \u2013 vjerovati u sebe.<\/p>\n<p>Predstava je namijenjena djeci svih uzrasta, ali i odraslima koji \u017eele da se podsjete koliko je va\u017eno \u010duvati dobrotu i vjerovati da ljepota dolazi iznutra.<\/p>\n<p>U predstavi igra 20 polaznika uzrasta od 8 do 14 godina i to: Matinatsa Dalia Top\u010dagi\u0107, Emina Halilovi\u0107, Rusmir Bundavica, Benjamin Sejrani\u0107, Una Leli\u0107, Zerina Katani\u0107, Emir Sadikovi\u0107, Emir Gale\u0161i\u0107, Klara Babi\u0107, Edin Ferhatbegovi\u0107, Ali Tomi\u0107, Selma Imamovi\u0107, Edina Ibri\u0161imovi\u0107, Adi Muminovi\u0107, Danis Malki\u0107, Sami Mehi\u0107, Adian Imamovi\u0107, Zoja Alji\u0107, Emil \u0110ulbi\u0107 i Nora Hamovi\u0107. Pedago\u0161ki rad i re\u017eiju predstave potpisuju Tarik Dedaji\u0107, Edina Top\u010dagi\u0107 i Elma Smajilbegovi\u0107.<\/p>\n<p>Informacije i rezervacije mjesta na 061 36 56 00.<\/p>\n","protected":false},"excerpt":{"rendered":"<p>Za \u010detvrtak, 30.4.2026. godine s po\u010detkom u 17.00 i 19.00 sati na sceni Bosanskog kulturnog&hellip;<\/p>\n","protected":false},"author":4,"featured_media":301540,"comment_status":"closed","ping_status":"closed","sticky":false,"template":"","format":"standard","meta":{"_acf_changed":false,"footnotes":""},"categories":[304,11],"tags":[678,1009],"acf":[],"yoast_head":"<!-- This site is optimized with the Yoast SEO plugin v23.5 - https:\/\/yoast.com\/wordpress\/plugins\/seo\/ -->\n<title>Sutra u Tuzli premijera predstave za djecu \u201eDruga\u010dije pa\u010de\u201c - TuzlaInfo.ba<\/title>\n<meta name=\"robots\" content=\"index, follow, max-snippet:-1, max-image-preview:large, max-video-preview:-1\" \/>\n<link rel=\"canonical\" href=\"https:\/\/tuzlainfo.ba\/index.php\/najava-dogadaja-2\/item\/301539-sutra-u-tuzli-premijera-predstave-za-djecu-drugacije-pace\/\" \/>\n<meta property=\"og:locale\" content=\"bs_BA\" \/>\n<meta property=\"og:type\" content=\"article\" \/>\n<meta property=\"og:title\" content=\"Sutra u Tuzli premijera predstave za djecu \u201eDruga\u010dije pa\u010de\u201c - TuzlaInfo.ba\" \/>\n<meta property=\"og:description\" content=\"Za \u010detvrtak, 30.4.2026. godine s po\u010detkom u 17.00 i 19.00 sati na sceni Bosanskog kulturnog&hellip;\" \/>\n<meta property=\"og:url\" content=\"https:\/\/tuzlainfo.ba\/index.php\/najava-dogadaja-2\/item\/301539-sutra-u-tuzli-premijera-predstave-za-djecu-drugacije-pace\/\" \/>\n<meta property=\"og:site_name\" content=\"TuzlaInfo.ba\" \/>\n<meta property=\"article:publisher\" content=\"https:\/\/www.facebook.com\/tuzlainfo.ba\/\" \/>\n<meta property=\"article:published_time\" content=\"2026-04-29T10:09:00+00:00\" \/>\n<meta property=\"article:modified_time\" content=\"2026-04-29T07:17:07+00:00\" \/>\n<meta property=\"og:image\" content=\"https:\/\/tuzlainfo.ba\/wp-content\/uploads\/2026\/04\/DRUGACIJE-PACE-Plakat-za-drustvene-mreze.jpg\" \/>\n\t<meta property=\"og:image:width\" content=\"1536\" \/>\n\t<meta property=\"og:image:height\" content=\"1161\" \/>\n\t<meta property=\"og:image:type\" content=\"image\/jpeg\" \/>\n<meta name=\"author\" content=\"Tuzla Info\" \/>\n<meta name=\"twitter:card\" content=\"summary_large_image\" \/>\n<meta name=\"twitter:label1\" content=\"Written by\" \/>\n\t<meta name=\"twitter:data1\" content=\"Tuzla Info\" \/>\n\t<meta name=\"twitter:label2\" content=\"Est. reading time\" \/>\n\t<meta name=\"twitter:data2\" content=\"2 minute\" \/>\n<script type=\"application\/ld+json\" class=\"yoast-schema-graph\">{\"@context\":\"https:\/\/schema.org\",\"@graph\":[{\"@type\":\"Article\",\"@id\":\"https:\/\/tuzlainfo.ba\/index.php\/najava-dogadaja-2\/item\/301539-sutra-u-tuzli-premijera-predstave-za-djecu-drugacije-pace\/#article\",\"isPartOf\":{\"@id\":\"https:\/\/tuzlainfo.ba\/index.php\/najava-dogadaja-2\/item\/301539-sutra-u-tuzli-premijera-predstave-za-djecu-drugacije-pace\/\"},\"author\":{\"name\":\"Tuzla Info\",\"@id\":\"https:\/\/tuzlainfo.ba\/#\/schema\/person\/46cad4c57790cbc50781edd14870825a\"},\"headline\":\"Sutra u Tuzli premijera predstave za djecu \u201eDruga\u010dije pa\u010de\u201c\",\"datePublished\":\"2026-04-29T10:09:00+00:00\",\"dateModified\":\"2026-04-29T07:17:07+00:00\",\"mainEntityOfPage\":{\"@id\":\"https:\/\/tuzlainfo.ba\/index.php\/najava-dogadaja-2\/item\/301539-sutra-u-tuzli-premijera-predstave-za-djecu-drugacije-pace\/\"},\"wordCount\":261,\"publisher\":{\"@id\":\"https:\/\/tuzlainfo.ba\/#organization\"},\"image\":{\"@id\":\"https:\/\/tuzlainfo.ba\/index.php\/najava-dogadaja-2\/item\/301539-sutra-u-tuzli-premijera-predstave-za-djecu-drugacije-pace\/#primaryimage\"},\"thumbnailUrl\":\"https:\/\/tuzlainfo.ba\/wp-content\/uploads\/2026\/04\/DRUGACIJE-PACE-Plakat-za-drustvene-mreze.jpg\",\"keywords\":[\"pozori\u0161te mladih tuzle\",\"predstava\"],\"articleSection\":[\"Istaknuto\",\"Najave i doga\u0111aji\"],\"inLanguage\":\"bs-BA\"},{\"@type\":\"WebPage\",\"@id\":\"https:\/\/tuzlainfo.ba\/index.php\/najava-dogadaja-2\/item\/301539-sutra-u-tuzli-premijera-predstave-za-djecu-drugacije-pace\/\",\"url\":\"https:\/\/tuzlainfo.ba\/index.php\/najava-dogadaja-2\/item\/301539-sutra-u-tuzli-premijera-predstave-za-djecu-drugacije-pace\/\",\"name\":\"Sutra u Tuzli premijera predstave za djecu \u201eDruga\u010dije pa\u010de\u201c - TuzlaInfo.ba\",\"isPartOf\":{\"@id\":\"https:\/\/tuzlainfo.ba\/#website\"},\"primaryImageOfPage\":{\"@id\":\"https:\/\/tuzlainfo.ba\/index.php\/najava-dogadaja-2\/item\/301539-sutra-u-tuzli-premijera-predstave-za-djecu-drugacije-pace\/#primaryimage\"},\"image\":{\"@id\":\"https:\/\/tuzlainfo.ba\/index.php\/najava-dogadaja-2\/item\/301539-sutra-u-tuzli-premijera-predstave-za-djecu-drugacije-pace\/#primaryimage\"},\"thumbnailUrl\":\"https:\/\/tuzlainfo.ba\/wp-content\/uploads\/2026\/04\/DRUGACIJE-PACE-Plakat-za-drustvene-mreze.jpg\",\"datePublished\":\"2026-04-29T10:09:00+00:00\",\"dateModified\":\"2026-04-29T07:17:07+00:00\",\"breadcrumb\":{\"@id\":\"https:\/\/tuzlainfo.ba\/index.php\/najava-dogadaja-2\/item\/301539-sutra-u-tuzli-premijera-predstave-za-djecu-drugacije-pace\/#breadcrumb\"},\"inLanguage\":\"bs-BA\",\"potentialAction\":[{\"@type\":\"ReadAction\",\"target\":[\"https:\/\/tuzlainfo.ba\/index.php\/najava-dogadaja-2\/item\/301539-sutra-u-tuzli-premijera-predstave-za-djecu-drugacije-pace\/\"]}]},{\"@type\":\"ImageObject\",\"inLanguage\":\"bs-BA\",\"@id\":\"https:\/\/tuzlainfo.ba\/index.php\/najava-dogadaja-2\/item\/301539-sutra-u-tuzli-premijera-predstave-za-djecu-drugacije-pace\/#primaryimage\",\"url\":\"https:\/\/tuzlainfo.ba\/wp-content\/uploads\/2026\/04\/DRUGACIJE-PACE-Plakat-za-drustvene-mreze.jpg\",\"contentUrl\":\"https:\/\/tuzlainfo.ba\/wp-content\/uploads\/2026\/04\/DRUGACIJE-PACE-Plakat-za-drustvene-mreze.jpg\",\"width\":1536,\"height\":1161},{\"@type\":\"BreadcrumbList\",\"@id\":\"https:\/\/tuzlainfo.ba\/index.php\/najava-dogadaja-2\/item\/301539-sutra-u-tuzli-premijera-predstave-za-djecu-drugacije-pace\/#breadcrumb\",\"itemListElement\":[{\"@type\":\"ListItem\",\"position\":1,\"name\":\"Home\",\"item\":\"https:\/\/tuzlainfo.ba\/\"},{\"@type\":\"ListItem\",\"position\":2,\"name\":\"Sutra u Tuzli premijera predstave za djecu \u201eDruga\u010dije pa\u010de\u201c\"}]},{\"@type\":\"WebSite\",\"@id\":\"https:\/\/tuzlainfo.ba\/#website\",\"url\":\"https:\/\/tuzlainfo.ba\/\",\"name\":\"TuzlaInfo.ba\",\"description\":\"Tuzla info, gradski informator - Tuzla na dlanu\",\"publisher\":{\"@id\":\"https:\/\/tuzlainfo.ba\/#organization\"},\"potentialAction\":[{\"@type\":\"SearchAction\",\"target\":{\"@type\":\"EntryPoint\",\"urlTemplate\":\"https:\/\/tuzlainfo.ba\/?s={search_term_string}\"},\"query-input\":{\"@type\":\"PropertyValueSpecification\",\"valueRequired\":true,\"valueName\":\"search_term_string\"}}],\"inLanguage\":\"bs-BA\"},{\"@type\":\"Organization\",\"@id\":\"https:\/\/tuzlainfo.ba\/#organization\",\"name\":\"TuzlaInfo.ba\",\"url\":\"https:\/\/tuzlainfo.ba\/\",\"logo\":{\"@type\":\"ImageObject\",\"inLanguage\":\"bs-BA\",\"@id\":\"https:\/\/tuzlainfo.ba\/#\/schema\/logo\/image\/\",\"url\":\"https:\/\/tuzlainfo.ba\/wp-content\/uploads\/2021\/03\/logo-ver-3-1.png\",\"contentUrl\":\"https:\/\/tuzlainfo.ba\/wp-content\/uploads\/2021\/03\/logo-ver-3-1.png\",\"width\":350,\"height\":95,\"caption\":\"TuzlaInfo.ba\"},\"image\":{\"@id\":\"https:\/\/tuzlainfo.ba\/#\/schema\/logo\/image\/\"},\"sameAs\":[\"https:\/\/www.facebook.com\/tuzlainfo.ba\/\"]},{\"@type\":\"Person\",\"@id\":\"https:\/\/tuzlainfo.ba\/#\/schema\/person\/46cad4c57790cbc50781edd14870825a\",\"name\":\"Tuzla Info\",\"image\":{\"@type\":\"ImageObject\",\"inLanguage\":\"bs-BA\",\"@id\":\"https:\/\/tuzlainfo.ba\/#\/schema\/person\/image\/\",\"url\":\"https:\/\/tuzlainfo.ba\/wp-content\/litespeed\/avatar\/b6c453a6c38e3654f2e4416c643fc25c.jpg?ver=1777051911\",\"contentUrl\":\"https:\/\/tuzlainfo.ba\/wp-content\/litespeed\/avatar\/b6c453a6c38e3654f2e4416c643fc25c.jpg?ver=1777051911\",\"caption\":\"Tuzla Info\"}}]}<\/script>\n<!-- \/ Yoast SEO plugin. -->","yoast_head_json":{"title":"Sutra u Tuzli premijera predstave za djecu \u201eDruga\u010dije pa\u010de\u201c - TuzlaInfo.ba","robots":{"index":"index","follow":"follow","max-snippet":"max-snippet:-1","max-image-preview":"max-image-preview:large","max-video-preview":"max-video-preview:-1"},"canonical":"https:\/\/tuzlainfo.ba\/index.php\/najava-dogadaja-2\/item\/301539-sutra-u-tuzli-premijera-predstave-za-djecu-drugacije-pace\/","og_locale":"bs_BA","og_type":"article","og_title":"Sutra u Tuzli premijera predstave za djecu \u201eDruga\u010dije pa\u010de\u201c - TuzlaInfo.ba","og_description":"Za \u010detvrtak, 30.4.2026. godine s po\u010detkom u 17.00 i 19.00 sati na sceni Bosanskog kulturnog&hellip;","og_url":"https:\/\/tuzlainfo.ba\/index.php\/najava-dogadaja-2\/item\/301539-sutra-u-tuzli-premijera-predstave-za-djecu-drugacije-pace\/","og_site_name":"TuzlaInfo.ba","article_publisher":"https:\/\/www.facebook.com\/tuzlainfo.ba\/","article_published_time":"2026-04-29T10:09:00+00:00","article_modified_time":"2026-04-29T07:17:07+00:00","og_image":[{"width":1536,"height":1161,"url":"https:\/\/tuzlainfo.ba\/wp-content\/uploads\/2026\/04\/DRUGACIJE-PACE-Plakat-za-drustvene-mreze.jpg","type":"image\/jpeg"}],"author":"Tuzla Info","twitter_card":"summary_large_image","twitter_misc":{"Written by":"Tuzla Info","Est. reading time":"2 minute"},"schema":{"@context":"https:\/\/schema.org","@graph":[{"@type":"Article","@id":"https:\/\/tuzlainfo.ba\/index.php\/najava-dogadaja-2\/item\/301539-sutra-u-tuzli-premijera-predstave-za-djecu-drugacije-pace\/#article","isPartOf":{"@id":"https:\/\/tuzlainfo.ba\/index.php\/najava-dogadaja-2\/item\/301539-sutra-u-tuzli-premijera-predstave-za-djecu-drugacije-pace\/"},"author":{"name":"Tuzla Info","@id":"https:\/\/tuzlainfo.ba\/#\/schema\/person\/46cad4c57790cbc50781edd14870825a"},"headline":"Sutra u Tuzli premijera predstave za djecu \u201eDruga\u010dije pa\u010de\u201c","datePublished":"2026-04-29T10:09:00+00:00","dateModified":"2026-04-29T07:17:07+00:00","mainEntityOfPage":{"@id":"https:\/\/tuzlainfo.ba\/index.php\/najava-dogadaja-2\/item\/301539-sutra-u-tuzli-premijera-predstave-za-djecu-drugacije-pace\/"},"wordCount":261,"publisher":{"@id":"https:\/\/tuzlainfo.ba\/#organization"},"image":{"@id":"https:\/\/tuzlainfo.ba\/index.php\/najava-dogadaja-2\/item\/301539-sutra-u-tuzli-premijera-predstave-za-djecu-drugacije-pace\/#primaryimage"},"thumbnailUrl":"https:\/\/tuzlainfo.ba\/wp-content\/uploads\/2026\/04\/DRUGACIJE-PACE-Plakat-za-drustvene-mreze.jpg","keywords":["pozori\u0161te mladih tuzle","predstava"],"articleSection":["Istaknuto","Najave i doga\u0111aji"],"inLanguage":"bs-BA"},{"@type":"WebPage","@id":"https:\/\/tuzlainfo.ba\/index.php\/najava-dogadaja-2\/item\/301539-sutra-u-tuzli-premijera-predstave-za-djecu-drugacije-pace\/","url":"https:\/\/tuzlainfo.ba\/index.php\/najava-dogadaja-2\/item\/301539-sutra-u-tuzli-premijera-predstave-za-djecu-drugacije-pace\/","name":"Sutra u Tuzli premijera predstave za djecu \u201eDruga\u010dije pa\u010de\u201c - TuzlaInfo.ba","isPartOf":{"@id":"https:\/\/tuzlainfo.ba\/#website"},"primaryImageOfPage":{"@id":"https:\/\/tuzlainfo.ba\/index.php\/najava-dogadaja-2\/item\/301539-sutra-u-tuzli-premijera-predstave-za-djecu-drugacije-pace\/#primaryimage"},"image":{"@id":"https:\/\/tuzlainfo.ba\/index.php\/najava-dogadaja-2\/item\/301539-sutra-u-tuzli-premijera-predstave-za-djecu-drugacije-pace\/#primaryimage"},"thumbnailUrl":"https:\/\/tuzlainfo.ba\/wp-content\/uploads\/2026\/04\/DRUGACIJE-PACE-Plakat-za-drustvene-mreze.jpg","datePublished":"2026-04-29T10:09:00+00:00","dateModified":"2026-04-29T07:17:07+00:00","breadcrumb":{"@id":"https:\/\/tuzlainfo.ba\/index.php\/najava-dogadaja-2\/item\/301539-sutra-u-tuzli-premijera-predstave-za-djecu-drugacije-pace\/#breadcrumb"},"inLanguage":"bs-BA","potentialAction":[{"@type":"ReadAction","target":["https:\/\/tuzlainfo.ba\/index.php\/najava-dogadaja-2\/item\/301539-sutra-u-tuzli-premijera-predstave-za-djecu-drugacije-pace\/"]}]},{"@type":"ImageObject","inLanguage":"bs-BA","@id":"https:\/\/tuzlainfo.ba\/index.php\/najava-dogadaja-2\/item\/301539-sutra-u-tuzli-premijera-predstave-za-djecu-drugacije-pace\/#primaryimage","url":"https:\/\/tuzlainfo.ba\/wp-content\/uploads\/2026\/04\/DRUGACIJE-PACE-Plakat-za-drustvene-mreze.jpg","contentUrl":"https:\/\/tuzlainfo.ba\/wp-content\/uploads\/2026\/04\/DRUGACIJE-PACE-Plakat-za-drustvene-mreze.jpg","width":1536,"height":1161},{"@type":"BreadcrumbList","@id":"https:\/\/tuzlainfo.ba\/index.php\/najava-dogadaja-2\/item\/301539-sutra-u-tuzli-premijera-predstave-za-djecu-drugacije-pace\/#breadcrumb","itemListElement":[{"@type":"ListItem","position":1,"name":"Home","item":"https:\/\/tuzlainfo.ba\/"},{"@type":"ListItem","position":2,"name":"Sutra u Tuzli premijera predstave za djecu \u201eDruga\u010dije pa\u010de\u201c"}]},{"@type":"WebSite","@id":"https:\/\/tuzlainfo.ba\/#website","url":"https:\/\/tuzlainfo.ba\/","name":"TuzlaInfo.ba","description":"Tuzla info, gradski informator - Tuzla na dlanu","publisher":{"@id":"https:\/\/tuzlainfo.ba\/#organization"},"potentialAction":[{"@type":"SearchAction","target":{"@type":"EntryPoint","urlTemplate":"https:\/\/tuzlainfo.ba\/?s={search_term_string}"},"query-input":{"@type":"PropertyValueSpecification","valueRequired":true,"valueName":"search_term_string"}}],"inLanguage":"bs-BA"},{"@type":"Organization","@id":"https:\/\/tuzlainfo.ba\/#organization","name":"TuzlaInfo.ba","url":"https:\/\/tuzlainfo.ba\/","logo":{"@type":"ImageObject","inLanguage":"bs-BA","@id":"https:\/\/tuzlainfo.ba\/#\/schema\/logo\/image\/","url":"https:\/\/tuzlainfo.ba\/wp-content\/uploads\/2021\/03\/logo-ver-3-1.png","contentUrl":"https:\/\/tuzlainfo.ba\/wp-content\/uploads\/2021\/03\/logo-ver-3-1.png","width":350,"height":95,"caption":"TuzlaInfo.ba"},"image":{"@id":"https:\/\/tuzlainfo.ba\/#\/schema\/logo\/image\/"},"sameAs":["https:\/\/www.facebook.com\/tuzlainfo.ba\/"]},{"@type":"Person","@id":"https:\/\/tuzlainfo.ba\/#\/schema\/person\/46cad4c57790cbc50781edd14870825a","name":"Tuzla Info","image":{"@type":"ImageObject","inLanguage":"bs-BA","@id":"https:\/\/tuzlainfo.ba\/#\/schema\/person\/image\/","url":"https:\/\/tuzlainfo.ba\/wp-content\/litespeed\/avatar\/b6c453a6c38e3654f2e4416c643fc25c.jpg?ver=1777051911","contentUrl":"https:\/\/tuzlainfo.ba\/wp-content\/litespeed\/avatar\/b6c453a6c38e3654f2e4416c643fc25c.jpg?ver=1777051911","caption":"Tuzla Info"}}]}},"_links":{"self":[{"href":"https:\/\/tuzlainfo.ba\/index.php\/wp-json\/wp\/v2\/posts\/301539"}],"collection":[{"href":"https:\/\/tuzlainfo.ba\/index.php\/wp-json\/wp\/v2\/posts"}],"about":[{"href":"https:\/\/tuzlainfo.ba\/index.php\/wp-json\/wp\/v2\/types\/post"}],"author":[{"embeddable":true,"href":"https:\/\/tuzlainfo.ba\/index.php\/wp-json\/wp\/v2\/users\/4"}],"replies":[{"embeddable":true,"href":"https:\/\/tuzlainfo.ba\/index.php\/wp-json\/wp\/v2\/comments?post=301539"}],"version-history":[{"count":1,"href":"https:\/\/tuzlainfo.ba\/index.php\/wp-json\/wp\/v2\/posts\/301539\/revisions"}],"predecessor-version":[{"id":301541,"href":"https:\/\/tuzlainfo.ba\/index.php\/wp-json\/wp\/v2\/posts\/301539\/revisions\/301541"}],"wp:featuredmedia":[{"embeddable":true,"href":"https:\/\/tuzlainfo.ba\/index.php\/wp-json\/wp\/v2\/media\/301540"}],"wp:attachment":[{"href":"https:\/\/tuzlainfo.ba\/index.php\/wp-json\/wp\/v2\/media?parent=301539"}],"wp:term":[{"taxonomy":"category","embeddable":true,"href":"https:\/\/tuzlainfo.ba\/index.php\/wp-json\/wp\/v2\/categories?post=301539"},{"taxonomy":"post_tag","embeddable":true,"href":"https:\/\/tuzlainfo.ba\/index.php\/wp-json\/wp\/v2\/tags?post=301539"}],"curies":[{"name":"wp","href":"https:\/\/api.w.org\/{rel}","templated":true}]}}